{"id":34884,"date":"2021-06-22T14:27:33","date_gmt":"2021-06-22T13:27:33","guid":{"rendered":"https:\/\/radioljubuski.ba\/?p=34884"},"modified":"2021-06-22T14:27:35","modified_gmt":"2021-06-22T13:27:35","slug":"vlada-f-bih-razmotriti-mogucnost-prekida-rada-na-otvorenom-od-12-do-16-sati","status":"publish","type":"post","link":"https:\/\/radioljubuski.ba\/index.php\/2021\/06\/22\/vlada-f-bih-razmotriti-mogucnost-prekida-rada-na-otvorenom-od-12-do-16-sati\/","title":{"rendered":"Vlada F BiH: Razmotriti mogu\u0107nost prekida rada na otvorenom od 12 do 16 sati"},"content":{"rendered":"\n<p>Federalno ministarstvo rada i socijalne politike je, u skladu sa Zakonom o za\u0161titi na radu, dalo poslodavcima preporuke da usljed vremenskih neprilika izazvanih visokim temperaturama na teritoriji Federacije BiH provedu posebne mjere za\u0161tite kojima \u0107e sprije\u010diti nastupanje \u0161tetnih posljedica po zdravlje radnika.<\/p>\n\n\n\n<p>Jedna od preporuka poslodavcima je da razmotre mogu\u0107nost prekida obavljanja poslova na otvorenom u periodu od 12 do 16 sati, te njihovog nastavka poslije 16 sati. Ukoliko je proces rada takav da to nije mogu\u0107e primijeniti, Federalno ministarstvo preporu\u010duje poslodavcima da radnicima koji obavljaju poslove na otvorenom po\u010detak radnog vremena pomjere na \u0161est sati ujutro.<\/p>\n\n\n\n<p>Tako\u0111er, preporuka poslodavcima je da za vrijeme trajanja ovih vremenskih neprilika omogu\u0107e kori\u0161tenje godi\u0161njeg odmora radnicima s dijagnosticiranim kroni\u010dnim oboljenjima, kao i odsustava u skladu sa zakonom, kolektivnim ugovorom ili pravilnikom o radu.<\/p>\n\n\n\n<p>Poslodavcima je preporu\u010deno i da izvr\u0161e organizaciju radnog vremena, te utvrde raspored tako da njegov po\u010detak prilagode vremenskim prilikama.<\/p>\n\n\n\n<p>Osim toga, poslodavci bi trebali omogu\u0107iti adekvatnije odijevanje radnika u ustanovama, poduze\u0107ima, kao i organima vlasti, te drugim pravnim osobama, kao i adekvatno odijevanje na slu\u017ebenim doga\u0111ajima (sjednice parlamenta, vlade i sli\u010dno), prilago\u0111eno visokim temperaturama, priop\u0107eno je iz Federalnog ministarstva rada i socijalne politike, prenosi Ured Vlade FBiH za odnose s javno\u0161\u0107u.<\/p>\n\n\n\n<p>Izvor:pogled.ba<\/p>\n","protected":false},"excerpt":{"rendered":"<p>Federalno ministarstvo rada i socijalne politike je, u skladu sa Zakonom o za\u0161titi na radu, dalo poslodavcima preporuke da usljed vremenskih neprilika izazvanih visokim temperaturama na teritoriji Federacije BiH provedu posebne mjere za\u0161tite kojima \u0107e sprije\u010diti nastupanje \u0161tetnih posljedica po zdravlje radnika. Jedna od preporuka poslodavcima je da razmotre mogu\u0107nost prekida obavljanja poslova na otvorenom [&hellip;]<\/p>\n","protected":false},"author":2,"featured_media":34885,"comment_status":"closed","ping_status":"closed","sticky":false,"template":"","format":"standard","meta":{"h5ap_radio_sources":[],"footnotes":""},"categories":[1],"tags":[],"class_list":["post-34884","post","type-post","status-publish","format-standard","has-post-thumbnail","hentry","category-bihiregija"],"yoast_head":"<!-- This site is optimized with the Yoast SEO plugin v27.5 - https:\/\/yoast.com\/product\/yoast-seo-wordpress\/ -->\n<title>Vlada F BiH: Razmotriti mogu\u0107nost prekida rada na otvorenom od 12 do 16 sati - RADIO LJUBU\u0160KI<\/title>\n<meta name=\"robots\" content=\"index, follow, max-snippet:-1, max-image-preview:large, max-video-preview:-1\" \/>\n<link rel=\"canonical\" href=\"https:\/\/radioljubuski.ba\/index.php\/2021\/06\/22\/vlada-f-bih-razmotriti-mogucnost-prekida-rada-na-otvorenom-od-12-do-16-sati\/\" \/>\n<meta property=\"og:locale\" content=\"hr_HR\" \/>\n<meta property=\"og:type\" content=\"article\" \/>\n<meta property=\"og:title\" content=\"Vlada F BiH: Razmotriti mogu\u0107nost prekida rada na otvorenom od 12 do 16 sati - RADIO LJUBU\u0160KI\" \/>\n<meta property=\"og:description\" content=\"Federalno ministarstvo rada i socijalne politike je, u skladu sa Zakonom o za\u0161titi na radu, dalo poslodavcima preporuke da usljed vremenskih neprilika izazvanih visokim temperaturama na teritoriji Federacije BiH provedu posebne mjere za\u0161tite kojima \u0107e sprije\u010diti nastupanje \u0161tetnih posljedica po zdravlje radnika. Jedna od preporuka poslodavcima je da razmotre mogu\u0107nost prekida obavljanja poslova na otvorenom [&hellip;]\" \/>\n<meta property=\"og:url\" content=\"https:\/\/radioljubuski.ba\/index.php\/2021\/06\/22\/vlada-f-bih-razmotriti-mogucnost-prekida-rada-na-otvorenom-od-12-do-16-sati\/\" \/>\n<meta property=\"og:site_name\" content=\"RADIO LJUBU\u0160KI\" \/>\n<meta property=\"article:publisher\" content=\"https:\/\/www.facebook.com\/Radiio-Ljubuski-1490835324566332\" \/>\n<meta property=\"article:published_time\" content=\"2021-06-22T13:27:33+00:00\" \/>\n<meta property=\"article:modified_time\" content=\"2021-06-22T13:27:35+00:00\" \/>\n<meta property=\"og:image\" content=\"https:\/\/radioljubuski.ba\/wp-content\/uploads\/2021\/06\/Nfjz9aw3_baustela_810x540.jpg\" \/>\n\t<meta property=\"og:image:width\" content=\"1000\" \/>\n\t<meta property=\"og:image:height\" content=\"625\" \/>\n\t<meta property=\"og:image:type\" content=\"image\/jpeg\" \/>\n<meta name=\"author\" content=\"Radio Ljubu\u0161ki\" \/>\n<meta name=\"twitter:card\" content=\"summary_large_image\" \/>\n<meta name=\"twitter:creator\" content=\"@radioljubuski\" \/>\n<meta name=\"twitter:site\" content=\"@radioljubuski\" \/>\n<meta name=\"twitter:label1\" content=\"Napisao\/la\" \/>\n\t<meta name=\"twitter:data1\" content=\"Radio Ljubu\u0161ki\" \/>\n\t<meta name=\"twitter:label2\" content=\"Procijenjeno vrijeme \u010ditanja\" \/>\n\t<meta name=\"twitter:data2\" content=\"1 minuta\" \/>\n<script type=\"application\/ld+json\" class=\"yoast-schema-graph\">{\"@context\":\"https:\\\/\\\/schema.org\",\"@graph\":[{\"@type\":\"Article\",\"@id\":\"https:\\\/\\\/radioljubuski.ba\\\/index.php\\\/2021\\\/06\\\/22\\\/vlada-f-bih-razmotriti-mogucnost-prekida-rada-na-otvorenom-od-12-do-16-sati\\\/#article\",\"isPartOf\":{\"@id\":\"https:\\\/\\\/radioljubuski.ba\\\/index.php\\\/2021\\\/06\\\/22\\\/vlada-f-bih-razmotriti-mogucnost-prekida-rada-na-otvorenom-od-12-do-16-sati\\\/\"},\"author\":{\"name\":\"Radio Ljubu\u0161ki\",\"@id\":\"https:\\\/\\\/radioljubuski.ba\\\/#\\\/schema\\\/person\\\/19fc700381a780f69665d7956c469e3b\"},\"headline\":\"Vlada F BiH: Razmotriti mogu\u0107nost prekida rada na otvorenom od 12 do 16 sati\",\"datePublished\":\"2021-06-22T13:27:33+00:00\",\"dateModified\":\"2021-06-22T13:27:35+00:00\",\"mainEntityOfPage\":{\"@id\":\"https:\\\/\\\/radioljubuski.ba\\\/index.php\\\/2021\\\/06\\\/22\\\/vlada-f-bih-razmotriti-mogucnost-prekida-rada-na-otvorenom-od-12-do-16-sati\\\/\"},\"wordCount\":237,\"publisher\":{\"@id\":\"https:\\\/\\\/radioljubuski.ba\\\/#organization\"},\"image\":{\"@id\":\"https:\\\/\\\/radioljubuski.ba\\\/index.php\\\/2021\\\/06\\\/22\\\/vlada-f-bih-razmotriti-mogucnost-prekida-rada-na-otvorenom-od-12-do-16-sati\\\/#primaryimage\"},\"thumbnailUrl\":\"https:\\\/\\\/radioljubuski.ba\\\/wp-content\\\/uploads\\\/2021\\\/06\\\/Nfjz9aw3_baustela_810x540.jpg\",\"articleSection\":[\"BIH i regija\"],\"inLanguage\":\"hr\"},{\"@type\":\"WebPage\",\"@id\":\"https:\\\/\\\/radioljubuski.ba\\\/index.php\\\/2021\\\/06\\\/22\\\/vlada-f-bih-razmotriti-mogucnost-prekida-rada-na-otvorenom-od-12-do-16-sati\\\/\",\"url\":\"https:\\\/\\\/radioljubuski.ba\\\/index.php\\\/2021\\\/06\\\/22\\\/vlada-f-bih-razmotriti-mogucnost-prekida-rada-na-otvorenom-od-12-do-16-sati\\\/\",\"name\":\"Vlada F BiH: Razmotriti mogu\u0107nost prekida rada na otvorenom od 12 do 16 sati - RADIO LJUBU\u0160KI\",\"isPartOf\":{\"@id\":\"https:\\\/\\\/radioljubuski.ba\\\/#website\"},\"primaryImageOfPage\":{\"@id\":\"https:\\\/\\\/radioljubuski.ba\\\/index.php\\\/2021\\\/06\\\/22\\\/vlada-f-bih-razmotriti-mogucnost-prekida-rada-na-otvorenom-od-12-do-16-sati\\\/#primaryimage\"},\"image\":{\"@id\":\"https:\\\/\\\/radioljubuski.ba\\\/index.php\\\/2021\\\/06\\\/22\\\/vlada-f-bih-razmotriti-mogucnost-prekida-rada-na-otvorenom-od-12-do-16-sati\\\/#primaryimage\"},\"thumbnailUrl\":\"https:\\\/\\\/radioljubuski.ba\\\/wp-content\\\/uploads\\\/2021\\\/06\\\/Nfjz9aw3_baustela_810x540.jpg\",\"datePublished\":\"2021-06-22T13:27:33+00:00\",\"dateModified\":\"2021-06-22T13:27:35+00:00\",\"breadcrumb\":{\"@id\":\"https:\\\/\\\/radioljubuski.ba\\\/index.php\\\/2021\\\/06\\\/22\\\/vlada-f-bih-razmotriti-mogucnost-prekida-rada-na-otvorenom-od-12-do-16-sati\\\/#breadcrumb\"},\"inLanguage\":\"hr\",\"potentialAction\":[{\"@type\":\"ReadAction\",\"target\":[\"https:\\\/\\\/radioljubuski.ba\\\/index.php\\\/2021\\\/06\\\/22\\\/vlada-f-bih-razmotriti-mogucnost-prekida-rada-na-otvorenom-od-12-do-16-sati\\\/\"]}]},{\"@type\":\"ImageObject\",\"inLanguage\":\"hr\",\"@id\":\"https:\\\/\\\/radioljubuski.ba\\\/index.php\\\/2021\\\/06\\\/22\\\/vlada-f-bih-razmotriti-mogucnost-prekida-rada-na-otvorenom-od-12-do-16-sati\\\/#primaryimage\",\"url\":\"https:\\\/\\\/radioljubuski.ba\\\/wp-content\\\/uploads\\\/2021\\\/06\\\/Nfjz9aw3_baustela_810x540.jpg\",\"contentUrl\":\"https:\\\/\\\/radioljubuski.ba\\\/wp-content\\\/uploads\\\/2021\\\/06\\\/Nfjz9aw3_baustela_810x540.jpg\",\"width\":1000,\"height\":625},{\"@type\":\"BreadcrumbList\",\"@id\":\"https:\\\/\\\/radioljubuski.ba\\\/index.php\\\/2021\\\/06\\\/22\\\/vlada-f-bih-razmotriti-mogucnost-prekida-rada-na-otvorenom-od-12-do-16-sati\\\/#breadcrumb\",\"itemListElement\":[{\"@type\":\"ListItem\",\"position\":1,\"name\":\"Po\u010detna stranica\",\"item\":\"https:\\\/\\\/radioljubuski.ba\\\/\"},{\"@type\":\"ListItem\",\"position\":2,\"name\":\"Vlada F BiH: Razmotriti mogu\u0107nost prekida rada na otvorenom od 12 do 16 sati\"}]},{\"@type\":\"WebSite\",\"@id\":\"https:\\\/\\\/radioljubuski.ba\\\/#website\",\"url\":\"https:\\\/\\\/radioljubuski.ba\\\/\",\"name\":\"Radio Ljubu\u0161ki\",\"description\":\"Sun\u010dana frekvencija Hercegovine\",\"publisher\":{\"@id\":\"https:\\\/\\\/radioljubuski.ba\\\/#organization\"},\"potentialAction\":[{\"@type\":\"SearchAction\",\"target\":{\"@type\":\"EntryPoint\",\"urlTemplate\":\"https:\\\/\\\/radioljubuski.ba\\\/?s={search_term_string}\"},\"query-input\":{\"@type\":\"PropertyValueSpecification\",\"valueRequired\":true,\"valueName\":\"search_term_string\"}}],\"inLanguage\":\"hr\"},{\"@type\":\"Organization\",\"@id\":\"https:\\\/\\\/radioljubuski.ba\\\/#organization\",\"name\":\"Radio Ljubu\u0161ki\",\"url\":\"https:\\\/\\\/radioljubuski.ba\\\/\",\"logo\":{\"@type\":\"ImageObject\",\"inLanguage\":\"hr\",\"@id\":\"https:\\\/\\\/radioljubuski.ba\\\/#\\\/schema\\\/logo\\\/image\\\/\",\"url\":\"https:\\\/\\\/radioljubuski.ba\\\/wp-content\\\/uploads\\\/2021\\\/02\\\/cropped-Radio_Ljubuski_logo1.jpg\",\"contentUrl\":\"https:\\\/\\\/radioljubuski.ba\\\/wp-content\\\/uploads\\\/2021\\\/02\\\/cropped-Radio_Ljubuski_logo1.jpg\",\"width\":512,\"height\":512,\"caption\":\"Radio Ljubu\u0161ki\"},\"image\":{\"@id\":\"https:\\\/\\\/radioljubuski.ba\\\/#\\\/schema\\\/logo\\\/image\\\/\"},\"sameAs\":[\"https:\\\/\\\/www.facebook.com\\\/Radiio-Ljubuski-1490835324566332\",\"https:\\\/\\\/x.com\\\/radioljubuski\",\"https:\\\/\\\/hr.linkedin.com\\\/company\\\/radio-ljubuski\",\"https:\\\/\\\/www.youtube.com\\\/channel\\\/UCHYaeO_n0Db3tjNGudGpXyw\"]},{\"@type\":\"Person\",\"@id\":\"https:\\\/\\\/radioljubuski.ba\\\/#\\\/schema\\\/person\\\/19fc700381a780f69665d7956c469e3b\",\"name\":\"Radio Ljubu\u0161ki\"}]}<\/script>\n<!-- \/ Yoast SEO plugin. -->","yoast_head_json":{"title":"Vlada F BiH: Razmotriti mogu\u0107nost prekida rada na otvorenom od 12 do 16 sati - RADIO LJUBU\u0160KI","robots":{"index":"index","follow":"follow","max-snippet":"max-snippet:-1","max-image-preview":"max-image-preview:large","max-video-preview":"max-video-preview:-1"},"canonical":"https:\/\/radioljubuski.ba\/index.php\/2021\/06\/22\/vlada-f-bih-razmotriti-mogucnost-prekida-rada-na-otvorenom-od-12-do-16-sati\/","og_locale":"hr_HR","og_type":"article","og_title":"Vlada F BiH: Razmotriti mogu\u0107nost prekida rada na otvorenom od 12 do 16 sati - RADIO LJUBU\u0160KI","og_description":"Federalno ministarstvo rada i socijalne politike je, u skladu sa Zakonom o za\u0161titi na radu, dalo poslodavcima preporuke da usljed vremenskih neprilika izazvanih visokim temperaturama na teritoriji Federacije BiH provedu posebne mjere za\u0161tite kojima \u0107e sprije\u010diti nastupanje \u0161tetnih posljedica po zdravlje radnika. Jedna od preporuka poslodavcima je da razmotre mogu\u0107nost prekida obavljanja poslova na otvorenom [&hellip;]","og_url":"https:\/\/radioljubuski.ba\/index.php\/2021\/06\/22\/vlada-f-bih-razmotriti-mogucnost-prekida-rada-na-otvorenom-od-12-do-16-sati\/","og_site_name":"RADIO LJUBU\u0160KI","article_publisher":"https:\/\/www.facebook.com\/Radiio-Ljubuski-1490835324566332","article_published_time":"2021-06-22T13:27:33+00:00","article_modified_time":"2021-06-22T13:27:35+00:00","og_image":[{"width":1000,"height":625,"url":"https:\/\/radioljubuski.ba\/wp-content\/uploads\/2021\/06\/Nfjz9aw3_baustela_810x540.jpg","type":"image\/jpeg"}],"author":"Radio Ljubu\u0161ki","twitter_card":"summary_large_image","twitter_creator":"@radioljubuski","twitter_site":"@radioljubuski","twitter_misc":{"Napisao\/la":"Radio Ljubu\u0161ki","Procijenjeno vrijeme \u010ditanja":"1 minuta"},"schema":{"@context":"https:\/\/schema.org","@graph":[{"@type":"Article","@id":"https:\/\/radioljubuski.ba\/index.php\/2021\/06\/22\/vlada-f-bih-razmotriti-mogucnost-prekida-rada-na-otvorenom-od-12-do-16-sati\/#article","isPartOf":{"@id":"https:\/\/radioljubuski.ba\/index.php\/2021\/06\/22\/vlada-f-bih-razmotriti-mogucnost-prekida-rada-na-otvorenom-od-12-do-16-sati\/"},"author":{"name":"Radio Ljubu\u0161ki","@id":"https:\/\/radioljubuski.ba\/#\/schema\/person\/19fc700381a780f69665d7956c469e3b"},"headline":"Vlada F BiH: Razmotriti mogu\u0107nost prekida rada na otvorenom od 12 do 16 sati","datePublished":"2021-06-22T13:27:33+00:00","dateModified":"2021-06-22T13:27:35+00:00","mainEntityOfPage":{"@id":"https:\/\/radioljubuski.ba\/index.php\/2021\/06\/22\/vlada-f-bih-razmotriti-mogucnost-prekida-rada-na-otvorenom-od-12-do-16-sati\/"},"wordCount":237,"publisher":{"@id":"https:\/\/radioljubuski.ba\/#organization"},"image":{"@id":"https:\/\/radioljubuski.ba\/index.php\/2021\/06\/22\/vlada-f-bih-razmotriti-mogucnost-prekida-rada-na-otvorenom-od-12-do-16-sati\/#primaryimage"},"thumbnailUrl":"https:\/\/radioljubuski.ba\/wp-content\/uploads\/2021\/06\/Nfjz9aw3_baustela_810x540.jpg","articleSection":["BIH i regija"],"inLanguage":"hr"},{"@type":"WebPage","@id":"https:\/\/radioljubuski.ba\/index.php\/2021\/06\/22\/vlada-f-bih-razmotriti-mogucnost-prekida-rada-na-otvorenom-od-12-do-16-sati\/","url":"https:\/\/radioljubuski.ba\/index.php\/2021\/06\/22\/vlada-f-bih-razmotriti-mogucnost-prekida-rada-na-otvorenom-od-12-do-16-sati\/","name":"Vlada F BiH: Razmotriti mogu\u0107nost prekida rada na otvorenom od 12 do 16 sati - RADIO LJUBU\u0160KI","isPartOf":{"@id":"https:\/\/radioljubuski.ba\/#website"},"primaryImageOfPage":{"@id":"https:\/\/radioljubuski.ba\/index.php\/2021\/06\/22\/vlada-f-bih-razmotriti-mogucnost-prekida-rada-na-otvorenom-od-12-do-16-sati\/#primaryimage"},"image":{"@id":"https:\/\/radioljubuski.ba\/index.php\/2021\/06\/22\/vlada-f-bih-razmotriti-mogucnost-prekida-rada-na-otvorenom-od-12-do-16-sati\/#primaryimage"},"thumbnailUrl":"https:\/\/radioljubuski.ba\/wp-content\/uploads\/2021\/06\/Nfjz9aw3_baustela_810x540.jpg","datePublished":"2021-06-22T13:27:33+00:00","dateModified":"2021-06-22T13:27:35+00:00","breadcrumb":{"@id":"https:\/\/radioljubuski.ba\/index.php\/2021\/06\/22\/vlada-f-bih-razmotriti-mogucnost-prekida-rada-na-otvorenom-od-12-do-16-sati\/#breadcrumb"},"inLanguage":"hr","potentialAction":[{"@type":"ReadAction","target":["https:\/\/radioljubuski.ba\/index.php\/2021\/06\/22\/vlada-f-bih-razmotriti-mogucnost-prekida-rada-na-otvorenom-od-12-do-16-sati\/"]}]},{"@type":"ImageObject","inLanguage":"hr","@id":"https:\/\/radioljubuski.ba\/index.php\/2021\/06\/22\/vlada-f-bih-razmotriti-mogucnost-prekida-rada-na-otvorenom-od-12-do-16-sati\/#primaryimage","url":"https:\/\/radioljubuski.ba\/wp-content\/uploads\/2021\/06\/Nfjz9aw3_baustela_810x540.jpg","contentUrl":"https:\/\/radioljubuski.ba\/wp-content\/uploads\/2021\/06\/Nfjz9aw3_baustela_810x540.jpg","width":1000,"height":625},{"@type":"BreadcrumbList","@id":"https:\/\/radioljubuski.ba\/index.php\/2021\/06\/22\/vlada-f-bih-razmotriti-mogucnost-prekida-rada-na-otvorenom-od-12-do-16-sati\/#breadcrumb","itemListElement":[{"@type":"ListItem","position":1,"name":"Po\u010detna stranica","item":"https:\/\/radioljubuski.ba\/"},{"@type":"ListItem","position":2,"name":"Vlada F BiH: Razmotriti mogu\u0107nost prekida rada na otvorenom od 12 do 16 sati"}]},{"@type":"WebSite","@id":"https:\/\/radioljubuski.ba\/#website","url":"https:\/\/radioljubuski.ba\/","name":"Radio Ljubu\u0161ki","description":"Sun\u010dana frekvencija Hercegovine","publisher":{"@id":"https:\/\/radioljubuski.ba\/#organization"},"potentialAction":[{"@type":"SearchAction","target":{"@type":"EntryPoint","urlTemplate":"https:\/\/radioljubuski.ba\/?s={search_term_string}"},"query-input":{"@type":"PropertyValueSpecification","valueRequired":true,"valueName":"search_term_string"}}],"inLanguage":"hr"},{"@type":"Organization","@id":"https:\/\/radioljubuski.ba\/#organization","name":"Radio Ljubu\u0161ki","url":"https:\/\/radioljubuski.ba\/","logo":{"@type":"ImageObject","inLanguage":"hr","@id":"https:\/\/radioljubuski.ba\/#\/schema\/logo\/image\/","url":"https:\/\/radioljubuski.ba\/wp-content\/uploads\/2021\/02\/cropped-Radio_Ljubuski_logo1.jpg","contentUrl":"https:\/\/radioljubuski.ba\/wp-content\/uploads\/2021\/02\/cropped-Radio_Ljubuski_logo1.jpg","width":512,"height":512,"caption":"Radio Ljubu\u0161ki"},"image":{"@id":"https:\/\/radioljubuski.ba\/#\/schema\/logo\/image\/"},"sameAs":["https:\/\/www.facebook.com\/Radiio-Ljubuski-1490835324566332","https:\/\/x.com\/radioljubuski","https:\/\/hr.linkedin.com\/company\/radio-ljubuski","https:\/\/www.youtube.com\/channel\/UCHYaeO_n0Db3tjNGudGpXyw"]},{"@type":"Person","@id":"https:\/\/radioljubuski.ba\/#\/schema\/person\/19fc700381a780f69665d7956c469e3b","name":"Radio Ljubu\u0161ki"}]}},"_links":{"self":[{"href":"https:\/\/radioljubuski.ba\/index.php\/wp-json\/wp\/v2\/posts\/34884","targetHints":{"allow":["GET"]}}],"collection":[{"href":"https:\/\/radioljubuski.ba\/index.php\/wp-json\/wp\/v2\/posts"}],"about":[{"href":"https:\/\/radioljubuski.ba\/index.php\/wp-json\/wp\/v2\/types\/post"}],"author":[{"embeddable":true,"href":"https:\/\/radioljubuski.ba\/index.php\/wp-json\/wp\/v2\/users\/2"}],"replies":[{"embeddable":true,"href":"https:\/\/radioljubuski.ba\/index.php\/wp-json\/wp\/v2\/comments?post=34884"}],"version-history":[{"count":1,"href":"https:\/\/radioljubuski.ba\/index.php\/wp-json\/wp\/v2\/posts\/34884\/revisions"}],"predecessor-version":[{"id":34886,"href":"https:\/\/radioljubuski.ba\/index.php\/wp-json\/wp\/v2\/posts\/34884\/revisions\/34886"}],"wp:featuredmedia":[{"embeddable":true,"href":"https:\/\/radioljubuski.ba\/index.php\/wp-json\/wp\/v2\/media\/34885"}],"wp:attachment":[{"href":"https:\/\/radioljubuski.ba\/index.php\/wp-json\/wp\/v2\/media?parent=34884"}],"wp:term":[{"taxonomy":"category","embeddable":true,"href":"https:\/\/radioljubuski.ba\/index.php\/wp-json\/wp\/v2\/categories?post=34884"},{"taxonomy":"post_tag","embeddable":true,"href":"https:\/\/radioljubuski.ba\/index.php\/wp-json\/wp\/v2\/tags?post=34884"}],"curies":[{"name":"wp","href":"https:\/\/api.w.org\/{rel}","templated":true}]}}