{"id":34887,"date":"2021-06-22T14:37:52","date_gmt":"2021-06-22T13:37:52","guid":{"rendered":"https:\/\/radioljubuski.ba\/?p=34887"},"modified":"2021-06-22T14:37:54","modified_gmt":"2021-06-22T13:37:54","slug":"predstavljeno-7-izdanje-studentskog-fakultetskog-casopisa-agronomskog-i-prehrambeno-tehnoloskog-fakulteta-sveucilista-u-mostaru","status":"publish","type":"post","link":"https:\/\/radioljubuski.ba\/index.php\/2021\/06\/22\/predstavljeno-7-izdanje-studentskog-fakultetskog-casopisa-agronomskog-i-prehrambeno-tehnoloskog-fakulteta-sveucilista-u-mostaru\/","title":{"rendered":"Predstavljeno 7. izdanje studentskog fakultetskog \u010dasopisa Agronomskog i prehrambeno tehnolo\u0161kog fakulteta \u2013 Sveu\u010dili\u0161ta u Mostaru"},"content":{"rendered":"\n<p>Ju\u010der, 21.06.2021. godine u jednoj od prostorija Agronomskog i prehrambeno tehnolo\u0161kog fakulteta predstavljeno je sedmo izdanje studentskog fakultetskog \u010dasopisa, poznatijeg pod nazivom \u201cTrut(h)\u201d.<\/p>\n\n\n\n<p>Na predstavljanju \u010dasopisa osim studenta sudjelovali su i neki od profesora fakulteta. Zbog ispitnih rokova i cijele situacije s jo\u0161 spominjanom pandemijom sve je odr\u017eano u skromnijim uvjetima. Prisjetimo se \u010dasopis \u201cTrut(h), je prvi put izdan 2007. godine. Od tada do sada ovaj \u010dasopis ukupno ima 7 brojeva. Ove godine studentica II. godine diplomskog studija, smjera Bilinogojstvo, Marija Bagari\u0107 zajedno s predsjednikom Studentskog zbora APTF, Ivanom Muci\u0107em inicira pokretanje 7. broja studentskog fakultetskog \u010dasopisa. Od prijedloga do realizacije je pro\u0161lo nekoliko mjeseci, ali smatraju da za dobre stvari treba odre\u0111eno vrijeme. Do\u0161lo je do promjene cjelokupnog izgleda \u010dasopisa, \u201cTrut(h)\u201d se pojavio u novom \u201cruhu\u201d, \u2013 navode.<\/p>\n\n\n\n<p>Danas su uru\u010dene i zahvalnice svim \u010dlanovima uredni\u0161tva koje \u010dine uz studente i profesori fakulteta, zahvalnice su uru\u010dene i sponzorima.<\/p>\n\n\n\n<p>\u201cJako sam sretna i ponosna, ponosna na sebe, ali posebno na tim ljudi koji je radio sa mnom na ovom broju \u010dasopisa. Smatram kako smo napravili dobar posao. Opet, smatram kako nije na meni da procijenim koliko je ovo izdanje uspje\u0161no, stoga neka djela govore. Ovim putem se \u017eelim zahvaliti vodstvu na\u0161eg fakulteta, posebno prof. dr.sc. Ivanu Ostoji\u0107u, koji je sve na\u0161e ideje i vizije podr\u017eao, da nismo imali te potpore, danas ovoga ne bi bilo. Hvala Studentskom zboru Sveu\u010dili\u0161ta u Mostaru na \u010delu s Marijom Barun na financijskoj podr\u0161ci, kao i Mesnoj industriji \u0160i\u0161ovi\u0107. Hvala svima\u201d \u2013 poru\u010dila je Marija Bagari\u0107, glavna urednica \u010dasopisa \u201cTrut(h)\u201d<\/p>\n\n\n\n<p>\u201cOvo sedmo izdanje \u010dasopisa \u201cTrut(h) posve\u0107eno je svim pro\u0161lim, sada\u0161njim i budu\u0107im \u010dlanovima uredni\u0161tva, koji su ili koji \u0107e svojim radom ostaviti pisani trag u \u010dasopisu. Tako\u0111er se zahvaljujem svim sponzorima ovog projekta, kao i kolegama koji s dali doprinos u istom.\u201d<\/p>\n\n\n\n<p>Kako je sve danas izgledalo, tko su bili gosti, mo\u017eete pogledati u nastavku!<\/p>\n\n\n\n<figure class=\"wp-block-image\"><img decoding=\"async\" src=\"https:\/\/www.tomislavnews.com\/wp-content\/uploads\/2021\/06\/IMG-20210621-WA0093.jpg\" alt=\"\"\/><\/figure>\n\n\n\n<figure class=\"wp-block-image\"><img decoding=\"async\" src=\"https:\/\/www.tomislavnews.com\/wp-content\/uploads\/2021\/06\/IMG-20210621-WA0094.jpg\" alt=\"\"\/><\/figure>\n","protected":false},"excerpt":{"rendered":"<p>Ju\u010der, 21.06.2021. godine u jednoj od prostorija Agronomskog i prehrambeno tehnolo\u0161kog fakulteta predstavljeno je sedmo izdanje studentskog fakultetskog \u010dasopisa, poznatijeg pod nazivom \u201cTrut(h)\u201d. Na predstavljanju \u010dasopisa osim studenta sudjelovali su i neki od profesora fakulteta. Zbog ispitnih rokova i cijele situacije s jo\u0161 spominjanom pandemijom sve je odr\u017eano u skromnijim uvjetima. Prisjetimo se \u010dasopis \u201cTrut(h), [&hellip;]<\/p>\n","protected":false},"author":2,"featured_media":34888,"comment_status":"closed","ping_status":"closed","sticky":false,"template":"","format":"standard","meta":{"h5ap_radio_sources":[],"footnotes":""},"categories":[1],"tags":[],"class_list":["post-34887","post","type-post","status-publish","format-standard","has-post-thumbnail","hentry","category-bihiregija"],"yoast_head":"<!-- This site is optimized with the Yoast SEO plugin v27.5 - https:\/\/yoast.com\/product\/yoast-seo-wordpress\/ -->\n<title>Predstavljeno 7. izdanje studentskog fakultetskog \u010dasopisa Agronomskog i prehrambeno tehnolo\u0161kog fakulteta \u2013 Sveu\u010dili\u0161ta u Mostaru - RADIO LJUBU\u0160KI<\/title>\n<meta name=\"robots\" content=\"index, follow, max-snippet:-1, max-image-preview:large, max-video-preview:-1\" \/>\n<link rel=\"canonical\" href=\"https:\/\/radioljubuski.ba\/index.php\/2021\/06\/22\/predstavljeno-7-izdanje-studentskog-fakultetskog-casopisa-agronomskog-i-prehrambeno-tehnoloskog-fakulteta-sveucilista-u-mostaru\/\" \/>\n<meta property=\"og:locale\" content=\"hr_HR\" \/>\n<meta property=\"og:type\" content=\"article\" \/>\n<meta property=\"og:title\" content=\"Predstavljeno 7. izdanje studentskog fakultetskog \u010dasopisa Agronomskog i prehrambeno tehnolo\u0161kog fakulteta \u2013 Sveu\u010dili\u0161ta u Mostaru - RADIO LJUBU\u0160KI\" \/>\n<meta property=\"og:description\" content=\"Ju\u010der, 21.06.2021. godine u jednoj od prostorija Agronomskog i prehrambeno tehnolo\u0161kog fakulteta predstavljeno je sedmo izdanje studentskog fakultetskog \u010dasopisa, poznatijeg pod nazivom \u201cTrut(h)\u201d. Na predstavljanju \u010dasopisa osim studenta sudjelovali su i neki od profesora fakulteta. Zbog ispitnih rokova i cijele situacije s jo\u0161 spominjanom pandemijom sve je odr\u017eano u skromnijim uvjetima. Prisjetimo se \u010dasopis \u201cTrut(h), [&hellip;]\" \/>\n<meta property=\"og:url\" content=\"https:\/\/radioljubuski.ba\/index.php\/2021\/06\/22\/predstavljeno-7-izdanje-studentskog-fakultetskog-casopisa-agronomskog-i-prehrambeno-tehnoloskog-fakulteta-sveucilista-u-mostaru\/\" \/>\n<meta property=\"og:site_name\" content=\"RADIO LJUBU\u0160KI\" \/>\n<meta property=\"article:publisher\" content=\"https:\/\/www.facebook.com\/Radiio-Ljubuski-1490835324566332\" \/>\n<meta property=\"article:published_time\" content=\"2021-06-22T13:37:52+00:00\" \/>\n<meta property=\"article:modified_time\" content=\"2021-06-22T13:37:54+00:00\" \/>\n<meta property=\"og:image\" content=\"https:\/\/radioljubuski.ba\/wp-content\/uploads\/2021\/06\/casopis.jpg\" \/>\n\t<meta property=\"og:image:width\" content=\"750\" \/>\n\t<meta property=\"og:image:height\" content=\"460\" \/>\n\t<meta property=\"og:image:type\" content=\"image\/jpeg\" \/>\n<meta name=\"author\" content=\"Radio Ljubu\u0161ki\" \/>\n<meta name=\"twitter:card\" content=\"summary_large_image\" \/>\n<meta name=\"twitter:creator\" content=\"@radioljubuski\" \/>\n<meta name=\"twitter:site\" content=\"@radioljubuski\" \/>\n<meta name=\"twitter:label1\" content=\"Napisao\/la\" \/>\n\t<meta name=\"twitter:data1\" content=\"Radio Ljubu\u0161ki\" \/>\n\t<meta name=\"twitter:label2\" content=\"Procijenjeno vrijeme \u010ditanja\" \/>\n\t<meta name=\"twitter:data2\" content=\"2 minute\" \/>\n<script type=\"application\/ld+json\" class=\"yoast-schema-graph\">{\"@context\":\"https:\\\/\\\/schema.org\",\"@graph\":[{\"@type\":\"Article\",\"@id\":\"https:\\\/\\\/radioljubuski.ba\\\/index.php\\\/2021\\\/06\\\/22\\\/predstavljeno-7-izdanje-studentskog-fakultetskog-casopisa-agronomskog-i-prehrambeno-tehnoloskog-fakulteta-sveucilista-u-mostaru\\\/#article\",\"isPartOf\":{\"@id\":\"https:\\\/\\\/radioljubuski.ba\\\/index.php\\\/2021\\\/06\\\/22\\\/predstavljeno-7-izdanje-studentskog-fakultetskog-casopisa-agronomskog-i-prehrambeno-tehnoloskog-fakulteta-sveucilista-u-mostaru\\\/\"},\"author\":{\"name\":\"Radio Ljubu\u0161ki\",\"@id\":\"https:\\\/\\\/radioljubuski.ba\\\/#\\\/schema\\\/person\\\/19fc700381a780f69665d7956c469e3b\"},\"headline\":\"Predstavljeno 7. izdanje studentskog fakultetskog \u010dasopisa Agronomskog i prehrambeno tehnolo\u0161kog fakulteta \u2013 Sveu\u010dili\u0161ta u Mostaru\",\"datePublished\":\"2021-06-22T13:37:52+00:00\",\"dateModified\":\"2021-06-22T13:37:54+00:00\",\"mainEntityOfPage\":{\"@id\":\"https:\\\/\\\/radioljubuski.ba\\\/index.php\\\/2021\\\/06\\\/22\\\/predstavljeno-7-izdanje-studentskog-fakultetskog-casopisa-agronomskog-i-prehrambeno-tehnoloskog-fakulteta-sveucilista-u-mostaru\\\/\"},\"wordCount\":353,\"publisher\":{\"@id\":\"https:\\\/\\\/radioljubuski.ba\\\/#organization\"},\"image\":{\"@id\":\"https:\\\/\\\/radioljubuski.ba\\\/index.php\\\/2021\\\/06\\\/22\\\/predstavljeno-7-izdanje-studentskog-fakultetskog-casopisa-agronomskog-i-prehrambeno-tehnoloskog-fakulteta-sveucilista-u-mostaru\\\/#primaryimage\"},\"thumbnailUrl\":\"https:\\\/\\\/radioljubuski.ba\\\/wp-content\\\/uploads\\\/2021\\\/06\\\/casopis.jpg\",\"articleSection\":[\"BIH i regija\"],\"inLanguage\":\"hr\"},{\"@type\":\"WebPage\",\"@id\":\"https:\\\/\\\/radioljubuski.ba\\\/index.php\\\/2021\\\/06\\\/22\\\/predstavljeno-7-izdanje-studentskog-fakultetskog-casopisa-agronomskog-i-prehrambeno-tehnoloskog-fakulteta-sveucilista-u-mostaru\\\/\",\"url\":\"https:\\\/\\\/radioljubuski.ba\\\/index.php\\\/2021\\\/06\\\/22\\\/predstavljeno-7-izdanje-studentskog-fakultetskog-casopisa-agronomskog-i-prehrambeno-tehnoloskog-fakulteta-sveucilista-u-mostaru\\\/\",\"name\":\"Predstavljeno 7. izdanje studentskog fakultetskog \u010dasopisa Agronomskog i prehrambeno tehnolo\u0161kog fakulteta \u2013 Sveu\u010dili\u0161ta u Mostaru - RADIO LJUBU\u0160KI\",\"isPartOf\":{\"@id\":\"https:\\\/\\\/radioljubuski.ba\\\/#website\"},\"primaryImageOfPage\":{\"@id\":\"https:\\\/\\\/radioljubuski.ba\\\/index.php\\\/2021\\\/06\\\/22\\\/predstavljeno-7-izdanje-studentskog-fakultetskog-casopisa-agronomskog-i-prehrambeno-tehnoloskog-fakulteta-sveucilista-u-mostaru\\\/#primaryimage\"},\"image\":{\"@id\":\"https:\\\/\\\/radioljubuski.ba\\\/index.php\\\/2021\\\/06\\\/22\\\/predstavljeno-7-izdanje-studentskog-fakultetskog-casopisa-agronomskog-i-prehrambeno-tehnoloskog-fakulteta-sveucilista-u-mostaru\\\/#primaryimage\"},\"thumbnailUrl\":\"https:\\\/\\\/radioljubuski.ba\\\/wp-content\\\/uploads\\\/2021\\\/06\\\/casopis.jpg\",\"datePublished\":\"2021-06-22T13:37:52+00:00\",\"dateModified\":\"2021-06-22T13:37:54+00:00\",\"breadcrumb\":{\"@id\":\"https:\\\/\\\/radioljubuski.ba\\\/index.php\\\/2021\\\/06\\\/22\\\/predstavljeno-7-izdanje-studentskog-fakultetskog-casopisa-agronomskog-i-prehrambeno-tehnoloskog-fakulteta-sveucilista-u-mostaru\\\/#breadcrumb\"},\"inLanguage\":\"hr\",\"potentialAction\":[{\"@type\":\"ReadAction\",\"target\":[\"https:\\\/\\\/radioljubuski.ba\\\/index.php\\\/2021\\\/06\\\/22\\\/predstavljeno-7-izdanje-studentskog-fakultetskog-casopisa-agronomskog-i-prehrambeno-tehnoloskog-fakulteta-sveucilista-u-mostaru\\\/\"]}]},{\"@type\":\"ImageObject\",\"inLanguage\":\"hr\",\"@id\":\"https:\\\/\\\/radioljubuski.ba\\\/index.php\\\/2021\\\/06\\\/22\\\/predstavljeno-7-izdanje-studentskog-fakultetskog-casopisa-agronomskog-i-prehrambeno-tehnoloskog-fakulteta-sveucilista-u-mostaru\\\/#primaryimage\",\"url\":\"https:\\\/\\\/radioljubuski.ba\\\/wp-content\\\/uploads\\\/2021\\\/06\\\/casopis.jpg\",\"contentUrl\":\"https:\\\/\\\/radioljubuski.ba\\\/wp-content\\\/uploads\\\/2021\\\/06\\\/casopis.jpg\",\"width\":750,\"height\":460},{\"@type\":\"BreadcrumbList\",\"@id\":\"https:\\\/\\\/radioljubuski.ba\\\/index.php\\\/2021\\\/06\\\/22\\\/predstavljeno-7-izdanje-studentskog-fakultetskog-casopisa-agronomskog-i-prehrambeno-tehnoloskog-fakulteta-sveucilista-u-mostaru\\\/#breadcrumb\",\"itemListElement\":[{\"@type\":\"ListItem\",\"position\":1,\"name\":\"Po\u010detna stranica\",\"item\":\"https:\\\/\\\/radioljubuski.ba\\\/\"},{\"@type\":\"ListItem\",\"position\":2,\"name\":\"Predstavljeno 7. izdanje studentskog fakultetskog \u010dasopisa Agronomskog i prehrambeno tehnolo\u0161kog fakulteta \u2013 Sveu\u010dili\u0161ta u Mostaru\"}]},{\"@type\":\"WebSite\",\"@id\":\"https:\\\/\\\/radioljubuski.ba\\\/#website\",\"url\":\"https:\\\/\\\/radioljubuski.ba\\\/\",\"name\":\"Radio Ljubu\u0161ki\",\"description\":\"Sun\u010dana frekvencija Hercegovine\",\"publisher\":{\"@id\":\"https:\\\/\\\/radioljubuski.ba\\\/#organization\"},\"potentialAction\":[{\"@type\":\"SearchAction\",\"target\":{\"@type\":\"EntryPoint\",\"urlTemplate\":\"https:\\\/\\\/radioljubuski.ba\\\/?s={search_term_string}\"},\"query-input\":{\"@type\":\"PropertyValueSpecification\",\"valueRequired\":true,\"valueName\":\"search_term_string\"}}],\"inLanguage\":\"hr\"},{\"@type\":\"Organization\",\"@id\":\"https:\\\/\\\/radioljubuski.ba\\\/#organization\",\"name\":\"Radio Ljubu\u0161ki\",\"url\":\"https:\\\/\\\/radioljubuski.ba\\\/\",\"logo\":{\"@type\":\"ImageObject\",\"inLanguage\":\"hr\",\"@id\":\"https:\\\/\\\/radioljubuski.ba\\\/#\\\/schema\\\/logo\\\/image\\\/\",\"url\":\"https:\\\/\\\/radioljubuski.ba\\\/wp-content\\\/uploads\\\/2021\\\/02\\\/cropped-Radio_Ljubuski_logo1.jpg\",\"contentUrl\":\"https:\\\/\\\/radioljubuski.ba\\\/wp-content\\\/uploads\\\/2021\\\/02\\\/cropped-Radio_Ljubuski_logo1.jpg\",\"width\":512,\"height\":512,\"caption\":\"Radio Ljubu\u0161ki\"},\"image\":{\"@id\":\"https:\\\/\\\/radioljubuski.ba\\\/#\\\/schema\\\/logo\\\/image\\\/\"},\"sameAs\":[\"https:\\\/\\\/www.facebook.com\\\/Radiio-Ljubuski-1490835324566332\",\"https:\\\/\\\/x.com\\\/radioljubuski\",\"https:\\\/\\\/hr.linkedin.com\\\/company\\\/radio-ljubuski\",\"https:\\\/\\\/www.youtube.com\\\/channel\\\/UCHYaeO_n0Db3tjNGudGpXyw\"]},{\"@type\":\"Person\",\"@id\":\"https:\\\/\\\/radioljubuski.ba\\\/#\\\/schema\\\/person\\\/19fc700381a780f69665d7956c469e3b\",\"name\":\"Radio Ljubu\u0161ki\"}]}<\/script>\n<!-- \/ Yoast SEO plugin. -->","yoast_head_json":{"title":"Predstavljeno 7. izdanje studentskog fakultetskog \u010dasopisa Agronomskog i prehrambeno tehnolo\u0161kog fakulteta \u2013 Sveu\u010dili\u0161ta u Mostaru - RADIO LJUBU\u0160KI","robots":{"index":"index","follow":"follow","max-snippet":"max-snippet:-1","max-image-preview":"max-image-preview:large","max-video-preview":"max-video-preview:-1"},"canonical":"https:\/\/radioljubuski.ba\/index.php\/2021\/06\/22\/predstavljeno-7-izdanje-studentskog-fakultetskog-casopisa-agronomskog-i-prehrambeno-tehnoloskog-fakulteta-sveucilista-u-mostaru\/","og_locale":"hr_HR","og_type":"article","og_title":"Predstavljeno 7. izdanje studentskog fakultetskog \u010dasopisa Agronomskog i prehrambeno tehnolo\u0161kog fakulteta \u2013 Sveu\u010dili\u0161ta u Mostaru - RADIO LJUBU\u0160KI","og_description":"Ju\u010der, 21.06.2021. godine u jednoj od prostorija Agronomskog i prehrambeno tehnolo\u0161kog fakulteta predstavljeno je sedmo izdanje studentskog fakultetskog \u010dasopisa, poznatijeg pod nazivom \u201cTrut(h)\u201d. Na predstavljanju \u010dasopisa osim studenta sudjelovali su i neki od profesora fakulteta. Zbog ispitnih rokova i cijele situacije s jo\u0161 spominjanom pandemijom sve je odr\u017eano u skromnijim uvjetima. Prisjetimo se \u010dasopis \u201cTrut(h), [&hellip;]","og_url":"https:\/\/radioljubuski.ba\/index.php\/2021\/06\/22\/predstavljeno-7-izdanje-studentskog-fakultetskog-casopisa-agronomskog-i-prehrambeno-tehnoloskog-fakulteta-sveucilista-u-mostaru\/","og_site_name":"RADIO LJUBU\u0160KI","article_publisher":"https:\/\/www.facebook.com\/Radiio-Ljubuski-1490835324566332","article_published_time":"2021-06-22T13:37:52+00:00","article_modified_time":"2021-06-22T13:37:54+00:00","og_image":[{"width":750,"height":460,"url":"https:\/\/radioljubuski.ba\/wp-content\/uploads\/2021\/06\/casopis.jpg","type":"image\/jpeg"}],"author":"Radio Ljubu\u0161ki","twitter_card":"summary_large_image","twitter_creator":"@radioljubuski","twitter_site":"@radioljubuski","twitter_misc":{"Napisao\/la":"Radio Ljubu\u0161ki","Procijenjeno vrijeme \u010ditanja":"2 minute"},"schema":{"@context":"https:\/\/schema.org","@graph":[{"@type":"Article","@id":"https:\/\/radioljubuski.ba\/index.php\/2021\/06\/22\/predstavljeno-7-izdanje-studentskog-fakultetskog-casopisa-agronomskog-i-prehrambeno-tehnoloskog-fakulteta-sveucilista-u-mostaru\/#article","isPartOf":{"@id":"https:\/\/radioljubuski.ba\/index.php\/2021\/06\/22\/predstavljeno-7-izdanje-studentskog-fakultetskog-casopisa-agronomskog-i-prehrambeno-tehnoloskog-fakulteta-sveucilista-u-mostaru\/"},"author":{"name":"Radio Ljubu\u0161ki","@id":"https:\/\/radioljubuski.ba\/#\/schema\/person\/19fc700381a780f69665d7956c469e3b"},"headline":"Predstavljeno 7. izdanje studentskog fakultetskog \u010dasopisa Agronomskog i prehrambeno tehnolo\u0161kog fakulteta \u2013 Sveu\u010dili\u0161ta u Mostaru","datePublished":"2021-06-22T13:37:52+00:00","dateModified":"2021-06-22T13:37:54+00:00","mainEntityOfPage":{"@id":"https:\/\/radioljubuski.ba\/index.php\/2021\/06\/22\/predstavljeno-7-izdanje-studentskog-fakultetskog-casopisa-agronomskog-i-prehrambeno-tehnoloskog-fakulteta-sveucilista-u-mostaru\/"},"wordCount":353,"publisher":{"@id":"https:\/\/radioljubuski.ba\/#organization"},"image":{"@id":"https:\/\/radioljubuski.ba\/index.php\/2021\/06\/22\/predstavljeno-7-izdanje-studentskog-fakultetskog-casopisa-agronomskog-i-prehrambeno-tehnoloskog-fakulteta-sveucilista-u-mostaru\/#primaryimage"},"thumbnailUrl":"https:\/\/radioljubuski.ba\/wp-content\/uploads\/2021\/06\/casopis.jpg","articleSection":["BIH i regija"],"inLanguage":"hr"},{"@type":"WebPage","@id":"https:\/\/radioljubuski.ba\/index.php\/2021\/06\/22\/predstavljeno-7-izdanje-studentskog-fakultetskog-casopisa-agronomskog-i-prehrambeno-tehnoloskog-fakulteta-sveucilista-u-mostaru\/","url":"https:\/\/radioljubuski.ba\/index.php\/2021\/06\/22\/predstavljeno-7-izdanje-studentskog-fakultetskog-casopisa-agronomskog-i-prehrambeno-tehnoloskog-fakulteta-sveucilista-u-mostaru\/","name":"Predstavljeno 7. izdanje studentskog fakultetskog \u010dasopisa Agronomskog i prehrambeno tehnolo\u0161kog fakulteta \u2013 Sveu\u010dili\u0161ta u Mostaru - RADIO LJUBU\u0160KI","isPartOf":{"@id":"https:\/\/radioljubuski.ba\/#website"},"primaryImageOfPage":{"@id":"https:\/\/radioljubuski.ba\/index.php\/2021\/06\/22\/predstavljeno-7-izdanje-studentskog-fakultetskog-casopisa-agronomskog-i-prehrambeno-tehnoloskog-fakulteta-sveucilista-u-mostaru\/#primaryimage"},"image":{"@id":"https:\/\/radioljubuski.ba\/index.php\/2021\/06\/22\/predstavljeno-7-izdanje-studentskog-fakultetskog-casopisa-agronomskog-i-prehrambeno-tehnoloskog-fakulteta-sveucilista-u-mostaru\/#primaryimage"},"thumbnailUrl":"https:\/\/radioljubuski.ba\/wp-content\/uploads\/2021\/06\/casopis.jpg","datePublished":"2021-06-22T13:37:52+00:00","dateModified":"2021-06-22T13:37:54+00:00","breadcrumb":{"@id":"https:\/\/radioljubuski.ba\/index.php\/2021\/06\/22\/predstavljeno-7-izdanje-studentskog-fakultetskog-casopisa-agronomskog-i-prehrambeno-tehnoloskog-fakulteta-sveucilista-u-mostaru\/#breadcrumb"},"inLanguage":"hr","potentialAction":[{"@type":"ReadAction","target":["https:\/\/radioljubuski.ba\/index.php\/2021\/06\/22\/predstavljeno-7-izdanje-studentskog-fakultetskog-casopisa-agronomskog-i-prehrambeno-tehnoloskog-fakulteta-sveucilista-u-mostaru\/"]}]},{"@type":"ImageObject","inLanguage":"hr","@id":"https:\/\/radioljubuski.ba\/index.php\/2021\/06\/22\/predstavljeno-7-izdanje-studentskog-fakultetskog-casopisa-agronomskog-i-prehrambeno-tehnoloskog-fakulteta-sveucilista-u-mostaru\/#primaryimage","url":"https:\/\/radioljubuski.ba\/wp-content\/uploads\/2021\/06\/casopis.jpg","contentUrl":"https:\/\/radioljubuski.ba\/wp-content\/uploads\/2021\/06\/casopis.jpg","width":750,"height":460},{"@type":"BreadcrumbList","@id":"https:\/\/radioljubuski.ba\/index.php\/2021\/06\/22\/predstavljeno-7-izdanje-studentskog-fakultetskog-casopisa-agronomskog-i-prehrambeno-tehnoloskog-fakulteta-sveucilista-u-mostaru\/#breadcrumb","itemListElement":[{"@type":"ListItem","position":1,"name":"Po\u010detna stranica","item":"https:\/\/radioljubuski.ba\/"},{"@type":"ListItem","position":2,"name":"Predstavljeno 7. izdanje studentskog fakultetskog \u010dasopisa Agronomskog i prehrambeno tehnolo\u0161kog fakulteta \u2013 Sveu\u010dili\u0161ta u Mostaru"}]},{"@type":"WebSite","@id":"https:\/\/radioljubuski.ba\/#website","url":"https:\/\/radioljubuski.ba\/","name":"Radio Ljubu\u0161ki","description":"Sun\u010dana frekvencija Hercegovine","publisher":{"@id":"https:\/\/radioljubuski.ba\/#organization"},"potentialAction":[{"@type":"SearchAction","target":{"@type":"EntryPoint","urlTemplate":"https:\/\/radioljubuski.ba\/?s={search_term_string}"},"query-input":{"@type":"PropertyValueSpecification","valueRequired":true,"valueName":"search_term_string"}}],"inLanguage":"hr"},{"@type":"Organization","@id":"https:\/\/radioljubuski.ba\/#organization","name":"Radio Ljubu\u0161ki","url":"https:\/\/radioljubuski.ba\/","logo":{"@type":"ImageObject","inLanguage":"hr","@id":"https:\/\/radioljubuski.ba\/#\/schema\/logo\/image\/","url":"https:\/\/radioljubuski.ba\/wp-content\/uploads\/2021\/02\/cropped-Radio_Ljubuski_logo1.jpg","contentUrl":"https:\/\/radioljubuski.ba\/wp-content\/uploads\/2021\/02\/cropped-Radio_Ljubuski_logo1.jpg","width":512,"height":512,"caption":"Radio Ljubu\u0161ki"},"image":{"@id":"https:\/\/radioljubuski.ba\/#\/schema\/logo\/image\/"},"sameAs":["https:\/\/www.facebook.com\/Radiio-Ljubuski-1490835324566332","https:\/\/x.com\/radioljubuski","https:\/\/hr.linkedin.com\/company\/radio-ljubuski","https:\/\/www.youtube.com\/channel\/UCHYaeO_n0Db3tjNGudGpXyw"]},{"@type":"Person","@id":"https:\/\/radioljubuski.ba\/#\/schema\/person\/19fc700381a780f69665d7956c469e3b","name":"Radio Ljubu\u0161ki"}]}},"_links":{"self":[{"href":"https:\/\/radioljubuski.ba\/index.php\/wp-json\/wp\/v2\/posts\/34887","targetHints":{"allow":["GET"]}}],"collection":[{"href":"https:\/\/radioljubuski.ba\/index.php\/wp-json\/wp\/v2\/posts"}],"about":[{"href":"https:\/\/radioljubuski.ba\/index.php\/wp-json\/wp\/v2\/types\/post"}],"author":[{"embeddable":true,"href":"https:\/\/radioljubuski.ba\/index.php\/wp-json\/wp\/v2\/users\/2"}],"replies":[{"embeddable":true,"href":"https:\/\/radioljubuski.ba\/index.php\/wp-json\/wp\/v2\/comments?post=34887"}],"version-history":[{"count":1,"href":"https:\/\/radioljubuski.ba\/index.php\/wp-json\/wp\/v2\/posts\/34887\/revisions"}],"predecessor-version":[{"id":34889,"href":"https:\/\/radioljubuski.ba\/index.php\/wp-json\/wp\/v2\/posts\/34887\/revisions\/34889"}],"wp:featuredmedia":[{"embeddable":true,"href":"https:\/\/radioljubuski.ba\/index.php\/wp-json\/wp\/v2\/media\/34888"}],"wp:attachment":[{"href":"https:\/\/radioljubuski.ba\/index.php\/wp-json\/wp\/v2\/media?parent=34887"}],"wp:term":[{"taxonomy":"category","embeddable":true,"href":"https:\/\/radioljubuski.ba\/index.php\/wp-json\/wp\/v2\/categories?post=34887"},{"taxonomy":"post_tag","embeddable":true,"href":"https:\/\/radioljubuski.ba\/index.php\/wp-json\/wp\/v2\/tags?post=34887"}],"curies":[{"name":"wp","href":"https:\/\/api.w.org\/{rel}","templated":true}]}}