{"id":34901,"date":"2021-06-22T16:03:18","date_gmt":"2021-06-22T15:03:18","guid":{"rendered":"https:\/\/radioljubuski.ba\/?p=34901"},"modified":"2021-06-22T16:03:19","modified_gmt":"2021-06-22T15:03:19","slug":"bih-i-za-serum-protiv-zmijskog-otrova-gleda-u-beograd","status":"publish","type":"post","link":"https:\/\/radioljubuski.ba\/index.php\/2021\/06\/22\/bih-i-za-serum-protiv-zmijskog-otrova-gleda-u-beograd\/","title":{"rendered":"BiH i za serum protiv zmijskog otrova gleda u Beograd"},"content":{"rendered":"\n<p>BiH i za serum protiv zmijskog otrova gleda u Beograd<\/p>\n\n\n\n<p>S obzirom na to da u cijeloj BiH vlada nesta\u0161ica seruma protiv ugriza zmija zbog nedostatka na tr\u017ei\u0161tu, &#8220;Nezavisnim novinama&#8221; je potvr\u0111eno u Ministarstvu civilnih poslova (MCP) BiH da \u0107e se idu\u0107eg tjedna odr\u017eati online sastanak sa predstavnicima Instituta &#8220;Torlak&#8221;.<\/p>\n\n\n\n<p>U ovom ministarstvu ka\u017eu da su kontaktirali dobavlja\u010da, kompaniju &#8220;Pharma Maac&#8221; &nbsp;-uvoznika za BiH, koji im je potvrdio da postoji problem u osiguranju potrebnih koli\u010dina ovog seruma od strane proizvo\u0111a\u010da Instituta &#8220;Torlak&#8221; za tr\u017ei\u0161te BiH.<\/p>\n\n\n\n<p>&#8220;Uputili smo dopis Institutu &#8216;Torlak&#8217; s molbom da se odr\u017ei online sastanak, a on \u0107e biti u tijeku idu\u0107eg tjedna. Planirano je da na sastanku budu prisutni predstavnici Instituta &#8216;Torlak&#8217;, Ministarstva civilnih poslova BiH, Zavoda za javno zdravstvo FBiH, Instituta za javno zdravstvo RS i Agencije za lijekove i medicinska sredstva BiH&#8221;, isti\u010du iz MCP BiH.<\/p>\n\n\n\n<p>Dodaju da su tako\u0111e uputili dopis Ministarstvu vanjskih poslova BiH u kojem su zatra\u017eili da upute dopis diplomatsko-konzularnoj mre\u017ei BiH, s molbom za pomo\u0107 u pronala\u017eenju proizvo\u0111a\u010da seruma protiv zmijskog otrova, te da nemaju nove informacije vezano za upu\u0107eni dopis. Isti\u010du da su ranije zaprimili dopis od nadle\u017enih zdravstvenih institucija, gdje su informisani da vlada nedostatak seruma protiv zmijskog otrova.<\/p>\n\n\n\n<p>Iz Instituta za javno zdravstvo RS kazali su da su u toku pregovori sa dobavlja\u010dima, te da se nadaju da \u0107e vrlo brzo uspjeti osigurati za sve zdravstvene ustanove u Republici Srpskoj serum protiv zmijskog ugriza.<\/p>\n\n\n\n<p>Gordana Savin, pomo\u0107nica direktora za medicinska pitanja Doma zdravlja Bijeljina, kazala je za &#8220;Nezavisne novine&#8221; da trenutno u cijeloj BiH nema seruma protiv ugriza zmija te da kod njih nije zabilje\u017een nijedan pacijent koji se javio s ugrizom.<\/p>\n\n\n\n<p>&#8220;Budu\u0107i da u cijeloj BiH vlada nesta\u0161ica seruma, apelujemo na sve gra\u0111ane da vode ra\u010duna prilikom boravka u prirodi&#8221;, kazala je Savinova.<\/p>\n\n\n\n<p>Iz Doma zdravlja Banjaluka isti\u010du da i oni do sada nisu imali prijavljene slu\u010dajeve ugriza.<\/p>\n\n\n\n<p>Goran \u0160ukalo, docent na Prirodno-matemati\u010dkom fakultetu u Banjaluci, kazao je ranije za &#8220;Nezavisne novine&#8221; da su u BiH prisutne tri vrste otrovnice: poskok, \u0161arka i planinski \u0161argan.<\/p>\n\n\n\n<p>&#8220;Za \u010dovjeka jedino mo\u017ee biti fatalan ugriz poskoka, ali \u010desto u oko 30 do 40 odsto slu\u010dajeva poskok napravi suvi ugriz, odnosno ne ubrizga otrov, jer ekonomi\u0161u otrovom po\u0161to im je potreban za ubijanje plijena&#8221;, rekao je \u0160ukalo.<\/p>\n\n\n\n<p>Isti\u010de da ukoliko do\u0111e do ugriza, onda je tu jedini na\u010din da se ubrizga serum kao mogu\u0107i lijek, ali i sa samim serumom treba oprezno postupiti.<\/p>\n\n\n\n<p>&#8220;Nakon ugriza poskoka u prosjeku ljudi imaju dva do tri sata da prime serum, a ovo vrijeme je kra\u0107e kod osjetljivijih osoba kao \u0161to su djeca, starije osobe i oni koji su alergi\u010dni&#8221;, poja\u0161njava \u0160ukalo i dodaje da je ugriz zadnji mehanizam odbrane.<\/p>\n\n\n\n<p>&#8220;Obi\u010dno kad krenete da ga nagazite onda \u0107e odreagovati. Do tada ste potpuno sigurni, prolazite pored, on miruje sa strane, dok \u0107e ove druge vrste, neotrovne zmije, obi\u010dno poku\u0161ati da pobjegnu&#8221;, rekao je \u0160ukalo.<\/p>\n\n\n\n<p>Izvor:nezavisne.com<\/p>\n","protected":false},"excerpt":{"rendered":"<p>BiH i za serum protiv zmijskog otrova gleda u Beograd S obzirom na to da u cijeloj BiH vlada nesta\u0161ica seruma protiv ugriza zmija zbog nedostatka na tr\u017ei\u0161tu, &#8220;Nezavisnim novinama&#8221; je potvr\u0111eno u Ministarstvu civilnih poslova (MCP) BiH da \u0107e se idu\u0107eg tjedna odr\u017eati online sastanak sa predstavnicima Instituta &#8220;Torlak&#8221;. U ovom ministarstvu ka\u017eu da [&hellip;]<\/p>\n","protected":false},"author":2,"featured_media":34902,"comment_status":"closed","ping_status":"closed","sticky":false,"template":"","format":"standard","meta":{"h5ap_radio_sources":[],"footnotes":""},"categories":[1],"tags":[],"class_list":["post-34901","post","type-post","status-publish","format-standard","has-post-thumbnail","hentry","category-bihiregija"],"yoast_head":"<!-- This site is optimized with the Yoast SEO plugin v27.5 - https:\/\/yoast.com\/product\/yoast-seo-wordpress\/ -->\n<title>BiH i za serum protiv zmijskog otrova gleda u Beograd - RADIO LJUBU\u0160KI<\/title>\n<meta name=\"robots\" content=\"index, follow, max-snippet:-1, max-image-preview:large, max-video-preview:-1\" \/>\n<link rel=\"canonical\" href=\"https:\/\/radioljubuski.ba\/index.php\/2021\/06\/22\/bih-i-za-serum-protiv-zmijskog-otrova-gleda-u-beograd\/\" \/>\n<meta property=\"og:locale\" content=\"hr_HR\" \/>\n<meta property=\"og:type\" content=\"article\" \/>\n<meta property=\"og:title\" content=\"BiH i za serum protiv zmijskog otrova gleda u Beograd - RADIO LJUBU\u0160KI\" \/>\n<meta property=\"og:description\" content=\"BiH i za serum protiv zmijskog otrova gleda u Beograd S obzirom na to da u cijeloj BiH vlada nesta\u0161ica seruma protiv ugriza zmija zbog nedostatka na tr\u017ei\u0161tu, &#8220;Nezavisnim novinama&#8221; je potvr\u0111eno u Ministarstvu civilnih poslova (MCP) BiH da \u0107e se idu\u0107eg tjedna odr\u017eati online sastanak sa predstavnicima Instituta &#8220;Torlak&#8221;. U ovom ministarstvu ka\u017eu da [&hellip;]\" \/>\n<meta property=\"og:url\" content=\"https:\/\/radioljubuski.ba\/index.php\/2021\/06\/22\/bih-i-za-serum-protiv-zmijskog-otrova-gleda-u-beograd\/\" \/>\n<meta property=\"og:site_name\" content=\"RADIO LJUBU\u0160KI\" \/>\n<meta property=\"article:publisher\" content=\"https:\/\/www.facebook.com\/Radiio-Ljubuski-1490835324566332\" \/>\n<meta property=\"article:published_time\" content=\"2021-06-22T15:03:18+00:00\" \/>\n<meta property=\"article:modified_time\" content=\"2021-06-22T15:03:19+00:00\" \/>\n<meta property=\"og:image\" content=\"https:\/\/radioljubuski.ba\/wp-content\/uploads\/2021\/06\/IlYXEacR_zmija.jpg\" \/>\n\t<meta property=\"og:image:width\" content=\"1000\" \/>\n\t<meta property=\"og:image:height\" content=\"625\" \/>\n\t<meta property=\"og:image:type\" content=\"image\/jpeg\" \/>\n<meta name=\"author\" content=\"Radio Ljubu\u0161ki\" \/>\n<meta name=\"twitter:card\" content=\"summary_large_image\" \/>\n<meta name=\"twitter:creator\" content=\"@radioljubuski\" \/>\n<meta name=\"twitter:site\" content=\"@radioljubuski\" \/>\n<meta name=\"twitter:label1\" content=\"Napisao\/la\" \/>\n\t<meta name=\"twitter:data1\" content=\"Radio Ljubu\u0161ki\" \/>\n\t<meta name=\"twitter:label2\" content=\"Procijenjeno vrijeme \u010ditanja\" \/>\n\t<meta name=\"twitter:data2\" content=\"3 minute\" \/>\n<script type=\"application\/ld+json\" class=\"yoast-schema-graph\">{\"@context\":\"https:\\\/\\\/schema.org\",\"@graph\":[{\"@type\":\"Article\",\"@id\":\"https:\\\/\\\/radioljubuski.ba\\\/index.php\\\/2021\\\/06\\\/22\\\/bih-i-za-serum-protiv-zmijskog-otrova-gleda-u-beograd\\\/#article\",\"isPartOf\":{\"@id\":\"https:\\\/\\\/radioljubuski.ba\\\/index.php\\\/2021\\\/06\\\/22\\\/bih-i-za-serum-protiv-zmijskog-otrova-gleda-u-beograd\\\/\"},\"author\":{\"name\":\"Radio Ljubu\u0161ki\",\"@id\":\"https:\\\/\\\/radioljubuski.ba\\\/#\\\/schema\\\/person\\\/19fc700381a780f69665d7956c469e3b\"},\"headline\":\"BiH i za serum protiv zmijskog otrova gleda u Beograd\",\"datePublished\":\"2021-06-22T15:03:18+00:00\",\"dateModified\":\"2021-06-22T15:03:19+00:00\",\"mainEntityOfPage\":{\"@id\":\"https:\\\/\\\/radioljubuski.ba\\\/index.php\\\/2021\\\/06\\\/22\\\/bih-i-za-serum-protiv-zmijskog-otrova-gleda-u-beograd\\\/\"},\"wordCount\":541,\"publisher\":{\"@id\":\"https:\\\/\\\/radioljubuski.ba\\\/#organization\"},\"image\":{\"@id\":\"https:\\\/\\\/radioljubuski.ba\\\/index.php\\\/2021\\\/06\\\/22\\\/bih-i-za-serum-protiv-zmijskog-otrova-gleda-u-beograd\\\/#primaryimage\"},\"thumbnailUrl\":\"https:\\\/\\\/radioljubuski.ba\\\/wp-content\\\/uploads\\\/2021\\\/06\\\/IlYXEacR_zmija.jpg\",\"articleSection\":[\"BIH i regija\"],\"inLanguage\":\"hr\"},{\"@type\":\"WebPage\",\"@id\":\"https:\\\/\\\/radioljubuski.ba\\\/index.php\\\/2021\\\/06\\\/22\\\/bih-i-za-serum-protiv-zmijskog-otrova-gleda-u-beograd\\\/\",\"url\":\"https:\\\/\\\/radioljubuski.ba\\\/index.php\\\/2021\\\/06\\\/22\\\/bih-i-za-serum-protiv-zmijskog-otrova-gleda-u-beograd\\\/\",\"name\":\"BiH i za serum protiv zmijskog otrova gleda u Beograd - RADIO LJUBU\u0160KI\",\"isPartOf\":{\"@id\":\"https:\\\/\\\/radioljubuski.ba\\\/#website\"},\"primaryImageOfPage\":{\"@id\":\"https:\\\/\\\/radioljubuski.ba\\\/index.php\\\/2021\\\/06\\\/22\\\/bih-i-za-serum-protiv-zmijskog-otrova-gleda-u-beograd\\\/#primaryimage\"},\"image\":{\"@id\":\"https:\\\/\\\/radioljubuski.ba\\\/index.php\\\/2021\\\/06\\\/22\\\/bih-i-za-serum-protiv-zmijskog-otrova-gleda-u-beograd\\\/#primaryimage\"},\"thumbnailUrl\":\"https:\\\/\\\/radioljubuski.ba\\\/wp-content\\\/uploads\\\/2021\\\/06\\\/IlYXEacR_zmija.jpg\",\"datePublished\":\"2021-06-22T15:03:18+00:00\",\"dateModified\":\"2021-06-22T15:03:19+00:00\",\"breadcrumb\":{\"@id\":\"https:\\\/\\\/radioljubuski.ba\\\/index.php\\\/2021\\\/06\\\/22\\\/bih-i-za-serum-protiv-zmijskog-otrova-gleda-u-beograd\\\/#breadcrumb\"},\"inLanguage\":\"hr\",\"potentialAction\":[{\"@type\":\"ReadAction\",\"target\":[\"https:\\\/\\\/radioljubuski.ba\\\/index.php\\\/2021\\\/06\\\/22\\\/bih-i-za-serum-protiv-zmijskog-otrova-gleda-u-beograd\\\/\"]}]},{\"@type\":\"ImageObject\",\"inLanguage\":\"hr\",\"@id\":\"https:\\\/\\\/radioljubuski.ba\\\/index.php\\\/2021\\\/06\\\/22\\\/bih-i-za-serum-protiv-zmijskog-otrova-gleda-u-beograd\\\/#primaryimage\",\"url\":\"https:\\\/\\\/radioljubuski.ba\\\/wp-content\\\/uploads\\\/2021\\\/06\\\/IlYXEacR_zmija.jpg\",\"contentUrl\":\"https:\\\/\\\/radioljubuski.ba\\\/wp-content\\\/uploads\\\/2021\\\/06\\\/IlYXEacR_zmija.jpg\",\"width\":1000,\"height\":625},{\"@type\":\"BreadcrumbList\",\"@id\":\"https:\\\/\\\/radioljubuski.ba\\\/index.php\\\/2021\\\/06\\\/22\\\/bih-i-za-serum-protiv-zmijskog-otrova-gleda-u-beograd\\\/#breadcrumb\",\"itemListElement\":[{\"@type\":\"ListItem\",\"position\":1,\"name\":\"Po\u010detna stranica\",\"item\":\"https:\\\/\\\/radioljubuski.ba\\\/\"},{\"@type\":\"ListItem\",\"position\":2,\"name\":\"BiH i za serum protiv zmijskog otrova gleda u Beograd\"}]},{\"@type\":\"WebSite\",\"@id\":\"https:\\\/\\\/radioljubuski.ba\\\/#website\",\"url\":\"https:\\\/\\\/radioljubuski.ba\\\/\",\"name\":\"Radio Ljubu\u0161ki\",\"description\":\"Sun\u010dana frekvencija Hercegovine\",\"publisher\":{\"@id\":\"https:\\\/\\\/radioljubuski.ba\\\/#organization\"},\"potentialAction\":[{\"@type\":\"SearchAction\",\"target\":{\"@type\":\"EntryPoint\",\"urlTemplate\":\"https:\\\/\\\/radioljubuski.ba\\\/?s={search_term_string}\"},\"query-input\":{\"@type\":\"PropertyValueSpecification\",\"valueRequired\":true,\"valueName\":\"search_term_string\"}}],\"inLanguage\":\"hr\"},{\"@type\":\"Organization\",\"@id\":\"https:\\\/\\\/radioljubuski.ba\\\/#organization\",\"name\":\"Radio Ljubu\u0161ki\",\"url\":\"https:\\\/\\\/radioljubuski.ba\\\/\",\"logo\":{\"@type\":\"ImageObject\",\"inLanguage\":\"hr\",\"@id\":\"https:\\\/\\\/radioljubuski.ba\\\/#\\\/schema\\\/logo\\\/image\\\/\",\"url\":\"https:\\\/\\\/radioljubuski.ba\\\/wp-content\\\/uploads\\\/2021\\\/02\\\/cropped-Radio_Ljubuski_logo1.jpg\",\"contentUrl\":\"https:\\\/\\\/radioljubuski.ba\\\/wp-content\\\/uploads\\\/2021\\\/02\\\/cropped-Radio_Ljubuski_logo1.jpg\",\"width\":512,\"height\":512,\"caption\":\"Radio Ljubu\u0161ki\"},\"image\":{\"@id\":\"https:\\\/\\\/radioljubuski.ba\\\/#\\\/schema\\\/logo\\\/image\\\/\"},\"sameAs\":[\"https:\\\/\\\/www.facebook.com\\\/Radiio-Ljubuski-1490835324566332\",\"https:\\\/\\\/x.com\\\/radioljubuski\",\"https:\\\/\\\/hr.linkedin.com\\\/company\\\/radio-ljubuski\",\"https:\\\/\\\/www.youtube.com\\\/channel\\\/UCHYaeO_n0Db3tjNGudGpXyw\"]},{\"@type\":\"Person\",\"@id\":\"https:\\\/\\\/radioljubuski.ba\\\/#\\\/schema\\\/person\\\/19fc700381a780f69665d7956c469e3b\",\"name\":\"Radio Ljubu\u0161ki\"}]}<\/script>\n<!-- \/ Yoast SEO plugin. -->","yoast_head_json":{"title":"BiH i za serum protiv zmijskog otrova gleda u Beograd - RADIO LJUBU\u0160KI","robots":{"index":"index","follow":"follow","max-snippet":"max-snippet:-1","max-image-preview":"max-image-preview:large","max-video-preview":"max-video-preview:-1"},"canonical":"https:\/\/radioljubuski.ba\/index.php\/2021\/06\/22\/bih-i-za-serum-protiv-zmijskog-otrova-gleda-u-beograd\/","og_locale":"hr_HR","og_type":"article","og_title":"BiH i za serum protiv zmijskog otrova gleda u Beograd - RADIO LJUBU\u0160KI","og_description":"BiH i za serum protiv zmijskog otrova gleda u Beograd S obzirom na to da u cijeloj BiH vlada nesta\u0161ica seruma protiv ugriza zmija zbog nedostatka na tr\u017ei\u0161tu, &#8220;Nezavisnim novinama&#8221; je potvr\u0111eno u Ministarstvu civilnih poslova (MCP) BiH da \u0107e se idu\u0107eg tjedna odr\u017eati online sastanak sa predstavnicima Instituta &#8220;Torlak&#8221;. U ovom ministarstvu ka\u017eu da [&hellip;]","og_url":"https:\/\/radioljubuski.ba\/index.php\/2021\/06\/22\/bih-i-za-serum-protiv-zmijskog-otrova-gleda-u-beograd\/","og_site_name":"RADIO LJUBU\u0160KI","article_publisher":"https:\/\/www.facebook.com\/Radiio-Ljubuski-1490835324566332","article_published_time":"2021-06-22T15:03:18+00:00","article_modified_time":"2021-06-22T15:03:19+00:00","og_image":[{"width":1000,"height":625,"url":"https:\/\/radioljubuski.ba\/wp-content\/uploads\/2021\/06\/IlYXEacR_zmija.jpg","type":"image\/jpeg"}],"author":"Radio Ljubu\u0161ki","twitter_card":"summary_large_image","twitter_creator":"@radioljubuski","twitter_site":"@radioljubuski","twitter_misc":{"Napisao\/la":"Radio Ljubu\u0161ki","Procijenjeno vrijeme \u010ditanja":"3 minute"},"schema":{"@context":"https:\/\/schema.org","@graph":[{"@type":"Article","@id":"https:\/\/radioljubuski.ba\/index.php\/2021\/06\/22\/bih-i-za-serum-protiv-zmijskog-otrova-gleda-u-beograd\/#article","isPartOf":{"@id":"https:\/\/radioljubuski.ba\/index.php\/2021\/06\/22\/bih-i-za-serum-protiv-zmijskog-otrova-gleda-u-beograd\/"},"author":{"name":"Radio Ljubu\u0161ki","@id":"https:\/\/radioljubuski.ba\/#\/schema\/person\/19fc700381a780f69665d7956c469e3b"},"headline":"BiH i za serum protiv zmijskog otrova gleda u Beograd","datePublished":"2021-06-22T15:03:18+00:00","dateModified":"2021-06-22T15:03:19+00:00","mainEntityOfPage":{"@id":"https:\/\/radioljubuski.ba\/index.php\/2021\/06\/22\/bih-i-za-serum-protiv-zmijskog-otrova-gleda-u-beograd\/"},"wordCount":541,"publisher":{"@id":"https:\/\/radioljubuski.ba\/#organization"},"image":{"@id":"https:\/\/radioljubuski.ba\/index.php\/2021\/06\/22\/bih-i-za-serum-protiv-zmijskog-otrova-gleda-u-beograd\/#primaryimage"},"thumbnailUrl":"https:\/\/radioljubuski.ba\/wp-content\/uploads\/2021\/06\/IlYXEacR_zmija.jpg","articleSection":["BIH i regija"],"inLanguage":"hr"},{"@type":"WebPage","@id":"https:\/\/radioljubuski.ba\/index.php\/2021\/06\/22\/bih-i-za-serum-protiv-zmijskog-otrova-gleda-u-beograd\/","url":"https:\/\/radioljubuski.ba\/index.php\/2021\/06\/22\/bih-i-za-serum-protiv-zmijskog-otrova-gleda-u-beograd\/","name":"BiH i za serum protiv zmijskog otrova gleda u Beograd - RADIO LJUBU\u0160KI","isPartOf":{"@id":"https:\/\/radioljubuski.ba\/#website"},"primaryImageOfPage":{"@id":"https:\/\/radioljubuski.ba\/index.php\/2021\/06\/22\/bih-i-za-serum-protiv-zmijskog-otrova-gleda-u-beograd\/#primaryimage"},"image":{"@id":"https:\/\/radioljubuski.ba\/index.php\/2021\/06\/22\/bih-i-za-serum-protiv-zmijskog-otrova-gleda-u-beograd\/#primaryimage"},"thumbnailUrl":"https:\/\/radioljubuski.ba\/wp-content\/uploads\/2021\/06\/IlYXEacR_zmija.jpg","datePublished":"2021-06-22T15:03:18+00:00","dateModified":"2021-06-22T15:03:19+00:00","breadcrumb":{"@id":"https:\/\/radioljubuski.ba\/index.php\/2021\/06\/22\/bih-i-za-serum-protiv-zmijskog-otrova-gleda-u-beograd\/#breadcrumb"},"inLanguage":"hr","potentialAction":[{"@type":"ReadAction","target":["https:\/\/radioljubuski.ba\/index.php\/2021\/06\/22\/bih-i-za-serum-protiv-zmijskog-otrova-gleda-u-beograd\/"]}]},{"@type":"ImageObject","inLanguage":"hr","@id":"https:\/\/radioljubuski.ba\/index.php\/2021\/06\/22\/bih-i-za-serum-protiv-zmijskog-otrova-gleda-u-beograd\/#primaryimage","url":"https:\/\/radioljubuski.ba\/wp-content\/uploads\/2021\/06\/IlYXEacR_zmija.jpg","contentUrl":"https:\/\/radioljubuski.ba\/wp-content\/uploads\/2021\/06\/IlYXEacR_zmija.jpg","width":1000,"height":625},{"@type":"BreadcrumbList","@id":"https:\/\/radioljubuski.ba\/index.php\/2021\/06\/22\/bih-i-za-serum-protiv-zmijskog-otrova-gleda-u-beograd\/#breadcrumb","itemListElement":[{"@type":"ListItem","position":1,"name":"Po\u010detna stranica","item":"https:\/\/radioljubuski.ba\/"},{"@type":"ListItem","position":2,"name":"BiH i za serum protiv zmijskog otrova gleda u Beograd"}]},{"@type":"WebSite","@id":"https:\/\/radioljubuski.ba\/#website","url":"https:\/\/radioljubuski.ba\/","name":"Radio Ljubu\u0161ki","description":"Sun\u010dana frekvencija Hercegovine","publisher":{"@id":"https:\/\/radioljubuski.ba\/#organization"},"potentialAction":[{"@type":"SearchAction","target":{"@type":"EntryPoint","urlTemplate":"https:\/\/radioljubuski.ba\/?s={search_term_string}"},"query-input":{"@type":"PropertyValueSpecification","valueRequired":true,"valueName":"search_term_string"}}],"inLanguage":"hr"},{"@type":"Organization","@id":"https:\/\/radioljubuski.ba\/#organization","name":"Radio Ljubu\u0161ki","url":"https:\/\/radioljubuski.ba\/","logo":{"@type":"ImageObject","inLanguage":"hr","@id":"https:\/\/radioljubuski.ba\/#\/schema\/logo\/image\/","url":"https:\/\/radioljubuski.ba\/wp-content\/uploads\/2021\/02\/cropped-Radio_Ljubuski_logo1.jpg","contentUrl":"https:\/\/radioljubuski.ba\/wp-content\/uploads\/2021\/02\/cropped-Radio_Ljubuski_logo1.jpg","width":512,"height":512,"caption":"Radio Ljubu\u0161ki"},"image":{"@id":"https:\/\/radioljubuski.ba\/#\/schema\/logo\/image\/"},"sameAs":["https:\/\/www.facebook.com\/Radiio-Ljubuski-1490835324566332","https:\/\/x.com\/radioljubuski","https:\/\/hr.linkedin.com\/company\/radio-ljubuski","https:\/\/www.youtube.com\/channel\/UCHYaeO_n0Db3tjNGudGpXyw"]},{"@type":"Person","@id":"https:\/\/radioljubuski.ba\/#\/schema\/person\/19fc700381a780f69665d7956c469e3b","name":"Radio Ljubu\u0161ki"}]}},"_links":{"self":[{"href":"https:\/\/radioljubuski.ba\/index.php\/wp-json\/wp\/v2\/posts\/34901","targetHints":{"allow":["GET"]}}],"collection":[{"href":"https:\/\/radioljubuski.ba\/index.php\/wp-json\/wp\/v2\/posts"}],"about":[{"href":"https:\/\/radioljubuski.ba\/index.php\/wp-json\/wp\/v2\/types\/post"}],"author":[{"embeddable":true,"href":"https:\/\/radioljubuski.ba\/index.php\/wp-json\/wp\/v2\/users\/2"}],"replies":[{"embeddable":true,"href":"https:\/\/radioljubuski.ba\/index.php\/wp-json\/wp\/v2\/comments?post=34901"}],"version-history":[{"count":1,"href":"https:\/\/radioljubuski.ba\/index.php\/wp-json\/wp\/v2\/posts\/34901\/revisions"}],"predecessor-version":[{"id":34903,"href":"https:\/\/radioljubuski.ba\/index.php\/wp-json\/wp\/v2\/posts\/34901\/revisions\/34903"}],"wp:featuredmedia":[{"embeddable":true,"href":"https:\/\/radioljubuski.ba\/index.php\/wp-json\/wp\/v2\/media\/34902"}],"wp:attachment":[{"href":"https:\/\/radioljubuski.ba\/index.php\/wp-json\/wp\/v2\/media?parent=34901"}],"wp:term":[{"taxonomy":"category","embeddable":true,"href":"https:\/\/radioljubuski.ba\/index.php\/wp-json\/wp\/v2\/categories?post=34901"},{"taxonomy":"post_tag","embeddable":true,"href":"https:\/\/radioljubuski.ba\/index.php\/wp-json\/wp\/v2\/tags?post=34901"}],"curies":[{"name":"wp","href":"https:\/\/api.w.org\/{rel}","templated":true}]}}