{"id":34918,"date":"2021-06-22T16:13:14","date_gmt":"2021-06-22T15:13:14","guid":{"rendered":"https:\/\/radioljubuski.ba\/?p=34918"},"modified":"2021-06-22T16:13:15","modified_gmt":"2021-06-22T15:13:15","slug":"dijaspora-i-turizam-kao-pokretaci-razvoja-ekonomije-u-bih","status":"publish","type":"post","link":"https:\/\/radioljubuski.ba\/index.php\/2021\/06\/22\/dijaspora-i-turizam-kao-pokretaci-razvoja-ekonomije-u-bih\/","title":{"rendered":"Dijaspora i turizam kao pokreta\u010di razvoja ekonomije u BiH"},"content":{"rendered":"\n<p>Promocija uspje\u0161nih pri\u010da o doprinosu dijaspore razvoju turizma u Bosni i Hercegovini te prezentacija mogu\u0107nosti ve\u0107eg uklju\u010divanja dijaspore u razvoj turizma cilj je danas u Sarajevu organizirane konferencije o temi &#8220;Bosna i Hercegovina u srcu: Dijaspora i turizam&#8221;.<\/p>\n\n\n\n<p>Kako su sudionici istaknuli, turizam ima potencijal da bude pokreta\u010d \u017eive ekonomije i to jer se u BiH mo\u017ee lako do\u0107i iz zemalja Europe i \u0161ire regije, BiH ima autenti\u010dne prirodne ljepote koje nude ne\u0161to \u0161to se ne mo\u017ee izgraditi, a turizam, uz to, mo\u017ee biti i pokreta\u010d zelene privrede i zelenog rasta.<\/p>\n\n\n\n<p>Na konferenciji je istaknut podatak da je u 2019. godini 11 posto bruto dru\u0161tvenog proizvoda (BDP) dolazilo iz doznaka koje je dijaspora slala u BiH, a BiH je prva zemlja u Evropi i 16. u svijetu po broju raseljenih osoba, \u0161to zna\u010di da ima ogroman ljudski potencijal izvan dr\u017eave.<\/p>\n\n\n\n<p>Cilj konferencije je da doprinese prepoznavanju dijaspore kao jedne od klju\u010dnih ciljnih grupa za razvoj turizma u BiH &#8211; kao turisti i agenti koji promoviraju bh. turizam u inostranstvu, ali i kao investitori u turisti\u010dki sektor.<\/p>\n\n\n\n<p>\u010clanovi dijaspore iz pet zemalja osvrnuli su se na prilike za podr\u0161ku dijaspore &nbsp;razvoju turizma u BiH i njegov oporavak nakon pandemije koronavirusa, transfer znanja i iskustva dijaspore u oblasti turizma, kao i promoviranje pri\u010da o uspjehu o doprinosu dijaspore za razvoj turizma.<\/p>\n\n\n\n<p>Rezidentna predstavnica UNDP-a u BiH Steliana Nedera podsjetila je da je u pitanju tre\u0107a ovakva konferencija organizirana s ciljem da se dijaspori predstave mogu\u0107nosti ulaganja kako bi mogli ponuditi svoja stru\u010dna znanja.<\/p>\n\n\n\n<p>&#8211; Poseban zna\u010daj konferencije je usmjerenost ka oporavku od pandemije i postoje ekonomske posljedice koje imamo u broju izgubljenih radnih mjesta u biznis sektoru, a turizma je trpio zbog ograni\u010denja putovanja &#8211; dodala je Nedera.<\/p>\n\n\n\n<p>Na odlazak iz zemlje gleda se kao na gubitak za zemlju, kazala je \u0161efica misije Me\u0111unarodne organizacije za migracije (IOM) u BiH i regionalna koordinatorica za zapadni Balkan Laura Lungarotti, te napomenula da bi se trebala &nbsp;pormijeniti takva perspektiva i sagledati pozitivne stvari.<\/p>\n\n\n\n<p>Veleposlanik \u0160vicarske u BiH Daniel Hunn podsjetio je da u toj zemlji \u017eivi velika bh. dijaspora te je namjera motivirati ih da ula\u017eu u BiH i na taj na\u010din da se osiguraju uvjeti za investicije.<\/p>\n\n\n\n<p>Podvukao je da BiH ima veoma jake turisti\u010dke potencijale, a ljudi iz BiH koji \u017eive u \u0160vicarskoj rade u turizmu i mogu doprinijeti razvoju ovdje, zbog \u010dega je potrebno zajedni\u010dki omogu\u0107iti uvjete za investiranje dijaspore.<\/p>\n\n\n\n<p>Bosna i Hercegovina se smatra jednom od brzorastu\u0107ih turisti\u010dkih destinacija u Europi, a slu\u017ebeni podaci o broju turista ukazuju da je Bosnu i Hercegovinu, do pandemije, posje\u0107ivalo tri puta vi\u0161e turista nego prije deset godina.<\/p>\n\n\n\n<p>Izvor:pogled.ba<\/p>\n","protected":false},"excerpt":{"rendered":"<p>Promocija uspje\u0161nih pri\u010da o doprinosu dijaspore razvoju turizma u Bosni i Hercegovini te prezentacija mogu\u0107nosti ve\u0107eg uklju\u010divanja dijaspore u razvoj turizma cilj je danas u Sarajevu organizirane konferencije o temi &#8220;Bosna i Hercegovina u srcu: Dijaspora i turizam&#8221;. Kako su sudionici istaknuli, turizam ima potencijal da bude pokreta\u010d \u017eive ekonomije i to jer se u [&hellip;]<\/p>\n","protected":false},"author":2,"featured_media":34919,"comment_status":"closed","ping_status":"closed","sticky":false,"template":"","format":"standard","meta":{"h5ap_radio_sources":[],"footnotes":""},"categories":[1],"tags":[],"class_list":["post-34918","post","type-post","status-publish","format-standard","has-post-thumbnail","hentry","category-bihiregija"],"yoast_head":"<!-- This site is optimized with the Yoast SEO plugin v27.5 - https:\/\/yoast.com\/product\/yoast-seo-wordpress\/ -->\n<title>Dijaspora i turizam kao pokreta\u010di razvoja ekonomije u BiH - RADIO LJUBU\u0160KI<\/title>\n<meta name=\"robots\" content=\"index, follow, max-snippet:-1, max-image-preview:large, max-video-preview:-1\" \/>\n<link rel=\"canonical\" href=\"https:\/\/radioljubuski.ba\/index.php\/2021\/06\/22\/dijaspora-i-turizam-kao-pokretaci-razvoja-ekonomije-u-bih\/\" \/>\n<meta property=\"og:locale\" content=\"hr_HR\" \/>\n<meta property=\"og:type\" content=\"article\" \/>\n<meta property=\"og:title\" content=\"Dijaspora i turizam kao pokreta\u010di razvoja ekonomije u BiH - RADIO LJUBU\u0160KI\" \/>\n<meta property=\"og:description\" content=\"Promocija uspje\u0161nih pri\u010da o doprinosu dijaspore razvoju turizma u Bosni i Hercegovini te prezentacija mogu\u0107nosti ve\u0107eg uklju\u010divanja dijaspore u razvoj turizma cilj je danas u Sarajevu organizirane konferencije o temi &#8220;Bosna i Hercegovina u srcu: Dijaspora i turizam&#8221;. Kako su sudionici istaknuli, turizam ima potencijal da bude pokreta\u010d \u017eive ekonomije i to jer se u [&hellip;]\" \/>\n<meta property=\"og:url\" content=\"https:\/\/radioljubuski.ba\/index.php\/2021\/06\/22\/dijaspora-i-turizam-kao-pokretaci-razvoja-ekonomije-u-bih\/\" \/>\n<meta property=\"og:site_name\" content=\"RADIO LJUBU\u0160KI\" \/>\n<meta property=\"article:publisher\" content=\"https:\/\/www.facebook.com\/Radiio-Ljubuski-1490835324566332\" \/>\n<meta property=\"article:published_time\" content=\"2021-06-22T15:13:14+00:00\" \/>\n<meta property=\"article:modified_time\" content=\"2021-06-22T15:13:15+00:00\" \/>\n<meta property=\"og:image\" content=\"https:\/\/radioljubuski.ba\/wp-content\/uploads\/2021\/06\/3-2021-06-22-13-36-06-220621_diaspora_markica.jpg\" \/>\n\t<meta property=\"og:image:width\" content=\"1000\" \/>\n\t<meta property=\"og:image:height\" content=\"625\" \/>\n\t<meta property=\"og:image:type\" content=\"image\/jpeg\" \/>\n<meta name=\"author\" content=\"Radio Ljubu\u0161ki\" \/>\n<meta name=\"twitter:card\" content=\"summary_large_image\" \/>\n<meta name=\"twitter:creator\" content=\"@radioljubuski\" \/>\n<meta name=\"twitter:site\" content=\"@radioljubuski\" \/>\n<meta name=\"twitter:label1\" content=\"Napisao\/la\" \/>\n\t<meta name=\"twitter:data1\" content=\"Radio Ljubu\u0161ki\" \/>\n\t<meta name=\"twitter:label2\" content=\"Procijenjeno vrijeme \u010ditanja\" \/>\n\t<meta name=\"twitter:data2\" content=\"2 minute\" \/>\n<script type=\"application\/ld+json\" class=\"yoast-schema-graph\">{\"@context\":\"https:\\\/\\\/schema.org\",\"@graph\":[{\"@type\":\"Article\",\"@id\":\"https:\\\/\\\/radioljubuski.ba\\\/index.php\\\/2021\\\/06\\\/22\\\/dijaspora-i-turizam-kao-pokretaci-razvoja-ekonomije-u-bih\\\/#article\",\"isPartOf\":{\"@id\":\"https:\\\/\\\/radioljubuski.ba\\\/index.php\\\/2021\\\/06\\\/22\\\/dijaspora-i-turizam-kao-pokretaci-razvoja-ekonomije-u-bih\\\/\"},\"author\":{\"name\":\"Radio Ljubu\u0161ki\",\"@id\":\"https:\\\/\\\/radioljubuski.ba\\\/#\\\/schema\\\/person\\\/19fc700381a780f69665d7956c469e3b\"},\"headline\":\"Dijaspora i turizam kao pokreta\u010di razvoja ekonomije u BiH\",\"datePublished\":\"2021-06-22T15:13:14+00:00\",\"dateModified\":\"2021-06-22T15:13:15+00:00\",\"mainEntityOfPage\":{\"@id\":\"https:\\\/\\\/radioljubuski.ba\\\/index.php\\\/2021\\\/06\\\/22\\\/dijaspora-i-turizam-kao-pokretaci-razvoja-ekonomije-u-bih\\\/\"},\"wordCount\":480,\"publisher\":{\"@id\":\"https:\\\/\\\/radioljubuski.ba\\\/#organization\"},\"image\":{\"@id\":\"https:\\\/\\\/radioljubuski.ba\\\/index.php\\\/2021\\\/06\\\/22\\\/dijaspora-i-turizam-kao-pokretaci-razvoja-ekonomije-u-bih\\\/#primaryimage\"},\"thumbnailUrl\":\"https:\\\/\\\/radioljubuski.ba\\\/wp-content\\\/uploads\\\/2021\\\/06\\\/3-2021-06-22-13-36-06-220621_diaspora_markica.jpg\",\"articleSection\":[\"BIH i regija\"],\"inLanguage\":\"hr\"},{\"@type\":\"WebPage\",\"@id\":\"https:\\\/\\\/radioljubuski.ba\\\/index.php\\\/2021\\\/06\\\/22\\\/dijaspora-i-turizam-kao-pokretaci-razvoja-ekonomije-u-bih\\\/\",\"url\":\"https:\\\/\\\/radioljubuski.ba\\\/index.php\\\/2021\\\/06\\\/22\\\/dijaspora-i-turizam-kao-pokretaci-razvoja-ekonomije-u-bih\\\/\",\"name\":\"Dijaspora i turizam kao pokreta\u010di razvoja ekonomije u BiH - RADIO LJUBU\u0160KI\",\"isPartOf\":{\"@id\":\"https:\\\/\\\/radioljubuski.ba\\\/#website\"},\"primaryImageOfPage\":{\"@id\":\"https:\\\/\\\/radioljubuski.ba\\\/index.php\\\/2021\\\/06\\\/22\\\/dijaspora-i-turizam-kao-pokretaci-razvoja-ekonomije-u-bih\\\/#primaryimage\"},\"image\":{\"@id\":\"https:\\\/\\\/radioljubuski.ba\\\/index.php\\\/2021\\\/06\\\/22\\\/dijaspora-i-turizam-kao-pokretaci-razvoja-ekonomije-u-bih\\\/#primaryimage\"},\"thumbnailUrl\":\"https:\\\/\\\/radioljubuski.ba\\\/wp-content\\\/uploads\\\/2021\\\/06\\\/3-2021-06-22-13-36-06-220621_diaspora_markica.jpg\",\"datePublished\":\"2021-06-22T15:13:14+00:00\",\"dateModified\":\"2021-06-22T15:13:15+00:00\",\"breadcrumb\":{\"@id\":\"https:\\\/\\\/radioljubuski.ba\\\/index.php\\\/2021\\\/06\\\/22\\\/dijaspora-i-turizam-kao-pokretaci-razvoja-ekonomije-u-bih\\\/#breadcrumb\"},\"inLanguage\":\"hr\",\"potentialAction\":[{\"@type\":\"ReadAction\",\"target\":[\"https:\\\/\\\/radioljubuski.ba\\\/index.php\\\/2021\\\/06\\\/22\\\/dijaspora-i-turizam-kao-pokretaci-razvoja-ekonomije-u-bih\\\/\"]}]},{\"@type\":\"ImageObject\",\"inLanguage\":\"hr\",\"@id\":\"https:\\\/\\\/radioljubuski.ba\\\/index.php\\\/2021\\\/06\\\/22\\\/dijaspora-i-turizam-kao-pokretaci-razvoja-ekonomije-u-bih\\\/#primaryimage\",\"url\":\"https:\\\/\\\/radioljubuski.ba\\\/wp-content\\\/uploads\\\/2021\\\/06\\\/3-2021-06-22-13-36-06-220621_diaspora_markica.jpg\",\"contentUrl\":\"https:\\\/\\\/radioljubuski.ba\\\/wp-content\\\/uploads\\\/2021\\\/06\\\/3-2021-06-22-13-36-06-220621_diaspora_markica.jpg\",\"width\":1000,\"height\":625},{\"@type\":\"BreadcrumbList\",\"@id\":\"https:\\\/\\\/radioljubuski.ba\\\/index.php\\\/2021\\\/06\\\/22\\\/dijaspora-i-turizam-kao-pokretaci-razvoja-ekonomije-u-bih\\\/#breadcrumb\",\"itemListElement\":[{\"@type\":\"ListItem\",\"position\":1,\"name\":\"Po\u010detna stranica\",\"item\":\"https:\\\/\\\/radioljubuski.ba\\\/\"},{\"@type\":\"ListItem\",\"position\":2,\"name\":\"Dijaspora i turizam kao pokreta\u010di razvoja ekonomije u BiH\"}]},{\"@type\":\"WebSite\",\"@id\":\"https:\\\/\\\/radioljubuski.ba\\\/#website\",\"url\":\"https:\\\/\\\/radioljubuski.ba\\\/\",\"name\":\"Radio Ljubu\u0161ki\",\"description\":\"Sun\u010dana frekvencija Hercegovine\",\"publisher\":{\"@id\":\"https:\\\/\\\/radioljubuski.ba\\\/#organization\"},\"potentialAction\":[{\"@type\":\"SearchAction\",\"target\":{\"@type\":\"EntryPoint\",\"urlTemplate\":\"https:\\\/\\\/radioljubuski.ba\\\/?s={search_term_string}\"},\"query-input\":{\"@type\":\"PropertyValueSpecification\",\"valueRequired\":true,\"valueName\":\"search_term_string\"}}],\"inLanguage\":\"hr\"},{\"@type\":\"Organization\",\"@id\":\"https:\\\/\\\/radioljubuski.ba\\\/#organization\",\"name\":\"Radio Ljubu\u0161ki\",\"url\":\"https:\\\/\\\/radioljubuski.ba\\\/\",\"logo\":{\"@type\":\"ImageObject\",\"inLanguage\":\"hr\",\"@id\":\"https:\\\/\\\/radioljubuski.ba\\\/#\\\/schema\\\/logo\\\/image\\\/\",\"url\":\"https:\\\/\\\/radioljubuski.ba\\\/wp-content\\\/uploads\\\/2021\\\/02\\\/cropped-Radio_Ljubuski_logo1.jpg\",\"contentUrl\":\"https:\\\/\\\/radioljubuski.ba\\\/wp-content\\\/uploads\\\/2021\\\/02\\\/cropped-Radio_Ljubuski_logo1.jpg\",\"width\":512,\"height\":512,\"caption\":\"Radio Ljubu\u0161ki\"},\"image\":{\"@id\":\"https:\\\/\\\/radioljubuski.ba\\\/#\\\/schema\\\/logo\\\/image\\\/\"},\"sameAs\":[\"https:\\\/\\\/www.facebook.com\\\/Radiio-Ljubuski-1490835324566332\",\"https:\\\/\\\/x.com\\\/radioljubuski\",\"https:\\\/\\\/hr.linkedin.com\\\/company\\\/radio-ljubuski\",\"https:\\\/\\\/www.youtube.com\\\/channel\\\/UCHYaeO_n0Db3tjNGudGpXyw\"]},{\"@type\":\"Person\",\"@id\":\"https:\\\/\\\/radioljubuski.ba\\\/#\\\/schema\\\/person\\\/19fc700381a780f69665d7956c469e3b\",\"name\":\"Radio Ljubu\u0161ki\"}]}<\/script>\n<!-- \/ Yoast SEO plugin. -->","yoast_head_json":{"title":"Dijaspora i turizam kao pokreta\u010di razvoja ekonomije u BiH - RADIO LJUBU\u0160KI","robots":{"index":"index","follow":"follow","max-snippet":"max-snippet:-1","max-image-preview":"max-image-preview:large","max-video-preview":"max-video-preview:-1"},"canonical":"https:\/\/radioljubuski.ba\/index.php\/2021\/06\/22\/dijaspora-i-turizam-kao-pokretaci-razvoja-ekonomije-u-bih\/","og_locale":"hr_HR","og_type":"article","og_title":"Dijaspora i turizam kao pokreta\u010di razvoja ekonomije u BiH - RADIO LJUBU\u0160KI","og_description":"Promocija uspje\u0161nih pri\u010da o doprinosu dijaspore razvoju turizma u Bosni i Hercegovini te prezentacija mogu\u0107nosti ve\u0107eg uklju\u010divanja dijaspore u razvoj turizma cilj je danas u Sarajevu organizirane konferencije o temi &#8220;Bosna i Hercegovina u srcu: Dijaspora i turizam&#8221;. Kako su sudionici istaknuli, turizam ima potencijal da bude pokreta\u010d \u017eive ekonomije i to jer se u [&hellip;]","og_url":"https:\/\/radioljubuski.ba\/index.php\/2021\/06\/22\/dijaspora-i-turizam-kao-pokretaci-razvoja-ekonomije-u-bih\/","og_site_name":"RADIO LJUBU\u0160KI","article_publisher":"https:\/\/www.facebook.com\/Radiio-Ljubuski-1490835324566332","article_published_time":"2021-06-22T15:13:14+00:00","article_modified_time":"2021-06-22T15:13:15+00:00","og_image":[{"width":1000,"height":625,"url":"https:\/\/radioljubuski.ba\/wp-content\/uploads\/2021\/06\/3-2021-06-22-13-36-06-220621_diaspora_markica.jpg","type":"image\/jpeg"}],"author":"Radio Ljubu\u0161ki","twitter_card":"summary_large_image","twitter_creator":"@radioljubuski","twitter_site":"@radioljubuski","twitter_misc":{"Napisao\/la":"Radio Ljubu\u0161ki","Procijenjeno vrijeme \u010ditanja":"2 minute"},"schema":{"@context":"https:\/\/schema.org","@graph":[{"@type":"Article","@id":"https:\/\/radioljubuski.ba\/index.php\/2021\/06\/22\/dijaspora-i-turizam-kao-pokretaci-razvoja-ekonomije-u-bih\/#article","isPartOf":{"@id":"https:\/\/radioljubuski.ba\/index.php\/2021\/06\/22\/dijaspora-i-turizam-kao-pokretaci-razvoja-ekonomije-u-bih\/"},"author":{"name":"Radio Ljubu\u0161ki","@id":"https:\/\/radioljubuski.ba\/#\/schema\/person\/19fc700381a780f69665d7956c469e3b"},"headline":"Dijaspora i turizam kao pokreta\u010di razvoja ekonomije u BiH","datePublished":"2021-06-22T15:13:14+00:00","dateModified":"2021-06-22T15:13:15+00:00","mainEntityOfPage":{"@id":"https:\/\/radioljubuski.ba\/index.php\/2021\/06\/22\/dijaspora-i-turizam-kao-pokretaci-razvoja-ekonomije-u-bih\/"},"wordCount":480,"publisher":{"@id":"https:\/\/radioljubuski.ba\/#organization"},"image":{"@id":"https:\/\/radioljubuski.ba\/index.php\/2021\/06\/22\/dijaspora-i-turizam-kao-pokretaci-razvoja-ekonomije-u-bih\/#primaryimage"},"thumbnailUrl":"https:\/\/radioljubuski.ba\/wp-content\/uploads\/2021\/06\/3-2021-06-22-13-36-06-220621_diaspora_markica.jpg","articleSection":["BIH i regija"],"inLanguage":"hr"},{"@type":"WebPage","@id":"https:\/\/radioljubuski.ba\/index.php\/2021\/06\/22\/dijaspora-i-turizam-kao-pokretaci-razvoja-ekonomije-u-bih\/","url":"https:\/\/radioljubuski.ba\/index.php\/2021\/06\/22\/dijaspora-i-turizam-kao-pokretaci-razvoja-ekonomije-u-bih\/","name":"Dijaspora i turizam kao pokreta\u010di razvoja ekonomije u BiH - RADIO LJUBU\u0160KI","isPartOf":{"@id":"https:\/\/radioljubuski.ba\/#website"},"primaryImageOfPage":{"@id":"https:\/\/radioljubuski.ba\/index.php\/2021\/06\/22\/dijaspora-i-turizam-kao-pokretaci-razvoja-ekonomije-u-bih\/#primaryimage"},"image":{"@id":"https:\/\/radioljubuski.ba\/index.php\/2021\/06\/22\/dijaspora-i-turizam-kao-pokretaci-razvoja-ekonomije-u-bih\/#primaryimage"},"thumbnailUrl":"https:\/\/radioljubuski.ba\/wp-content\/uploads\/2021\/06\/3-2021-06-22-13-36-06-220621_diaspora_markica.jpg","datePublished":"2021-06-22T15:13:14+00:00","dateModified":"2021-06-22T15:13:15+00:00","breadcrumb":{"@id":"https:\/\/radioljubuski.ba\/index.php\/2021\/06\/22\/dijaspora-i-turizam-kao-pokretaci-razvoja-ekonomije-u-bih\/#breadcrumb"},"inLanguage":"hr","potentialAction":[{"@type":"ReadAction","target":["https:\/\/radioljubuski.ba\/index.php\/2021\/06\/22\/dijaspora-i-turizam-kao-pokretaci-razvoja-ekonomije-u-bih\/"]}]},{"@type":"ImageObject","inLanguage":"hr","@id":"https:\/\/radioljubuski.ba\/index.php\/2021\/06\/22\/dijaspora-i-turizam-kao-pokretaci-razvoja-ekonomije-u-bih\/#primaryimage","url":"https:\/\/radioljubuski.ba\/wp-content\/uploads\/2021\/06\/3-2021-06-22-13-36-06-220621_diaspora_markica.jpg","contentUrl":"https:\/\/radioljubuski.ba\/wp-content\/uploads\/2021\/06\/3-2021-06-22-13-36-06-220621_diaspora_markica.jpg","width":1000,"height":625},{"@type":"BreadcrumbList","@id":"https:\/\/radioljubuski.ba\/index.php\/2021\/06\/22\/dijaspora-i-turizam-kao-pokretaci-razvoja-ekonomije-u-bih\/#breadcrumb","itemListElement":[{"@type":"ListItem","position":1,"name":"Po\u010detna stranica","item":"https:\/\/radioljubuski.ba\/"},{"@type":"ListItem","position":2,"name":"Dijaspora i turizam kao pokreta\u010di razvoja ekonomije u BiH"}]},{"@type":"WebSite","@id":"https:\/\/radioljubuski.ba\/#website","url":"https:\/\/radioljubuski.ba\/","name":"Radio Ljubu\u0161ki","description":"Sun\u010dana frekvencija Hercegovine","publisher":{"@id":"https:\/\/radioljubuski.ba\/#organization"},"potentialAction":[{"@type":"SearchAction","target":{"@type":"EntryPoint","urlTemplate":"https:\/\/radioljubuski.ba\/?s={search_term_string}"},"query-input":{"@type":"PropertyValueSpecification","valueRequired":true,"valueName":"search_term_string"}}],"inLanguage":"hr"},{"@type":"Organization","@id":"https:\/\/radioljubuski.ba\/#organization","name":"Radio Ljubu\u0161ki","url":"https:\/\/radioljubuski.ba\/","logo":{"@type":"ImageObject","inLanguage":"hr","@id":"https:\/\/radioljubuski.ba\/#\/schema\/logo\/image\/","url":"https:\/\/radioljubuski.ba\/wp-content\/uploads\/2021\/02\/cropped-Radio_Ljubuski_logo1.jpg","contentUrl":"https:\/\/radioljubuski.ba\/wp-content\/uploads\/2021\/02\/cropped-Radio_Ljubuski_logo1.jpg","width":512,"height":512,"caption":"Radio Ljubu\u0161ki"},"image":{"@id":"https:\/\/radioljubuski.ba\/#\/schema\/logo\/image\/"},"sameAs":["https:\/\/www.facebook.com\/Radiio-Ljubuski-1490835324566332","https:\/\/x.com\/radioljubuski","https:\/\/hr.linkedin.com\/company\/radio-ljubuski","https:\/\/www.youtube.com\/channel\/UCHYaeO_n0Db3tjNGudGpXyw"]},{"@type":"Person","@id":"https:\/\/radioljubuski.ba\/#\/schema\/person\/19fc700381a780f69665d7956c469e3b","name":"Radio Ljubu\u0161ki"}]}},"_links":{"self":[{"href":"https:\/\/radioljubuski.ba\/index.php\/wp-json\/wp\/v2\/posts\/34918","targetHints":{"allow":["GET"]}}],"collection":[{"href":"https:\/\/radioljubuski.ba\/index.php\/wp-json\/wp\/v2\/posts"}],"about":[{"href":"https:\/\/radioljubuski.ba\/index.php\/wp-json\/wp\/v2\/types\/post"}],"author":[{"embeddable":true,"href":"https:\/\/radioljubuski.ba\/index.php\/wp-json\/wp\/v2\/users\/2"}],"replies":[{"embeddable":true,"href":"https:\/\/radioljubuski.ba\/index.php\/wp-json\/wp\/v2\/comments?post=34918"}],"version-history":[{"count":1,"href":"https:\/\/radioljubuski.ba\/index.php\/wp-json\/wp\/v2\/posts\/34918\/revisions"}],"predecessor-version":[{"id":34920,"href":"https:\/\/radioljubuski.ba\/index.php\/wp-json\/wp\/v2\/posts\/34918\/revisions\/34920"}],"wp:featuredmedia":[{"embeddable":true,"href":"https:\/\/radioljubuski.ba\/index.php\/wp-json\/wp\/v2\/media\/34919"}],"wp:attachment":[{"href":"https:\/\/radioljubuski.ba\/index.php\/wp-json\/wp\/v2\/media?parent=34918"}],"wp:term":[{"taxonomy":"category","embeddable":true,"href":"https:\/\/radioljubuski.ba\/index.php\/wp-json\/wp\/v2\/categories?post=34918"},{"taxonomy":"post_tag","embeddable":true,"href":"https:\/\/radioljubuski.ba\/index.php\/wp-json\/wp\/v2\/tags?post=34918"}],"curies":[{"name":"wp","href":"https:\/\/api.w.org\/{rel}","templated":true}]}}