{"id":34926,"date":"2021-06-22T16:16:50","date_gmt":"2021-06-22T15:16:50","guid":{"rendered":"https:\/\/radioljubuski.ba\/?p=34926"},"modified":"2021-06-22T16:16:51","modified_gmt":"2021-06-22T15:16:51","slug":"federacija-blokira-izvoz-konzumnih-jaja-na-europsko-trziste","status":"publish","type":"post","link":"https:\/\/radioljubuski.ba\/index.php\/2021\/06\/22\/federacija-blokira-izvoz-konzumnih-jaja-na-europsko-trziste\/","title":{"rendered":"Federacija blokira izvoz konzumnih jaja na europsko tr\u017ei\u0161te"},"content":{"rendered":"\n<p>Ministar vanjske trgovine i ekonomskih odnosa BiH Sta\u0161a Ko\u0161arac razgovarao je danas u Sarajevu sa novoimenovanim direktorom Ureda za veterinarstvo BiH Sa\u0161om Bo\u0161kovi\u0107em o nizu aktuelnih pitanja u nadle\u017enosti te upravne organizacije u sastavu Ministarstva. &nbsp; &nbsp; &nbsp; &nbsp; &nbsp; &nbsp;<\/p>\n\n\n\n<p>Ko\u0161arac je naglasio da su za\u0161tita doma\u0107e proizvodnje i plasman doma\u0107ih proizvoda na nova tr\u017ei\u0161ta nulti prioritet u radu Ministarstva, pri \u010demu inzistira na ravnopravnoj zastupljenosti i tretmanu tvrtki iz oba entiteta.<\/p>\n\n\n\n<p>-Intenzivno radimo na otvaranju europskog tr\u017ei\u0161ta sa 500 milijuna potencijalnih potro\u0161a\u010da za na\u0161e poljoprivredne proizvo\u0111a\u010de. Prioritet je mogu\u0107nost izvoza crvenog mesa i konzumnih jaja u EU, kao i odobravanje transporta \u017eive stoke kroz EU na tr\u017ei\u0161te tre\u0107ih zemalja &#8211; rekao je Ko\u0161arac.<\/p>\n\n\n\n<p>Bo\u0161kovi\u0107 je informirao ministra da je upitnik za izvoz proizvoda ribarstva u EU u fazi popunjavanja, te da \u0107e taj proces biti zavr\u0161en do 12. kolovoza ove godine, kada je rok za njegovu dostavu.<\/p>\n\n\n\n<p>Ko\u0161arac je ocijenio da tr\u017ei\u0161ta Rusije, Kine, Malezije, Izraela, Kuvajta, Ujedinjenih Arapskih Emirata i Saudijske Arabije predstavljaju izuzetnu priliku i dodatni poticaj za razvoj doma\u0107ih poljoprivrednih kapaciteta, posebno kada je rije\u010d o izvozu crvenog i mesa peradi, ribe, mlijeka i mlije\u010dnih proizvoda.<\/p>\n\n\n\n<p>-S tim u vezi, u centru pa\u017enje dolaze\u0107e posjete Rusiji biti \u0107e pitanje kako ubrzati procedure i aktivnosti na izvozu mlijeka i mlije\u010dnih proizvoda, crvenog i mesa peradi, te ribe na rusko tr\u017ei\u0161te &#8211; najavio je Ko\u0161arac.<\/p>\n\n\n\n<p>On je informirao sugovornika da na \u010delu Ministarstva vanjske trgovine i ekonomskih odnosa BiH, u skladu sa ustavnim nadle\u017enostima, u potpunosti provodi politiku usugla\u0161avanja i koordinacije sa resornim entitetskim ministarstvima, te izrazio o\u010dekivanje da \u0107e isti model primjenjivati i Ured za veterinarstvo BiH.<\/p>\n\n\n\n<p>-Smatram da sve institucije moraju biti servis gospodarstvu i zbog toga zahtijevam punu mobilnost. Na\u017ealost, svjedoci smo da predstavnici nadle\u017enih institucija u Federaciji BiH ko\u010de odre\u0111ene procese, poput izvoza konzumnih jaja na europsko tr\u017ei\u0161te. Nedopustivo je da vi\u0161e od godinu dana \u010dekamo da nam dostave popis farmi i izvje\u0161taje o provedenoj kontroli salmonele, \u0161to je uvjet za izradu programa kontrole salmonele. To zahtijeva EU u procesu odobravanja izvoza konzumnih jaja. Republika Srpska je odradila svoj dio posla &#8211; naglasio je Ko\u0161arac. &nbsp;&nbsp;<\/p>\n\n\n\n<p>Izvor:pogled.ba<\/p>\n","protected":false},"excerpt":{"rendered":"<p>Ministar vanjske trgovine i ekonomskih odnosa BiH Sta\u0161a Ko\u0161arac razgovarao je danas u Sarajevu sa novoimenovanim direktorom Ureda za veterinarstvo BiH Sa\u0161om Bo\u0161kovi\u0107em o nizu aktuelnih pitanja u nadle\u017enosti te upravne organizacije u sastavu Ministarstva. &nbsp; &nbsp; &nbsp; &nbsp; &nbsp; &nbsp; Ko\u0161arac je naglasio da su za\u0161tita doma\u0107e proizvodnje i plasman doma\u0107ih proizvoda na nova [&hellip;]<\/p>\n","protected":false},"author":2,"featured_media":34927,"comment_status":"closed","ping_status":"closed","sticky":false,"template":"","format":"standard","meta":{"h5ap_radio_sources":[],"footnotes":""},"categories":[1],"tags":[],"class_list":["post-34926","post","type-post","status-publish","format-standard","has-post-thumbnail","hentry","category-bihiregija"],"yoast_head":"<!-- This site is optimized with the Yoast SEO plugin v27.5 - https:\/\/yoast.com\/product\/yoast-seo-wordpress\/ -->\n<title>Federacija blokira izvoz konzumnih jaja na europsko tr\u017ei\u0161te - RADIO LJUBU\u0160KI<\/title>\n<meta name=\"robots\" content=\"index, follow, max-snippet:-1, max-image-preview:large, max-video-preview:-1\" \/>\n<link rel=\"canonical\" href=\"https:\/\/radioljubuski.ba\/index.php\/2021\/06\/22\/federacija-blokira-izvoz-konzumnih-jaja-na-europsko-trziste\/\" \/>\n<meta property=\"og:locale\" content=\"hr_HR\" \/>\n<meta property=\"og:type\" content=\"article\" \/>\n<meta property=\"og:title\" content=\"Federacija blokira izvoz konzumnih jaja na europsko tr\u017ei\u0161te - RADIO LJUBU\u0160KI\" \/>\n<meta property=\"og:description\" content=\"Ministar vanjske trgovine i ekonomskih odnosa BiH Sta\u0161a Ko\u0161arac razgovarao je danas u Sarajevu sa novoimenovanim direktorom Ureda za veterinarstvo BiH Sa\u0161om Bo\u0161kovi\u0107em o nizu aktuelnih pitanja u nadle\u017enosti te upravne organizacije u sastavu Ministarstva. &nbsp; &nbsp; &nbsp; &nbsp; &nbsp; &nbsp; Ko\u0161arac je naglasio da su za\u0161tita doma\u0107e proizvodnje i plasman doma\u0107ih proizvoda na nova [&hellip;]\" \/>\n<meta property=\"og:url\" content=\"https:\/\/radioljubuski.ba\/index.php\/2021\/06\/22\/federacija-blokira-izvoz-konzumnih-jaja-na-europsko-trziste\/\" \/>\n<meta property=\"og:site_name\" content=\"RADIO LJUBU\u0160KI\" \/>\n<meta property=\"article:publisher\" content=\"https:\/\/www.facebook.com\/Radiio-Ljubuski-1490835324566332\" \/>\n<meta property=\"article:published_time\" content=\"2021-06-22T15:16:50+00:00\" \/>\n<meta property=\"article:modified_time\" content=\"2021-06-22T15:16:51+00:00\" \/>\n<meta property=\"og:image\" content=\"https:\/\/radioljubuski.ba\/wp-content\/uploads\/2021\/06\/3-2021-06-22-13-45-15-kosarac.jpg\" \/>\n\t<meta property=\"og:image:width\" content=\"1000\" \/>\n\t<meta property=\"og:image:height\" content=\"625\" \/>\n\t<meta property=\"og:image:type\" content=\"image\/jpeg\" \/>\n<meta name=\"author\" content=\"Radio Ljubu\u0161ki\" \/>\n<meta name=\"twitter:card\" content=\"summary_large_image\" \/>\n<meta name=\"twitter:creator\" content=\"@radioljubuski\" \/>\n<meta name=\"twitter:site\" content=\"@radioljubuski\" \/>\n<meta name=\"twitter:label1\" content=\"Napisao\/la\" \/>\n\t<meta name=\"twitter:data1\" content=\"Radio Ljubu\u0161ki\" \/>\n\t<meta name=\"twitter:label2\" content=\"Procijenjeno vrijeme \u010ditanja\" \/>\n\t<meta name=\"twitter:data2\" content=\"2 minute\" \/>\n<script type=\"application\/ld+json\" class=\"yoast-schema-graph\">{\"@context\":\"https:\\\/\\\/schema.org\",\"@graph\":[{\"@type\":\"Article\",\"@id\":\"https:\\\/\\\/radioljubuski.ba\\\/index.php\\\/2021\\\/06\\\/22\\\/federacija-blokira-izvoz-konzumnih-jaja-na-europsko-trziste\\\/#article\",\"isPartOf\":{\"@id\":\"https:\\\/\\\/radioljubuski.ba\\\/index.php\\\/2021\\\/06\\\/22\\\/federacija-blokira-izvoz-konzumnih-jaja-na-europsko-trziste\\\/\"},\"author\":{\"name\":\"Radio Ljubu\u0161ki\",\"@id\":\"https:\\\/\\\/radioljubuski.ba\\\/#\\\/schema\\\/person\\\/19fc700381a780f69665d7956c469e3b\"},\"headline\":\"Federacija blokira izvoz konzumnih jaja na europsko tr\u017ei\u0161te\",\"datePublished\":\"2021-06-22T15:16:50+00:00\",\"dateModified\":\"2021-06-22T15:16:51+00:00\",\"mainEntityOfPage\":{\"@id\":\"https:\\\/\\\/radioljubuski.ba\\\/index.php\\\/2021\\\/06\\\/22\\\/federacija-blokira-izvoz-konzumnih-jaja-na-europsko-trziste\\\/\"},\"wordCount\":414,\"publisher\":{\"@id\":\"https:\\\/\\\/radioljubuski.ba\\\/#organization\"},\"image\":{\"@id\":\"https:\\\/\\\/radioljubuski.ba\\\/index.php\\\/2021\\\/06\\\/22\\\/federacija-blokira-izvoz-konzumnih-jaja-na-europsko-trziste\\\/#primaryimage\"},\"thumbnailUrl\":\"https:\\\/\\\/radioljubuski.ba\\\/wp-content\\\/uploads\\\/2021\\\/06\\\/3-2021-06-22-13-45-15-kosarac.jpg\",\"articleSection\":[\"BIH i regija\"],\"inLanguage\":\"hr\"},{\"@type\":\"WebPage\",\"@id\":\"https:\\\/\\\/radioljubuski.ba\\\/index.php\\\/2021\\\/06\\\/22\\\/federacija-blokira-izvoz-konzumnih-jaja-na-europsko-trziste\\\/\",\"url\":\"https:\\\/\\\/radioljubuski.ba\\\/index.php\\\/2021\\\/06\\\/22\\\/federacija-blokira-izvoz-konzumnih-jaja-na-europsko-trziste\\\/\",\"name\":\"Federacija blokira izvoz konzumnih jaja na europsko tr\u017ei\u0161te - RADIO LJUBU\u0160KI\",\"isPartOf\":{\"@id\":\"https:\\\/\\\/radioljubuski.ba\\\/#website\"},\"primaryImageOfPage\":{\"@id\":\"https:\\\/\\\/radioljubuski.ba\\\/index.php\\\/2021\\\/06\\\/22\\\/federacija-blokira-izvoz-konzumnih-jaja-na-europsko-trziste\\\/#primaryimage\"},\"image\":{\"@id\":\"https:\\\/\\\/radioljubuski.ba\\\/index.php\\\/2021\\\/06\\\/22\\\/federacija-blokira-izvoz-konzumnih-jaja-na-europsko-trziste\\\/#primaryimage\"},\"thumbnailUrl\":\"https:\\\/\\\/radioljubuski.ba\\\/wp-content\\\/uploads\\\/2021\\\/06\\\/3-2021-06-22-13-45-15-kosarac.jpg\",\"datePublished\":\"2021-06-22T15:16:50+00:00\",\"dateModified\":\"2021-06-22T15:16:51+00:00\",\"breadcrumb\":{\"@id\":\"https:\\\/\\\/radioljubuski.ba\\\/index.php\\\/2021\\\/06\\\/22\\\/federacija-blokira-izvoz-konzumnih-jaja-na-europsko-trziste\\\/#breadcrumb\"},\"inLanguage\":\"hr\",\"potentialAction\":[{\"@type\":\"ReadAction\",\"target\":[\"https:\\\/\\\/radioljubuski.ba\\\/index.php\\\/2021\\\/06\\\/22\\\/federacija-blokira-izvoz-konzumnih-jaja-na-europsko-trziste\\\/\"]}]},{\"@type\":\"ImageObject\",\"inLanguage\":\"hr\",\"@id\":\"https:\\\/\\\/radioljubuski.ba\\\/index.php\\\/2021\\\/06\\\/22\\\/federacija-blokira-izvoz-konzumnih-jaja-na-europsko-trziste\\\/#primaryimage\",\"url\":\"https:\\\/\\\/radioljubuski.ba\\\/wp-content\\\/uploads\\\/2021\\\/06\\\/3-2021-06-22-13-45-15-kosarac.jpg\",\"contentUrl\":\"https:\\\/\\\/radioljubuski.ba\\\/wp-content\\\/uploads\\\/2021\\\/06\\\/3-2021-06-22-13-45-15-kosarac.jpg\",\"width\":1000,\"height\":625},{\"@type\":\"BreadcrumbList\",\"@id\":\"https:\\\/\\\/radioljubuski.ba\\\/index.php\\\/2021\\\/06\\\/22\\\/federacija-blokira-izvoz-konzumnih-jaja-na-europsko-trziste\\\/#breadcrumb\",\"itemListElement\":[{\"@type\":\"ListItem\",\"position\":1,\"name\":\"Po\u010detna stranica\",\"item\":\"https:\\\/\\\/radioljubuski.ba\\\/\"},{\"@type\":\"ListItem\",\"position\":2,\"name\":\"Federacija blokira izvoz konzumnih jaja na europsko tr\u017ei\u0161te\"}]},{\"@type\":\"WebSite\",\"@id\":\"https:\\\/\\\/radioljubuski.ba\\\/#website\",\"url\":\"https:\\\/\\\/radioljubuski.ba\\\/\",\"name\":\"Radio Ljubu\u0161ki\",\"description\":\"Sun\u010dana frekvencija Hercegovine\",\"publisher\":{\"@id\":\"https:\\\/\\\/radioljubuski.ba\\\/#organization\"},\"potentialAction\":[{\"@type\":\"SearchAction\",\"target\":{\"@type\":\"EntryPoint\",\"urlTemplate\":\"https:\\\/\\\/radioljubuski.ba\\\/?s={search_term_string}\"},\"query-input\":{\"@type\":\"PropertyValueSpecification\",\"valueRequired\":true,\"valueName\":\"search_term_string\"}}],\"inLanguage\":\"hr\"},{\"@type\":\"Organization\",\"@id\":\"https:\\\/\\\/radioljubuski.ba\\\/#organization\",\"name\":\"Radio Ljubu\u0161ki\",\"url\":\"https:\\\/\\\/radioljubuski.ba\\\/\",\"logo\":{\"@type\":\"ImageObject\",\"inLanguage\":\"hr\",\"@id\":\"https:\\\/\\\/radioljubuski.ba\\\/#\\\/schema\\\/logo\\\/image\\\/\",\"url\":\"https:\\\/\\\/radioljubuski.ba\\\/wp-content\\\/uploads\\\/2021\\\/02\\\/cropped-Radio_Ljubuski_logo1.jpg\",\"contentUrl\":\"https:\\\/\\\/radioljubuski.ba\\\/wp-content\\\/uploads\\\/2021\\\/02\\\/cropped-Radio_Ljubuski_logo1.jpg\",\"width\":512,\"height\":512,\"caption\":\"Radio Ljubu\u0161ki\"},\"image\":{\"@id\":\"https:\\\/\\\/radioljubuski.ba\\\/#\\\/schema\\\/logo\\\/image\\\/\"},\"sameAs\":[\"https:\\\/\\\/www.facebook.com\\\/Radiio-Ljubuski-1490835324566332\",\"https:\\\/\\\/x.com\\\/radioljubuski\",\"https:\\\/\\\/hr.linkedin.com\\\/company\\\/radio-ljubuski\",\"https:\\\/\\\/www.youtube.com\\\/channel\\\/UCHYaeO_n0Db3tjNGudGpXyw\"]},{\"@type\":\"Person\",\"@id\":\"https:\\\/\\\/radioljubuski.ba\\\/#\\\/schema\\\/person\\\/19fc700381a780f69665d7956c469e3b\",\"name\":\"Radio Ljubu\u0161ki\"}]}<\/script>\n<!-- \/ Yoast SEO plugin. -->","yoast_head_json":{"title":"Federacija blokira izvoz konzumnih jaja na europsko tr\u017ei\u0161te - RADIO LJUBU\u0160KI","robots":{"index":"index","follow":"follow","max-snippet":"max-snippet:-1","max-image-preview":"max-image-preview:large","max-video-preview":"max-video-preview:-1"},"canonical":"https:\/\/radioljubuski.ba\/index.php\/2021\/06\/22\/federacija-blokira-izvoz-konzumnih-jaja-na-europsko-trziste\/","og_locale":"hr_HR","og_type":"article","og_title":"Federacija blokira izvoz konzumnih jaja na europsko tr\u017ei\u0161te - RADIO LJUBU\u0160KI","og_description":"Ministar vanjske trgovine i ekonomskih odnosa BiH Sta\u0161a Ko\u0161arac razgovarao je danas u Sarajevu sa novoimenovanim direktorom Ureda za veterinarstvo BiH Sa\u0161om Bo\u0161kovi\u0107em o nizu aktuelnih pitanja u nadle\u017enosti te upravne organizacije u sastavu Ministarstva. &nbsp; &nbsp; &nbsp; &nbsp; &nbsp; &nbsp; Ko\u0161arac je naglasio da su za\u0161tita doma\u0107e proizvodnje i plasman doma\u0107ih proizvoda na nova [&hellip;]","og_url":"https:\/\/radioljubuski.ba\/index.php\/2021\/06\/22\/federacija-blokira-izvoz-konzumnih-jaja-na-europsko-trziste\/","og_site_name":"RADIO LJUBU\u0160KI","article_publisher":"https:\/\/www.facebook.com\/Radiio-Ljubuski-1490835324566332","article_published_time":"2021-06-22T15:16:50+00:00","article_modified_time":"2021-06-22T15:16:51+00:00","og_image":[{"width":1000,"height":625,"url":"https:\/\/radioljubuski.ba\/wp-content\/uploads\/2021\/06\/3-2021-06-22-13-45-15-kosarac.jpg","type":"image\/jpeg"}],"author":"Radio Ljubu\u0161ki","twitter_card":"summary_large_image","twitter_creator":"@radioljubuski","twitter_site":"@radioljubuski","twitter_misc":{"Napisao\/la":"Radio Ljubu\u0161ki","Procijenjeno vrijeme \u010ditanja":"2 minute"},"schema":{"@context":"https:\/\/schema.org","@graph":[{"@type":"Article","@id":"https:\/\/radioljubuski.ba\/index.php\/2021\/06\/22\/federacija-blokira-izvoz-konzumnih-jaja-na-europsko-trziste\/#article","isPartOf":{"@id":"https:\/\/radioljubuski.ba\/index.php\/2021\/06\/22\/federacija-blokira-izvoz-konzumnih-jaja-na-europsko-trziste\/"},"author":{"name":"Radio Ljubu\u0161ki","@id":"https:\/\/radioljubuski.ba\/#\/schema\/person\/19fc700381a780f69665d7956c469e3b"},"headline":"Federacija blokira izvoz konzumnih jaja na europsko tr\u017ei\u0161te","datePublished":"2021-06-22T15:16:50+00:00","dateModified":"2021-06-22T15:16:51+00:00","mainEntityOfPage":{"@id":"https:\/\/radioljubuski.ba\/index.php\/2021\/06\/22\/federacija-blokira-izvoz-konzumnih-jaja-na-europsko-trziste\/"},"wordCount":414,"publisher":{"@id":"https:\/\/radioljubuski.ba\/#organization"},"image":{"@id":"https:\/\/radioljubuski.ba\/index.php\/2021\/06\/22\/federacija-blokira-izvoz-konzumnih-jaja-na-europsko-trziste\/#primaryimage"},"thumbnailUrl":"https:\/\/radioljubuski.ba\/wp-content\/uploads\/2021\/06\/3-2021-06-22-13-45-15-kosarac.jpg","articleSection":["BIH i regija"],"inLanguage":"hr"},{"@type":"WebPage","@id":"https:\/\/radioljubuski.ba\/index.php\/2021\/06\/22\/federacija-blokira-izvoz-konzumnih-jaja-na-europsko-trziste\/","url":"https:\/\/radioljubuski.ba\/index.php\/2021\/06\/22\/federacija-blokira-izvoz-konzumnih-jaja-na-europsko-trziste\/","name":"Federacija blokira izvoz konzumnih jaja na europsko tr\u017ei\u0161te - RADIO LJUBU\u0160KI","isPartOf":{"@id":"https:\/\/radioljubuski.ba\/#website"},"primaryImageOfPage":{"@id":"https:\/\/radioljubuski.ba\/index.php\/2021\/06\/22\/federacija-blokira-izvoz-konzumnih-jaja-na-europsko-trziste\/#primaryimage"},"image":{"@id":"https:\/\/radioljubuski.ba\/index.php\/2021\/06\/22\/federacija-blokira-izvoz-konzumnih-jaja-na-europsko-trziste\/#primaryimage"},"thumbnailUrl":"https:\/\/radioljubuski.ba\/wp-content\/uploads\/2021\/06\/3-2021-06-22-13-45-15-kosarac.jpg","datePublished":"2021-06-22T15:16:50+00:00","dateModified":"2021-06-22T15:16:51+00:00","breadcrumb":{"@id":"https:\/\/radioljubuski.ba\/index.php\/2021\/06\/22\/federacija-blokira-izvoz-konzumnih-jaja-na-europsko-trziste\/#breadcrumb"},"inLanguage":"hr","potentialAction":[{"@type":"ReadAction","target":["https:\/\/radioljubuski.ba\/index.php\/2021\/06\/22\/federacija-blokira-izvoz-konzumnih-jaja-na-europsko-trziste\/"]}]},{"@type":"ImageObject","inLanguage":"hr","@id":"https:\/\/radioljubuski.ba\/index.php\/2021\/06\/22\/federacija-blokira-izvoz-konzumnih-jaja-na-europsko-trziste\/#primaryimage","url":"https:\/\/radioljubuski.ba\/wp-content\/uploads\/2021\/06\/3-2021-06-22-13-45-15-kosarac.jpg","contentUrl":"https:\/\/radioljubuski.ba\/wp-content\/uploads\/2021\/06\/3-2021-06-22-13-45-15-kosarac.jpg","width":1000,"height":625},{"@type":"BreadcrumbList","@id":"https:\/\/radioljubuski.ba\/index.php\/2021\/06\/22\/federacija-blokira-izvoz-konzumnih-jaja-na-europsko-trziste\/#breadcrumb","itemListElement":[{"@type":"ListItem","position":1,"name":"Po\u010detna stranica","item":"https:\/\/radioljubuski.ba\/"},{"@type":"ListItem","position":2,"name":"Federacija blokira izvoz konzumnih jaja na europsko tr\u017ei\u0161te"}]},{"@type":"WebSite","@id":"https:\/\/radioljubuski.ba\/#website","url":"https:\/\/radioljubuski.ba\/","name":"Radio Ljubu\u0161ki","description":"Sun\u010dana frekvencija Hercegovine","publisher":{"@id":"https:\/\/radioljubuski.ba\/#organization"},"potentialAction":[{"@type":"SearchAction","target":{"@type":"EntryPoint","urlTemplate":"https:\/\/radioljubuski.ba\/?s={search_term_string}"},"query-input":{"@type":"PropertyValueSpecification","valueRequired":true,"valueName":"search_term_string"}}],"inLanguage":"hr"},{"@type":"Organization","@id":"https:\/\/radioljubuski.ba\/#organization","name":"Radio Ljubu\u0161ki","url":"https:\/\/radioljubuski.ba\/","logo":{"@type":"ImageObject","inLanguage":"hr","@id":"https:\/\/radioljubuski.ba\/#\/schema\/logo\/image\/","url":"https:\/\/radioljubuski.ba\/wp-content\/uploads\/2021\/02\/cropped-Radio_Ljubuski_logo1.jpg","contentUrl":"https:\/\/radioljubuski.ba\/wp-content\/uploads\/2021\/02\/cropped-Radio_Ljubuski_logo1.jpg","width":512,"height":512,"caption":"Radio Ljubu\u0161ki"},"image":{"@id":"https:\/\/radioljubuski.ba\/#\/schema\/logo\/image\/"},"sameAs":["https:\/\/www.facebook.com\/Radiio-Ljubuski-1490835324566332","https:\/\/x.com\/radioljubuski","https:\/\/hr.linkedin.com\/company\/radio-ljubuski","https:\/\/www.youtube.com\/channel\/UCHYaeO_n0Db3tjNGudGpXyw"]},{"@type":"Person","@id":"https:\/\/radioljubuski.ba\/#\/schema\/person\/19fc700381a780f69665d7956c469e3b","name":"Radio Ljubu\u0161ki"}]}},"_links":{"self":[{"href":"https:\/\/radioljubuski.ba\/index.php\/wp-json\/wp\/v2\/posts\/34926","targetHints":{"allow":["GET"]}}],"collection":[{"href":"https:\/\/radioljubuski.ba\/index.php\/wp-json\/wp\/v2\/posts"}],"about":[{"href":"https:\/\/radioljubuski.ba\/index.php\/wp-json\/wp\/v2\/types\/post"}],"author":[{"embeddable":true,"href":"https:\/\/radioljubuski.ba\/index.php\/wp-json\/wp\/v2\/users\/2"}],"replies":[{"embeddable":true,"href":"https:\/\/radioljubuski.ba\/index.php\/wp-json\/wp\/v2\/comments?post=34926"}],"version-history":[{"count":1,"href":"https:\/\/radioljubuski.ba\/index.php\/wp-json\/wp\/v2\/posts\/34926\/revisions"}],"predecessor-version":[{"id":34928,"href":"https:\/\/radioljubuski.ba\/index.php\/wp-json\/wp\/v2\/posts\/34926\/revisions\/34928"}],"wp:featuredmedia":[{"embeddable":true,"href":"https:\/\/radioljubuski.ba\/index.php\/wp-json\/wp\/v2\/media\/34927"}],"wp:attachment":[{"href":"https:\/\/radioljubuski.ba\/index.php\/wp-json\/wp\/v2\/media?parent=34926"}],"wp:term":[{"taxonomy":"category","embeddable":true,"href":"https:\/\/radioljubuski.ba\/index.php\/wp-json\/wp\/v2\/categories?post=34926"},{"taxonomy":"post_tag","embeddable":true,"href":"https:\/\/radioljubuski.ba\/index.php\/wp-json\/wp\/v2\/tags?post=34926"}],"curies":[{"name":"wp","href":"https:\/\/api.w.org\/{rel}","templated":true}]}}