{"id":34935,"date":"2021-06-22T16:23:25","date_gmt":"2021-06-22T15:23:25","guid":{"rendered":"https:\/\/radioljubuski.ba\/?p=34935"},"modified":"2021-06-22T16:23:26","modified_gmt":"2021-06-22T15:23:26","slug":"bjelorusija-bijesna-zbog-sankcija-zapada-ovo-je-objava-ekonomskog-rata","status":"publish","type":"post","link":"https:\/\/radioljubuski.ba\/index.php\/2021\/06\/22\/bjelorusija-bijesna-zbog-sankcija-zapada-ovo-je-objava-ekonomskog-rata\/","title":{"rendered":"Bjelorusija bijesna zbog sankcija Zapada: &#8220;Ovo je objava ekonomskog rata&#8221;"},"content":{"rendered":"\n<p>Bjelorusija zapadne sankcije, uvedene zbog prisilnog slijetanja leta Ryanaira kako bi se uhitio jedan putnik, smatra objavom ekonomskog rata, priop\u0107ilo je u utorak tamo\u0161nje ministarstvo vanjskih poslova.&nbsp;<\/p>\n\n\n\n<p>Zapadne sile u ponedjeljak su koordinirano uvele novi niz sankcija protiv bjeloruskih du\u017enosnika, zastupnika i ministara iz vlade predsjednika Aleksandera Luka\u0161enka, nakon \u0161to su bjeloruske vlasti pro\u0161li mjesec prisilile zrakoplov Ryanaira, koji je letio iz Atene za Vilnius, da sleti kako bi mogao biti uhi\u0107en novinar disident koji je njime putovao.&nbsp;<\/p>\n\n\n\n<p>Minsk je objavio da \u0107e sankcije imati negativan utjecaj na bjelorusko stanovni\u0161tvo, pa je upozorio da \u0107e biti primoran donijeti recipro\u010dne mjere koje bi mogle na\u0161tetiti gra\u0111anima i tvrtkama zapadnih zemalja.&nbsp;<\/p>\n\n\n\n<p>&#8220;Namjerne destruktivne akcije&#8221;<\/p>\n\n\n\n<p>&#8220;Europska unija nastavlja namjerne destruktivne akcije protiv stanovni\u0161tva kako bi, navodno, financijski isu\u0161ila re\u017eim. To zapravo grani\u010di s objavom ekonomskog rata&#8221;, objavilo je ministarstvo.&nbsp;<\/p>\n\n\n\n<p>Ministri vanjskih poslova dr\u017eava \u010dlanica EU u ponedjeljak su uveli sankcije protiv 78 pojedinaca i osam pravnih osoba iz Bjelorusije zbog ozbiljnih kr\u0161enja ljudskih prava, represije prema civilnom dru\u0161tvu, demokratskoj oporbi i novinarima.<\/p>\n\n\n\n<p>Dr\u017eavama EU kasnije su se u sankcijama pridru\u017eili Velika Britanija, SAD i Kanada.&nbsp;<\/p>\n\n\n\n<p>Me\u0111u osobama protiv kojih su uvedene sankcija ima i nekoliko poznatih poslovnih ljudi koji podupiru re\u017eim Aleksandra Luka\u0161enka i imaju od njega koristi.<\/p>\n\n\n\n<p>Ovo je \u010detvrti krug sankcija, a restriktivnim mjerama EU do sada je obuhva\u0107eno 166 osoba i 15 pravnih subjekata iz Bjelorusije. &nbsp;<\/p>\n\n\n\n<p>Mjere uklju\u010duju zamrzavanje njihove imovine u EU, a europskim gra\u0111anima i poduze\u0107ima zabranjeno je s njima poslovati i upla\u0107ivati im novac.<\/p>\n\n\n\n<p>Izvor:pogled.ba<\/p>\n","protected":false},"excerpt":{"rendered":"<p>Bjelorusija zapadne sankcije, uvedene zbog prisilnog slijetanja leta Ryanaira kako bi se uhitio jedan putnik, smatra objavom ekonomskog rata, priop\u0107ilo je u utorak tamo\u0161nje ministarstvo vanjskih poslova.&nbsp; Zapadne sile u ponedjeljak su koordinirano uvele novi niz sankcija protiv bjeloruskih du\u017enosnika, zastupnika i ministara iz vlade predsjednika Aleksandera Luka\u0161enka, nakon \u0161to su bjeloruske vlasti pro\u0161li mjesec [&hellip;]<\/p>\n","protected":false},"author":2,"featured_media":26231,"comment_status":"closed","ping_status":"closed","sticky":false,"template":"","format":"standard","meta":{"h5ap_radio_sources":[],"footnotes":""},"categories":[1],"tags":[],"class_list":["post-34935","post","type-post","status-publish","format-standard","has-post-thumbnail","hentry","category-bihiregija"],"yoast_head":"<!-- This site is optimized with the Yoast SEO plugin v27.5 - https:\/\/yoast.com\/product\/yoast-seo-wordpress\/ -->\n<title>Bjelorusija bijesna zbog sankcija Zapada: &quot;Ovo je objava ekonomskog rata&quot; - RADIO LJUBU\u0160KI<\/title>\n<meta name=\"robots\" content=\"index, follow, max-snippet:-1, max-image-preview:large, max-video-preview:-1\" \/>\n<link rel=\"canonical\" href=\"https:\/\/radioljubuski.ba\/index.php\/2021\/06\/22\/bjelorusija-bijesna-zbog-sankcija-zapada-ovo-je-objava-ekonomskog-rata\/\" \/>\n<meta property=\"og:locale\" content=\"hr_HR\" \/>\n<meta property=\"og:type\" content=\"article\" \/>\n<meta property=\"og:title\" content=\"Bjelorusija bijesna zbog sankcija Zapada: &quot;Ovo je objava ekonomskog rata&quot; - RADIO LJUBU\u0160KI\" \/>\n<meta property=\"og:description\" content=\"Bjelorusija zapadne sankcije, uvedene zbog prisilnog slijetanja leta Ryanaira kako bi se uhitio jedan putnik, smatra objavom ekonomskog rata, priop\u0107ilo je u utorak tamo\u0161nje ministarstvo vanjskih poslova.&nbsp; Zapadne sile u ponedjeljak su koordinirano uvele novi niz sankcija protiv bjeloruskih du\u017enosnika, zastupnika i ministara iz vlade predsjednika Aleksandera Luka\u0161enka, nakon \u0161to su bjeloruske vlasti pro\u0161li mjesec [&hellip;]\" \/>\n<meta property=\"og:url\" content=\"https:\/\/radioljubuski.ba\/index.php\/2021\/06\/22\/bjelorusija-bijesna-zbog-sankcija-zapada-ovo-je-objava-ekonomskog-rata\/\" \/>\n<meta property=\"og:site_name\" content=\"RADIO LJUBU\u0160KI\" \/>\n<meta property=\"article:publisher\" content=\"https:\/\/www.facebook.com\/Radiio-Ljubuski-1490835324566332\" \/>\n<meta property=\"article:published_time\" content=\"2021-06-22T15:23:25+00:00\" \/>\n<meta property=\"article:modified_time\" content=\"2021-06-22T15:23:26+00:00\" \/>\n<meta property=\"og:image\" content=\"https:\/\/radioljubuski.ba\/wp-content\/uploads\/2021\/05\/lukasenko.jpg\" \/>\n\t<meta property=\"og:image:width\" content=\"1000\" \/>\n\t<meta property=\"og:image:height\" content=\"625\" \/>\n\t<meta property=\"og:image:type\" content=\"image\/jpeg\" \/>\n<meta name=\"author\" content=\"Radio Ljubu\u0161ki\" \/>\n<meta name=\"twitter:card\" content=\"summary_large_image\" \/>\n<meta name=\"twitter:creator\" content=\"@radioljubuski\" \/>\n<meta name=\"twitter:site\" content=\"@radioljubuski\" \/>\n<meta name=\"twitter:label1\" content=\"Napisao\/la\" \/>\n\t<meta name=\"twitter:data1\" content=\"Radio Ljubu\u0161ki\" \/>\n\t<meta name=\"twitter:label2\" content=\"Procijenjeno vrijeme \u010ditanja\" \/>\n\t<meta name=\"twitter:data2\" content=\"2 minute\" \/>\n<script type=\"application\/ld+json\" class=\"yoast-schema-graph\">{\"@context\":\"https:\\\/\\\/schema.org\",\"@graph\":[{\"@type\":\"Article\",\"@id\":\"https:\\\/\\\/radioljubuski.ba\\\/index.php\\\/2021\\\/06\\\/22\\\/bjelorusija-bijesna-zbog-sankcija-zapada-ovo-je-objava-ekonomskog-rata\\\/#article\",\"isPartOf\":{\"@id\":\"https:\\\/\\\/radioljubuski.ba\\\/index.php\\\/2021\\\/06\\\/22\\\/bjelorusija-bijesna-zbog-sankcija-zapada-ovo-je-objava-ekonomskog-rata\\\/\"},\"author\":{\"name\":\"Radio Ljubu\u0161ki\",\"@id\":\"https:\\\/\\\/radioljubuski.ba\\\/#\\\/schema\\\/person\\\/19fc700381a780f69665d7956c469e3b\"},\"headline\":\"Bjelorusija bijesna zbog sankcija Zapada: &#8220;Ovo je objava ekonomskog rata&#8221;\",\"datePublished\":\"2021-06-22T15:23:25+00:00\",\"dateModified\":\"2021-06-22T15:23:26+00:00\",\"mainEntityOfPage\":{\"@id\":\"https:\\\/\\\/radioljubuski.ba\\\/index.php\\\/2021\\\/06\\\/22\\\/bjelorusija-bijesna-zbog-sankcija-zapada-ovo-je-objava-ekonomskog-rata\\\/\"},\"wordCount\":290,\"publisher\":{\"@id\":\"https:\\\/\\\/radioljubuski.ba\\\/#organization\"},\"image\":{\"@id\":\"https:\\\/\\\/radioljubuski.ba\\\/index.php\\\/2021\\\/06\\\/22\\\/bjelorusija-bijesna-zbog-sankcija-zapada-ovo-je-objava-ekonomskog-rata\\\/#primaryimage\"},\"thumbnailUrl\":\"https:\\\/\\\/radioljubuski.ba\\\/wp-content\\\/uploads\\\/2021\\\/05\\\/lukasenko.jpg\",\"articleSection\":[\"BIH i regija\"],\"inLanguage\":\"hr\"},{\"@type\":\"WebPage\",\"@id\":\"https:\\\/\\\/radioljubuski.ba\\\/index.php\\\/2021\\\/06\\\/22\\\/bjelorusija-bijesna-zbog-sankcija-zapada-ovo-je-objava-ekonomskog-rata\\\/\",\"url\":\"https:\\\/\\\/radioljubuski.ba\\\/index.php\\\/2021\\\/06\\\/22\\\/bjelorusija-bijesna-zbog-sankcija-zapada-ovo-je-objava-ekonomskog-rata\\\/\",\"name\":\"Bjelorusija bijesna zbog sankcija Zapada: \\\"Ovo je objava ekonomskog rata\\\" - RADIO LJUBU\u0160KI\",\"isPartOf\":{\"@id\":\"https:\\\/\\\/radioljubuski.ba\\\/#website\"},\"primaryImageOfPage\":{\"@id\":\"https:\\\/\\\/radioljubuski.ba\\\/index.php\\\/2021\\\/06\\\/22\\\/bjelorusija-bijesna-zbog-sankcija-zapada-ovo-je-objava-ekonomskog-rata\\\/#primaryimage\"},\"image\":{\"@id\":\"https:\\\/\\\/radioljubuski.ba\\\/index.php\\\/2021\\\/06\\\/22\\\/bjelorusija-bijesna-zbog-sankcija-zapada-ovo-je-objava-ekonomskog-rata\\\/#primaryimage\"},\"thumbnailUrl\":\"https:\\\/\\\/radioljubuski.ba\\\/wp-content\\\/uploads\\\/2021\\\/05\\\/lukasenko.jpg\",\"datePublished\":\"2021-06-22T15:23:25+00:00\",\"dateModified\":\"2021-06-22T15:23:26+00:00\",\"breadcrumb\":{\"@id\":\"https:\\\/\\\/radioljubuski.ba\\\/index.php\\\/2021\\\/06\\\/22\\\/bjelorusija-bijesna-zbog-sankcija-zapada-ovo-je-objava-ekonomskog-rata\\\/#breadcrumb\"},\"inLanguage\":\"hr\",\"potentialAction\":[{\"@type\":\"ReadAction\",\"target\":[\"https:\\\/\\\/radioljubuski.ba\\\/index.php\\\/2021\\\/06\\\/22\\\/bjelorusija-bijesna-zbog-sankcija-zapada-ovo-je-objava-ekonomskog-rata\\\/\"]}]},{\"@type\":\"ImageObject\",\"inLanguage\":\"hr\",\"@id\":\"https:\\\/\\\/radioljubuski.ba\\\/index.php\\\/2021\\\/06\\\/22\\\/bjelorusija-bijesna-zbog-sankcija-zapada-ovo-je-objava-ekonomskog-rata\\\/#primaryimage\",\"url\":\"https:\\\/\\\/radioljubuski.ba\\\/wp-content\\\/uploads\\\/2021\\\/05\\\/lukasenko.jpg\",\"contentUrl\":\"https:\\\/\\\/radioljubuski.ba\\\/wp-content\\\/uploads\\\/2021\\\/05\\\/lukasenko.jpg\",\"width\":1000,\"height\":625},{\"@type\":\"BreadcrumbList\",\"@id\":\"https:\\\/\\\/radioljubuski.ba\\\/index.php\\\/2021\\\/06\\\/22\\\/bjelorusija-bijesna-zbog-sankcija-zapada-ovo-je-objava-ekonomskog-rata\\\/#breadcrumb\",\"itemListElement\":[{\"@type\":\"ListItem\",\"position\":1,\"name\":\"Po\u010detna stranica\",\"item\":\"https:\\\/\\\/radioljubuski.ba\\\/\"},{\"@type\":\"ListItem\",\"position\":2,\"name\":\"Bjelorusija bijesna zbog sankcija Zapada: &#8220;Ovo je objava ekonomskog rata&#8221;\"}]},{\"@type\":\"WebSite\",\"@id\":\"https:\\\/\\\/radioljubuski.ba\\\/#website\",\"url\":\"https:\\\/\\\/radioljubuski.ba\\\/\",\"name\":\"Radio Ljubu\u0161ki\",\"description\":\"Sun\u010dana frekvencija Hercegovine\",\"publisher\":{\"@id\":\"https:\\\/\\\/radioljubuski.ba\\\/#organization\"},\"potentialAction\":[{\"@type\":\"SearchAction\",\"target\":{\"@type\":\"EntryPoint\",\"urlTemplate\":\"https:\\\/\\\/radioljubuski.ba\\\/?s={search_term_string}\"},\"query-input\":{\"@type\":\"PropertyValueSpecification\",\"valueRequired\":true,\"valueName\":\"search_term_string\"}}],\"inLanguage\":\"hr\"},{\"@type\":\"Organization\",\"@id\":\"https:\\\/\\\/radioljubuski.ba\\\/#organization\",\"name\":\"Radio Ljubu\u0161ki\",\"url\":\"https:\\\/\\\/radioljubuski.ba\\\/\",\"logo\":{\"@type\":\"ImageObject\",\"inLanguage\":\"hr\",\"@id\":\"https:\\\/\\\/radioljubuski.ba\\\/#\\\/schema\\\/logo\\\/image\\\/\",\"url\":\"https:\\\/\\\/radioljubuski.ba\\\/wp-content\\\/uploads\\\/2021\\\/02\\\/cropped-Radio_Ljubuski_logo1.jpg\",\"contentUrl\":\"https:\\\/\\\/radioljubuski.ba\\\/wp-content\\\/uploads\\\/2021\\\/02\\\/cropped-Radio_Ljubuski_logo1.jpg\",\"width\":512,\"height\":512,\"caption\":\"Radio Ljubu\u0161ki\"},\"image\":{\"@id\":\"https:\\\/\\\/radioljubuski.ba\\\/#\\\/schema\\\/logo\\\/image\\\/\"},\"sameAs\":[\"https:\\\/\\\/www.facebook.com\\\/Radiio-Ljubuski-1490835324566332\",\"https:\\\/\\\/x.com\\\/radioljubuski\",\"https:\\\/\\\/hr.linkedin.com\\\/company\\\/radio-ljubuski\",\"https:\\\/\\\/www.youtube.com\\\/channel\\\/UCHYaeO_n0Db3tjNGudGpXyw\"]},{\"@type\":\"Person\",\"@id\":\"https:\\\/\\\/radioljubuski.ba\\\/#\\\/schema\\\/person\\\/19fc700381a780f69665d7956c469e3b\",\"name\":\"Radio Ljubu\u0161ki\"}]}<\/script>\n<!-- \/ Yoast SEO plugin. -->","yoast_head_json":{"title":"Bjelorusija bijesna zbog sankcija Zapada: \"Ovo je objava ekonomskog rata\" - RADIO LJUBU\u0160KI","robots":{"index":"index","follow":"follow","max-snippet":"max-snippet:-1","max-image-preview":"max-image-preview:large","max-video-preview":"max-video-preview:-1"},"canonical":"https:\/\/radioljubuski.ba\/index.php\/2021\/06\/22\/bjelorusija-bijesna-zbog-sankcija-zapada-ovo-je-objava-ekonomskog-rata\/","og_locale":"hr_HR","og_type":"article","og_title":"Bjelorusija bijesna zbog sankcija Zapada: \"Ovo je objava ekonomskog rata\" - RADIO LJUBU\u0160KI","og_description":"Bjelorusija zapadne sankcije, uvedene zbog prisilnog slijetanja leta Ryanaira kako bi se uhitio jedan putnik, smatra objavom ekonomskog rata, priop\u0107ilo je u utorak tamo\u0161nje ministarstvo vanjskih poslova.&nbsp; Zapadne sile u ponedjeljak su koordinirano uvele novi niz sankcija protiv bjeloruskih du\u017enosnika, zastupnika i ministara iz vlade predsjednika Aleksandera Luka\u0161enka, nakon \u0161to su bjeloruske vlasti pro\u0161li mjesec [&hellip;]","og_url":"https:\/\/radioljubuski.ba\/index.php\/2021\/06\/22\/bjelorusija-bijesna-zbog-sankcija-zapada-ovo-je-objava-ekonomskog-rata\/","og_site_name":"RADIO LJUBU\u0160KI","article_publisher":"https:\/\/www.facebook.com\/Radiio-Ljubuski-1490835324566332","article_published_time":"2021-06-22T15:23:25+00:00","article_modified_time":"2021-06-22T15:23:26+00:00","og_image":[{"width":1000,"height":625,"url":"https:\/\/radioljubuski.ba\/wp-content\/uploads\/2021\/05\/lukasenko.jpg","type":"image\/jpeg"}],"author":"Radio Ljubu\u0161ki","twitter_card":"summary_large_image","twitter_creator":"@radioljubuski","twitter_site":"@radioljubuski","twitter_misc":{"Napisao\/la":"Radio Ljubu\u0161ki","Procijenjeno vrijeme \u010ditanja":"2 minute"},"schema":{"@context":"https:\/\/schema.org","@graph":[{"@type":"Article","@id":"https:\/\/radioljubuski.ba\/index.php\/2021\/06\/22\/bjelorusija-bijesna-zbog-sankcija-zapada-ovo-je-objava-ekonomskog-rata\/#article","isPartOf":{"@id":"https:\/\/radioljubuski.ba\/index.php\/2021\/06\/22\/bjelorusija-bijesna-zbog-sankcija-zapada-ovo-je-objava-ekonomskog-rata\/"},"author":{"name":"Radio Ljubu\u0161ki","@id":"https:\/\/radioljubuski.ba\/#\/schema\/person\/19fc700381a780f69665d7956c469e3b"},"headline":"Bjelorusija bijesna zbog sankcija Zapada: &#8220;Ovo je objava ekonomskog rata&#8221;","datePublished":"2021-06-22T15:23:25+00:00","dateModified":"2021-06-22T15:23:26+00:00","mainEntityOfPage":{"@id":"https:\/\/radioljubuski.ba\/index.php\/2021\/06\/22\/bjelorusija-bijesna-zbog-sankcija-zapada-ovo-je-objava-ekonomskog-rata\/"},"wordCount":290,"publisher":{"@id":"https:\/\/radioljubuski.ba\/#organization"},"image":{"@id":"https:\/\/radioljubuski.ba\/index.php\/2021\/06\/22\/bjelorusija-bijesna-zbog-sankcija-zapada-ovo-je-objava-ekonomskog-rata\/#primaryimage"},"thumbnailUrl":"https:\/\/radioljubuski.ba\/wp-content\/uploads\/2021\/05\/lukasenko.jpg","articleSection":["BIH i regija"],"inLanguage":"hr"},{"@type":"WebPage","@id":"https:\/\/radioljubuski.ba\/index.php\/2021\/06\/22\/bjelorusija-bijesna-zbog-sankcija-zapada-ovo-je-objava-ekonomskog-rata\/","url":"https:\/\/radioljubuski.ba\/index.php\/2021\/06\/22\/bjelorusija-bijesna-zbog-sankcija-zapada-ovo-je-objava-ekonomskog-rata\/","name":"Bjelorusija bijesna zbog sankcija Zapada: \"Ovo je objava ekonomskog rata\" - RADIO LJUBU\u0160KI","isPartOf":{"@id":"https:\/\/radioljubuski.ba\/#website"},"primaryImageOfPage":{"@id":"https:\/\/radioljubuski.ba\/index.php\/2021\/06\/22\/bjelorusija-bijesna-zbog-sankcija-zapada-ovo-je-objava-ekonomskog-rata\/#primaryimage"},"image":{"@id":"https:\/\/radioljubuski.ba\/index.php\/2021\/06\/22\/bjelorusija-bijesna-zbog-sankcija-zapada-ovo-je-objava-ekonomskog-rata\/#primaryimage"},"thumbnailUrl":"https:\/\/radioljubuski.ba\/wp-content\/uploads\/2021\/05\/lukasenko.jpg","datePublished":"2021-06-22T15:23:25+00:00","dateModified":"2021-06-22T15:23:26+00:00","breadcrumb":{"@id":"https:\/\/radioljubuski.ba\/index.php\/2021\/06\/22\/bjelorusija-bijesna-zbog-sankcija-zapada-ovo-je-objava-ekonomskog-rata\/#breadcrumb"},"inLanguage":"hr","potentialAction":[{"@type":"ReadAction","target":["https:\/\/radioljubuski.ba\/index.php\/2021\/06\/22\/bjelorusija-bijesna-zbog-sankcija-zapada-ovo-je-objava-ekonomskog-rata\/"]}]},{"@type":"ImageObject","inLanguage":"hr","@id":"https:\/\/radioljubuski.ba\/index.php\/2021\/06\/22\/bjelorusija-bijesna-zbog-sankcija-zapada-ovo-je-objava-ekonomskog-rata\/#primaryimage","url":"https:\/\/radioljubuski.ba\/wp-content\/uploads\/2021\/05\/lukasenko.jpg","contentUrl":"https:\/\/radioljubuski.ba\/wp-content\/uploads\/2021\/05\/lukasenko.jpg","width":1000,"height":625},{"@type":"BreadcrumbList","@id":"https:\/\/radioljubuski.ba\/index.php\/2021\/06\/22\/bjelorusija-bijesna-zbog-sankcija-zapada-ovo-je-objava-ekonomskog-rata\/#breadcrumb","itemListElement":[{"@type":"ListItem","position":1,"name":"Po\u010detna stranica","item":"https:\/\/radioljubuski.ba\/"},{"@type":"ListItem","position":2,"name":"Bjelorusija bijesna zbog sankcija Zapada: &#8220;Ovo je objava ekonomskog rata&#8221;"}]},{"@type":"WebSite","@id":"https:\/\/radioljubuski.ba\/#website","url":"https:\/\/radioljubuski.ba\/","name":"Radio Ljubu\u0161ki","description":"Sun\u010dana frekvencija Hercegovine","publisher":{"@id":"https:\/\/radioljubuski.ba\/#organization"},"potentialAction":[{"@type":"SearchAction","target":{"@type":"EntryPoint","urlTemplate":"https:\/\/radioljubuski.ba\/?s={search_term_string}"},"query-input":{"@type":"PropertyValueSpecification","valueRequired":true,"valueName":"search_term_string"}}],"inLanguage":"hr"},{"@type":"Organization","@id":"https:\/\/radioljubuski.ba\/#organization","name":"Radio Ljubu\u0161ki","url":"https:\/\/radioljubuski.ba\/","logo":{"@type":"ImageObject","inLanguage":"hr","@id":"https:\/\/radioljubuski.ba\/#\/schema\/logo\/image\/","url":"https:\/\/radioljubuski.ba\/wp-content\/uploads\/2021\/02\/cropped-Radio_Ljubuski_logo1.jpg","contentUrl":"https:\/\/radioljubuski.ba\/wp-content\/uploads\/2021\/02\/cropped-Radio_Ljubuski_logo1.jpg","width":512,"height":512,"caption":"Radio Ljubu\u0161ki"},"image":{"@id":"https:\/\/radioljubuski.ba\/#\/schema\/logo\/image\/"},"sameAs":["https:\/\/www.facebook.com\/Radiio-Ljubuski-1490835324566332","https:\/\/x.com\/radioljubuski","https:\/\/hr.linkedin.com\/company\/radio-ljubuski","https:\/\/www.youtube.com\/channel\/UCHYaeO_n0Db3tjNGudGpXyw"]},{"@type":"Person","@id":"https:\/\/radioljubuski.ba\/#\/schema\/person\/19fc700381a780f69665d7956c469e3b","name":"Radio Ljubu\u0161ki"}]}},"_links":{"self":[{"href":"https:\/\/radioljubuski.ba\/index.php\/wp-json\/wp\/v2\/posts\/34935","targetHints":{"allow":["GET"]}}],"collection":[{"href":"https:\/\/radioljubuski.ba\/index.php\/wp-json\/wp\/v2\/posts"}],"about":[{"href":"https:\/\/radioljubuski.ba\/index.php\/wp-json\/wp\/v2\/types\/post"}],"author":[{"embeddable":true,"href":"https:\/\/radioljubuski.ba\/index.php\/wp-json\/wp\/v2\/users\/2"}],"replies":[{"embeddable":true,"href":"https:\/\/radioljubuski.ba\/index.php\/wp-json\/wp\/v2\/comments?post=34935"}],"version-history":[{"count":1,"href":"https:\/\/radioljubuski.ba\/index.php\/wp-json\/wp\/v2\/posts\/34935\/revisions"}],"predecessor-version":[{"id":34936,"href":"https:\/\/radioljubuski.ba\/index.php\/wp-json\/wp\/v2\/posts\/34935\/revisions\/34936"}],"wp:featuredmedia":[{"embeddable":true,"href":"https:\/\/radioljubuski.ba\/index.php\/wp-json\/wp\/v2\/media\/26231"}],"wp:attachment":[{"href":"https:\/\/radioljubuski.ba\/index.php\/wp-json\/wp\/v2\/media?parent=34935"}],"wp:term":[{"taxonomy":"category","embeddable":true,"href":"https:\/\/radioljubuski.ba\/index.php\/wp-json\/wp\/v2\/categories?post=34935"},{"taxonomy":"post_tag","embeddable":true,"href":"https:\/\/radioljubuski.ba\/index.php\/wp-json\/wp\/v2\/tags?post=34935"}],"curies":[{"name":"wp","href":"https:\/\/api.w.org\/{rel}","templated":true}]}}