{"id":34937,"date":"2021-06-22T16:24:24","date_gmt":"2021-06-22T15:24:24","guid":{"rendered":"https:\/\/radioljubuski.ba\/?p=34937"},"modified":"2021-06-22T16:24:25","modified_gmt":"2021-06-22T15:24:25","slug":"podignuta-optuznica-za-ratni-zlocin-na-podrucju-bosanske-gradiske","status":"publish","type":"post","link":"https:\/\/radioljubuski.ba\/index.php\/2021\/06\/22\/podignuta-optuznica-za-ratni-zlocin-na-podrucju-bosanske-gradiske\/","title":{"rendered":"Podignuta optu\u017enica za ratni zlo\u010din na podru\u010dju Bosanske Gradi\u0161ke"},"content":{"rendered":"\n<p>Tu\u017eitelj Posebnog odjela za ratne zlo\u010dine Tu\u017eiteljstva BiH podigao je optu\u017enicu protiv Radeta Macure, ro\u0111enog 1963. godine u mjestu Bistrica, Bosanska Gradi\u0161ka, dr\u017eavljanina BiH, koji se tereti za zlo\u010din po\u010dinjen u ljeto 1992. godine u mjestu Turjak kod Bosanske Gradi\u0161ke.<\/p>\n\n\n\n<p>&#8211; Optu\u017eeni se tereti da je u lipnju 1992. godine, u svojstvu zapovjednika VRS (zapovjednik 1. \u010dete 2. bataljuna 1. lake gradi\u0161ke brigade) postupao protivno odredbama \u017eenevskih kovencija o za\u0161titi civilnih osoba za vrijeme rata &#8211; navodi se. U optu\u017enici se navodi da je optu\u017eeni, kao zapovjednik snaga VRS, zajedno sa njemu podre\u0111enim vojnicima, 23.lipnja 1992. godine vr\u0161io vojnu akciju pretresa terena. Na toj lokaciji nalazila se skupina civila bo\u0161nja\u010dke nacionalnosti, iz mjesta Kozarac, u op\u0107ini Prijedor, koja se bje\u017ee\u0107i pred ratnim sukobima poku\u0161avala prebaciti do granice sa R Hrvatskom na rijeci Savi. Nakon \u0161to su se civili, me\u0111u kojima su bile i tri \u017eene, predali, vojnici kojima je zapovijedao optu\u017eeni vr\u0161ili su ne\u010dovje\u010dno postupanje i zlostavljanje zarobljenih civila.<\/p>\n\n\n\n<p>Nakon toga su, iz vatrenog oru\u017eja, ubili navedene civile. Njihova tijela su 2003. godine prona\u0111ena, ekshumirana i identificirana. Optu\u017eeni Rade Macura tereti se da je neposredno, za vrijeme provo\u0111enja, zapovjedao tom vojnom akcijom i bio fizi\u010dki prisutan na mjestu doga\u0111aja, u akciji izravno sudjelovao sa njemu podre\u0111enim vojnicim te propustio poduzeti nu\u017ene i razumne mjere da u\u010dinitelji tog zlo\u010dina budu procesuirani i ka\u017enjeni. Time je, kako se navodi, po\u010dinio kazneno djelo ratni zlo\u010din protiv civilnog stanovni\u0161tva Kaznenog zakona Bosne i Hercegovine.<\/p>\n\n\n\n<p>&#8211; Navode optu\u017enice Tu\u017eiteljstvo \u0107e dokazivati pozivanjem 41 svjedoka, kao i vje\u0161taka vojne struke, uz prilaganje i izvo\u0111enje 125 materijalnih dokaza. Optu\u017enica je proslije\u0111ena Sudu BiH \u2013 priop\u0107eno je iz Tu\u017eiteljstva BiH.<\/p>\n\n\n\n<p>Izvor:vecernji.ba<\/p>\n","protected":false},"excerpt":{"rendered":"<p>Tu\u017eitelj Posebnog odjela za ratne zlo\u010dine Tu\u017eiteljstva BiH podigao je optu\u017enicu protiv Radeta Macure, ro\u0111enog 1963. godine u mjestu Bistrica, Bosanska Gradi\u0161ka, dr\u017eavljanina BiH, koji se tereti za zlo\u010din po\u010dinjen u ljeto 1992. godine u mjestu Turjak kod Bosanske Gradi\u0161ke. &#8211; Optu\u017eeni se tereti da je u lipnju 1992. godine, u svojstvu zapovjednika VRS (zapovjednik [&hellip;]<\/p>\n","protected":false},"author":2,"featured_media":11493,"comment_status":"closed","ping_status":"closed","sticky":false,"template":"","format":"standard","meta":{"h5ap_radio_sources":[],"footnotes":""},"categories":[1],"tags":[],"class_list":["post-34937","post","type-post","status-publish","format-standard","has-post-thumbnail","hentry","category-bihiregija"],"yoast_head":"<!-- This site is optimized with the Yoast SEO plugin v27.5 - https:\/\/yoast.com\/product\/yoast-seo-wordpress\/ -->\n<title>Podignuta optu\u017enica za ratni zlo\u010din na podru\u010dju Bosanske Gradi\u0161ke - RADIO LJUBU\u0160KI<\/title>\n<meta name=\"robots\" content=\"index, follow, max-snippet:-1, max-image-preview:large, max-video-preview:-1\" \/>\n<link rel=\"canonical\" href=\"https:\/\/radioljubuski.ba\/index.php\/2021\/06\/22\/podignuta-optuznica-za-ratni-zlocin-na-podrucju-bosanske-gradiske\/\" \/>\n<meta property=\"og:locale\" content=\"hr_HR\" \/>\n<meta property=\"og:type\" content=\"article\" \/>\n<meta property=\"og:title\" content=\"Podignuta optu\u017enica za ratni zlo\u010din na podru\u010dju Bosanske Gradi\u0161ke - RADIO LJUBU\u0160KI\" \/>\n<meta property=\"og:description\" content=\"Tu\u017eitelj Posebnog odjela za ratne zlo\u010dine Tu\u017eiteljstva BiH podigao je optu\u017enicu protiv Radeta Macure, ro\u0111enog 1963. godine u mjestu Bistrica, Bosanska Gradi\u0161ka, dr\u017eavljanina BiH, koji se tereti za zlo\u010din po\u010dinjen u ljeto 1992. godine u mjestu Turjak kod Bosanske Gradi\u0161ke. &#8211; Optu\u017eeni se tereti da je u lipnju 1992. godine, u svojstvu zapovjednika VRS (zapovjednik [&hellip;]\" \/>\n<meta property=\"og:url\" content=\"https:\/\/radioljubuski.ba\/index.php\/2021\/06\/22\/podignuta-optuznica-za-ratni-zlocin-na-podrucju-bosanske-gradiske\/\" \/>\n<meta property=\"og:site_name\" content=\"RADIO LJUBU\u0160KI\" \/>\n<meta property=\"article:publisher\" content=\"https:\/\/www.facebook.com\/Radiio-Ljubuski-1490835324566332\" \/>\n<meta property=\"article:published_time\" content=\"2021-06-22T15:24:24+00:00\" \/>\n<meta property=\"article:modified_time\" content=\"2021-06-22T15:24:25+00:00\" \/>\n<meta property=\"og:image\" content=\"https:\/\/radioljubuski.ba\/wp-content\/uploads\/2021\/04\/ri42WkXh_tuziteljstvo.jpg\" \/>\n\t<meta property=\"og:image:width\" content=\"1000\" \/>\n\t<meta property=\"og:image:height\" content=\"625\" \/>\n\t<meta property=\"og:image:type\" content=\"image\/jpeg\" \/>\n<meta name=\"author\" content=\"Radio Ljubu\u0161ki\" \/>\n<meta name=\"twitter:card\" content=\"summary_large_image\" \/>\n<meta name=\"twitter:creator\" content=\"@radioljubuski\" \/>\n<meta name=\"twitter:site\" content=\"@radioljubuski\" \/>\n<meta name=\"twitter:label1\" content=\"Napisao\/la\" \/>\n\t<meta name=\"twitter:data1\" content=\"Radio Ljubu\u0161ki\" \/>\n\t<meta name=\"twitter:label2\" content=\"Procijenjeno vrijeme \u010ditanja\" \/>\n\t<meta name=\"twitter:data2\" content=\"2 minute\" \/>\n<script type=\"application\/ld+json\" class=\"yoast-schema-graph\">{\"@context\":\"https:\\\/\\\/schema.org\",\"@graph\":[{\"@type\":\"Article\",\"@id\":\"https:\\\/\\\/radioljubuski.ba\\\/index.php\\\/2021\\\/06\\\/22\\\/podignuta-optuznica-za-ratni-zlocin-na-podrucju-bosanske-gradiske\\\/#article\",\"isPartOf\":{\"@id\":\"https:\\\/\\\/radioljubuski.ba\\\/index.php\\\/2021\\\/06\\\/22\\\/podignuta-optuznica-za-ratni-zlocin-na-podrucju-bosanske-gradiske\\\/\"},\"author\":{\"name\":\"Radio Ljubu\u0161ki\",\"@id\":\"https:\\\/\\\/radioljubuski.ba\\\/#\\\/schema\\\/person\\\/19fc700381a780f69665d7956c469e3b\"},\"headline\":\"Podignuta optu\u017enica za ratni zlo\u010din na podru\u010dju Bosanske Gradi\u0161ke\",\"datePublished\":\"2021-06-22T15:24:24+00:00\",\"dateModified\":\"2021-06-22T15:24:25+00:00\",\"mainEntityOfPage\":{\"@id\":\"https:\\\/\\\/radioljubuski.ba\\\/index.php\\\/2021\\\/06\\\/22\\\/podignuta-optuznica-za-ratni-zlocin-na-podrucju-bosanske-gradiske\\\/\"},\"wordCount\":327,\"publisher\":{\"@id\":\"https:\\\/\\\/radioljubuski.ba\\\/#organization\"},\"image\":{\"@id\":\"https:\\\/\\\/radioljubuski.ba\\\/index.php\\\/2021\\\/06\\\/22\\\/podignuta-optuznica-za-ratni-zlocin-na-podrucju-bosanske-gradiske\\\/#primaryimage\"},\"thumbnailUrl\":\"https:\\\/\\\/radioljubuski.ba\\\/wp-content\\\/uploads\\\/2021\\\/04\\\/ri42WkXh_tuziteljstvo.jpg\",\"articleSection\":[\"BIH i regija\"],\"inLanguage\":\"hr\"},{\"@type\":\"WebPage\",\"@id\":\"https:\\\/\\\/radioljubuski.ba\\\/index.php\\\/2021\\\/06\\\/22\\\/podignuta-optuznica-za-ratni-zlocin-na-podrucju-bosanske-gradiske\\\/\",\"url\":\"https:\\\/\\\/radioljubuski.ba\\\/index.php\\\/2021\\\/06\\\/22\\\/podignuta-optuznica-za-ratni-zlocin-na-podrucju-bosanske-gradiske\\\/\",\"name\":\"Podignuta optu\u017enica za ratni zlo\u010din na podru\u010dju Bosanske Gradi\u0161ke - RADIO LJUBU\u0160KI\",\"isPartOf\":{\"@id\":\"https:\\\/\\\/radioljubuski.ba\\\/#website\"},\"primaryImageOfPage\":{\"@id\":\"https:\\\/\\\/radioljubuski.ba\\\/index.php\\\/2021\\\/06\\\/22\\\/podignuta-optuznica-za-ratni-zlocin-na-podrucju-bosanske-gradiske\\\/#primaryimage\"},\"image\":{\"@id\":\"https:\\\/\\\/radioljubuski.ba\\\/index.php\\\/2021\\\/06\\\/22\\\/podignuta-optuznica-za-ratni-zlocin-na-podrucju-bosanske-gradiske\\\/#primaryimage\"},\"thumbnailUrl\":\"https:\\\/\\\/radioljubuski.ba\\\/wp-content\\\/uploads\\\/2021\\\/04\\\/ri42WkXh_tuziteljstvo.jpg\",\"datePublished\":\"2021-06-22T15:24:24+00:00\",\"dateModified\":\"2021-06-22T15:24:25+00:00\",\"breadcrumb\":{\"@id\":\"https:\\\/\\\/radioljubuski.ba\\\/index.php\\\/2021\\\/06\\\/22\\\/podignuta-optuznica-za-ratni-zlocin-na-podrucju-bosanske-gradiske\\\/#breadcrumb\"},\"inLanguage\":\"hr\",\"potentialAction\":[{\"@type\":\"ReadAction\",\"target\":[\"https:\\\/\\\/radioljubuski.ba\\\/index.php\\\/2021\\\/06\\\/22\\\/podignuta-optuznica-za-ratni-zlocin-na-podrucju-bosanske-gradiske\\\/\"]}]},{\"@type\":\"ImageObject\",\"inLanguage\":\"hr\",\"@id\":\"https:\\\/\\\/radioljubuski.ba\\\/index.php\\\/2021\\\/06\\\/22\\\/podignuta-optuznica-za-ratni-zlocin-na-podrucju-bosanske-gradiske\\\/#primaryimage\",\"url\":\"https:\\\/\\\/radioljubuski.ba\\\/wp-content\\\/uploads\\\/2021\\\/04\\\/ri42WkXh_tuziteljstvo.jpg\",\"contentUrl\":\"https:\\\/\\\/radioljubuski.ba\\\/wp-content\\\/uploads\\\/2021\\\/04\\\/ri42WkXh_tuziteljstvo.jpg\",\"width\":1000,\"height\":625},{\"@type\":\"BreadcrumbList\",\"@id\":\"https:\\\/\\\/radioljubuski.ba\\\/index.php\\\/2021\\\/06\\\/22\\\/podignuta-optuznica-za-ratni-zlocin-na-podrucju-bosanske-gradiske\\\/#breadcrumb\",\"itemListElement\":[{\"@type\":\"ListItem\",\"position\":1,\"name\":\"Po\u010detna stranica\",\"item\":\"https:\\\/\\\/radioljubuski.ba\\\/\"},{\"@type\":\"ListItem\",\"position\":2,\"name\":\"Podignuta optu\u017enica za ratni zlo\u010din na podru\u010dju Bosanske Gradi\u0161ke\"}]},{\"@type\":\"WebSite\",\"@id\":\"https:\\\/\\\/radioljubuski.ba\\\/#website\",\"url\":\"https:\\\/\\\/radioljubuski.ba\\\/\",\"name\":\"Radio Ljubu\u0161ki\",\"description\":\"Sun\u010dana frekvencija Hercegovine\",\"publisher\":{\"@id\":\"https:\\\/\\\/radioljubuski.ba\\\/#organization\"},\"potentialAction\":[{\"@type\":\"SearchAction\",\"target\":{\"@type\":\"EntryPoint\",\"urlTemplate\":\"https:\\\/\\\/radioljubuski.ba\\\/?s={search_term_string}\"},\"query-input\":{\"@type\":\"PropertyValueSpecification\",\"valueRequired\":true,\"valueName\":\"search_term_string\"}}],\"inLanguage\":\"hr\"},{\"@type\":\"Organization\",\"@id\":\"https:\\\/\\\/radioljubuski.ba\\\/#organization\",\"name\":\"Radio Ljubu\u0161ki\",\"url\":\"https:\\\/\\\/radioljubuski.ba\\\/\",\"logo\":{\"@type\":\"ImageObject\",\"inLanguage\":\"hr\",\"@id\":\"https:\\\/\\\/radioljubuski.ba\\\/#\\\/schema\\\/logo\\\/image\\\/\",\"url\":\"https:\\\/\\\/radioljubuski.ba\\\/wp-content\\\/uploads\\\/2021\\\/02\\\/cropped-Radio_Ljubuski_logo1.jpg\",\"contentUrl\":\"https:\\\/\\\/radioljubuski.ba\\\/wp-content\\\/uploads\\\/2021\\\/02\\\/cropped-Radio_Ljubuski_logo1.jpg\",\"width\":512,\"height\":512,\"caption\":\"Radio Ljubu\u0161ki\"},\"image\":{\"@id\":\"https:\\\/\\\/radioljubuski.ba\\\/#\\\/schema\\\/logo\\\/image\\\/\"},\"sameAs\":[\"https:\\\/\\\/www.facebook.com\\\/Radiio-Ljubuski-1490835324566332\",\"https:\\\/\\\/x.com\\\/radioljubuski\",\"https:\\\/\\\/hr.linkedin.com\\\/company\\\/radio-ljubuski\",\"https:\\\/\\\/www.youtube.com\\\/channel\\\/UCHYaeO_n0Db3tjNGudGpXyw\"]},{\"@type\":\"Person\",\"@id\":\"https:\\\/\\\/radioljubuski.ba\\\/#\\\/schema\\\/person\\\/19fc700381a780f69665d7956c469e3b\",\"name\":\"Radio Ljubu\u0161ki\"}]}<\/script>\n<!-- \/ Yoast SEO plugin. -->","yoast_head_json":{"title":"Podignuta optu\u017enica za ratni zlo\u010din na podru\u010dju Bosanske Gradi\u0161ke - RADIO LJUBU\u0160KI","robots":{"index":"index","follow":"follow","max-snippet":"max-snippet:-1","max-image-preview":"max-image-preview:large","max-video-preview":"max-video-preview:-1"},"canonical":"https:\/\/radioljubuski.ba\/index.php\/2021\/06\/22\/podignuta-optuznica-za-ratni-zlocin-na-podrucju-bosanske-gradiske\/","og_locale":"hr_HR","og_type":"article","og_title":"Podignuta optu\u017enica za ratni zlo\u010din na podru\u010dju Bosanske Gradi\u0161ke - RADIO LJUBU\u0160KI","og_description":"Tu\u017eitelj Posebnog odjela za ratne zlo\u010dine Tu\u017eiteljstva BiH podigao je optu\u017enicu protiv Radeta Macure, ro\u0111enog 1963. godine u mjestu Bistrica, Bosanska Gradi\u0161ka, dr\u017eavljanina BiH, koji se tereti za zlo\u010din po\u010dinjen u ljeto 1992. godine u mjestu Turjak kod Bosanske Gradi\u0161ke. &#8211; Optu\u017eeni se tereti da je u lipnju 1992. godine, u svojstvu zapovjednika VRS (zapovjednik [&hellip;]","og_url":"https:\/\/radioljubuski.ba\/index.php\/2021\/06\/22\/podignuta-optuznica-za-ratni-zlocin-na-podrucju-bosanske-gradiske\/","og_site_name":"RADIO LJUBU\u0160KI","article_publisher":"https:\/\/www.facebook.com\/Radiio-Ljubuski-1490835324566332","article_published_time":"2021-06-22T15:24:24+00:00","article_modified_time":"2021-06-22T15:24:25+00:00","og_image":[{"width":1000,"height":625,"url":"https:\/\/radioljubuski.ba\/wp-content\/uploads\/2021\/04\/ri42WkXh_tuziteljstvo.jpg","type":"image\/jpeg"}],"author":"Radio Ljubu\u0161ki","twitter_card":"summary_large_image","twitter_creator":"@radioljubuski","twitter_site":"@radioljubuski","twitter_misc":{"Napisao\/la":"Radio Ljubu\u0161ki","Procijenjeno vrijeme \u010ditanja":"2 minute"},"schema":{"@context":"https:\/\/schema.org","@graph":[{"@type":"Article","@id":"https:\/\/radioljubuski.ba\/index.php\/2021\/06\/22\/podignuta-optuznica-za-ratni-zlocin-na-podrucju-bosanske-gradiske\/#article","isPartOf":{"@id":"https:\/\/radioljubuski.ba\/index.php\/2021\/06\/22\/podignuta-optuznica-za-ratni-zlocin-na-podrucju-bosanske-gradiske\/"},"author":{"name":"Radio Ljubu\u0161ki","@id":"https:\/\/radioljubuski.ba\/#\/schema\/person\/19fc700381a780f69665d7956c469e3b"},"headline":"Podignuta optu\u017enica za ratni zlo\u010din na podru\u010dju Bosanske Gradi\u0161ke","datePublished":"2021-06-22T15:24:24+00:00","dateModified":"2021-06-22T15:24:25+00:00","mainEntityOfPage":{"@id":"https:\/\/radioljubuski.ba\/index.php\/2021\/06\/22\/podignuta-optuznica-za-ratni-zlocin-na-podrucju-bosanske-gradiske\/"},"wordCount":327,"publisher":{"@id":"https:\/\/radioljubuski.ba\/#organization"},"image":{"@id":"https:\/\/radioljubuski.ba\/index.php\/2021\/06\/22\/podignuta-optuznica-za-ratni-zlocin-na-podrucju-bosanske-gradiske\/#primaryimage"},"thumbnailUrl":"https:\/\/radioljubuski.ba\/wp-content\/uploads\/2021\/04\/ri42WkXh_tuziteljstvo.jpg","articleSection":["BIH i regija"],"inLanguage":"hr"},{"@type":"WebPage","@id":"https:\/\/radioljubuski.ba\/index.php\/2021\/06\/22\/podignuta-optuznica-za-ratni-zlocin-na-podrucju-bosanske-gradiske\/","url":"https:\/\/radioljubuski.ba\/index.php\/2021\/06\/22\/podignuta-optuznica-za-ratni-zlocin-na-podrucju-bosanske-gradiske\/","name":"Podignuta optu\u017enica za ratni zlo\u010din na podru\u010dju Bosanske Gradi\u0161ke - RADIO LJUBU\u0160KI","isPartOf":{"@id":"https:\/\/radioljubuski.ba\/#website"},"primaryImageOfPage":{"@id":"https:\/\/radioljubuski.ba\/index.php\/2021\/06\/22\/podignuta-optuznica-za-ratni-zlocin-na-podrucju-bosanske-gradiske\/#primaryimage"},"image":{"@id":"https:\/\/radioljubuski.ba\/index.php\/2021\/06\/22\/podignuta-optuznica-za-ratni-zlocin-na-podrucju-bosanske-gradiske\/#primaryimage"},"thumbnailUrl":"https:\/\/radioljubuski.ba\/wp-content\/uploads\/2021\/04\/ri42WkXh_tuziteljstvo.jpg","datePublished":"2021-06-22T15:24:24+00:00","dateModified":"2021-06-22T15:24:25+00:00","breadcrumb":{"@id":"https:\/\/radioljubuski.ba\/index.php\/2021\/06\/22\/podignuta-optuznica-za-ratni-zlocin-na-podrucju-bosanske-gradiske\/#breadcrumb"},"inLanguage":"hr","potentialAction":[{"@type":"ReadAction","target":["https:\/\/radioljubuski.ba\/index.php\/2021\/06\/22\/podignuta-optuznica-za-ratni-zlocin-na-podrucju-bosanske-gradiske\/"]}]},{"@type":"ImageObject","inLanguage":"hr","@id":"https:\/\/radioljubuski.ba\/index.php\/2021\/06\/22\/podignuta-optuznica-za-ratni-zlocin-na-podrucju-bosanske-gradiske\/#primaryimage","url":"https:\/\/radioljubuski.ba\/wp-content\/uploads\/2021\/04\/ri42WkXh_tuziteljstvo.jpg","contentUrl":"https:\/\/radioljubuski.ba\/wp-content\/uploads\/2021\/04\/ri42WkXh_tuziteljstvo.jpg","width":1000,"height":625},{"@type":"BreadcrumbList","@id":"https:\/\/radioljubuski.ba\/index.php\/2021\/06\/22\/podignuta-optuznica-za-ratni-zlocin-na-podrucju-bosanske-gradiske\/#breadcrumb","itemListElement":[{"@type":"ListItem","position":1,"name":"Po\u010detna stranica","item":"https:\/\/radioljubuski.ba\/"},{"@type":"ListItem","position":2,"name":"Podignuta optu\u017enica za ratni zlo\u010din na podru\u010dju Bosanske Gradi\u0161ke"}]},{"@type":"WebSite","@id":"https:\/\/radioljubuski.ba\/#website","url":"https:\/\/radioljubuski.ba\/","name":"Radio Ljubu\u0161ki","description":"Sun\u010dana frekvencija Hercegovine","publisher":{"@id":"https:\/\/radioljubuski.ba\/#organization"},"potentialAction":[{"@type":"SearchAction","target":{"@type":"EntryPoint","urlTemplate":"https:\/\/radioljubuski.ba\/?s={search_term_string}"},"query-input":{"@type":"PropertyValueSpecification","valueRequired":true,"valueName":"search_term_string"}}],"inLanguage":"hr"},{"@type":"Organization","@id":"https:\/\/radioljubuski.ba\/#organization","name":"Radio Ljubu\u0161ki","url":"https:\/\/radioljubuski.ba\/","logo":{"@type":"ImageObject","inLanguage":"hr","@id":"https:\/\/radioljubuski.ba\/#\/schema\/logo\/image\/","url":"https:\/\/radioljubuski.ba\/wp-content\/uploads\/2021\/02\/cropped-Radio_Ljubuski_logo1.jpg","contentUrl":"https:\/\/radioljubuski.ba\/wp-content\/uploads\/2021\/02\/cropped-Radio_Ljubuski_logo1.jpg","width":512,"height":512,"caption":"Radio Ljubu\u0161ki"},"image":{"@id":"https:\/\/radioljubuski.ba\/#\/schema\/logo\/image\/"},"sameAs":["https:\/\/www.facebook.com\/Radiio-Ljubuski-1490835324566332","https:\/\/x.com\/radioljubuski","https:\/\/hr.linkedin.com\/company\/radio-ljubuski","https:\/\/www.youtube.com\/channel\/UCHYaeO_n0Db3tjNGudGpXyw"]},{"@type":"Person","@id":"https:\/\/radioljubuski.ba\/#\/schema\/person\/19fc700381a780f69665d7956c469e3b","name":"Radio Ljubu\u0161ki"}]}},"_links":{"self":[{"href":"https:\/\/radioljubuski.ba\/index.php\/wp-json\/wp\/v2\/posts\/34937","targetHints":{"allow":["GET"]}}],"collection":[{"href":"https:\/\/radioljubuski.ba\/index.php\/wp-json\/wp\/v2\/posts"}],"about":[{"href":"https:\/\/radioljubuski.ba\/index.php\/wp-json\/wp\/v2\/types\/post"}],"author":[{"embeddable":true,"href":"https:\/\/radioljubuski.ba\/index.php\/wp-json\/wp\/v2\/users\/2"}],"replies":[{"embeddable":true,"href":"https:\/\/radioljubuski.ba\/index.php\/wp-json\/wp\/v2\/comments?post=34937"}],"version-history":[{"count":1,"href":"https:\/\/radioljubuski.ba\/index.php\/wp-json\/wp\/v2\/posts\/34937\/revisions"}],"predecessor-version":[{"id":34938,"href":"https:\/\/radioljubuski.ba\/index.php\/wp-json\/wp\/v2\/posts\/34937\/revisions\/34938"}],"wp:featuredmedia":[{"embeddable":true,"href":"https:\/\/radioljubuski.ba\/index.php\/wp-json\/wp\/v2\/media\/11493"}],"wp:attachment":[{"href":"https:\/\/radioljubuski.ba\/index.php\/wp-json\/wp\/v2\/media?parent=34937"}],"wp:term":[{"taxonomy":"category","embeddable":true,"href":"https:\/\/radioljubuski.ba\/index.php\/wp-json\/wp\/v2\/categories?post=34937"},{"taxonomy":"post_tag","embeddable":true,"href":"https:\/\/radioljubuski.ba\/index.php\/wp-json\/wp\/v2\/tags?post=34937"}],"curies":[{"name":"wp","href":"https:\/\/api.w.org\/{rel}","templated":true}]}}