{"id":34951,"date":"2021-06-22T16:33:46","date_gmt":"2021-06-22T15:33:46","guid":{"rendered":"https:\/\/radioljubuski.ba\/?p=34951"},"modified":"2021-06-22T16:33:47","modified_gmt":"2021-06-22T15:33:47","slug":"crnogorski-premijer-ne-namjerava-podnijeti-ostavku","status":"publish","type":"post","link":"https:\/\/radioljubuski.ba\/index.php\/2021\/06\/22\/crnogorski-premijer-ne-namjerava-podnijeti-ostavku\/","title":{"rendered":"Crnogorski premijer ne namjerava podnijeti ostavku"},"content":{"rendered":"\n<p>Predsjednik crnogorske vlade Zdravko Krivokapi\u0107 izjavio je u utorak da ne\u0107e ustuknuti pred pritiscima \u010delnika koalicije &#8220;Za budu\u0107nost Crne Gore&#8221;, \u010diju je listu predvodio na parlamentarnim izborima, a koji od njega tra\u017ee da se povu\u010de s mjesta premijera.<\/p>\n\n\n\n<p>&#8220;Preuzeo sam obaveze i odgovornost i ne\u0107u pokleknuti pred prvim izazovom&#8221;, rekao je Krivokapi\u0107 za podgori\u010dki dnevnik Dan, istaknuv\u0161i da stanovnicima Crne Gore treba bolji \u017eivotni standard, pravda i ljep\u0161a budu\u0107nost, te da im nisu potrebni \u010delnici koji odustaju.<\/p>\n\n\n\n<p>Crnogorska vlast je u krizi nakon \u0161to je u parlamentu Crne Gore usvojena rezolucija o Srebrenici te je na prijedlog Krivokapi\u0107a smijenjen ministar pravosu\u0111a Vladimir Leposavi\u0107 zbog osporavanja genocida u Srebrenici, podsje\u0107a Hina.<\/p>\n\n\n\n<p>Dio vladaju\u0107e ve\u0107ine, predvo\u0111en prosrpskim Demokratskim frontom, tada je odlu\u010dio bojkotirati rad parlamenta i rekao je da ne\u0107e podr\u017eati niti jedan prijedlog vlade. Istodobno, \u010delnici tog politi\u010dkog saveza Andrija Mandi\u0107 i Milan Kne\u017eevi\u0107, koji su bliski srbijanskom predsjedniku Aleksandru Vu\u010di\u0107u, preko medija u Crnoj Gori i Srbiji optu\u017euju Krivokapi\u0107a da je izdao Srbe i Srpsku pravoslavnu crkvu koja ga je i predlo\u017eila za mjesto premijera.<\/p>\n\n\n\n<p>Odgovaraju\u0107i na optu\u017ebe \u010delnika DF-a da je izdajnik, Krivokapi\u0107 im je poru\u010dio da on ima odgovornost samo prema narodu Crne Gore, a da \u0107e se uskoro znati \u0161to su sve izdali \u010delnici DF-a.<\/p>\n\n\n\n<p>&#8220;Ja sam u \u017eivotu izdavao samo znanstvene radove i knjige, a \u0161to su sve izdali &#8216;profesionalni Srbi&#8217; i &#8216;profesionalni Crnogorci&#8217;, znat \u0107e se vrlo brzo&#8221;, rekao je Krivokapi\u0107.<\/p>\n\n\n\n<p>Crnogorski premijer ranije je naljutio \u010delnike SPC-a i prosrpskih stranaka u Crnoj Gori kada je odbio potpisati u Beogradu Temeljni ugovor s patrijarhom Srpske Pravoslavne Crkve, ustvrdiv\u0161i da pripremljeni ugovor ima nekoliko spornih \u010dlanaka te da nakon \u0161to se potpuno usuglasi mo\u017ee biti potpisan isklju\u010divo na teritoriju Crne Gore.<\/p>\n\n\n\n<p>Premijer Krivokapi\u0107 i dalje ima podr\u0161ku \u010delnike druge dvije koalicije na vlasti u Crnoj Gori &#8211; Alekse Be\u010di\u0107a, aktualnog predsjednika parlamenta, i Dritana Abazovi\u0107a, potpredsjednika vlade.<\/p>\n\n\n\n<p>Tri koalicije, Krivokapi\u0107eva \u2013 Za Budu\u0107nost Crne Gore, Be\u010di\u0107eva \u2013 Mir je na\u0161a nacija i Abazovi\u0107eva \u2013 Crno na bijelo, na parlamentarnim izborima krajem pro\u0161le godine porazile su Demokratsku partiju socijalista Mila \u0110ukanovi\u0107a i prvi put nakon tri desetlje\u0107a poslale je u oporbu.<\/p>\n\n\n\n<p>Krivokapi\u0107eva vlada na klimavim je nogama od formiranja u prosincu jer \u010delnici DF-a, nezadovoljni jer nisu dobili ministarska mjesta, osporavaju sve zna\u010dajnije odluke vlade i uvjetuju glasanje za njih u parlamentu, prenosi Fena.<\/p>\n\n\n\n<p><strong>Crnogorski MVP reagirao na izjave srbijanskih du\u017enosnika<\/strong><\/p>\n\n\n\n<p>Ministarstvo vanjskih poslova Crne Gore reagiralo je na izjave najvi\u0161ih du\u017enosnika Srbije koje su usmjerene protiv crnogorske vlade. Srbijanski du\u017enosnici, me\u0111u kojima i predsjednik Vu\u010di\u0107, tvrdili su da je Crna Gora tekstom rezolucije o Srebrenici Srbe ozna\u010dila kao genocidan narod, poru\u010duju\u0107i Crnogorcima &#8220;daleko im ku\u0107a&#8221;, a istodobno je predsjednik skup\u0161tine Srbije pozvao mitropolita SPC-a u Crnoj Gori Joanikija da se &#8220;pozabavi&#8221; premijerom Krivokapi\u0107em.<\/p>\n\n\n\n<p>Crnogorsko Ministarstvo vanjskih poslova priop\u0107ilo je da Rezolucija o Srebrenici nije i ne mo\u017ee biti usmjerena ni protiv jednog naroda i nijedne dr\u017eave, a ponajmanje protiv srpskog naroda i Republike Srbije.<\/p>\n\n\n\n<p>\u201eNe postoje genocidni narodi, ve\u0107 samo pojedinci, \u0161to je jasno i eksplicitno re\u010deno u tekstu ovog dokumenta\u201c, navodi se priop\u0107enju crnogorskog MVP-a.<\/p>\n\n\n\n<p>Isti\u010de se da je sve \u0161to o tom dokumentu govore srbijanski du\u017enosnici \u201esamo nerazumljiv i \u010dudnim motivima inspirirani poku\u0161aj politi\u010dkog i medijskog spina teksta Rezolucije, usmjeren izravno protiv vladaju\u0107ih struktura u Crnoj Gori\u201c.<\/p>\n\n\n\n<p>Crnogorski MVP navodi da ih dodatno brine \u010dinjenica da je Ivica Da\u010di\u0107, kao jedan od najvi\u0161ih predstavnika Republike Srbije, pozvao mitropolita u Crnoj Gori da se \u201epozabavi\u201c predsjednikom vlade neovisne i suverene, susjedne dr\u017eave, koja je sekularna dr\u017eava.<\/p>\n\n\n\n<p>Ocjenjuju\u0107i Da\u010di\u0107ev istup kao neprihvatljiv i neshvatljiv, u crnogorskom MVP-u sugeriraju da bi se ovakve i sli\u010dne poruke mogle tuma\u010diti i kao poziv na ru\u0161enje dr\u017eavnog poretka u Crnoj Gori.<\/p>\n\n\n\n<p>\u201eUmjesto nesporazuma, kao i mnogo puta do sada, pozivamo Beograd na dijalog\u201c, navodi MVP i dodaje da su \u201eSrbija i srpski narod za Crnu Goru i njene gra\u0111ane, kao i za njenu aktualnu vlast i vladu, vi\u0161e od prijatelja, te da pogotovo zbog toga ovo ne smije biti manira me\u0111udr\u017eavne komunikacije i sveukupnih odnosa\u201c.<\/p>\n\n\n\n<p>Dnevnik.ba<\/p>\n","protected":false},"excerpt":{"rendered":"<p>Predsjednik crnogorske vlade Zdravko Krivokapi\u0107 izjavio je u utorak da ne\u0107e ustuknuti pred pritiscima \u010delnika koalicije &#8220;Za budu\u0107nost Crne Gore&#8221;, \u010diju je listu predvodio na parlamentarnim izborima, a koji od njega tra\u017ee da se povu\u010de s mjesta premijera. &#8220;Preuzeo sam obaveze i odgovornost i ne\u0107u pokleknuti pred prvim izazovom&#8221;, rekao je Krivokapi\u0107 za podgori\u010dki dnevnik [&hellip;]<\/p>\n","protected":false},"author":2,"featured_media":34952,"comment_status":"closed","ping_status":"closed","sticky":false,"template":"","format":"standard","meta":{"h5ap_radio_sources":[],"footnotes":""},"categories":[1],"tags":[],"class_list":["post-34951","post","type-post","status-publish","format-standard","has-post-thumbnail","hentry","category-bihiregija"],"yoast_head":"<!-- This site is optimized with the Yoast SEO plugin v27.5 - https:\/\/yoast.com\/product\/yoast-seo-wordpress\/ -->\n<title>Crnogorski premijer ne namjerava podnijeti ostavku - RADIO LJUBU\u0160KI<\/title>\n<meta name=\"robots\" content=\"index, follow, max-snippet:-1, max-image-preview:large, max-video-preview:-1\" \/>\n<link rel=\"canonical\" href=\"https:\/\/radioljubuski.ba\/index.php\/2021\/06\/22\/crnogorski-premijer-ne-namjerava-podnijeti-ostavku\/\" \/>\n<meta property=\"og:locale\" content=\"hr_HR\" \/>\n<meta property=\"og:type\" content=\"article\" \/>\n<meta property=\"og:title\" content=\"Crnogorski premijer ne namjerava podnijeti ostavku - RADIO LJUBU\u0160KI\" \/>\n<meta property=\"og:description\" content=\"Predsjednik crnogorske vlade Zdravko Krivokapi\u0107 izjavio je u utorak da ne\u0107e ustuknuti pred pritiscima \u010delnika koalicije &#8220;Za budu\u0107nost Crne Gore&#8221;, \u010diju je listu predvodio na parlamentarnim izborima, a koji od njega tra\u017ee da se povu\u010de s mjesta premijera. &#8220;Preuzeo sam obaveze i odgovornost i ne\u0107u pokleknuti pred prvim izazovom&#8221;, rekao je Krivokapi\u0107 za podgori\u010dki dnevnik [&hellip;]\" \/>\n<meta property=\"og:url\" content=\"https:\/\/radioljubuski.ba\/index.php\/2021\/06\/22\/crnogorski-premijer-ne-namjerava-podnijeti-ostavku\/\" \/>\n<meta property=\"og:site_name\" content=\"RADIO LJUBU\u0160KI\" \/>\n<meta property=\"article:publisher\" content=\"https:\/\/www.facebook.com\/Radiio-Ljubuski-1490835324566332\" \/>\n<meta property=\"article:published_time\" content=\"2021-06-22T15:33:46+00:00\" \/>\n<meta property=\"article:modified_time\" content=\"2021-06-22T15:33:47+00:00\" \/>\n<meta property=\"og:image\" content=\"https:\/\/radioljubuski.ba\/wp-content\/uploads\/2021\/06\/fna_140404.jpg\" \/>\n\t<meta property=\"og:image:width\" content=\"840\" \/>\n\t<meta property=\"og:image:height\" content=\"470\" \/>\n\t<meta property=\"og:image:type\" content=\"image\/jpeg\" \/>\n<meta name=\"author\" content=\"Radio Ljubu\u0161ki\" \/>\n<meta name=\"twitter:card\" content=\"summary_large_image\" \/>\n<meta name=\"twitter:creator\" content=\"@radioljubuski\" \/>\n<meta name=\"twitter:site\" content=\"@radioljubuski\" \/>\n<meta name=\"twitter:label1\" content=\"Napisao\/la\" \/>\n\t<meta name=\"twitter:data1\" content=\"Radio Ljubu\u0161ki\" \/>\n\t<meta name=\"twitter:label2\" content=\"Procijenjeno vrijeme \u010ditanja\" \/>\n\t<meta name=\"twitter:data2\" content=\"3 minute\" \/>\n<script type=\"application\/ld+json\" class=\"yoast-schema-graph\">{\"@context\":\"https:\\\/\\\/schema.org\",\"@graph\":[{\"@type\":\"Article\",\"@id\":\"https:\\\/\\\/radioljubuski.ba\\\/index.php\\\/2021\\\/06\\\/22\\\/crnogorski-premijer-ne-namjerava-podnijeti-ostavku\\\/#article\",\"isPartOf\":{\"@id\":\"https:\\\/\\\/radioljubuski.ba\\\/index.php\\\/2021\\\/06\\\/22\\\/crnogorski-premijer-ne-namjerava-podnijeti-ostavku\\\/\"},\"author\":{\"name\":\"Radio Ljubu\u0161ki\",\"@id\":\"https:\\\/\\\/radioljubuski.ba\\\/#\\\/schema\\\/person\\\/19fc700381a780f69665d7956c469e3b\"},\"headline\":\"Crnogorski premijer ne namjerava podnijeti ostavku\",\"datePublished\":\"2021-06-22T15:33:46+00:00\",\"dateModified\":\"2021-06-22T15:33:47+00:00\",\"mainEntityOfPage\":{\"@id\":\"https:\\\/\\\/radioljubuski.ba\\\/index.php\\\/2021\\\/06\\\/22\\\/crnogorski-premijer-ne-namjerava-podnijeti-ostavku\\\/\"},\"wordCount\":753,\"publisher\":{\"@id\":\"https:\\\/\\\/radioljubuski.ba\\\/#organization\"},\"image\":{\"@id\":\"https:\\\/\\\/radioljubuski.ba\\\/index.php\\\/2021\\\/06\\\/22\\\/crnogorski-premijer-ne-namjerava-podnijeti-ostavku\\\/#primaryimage\"},\"thumbnailUrl\":\"https:\\\/\\\/radioljubuski.ba\\\/wp-content\\\/uploads\\\/2021\\\/06\\\/fna_140404.jpg\",\"articleSection\":[\"BIH i regija\"],\"inLanguage\":\"hr\"},{\"@type\":\"WebPage\",\"@id\":\"https:\\\/\\\/radioljubuski.ba\\\/index.php\\\/2021\\\/06\\\/22\\\/crnogorski-premijer-ne-namjerava-podnijeti-ostavku\\\/\",\"url\":\"https:\\\/\\\/radioljubuski.ba\\\/index.php\\\/2021\\\/06\\\/22\\\/crnogorski-premijer-ne-namjerava-podnijeti-ostavku\\\/\",\"name\":\"Crnogorski premijer ne namjerava podnijeti ostavku - RADIO LJUBU\u0160KI\",\"isPartOf\":{\"@id\":\"https:\\\/\\\/radioljubuski.ba\\\/#website\"},\"primaryImageOfPage\":{\"@id\":\"https:\\\/\\\/radioljubuski.ba\\\/index.php\\\/2021\\\/06\\\/22\\\/crnogorski-premijer-ne-namjerava-podnijeti-ostavku\\\/#primaryimage\"},\"image\":{\"@id\":\"https:\\\/\\\/radioljubuski.ba\\\/index.php\\\/2021\\\/06\\\/22\\\/crnogorski-premijer-ne-namjerava-podnijeti-ostavku\\\/#primaryimage\"},\"thumbnailUrl\":\"https:\\\/\\\/radioljubuski.ba\\\/wp-content\\\/uploads\\\/2021\\\/06\\\/fna_140404.jpg\",\"datePublished\":\"2021-06-22T15:33:46+00:00\",\"dateModified\":\"2021-06-22T15:33:47+00:00\",\"breadcrumb\":{\"@id\":\"https:\\\/\\\/radioljubuski.ba\\\/index.php\\\/2021\\\/06\\\/22\\\/crnogorski-premijer-ne-namjerava-podnijeti-ostavku\\\/#breadcrumb\"},\"inLanguage\":\"hr\",\"potentialAction\":[{\"@type\":\"ReadAction\",\"target\":[\"https:\\\/\\\/radioljubuski.ba\\\/index.php\\\/2021\\\/06\\\/22\\\/crnogorski-premijer-ne-namjerava-podnijeti-ostavku\\\/\"]}]},{\"@type\":\"ImageObject\",\"inLanguage\":\"hr\",\"@id\":\"https:\\\/\\\/radioljubuski.ba\\\/index.php\\\/2021\\\/06\\\/22\\\/crnogorski-premijer-ne-namjerava-podnijeti-ostavku\\\/#primaryimage\",\"url\":\"https:\\\/\\\/radioljubuski.ba\\\/wp-content\\\/uploads\\\/2021\\\/06\\\/fna_140404.jpg\",\"contentUrl\":\"https:\\\/\\\/radioljubuski.ba\\\/wp-content\\\/uploads\\\/2021\\\/06\\\/fna_140404.jpg\",\"width\":840,\"height\":470},{\"@type\":\"BreadcrumbList\",\"@id\":\"https:\\\/\\\/radioljubuski.ba\\\/index.php\\\/2021\\\/06\\\/22\\\/crnogorski-premijer-ne-namjerava-podnijeti-ostavku\\\/#breadcrumb\",\"itemListElement\":[{\"@type\":\"ListItem\",\"position\":1,\"name\":\"Po\u010detna stranica\",\"item\":\"https:\\\/\\\/radioljubuski.ba\\\/\"},{\"@type\":\"ListItem\",\"position\":2,\"name\":\"Crnogorski premijer ne namjerava podnijeti ostavku\"}]},{\"@type\":\"WebSite\",\"@id\":\"https:\\\/\\\/radioljubuski.ba\\\/#website\",\"url\":\"https:\\\/\\\/radioljubuski.ba\\\/\",\"name\":\"Radio Ljubu\u0161ki\",\"description\":\"Sun\u010dana frekvencija Hercegovine\",\"publisher\":{\"@id\":\"https:\\\/\\\/radioljubuski.ba\\\/#organization\"},\"potentialAction\":[{\"@type\":\"SearchAction\",\"target\":{\"@type\":\"EntryPoint\",\"urlTemplate\":\"https:\\\/\\\/radioljubuski.ba\\\/?s={search_term_string}\"},\"query-input\":{\"@type\":\"PropertyValueSpecification\",\"valueRequired\":true,\"valueName\":\"search_term_string\"}}],\"inLanguage\":\"hr\"},{\"@type\":\"Organization\",\"@id\":\"https:\\\/\\\/radioljubuski.ba\\\/#organization\",\"name\":\"Radio Ljubu\u0161ki\",\"url\":\"https:\\\/\\\/radioljubuski.ba\\\/\",\"logo\":{\"@type\":\"ImageObject\",\"inLanguage\":\"hr\",\"@id\":\"https:\\\/\\\/radioljubuski.ba\\\/#\\\/schema\\\/logo\\\/image\\\/\",\"url\":\"https:\\\/\\\/radioljubuski.ba\\\/wp-content\\\/uploads\\\/2021\\\/02\\\/cropped-Radio_Ljubuski_logo1.jpg\",\"contentUrl\":\"https:\\\/\\\/radioljubuski.ba\\\/wp-content\\\/uploads\\\/2021\\\/02\\\/cropped-Radio_Ljubuski_logo1.jpg\",\"width\":512,\"height\":512,\"caption\":\"Radio Ljubu\u0161ki\"},\"image\":{\"@id\":\"https:\\\/\\\/radioljubuski.ba\\\/#\\\/schema\\\/logo\\\/image\\\/\"},\"sameAs\":[\"https:\\\/\\\/www.facebook.com\\\/Radiio-Ljubuski-1490835324566332\",\"https:\\\/\\\/x.com\\\/radioljubuski\",\"https:\\\/\\\/hr.linkedin.com\\\/company\\\/radio-ljubuski\",\"https:\\\/\\\/www.youtube.com\\\/channel\\\/UCHYaeO_n0Db3tjNGudGpXyw\"]},{\"@type\":\"Person\",\"@id\":\"https:\\\/\\\/radioljubuski.ba\\\/#\\\/schema\\\/person\\\/19fc700381a780f69665d7956c469e3b\",\"name\":\"Radio Ljubu\u0161ki\"}]}<\/script>\n<!-- \/ Yoast SEO plugin. -->","yoast_head_json":{"title":"Crnogorski premijer ne namjerava podnijeti ostavku - RADIO LJUBU\u0160KI","robots":{"index":"index","follow":"follow","max-snippet":"max-snippet:-1","max-image-preview":"max-image-preview:large","max-video-preview":"max-video-preview:-1"},"canonical":"https:\/\/radioljubuski.ba\/index.php\/2021\/06\/22\/crnogorski-premijer-ne-namjerava-podnijeti-ostavku\/","og_locale":"hr_HR","og_type":"article","og_title":"Crnogorski premijer ne namjerava podnijeti ostavku - RADIO LJUBU\u0160KI","og_description":"Predsjednik crnogorske vlade Zdravko Krivokapi\u0107 izjavio je u utorak da ne\u0107e ustuknuti pred pritiscima \u010delnika koalicije &#8220;Za budu\u0107nost Crne Gore&#8221;, \u010diju je listu predvodio na parlamentarnim izborima, a koji od njega tra\u017ee da se povu\u010de s mjesta premijera. &#8220;Preuzeo sam obaveze i odgovornost i ne\u0107u pokleknuti pred prvim izazovom&#8221;, rekao je Krivokapi\u0107 za podgori\u010dki dnevnik [&hellip;]","og_url":"https:\/\/radioljubuski.ba\/index.php\/2021\/06\/22\/crnogorski-premijer-ne-namjerava-podnijeti-ostavku\/","og_site_name":"RADIO LJUBU\u0160KI","article_publisher":"https:\/\/www.facebook.com\/Radiio-Ljubuski-1490835324566332","article_published_time":"2021-06-22T15:33:46+00:00","article_modified_time":"2021-06-22T15:33:47+00:00","og_image":[{"width":840,"height":470,"url":"https:\/\/radioljubuski.ba\/wp-content\/uploads\/2021\/06\/fna_140404.jpg","type":"image\/jpeg"}],"author":"Radio Ljubu\u0161ki","twitter_card":"summary_large_image","twitter_creator":"@radioljubuski","twitter_site":"@radioljubuski","twitter_misc":{"Napisao\/la":"Radio Ljubu\u0161ki","Procijenjeno vrijeme \u010ditanja":"3 minute"},"schema":{"@context":"https:\/\/schema.org","@graph":[{"@type":"Article","@id":"https:\/\/radioljubuski.ba\/index.php\/2021\/06\/22\/crnogorski-premijer-ne-namjerava-podnijeti-ostavku\/#article","isPartOf":{"@id":"https:\/\/radioljubuski.ba\/index.php\/2021\/06\/22\/crnogorski-premijer-ne-namjerava-podnijeti-ostavku\/"},"author":{"name":"Radio Ljubu\u0161ki","@id":"https:\/\/radioljubuski.ba\/#\/schema\/person\/19fc700381a780f69665d7956c469e3b"},"headline":"Crnogorski premijer ne namjerava podnijeti ostavku","datePublished":"2021-06-22T15:33:46+00:00","dateModified":"2021-06-22T15:33:47+00:00","mainEntityOfPage":{"@id":"https:\/\/radioljubuski.ba\/index.php\/2021\/06\/22\/crnogorski-premijer-ne-namjerava-podnijeti-ostavku\/"},"wordCount":753,"publisher":{"@id":"https:\/\/radioljubuski.ba\/#organization"},"image":{"@id":"https:\/\/radioljubuski.ba\/index.php\/2021\/06\/22\/crnogorski-premijer-ne-namjerava-podnijeti-ostavku\/#primaryimage"},"thumbnailUrl":"https:\/\/radioljubuski.ba\/wp-content\/uploads\/2021\/06\/fna_140404.jpg","articleSection":["BIH i regija"],"inLanguage":"hr"},{"@type":"WebPage","@id":"https:\/\/radioljubuski.ba\/index.php\/2021\/06\/22\/crnogorski-premijer-ne-namjerava-podnijeti-ostavku\/","url":"https:\/\/radioljubuski.ba\/index.php\/2021\/06\/22\/crnogorski-premijer-ne-namjerava-podnijeti-ostavku\/","name":"Crnogorski premijer ne namjerava podnijeti ostavku - RADIO LJUBU\u0160KI","isPartOf":{"@id":"https:\/\/radioljubuski.ba\/#website"},"primaryImageOfPage":{"@id":"https:\/\/radioljubuski.ba\/index.php\/2021\/06\/22\/crnogorski-premijer-ne-namjerava-podnijeti-ostavku\/#primaryimage"},"image":{"@id":"https:\/\/radioljubuski.ba\/index.php\/2021\/06\/22\/crnogorski-premijer-ne-namjerava-podnijeti-ostavku\/#primaryimage"},"thumbnailUrl":"https:\/\/radioljubuski.ba\/wp-content\/uploads\/2021\/06\/fna_140404.jpg","datePublished":"2021-06-22T15:33:46+00:00","dateModified":"2021-06-22T15:33:47+00:00","breadcrumb":{"@id":"https:\/\/radioljubuski.ba\/index.php\/2021\/06\/22\/crnogorski-premijer-ne-namjerava-podnijeti-ostavku\/#breadcrumb"},"inLanguage":"hr","potentialAction":[{"@type":"ReadAction","target":["https:\/\/radioljubuski.ba\/index.php\/2021\/06\/22\/crnogorski-premijer-ne-namjerava-podnijeti-ostavku\/"]}]},{"@type":"ImageObject","inLanguage":"hr","@id":"https:\/\/radioljubuski.ba\/index.php\/2021\/06\/22\/crnogorski-premijer-ne-namjerava-podnijeti-ostavku\/#primaryimage","url":"https:\/\/radioljubuski.ba\/wp-content\/uploads\/2021\/06\/fna_140404.jpg","contentUrl":"https:\/\/radioljubuski.ba\/wp-content\/uploads\/2021\/06\/fna_140404.jpg","width":840,"height":470},{"@type":"BreadcrumbList","@id":"https:\/\/radioljubuski.ba\/index.php\/2021\/06\/22\/crnogorski-premijer-ne-namjerava-podnijeti-ostavku\/#breadcrumb","itemListElement":[{"@type":"ListItem","position":1,"name":"Po\u010detna stranica","item":"https:\/\/radioljubuski.ba\/"},{"@type":"ListItem","position":2,"name":"Crnogorski premijer ne namjerava podnijeti ostavku"}]},{"@type":"WebSite","@id":"https:\/\/radioljubuski.ba\/#website","url":"https:\/\/radioljubuski.ba\/","name":"Radio Ljubu\u0161ki","description":"Sun\u010dana frekvencija Hercegovine","publisher":{"@id":"https:\/\/radioljubuski.ba\/#organization"},"potentialAction":[{"@type":"SearchAction","target":{"@type":"EntryPoint","urlTemplate":"https:\/\/radioljubuski.ba\/?s={search_term_string}"},"query-input":{"@type":"PropertyValueSpecification","valueRequired":true,"valueName":"search_term_string"}}],"inLanguage":"hr"},{"@type":"Organization","@id":"https:\/\/radioljubuski.ba\/#organization","name":"Radio Ljubu\u0161ki","url":"https:\/\/radioljubuski.ba\/","logo":{"@type":"ImageObject","inLanguage":"hr","@id":"https:\/\/radioljubuski.ba\/#\/schema\/logo\/image\/","url":"https:\/\/radioljubuski.ba\/wp-content\/uploads\/2021\/02\/cropped-Radio_Ljubuski_logo1.jpg","contentUrl":"https:\/\/radioljubuski.ba\/wp-content\/uploads\/2021\/02\/cropped-Radio_Ljubuski_logo1.jpg","width":512,"height":512,"caption":"Radio Ljubu\u0161ki"},"image":{"@id":"https:\/\/radioljubuski.ba\/#\/schema\/logo\/image\/"},"sameAs":["https:\/\/www.facebook.com\/Radiio-Ljubuski-1490835324566332","https:\/\/x.com\/radioljubuski","https:\/\/hr.linkedin.com\/company\/radio-ljubuski","https:\/\/www.youtube.com\/channel\/UCHYaeO_n0Db3tjNGudGpXyw"]},{"@type":"Person","@id":"https:\/\/radioljubuski.ba\/#\/schema\/person\/19fc700381a780f69665d7956c469e3b","name":"Radio Ljubu\u0161ki"}]}},"_links":{"self":[{"href":"https:\/\/radioljubuski.ba\/index.php\/wp-json\/wp\/v2\/posts\/34951","targetHints":{"allow":["GET"]}}],"collection":[{"href":"https:\/\/radioljubuski.ba\/index.php\/wp-json\/wp\/v2\/posts"}],"about":[{"href":"https:\/\/radioljubuski.ba\/index.php\/wp-json\/wp\/v2\/types\/post"}],"author":[{"embeddable":true,"href":"https:\/\/radioljubuski.ba\/index.php\/wp-json\/wp\/v2\/users\/2"}],"replies":[{"embeddable":true,"href":"https:\/\/radioljubuski.ba\/index.php\/wp-json\/wp\/v2\/comments?post=34951"}],"version-history":[{"count":1,"href":"https:\/\/radioljubuski.ba\/index.php\/wp-json\/wp\/v2\/posts\/34951\/revisions"}],"predecessor-version":[{"id":34953,"href":"https:\/\/radioljubuski.ba\/index.php\/wp-json\/wp\/v2\/posts\/34951\/revisions\/34953"}],"wp:featuredmedia":[{"embeddable":true,"href":"https:\/\/radioljubuski.ba\/index.php\/wp-json\/wp\/v2\/media\/34952"}],"wp:attachment":[{"href":"https:\/\/radioljubuski.ba\/index.php\/wp-json\/wp\/v2\/media?parent=34951"}],"wp:term":[{"taxonomy":"category","embeddable":true,"href":"https:\/\/radioljubuski.ba\/index.php\/wp-json\/wp\/v2\/categories?post=34951"},{"taxonomy":"post_tag","embeddable":true,"href":"https:\/\/radioljubuski.ba\/index.php\/wp-json\/wp\/v2\/tags?post=34951"}],"curies":[{"name":"wp","href":"https:\/\/api.w.org\/{rel}","templated":true}]}}