{"id":34954,"date":"2021-06-22T16:35:07","date_gmt":"2021-06-22T15:35:07","guid":{"rendered":"https:\/\/radioljubuski.ba\/?p=34954"},"modified":"2021-06-22T16:35:07","modified_gmt":"2021-06-22T15:35:07","slug":"joe-biden-vise-nece-moci-primati-svetu-pricest-u-crkvi","status":"publish","type":"post","link":"https:\/\/radioljubuski.ba\/index.php\/2021\/06\/22\/joe-biden-vise-nece-moci-primati-svetu-pricest-u-crkvi\/","title":{"rendered":"Joe Biden vi\u0161e ne\u0107e mo\u0107i primati svetu pri\u010dest u crkvi?"},"content":{"rendered":"\n<p>Joe Biden, prakti\u010dni katolik koje je svake nedjelje na misi, do posljednjeg trena je vjerovao da se takva zabrana ne\u0107e izglasati.<\/p>\n\n\n\n<p>Ameri\u010dki biskupi usvojili su glavni nacrt dokumenta kojim \u0107e svim politi\u010darima koji podr\u017eavaju pravo na poba\u010daj zabraniti primanje svete pri\u010desti u Crkvama.<\/p>\n\n\n\n<p>Najzna\u010dajniji politi\u010dar na kojeg se to odnosi je&nbsp;ameri\u010dki predsjednik.&nbsp;Joe Biden, prakti\u010dni katolik koje je svake nedjelje na misi, do posljednjeg trena je vjerovao da se takva zabrana ne\u0107e izglasati.<\/p>\n\n\n\n<p>Dnevnik.ba<\/p>\n","protected":false},"excerpt":{"rendered":"<p>Joe Biden, prakti\u010dni katolik koje je svake nedjelje na misi, do posljednjeg trena je vjerovao da se takva zabrana ne\u0107e izglasati. Ameri\u010dki biskupi usvojili su glavni nacrt dokumenta kojim \u0107e svim politi\u010darima koji podr\u017eavaju pravo na poba\u010daj zabraniti primanje svete pri\u010desti u Crkvama. Najzna\u010dajniji politi\u010dar na kojeg se to odnosi je&nbsp;ameri\u010dki predsjednik.&nbsp;Joe Biden, prakti\u010dni katolik [&hellip;]<\/p>\n","protected":false},"author":2,"featured_media":34955,"comment_status":"closed","ping_status":"closed","sticky":false,"template":"","format":"standard","meta":{"h5ap_radio_sources":[],"footnotes":""},"categories":[1],"tags":[],"class_list":["post-34954","post","type-post","status-publish","format-standard","has-post-thumbnail","hentry","category-bihiregija"],"yoast_head":"<!-- This site is optimized with the Yoast SEO plugin v27.5 - https:\/\/yoast.com\/product\/yoast-seo-wordpress\/ -->\n<title>Joe Biden vi\u0161e ne\u0107e mo\u0107i primati svetu pri\u010dest u crkvi? - RADIO LJUBU\u0160KI<\/title>\n<meta name=\"robots\" content=\"index, follow, max-snippet:-1, max-image-preview:large, max-video-preview:-1\" \/>\n<link rel=\"canonical\" href=\"https:\/\/radioljubuski.ba\/index.php\/2021\/06\/22\/joe-biden-vise-nece-moci-primati-svetu-pricest-u-crkvi\/\" \/>\n<meta property=\"og:locale\" content=\"hr_HR\" \/>\n<meta property=\"og:type\" content=\"article\" \/>\n<meta property=\"og:title\" content=\"Joe Biden vi\u0161e ne\u0107e mo\u0107i primati svetu pri\u010dest u crkvi? - RADIO LJUBU\u0160KI\" \/>\n<meta property=\"og:description\" content=\"Joe Biden, prakti\u010dni katolik koje je svake nedjelje na misi, do posljednjeg trena je vjerovao da se takva zabrana ne\u0107e izglasati. Ameri\u010dki biskupi usvojili su glavni nacrt dokumenta kojim \u0107e svim politi\u010darima koji podr\u017eavaju pravo na poba\u010daj zabraniti primanje svete pri\u010desti u Crkvama. Najzna\u010dajniji politi\u010dar na kojeg se to odnosi je&nbsp;ameri\u010dki predsjednik.&nbsp;Joe Biden, prakti\u010dni katolik [&hellip;]\" \/>\n<meta property=\"og:url\" content=\"https:\/\/radioljubuski.ba\/index.php\/2021\/06\/22\/joe-biden-vise-nece-moci-primati-svetu-pricest-u-crkvi\/\" \/>\n<meta property=\"og:site_name\" content=\"RADIO LJUBU\u0160KI\" \/>\n<meta property=\"article:publisher\" content=\"https:\/\/www.facebook.com\/Radiio-Ljubuski-1490835324566332\" \/>\n<meta property=\"article:published_time\" content=\"2021-06-22T15:35:07+00:00\" \/>\n<meta property=\"og:image\" content=\"https:\/\/radioljubuski.ba\/wp-content\/uploads\/2021\/06\/pdoasfaa.png\" \/>\n\t<meta property=\"og:image:width\" content=\"840\" \/>\n\t<meta property=\"og:image:height\" content=\"470\" \/>\n\t<meta property=\"og:image:type\" content=\"image\/png\" \/>\n<meta name=\"author\" content=\"Radio Ljubu\u0161ki\" \/>\n<meta name=\"twitter:card\" content=\"summary_large_image\" \/>\n<meta name=\"twitter:creator\" content=\"@radioljubuski\" \/>\n<meta name=\"twitter:site\" content=\"@radioljubuski\" \/>\n<meta name=\"twitter:label1\" content=\"Napisao\/la\" \/>\n\t<meta name=\"twitter:data1\" content=\"Radio Ljubu\u0161ki\" \/>\n\t<meta name=\"twitter:label2\" content=\"Procijenjeno vrijeme \u010ditanja\" \/>\n\t<meta name=\"twitter:data2\" content=\"1 minuta\" \/>\n<script type=\"application\/ld+json\" class=\"yoast-schema-graph\">{\"@context\":\"https:\\\/\\\/schema.org\",\"@graph\":[{\"@type\":\"Article\",\"@id\":\"https:\\\/\\\/radioljubuski.ba\\\/index.php\\\/2021\\\/06\\\/22\\\/joe-biden-vise-nece-moci-primati-svetu-pricest-u-crkvi\\\/#article\",\"isPartOf\":{\"@id\":\"https:\\\/\\\/radioljubuski.ba\\\/index.php\\\/2021\\\/06\\\/22\\\/joe-biden-vise-nece-moci-primati-svetu-pricest-u-crkvi\\\/\"},\"author\":{\"name\":\"Radio Ljubu\u0161ki\",\"@id\":\"https:\\\/\\\/radioljubuski.ba\\\/#\\\/schema\\\/person\\\/19fc700381a780f69665d7956c469e3b\"},\"headline\":\"Joe Biden vi\u0161e ne\u0107e mo\u0107i primati svetu pri\u010dest u crkvi?\",\"datePublished\":\"2021-06-22T15:35:07+00:00\",\"mainEntityOfPage\":{\"@id\":\"https:\\\/\\\/radioljubuski.ba\\\/index.php\\\/2021\\\/06\\\/22\\\/joe-biden-vise-nece-moci-primati-svetu-pricest-u-crkvi\\\/\"},\"wordCount\":104,\"publisher\":{\"@id\":\"https:\\\/\\\/radioljubuski.ba\\\/#organization\"},\"image\":{\"@id\":\"https:\\\/\\\/radioljubuski.ba\\\/index.php\\\/2021\\\/06\\\/22\\\/joe-biden-vise-nece-moci-primati-svetu-pricest-u-crkvi\\\/#primaryimage\"},\"thumbnailUrl\":\"https:\\\/\\\/radioljubuski.ba\\\/wp-content\\\/uploads\\\/2021\\\/06\\\/pdoasfaa.png\",\"articleSection\":[\"BIH i regija\"],\"inLanguage\":\"hr\"},{\"@type\":\"WebPage\",\"@id\":\"https:\\\/\\\/radioljubuski.ba\\\/index.php\\\/2021\\\/06\\\/22\\\/joe-biden-vise-nece-moci-primati-svetu-pricest-u-crkvi\\\/\",\"url\":\"https:\\\/\\\/radioljubuski.ba\\\/index.php\\\/2021\\\/06\\\/22\\\/joe-biden-vise-nece-moci-primati-svetu-pricest-u-crkvi\\\/\",\"name\":\"Joe Biden vi\u0161e ne\u0107e mo\u0107i primati svetu pri\u010dest u crkvi? - RADIO LJUBU\u0160KI\",\"isPartOf\":{\"@id\":\"https:\\\/\\\/radioljubuski.ba\\\/#website\"},\"primaryImageOfPage\":{\"@id\":\"https:\\\/\\\/radioljubuski.ba\\\/index.php\\\/2021\\\/06\\\/22\\\/joe-biden-vise-nece-moci-primati-svetu-pricest-u-crkvi\\\/#primaryimage\"},\"image\":{\"@id\":\"https:\\\/\\\/radioljubuski.ba\\\/index.php\\\/2021\\\/06\\\/22\\\/joe-biden-vise-nece-moci-primati-svetu-pricest-u-crkvi\\\/#primaryimage\"},\"thumbnailUrl\":\"https:\\\/\\\/radioljubuski.ba\\\/wp-content\\\/uploads\\\/2021\\\/06\\\/pdoasfaa.png\",\"datePublished\":\"2021-06-22T15:35:07+00:00\",\"breadcrumb\":{\"@id\":\"https:\\\/\\\/radioljubuski.ba\\\/index.php\\\/2021\\\/06\\\/22\\\/joe-biden-vise-nece-moci-primati-svetu-pricest-u-crkvi\\\/#breadcrumb\"},\"inLanguage\":\"hr\",\"potentialAction\":[{\"@type\":\"ReadAction\",\"target\":[\"https:\\\/\\\/radioljubuski.ba\\\/index.php\\\/2021\\\/06\\\/22\\\/joe-biden-vise-nece-moci-primati-svetu-pricest-u-crkvi\\\/\"]}]},{\"@type\":\"ImageObject\",\"inLanguage\":\"hr\",\"@id\":\"https:\\\/\\\/radioljubuski.ba\\\/index.php\\\/2021\\\/06\\\/22\\\/joe-biden-vise-nece-moci-primati-svetu-pricest-u-crkvi\\\/#primaryimage\",\"url\":\"https:\\\/\\\/radioljubuski.ba\\\/wp-content\\\/uploads\\\/2021\\\/06\\\/pdoasfaa.png\",\"contentUrl\":\"https:\\\/\\\/radioljubuski.ba\\\/wp-content\\\/uploads\\\/2021\\\/06\\\/pdoasfaa.png\",\"width\":840,\"height\":470},{\"@type\":\"BreadcrumbList\",\"@id\":\"https:\\\/\\\/radioljubuski.ba\\\/index.php\\\/2021\\\/06\\\/22\\\/joe-biden-vise-nece-moci-primati-svetu-pricest-u-crkvi\\\/#breadcrumb\",\"itemListElement\":[{\"@type\":\"ListItem\",\"position\":1,\"name\":\"Po\u010detna stranica\",\"item\":\"https:\\\/\\\/radioljubuski.ba\\\/\"},{\"@type\":\"ListItem\",\"position\":2,\"name\":\"Joe Biden vi\u0161e ne\u0107e mo\u0107i primati svetu pri\u010dest u crkvi?\"}]},{\"@type\":\"WebSite\",\"@id\":\"https:\\\/\\\/radioljubuski.ba\\\/#website\",\"url\":\"https:\\\/\\\/radioljubuski.ba\\\/\",\"name\":\"Radio Ljubu\u0161ki\",\"description\":\"Sun\u010dana frekvencija Hercegovine\",\"publisher\":{\"@id\":\"https:\\\/\\\/radioljubuski.ba\\\/#organization\"},\"potentialAction\":[{\"@type\":\"SearchAction\",\"target\":{\"@type\":\"EntryPoint\",\"urlTemplate\":\"https:\\\/\\\/radioljubuski.ba\\\/?s={search_term_string}\"},\"query-input\":{\"@type\":\"PropertyValueSpecification\",\"valueRequired\":true,\"valueName\":\"search_term_string\"}}],\"inLanguage\":\"hr\"},{\"@type\":\"Organization\",\"@id\":\"https:\\\/\\\/radioljubuski.ba\\\/#organization\",\"name\":\"Radio Ljubu\u0161ki\",\"url\":\"https:\\\/\\\/radioljubuski.ba\\\/\",\"logo\":{\"@type\":\"ImageObject\",\"inLanguage\":\"hr\",\"@id\":\"https:\\\/\\\/radioljubuski.ba\\\/#\\\/schema\\\/logo\\\/image\\\/\",\"url\":\"https:\\\/\\\/radioljubuski.ba\\\/wp-content\\\/uploads\\\/2021\\\/02\\\/cropped-Radio_Ljubuski_logo1.jpg\",\"contentUrl\":\"https:\\\/\\\/radioljubuski.ba\\\/wp-content\\\/uploads\\\/2021\\\/02\\\/cropped-Radio_Ljubuski_logo1.jpg\",\"width\":512,\"height\":512,\"caption\":\"Radio Ljubu\u0161ki\"},\"image\":{\"@id\":\"https:\\\/\\\/radioljubuski.ba\\\/#\\\/schema\\\/logo\\\/image\\\/\"},\"sameAs\":[\"https:\\\/\\\/www.facebook.com\\\/Radiio-Ljubuski-1490835324566332\",\"https:\\\/\\\/x.com\\\/radioljubuski\",\"https:\\\/\\\/hr.linkedin.com\\\/company\\\/radio-ljubuski\",\"https:\\\/\\\/www.youtube.com\\\/channel\\\/UCHYaeO_n0Db3tjNGudGpXyw\"]},{\"@type\":\"Person\",\"@id\":\"https:\\\/\\\/radioljubuski.ba\\\/#\\\/schema\\\/person\\\/19fc700381a780f69665d7956c469e3b\",\"name\":\"Radio Ljubu\u0161ki\"}]}<\/script>\n<!-- \/ Yoast SEO plugin. -->","yoast_head_json":{"title":"Joe Biden vi\u0161e ne\u0107e mo\u0107i primati svetu pri\u010dest u crkvi? - RADIO LJUBU\u0160KI","robots":{"index":"index","follow":"follow","max-snippet":"max-snippet:-1","max-image-preview":"max-image-preview:large","max-video-preview":"max-video-preview:-1"},"canonical":"https:\/\/radioljubuski.ba\/index.php\/2021\/06\/22\/joe-biden-vise-nece-moci-primati-svetu-pricest-u-crkvi\/","og_locale":"hr_HR","og_type":"article","og_title":"Joe Biden vi\u0161e ne\u0107e mo\u0107i primati svetu pri\u010dest u crkvi? - RADIO LJUBU\u0160KI","og_description":"Joe Biden, prakti\u010dni katolik koje je svake nedjelje na misi, do posljednjeg trena je vjerovao da se takva zabrana ne\u0107e izglasati. Ameri\u010dki biskupi usvojili su glavni nacrt dokumenta kojim \u0107e svim politi\u010darima koji podr\u017eavaju pravo na poba\u010daj zabraniti primanje svete pri\u010desti u Crkvama. Najzna\u010dajniji politi\u010dar na kojeg se to odnosi je&nbsp;ameri\u010dki predsjednik.&nbsp;Joe Biden, prakti\u010dni katolik [&hellip;]","og_url":"https:\/\/radioljubuski.ba\/index.php\/2021\/06\/22\/joe-biden-vise-nece-moci-primati-svetu-pricest-u-crkvi\/","og_site_name":"RADIO LJUBU\u0160KI","article_publisher":"https:\/\/www.facebook.com\/Radiio-Ljubuski-1490835324566332","article_published_time":"2021-06-22T15:35:07+00:00","og_image":[{"width":840,"height":470,"url":"https:\/\/radioljubuski.ba\/wp-content\/uploads\/2021\/06\/pdoasfaa.png","type":"image\/png"}],"author":"Radio Ljubu\u0161ki","twitter_card":"summary_large_image","twitter_creator":"@radioljubuski","twitter_site":"@radioljubuski","twitter_misc":{"Napisao\/la":"Radio Ljubu\u0161ki","Procijenjeno vrijeme \u010ditanja":"1 minuta"},"schema":{"@context":"https:\/\/schema.org","@graph":[{"@type":"Article","@id":"https:\/\/radioljubuski.ba\/index.php\/2021\/06\/22\/joe-biden-vise-nece-moci-primati-svetu-pricest-u-crkvi\/#article","isPartOf":{"@id":"https:\/\/radioljubuski.ba\/index.php\/2021\/06\/22\/joe-biden-vise-nece-moci-primati-svetu-pricest-u-crkvi\/"},"author":{"name":"Radio Ljubu\u0161ki","@id":"https:\/\/radioljubuski.ba\/#\/schema\/person\/19fc700381a780f69665d7956c469e3b"},"headline":"Joe Biden vi\u0161e ne\u0107e mo\u0107i primati svetu pri\u010dest u crkvi?","datePublished":"2021-06-22T15:35:07+00:00","mainEntityOfPage":{"@id":"https:\/\/radioljubuski.ba\/index.php\/2021\/06\/22\/joe-biden-vise-nece-moci-primati-svetu-pricest-u-crkvi\/"},"wordCount":104,"publisher":{"@id":"https:\/\/radioljubuski.ba\/#organization"},"image":{"@id":"https:\/\/radioljubuski.ba\/index.php\/2021\/06\/22\/joe-biden-vise-nece-moci-primati-svetu-pricest-u-crkvi\/#primaryimage"},"thumbnailUrl":"https:\/\/radioljubuski.ba\/wp-content\/uploads\/2021\/06\/pdoasfaa.png","articleSection":["BIH i regija"],"inLanguage":"hr"},{"@type":"WebPage","@id":"https:\/\/radioljubuski.ba\/index.php\/2021\/06\/22\/joe-biden-vise-nece-moci-primati-svetu-pricest-u-crkvi\/","url":"https:\/\/radioljubuski.ba\/index.php\/2021\/06\/22\/joe-biden-vise-nece-moci-primati-svetu-pricest-u-crkvi\/","name":"Joe Biden vi\u0161e ne\u0107e mo\u0107i primati svetu pri\u010dest u crkvi? - RADIO LJUBU\u0160KI","isPartOf":{"@id":"https:\/\/radioljubuski.ba\/#website"},"primaryImageOfPage":{"@id":"https:\/\/radioljubuski.ba\/index.php\/2021\/06\/22\/joe-biden-vise-nece-moci-primati-svetu-pricest-u-crkvi\/#primaryimage"},"image":{"@id":"https:\/\/radioljubuski.ba\/index.php\/2021\/06\/22\/joe-biden-vise-nece-moci-primati-svetu-pricest-u-crkvi\/#primaryimage"},"thumbnailUrl":"https:\/\/radioljubuski.ba\/wp-content\/uploads\/2021\/06\/pdoasfaa.png","datePublished":"2021-06-22T15:35:07+00:00","breadcrumb":{"@id":"https:\/\/radioljubuski.ba\/index.php\/2021\/06\/22\/joe-biden-vise-nece-moci-primati-svetu-pricest-u-crkvi\/#breadcrumb"},"inLanguage":"hr","potentialAction":[{"@type":"ReadAction","target":["https:\/\/radioljubuski.ba\/index.php\/2021\/06\/22\/joe-biden-vise-nece-moci-primati-svetu-pricest-u-crkvi\/"]}]},{"@type":"ImageObject","inLanguage":"hr","@id":"https:\/\/radioljubuski.ba\/index.php\/2021\/06\/22\/joe-biden-vise-nece-moci-primati-svetu-pricest-u-crkvi\/#primaryimage","url":"https:\/\/radioljubuski.ba\/wp-content\/uploads\/2021\/06\/pdoasfaa.png","contentUrl":"https:\/\/radioljubuski.ba\/wp-content\/uploads\/2021\/06\/pdoasfaa.png","width":840,"height":470},{"@type":"BreadcrumbList","@id":"https:\/\/radioljubuski.ba\/index.php\/2021\/06\/22\/joe-biden-vise-nece-moci-primati-svetu-pricest-u-crkvi\/#breadcrumb","itemListElement":[{"@type":"ListItem","position":1,"name":"Po\u010detna stranica","item":"https:\/\/radioljubuski.ba\/"},{"@type":"ListItem","position":2,"name":"Joe Biden vi\u0161e ne\u0107e mo\u0107i primati svetu pri\u010dest u crkvi?"}]},{"@type":"WebSite","@id":"https:\/\/radioljubuski.ba\/#website","url":"https:\/\/radioljubuski.ba\/","name":"Radio Ljubu\u0161ki","description":"Sun\u010dana frekvencija Hercegovine","publisher":{"@id":"https:\/\/radioljubuski.ba\/#organization"},"potentialAction":[{"@type":"SearchAction","target":{"@type":"EntryPoint","urlTemplate":"https:\/\/radioljubuski.ba\/?s={search_term_string}"},"query-input":{"@type":"PropertyValueSpecification","valueRequired":true,"valueName":"search_term_string"}}],"inLanguage":"hr"},{"@type":"Organization","@id":"https:\/\/radioljubuski.ba\/#organization","name":"Radio Ljubu\u0161ki","url":"https:\/\/radioljubuski.ba\/","logo":{"@type":"ImageObject","inLanguage":"hr","@id":"https:\/\/radioljubuski.ba\/#\/schema\/logo\/image\/","url":"https:\/\/radioljubuski.ba\/wp-content\/uploads\/2021\/02\/cropped-Radio_Ljubuski_logo1.jpg","contentUrl":"https:\/\/radioljubuski.ba\/wp-content\/uploads\/2021\/02\/cropped-Radio_Ljubuski_logo1.jpg","width":512,"height":512,"caption":"Radio Ljubu\u0161ki"},"image":{"@id":"https:\/\/radioljubuski.ba\/#\/schema\/logo\/image\/"},"sameAs":["https:\/\/www.facebook.com\/Radiio-Ljubuski-1490835324566332","https:\/\/x.com\/radioljubuski","https:\/\/hr.linkedin.com\/company\/radio-ljubuski","https:\/\/www.youtube.com\/channel\/UCHYaeO_n0Db3tjNGudGpXyw"]},{"@type":"Person","@id":"https:\/\/radioljubuski.ba\/#\/schema\/person\/19fc700381a780f69665d7956c469e3b","name":"Radio Ljubu\u0161ki"}]}},"_links":{"self":[{"href":"https:\/\/radioljubuski.ba\/index.php\/wp-json\/wp\/v2\/posts\/34954","targetHints":{"allow":["GET"]}}],"collection":[{"href":"https:\/\/radioljubuski.ba\/index.php\/wp-json\/wp\/v2\/posts"}],"about":[{"href":"https:\/\/radioljubuski.ba\/index.php\/wp-json\/wp\/v2\/types\/post"}],"author":[{"embeddable":true,"href":"https:\/\/radioljubuski.ba\/index.php\/wp-json\/wp\/v2\/users\/2"}],"replies":[{"embeddable":true,"href":"https:\/\/radioljubuski.ba\/index.php\/wp-json\/wp\/v2\/comments?post=34954"}],"version-history":[{"count":1,"href":"https:\/\/radioljubuski.ba\/index.php\/wp-json\/wp\/v2\/posts\/34954\/revisions"}],"predecessor-version":[{"id":34956,"href":"https:\/\/radioljubuski.ba\/index.php\/wp-json\/wp\/v2\/posts\/34954\/revisions\/34956"}],"wp:featuredmedia":[{"embeddable":true,"href":"https:\/\/radioljubuski.ba\/index.php\/wp-json\/wp\/v2\/media\/34955"}],"wp:attachment":[{"href":"https:\/\/radioljubuski.ba\/index.php\/wp-json\/wp\/v2\/media?parent=34954"}],"wp:term":[{"taxonomy":"category","embeddable":true,"href":"https:\/\/radioljubuski.ba\/index.php\/wp-json\/wp\/v2\/categories?post=34954"},{"taxonomy":"post_tag","embeddable":true,"href":"https:\/\/radioljubuski.ba\/index.php\/wp-json\/wp\/v2\/tags?post=34954"}],"curies":[{"name":"wp","href":"https:\/\/api.w.org\/{rel}","templated":true}]}}