{"id":35039,"date":"2021-06-23T00:05:04","date_gmt":"2021-06-22T23:05:04","guid":{"rendered":"https:\/\/radioljubuski.ba\/?p=35039"},"modified":"2021-06-23T00:05:05","modified_gmt":"2021-06-22T23:05:05","slug":"hercegovacki-gradovi-i-opcine-na-putu-demografskog-oporavka","status":"publish","type":"post","link":"https:\/\/radioljubuski.ba\/index.php\/2021\/06\/23\/hercegovacki-gradovi-i-opcine-na-putu-demografskog-oporavka\/","title":{"rendered":"Hercegova\u010dki gradovi i op\u0107ine na putu demografskog oporavka"},"content":{"rendered":"\n<p>Sufinanciranje kupnje prve nekretnine, pla\u0107anje prijevoza u\u010denika, financiranje nabave ud\u017ebenika, pokretanje novih poslovnih zona i projekata u cilju zapo\u0161ljavanja mladih obitelji &#8211; samo su neke od mjera kojima se niz op\u0107ina i gradova u BiH vodi kako bi zaustavili i u kona\u010dnici preokrenuli neke demografske trendove koji su bili prisutni proteklih godina, pi\u0161e Ve\u010denrji list BiH. &nbsp;Primjer su Stolac, \u010capljina i Ljubu\u0161ki, tri lokalne samouprave u Hercegovini koje kroz projekte usmjerene k stvaranju novih radnih mjesta, ali i olak\u0161avanju uvjeta \u017eivota mladim obiteljima, rade na pobolj\u0161anju demografske situacije.<\/p>\n\n\n\n<p>Poljoprivreda i turizam<\/p>\n\n\n\n<p>Stjepan Bo\u0161kovi\u0107, na\u010delnik op\u0107ine Stolac, rekao je u izjavi za Ve\u010dernji list da je postupak delo\u017eacije zaustavljen, a postoje primjeri povratka onih koji su ranije napustili op\u0107inu. Navodi da procjene odre\u0111enih organizacija o trendu napu\u0161tanja obitelji iz ove op\u0107ine nemaju nikakve veze sa stvarno\u0161\u0107u. U kontekstu zaustavljanja trenda odlaska, Op\u0107ina Stolac je u proteklom razdoblju povukla niz poteza, po\u010dev\u0161i od provedbe infrastrukturnih projekata do koraka u poljoprivredi i turizmu, kao i intenziviraju\u0107i proces u poslovnoj zoni Hodovo . Dubrova\u010dka visoravan uskoro \u0107e se postaviti kao prostor za aktivniju poljoprivrednu proizvodnju. To \u0107e zasigurno biti posljedica realizacije kapitalnog projekta dovo\u0111enja vode na Dubravsku visoravan, \u0161to sa sobom donosi mogu\u0107nost da ve\u0107i broj obitelji obra\u0111uje zemlju.<\/p>\n\n\n\n<p>Grad \u010capljina povukao je niz hvalevrijednih poteza usmjerenih na ja\u010danje demografske situacije. Sufinanciranje doktorskih studija, kao i pomo\u0107 mladima u kupnji prvog stambenog imanja samo su neke od demografskih mjera koje \u010capljina provodi, rekao je gradona\u010delnik Smiljan Vidi\u0107. Prema njegovim rije\u010dima, ova lokalna samouprava na poseban na\u010din brine o mladima, a jedan od primjera je nedavno zapo\u0161ljavanje 83 pripravnika, \u0161to je zna\u010dajan broj ako uzmemo u obzir \u010dinjenicu da nisu sve op\u0107ine i gradovi u Hercegovini primi ovaj broj. \u010capljina tako\u0111er sufinancira boravak djece u dje\u010djim vrti\u0107ima, u potpunosti financira prijevoz u\u010denika, kupnju knjiga za u\u010denike, a tu su, naravno, i stipendije. U gospodarskom smislu \u010capljina intenzivno radi na osposobljavanju gospodarske zone Zvirovi\u0107i, a koja \u0107e, s obzirom na blizinu autoceste, Luke Plo\u010de, \u017eeljeznice te Zra\u010dne luke Mostar, biti najkonkurentnija u okru\u017eju. Grad Ljubu\u0161ki provodi niz demografskih mjera u cilju olak\u0161avanja uvjeta \u017eivota u lokalnoj zajednici i poticanja pozitivnih demografskih trendova. Gradona\u010delnik Vedran Markoti\u0107 isti\u010de kao primjer \u010dinjenicu da svaka rodilja od Grada Ljubu\u0161kog dobije 500 KM nov\u010dane potpore za novoro\u0111eno dijete. &#8211; U jednoglasno izglasanom prora\u010dunu Grada Ljubu\u0161kog za 2021. godinu prvi put su za namjenu pomo\u0107i mladim obiteljima pri kupnji prve nekretnine predvi\u0111ena sredstva u iznosu od 200.000 maraka &#8211; objasnio je Markoti\u0107.<\/p>\n\n\n\n<p>Potpora investitorima<\/p>\n\n\n\n<p>U kontekstu gospodarstva Gradsko vije\u0107e usvojilo je izmjene i dopune odluke o pru\u017eanju financijske potpore investitorima na neizgra\u0111enom gra\u0111evinskom zemlji\u0161tu u gospodarskim zonama Zviri\u0107i i Mostarska Vrata pa sad Grad Ljubu\u0161ki investitorima koji se odlu\u010de ulagati u Ljubu\u0161ki pru\u017ea financijsku potporu do \u010dak 90% ulo\u017eenog novca u kupnju zemlji\u0161ta. Mjera je nai\u0161la na plodno tlo pa su ranije potpisali ugovore s Mesnom industrijom \u201cBra\u0107a Pivac\u201d, kao i njema\u010dkom tvrtkom Simtech.&nbsp;<\/p>\n\n\n\n<p>Izvor:vecernji.ba<\/p>\n","protected":false},"excerpt":{"rendered":"<p>Sufinanciranje kupnje prve nekretnine, pla\u0107anje prijevoza u\u010denika, financiranje nabave ud\u017ebenika, pokretanje novih poslovnih zona i projekata u cilju zapo\u0161ljavanja mladih obitelji &#8211; samo su neke od mjera kojima se niz op\u0107ina i gradova u BiH vodi kako bi zaustavili i u kona\u010dnici preokrenuli neke demografske trendove koji su bili prisutni proteklih godina, pi\u0161e Ve\u010denrji list [&hellip;]<\/p>\n","protected":false},"author":2,"featured_media":35040,"comment_status":"closed","ping_status":"closed","sticky":false,"template":"","format":"standard","meta":{"h5ap_radio_sources":[],"footnotes":""},"categories":[1],"tags":[],"class_list":["post-35039","post","type-post","status-publish","format-standard","has-post-thumbnail","hentry","category-bihiregija"],"yoast_head":"<!-- This site is optimized with the Yoast SEO plugin v27.5 - https:\/\/yoast.com\/product\/yoast-seo-wordpress\/ -->\n<title>Hercegova\u010dki gradovi i op\u0107ine na putu demografskog oporavka - RADIO LJUBU\u0160KI<\/title>\n<meta name=\"robots\" content=\"index, follow, max-snippet:-1, max-image-preview:large, max-video-preview:-1\" \/>\n<link rel=\"canonical\" href=\"https:\/\/radioljubuski.ba\/index.php\/2021\/06\/23\/hercegovacki-gradovi-i-opcine-na-putu-demografskog-oporavka\/\" \/>\n<meta property=\"og:locale\" content=\"hr_HR\" \/>\n<meta property=\"og:type\" content=\"article\" \/>\n<meta property=\"og:title\" content=\"Hercegova\u010dki gradovi i op\u0107ine na putu demografskog oporavka - RADIO LJUBU\u0160KI\" \/>\n<meta property=\"og:description\" content=\"Sufinanciranje kupnje prve nekretnine, pla\u0107anje prijevoza u\u010denika, financiranje nabave ud\u017ebenika, pokretanje novih poslovnih zona i projekata u cilju zapo\u0161ljavanja mladih obitelji &#8211; samo su neke od mjera kojima se niz op\u0107ina i gradova u BiH vodi kako bi zaustavili i u kona\u010dnici preokrenuli neke demografske trendove koji su bili prisutni proteklih godina, pi\u0161e Ve\u010denrji list [&hellip;]\" \/>\n<meta property=\"og:url\" content=\"https:\/\/radioljubuski.ba\/index.php\/2021\/06\/23\/hercegovacki-gradovi-i-opcine-na-putu-demografskog-oporavka\/\" \/>\n<meta property=\"og:site_name\" content=\"RADIO LJUBU\u0160KI\" \/>\n<meta property=\"article:publisher\" content=\"https:\/\/www.facebook.com\/Radiio-Ljubuski-1490835324566332\" \/>\n<meta property=\"article:published_time\" content=\"2021-06-22T23:05:04+00:00\" \/>\n<meta property=\"article:modified_time\" content=\"2021-06-22T23:05:05+00:00\" \/>\n<meta property=\"og:image\" content=\"https:\/\/radioljubuski.ba\/wp-content\/uploads\/2021\/06\/pk-ljubuski-1-1.jpg\" \/>\n\t<meta property=\"og:image:width\" content=\"1195\" \/>\n\t<meta property=\"og:image:height\" content=\"896\" \/>\n\t<meta property=\"og:image:type\" content=\"image\/jpeg\" \/>\n<meta name=\"author\" content=\"Radio Ljubu\u0161ki\" \/>\n<meta name=\"twitter:card\" content=\"summary_large_image\" \/>\n<meta name=\"twitter:creator\" content=\"@radioljubuski\" \/>\n<meta name=\"twitter:site\" content=\"@radioljubuski\" \/>\n<meta name=\"twitter:label1\" content=\"Napisao\/la\" \/>\n\t<meta name=\"twitter:data1\" content=\"Radio Ljubu\u0161ki\" \/>\n\t<meta name=\"twitter:label2\" content=\"Procijenjeno vrijeme \u010ditanja\" \/>\n\t<meta name=\"twitter:data2\" content=\"3 minute\" \/>\n<script type=\"application\/ld+json\" class=\"yoast-schema-graph\">{\"@context\":\"https:\\\/\\\/schema.org\",\"@graph\":[{\"@type\":\"Article\",\"@id\":\"https:\\\/\\\/radioljubuski.ba\\\/index.php\\\/2021\\\/06\\\/23\\\/hercegovacki-gradovi-i-opcine-na-putu-demografskog-oporavka\\\/#article\",\"isPartOf\":{\"@id\":\"https:\\\/\\\/radioljubuski.ba\\\/index.php\\\/2021\\\/06\\\/23\\\/hercegovacki-gradovi-i-opcine-na-putu-demografskog-oporavka\\\/\"},\"author\":{\"name\":\"Radio Ljubu\u0161ki\",\"@id\":\"https:\\\/\\\/radioljubuski.ba\\\/#\\\/schema\\\/person\\\/19fc700381a780f69665d7956c469e3b\"},\"headline\":\"Hercegova\u010dki gradovi i op\u0107ine na putu demografskog oporavka\",\"datePublished\":\"2021-06-22T23:05:04+00:00\",\"dateModified\":\"2021-06-22T23:05:05+00:00\",\"mainEntityOfPage\":{\"@id\":\"https:\\\/\\\/radioljubuski.ba\\\/index.php\\\/2021\\\/06\\\/23\\\/hercegovacki-gradovi-i-opcine-na-putu-demografskog-oporavka\\\/\"},\"wordCount\":563,\"publisher\":{\"@id\":\"https:\\\/\\\/radioljubuski.ba\\\/#organization\"},\"image\":{\"@id\":\"https:\\\/\\\/radioljubuski.ba\\\/index.php\\\/2021\\\/06\\\/23\\\/hercegovacki-gradovi-i-opcine-na-putu-demografskog-oporavka\\\/#primaryimage\"},\"thumbnailUrl\":\"https:\\\/\\\/radioljubuski.ba\\\/wp-content\\\/uploads\\\/2021\\\/06\\\/pk-ljubuski-1-1.jpg\",\"articleSection\":[\"BIH i regija\"],\"inLanguage\":\"hr\"},{\"@type\":\"WebPage\",\"@id\":\"https:\\\/\\\/radioljubuski.ba\\\/index.php\\\/2021\\\/06\\\/23\\\/hercegovacki-gradovi-i-opcine-na-putu-demografskog-oporavka\\\/\",\"url\":\"https:\\\/\\\/radioljubuski.ba\\\/index.php\\\/2021\\\/06\\\/23\\\/hercegovacki-gradovi-i-opcine-na-putu-demografskog-oporavka\\\/\",\"name\":\"Hercegova\u010dki gradovi i op\u0107ine na putu demografskog oporavka - RADIO LJUBU\u0160KI\",\"isPartOf\":{\"@id\":\"https:\\\/\\\/radioljubuski.ba\\\/#website\"},\"primaryImageOfPage\":{\"@id\":\"https:\\\/\\\/radioljubuski.ba\\\/index.php\\\/2021\\\/06\\\/23\\\/hercegovacki-gradovi-i-opcine-na-putu-demografskog-oporavka\\\/#primaryimage\"},\"image\":{\"@id\":\"https:\\\/\\\/radioljubuski.ba\\\/index.php\\\/2021\\\/06\\\/23\\\/hercegovacki-gradovi-i-opcine-na-putu-demografskog-oporavka\\\/#primaryimage\"},\"thumbnailUrl\":\"https:\\\/\\\/radioljubuski.ba\\\/wp-content\\\/uploads\\\/2021\\\/06\\\/pk-ljubuski-1-1.jpg\",\"datePublished\":\"2021-06-22T23:05:04+00:00\",\"dateModified\":\"2021-06-22T23:05:05+00:00\",\"breadcrumb\":{\"@id\":\"https:\\\/\\\/radioljubuski.ba\\\/index.php\\\/2021\\\/06\\\/23\\\/hercegovacki-gradovi-i-opcine-na-putu-demografskog-oporavka\\\/#breadcrumb\"},\"inLanguage\":\"hr\",\"potentialAction\":[{\"@type\":\"ReadAction\",\"target\":[\"https:\\\/\\\/radioljubuski.ba\\\/index.php\\\/2021\\\/06\\\/23\\\/hercegovacki-gradovi-i-opcine-na-putu-demografskog-oporavka\\\/\"]}]},{\"@type\":\"ImageObject\",\"inLanguage\":\"hr\",\"@id\":\"https:\\\/\\\/radioljubuski.ba\\\/index.php\\\/2021\\\/06\\\/23\\\/hercegovacki-gradovi-i-opcine-na-putu-demografskog-oporavka\\\/#primaryimage\",\"url\":\"https:\\\/\\\/radioljubuski.ba\\\/wp-content\\\/uploads\\\/2021\\\/06\\\/pk-ljubuski-1-1.jpg\",\"contentUrl\":\"https:\\\/\\\/radioljubuski.ba\\\/wp-content\\\/uploads\\\/2021\\\/06\\\/pk-ljubuski-1-1.jpg\",\"width\":1195,\"height\":896},{\"@type\":\"BreadcrumbList\",\"@id\":\"https:\\\/\\\/radioljubuski.ba\\\/index.php\\\/2021\\\/06\\\/23\\\/hercegovacki-gradovi-i-opcine-na-putu-demografskog-oporavka\\\/#breadcrumb\",\"itemListElement\":[{\"@type\":\"ListItem\",\"position\":1,\"name\":\"Po\u010detna stranica\",\"item\":\"https:\\\/\\\/radioljubuski.ba\\\/\"},{\"@type\":\"ListItem\",\"position\":2,\"name\":\"Hercegova\u010dki gradovi i op\u0107ine na putu demografskog oporavka\"}]},{\"@type\":\"WebSite\",\"@id\":\"https:\\\/\\\/radioljubuski.ba\\\/#website\",\"url\":\"https:\\\/\\\/radioljubuski.ba\\\/\",\"name\":\"Radio Ljubu\u0161ki\",\"description\":\"Sun\u010dana frekvencija Hercegovine\",\"publisher\":{\"@id\":\"https:\\\/\\\/radioljubuski.ba\\\/#organization\"},\"potentialAction\":[{\"@type\":\"SearchAction\",\"target\":{\"@type\":\"EntryPoint\",\"urlTemplate\":\"https:\\\/\\\/radioljubuski.ba\\\/?s={search_term_string}\"},\"query-input\":{\"@type\":\"PropertyValueSpecification\",\"valueRequired\":true,\"valueName\":\"search_term_string\"}}],\"inLanguage\":\"hr\"},{\"@type\":\"Organization\",\"@id\":\"https:\\\/\\\/radioljubuski.ba\\\/#organization\",\"name\":\"Radio Ljubu\u0161ki\",\"url\":\"https:\\\/\\\/radioljubuski.ba\\\/\",\"logo\":{\"@type\":\"ImageObject\",\"inLanguage\":\"hr\",\"@id\":\"https:\\\/\\\/radioljubuski.ba\\\/#\\\/schema\\\/logo\\\/image\\\/\",\"url\":\"https:\\\/\\\/radioljubuski.ba\\\/wp-content\\\/uploads\\\/2021\\\/02\\\/cropped-Radio_Ljubuski_logo1.jpg\",\"contentUrl\":\"https:\\\/\\\/radioljubuski.ba\\\/wp-content\\\/uploads\\\/2021\\\/02\\\/cropped-Radio_Ljubuski_logo1.jpg\",\"width\":512,\"height\":512,\"caption\":\"Radio Ljubu\u0161ki\"},\"image\":{\"@id\":\"https:\\\/\\\/radioljubuski.ba\\\/#\\\/schema\\\/logo\\\/image\\\/\"},\"sameAs\":[\"https:\\\/\\\/www.facebook.com\\\/Radiio-Ljubuski-1490835324566332\",\"https:\\\/\\\/x.com\\\/radioljubuski\",\"https:\\\/\\\/hr.linkedin.com\\\/company\\\/radio-ljubuski\",\"https:\\\/\\\/www.youtube.com\\\/channel\\\/UCHYaeO_n0Db3tjNGudGpXyw\"]},{\"@type\":\"Person\",\"@id\":\"https:\\\/\\\/radioljubuski.ba\\\/#\\\/schema\\\/person\\\/19fc700381a780f69665d7956c469e3b\",\"name\":\"Radio Ljubu\u0161ki\"}]}<\/script>\n<!-- \/ Yoast SEO plugin. -->","yoast_head_json":{"title":"Hercegova\u010dki gradovi i op\u0107ine na putu demografskog oporavka - RADIO LJUBU\u0160KI","robots":{"index":"index","follow":"follow","max-snippet":"max-snippet:-1","max-image-preview":"max-image-preview:large","max-video-preview":"max-video-preview:-1"},"canonical":"https:\/\/radioljubuski.ba\/index.php\/2021\/06\/23\/hercegovacki-gradovi-i-opcine-na-putu-demografskog-oporavka\/","og_locale":"hr_HR","og_type":"article","og_title":"Hercegova\u010dki gradovi i op\u0107ine na putu demografskog oporavka - RADIO LJUBU\u0160KI","og_description":"Sufinanciranje kupnje prve nekretnine, pla\u0107anje prijevoza u\u010denika, financiranje nabave ud\u017ebenika, pokretanje novih poslovnih zona i projekata u cilju zapo\u0161ljavanja mladih obitelji &#8211; samo su neke od mjera kojima se niz op\u0107ina i gradova u BiH vodi kako bi zaustavili i u kona\u010dnici preokrenuli neke demografske trendove koji su bili prisutni proteklih godina, pi\u0161e Ve\u010denrji list [&hellip;]","og_url":"https:\/\/radioljubuski.ba\/index.php\/2021\/06\/23\/hercegovacki-gradovi-i-opcine-na-putu-demografskog-oporavka\/","og_site_name":"RADIO LJUBU\u0160KI","article_publisher":"https:\/\/www.facebook.com\/Radiio-Ljubuski-1490835324566332","article_published_time":"2021-06-22T23:05:04+00:00","article_modified_time":"2021-06-22T23:05:05+00:00","og_image":[{"width":1195,"height":896,"url":"https:\/\/radioljubuski.ba\/wp-content\/uploads\/2021\/06\/pk-ljubuski-1-1.jpg","type":"image\/jpeg"}],"author":"Radio Ljubu\u0161ki","twitter_card":"summary_large_image","twitter_creator":"@radioljubuski","twitter_site":"@radioljubuski","twitter_misc":{"Napisao\/la":"Radio Ljubu\u0161ki","Procijenjeno vrijeme \u010ditanja":"3 minute"},"schema":{"@context":"https:\/\/schema.org","@graph":[{"@type":"Article","@id":"https:\/\/radioljubuski.ba\/index.php\/2021\/06\/23\/hercegovacki-gradovi-i-opcine-na-putu-demografskog-oporavka\/#article","isPartOf":{"@id":"https:\/\/radioljubuski.ba\/index.php\/2021\/06\/23\/hercegovacki-gradovi-i-opcine-na-putu-demografskog-oporavka\/"},"author":{"name":"Radio Ljubu\u0161ki","@id":"https:\/\/radioljubuski.ba\/#\/schema\/person\/19fc700381a780f69665d7956c469e3b"},"headline":"Hercegova\u010dki gradovi i op\u0107ine na putu demografskog oporavka","datePublished":"2021-06-22T23:05:04+00:00","dateModified":"2021-06-22T23:05:05+00:00","mainEntityOfPage":{"@id":"https:\/\/radioljubuski.ba\/index.php\/2021\/06\/23\/hercegovacki-gradovi-i-opcine-na-putu-demografskog-oporavka\/"},"wordCount":563,"publisher":{"@id":"https:\/\/radioljubuski.ba\/#organization"},"image":{"@id":"https:\/\/radioljubuski.ba\/index.php\/2021\/06\/23\/hercegovacki-gradovi-i-opcine-na-putu-demografskog-oporavka\/#primaryimage"},"thumbnailUrl":"https:\/\/radioljubuski.ba\/wp-content\/uploads\/2021\/06\/pk-ljubuski-1-1.jpg","articleSection":["BIH i regija"],"inLanguage":"hr"},{"@type":"WebPage","@id":"https:\/\/radioljubuski.ba\/index.php\/2021\/06\/23\/hercegovacki-gradovi-i-opcine-na-putu-demografskog-oporavka\/","url":"https:\/\/radioljubuski.ba\/index.php\/2021\/06\/23\/hercegovacki-gradovi-i-opcine-na-putu-demografskog-oporavka\/","name":"Hercegova\u010dki gradovi i op\u0107ine na putu demografskog oporavka - RADIO LJUBU\u0160KI","isPartOf":{"@id":"https:\/\/radioljubuski.ba\/#website"},"primaryImageOfPage":{"@id":"https:\/\/radioljubuski.ba\/index.php\/2021\/06\/23\/hercegovacki-gradovi-i-opcine-na-putu-demografskog-oporavka\/#primaryimage"},"image":{"@id":"https:\/\/radioljubuski.ba\/index.php\/2021\/06\/23\/hercegovacki-gradovi-i-opcine-na-putu-demografskog-oporavka\/#primaryimage"},"thumbnailUrl":"https:\/\/radioljubuski.ba\/wp-content\/uploads\/2021\/06\/pk-ljubuski-1-1.jpg","datePublished":"2021-06-22T23:05:04+00:00","dateModified":"2021-06-22T23:05:05+00:00","breadcrumb":{"@id":"https:\/\/radioljubuski.ba\/index.php\/2021\/06\/23\/hercegovacki-gradovi-i-opcine-na-putu-demografskog-oporavka\/#breadcrumb"},"inLanguage":"hr","potentialAction":[{"@type":"ReadAction","target":["https:\/\/radioljubuski.ba\/index.php\/2021\/06\/23\/hercegovacki-gradovi-i-opcine-na-putu-demografskog-oporavka\/"]}]},{"@type":"ImageObject","inLanguage":"hr","@id":"https:\/\/radioljubuski.ba\/index.php\/2021\/06\/23\/hercegovacki-gradovi-i-opcine-na-putu-demografskog-oporavka\/#primaryimage","url":"https:\/\/radioljubuski.ba\/wp-content\/uploads\/2021\/06\/pk-ljubuski-1-1.jpg","contentUrl":"https:\/\/radioljubuski.ba\/wp-content\/uploads\/2021\/06\/pk-ljubuski-1-1.jpg","width":1195,"height":896},{"@type":"BreadcrumbList","@id":"https:\/\/radioljubuski.ba\/index.php\/2021\/06\/23\/hercegovacki-gradovi-i-opcine-na-putu-demografskog-oporavka\/#breadcrumb","itemListElement":[{"@type":"ListItem","position":1,"name":"Po\u010detna stranica","item":"https:\/\/radioljubuski.ba\/"},{"@type":"ListItem","position":2,"name":"Hercegova\u010dki gradovi i op\u0107ine na putu demografskog oporavka"}]},{"@type":"WebSite","@id":"https:\/\/radioljubuski.ba\/#website","url":"https:\/\/radioljubuski.ba\/","name":"Radio Ljubu\u0161ki","description":"Sun\u010dana frekvencija Hercegovine","publisher":{"@id":"https:\/\/radioljubuski.ba\/#organization"},"potentialAction":[{"@type":"SearchAction","target":{"@type":"EntryPoint","urlTemplate":"https:\/\/radioljubuski.ba\/?s={search_term_string}"},"query-input":{"@type":"PropertyValueSpecification","valueRequired":true,"valueName":"search_term_string"}}],"inLanguage":"hr"},{"@type":"Organization","@id":"https:\/\/radioljubuski.ba\/#organization","name":"Radio Ljubu\u0161ki","url":"https:\/\/radioljubuski.ba\/","logo":{"@type":"ImageObject","inLanguage":"hr","@id":"https:\/\/radioljubuski.ba\/#\/schema\/logo\/image\/","url":"https:\/\/radioljubuski.ba\/wp-content\/uploads\/2021\/02\/cropped-Radio_Ljubuski_logo1.jpg","contentUrl":"https:\/\/radioljubuski.ba\/wp-content\/uploads\/2021\/02\/cropped-Radio_Ljubuski_logo1.jpg","width":512,"height":512,"caption":"Radio Ljubu\u0161ki"},"image":{"@id":"https:\/\/radioljubuski.ba\/#\/schema\/logo\/image\/"},"sameAs":["https:\/\/www.facebook.com\/Radiio-Ljubuski-1490835324566332","https:\/\/x.com\/radioljubuski","https:\/\/hr.linkedin.com\/company\/radio-ljubuski","https:\/\/www.youtube.com\/channel\/UCHYaeO_n0Db3tjNGudGpXyw"]},{"@type":"Person","@id":"https:\/\/radioljubuski.ba\/#\/schema\/person\/19fc700381a780f69665d7956c469e3b","name":"Radio Ljubu\u0161ki"}]}},"_links":{"self":[{"href":"https:\/\/radioljubuski.ba\/index.php\/wp-json\/wp\/v2\/posts\/35039","targetHints":{"allow":["GET"]}}],"collection":[{"href":"https:\/\/radioljubuski.ba\/index.php\/wp-json\/wp\/v2\/posts"}],"about":[{"href":"https:\/\/radioljubuski.ba\/index.php\/wp-json\/wp\/v2\/types\/post"}],"author":[{"embeddable":true,"href":"https:\/\/radioljubuski.ba\/index.php\/wp-json\/wp\/v2\/users\/2"}],"replies":[{"embeddable":true,"href":"https:\/\/radioljubuski.ba\/index.php\/wp-json\/wp\/v2\/comments?post=35039"}],"version-history":[{"count":1,"href":"https:\/\/radioljubuski.ba\/index.php\/wp-json\/wp\/v2\/posts\/35039\/revisions"}],"predecessor-version":[{"id":35041,"href":"https:\/\/radioljubuski.ba\/index.php\/wp-json\/wp\/v2\/posts\/35039\/revisions\/35041"}],"wp:featuredmedia":[{"embeddable":true,"href":"https:\/\/radioljubuski.ba\/index.php\/wp-json\/wp\/v2\/media\/35040"}],"wp:attachment":[{"href":"https:\/\/radioljubuski.ba\/index.php\/wp-json\/wp\/v2\/media?parent=35039"}],"wp:term":[{"taxonomy":"category","embeddable":true,"href":"https:\/\/radioljubuski.ba\/index.php\/wp-json\/wp\/v2\/categories?post=35039"},{"taxonomy":"post_tag","embeddable":true,"href":"https:\/\/radioljubuski.ba\/index.php\/wp-json\/wp\/v2\/tags?post=35039"}],"curies":[{"name":"wp","href":"https:\/\/api.w.org\/{rel}","templated":true}]}}