{"id":35056,"date":"2021-06-23T08:13:55","date_gmt":"2021-06-23T07:13:55","guid":{"rendered":"https:\/\/radioljubuski.ba\/?p=35056"},"modified":"2021-06-23T08:13:56","modified_gmt":"2021-06-23T07:13:56","slug":"festival-nasilja-u-jednom-od-najposjecenijih-gradova-europe-napadaju-turiste-na-svakom-koraku","status":"publish","type":"post","link":"https:\/\/radioljubuski.ba\/index.php\/2021\/06\/23\/festival-nasilja-u-jednom-od-najposjecenijih-gradova-europe-napadaju-turiste-na-svakom-koraku\/","title":{"rendered":"Festival nasilja u jednom od najposje\u0107enijih gradova Europe: Napadaju turiste na svakom koraku"},"content":{"rendered":"\n<h5 class=\"wp-block-heading\">\u0160panjolska planira 26. lipnja ukinuti obavezu no\u0161enja maski na otvorenom, no tu odluku Vlada mora potvrditi na sjednici dva dana ranije.<\/h5>\n\n\n\n<p>Postepenim ukidanjem lockdowna \u0160panjolska se&nbsp;<strong>otvara za gra\u0111ane, ali i turiste<\/strong>. Najpopularnija shopping i poslovna ulica Barcelone \u2013<strong>&nbsp;Passeig de Gracia<\/strong>&nbsp;kona\u010dno je opet otvorena za poslovanje.<\/p>\n\n\n\n<p>Udru\u017eenje Passeig de Gracia pozdravlja otvaranje, ali i upozorava da povratak inozemnih turista\u00a0<strong>zna\u010di i povratak kriminalaca<\/strong>\u00a0na ulicu, koji \u017eele nadoknaditi vrijeme izgubljeno zbog pandemije covida.<\/p>\n\n\n\n<p>Predsjednik udru\u017eenja<strong>&nbsp;Luis Sansa<\/strong>&nbsp;izjavio je da je situacija neodr\u017eiva i da su tvrtke zabrinute jer kriminal utje\u010de na turisti\u010dke brojke.<\/p>\n\n\n\n<p>Udru\u017eenje je pozvalo Gradsko vije\u0107e da \u0161to prije dovr\u0161i plan<strong>&nbsp;ugradnje video nadzora<\/strong>&nbsp;te izrazilo uvjerenje da bi sigurnosne kamere mogle po\u010deti s radom najkasnije krajem ljeta.<\/p>\n\n\n\n<p><em>Takvi ure\u0111aji na javnim prometnicama&nbsp;<strong>smanjuju kriminal izme\u0111u 30 i 40 posto<\/strong>, a ovih dana svjedo\u010dimo povratku d\u017eeparo\u0161a i sitnih lopova<\/em>, rekao je.<\/p>\n\n\n\n<p>U ovom trenutku&nbsp;<strong>otvoreno je 90% hotela na Passeig de Gracia<\/strong>, a svi o\u010dekuju da \u0107e se multiplicirati broj turista kroz nekoliko tjedana. Prema aktualnim podacima, popunjenost hotela u Barceloni iznosi 30%, a u srpnju bi se postotak mogao popeti na 60%.<\/p>\n\n\n\n<p><em>Povratak kriminala zna\u010di i&nbsp;<strong>povratak nasilja na ulice<\/strong>. To su ljudi koji djeluju u malim skupinama od dvije-tri osobe. Rade to nasred ulice, kradu satove, nakit i nov\u010danike turistima pa \u010dak ih napadaju na izlazu iz hotela i du\u0107ana,<\/em>&nbsp;izjavio je Luis Sansa&nbsp;<strong>prenijev\u0161i zabrinutost<\/strong>&nbsp;poduzetnika s tog podru\u010dja.<\/p>\n\n\n\n<p>Podsje\u0107a da se prije pandemije centar grada borio za pove\u0107anu prisutnost policije na podru\u010dju te je do\u0161lo do pobolj\u0161anja. No&nbsp;<strong>u vrijeme pandemije<\/strong>&nbsp;i kriminal je bio stopiran.<\/p>\n\n\n\n<p>Isti\u010de da se&nbsp;<strong>povratak zlo\u010dina na ulice<\/strong>&nbsp;dogodio br\u017ee nego \u0161to se o\u010dekivalo.<\/p>\n\n\n\n<p>Izvori iz ureda gradona\u010delnice Ade Colau uvjeravaju da plan postavljanja sigurnosnih kamera&nbsp;<strong>ide po planu<\/strong>, te da bi sustav mogao po\u010deti funkcionirati u idu\u0107im mjesecima. Tako\u0111er, podsje\u0107aju da u izvr\u0161noj vlasti&nbsp;<strong>ne postoji jedinstvo<\/strong>&nbsp;u stavu oko postavljanja kamera na javnom prostoru zbog zadiranja u privatnost, prenosi Jutarnji list.<\/p>\n\n\n\n<p>Trgovci, poduzetnici i hotelijeri na Passeig de Gr\u00e0cia \u017eale se \u0161to po\u010dinitelji kaznenih djela<strong>&nbsp;koriste rupe u kaznenom zakonu i sporo pravosu\u0111e<\/strong>.<\/p>\n\n\n\n<p><em>Mnogim kriminalcima&nbsp;<strong>ne smeta \u0161to ih stalno iznova privode<\/strong>,<\/em>&nbsp;\u017eali se Lusi Sans.<\/p>\n\n\n\n<p><strong>Izvor: Jabuka.tv | Foto: Felix Lipov<\/strong><\/p>\n","protected":false},"excerpt":{"rendered":"<p>\u0160panjolska planira 26. lipnja ukinuti obavezu no\u0161enja maski na otvorenom, no tu odluku Vlada mora potvrditi na sjednici dva dana ranije. Postepenim ukidanjem lockdowna \u0160panjolska se&nbsp;otvara za gra\u0111ane, ali i turiste. Najpopularnija shopping i poslovna ulica Barcelone \u2013&nbsp;Passeig de Gracia&nbsp;kona\u010dno je opet otvorena za poslovanje. Udru\u017eenje Passeig de Gracia pozdravlja otvaranje, ali i upozorava da [&hellip;]<\/p>\n","protected":false},"author":2,"featured_media":35057,"comment_status":"closed","ping_status":"closed","sticky":false,"template":"","format":"standard","meta":{"h5ap_radio_sources":[],"footnotes":""},"categories":[1],"tags":[],"class_list":["post-35056","post","type-post","status-publish","format-standard","has-post-thumbnail","hentry","category-bihiregija"],"yoast_head":"<!-- This site is optimized with the Yoast SEO plugin v27.5 - https:\/\/yoast.com\/product\/yoast-seo-wordpress\/ -->\n<title>Festival nasilja u jednom od najposje\u0107enijih gradova Europe: Napadaju turiste na svakom koraku - RADIO LJUBU\u0160KI<\/title>\n<meta name=\"robots\" content=\"index, follow, max-snippet:-1, max-image-preview:large, max-video-preview:-1\" \/>\n<link rel=\"canonical\" href=\"https:\/\/radioljubuski.ba\/index.php\/2021\/06\/23\/festival-nasilja-u-jednom-od-najposjecenijih-gradova-europe-napadaju-turiste-na-svakom-koraku\/\" \/>\n<meta property=\"og:locale\" content=\"hr_HR\" \/>\n<meta property=\"og:type\" content=\"article\" \/>\n<meta property=\"og:title\" content=\"Festival nasilja u jednom od najposje\u0107enijih gradova Europe: Napadaju turiste na svakom koraku - RADIO LJUBU\u0160KI\" \/>\n<meta property=\"og:description\" content=\"\u0160panjolska planira 26. lipnja ukinuti obavezu no\u0161enja maski na otvorenom, no tu odluku Vlada mora potvrditi na sjednici dva dana ranije. Postepenim ukidanjem lockdowna \u0160panjolska se&nbsp;otvara za gra\u0111ane, ali i turiste. Najpopularnija shopping i poslovna ulica Barcelone \u2013&nbsp;Passeig de Gracia&nbsp;kona\u010dno je opet otvorena za poslovanje. Udru\u017eenje Passeig de Gracia pozdravlja otvaranje, ali i upozorava da [&hellip;]\" \/>\n<meta property=\"og:url\" content=\"https:\/\/radioljubuski.ba\/index.php\/2021\/06\/23\/festival-nasilja-u-jednom-od-najposjecenijih-gradova-europe-napadaju-turiste-na-svakom-koraku\/\" \/>\n<meta property=\"og:site_name\" content=\"RADIO LJUBU\u0160KI\" \/>\n<meta property=\"article:publisher\" content=\"https:\/\/www.facebook.com\/Radiio-Ljubuski-1490835324566332\" \/>\n<meta property=\"article:published_time\" content=\"2021-06-23T07:13:55+00:00\" \/>\n<meta property=\"article:modified_time\" content=\"2021-06-23T07:13:56+00:00\" \/>\n<meta property=\"og:image\" content=\"https:\/\/radioljubuski.ba\/wp-content\/uploads\/2021\/06\/spanjolska.jpg\" \/>\n\t<meta property=\"og:image:width\" content=\"810\" \/>\n\t<meta property=\"og:image:height\" content=\"540\" \/>\n\t<meta property=\"og:image:type\" content=\"image\/jpeg\" \/>\n<meta name=\"author\" content=\"Radio Ljubu\u0161ki\" \/>\n<meta name=\"twitter:card\" content=\"summary_large_image\" \/>\n<meta name=\"twitter:creator\" content=\"@radioljubuski\" \/>\n<meta name=\"twitter:site\" content=\"@radioljubuski\" \/>\n<meta name=\"twitter:label1\" content=\"Napisao\/la\" \/>\n\t<meta name=\"twitter:data1\" content=\"Radio Ljubu\u0161ki\" \/>\n\t<meta name=\"twitter:label2\" content=\"Procijenjeno vrijeme \u010ditanja\" \/>\n\t<meta name=\"twitter:data2\" content=\"2 minute\" \/>\n<script type=\"application\/ld+json\" class=\"yoast-schema-graph\">{\"@context\":\"https:\\\/\\\/schema.org\",\"@graph\":[{\"@type\":\"Article\",\"@id\":\"https:\\\/\\\/radioljubuski.ba\\\/index.php\\\/2021\\\/06\\\/23\\\/festival-nasilja-u-jednom-od-najposjecenijih-gradova-europe-napadaju-turiste-na-svakom-koraku\\\/#article\",\"isPartOf\":{\"@id\":\"https:\\\/\\\/radioljubuski.ba\\\/index.php\\\/2021\\\/06\\\/23\\\/festival-nasilja-u-jednom-od-najposjecenijih-gradova-europe-napadaju-turiste-na-svakom-koraku\\\/\"},\"author\":{\"name\":\"Radio Ljubu\u0161ki\",\"@id\":\"https:\\\/\\\/radioljubuski.ba\\\/#\\\/schema\\\/person\\\/19fc700381a780f69665d7956c469e3b\"},\"headline\":\"Festival nasilja u jednom od najposje\u0107enijih gradova Europe: Napadaju turiste na svakom koraku\",\"datePublished\":\"2021-06-23T07:13:55+00:00\",\"dateModified\":\"2021-06-23T07:13:56+00:00\",\"mainEntityOfPage\":{\"@id\":\"https:\\\/\\\/radioljubuski.ba\\\/index.php\\\/2021\\\/06\\\/23\\\/festival-nasilja-u-jednom-od-najposjecenijih-gradova-europe-napadaju-turiste-na-svakom-koraku\\\/\"},\"wordCount\":440,\"publisher\":{\"@id\":\"https:\\\/\\\/radioljubuski.ba\\\/#organization\"},\"image\":{\"@id\":\"https:\\\/\\\/radioljubuski.ba\\\/index.php\\\/2021\\\/06\\\/23\\\/festival-nasilja-u-jednom-od-najposjecenijih-gradova-europe-napadaju-turiste-na-svakom-koraku\\\/#primaryimage\"},\"thumbnailUrl\":\"https:\\\/\\\/radioljubuski.ba\\\/wp-content\\\/uploads\\\/2021\\\/06\\\/spanjolska.jpg\",\"articleSection\":[\"BIH i regija\"],\"inLanguage\":\"hr\"},{\"@type\":\"WebPage\",\"@id\":\"https:\\\/\\\/radioljubuski.ba\\\/index.php\\\/2021\\\/06\\\/23\\\/festival-nasilja-u-jednom-od-najposjecenijih-gradova-europe-napadaju-turiste-na-svakom-koraku\\\/\",\"url\":\"https:\\\/\\\/radioljubuski.ba\\\/index.php\\\/2021\\\/06\\\/23\\\/festival-nasilja-u-jednom-od-najposjecenijih-gradova-europe-napadaju-turiste-na-svakom-koraku\\\/\",\"name\":\"Festival nasilja u jednom od najposje\u0107enijih gradova Europe: Napadaju turiste na svakom koraku - RADIO LJUBU\u0160KI\",\"isPartOf\":{\"@id\":\"https:\\\/\\\/radioljubuski.ba\\\/#website\"},\"primaryImageOfPage\":{\"@id\":\"https:\\\/\\\/radioljubuski.ba\\\/index.php\\\/2021\\\/06\\\/23\\\/festival-nasilja-u-jednom-od-najposjecenijih-gradova-europe-napadaju-turiste-na-svakom-koraku\\\/#primaryimage\"},\"image\":{\"@id\":\"https:\\\/\\\/radioljubuski.ba\\\/index.php\\\/2021\\\/06\\\/23\\\/festival-nasilja-u-jednom-od-najposjecenijih-gradova-europe-napadaju-turiste-na-svakom-koraku\\\/#primaryimage\"},\"thumbnailUrl\":\"https:\\\/\\\/radioljubuski.ba\\\/wp-content\\\/uploads\\\/2021\\\/06\\\/spanjolska.jpg\",\"datePublished\":\"2021-06-23T07:13:55+00:00\",\"dateModified\":\"2021-06-23T07:13:56+00:00\",\"breadcrumb\":{\"@id\":\"https:\\\/\\\/radioljubuski.ba\\\/index.php\\\/2021\\\/06\\\/23\\\/festival-nasilja-u-jednom-od-najposjecenijih-gradova-europe-napadaju-turiste-na-svakom-koraku\\\/#breadcrumb\"},\"inLanguage\":\"hr\",\"potentialAction\":[{\"@type\":\"ReadAction\",\"target\":[\"https:\\\/\\\/radioljubuski.ba\\\/index.php\\\/2021\\\/06\\\/23\\\/festival-nasilja-u-jednom-od-najposjecenijih-gradova-europe-napadaju-turiste-na-svakom-koraku\\\/\"]}]},{\"@type\":\"ImageObject\",\"inLanguage\":\"hr\",\"@id\":\"https:\\\/\\\/radioljubuski.ba\\\/index.php\\\/2021\\\/06\\\/23\\\/festival-nasilja-u-jednom-od-najposjecenijih-gradova-europe-napadaju-turiste-na-svakom-koraku\\\/#primaryimage\",\"url\":\"https:\\\/\\\/radioljubuski.ba\\\/wp-content\\\/uploads\\\/2021\\\/06\\\/spanjolska.jpg\",\"contentUrl\":\"https:\\\/\\\/radioljubuski.ba\\\/wp-content\\\/uploads\\\/2021\\\/06\\\/spanjolska.jpg\",\"width\":810,\"height\":540},{\"@type\":\"BreadcrumbList\",\"@id\":\"https:\\\/\\\/radioljubuski.ba\\\/index.php\\\/2021\\\/06\\\/23\\\/festival-nasilja-u-jednom-od-najposjecenijih-gradova-europe-napadaju-turiste-na-svakom-koraku\\\/#breadcrumb\",\"itemListElement\":[{\"@type\":\"ListItem\",\"position\":1,\"name\":\"Po\u010detna stranica\",\"item\":\"https:\\\/\\\/radioljubuski.ba\\\/\"},{\"@type\":\"ListItem\",\"position\":2,\"name\":\"Festival nasilja u jednom od najposje\u0107enijih gradova Europe: Napadaju turiste na svakom koraku\"}]},{\"@type\":\"WebSite\",\"@id\":\"https:\\\/\\\/radioljubuski.ba\\\/#website\",\"url\":\"https:\\\/\\\/radioljubuski.ba\\\/\",\"name\":\"Radio Ljubu\u0161ki\",\"description\":\"Sun\u010dana frekvencija Hercegovine\",\"publisher\":{\"@id\":\"https:\\\/\\\/radioljubuski.ba\\\/#organization\"},\"potentialAction\":[{\"@type\":\"SearchAction\",\"target\":{\"@type\":\"EntryPoint\",\"urlTemplate\":\"https:\\\/\\\/radioljubuski.ba\\\/?s={search_term_string}\"},\"query-input\":{\"@type\":\"PropertyValueSpecification\",\"valueRequired\":true,\"valueName\":\"search_term_string\"}}],\"inLanguage\":\"hr\"},{\"@type\":\"Organization\",\"@id\":\"https:\\\/\\\/radioljubuski.ba\\\/#organization\",\"name\":\"Radio Ljubu\u0161ki\",\"url\":\"https:\\\/\\\/radioljubuski.ba\\\/\",\"logo\":{\"@type\":\"ImageObject\",\"inLanguage\":\"hr\",\"@id\":\"https:\\\/\\\/radioljubuski.ba\\\/#\\\/schema\\\/logo\\\/image\\\/\",\"url\":\"https:\\\/\\\/radioljubuski.ba\\\/wp-content\\\/uploads\\\/2021\\\/02\\\/cropped-Radio_Ljubuski_logo1.jpg\",\"contentUrl\":\"https:\\\/\\\/radioljubuski.ba\\\/wp-content\\\/uploads\\\/2021\\\/02\\\/cropped-Radio_Ljubuski_logo1.jpg\",\"width\":512,\"height\":512,\"caption\":\"Radio Ljubu\u0161ki\"},\"image\":{\"@id\":\"https:\\\/\\\/radioljubuski.ba\\\/#\\\/schema\\\/logo\\\/image\\\/\"},\"sameAs\":[\"https:\\\/\\\/www.facebook.com\\\/Radiio-Ljubuski-1490835324566332\",\"https:\\\/\\\/x.com\\\/radioljubuski\",\"https:\\\/\\\/hr.linkedin.com\\\/company\\\/radio-ljubuski\",\"https:\\\/\\\/www.youtube.com\\\/channel\\\/UCHYaeO_n0Db3tjNGudGpXyw\"]},{\"@type\":\"Person\",\"@id\":\"https:\\\/\\\/radioljubuski.ba\\\/#\\\/schema\\\/person\\\/19fc700381a780f69665d7956c469e3b\",\"name\":\"Radio Ljubu\u0161ki\"}]}<\/script>\n<!-- \/ Yoast SEO plugin. -->","yoast_head_json":{"title":"Festival nasilja u jednom od najposje\u0107enijih gradova Europe: Napadaju turiste na svakom koraku - RADIO LJUBU\u0160KI","robots":{"index":"index","follow":"follow","max-snippet":"max-snippet:-1","max-image-preview":"max-image-preview:large","max-video-preview":"max-video-preview:-1"},"canonical":"https:\/\/radioljubuski.ba\/index.php\/2021\/06\/23\/festival-nasilja-u-jednom-od-najposjecenijih-gradova-europe-napadaju-turiste-na-svakom-koraku\/","og_locale":"hr_HR","og_type":"article","og_title":"Festival nasilja u jednom od najposje\u0107enijih gradova Europe: Napadaju turiste na svakom koraku - RADIO LJUBU\u0160KI","og_description":"\u0160panjolska planira 26. lipnja ukinuti obavezu no\u0161enja maski na otvorenom, no tu odluku Vlada mora potvrditi na sjednici dva dana ranije. Postepenim ukidanjem lockdowna \u0160panjolska se&nbsp;otvara za gra\u0111ane, ali i turiste. Najpopularnija shopping i poslovna ulica Barcelone \u2013&nbsp;Passeig de Gracia&nbsp;kona\u010dno je opet otvorena za poslovanje. Udru\u017eenje Passeig de Gracia pozdravlja otvaranje, ali i upozorava da [&hellip;]","og_url":"https:\/\/radioljubuski.ba\/index.php\/2021\/06\/23\/festival-nasilja-u-jednom-od-najposjecenijih-gradova-europe-napadaju-turiste-na-svakom-koraku\/","og_site_name":"RADIO LJUBU\u0160KI","article_publisher":"https:\/\/www.facebook.com\/Radiio-Ljubuski-1490835324566332","article_published_time":"2021-06-23T07:13:55+00:00","article_modified_time":"2021-06-23T07:13:56+00:00","og_image":[{"width":810,"height":540,"url":"https:\/\/radioljubuski.ba\/wp-content\/uploads\/2021\/06\/spanjolska.jpg","type":"image\/jpeg"}],"author":"Radio Ljubu\u0161ki","twitter_card":"summary_large_image","twitter_creator":"@radioljubuski","twitter_site":"@radioljubuski","twitter_misc":{"Napisao\/la":"Radio Ljubu\u0161ki","Procijenjeno vrijeme \u010ditanja":"2 minute"},"schema":{"@context":"https:\/\/schema.org","@graph":[{"@type":"Article","@id":"https:\/\/radioljubuski.ba\/index.php\/2021\/06\/23\/festival-nasilja-u-jednom-od-najposjecenijih-gradova-europe-napadaju-turiste-na-svakom-koraku\/#article","isPartOf":{"@id":"https:\/\/radioljubuski.ba\/index.php\/2021\/06\/23\/festival-nasilja-u-jednom-od-najposjecenijih-gradova-europe-napadaju-turiste-na-svakom-koraku\/"},"author":{"name":"Radio Ljubu\u0161ki","@id":"https:\/\/radioljubuski.ba\/#\/schema\/person\/19fc700381a780f69665d7956c469e3b"},"headline":"Festival nasilja u jednom od najposje\u0107enijih gradova Europe: Napadaju turiste na svakom koraku","datePublished":"2021-06-23T07:13:55+00:00","dateModified":"2021-06-23T07:13:56+00:00","mainEntityOfPage":{"@id":"https:\/\/radioljubuski.ba\/index.php\/2021\/06\/23\/festival-nasilja-u-jednom-od-najposjecenijih-gradova-europe-napadaju-turiste-na-svakom-koraku\/"},"wordCount":440,"publisher":{"@id":"https:\/\/radioljubuski.ba\/#organization"},"image":{"@id":"https:\/\/radioljubuski.ba\/index.php\/2021\/06\/23\/festival-nasilja-u-jednom-od-najposjecenijih-gradova-europe-napadaju-turiste-na-svakom-koraku\/#primaryimage"},"thumbnailUrl":"https:\/\/radioljubuski.ba\/wp-content\/uploads\/2021\/06\/spanjolska.jpg","articleSection":["BIH i regija"],"inLanguage":"hr"},{"@type":"WebPage","@id":"https:\/\/radioljubuski.ba\/index.php\/2021\/06\/23\/festival-nasilja-u-jednom-od-najposjecenijih-gradova-europe-napadaju-turiste-na-svakom-koraku\/","url":"https:\/\/radioljubuski.ba\/index.php\/2021\/06\/23\/festival-nasilja-u-jednom-od-najposjecenijih-gradova-europe-napadaju-turiste-na-svakom-koraku\/","name":"Festival nasilja u jednom od najposje\u0107enijih gradova Europe: Napadaju turiste na svakom koraku - RADIO LJUBU\u0160KI","isPartOf":{"@id":"https:\/\/radioljubuski.ba\/#website"},"primaryImageOfPage":{"@id":"https:\/\/radioljubuski.ba\/index.php\/2021\/06\/23\/festival-nasilja-u-jednom-od-najposjecenijih-gradova-europe-napadaju-turiste-na-svakom-koraku\/#primaryimage"},"image":{"@id":"https:\/\/radioljubuski.ba\/index.php\/2021\/06\/23\/festival-nasilja-u-jednom-od-najposjecenijih-gradova-europe-napadaju-turiste-na-svakom-koraku\/#primaryimage"},"thumbnailUrl":"https:\/\/radioljubuski.ba\/wp-content\/uploads\/2021\/06\/spanjolska.jpg","datePublished":"2021-06-23T07:13:55+00:00","dateModified":"2021-06-23T07:13:56+00:00","breadcrumb":{"@id":"https:\/\/radioljubuski.ba\/index.php\/2021\/06\/23\/festival-nasilja-u-jednom-od-najposjecenijih-gradova-europe-napadaju-turiste-na-svakom-koraku\/#breadcrumb"},"inLanguage":"hr","potentialAction":[{"@type":"ReadAction","target":["https:\/\/radioljubuski.ba\/index.php\/2021\/06\/23\/festival-nasilja-u-jednom-od-najposjecenijih-gradova-europe-napadaju-turiste-na-svakom-koraku\/"]}]},{"@type":"ImageObject","inLanguage":"hr","@id":"https:\/\/radioljubuski.ba\/index.php\/2021\/06\/23\/festival-nasilja-u-jednom-od-najposjecenijih-gradova-europe-napadaju-turiste-na-svakom-koraku\/#primaryimage","url":"https:\/\/radioljubuski.ba\/wp-content\/uploads\/2021\/06\/spanjolska.jpg","contentUrl":"https:\/\/radioljubuski.ba\/wp-content\/uploads\/2021\/06\/spanjolska.jpg","width":810,"height":540},{"@type":"BreadcrumbList","@id":"https:\/\/radioljubuski.ba\/index.php\/2021\/06\/23\/festival-nasilja-u-jednom-od-najposjecenijih-gradova-europe-napadaju-turiste-na-svakom-koraku\/#breadcrumb","itemListElement":[{"@type":"ListItem","position":1,"name":"Po\u010detna stranica","item":"https:\/\/radioljubuski.ba\/"},{"@type":"ListItem","position":2,"name":"Festival nasilja u jednom od najposje\u0107enijih gradova Europe: Napadaju turiste na svakom koraku"}]},{"@type":"WebSite","@id":"https:\/\/radioljubuski.ba\/#website","url":"https:\/\/radioljubuski.ba\/","name":"Radio Ljubu\u0161ki","description":"Sun\u010dana frekvencija Hercegovine","publisher":{"@id":"https:\/\/radioljubuski.ba\/#organization"},"potentialAction":[{"@type":"SearchAction","target":{"@type":"EntryPoint","urlTemplate":"https:\/\/radioljubuski.ba\/?s={search_term_string}"},"query-input":{"@type":"PropertyValueSpecification","valueRequired":true,"valueName":"search_term_string"}}],"inLanguage":"hr"},{"@type":"Organization","@id":"https:\/\/radioljubuski.ba\/#organization","name":"Radio Ljubu\u0161ki","url":"https:\/\/radioljubuski.ba\/","logo":{"@type":"ImageObject","inLanguage":"hr","@id":"https:\/\/radioljubuski.ba\/#\/schema\/logo\/image\/","url":"https:\/\/radioljubuski.ba\/wp-content\/uploads\/2021\/02\/cropped-Radio_Ljubuski_logo1.jpg","contentUrl":"https:\/\/radioljubuski.ba\/wp-content\/uploads\/2021\/02\/cropped-Radio_Ljubuski_logo1.jpg","width":512,"height":512,"caption":"Radio Ljubu\u0161ki"},"image":{"@id":"https:\/\/radioljubuski.ba\/#\/schema\/logo\/image\/"},"sameAs":["https:\/\/www.facebook.com\/Radiio-Ljubuski-1490835324566332","https:\/\/x.com\/radioljubuski","https:\/\/hr.linkedin.com\/company\/radio-ljubuski","https:\/\/www.youtube.com\/channel\/UCHYaeO_n0Db3tjNGudGpXyw"]},{"@type":"Person","@id":"https:\/\/radioljubuski.ba\/#\/schema\/person\/19fc700381a780f69665d7956c469e3b","name":"Radio Ljubu\u0161ki"}]}},"_links":{"self":[{"href":"https:\/\/radioljubuski.ba\/index.php\/wp-json\/wp\/v2\/posts\/35056","targetHints":{"allow":["GET"]}}],"collection":[{"href":"https:\/\/radioljubuski.ba\/index.php\/wp-json\/wp\/v2\/posts"}],"about":[{"href":"https:\/\/radioljubuski.ba\/index.php\/wp-json\/wp\/v2\/types\/post"}],"author":[{"embeddable":true,"href":"https:\/\/radioljubuski.ba\/index.php\/wp-json\/wp\/v2\/users\/2"}],"replies":[{"embeddable":true,"href":"https:\/\/radioljubuski.ba\/index.php\/wp-json\/wp\/v2\/comments?post=35056"}],"version-history":[{"count":1,"href":"https:\/\/radioljubuski.ba\/index.php\/wp-json\/wp\/v2\/posts\/35056\/revisions"}],"predecessor-version":[{"id":35058,"href":"https:\/\/radioljubuski.ba\/index.php\/wp-json\/wp\/v2\/posts\/35056\/revisions\/35058"}],"wp:featuredmedia":[{"embeddable":true,"href":"https:\/\/radioljubuski.ba\/index.php\/wp-json\/wp\/v2\/media\/35057"}],"wp:attachment":[{"href":"https:\/\/radioljubuski.ba\/index.php\/wp-json\/wp\/v2\/media?parent=35056"}],"wp:term":[{"taxonomy":"category","embeddable":true,"href":"https:\/\/radioljubuski.ba\/index.php\/wp-json\/wp\/v2\/categories?post=35056"},{"taxonomy":"post_tag","embeddable":true,"href":"https:\/\/radioljubuski.ba\/index.php\/wp-json\/wp\/v2\/tags?post=35056"}],"curies":[{"name":"wp","href":"https:\/\/api.w.org\/{rel}","templated":true}]}}