{"id":35059,"date":"2021-06-23T08:17:00","date_gmt":"2021-06-23T07:17:00","guid":{"rendered":"https:\/\/radioljubuski.ba\/?p=35059"},"modified":"2021-06-23T08:17:01","modified_gmt":"2021-06-23T07:17:01","slug":"mazalica-snimao-vukanovica-sta-radis-u-kafani-u-10-30","status":"publish","type":"post","link":"https:\/\/radioljubuski.ba\/index.php\/2021\/06\/23\/mazalica-snimao-vukanovica-sta-radis-u-kafani-u-10-30\/","title":{"rendered":"Mazalica snimao Vukanovi\u0107a: \u0160ta radi\u0161 u kafani u 10.30?"},"content":{"rendered":"\n<p><strong>Zastupnik Sr\u0111an Mazalica iz SNSD-a u restoranu Narodne skup\u0161tine pri\u0161ao je kolegi Neboj\u0161i Vukanovi\u0107u (SDS) i pitao ga za\u0161to nije na poslu.<\/strong><\/p>\n\n\n\n<p>Kako je sam Mazalica napisao na Twitteru, ovo je bila malo opu\u0161tenija verzija izme\u0111u dvojice kolega, \u0161to dodvodi do zaklju\u010dka da je ovo bila \u201cskup\u0161tinska\u201d \u0161ala i da se zastupnici, koji su ina\u010de na suprotnim stranama u skup\u0161tinskoj sali, mogu i na\u0161aliti, prenose \u201cNezavisne novine\u201d.<\/p>\n\n\n\n<p>Mazalica je zatekao Vukanovi\u0107a u restoranu kako sjedi i pri\u010da s nekoliko osoba, pa je pri\u0161ao stolu te ga upitao \u0161ta radi u kafani u 10.30. Sve je snimio i objavio na Twitteru.<\/p>\n\n\n\n<p>\u201c\u010cekam da pro\u0111e aktualni sat\u201d, odgovorio mu je Vukanovi\u0107 kroz smijeh.<\/p>\n\n\n\n<p>\u201c\u0160ta glumi\u0161 mangupa? Ho\u0107emo li na posao?\u201d, upitao je Mazalica, a Vukanovi\u0107 mu je odgovorio \u201cOdmah\u201d.<\/p>\n\n\n\n<p>Podsjetimo, Vukanovi\u0107 je nedavno u Trebinju pri\u0161ao sudcima koji su sjedili u kafi\u0107u i pitao ih \u0161ta rade tu u radno vrijeme.<\/p>\n\n\n\n<blockquote class=\"twitter-tweet\"><p lang=\"sr\" dir=\"ltr\">\u041c\u0430\u043b\u043e \u043e\u043f\u0443\u0448\u0442\u0435\u043d\u0438\u0458\u0430 \u0432\u0435\u0440\u0437\u0438\u0458\u0430 \u0441\u0430 <a href=\"https:\/\/twitter.com\/Vukan79?ref_src=twsrc%5Etfw\">@Vukan79<\/a> \ud83d\ude04 <a href=\"https:\/\/t.co\/Iz4SxI3r0S\">pic.twitter.com\/Iz4SxI3r0S<\/a><\/p>&mdash; \u0421\u0440\u0452\u0430\u043d \u041c\u0430\u0437\u0430\u043b\u0438\u0446\u0430 (@SrdjanMazalica) <a href=\"https:\/\/twitter.com\/SrdjanMazalica\/status\/1407279035722436610?ref_src=twsrc%5Etfw\">June 22, 2021<\/a><\/blockquote> <script async src=\"https:\/\/platform.twitter.com\/widgets.js\" charset=\"utf-8\"><\/script>\n\n\n\n<p>Izvor: HMS<\/p>\n","protected":false},"excerpt":{"rendered":"<p>Zastupnik Sr\u0111an Mazalica iz SNSD-a u restoranu Narodne skup\u0161tine pri\u0161ao je kolegi Neboj\u0161i Vukanovi\u0107u (SDS) i pitao ga za\u0161to nije na poslu. Kako je sam Mazalica napisao na Twitteru, ovo je bila malo opu\u0161tenija verzija izme\u0111u dvojice kolega, \u0161to dodvodi do zaklju\u010dka da je ovo bila \u201cskup\u0161tinska\u201d \u0161ala i da se zastupnici, koji su ina\u010de [&hellip;]<\/p>\n","protected":false},"author":2,"featured_media":35060,"comment_status":"closed","ping_status":"closed","sticky":false,"template":"","format":"standard","meta":{"h5ap_radio_sources":[],"footnotes":""},"categories":[1],"tags":[],"class_list":["post-35059","post","type-post","status-publish","format-standard","has-post-thumbnail","hentry","category-bihiregija"],"yoast_head":"<!-- This site is optimized with the Yoast SEO plugin v27.5 - https:\/\/yoast.com\/product\/yoast-seo-wordpress\/ -->\n<title>Mazalica snimao Vukanovi\u0107a: \u0160ta radi\u0161 u kafani u 10.30? - RADIO LJUBU\u0160KI<\/title>\n<meta name=\"robots\" content=\"index, follow, max-snippet:-1, max-image-preview:large, max-video-preview:-1\" \/>\n<link rel=\"canonical\" href=\"https:\/\/radioljubuski.ba\/index.php\/2021\/06\/23\/mazalica-snimao-vukanovica-sta-radis-u-kafani-u-10-30\/\" \/>\n<meta property=\"og:locale\" content=\"hr_HR\" \/>\n<meta property=\"og:type\" content=\"article\" \/>\n<meta property=\"og:title\" content=\"Mazalica snimao Vukanovi\u0107a: \u0160ta radi\u0161 u kafani u 10.30? - RADIO LJUBU\u0160KI\" \/>\n<meta property=\"og:description\" content=\"Zastupnik Sr\u0111an Mazalica iz SNSD-a u restoranu Narodne skup\u0161tine pri\u0161ao je kolegi Neboj\u0161i Vukanovi\u0107u (SDS) i pitao ga za\u0161to nije na poslu. Kako je sam Mazalica napisao na Twitteru, ovo je bila malo opu\u0161tenija verzija izme\u0111u dvojice kolega, \u0161to dodvodi do zaklju\u010dka da je ovo bila \u201cskup\u0161tinska\u201d \u0161ala i da se zastupnici, koji su ina\u010de [&hellip;]\" \/>\n<meta property=\"og:url\" content=\"https:\/\/radioljubuski.ba\/index.php\/2021\/06\/23\/mazalica-snimao-vukanovica-sta-radis-u-kafani-u-10-30\/\" \/>\n<meta property=\"og:site_name\" content=\"RADIO LJUBU\u0160KI\" \/>\n<meta property=\"article:publisher\" content=\"https:\/\/www.facebook.com\/Radiio-Ljubuski-1490835324566332\" \/>\n<meta property=\"article:published_time\" content=\"2021-06-23T07:17:00+00:00\" \/>\n<meta property=\"article:modified_time\" content=\"2021-06-23T07:17:01+00:00\" \/>\n<meta property=\"og:image\" content=\"https:\/\/radioljubuski.ba\/wp-content\/uploads\/2021\/06\/vukanovic.jpg\" \/>\n\t<meta property=\"og:image:width\" content=\"579\" \/>\n\t<meta property=\"og:image:height\" content=\"296\" \/>\n\t<meta property=\"og:image:type\" content=\"image\/jpeg\" \/>\n<meta name=\"author\" content=\"Radio Ljubu\u0161ki\" \/>\n<meta name=\"twitter:card\" content=\"summary_large_image\" \/>\n<meta name=\"twitter:creator\" content=\"@radioljubuski\" \/>\n<meta name=\"twitter:site\" content=\"@radioljubuski\" \/>\n<meta name=\"twitter:label1\" content=\"Napisao\/la\" \/>\n\t<meta name=\"twitter:data1\" content=\"Radio Ljubu\u0161ki\" \/>\n\t<meta name=\"twitter:label2\" content=\"Procijenjeno vrijeme \u010ditanja\" \/>\n\t<meta name=\"twitter:data2\" content=\"1 minuta\" \/>\n<script type=\"application\/ld+json\" class=\"yoast-schema-graph\">{\"@context\":\"https:\\\/\\\/schema.org\",\"@graph\":[{\"@type\":\"Article\",\"@id\":\"https:\\\/\\\/radioljubuski.ba\\\/index.php\\\/2021\\\/06\\\/23\\\/mazalica-snimao-vukanovica-sta-radis-u-kafani-u-10-30\\\/#article\",\"isPartOf\":{\"@id\":\"https:\\\/\\\/radioljubuski.ba\\\/index.php\\\/2021\\\/06\\\/23\\\/mazalica-snimao-vukanovica-sta-radis-u-kafani-u-10-30\\\/\"},\"author\":{\"name\":\"Radio Ljubu\u0161ki\",\"@id\":\"https:\\\/\\\/radioljubuski.ba\\\/#\\\/schema\\\/person\\\/19fc700381a780f69665d7956c469e3b\"},\"headline\":\"Mazalica snimao Vukanovi\u0107a: \u0160ta radi\u0161 u kafani u 10.30?\",\"datePublished\":\"2021-06-23T07:17:00+00:00\",\"dateModified\":\"2021-06-23T07:17:01+00:00\",\"mainEntityOfPage\":{\"@id\":\"https:\\\/\\\/radioljubuski.ba\\\/index.php\\\/2021\\\/06\\\/23\\\/mazalica-snimao-vukanovica-sta-radis-u-kafani-u-10-30\\\/\"},\"wordCount\":200,\"publisher\":{\"@id\":\"https:\\\/\\\/radioljubuski.ba\\\/#organization\"},\"image\":{\"@id\":\"https:\\\/\\\/radioljubuski.ba\\\/index.php\\\/2021\\\/06\\\/23\\\/mazalica-snimao-vukanovica-sta-radis-u-kafani-u-10-30\\\/#primaryimage\"},\"thumbnailUrl\":\"https:\\\/\\\/radioljubuski.ba\\\/wp-content\\\/uploads\\\/2021\\\/06\\\/vukanovic.jpg\",\"articleSection\":[\"BIH i regija\"],\"inLanguage\":\"hr\"},{\"@type\":\"WebPage\",\"@id\":\"https:\\\/\\\/radioljubuski.ba\\\/index.php\\\/2021\\\/06\\\/23\\\/mazalica-snimao-vukanovica-sta-radis-u-kafani-u-10-30\\\/\",\"url\":\"https:\\\/\\\/radioljubuski.ba\\\/index.php\\\/2021\\\/06\\\/23\\\/mazalica-snimao-vukanovica-sta-radis-u-kafani-u-10-30\\\/\",\"name\":\"Mazalica snimao Vukanovi\u0107a: \u0160ta radi\u0161 u kafani u 10.30? - RADIO LJUBU\u0160KI\",\"isPartOf\":{\"@id\":\"https:\\\/\\\/radioljubuski.ba\\\/#website\"},\"primaryImageOfPage\":{\"@id\":\"https:\\\/\\\/radioljubuski.ba\\\/index.php\\\/2021\\\/06\\\/23\\\/mazalica-snimao-vukanovica-sta-radis-u-kafani-u-10-30\\\/#primaryimage\"},\"image\":{\"@id\":\"https:\\\/\\\/radioljubuski.ba\\\/index.php\\\/2021\\\/06\\\/23\\\/mazalica-snimao-vukanovica-sta-radis-u-kafani-u-10-30\\\/#primaryimage\"},\"thumbnailUrl\":\"https:\\\/\\\/radioljubuski.ba\\\/wp-content\\\/uploads\\\/2021\\\/06\\\/vukanovic.jpg\",\"datePublished\":\"2021-06-23T07:17:00+00:00\",\"dateModified\":\"2021-06-23T07:17:01+00:00\",\"breadcrumb\":{\"@id\":\"https:\\\/\\\/radioljubuski.ba\\\/index.php\\\/2021\\\/06\\\/23\\\/mazalica-snimao-vukanovica-sta-radis-u-kafani-u-10-30\\\/#breadcrumb\"},\"inLanguage\":\"hr\",\"potentialAction\":[{\"@type\":\"ReadAction\",\"target\":[\"https:\\\/\\\/radioljubuski.ba\\\/index.php\\\/2021\\\/06\\\/23\\\/mazalica-snimao-vukanovica-sta-radis-u-kafani-u-10-30\\\/\"]}]},{\"@type\":\"ImageObject\",\"inLanguage\":\"hr\",\"@id\":\"https:\\\/\\\/radioljubuski.ba\\\/index.php\\\/2021\\\/06\\\/23\\\/mazalica-snimao-vukanovica-sta-radis-u-kafani-u-10-30\\\/#primaryimage\",\"url\":\"https:\\\/\\\/radioljubuski.ba\\\/wp-content\\\/uploads\\\/2021\\\/06\\\/vukanovic.jpg\",\"contentUrl\":\"https:\\\/\\\/radioljubuski.ba\\\/wp-content\\\/uploads\\\/2021\\\/06\\\/vukanovic.jpg\",\"width\":579,\"height\":296},{\"@type\":\"BreadcrumbList\",\"@id\":\"https:\\\/\\\/radioljubuski.ba\\\/index.php\\\/2021\\\/06\\\/23\\\/mazalica-snimao-vukanovica-sta-radis-u-kafani-u-10-30\\\/#breadcrumb\",\"itemListElement\":[{\"@type\":\"ListItem\",\"position\":1,\"name\":\"Po\u010detna stranica\",\"item\":\"https:\\\/\\\/radioljubuski.ba\\\/\"},{\"@type\":\"ListItem\",\"position\":2,\"name\":\"Mazalica snimao Vukanovi\u0107a: \u0160ta radi\u0161 u kafani u 10.30?\"}]},{\"@type\":\"WebSite\",\"@id\":\"https:\\\/\\\/radioljubuski.ba\\\/#website\",\"url\":\"https:\\\/\\\/radioljubuski.ba\\\/\",\"name\":\"Radio Ljubu\u0161ki\",\"description\":\"Sun\u010dana frekvencija Hercegovine\",\"publisher\":{\"@id\":\"https:\\\/\\\/radioljubuski.ba\\\/#organization\"},\"potentialAction\":[{\"@type\":\"SearchAction\",\"target\":{\"@type\":\"EntryPoint\",\"urlTemplate\":\"https:\\\/\\\/radioljubuski.ba\\\/?s={search_term_string}\"},\"query-input\":{\"@type\":\"PropertyValueSpecification\",\"valueRequired\":true,\"valueName\":\"search_term_string\"}}],\"inLanguage\":\"hr\"},{\"@type\":\"Organization\",\"@id\":\"https:\\\/\\\/radioljubuski.ba\\\/#organization\",\"name\":\"Radio Ljubu\u0161ki\",\"url\":\"https:\\\/\\\/radioljubuski.ba\\\/\",\"logo\":{\"@type\":\"ImageObject\",\"inLanguage\":\"hr\",\"@id\":\"https:\\\/\\\/radioljubuski.ba\\\/#\\\/schema\\\/logo\\\/image\\\/\",\"url\":\"https:\\\/\\\/radioljubuski.ba\\\/wp-content\\\/uploads\\\/2021\\\/02\\\/cropped-Radio_Ljubuski_logo1.jpg\",\"contentUrl\":\"https:\\\/\\\/radioljubuski.ba\\\/wp-content\\\/uploads\\\/2021\\\/02\\\/cropped-Radio_Ljubuski_logo1.jpg\",\"width\":512,\"height\":512,\"caption\":\"Radio Ljubu\u0161ki\"},\"image\":{\"@id\":\"https:\\\/\\\/radioljubuski.ba\\\/#\\\/schema\\\/logo\\\/image\\\/\"},\"sameAs\":[\"https:\\\/\\\/www.facebook.com\\\/Radiio-Ljubuski-1490835324566332\",\"https:\\\/\\\/x.com\\\/radioljubuski\",\"https:\\\/\\\/hr.linkedin.com\\\/company\\\/radio-ljubuski\",\"https:\\\/\\\/www.youtube.com\\\/channel\\\/UCHYaeO_n0Db3tjNGudGpXyw\"]},{\"@type\":\"Person\",\"@id\":\"https:\\\/\\\/radioljubuski.ba\\\/#\\\/schema\\\/person\\\/19fc700381a780f69665d7956c469e3b\",\"name\":\"Radio Ljubu\u0161ki\"}]}<\/script>\n<!-- \/ Yoast SEO plugin. -->","yoast_head_json":{"title":"Mazalica snimao Vukanovi\u0107a: \u0160ta radi\u0161 u kafani u 10.30? - RADIO LJUBU\u0160KI","robots":{"index":"index","follow":"follow","max-snippet":"max-snippet:-1","max-image-preview":"max-image-preview:large","max-video-preview":"max-video-preview:-1"},"canonical":"https:\/\/radioljubuski.ba\/index.php\/2021\/06\/23\/mazalica-snimao-vukanovica-sta-radis-u-kafani-u-10-30\/","og_locale":"hr_HR","og_type":"article","og_title":"Mazalica snimao Vukanovi\u0107a: \u0160ta radi\u0161 u kafani u 10.30? - RADIO LJUBU\u0160KI","og_description":"Zastupnik Sr\u0111an Mazalica iz SNSD-a u restoranu Narodne skup\u0161tine pri\u0161ao je kolegi Neboj\u0161i Vukanovi\u0107u (SDS) i pitao ga za\u0161to nije na poslu. Kako je sam Mazalica napisao na Twitteru, ovo je bila malo opu\u0161tenija verzija izme\u0111u dvojice kolega, \u0161to dodvodi do zaklju\u010dka da je ovo bila \u201cskup\u0161tinska\u201d \u0161ala i da se zastupnici, koji su ina\u010de [&hellip;]","og_url":"https:\/\/radioljubuski.ba\/index.php\/2021\/06\/23\/mazalica-snimao-vukanovica-sta-radis-u-kafani-u-10-30\/","og_site_name":"RADIO LJUBU\u0160KI","article_publisher":"https:\/\/www.facebook.com\/Radiio-Ljubuski-1490835324566332","article_published_time":"2021-06-23T07:17:00+00:00","article_modified_time":"2021-06-23T07:17:01+00:00","og_image":[{"width":579,"height":296,"url":"https:\/\/radioljubuski.ba\/wp-content\/uploads\/2021\/06\/vukanovic.jpg","type":"image\/jpeg"}],"author":"Radio Ljubu\u0161ki","twitter_card":"summary_large_image","twitter_creator":"@radioljubuski","twitter_site":"@radioljubuski","twitter_misc":{"Napisao\/la":"Radio Ljubu\u0161ki","Procijenjeno vrijeme \u010ditanja":"1 minuta"},"schema":{"@context":"https:\/\/schema.org","@graph":[{"@type":"Article","@id":"https:\/\/radioljubuski.ba\/index.php\/2021\/06\/23\/mazalica-snimao-vukanovica-sta-radis-u-kafani-u-10-30\/#article","isPartOf":{"@id":"https:\/\/radioljubuski.ba\/index.php\/2021\/06\/23\/mazalica-snimao-vukanovica-sta-radis-u-kafani-u-10-30\/"},"author":{"name":"Radio Ljubu\u0161ki","@id":"https:\/\/radioljubuski.ba\/#\/schema\/person\/19fc700381a780f69665d7956c469e3b"},"headline":"Mazalica snimao Vukanovi\u0107a: \u0160ta radi\u0161 u kafani u 10.30?","datePublished":"2021-06-23T07:17:00+00:00","dateModified":"2021-06-23T07:17:01+00:00","mainEntityOfPage":{"@id":"https:\/\/radioljubuski.ba\/index.php\/2021\/06\/23\/mazalica-snimao-vukanovica-sta-radis-u-kafani-u-10-30\/"},"wordCount":200,"publisher":{"@id":"https:\/\/radioljubuski.ba\/#organization"},"image":{"@id":"https:\/\/radioljubuski.ba\/index.php\/2021\/06\/23\/mazalica-snimao-vukanovica-sta-radis-u-kafani-u-10-30\/#primaryimage"},"thumbnailUrl":"https:\/\/radioljubuski.ba\/wp-content\/uploads\/2021\/06\/vukanovic.jpg","articleSection":["BIH i regija"],"inLanguage":"hr"},{"@type":"WebPage","@id":"https:\/\/radioljubuski.ba\/index.php\/2021\/06\/23\/mazalica-snimao-vukanovica-sta-radis-u-kafani-u-10-30\/","url":"https:\/\/radioljubuski.ba\/index.php\/2021\/06\/23\/mazalica-snimao-vukanovica-sta-radis-u-kafani-u-10-30\/","name":"Mazalica snimao Vukanovi\u0107a: \u0160ta radi\u0161 u kafani u 10.30? - RADIO LJUBU\u0160KI","isPartOf":{"@id":"https:\/\/radioljubuski.ba\/#website"},"primaryImageOfPage":{"@id":"https:\/\/radioljubuski.ba\/index.php\/2021\/06\/23\/mazalica-snimao-vukanovica-sta-radis-u-kafani-u-10-30\/#primaryimage"},"image":{"@id":"https:\/\/radioljubuski.ba\/index.php\/2021\/06\/23\/mazalica-snimao-vukanovica-sta-radis-u-kafani-u-10-30\/#primaryimage"},"thumbnailUrl":"https:\/\/radioljubuski.ba\/wp-content\/uploads\/2021\/06\/vukanovic.jpg","datePublished":"2021-06-23T07:17:00+00:00","dateModified":"2021-06-23T07:17:01+00:00","breadcrumb":{"@id":"https:\/\/radioljubuski.ba\/index.php\/2021\/06\/23\/mazalica-snimao-vukanovica-sta-radis-u-kafani-u-10-30\/#breadcrumb"},"inLanguage":"hr","potentialAction":[{"@type":"ReadAction","target":["https:\/\/radioljubuski.ba\/index.php\/2021\/06\/23\/mazalica-snimao-vukanovica-sta-radis-u-kafani-u-10-30\/"]}]},{"@type":"ImageObject","inLanguage":"hr","@id":"https:\/\/radioljubuski.ba\/index.php\/2021\/06\/23\/mazalica-snimao-vukanovica-sta-radis-u-kafani-u-10-30\/#primaryimage","url":"https:\/\/radioljubuski.ba\/wp-content\/uploads\/2021\/06\/vukanovic.jpg","contentUrl":"https:\/\/radioljubuski.ba\/wp-content\/uploads\/2021\/06\/vukanovic.jpg","width":579,"height":296},{"@type":"BreadcrumbList","@id":"https:\/\/radioljubuski.ba\/index.php\/2021\/06\/23\/mazalica-snimao-vukanovica-sta-radis-u-kafani-u-10-30\/#breadcrumb","itemListElement":[{"@type":"ListItem","position":1,"name":"Po\u010detna stranica","item":"https:\/\/radioljubuski.ba\/"},{"@type":"ListItem","position":2,"name":"Mazalica snimao Vukanovi\u0107a: \u0160ta radi\u0161 u kafani u 10.30?"}]},{"@type":"WebSite","@id":"https:\/\/radioljubuski.ba\/#website","url":"https:\/\/radioljubuski.ba\/","name":"Radio Ljubu\u0161ki","description":"Sun\u010dana frekvencija Hercegovine","publisher":{"@id":"https:\/\/radioljubuski.ba\/#organization"},"potentialAction":[{"@type":"SearchAction","target":{"@type":"EntryPoint","urlTemplate":"https:\/\/radioljubuski.ba\/?s={search_term_string}"},"query-input":{"@type":"PropertyValueSpecification","valueRequired":true,"valueName":"search_term_string"}}],"inLanguage":"hr"},{"@type":"Organization","@id":"https:\/\/radioljubuski.ba\/#organization","name":"Radio Ljubu\u0161ki","url":"https:\/\/radioljubuski.ba\/","logo":{"@type":"ImageObject","inLanguage":"hr","@id":"https:\/\/radioljubuski.ba\/#\/schema\/logo\/image\/","url":"https:\/\/radioljubuski.ba\/wp-content\/uploads\/2021\/02\/cropped-Radio_Ljubuski_logo1.jpg","contentUrl":"https:\/\/radioljubuski.ba\/wp-content\/uploads\/2021\/02\/cropped-Radio_Ljubuski_logo1.jpg","width":512,"height":512,"caption":"Radio Ljubu\u0161ki"},"image":{"@id":"https:\/\/radioljubuski.ba\/#\/schema\/logo\/image\/"},"sameAs":["https:\/\/www.facebook.com\/Radiio-Ljubuski-1490835324566332","https:\/\/x.com\/radioljubuski","https:\/\/hr.linkedin.com\/company\/radio-ljubuski","https:\/\/www.youtube.com\/channel\/UCHYaeO_n0Db3tjNGudGpXyw"]},{"@type":"Person","@id":"https:\/\/radioljubuski.ba\/#\/schema\/person\/19fc700381a780f69665d7956c469e3b","name":"Radio Ljubu\u0161ki"}]}},"_links":{"self":[{"href":"https:\/\/radioljubuski.ba\/index.php\/wp-json\/wp\/v2\/posts\/35059","targetHints":{"allow":["GET"]}}],"collection":[{"href":"https:\/\/radioljubuski.ba\/index.php\/wp-json\/wp\/v2\/posts"}],"about":[{"href":"https:\/\/radioljubuski.ba\/index.php\/wp-json\/wp\/v2\/types\/post"}],"author":[{"embeddable":true,"href":"https:\/\/radioljubuski.ba\/index.php\/wp-json\/wp\/v2\/users\/2"}],"replies":[{"embeddable":true,"href":"https:\/\/radioljubuski.ba\/index.php\/wp-json\/wp\/v2\/comments?post=35059"}],"version-history":[{"count":1,"href":"https:\/\/radioljubuski.ba\/index.php\/wp-json\/wp\/v2\/posts\/35059\/revisions"}],"predecessor-version":[{"id":35061,"href":"https:\/\/radioljubuski.ba\/index.php\/wp-json\/wp\/v2\/posts\/35059\/revisions\/35061"}],"wp:featuredmedia":[{"embeddable":true,"href":"https:\/\/radioljubuski.ba\/index.php\/wp-json\/wp\/v2\/media\/35060"}],"wp:attachment":[{"href":"https:\/\/radioljubuski.ba\/index.php\/wp-json\/wp\/v2\/media?parent=35059"}],"wp:term":[{"taxonomy":"category","embeddable":true,"href":"https:\/\/radioljubuski.ba\/index.php\/wp-json\/wp\/v2\/categories?post=35059"},{"taxonomy":"post_tag","embeddable":true,"href":"https:\/\/radioljubuski.ba\/index.php\/wp-json\/wp\/v2\/tags?post=35059"}],"curies":[{"name":"wp","href":"https:\/\/api.w.org\/{rel}","templated":true}]}}