{"id":35153,"date":"2021-06-23T11:39:42","date_gmt":"2021-06-23T10:39:42","guid":{"rendered":"https:\/\/radioljubuski.ba\/?p=35153"},"modified":"2021-06-23T11:39:45","modified_gmt":"2021-06-23T10:39:45","slug":"stabilnost-konvertibilne-marke-nikad-nije-dovedena-u-pitanje-2","status":"publish","type":"post","link":"https:\/\/radioljubuski.ba\/index.php\/2021\/06\/23\/stabilnost-konvertibilne-marke-nikad-nije-dovedena-u-pitanje-2\/","title":{"rendered":"Stabilnost konvertibilne marke nikad nije dovedena u pitanje"},"content":{"rendered":"\n<h5 class=\"wp-block-heading\">Uvo\u0111enje jedinstvene bh. valute bio je vrlo slo\u017een proces s obzirom na iskustva s nestabilno\u0161\u0107u valuta iz prethodnog razdoblja, izazov je bio izgraditi povjerenje bh. gra\u0111ana u novu doma\u0107u valutu.<\/h5>\n\n\n\n<p>Naziv za doma\u0107u valutu Konvertibilnu marku, inspiriean je<strong>&nbsp;njema\u010dkom markom<\/strong>&nbsp;koja se koristila na podru\u010dju cijele Bosne i Hercegovine i \u010dija su pouzdanost i stabilnost upu\u0107ivali da \u0107e i novonastala valuta koja sadr\u017ei rije\u010d marka i vezana je za nju biti prihva\u0107ena me\u0111u svim stanovnicima, prenosi Avaz.<\/p>\n\n\n\n<p>S ciljem da se stekne povjerenje gra\u0111ana dodata je i rije\u010d konvertibilna, \u0161to upu\u0107uje da CBBiH osigurava njezinu zamjenjivost (konvertibilnost), i&nbsp;<strong>tako smo dobili puni naziv dana\u0161nje valute<\/strong>. Tako se u po\u010detku Konvertibilna marka vezala za njema\u010dku marku, i to po te\u010daju 1 KM = 1 DEM. Kasnije, povla\u010denjem njema\u010dke marke iz opticaja, KM je preuzela te\u010daj njema\u010dke marke prema euru \u2013 jedna konvertibilna marka za 0,51129 eura, odnosno jedan euro za 1,95583 konvertibilnih maraka.https:\/\/da9e0f81bda8283480a44f316609ded6.safeframe.googlesyndication.com\/safeframe\/1-0-38\/html\/container.html<\/p>\n\n\n\n<p>Zbog monetarne politike i zajam\u010dene stabilnosti KM je<strong>&nbsp;vrlo brzo postala dominantno sredstvo<\/strong>&nbsp;u gotovinskim transakcijama, a do kraja 1999. godine postala je i jedino sredstvo pla\u0107anja.<\/p>\n\n\n\n<p>Na nov\u010danicama KM su&nbsp;<strong>uva\u017eeni bh. knji\u017eevnici i motivi karakteristi\u010dni za narode na\u0161e zemlje<\/strong>; fragmenti ste\u0107aka, knjiga, olovka, nao\u010dale, glazbeni instrument i sli\u010dno.<\/p>\n\n\n\n<p>Prve nov\u010danice je tiskala francuska tiskara&nbsp;<strong>Francois-Charles Oberthur,&nbsp;<\/strong>a tiskanje je pla\u0107eno donacijom Francuske vlade. Tijekom svih ovih godina, jedno je uvijek sigurno: vrijednost konvertibilne marke, izra\u017eena u euru, nikad nije dovedena u pitanje. Centralna banka Bosne i Hercegovine nov\u010danice doma\u0107e valute&nbsp;<strong>stavlja u i povla\u010di iz opticaja<\/strong>&nbsp;pridr\u017eavaju\u0107i se strogo pravila valutnog odbora utvr\u0111enog Zakonom o CBBiH, a \u0161to zna\u010di da svaka nov\u010danica i kovanica KM-a ima nov\u010dano pokri\u0107e u eurima.<\/p>\n\n\n\n<p>Nov\u010danice u apoenima 20 KM, 50 KM i 100 KM pu\u0161tene su u opticaj 27. &nbsp;srpnja 1998. godine, a nov\u010danice apoena 200 KM u 2001. godini. CBBiH je nadle\u017ena da osigura zadovoljavaju\u0107i kvalitet nov\u010danica u opticaju i aktuelne za\u0161titne elemente.&nbsp;<strong>CBBiH redovno prati razvoj za\u0161titnih obilje\u017eja nov\u010danica i kovanica<\/strong>, te se rukovodi i primjenjuje tehnolo\u0161ki va\u017ee\u0107e standarde u zemljama Europske unije, a koje se odnose na kvalitetu, vijek trajanja i za\u0161titne elemente KM. Tako su u proteklih 20 godina iz upotrebe povu\u010dene nov\u010danice konvertibilne marke u apoenima od 50 feninga (o\u017eujka 2003.), 1 KM (prosinca 2008.) te 5 KM (prosinca 2009.).<\/p>\n\n\n\n<p>Nov\u010danice konvertibilne marke<strong>&nbsp;sadr\u017ee \u010detiri razli\u010dita stupnja za\u0161tite od krivotvorenja<\/strong>: za\u0161titna obilje\u017eja za javnost, koja se mogu provjeriti bez ikakve opreme, za\u0161titna obilje\u017eja za stru\u010dne osobe, koja su vidljiva samo uz pomo\u0107 odgovaraju\u0107e opreme,<br>strojno \u010ditljiva obilje\u017eja koja prepoznaju ure\u0111aji za brojanje i sortiranje novca, te za\u0161titna obilje\u017eja koja su namijenjena isklju\u010divo za provjeru na ure\u0111ajima u CBBiH.<\/p>\n\n\n\n<p>Od prvog dana do danas, koli\u010dina KM gotovog novca je u stalnom porastu. U lipnju 1998. u opticaju je<strong>&nbsp;bilo 83 milijuna KM<\/strong>, dok je dvadeset tri godine kasnije u financijskim tijekovima BiH je<strong>&nbsp;pet milijardi KM<\/strong>, \u0161to najbolje govori o povjerenju stanovni\u0161tva u doma\u0107u valutu.<\/p>\n\n\n\n<p>Konvertibilna marka je&nbsp;<strong>dr\u017eavotvorna \u010dinjenica<\/strong>&nbsp;i odlu\u010duju\u0107i korak u kreiranju monetarnog sustava. Stabilnost doma\u0107e valute je prva zada\u0107a CBBiH i mjera za uspje\u0161nost na\u0161ega rada.<\/p>\n\n\n\n<p>Stabilnost valutnog odbora i doma\u0107e valute kao&nbsp;<strong>klju\u010dni faktor ekonomske stabilnosti u zemlji,<\/strong>&nbsp;prepoznalo je stanovni\u0161tvo, a potvrdile i me\u0111unarodne financijske institucije, MMF, Europska unija i me\u0111unarodne agencije prilikom procjene suverenog kreditnog&nbsp;rejtinga za Bosnu i Hercegovinu.<\/p>\n\n\n\n<p>U posljednje 23 godine<strong>&nbsp;puno toga se promijenilo<\/strong>, ali ne i stabilnost konvertibilne marke i povjerenje bh gra\u0111ana u nju. Hvala vam za povjerenje, navode iz CBBiH.<\/p>\n\n\n\n<p><strong>Izvor: Jabuka.tv<\/strong><\/p>\n","protected":false},"excerpt":{"rendered":"<p>Uvo\u0111enje jedinstvene bh. valute bio je vrlo slo\u017een proces s obzirom na iskustva s nestabilno\u0161\u0107u valuta iz prethodnog razdoblja, izazov je bio izgraditi povjerenje bh. gra\u0111ana u novu doma\u0107u valutu. Naziv za doma\u0107u valutu Konvertibilnu marku, inspiriean je&nbsp;njema\u010dkom markom&nbsp;koja se koristila na podru\u010dju cijele Bosne i Hercegovine i \u010dija su pouzdanost i stabilnost upu\u0107ivali da [&hellip;]<\/p>\n","protected":false},"author":2,"featured_media":34821,"comment_status":"closed","ping_status":"closed","sticky":false,"template":"","format":"standard","meta":{"h5ap_radio_sources":[],"footnotes":""},"categories":[1],"tags":[],"class_list":["post-35153","post","type-post","status-publish","format-standard","has-post-thumbnail","hentry","category-bihiregija"],"yoast_head":"<!-- This site is optimized with the Yoast SEO plugin v27.5 - https:\/\/yoast.com\/product\/yoast-seo-wordpress\/ -->\n<title>Stabilnost konvertibilne marke nikad nije dovedena u pitanje - RADIO LJUBU\u0160KI<\/title>\n<meta name=\"robots\" content=\"index, follow, max-snippet:-1, max-image-preview:large, max-video-preview:-1\" \/>\n<link rel=\"canonical\" href=\"https:\/\/radioljubuski.ba\/index.php\/2021\/06\/23\/stabilnost-konvertibilne-marke-nikad-nije-dovedena-u-pitanje-2\/\" \/>\n<meta property=\"og:locale\" content=\"hr_HR\" \/>\n<meta property=\"og:type\" content=\"article\" \/>\n<meta property=\"og:title\" content=\"Stabilnost konvertibilne marke nikad nije dovedena u pitanje - RADIO LJUBU\u0160KI\" \/>\n<meta property=\"og:description\" content=\"Uvo\u0111enje jedinstvene bh. valute bio je vrlo slo\u017een proces s obzirom na iskustva s nestabilno\u0161\u0107u valuta iz prethodnog razdoblja, izazov je bio izgraditi povjerenje bh. gra\u0111ana u novu doma\u0107u valutu. Naziv za doma\u0107u valutu Konvertibilnu marku, inspiriean je&nbsp;njema\u010dkom markom&nbsp;koja se koristila na podru\u010dju cijele Bosne i Hercegovine i \u010dija su pouzdanost i stabilnost upu\u0107ivali da [&hellip;]\" \/>\n<meta property=\"og:url\" content=\"https:\/\/radioljubuski.ba\/index.php\/2021\/06\/23\/stabilnost-konvertibilne-marke-nikad-nije-dovedena-u-pitanje-2\/\" \/>\n<meta property=\"og:site_name\" content=\"RADIO LJUBU\u0160KI\" \/>\n<meta property=\"article:publisher\" content=\"https:\/\/www.facebook.com\/Radiio-Ljubuski-1490835324566332\" \/>\n<meta property=\"article:published_time\" content=\"2021-06-23T10:39:42+00:00\" \/>\n<meta property=\"article:modified_time\" content=\"2021-06-23T10:39:45+00:00\" \/>\n<meta property=\"og:image\" content=\"https:\/\/radioljubuski.ba\/wp-content\/uploads\/2021\/06\/OPNjUwD1_novac_pare_marka.jpg\" \/>\n\t<meta property=\"og:image:width\" content=\"1000\" \/>\n\t<meta property=\"og:image:height\" content=\"625\" \/>\n\t<meta property=\"og:image:type\" content=\"image\/jpeg\" \/>\n<meta name=\"author\" content=\"Radio Ljubu\u0161ki\" \/>\n<meta name=\"twitter:card\" content=\"summary_large_image\" \/>\n<meta name=\"twitter:creator\" content=\"@radioljubuski\" \/>\n<meta name=\"twitter:site\" content=\"@radioljubuski\" \/>\n<meta name=\"twitter:label1\" content=\"Napisao\/la\" \/>\n\t<meta name=\"twitter:data1\" content=\"Radio Ljubu\u0161ki\" \/>\n\t<meta name=\"twitter:label2\" content=\"Procijenjeno vrijeme \u010ditanja\" \/>\n\t<meta name=\"twitter:data2\" content=\"3 minute\" \/>\n<script type=\"application\/ld+json\" class=\"yoast-schema-graph\">{\"@context\":\"https:\\\/\\\/schema.org\",\"@graph\":[{\"@type\":\"Article\",\"@id\":\"https:\\\/\\\/radioljubuski.ba\\\/index.php\\\/2021\\\/06\\\/23\\\/stabilnost-konvertibilne-marke-nikad-nije-dovedena-u-pitanje-2\\\/#article\",\"isPartOf\":{\"@id\":\"https:\\\/\\\/radioljubuski.ba\\\/index.php\\\/2021\\\/06\\\/23\\\/stabilnost-konvertibilne-marke-nikad-nije-dovedena-u-pitanje-2\\\/\"},\"author\":{\"name\":\"Radio Ljubu\u0161ki\",\"@id\":\"https:\\\/\\\/radioljubuski.ba\\\/#\\\/schema\\\/person\\\/19fc700381a780f69665d7956c469e3b\"},\"headline\":\"Stabilnost konvertibilne marke nikad nije dovedena u pitanje\",\"datePublished\":\"2021-06-23T10:39:42+00:00\",\"dateModified\":\"2021-06-23T10:39:45+00:00\",\"mainEntityOfPage\":{\"@id\":\"https:\\\/\\\/radioljubuski.ba\\\/index.php\\\/2021\\\/06\\\/23\\\/stabilnost-konvertibilne-marke-nikad-nije-dovedena-u-pitanje-2\\\/\"},\"wordCount\":687,\"publisher\":{\"@id\":\"https:\\\/\\\/radioljubuski.ba\\\/#organization\"},\"image\":{\"@id\":\"https:\\\/\\\/radioljubuski.ba\\\/index.php\\\/2021\\\/06\\\/23\\\/stabilnost-konvertibilne-marke-nikad-nije-dovedena-u-pitanje-2\\\/#primaryimage\"},\"thumbnailUrl\":\"https:\\\/\\\/radioljubuski.ba\\\/wp-content\\\/uploads\\\/2021\\\/06\\\/OPNjUwD1_novac_pare_marka.jpg\",\"articleSection\":[\"BIH i regija\"],\"inLanguage\":\"hr\"},{\"@type\":\"WebPage\",\"@id\":\"https:\\\/\\\/radioljubuski.ba\\\/index.php\\\/2021\\\/06\\\/23\\\/stabilnost-konvertibilne-marke-nikad-nije-dovedena-u-pitanje-2\\\/\",\"url\":\"https:\\\/\\\/radioljubuski.ba\\\/index.php\\\/2021\\\/06\\\/23\\\/stabilnost-konvertibilne-marke-nikad-nije-dovedena-u-pitanje-2\\\/\",\"name\":\"Stabilnost konvertibilne marke nikad nije dovedena u pitanje - RADIO LJUBU\u0160KI\",\"isPartOf\":{\"@id\":\"https:\\\/\\\/radioljubuski.ba\\\/#website\"},\"primaryImageOfPage\":{\"@id\":\"https:\\\/\\\/radioljubuski.ba\\\/index.php\\\/2021\\\/06\\\/23\\\/stabilnost-konvertibilne-marke-nikad-nije-dovedena-u-pitanje-2\\\/#primaryimage\"},\"image\":{\"@id\":\"https:\\\/\\\/radioljubuski.ba\\\/index.php\\\/2021\\\/06\\\/23\\\/stabilnost-konvertibilne-marke-nikad-nije-dovedena-u-pitanje-2\\\/#primaryimage\"},\"thumbnailUrl\":\"https:\\\/\\\/radioljubuski.ba\\\/wp-content\\\/uploads\\\/2021\\\/06\\\/OPNjUwD1_novac_pare_marka.jpg\",\"datePublished\":\"2021-06-23T10:39:42+00:00\",\"dateModified\":\"2021-06-23T10:39:45+00:00\",\"breadcrumb\":{\"@id\":\"https:\\\/\\\/radioljubuski.ba\\\/index.php\\\/2021\\\/06\\\/23\\\/stabilnost-konvertibilne-marke-nikad-nije-dovedena-u-pitanje-2\\\/#breadcrumb\"},\"inLanguage\":\"hr\",\"potentialAction\":[{\"@type\":\"ReadAction\",\"target\":[\"https:\\\/\\\/radioljubuski.ba\\\/index.php\\\/2021\\\/06\\\/23\\\/stabilnost-konvertibilne-marke-nikad-nije-dovedena-u-pitanje-2\\\/\"]}]},{\"@type\":\"ImageObject\",\"inLanguage\":\"hr\",\"@id\":\"https:\\\/\\\/radioljubuski.ba\\\/index.php\\\/2021\\\/06\\\/23\\\/stabilnost-konvertibilne-marke-nikad-nije-dovedena-u-pitanje-2\\\/#primaryimage\",\"url\":\"https:\\\/\\\/radioljubuski.ba\\\/wp-content\\\/uploads\\\/2021\\\/06\\\/OPNjUwD1_novac_pare_marka.jpg\",\"contentUrl\":\"https:\\\/\\\/radioljubuski.ba\\\/wp-content\\\/uploads\\\/2021\\\/06\\\/OPNjUwD1_novac_pare_marka.jpg\",\"width\":1000,\"height\":625},{\"@type\":\"BreadcrumbList\",\"@id\":\"https:\\\/\\\/radioljubuski.ba\\\/index.php\\\/2021\\\/06\\\/23\\\/stabilnost-konvertibilne-marke-nikad-nije-dovedena-u-pitanje-2\\\/#breadcrumb\",\"itemListElement\":[{\"@type\":\"ListItem\",\"position\":1,\"name\":\"Po\u010detna stranica\",\"item\":\"https:\\\/\\\/radioljubuski.ba\\\/\"},{\"@type\":\"ListItem\",\"position\":2,\"name\":\"Stabilnost konvertibilne marke nikad nije dovedena u pitanje\"}]},{\"@type\":\"WebSite\",\"@id\":\"https:\\\/\\\/radioljubuski.ba\\\/#website\",\"url\":\"https:\\\/\\\/radioljubuski.ba\\\/\",\"name\":\"Radio Ljubu\u0161ki\",\"description\":\"Sun\u010dana frekvencija Hercegovine\",\"publisher\":{\"@id\":\"https:\\\/\\\/radioljubuski.ba\\\/#organization\"},\"potentialAction\":[{\"@type\":\"SearchAction\",\"target\":{\"@type\":\"EntryPoint\",\"urlTemplate\":\"https:\\\/\\\/radioljubuski.ba\\\/?s={search_term_string}\"},\"query-input\":{\"@type\":\"PropertyValueSpecification\",\"valueRequired\":true,\"valueName\":\"search_term_string\"}}],\"inLanguage\":\"hr\"},{\"@type\":\"Organization\",\"@id\":\"https:\\\/\\\/radioljubuski.ba\\\/#organization\",\"name\":\"Radio Ljubu\u0161ki\",\"url\":\"https:\\\/\\\/radioljubuski.ba\\\/\",\"logo\":{\"@type\":\"ImageObject\",\"inLanguage\":\"hr\",\"@id\":\"https:\\\/\\\/radioljubuski.ba\\\/#\\\/schema\\\/logo\\\/image\\\/\",\"url\":\"https:\\\/\\\/radioljubuski.ba\\\/wp-content\\\/uploads\\\/2021\\\/02\\\/cropped-Radio_Ljubuski_logo1.jpg\",\"contentUrl\":\"https:\\\/\\\/radioljubuski.ba\\\/wp-content\\\/uploads\\\/2021\\\/02\\\/cropped-Radio_Ljubuski_logo1.jpg\",\"width\":512,\"height\":512,\"caption\":\"Radio Ljubu\u0161ki\"},\"image\":{\"@id\":\"https:\\\/\\\/radioljubuski.ba\\\/#\\\/schema\\\/logo\\\/image\\\/\"},\"sameAs\":[\"https:\\\/\\\/www.facebook.com\\\/Radiio-Ljubuski-1490835324566332\",\"https:\\\/\\\/x.com\\\/radioljubuski\",\"https:\\\/\\\/hr.linkedin.com\\\/company\\\/radio-ljubuski\",\"https:\\\/\\\/www.youtube.com\\\/channel\\\/UCHYaeO_n0Db3tjNGudGpXyw\"]},{\"@type\":\"Person\",\"@id\":\"https:\\\/\\\/radioljubuski.ba\\\/#\\\/schema\\\/person\\\/19fc700381a780f69665d7956c469e3b\",\"name\":\"Radio Ljubu\u0161ki\"}]}<\/script>\n<!-- \/ Yoast SEO plugin. -->","yoast_head_json":{"title":"Stabilnost konvertibilne marke nikad nije dovedena u pitanje - RADIO LJUBU\u0160KI","robots":{"index":"index","follow":"follow","max-snippet":"max-snippet:-1","max-image-preview":"max-image-preview:large","max-video-preview":"max-video-preview:-1"},"canonical":"https:\/\/radioljubuski.ba\/index.php\/2021\/06\/23\/stabilnost-konvertibilne-marke-nikad-nije-dovedena-u-pitanje-2\/","og_locale":"hr_HR","og_type":"article","og_title":"Stabilnost konvertibilne marke nikad nije dovedena u pitanje - RADIO LJUBU\u0160KI","og_description":"Uvo\u0111enje jedinstvene bh. valute bio je vrlo slo\u017een proces s obzirom na iskustva s nestabilno\u0161\u0107u valuta iz prethodnog razdoblja, izazov je bio izgraditi povjerenje bh. gra\u0111ana u novu doma\u0107u valutu. Naziv za doma\u0107u valutu Konvertibilnu marku, inspiriean je&nbsp;njema\u010dkom markom&nbsp;koja se koristila na podru\u010dju cijele Bosne i Hercegovine i \u010dija su pouzdanost i stabilnost upu\u0107ivali da [&hellip;]","og_url":"https:\/\/radioljubuski.ba\/index.php\/2021\/06\/23\/stabilnost-konvertibilne-marke-nikad-nije-dovedena-u-pitanje-2\/","og_site_name":"RADIO LJUBU\u0160KI","article_publisher":"https:\/\/www.facebook.com\/Radiio-Ljubuski-1490835324566332","article_published_time":"2021-06-23T10:39:42+00:00","article_modified_time":"2021-06-23T10:39:45+00:00","og_image":[{"width":1000,"height":625,"url":"https:\/\/radioljubuski.ba\/wp-content\/uploads\/2021\/06\/OPNjUwD1_novac_pare_marka.jpg","type":"image\/jpeg"}],"author":"Radio Ljubu\u0161ki","twitter_card":"summary_large_image","twitter_creator":"@radioljubuski","twitter_site":"@radioljubuski","twitter_misc":{"Napisao\/la":"Radio Ljubu\u0161ki","Procijenjeno vrijeme \u010ditanja":"3 minute"},"schema":{"@context":"https:\/\/schema.org","@graph":[{"@type":"Article","@id":"https:\/\/radioljubuski.ba\/index.php\/2021\/06\/23\/stabilnost-konvertibilne-marke-nikad-nije-dovedena-u-pitanje-2\/#article","isPartOf":{"@id":"https:\/\/radioljubuski.ba\/index.php\/2021\/06\/23\/stabilnost-konvertibilne-marke-nikad-nije-dovedena-u-pitanje-2\/"},"author":{"name":"Radio Ljubu\u0161ki","@id":"https:\/\/radioljubuski.ba\/#\/schema\/person\/19fc700381a780f69665d7956c469e3b"},"headline":"Stabilnost konvertibilne marke nikad nije dovedena u pitanje","datePublished":"2021-06-23T10:39:42+00:00","dateModified":"2021-06-23T10:39:45+00:00","mainEntityOfPage":{"@id":"https:\/\/radioljubuski.ba\/index.php\/2021\/06\/23\/stabilnost-konvertibilne-marke-nikad-nije-dovedena-u-pitanje-2\/"},"wordCount":687,"publisher":{"@id":"https:\/\/radioljubuski.ba\/#organization"},"image":{"@id":"https:\/\/radioljubuski.ba\/index.php\/2021\/06\/23\/stabilnost-konvertibilne-marke-nikad-nije-dovedena-u-pitanje-2\/#primaryimage"},"thumbnailUrl":"https:\/\/radioljubuski.ba\/wp-content\/uploads\/2021\/06\/OPNjUwD1_novac_pare_marka.jpg","articleSection":["BIH i regija"],"inLanguage":"hr"},{"@type":"WebPage","@id":"https:\/\/radioljubuski.ba\/index.php\/2021\/06\/23\/stabilnost-konvertibilne-marke-nikad-nije-dovedena-u-pitanje-2\/","url":"https:\/\/radioljubuski.ba\/index.php\/2021\/06\/23\/stabilnost-konvertibilne-marke-nikad-nije-dovedena-u-pitanje-2\/","name":"Stabilnost konvertibilne marke nikad nije dovedena u pitanje - RADIO LJUBU\u0160KI","isPartOf":{"@id":"https:\/\/radioljubuski.ba\/#website"},"primaryImageOfPage":{"@id":"https:\/\/radioljubuski.ba\/index.php\/2021\/06\/23\/stabilnost-konvertibilne-marke-nikad-nije-dovedena-u-pitanje-2\/#primaryimage"},"image":{"@id":"https:\/\/radioljubuski.ba\/index.php\/2021\/06\/23\/stabilnost-konvertibilne-marke-nikad-nije-dovedena-u-pitanje-2\/#primaryimage"},"thumbnailUrl":"https:\/\/radioljubuski.ba\/wp-content\/uploads\/2021\/06\/OPNjUwD1_novac_pare_marka.jpg","datePublished":"2021-06-23T10:39:42+00:00","dateModified":"2021-06-23T10:39:45+00:00","breadcrumb":{"@id":"https:\/\/radioljubuski.ba\/index.php\/2021\/06\/23\/stabilnost-konvertibilne-marke-nikad-nije-dovedena-u-pitanje-2\/#breadcrumb"},"inLanguage":"hr","potentialAction":[{"@type":"ReadAction","target":["https:\/\/radioljubuski.ba\/index.php\/2021\/06\/23\/stabilnost-konvertibilne-marke-nikad-nije-dovedena-u-pitanje-2\/"]}]},{"@type":"ImageObject","inLanguage":"hr","@id":"https:\/\/radioljubuski.ba\/index.php\/2021\/06\/23\/stabilnost-konvertibilne-marke-nikad-nije-dovedena-u-pitanje-2\/#primaryimage","url":"https:\/\/radioljubuski.ba\/wp-content\/uploads\/2021\/06\/OPNjUwD1_novac_pare_marka.jpg","contentUrl":"https:\/\/radioljubuski.ba\/wp-content\/uploads\/2021\/06\/OPNjUwD1_novac_pare_marka.jpg","width":1000,"height":625},{"@type":"BreadcrumbList","@id":"https:\/\/radioljubuski.ba\/index.php\/2021\/06\/23\/stabilnost-konvertibilne-marke-nikad-nije-dovedena-u-pitanje-2\/#breadcrumb","itemListElement":[{"@type":"ListItem","position":1,"name":"Po\u010detna stranica","item":"https:\/\/radioljubuski.ba\/"},{"@type":"ListItem","position":2,"name":"Stabilnost konvertibilne marke nikad nije dovedena u pitanje"}]},{"@type":"WebSite","@id":"https:\/\/radioljubuski.ba\/#website","url":"https:\/\/radioljubuski.ba\/","name":"Radio Ljubu\u0161ki","description":"Sun\u010dana frekvencija Hercegovine","publisher":{"@id":"https:\/\/radioljubuski.ba\/#organization"},"potentialAction":[{"@type":"SearchAction","target":{"@type":"EntryPoint","urlTemplate":"https:\/\/radioljubuski.ba\/?s={search_term_string}"},"query-input":{"@type":"PropertyValueSpecification","valueRequired":true,"valueName":"search_term_string"}}],"inLanguage":"hr"},{"@type":"Organization","@id":"https:\/\/radioljubuski.ba\/#organization","name":"Radio Ljubu\u0161ki","url":"https:\/\/radioljubuski.ba\/","logo":{"@type":"ImageObject","inLanguage":"hr","@id":"https:\/\/radioljubuski.ba\/#\/schema\/logo\/image\/","url":"https:\/\/radioljubuski.ba\/wp-content\/uploads\/2021\/02\/cropped-Radio_Ljubuski_logo1.jpg","contentUrl":"https:\/\/radioljubuski.ba\/wp-content\/uploads\/2021\/02\/cropped-Radio_Ljubuski_logo1.jpg","width":512,"height":512,"caption":"Radio Ljubu\u0161ki"},"image":{"@id":"https:\/\/radioljubuski.ba\/#\/schema\/logo\/image\/"},"sameAs":["https:\/\/www.facebook.com\/Radiio-Ljubuski-1490835324566332","https:\/\/x.com\/radioljubuski","https:\/\/hr.linkedin.com\/company\/radio-ljubuski","https:\/\/www.youtube.com\/channel\/UCHYaeO_n0Db3tjNGudGpXyw"]},{"@type":"Person","@id":"https:\/\/radioljubuski.ba\/#\/schema\/person\/19fc700381a780f69665d7956c469e3b","name":"Radio Ljubu\u0161ki"}]}},"_links":{"self":[{"href":"https:\/\/radioljubuski.ba\/index.php\/wp-json\/wp\/v2\/posts\/35153","targetHints":{"allow":["GET"]}}],"collection":[{"href":"https:\/\/radioljubuski.ba\/index.php\/wp-json\/wp\/v2\/posts"}],"about":[{"href":"https:\/\/radioljubuski.ba\/index.php\/wp-json\/wp\/v2\/types\/post"}],"author":[{"embeddable":true,"href":"https:\/\/radioljubuski.ba\/index.php\/wp-json\/wp\/v2\/users\/2"}],"replies":[{"embeddable":true,"href":"https:\/\/radioljubuski.ba\/index.php\/wp-json\/wp\/v2\/comments?post=35153"}],"version-history":[{"count":1,"href":"https:\/\/radioljubuski.ba\/index.php\/wp-json\/wp\/v2\/posts\/35153\/revisions"}],"predecessor-version":[{"id":35154,"href":"https:\/\/radioljubuski.ba\/index.php\/wp-json\/wp\/v2\/posts\/35153\/revisions\/35154"}],"wp:featuredmedia":[{"embeddable":true,"href":"https:\/\/radioljubuski.ba\/index.php\/wp-json\/wp\/v2\/media\/34821"}],"wp:attachment":[{"href":"https:\/\/radioljubuski.ba\/index.php\/wp-json\/wp\/v2\/media?parent=35153"}],"wp:term":[{"taxonomy":"category","embeddable":true,"href":"https:\/\/radioljubuski.ba\/index.php\/wp-json\/wp\/v2\/categories?post=35153"},{"taxonomy":"post_tag","embeddable":true,"href":"https:\/\/radioljubuski.ba\/index.php\/wp-json\/wp\/v2\/tags?post=35153"}],"curies":[{"name":"wp","href":"https:\/\/api.w.org\/{rel}","templated":true}]}}