{"id":35161,"date":"2021-06-23T11:49:45","date_gmt":"2021-06-23T10:49:45","guid":{"rendered":"https:\/\/radioljubuski.ba\/?p=35161"},"modified":"2021-06-23T11:49:46","modified_gmt":"2021-06-23T10:49:46","slug":"skoti-modric-nam-je-brutalno-zario-noz-u-srce-ali-tako-prekrasno-da-mu-oprastamo","status":"publish","type":"post","link":"https:\/\/radioljubuski.ba\/index.php\/2021\/06\/23\/skoti-modric-nam-je-brutalno-zario-noz-u-srce-ali-tako-prekrasno-da-mu-oprastamo\/","title":{"rendered":"\u0160koti: Modri\u0107 nam je brutalno zario no\u017e u srce, ali tako prekrasno da mu opra\u0161tamo"},"content":{"rendered":"\n<p>&#8220;Zabio je bode\u017e posred \u0161kotskog srca sino\u0107 na Hampden Parku. Ali Luka Modri\u0107 je to barem u\u010dinio s takvim stilom i umjetno\u0161\u0107u da mu je istovremeno gotovo mogu\u0107e oprostiti.&#8221;<\/p>\n\n\n\n<p>Tim re\u010denicama zapo\u010dinje jutro\u0161nji osvrt \u0161kotskog Dailyja Recorda na sino\u0107nji poraz 3:1, koji je Hrvatsku lansirao u osminu finala Eura s drugog mjesta u skupini, a \u0160kotima ozna\u010dio zavr\u0161etak avanture.<\/p>\n\n\n\n<p>&#8220;Bezobraznim vanjskim fel\u0161om desnom nogom, koju koristi kao \u010darobni \u0161tapi\u0107, \u010darobnjak razbacane kose uni\u0161tio je na\u0161 pohod u skupini D&#8221;, nastavlja Keith Jackson u osvrtu u \u010dijem naslovu pi\u0161e da je &#8220;Modri\u0107 prekrasno i brutalno zakrenuo no\u017e&#8221;.<\/p>\n\n\n\n<p>Pi\u0161e i da \u0107e \u0160kotska na kraju ostati upam\u0107ena kao jedna od najnesretnijih ekipa na ovom Euru, &#8220;kao da joj je to opet bilo potrebno&#8221; te dodaje da kona\u010dan rezultat ne otkriva cijelu pri\u010du.<\/p>\n\n\n\n<p>&#8220;Gol Calluma McGregora netom prije posljednjeg zvi\u017eduka u prvom poluvremenu dr\u017eao je snove cijele nacije, koji uvijek zavr\u0161e u tu\u0111em vlasni\u0161tvu. Od po\u010detka je izgledalo da je \u0161kotski plan bio energijom pregaziti igra\u010de u slavnim stolnjacima&#8221;, nastavio je Jackson, oplakuju\u0107i propu\u0161tene \u0161anse \u0160kota i uzdi\u017eu\u0107i njihovu juna\u010dku igru.<\/p>\n\n\n\n<p>Modri\u0107evu gol\u010dinu nazvao je istovremeno prekrasnom i brutalnom, a Peri\u0161i\u0107ev pogodak za 3:1 nastavkom agonije, ali i zaklju\u010dio da \u0160kotska mo\u017ee utjehu prona\u0107i u \u010dinjenici da je ovo tek po\u010detak puta za mom\u010dad Steva Clarkea.<\/p>\n\n\n\n<p>Izvor:index.hr<\/p>\n","protected":false},"excerpt":{"rendered":"<p>&#8220;Zabio je bode\u017e posred \u0161kotskog srca sino\u0107 na Hampden Parku. Ali Luka Modri\u0107 je to barem u\u010dinio s takvim stilom i umjetno\u0161\u0107u da mu je istovremeno gotovo mogu\u0107e oprostiti.&#8221; Tim re\u010denicama zapo\u010dinje jutro\u0161nji osvrt \u0161kotskog Dailyja Recorda na sino\u0107nji poraz 3:1, koji je Hrvatsku lansirao u osminu finala Eura s drugog mjesta u skupini, a [&hellip;]<\/p>\n","protected":false},"author":2,"featured_media":35162,"comment_status":"closed","ping_status":"closed","sticky":false,"template":"","format":"standard","meta":{"h5ap_radio_sources":[],"footnotes":""},"categories":[7],"tags":[],"class_list":["post-35161","post","type-post","status-publish","format-standard","has-post-thumbnail","hentry","category-sport"],"yoast_head":"<!-- This site is optimized with the Yoast SEO plugin v27.5 - https:\/\/yoast.com\/product\/yoast-seo-wordpress\/ -->\n<title>\u0160koti: Modri\u0107 nam je brutalno zario no\u017e u srce, ali tako prekrasno da mu opra\u0161tamo - RADIO LJUBU\u0160KI<\/title>\n<meta name=\"robots\" content=\"index, follow, max-snippet:-1, max-image-preview:large, max-video-preview:-1\" \/>\n<link rel=\"canonical\" href=\"https:\/\/radioljubuski.ba\/index.php\/2021\/06\/23\/skoti-modric-nam-je-brutalno-zario-noz-u-srce-ali-tako-prekrasno-da-mu-oprastamo\/\" \/>\n<meta property=\"og:locale\" content=\"hr_HR\" \/>\n<meta property=\"og:type\" content=\"article\" \/>\n<meta property=\"og:title\" content=\"\u0160koti: Modri\u0107 nam je brutalno zario no\u017e u srce, ali tako prekrasno da mu opra\u0161tamo - RADIO LJUBU\u0160KI\" \/>\n<meta property=\"og:description\" content=\"&#8220;Zabio je bode\u017e posred \u0161kotskog srca sino\u0107 na Hampden Parku. Ali Luka Modri\u0107 je to barem u\u010dinio s takvim stilom i umjetno\u0161\u0107u da mu je istovremeno gotovo mogu\u0107e oprostiti.&#8221; Tim re\u010denicama zapo\u010dinje jutro\u0161nji osvrt \u0161kotskog Dailyja Recorda na sino\u0107nji poraz 3:1, koji je Hrvatsku lansirao u osminu finala Eura s drugog mjesta u skupini, a [&hellip;]\" \/>\n<meta property=\"og:url\" content=\"https:\/\/radioljubuski.ba\/index.php\/2021\/06\/23\/skoti-modric-nam-je-brutalno-zario-noz-u-srce-ali-tako-prekrasno-da-mu-oprastamo\/\" \/>\n<meta property=\"og:site_name\" content=\"RADIO LJUBU\u0160KI\" \/>\n<meta property=\"article:publisher\" content=\"https:\/\/www.facebook.com\/Radiio-Ljubuski-1490835324566332\" \/>\n<meta property=\"article:published_time\" content=\"2021-06-23T10:49:45+00:00\" \/>\n<meta property=\"article:modified_time\" content=\"2021-06-23T10:49:46+00:00\" \/>\n<meta property=\"og:image\" content=\"https:\/\/radioljubuski.ba\/wp-content\/uploads\/2021\/06\/1486309.jpeg\" \/>\n\t<meta property=\"og:image:width\" content=\"900\" \/>\n\t<meta property=\"og:image:height\" content=\"540\" \/>\n\t<meta property=\"og:image:type\" content=\"image\/jpeg\" \/>\n<meta name=\"author\" content=\"Radio Ljubu\u0161ki\" \/>\n<meta name=\"twitter:card\" content=\"summary_large_image\" \/>\n<meta name=\"twitter:creator\" content=\"@radioljubuski\" \/>\n<meta name=\"twitter:site\" content=\"@radioljubuski\" \/>\n<meta name=\"twitter:label1\" content=\"Napisao\/la\" \/>\n\t<meta name=\"twitter:data1\" content=\"Radio Ljubu\u0161ki\" \/>\n\t<meta name=\"twitter:label2\" content=\"Procijenjeno vrijeme \u010ditanja\" \/>\n\t<meta name=\"twitter:data2\" content=\"1 minuta\" \/>\n<script type=\"application\/ld+json\" class=\"yoast-schema-graph\">{\"@context\":\"https:\\\/\\\/schema.org\",\"@graph\":[{\"@type\":\"Article\",\"@id\":\"https:\\\/\\\/radioljubuski.ba\\\/index.php\\\/2021\\\/06\\\/23\\\/skoti-modric-nam-je-brutalno-zario-noz-u-srce-ali-tako-prekrasno-da-mu-oprastamo\\\/#article\",\"isPartOf\":{\"@id\":\"https:\\\/\\\/radioljubuski.ba\\\/index.php\\\/2021\\\/06\\\/23\\\/skoti-modric-nam-je-brutalno-zario-noz-u-srce-ali-tako-prekrasno-da-mu-oprastamo\\\/\"},\"author\":{\"name\":\"Radio Ljubu\u0161ki\",\"@id\":\"https:\\\/\\\/radioljubuski.ba\\\/#\\\/schema\\\/person\\\/19fc700381a780f69665d7956c469e3b\"},\"headline\":\"\u0160koti: Modri\u0107 nam je brutalno zario no\u017e u srce, ali tako prekrasno da mu opra\u0161tamo\",\"datePublished\":\"2021-06-23T10:49:45+00:00\",\"dateModified\":\"2021-06-23T10:49:46+00:00\",\"mainEntityOfPage\":{\"@id\":\"https:\\\/\\\/radioljubuski.ba\\\/index.php\\\/2021\\\/06\\\/23\\\/skoti-modric-nam-je-brutalno-zario-noz-u-srce-ali-tako-prekrasno-da-mu-oprastamo\\\/\"},\"wordCount\":267,\"publisher\":{\"@id\":\"https:\\\/\\\/radioljubuski.ba\\\/#organization\"},\"image\":{\"@id\":\"https:\\\/\\\/radioljubuski.ba\\\/index.php\\\/2021\\\/06\\\/23\\\/skoti-modric-nam-je-brutalno-zario-noz-u-srce-ali-tako-prekrasno-da-mu-oprastamo\\\/#primaryimage\"},\"thumbnailUrl\":\"https:\\\/\\\/radioljubuski.ba\\\/wp-content\\\/uploads\\\/2021\\\/06\\\/1486309.jpeg\",\"articleSection\":[\"\u0160port\"],\"inLanguage\":\"hr\"},{\"@type\":\"WebPage\",\"@id\":\"https:\\\/\\\/radioljubuski.ba\\\/index.php\\\/2021\\\/06\\\/23\\\/skoti-modric-nam-je-brutalno-zario-noz-u-srce-ali-tako-prekrasno-da-mu-oprastamo\\\/\",\"url\":\"https:\\\/\\\/radioljubuski.ba\\\/index.php\\\/2021\\\/06\\\/23\\\/skoti-modric-nam-je-brutalno-zario-noz-u-srce-ali-tako-prekrasno-da-mu-oprastamo\\\/\",\"name\":\"\u0160koti: Modri\u0107 nam je brutalno zario no\u017e u srce, ali tako prekrasno da mu opra\u0161tamo - RADIO LJUBU\u0160KI\",\"isPartOf\":{\"@id\":\"https:\\\/\\\/radioljubuski.ba\\\/#website\"},\"primaryImageOfPage\":{\"@id\":\"https:\\\/\\\/radioljubuski.ba\\\/index.php\\\/2021\\\/06\\\/23\\\/skoti-modric-nam-je-brutalno-zario-noz-u-srce-ali-tako-prekrasno-da-mu-oprastamo\\\/#primaryimage\"},\"image\":{\"@id\":\"https:\\\/\\\/radioljubuski.ba\\\/index.php\\\/2021\\\/06\\\/23\\\/skoti-modric-nam-je-brutalno-zario-noz-u-srce-ali-tako-prekrasno-da-mu-oprastamo\\\/#primaryimage\"},\"thumbnailUrl\":\"https:\\\/\\\/radioljubuski.ba\\\/wp-content\\\/uploads\\\/2021\\\/06\\\/1486309.jpeg\",\"datePublished\":\"2021-06-23T10:49:45+00:00\",\"dateModified\":\"2021-06-23T10:49:46+00:00\",\"breadcrumb\":{\"@id\":\"https:\\\/\\\/radioljubuski.ba\\\/index.php\\\/2021\\\/06\\\/23\\\/skoti-modric-nam-je-brutalno-zario-noz-u-srce-ali-tako-prekrasno-da-mu-oprastamo\\\/#breadcrumb\"},\"inLanguage\":\"hr\",\"potentialAction\":[{\"@type\":\"ReadAction\",\"target\":[\"https:\\\/\\\/radioljubuski.ba\\\/index.php\\\/2021\\\/06\\\/23\\\/skoti-modric-nam-je-brutalno-zario-noz-u-srce-ali-tako-prekrasno-da-mu-oprastamo\\\/\"]}]},{\"@type\":\"ImageObject\",\"inLanguage\":\"hr\",\"@id\":\"https:\\\/\\\/radioljubuski.ba\\\/index.php\\\/2021\\\/06\\\/23\\\/skoti-modric-nam-je-brutalno-zario-noz-u-srce-ali-tako-prekrasno-da-mu-oprastamo\\\/#primaryimage\",\"url\":\"https:\\\/\\\/radioljubuski.ba\\\/wp-content\\\/uploads\\\/2021\\\/06\\\/1486309.jpeg\",\"contentUrl\":\"https:\\\/\\\/radioljubuski.ba\\\/wp-content\\\/uploads\\\/2021\\\/06\\\/1486309.jpeg\",\"width\":900,\"height\":540},{\"@type\":\"BreadcrumbList\",\"@id\":\"https:\\\/\\\/radioljubuski.ba\\\/index.php\\\/2021\\\/06\\\/23\\\/skoti-modric-nam-je-brutalno-zario-noz-u-srce-ali-tako-prekrasno-da-mu-oprastamo\\\/#breadcrumb\",\"itemListElement\":[{\"@type\":\"ListItem\",\"position\":1,\"name\":\"Po\u010detna stranica\",\"item\":\"https:\\\/\\\/radioljubuski.ba\\\/\"},{\"@type\":\"ListItem\",\"position\":2,\"name\":\"\u0160koti: Modri\u0107 nam je brutalno zario no\u017e u srce, ali tako prekrasno da mu opra\u0161tamo\"}]},{\"@type\":\"WebSite\",\"@id\":\"https:\\\/\\\/radioljubuski.ba\\\/#website\",\"url\":\"https:\\\/\\\/radioljubuski.ba\\\/\",\"name\":\"Radio Ljubu\u0161ki\",\"description\":\"Sun\u010dana frekvencija Hercegovine\",\"publisher\":{\"@id\":\"https:\\\/\\\/radioljubuski.ba\\\/#organization\"},\"potentialAction\":[{\"@type\":\"SearchAction\",\"target\":{\"@type\":\"EntryPoint\",\"urlTemplate\":\"https:\\\/\\\/radioljubuski.ba\\\/?s={search_term_string}\"},\"query-input\":{\"@type\":\"PropertyValueSpecification\",\"valueRequired\":true,\"valueName\":\"search_term_string\"}}],\"inLanguage\":\"hr\"},{\"@type\":\"Organization\",\"@id\":\"https:\\\/\\\/radioljubuski.ba\\\/#organization\",\"name\":\"Radio Ljubu\u0161ki\",\"url\":\"https:\\\/\\\/radioljubuski.ba\\\/\",\"logo\":{\"@type\":\"ImageObject\",\"inLanguage\":\"hr\",\"@id\":\"https:\\\/\\\/radioljubuski.ba\\\/#\\\/schema\\\/logo\\\/image\\\/\",\"url\":\"https:\\\/\\\/radioljubuski.ba\\\/wp-content\\\/uploads\\\/2021\\\/02\\\/cropped-Radio_Ljubuski_logo1.jpg\",\"contentUrl\":\"https:\\\/\\\/radioljubuski.ba\\\/wp-content\\\/uploads\\\/2021\\\/02\\\/cropped-Radio_Ljubuski_logo1.jpg\",\"width\":512,\"height\":512,\"caption\":\"Radio Ljubu\u0161ki\"},\"image\":{\"@id\":\"https:\\\/\\\/radioljubuski.ba\\\/#\\\/schema\\\/logo\\\/image\\\/\"},\"sameAs\":[\"https:\\\/\\\/www.facebook.com\\\/Radiio-Ljubuski-1490835324566332\",\"https:\\\/\\\/x.com\\\/radioljubuski\",\"https:\\\/\\\/hr.linkedin.com\\\/company\\\/radio-ljubuski\",\"https:\\\/\\\/www.youtube.com\\\/channel\\\/UCHYaeO_n0Db3tjNGudGpXyw\"]},{\"@type\":\"Person\",\"@id\":\"https:\\\/\\\/radioljubuski.ba\\\/#\\\/schema\\\/person\\\/19fc700381a780f69665d7956c469e3b\",\"name\":\"Radio Ljubu\u0161ki\"}]}<\/script>\n<!-- \/ Yoast SEO plugin. -->","yoast_head_json":{"title":"\u0160koti: Modri\u0107 nam je brutalno zario no\u017e u srce, ali tako prekrasno da mu opra\u0161tamo - RADIO LJUBU\u0160KI","robots":{"index":"index","follow":"follow","max-snippet":"max-snippet:-1","max-image-preview":"max-image-preview:large","max-video-preview":"max-video-preview:-1"},"canonical":"https:\/\/radioljubuski.ba\/index.php\/2021\/06\/23\/skoti-modric-nam-je-brutalno-zario-noz-u-srce-ali-tako-prekrasno-da-mu-oprastamo\/","og_locale":"hr_HR","og_type":"article","og_title":"\u0160koti: Modri\u0107 nam je brutalno zario no\u017e u srce, ali tako prekrasno da mu opra\u0161tamo - RADIO LJUBU\u0160KI","og_description":"&#8220;Zabio je bode\u017e posred \u0161kotskog srca sino\u0107 na Hampden Parku. Ali Luka Modri\u0107 je to barem u\u010dinio s takvim stilom i umjetno\u0161\u0107u da mu je istovremeno gotovo mogu\u0107e oprostiti.&#8221; Tim re\u010denicama zapo\u010dinje jutro\u0161nji osvrt \u0161kotskog Dailyja Recorda na sino\u0107nji poraz 3:1, koji je Hrvatsku lansirao u osminu finala Eura s drugog mjesta u skupini, a [&hellip;]","og_url":"https:\/\/radioljubuski.ba\/index.php\/2021\/06\/23\/skoti-modric-nam-je-brutalno-zario-noz-u-srce-ali-tako-prekrasno-da-mu-oprastamo\/","og_site_name":"RADIO LJUBU\u0160KI","article_publisher":"https:\/\/www.facebook.com\/Radiio-Ljubuski-1490835324566332","article_published_time":"2021-06-23T10:49:45+00:00","article_modified_time":"2021-06-23T10:49:46+00:00","og_image":[{"width":900,"height":540,"url":"https:\/\/radioljubuski.ba\/wp-content\/uploads\/2021\/06\/1486309.jpeg","type":"image\/jpeg"}],"author":"Radio Ljubu\u0161ki","twitter_card":"summary_large_image","twitter_creator":"@radioljubuski","twitter_site":"@radioljubuski","twitter_misc":{"Napisao\/la":"Radio Ljubu\u0161ki","Procijenjeno vrijeme \u010ditanja":"1 minuta"},"schema":{"@context":"https:\/\/schema.org","@graph":[{"@type":"Article","@id":"https:\/\/radioljubuski.ba\/index.php\/2021\/06\/23\/skoti-modric-nam-je-brutalno-zario-noz-u-srce-ali-tako-prekrasno-da-mu-oprastamo\/#article","isPartOf":{"@id":"https:\/\/radioljubuski.ba\/index.php\/2021\/06\/23\/skoti-modric-nam-je-brutalno-zario-noz-u-srce-ali-tako-prekrasno-da-mu-oprastamo\/"},"author":{"name":"Radio Ljubu\u0161ki","@id":"https:\/\/radioljubuski.ba\/#\/schema\/person\/19fc700381a780f69665d7956c469e3b"},"headline":"\u0160koti: Modri\u0107 nam je brutalno zario no\u017e u srce, ali tako prekrasno da mu opra\u0161tamo","datePublished":"2021-06-23T10:49:45+00:00","dateModified":"2021-06-23T10:49:46+00:00","mainEntityOfPage":{"@id":"https:\/\/radioljubuski.ba\/index.php\/2021\/06\/23\/skoti-modric-nam-je-brutalno-zario-noz-u-srce-ali-tako-prekrasno-da-mu-oprastamo\/"},"wordCount":267,"publisher":{"@id":"https:\/\/radioljubuski.ba\/#organization"},"image":{"@id":"https:\/\/radioljubuski.ba\/index.php\/2021\/06\/23\/skoti-modric-nam-je-brutalno-zario-noz-u-srce-ali-tako-prekrasno-da-mu-oprastamo\/#primaryimage"},"thumbnailUrl":"https:\/\/radioljubuski.ba\/wp-content\/uploads\/2021\/06\/1486309.jpeg","articleSection":["\u0160port"],"inLanguage":"hr"},{"@type":"WebPage","@id":"https:\/\/radioljubuski.ba\/index.php\/2021\/06\/23\/skoti-modric-nam-je-brutalno-zario-noz-u-srce-ali-tako-prekrasno-da-mu-oprastamo\/","url":"https:\/\/radioljubuski.ba\/index.php\/2021\/06\/23\/skoti-modric-nam-je-brutalno-zario-noz-u-srce-ali-tako-prekrasno-da-mu-oprastamo\/","name":"\u0160koti: Modri\u0107 nam je brutalno zario no\u017e u srce, ali tako prekrasno da mu opra\u0161tamo - RADIO LJUBU\u0160KI","isPartOf":{"@id":"https:\/\/radioljubuski.ba\/#website"},"primaryImageOfPage":{"@id":"https:\/\/radioljubuski.ba\/index.php\/2021\/06\/23\/skoti-modric-nam-je-brutalno-zario-noz-u-srce-ali-tako-prekrasno-da-mu-oprastamo\/#primaryimage"},"image":{"@id":"https:\/\/radioljubuski.ba\/index.php\/2021\/06\/23\/skoti-modric-nam-je-brutalno-zario-noz-u-srce-ali-tako-prekrasno-da-mu-oprastamo\/#primaryimage"},"thumbnailUrl":"https:\/\/radioljubuski.ba\/wp-content\/uploads\/2021\/06\/1486309.jpeg","datePublished":"2021-06-23T10:49:45+00:00","dateModified":"2021-06-23T10:49:46+00:00","breadcrumb":{"@id":"https:\/\/radioljubuski.ba\/index.php\/2021\/06\/23\/skoti-modric-nam-je-brutalno-zario-noz-u-srce-ali-tako-prekrasno-da-mu-oprastamo\/#breadcrumb"},"inLanguage":"hr","potentialAction":[{"@type":"ReadAction","target":["https:\/\/radioljubuski.ba\/index.php\/2021\/06\/23\/skoti-modric-nam-je-brutalno-zario-noz-u-srce-ali-tako-prekrasno-da-mu-oprastamo\/"]}]},{"@type":"ImageObject","inLanguage":"hr","@id":"https:\/\/radioljubuski.ba\/index.php\/2021\/06\/23\/skoti-modric-nam-je-brutalno-zario-noz-u-srce-ali-tako-prekrasno-da-mu-oprastamo\/#primaryimage","url":"https:\/\/radioljubuski.ba\/wp-content\/uploads\/2021\/06\/1486309.jpeg","contentUrl":"https:\/\/radioljubuski.ba\/wp-content\/uploads\/2021\/06\/1486309.jpeg","width":900,"height":540},{"@type":"BreadcrumbList","@id":"https:\/\/radioljubuski.ba\/index.php\/2021\/06\/23\/skoti-modric-nam-je-brutalno-zario-noz-u-srce-ali-tako-prekrasno-da-mu-oprastamo\/#breadcrumb","itemListElement":[{"@type":"ListItem","position":1,"name":"Po\u010detna stranica","item":"https:\/\/radioljubuski.ba\/"},{"@type":"ListItem","position":2,"name":"\u0160koti: Modri\u0107 nam je brutalno zario no\u017e u srce, ali tako prekrasno da mu opra\u0161tamo"}]},{"@type":"WebSite","@id":"https:\/\/radioljubuski.ba\/#website","url":"https:\/\/radioljubuski.ba\/","name":"Radio Ljubu\u0161ki","description":"Sun\u010dana frekvencija Hercegovine","publisher":{"@id":"https:\/\/radioljubuski.ba\/#organization"},"potentialAction":[{"@type":"SearchAction","target":{"@type":"EntryPoint","urlTemplate":"https:\/\/radioljubuski.ba\/?s={search_term_string}"},"query-input":{"@type":"PropertyValueSpecification","valueRequired":true,"valueName":"search_term_string"}}],"inLanguage":"hr"},{"@type":"Organization","@id":"https:\/\/radioljubuski.ba\/#organization","name":"Radio Ljubu\u0161ki","url":"https:\/\/radioljubuski.ba\/","logo":{"@type":"ImageObject","inLanguage":"hr","@id":"https:\/\/radioljubuski.ba\/#\/schema\/logo\/image\/","url":"https:\/\/radioljubuski.ba\/wp-content\/uploads\/2021\/02\/cropped-Radio_Ljubuski_logo1.jpg","contentUrl":"https:\/\/radioljubuski.ba\/wp-content\/uploads\/2021\/02\/cropped-Radio_Ljubuski_logo1.jpg","width":512,"height":512,"caption":"Radio Ljubu\u0161ki"},"image":{"@id":"https:\/\/radioljubuski.ba\/#\/schema\/logo\/image\/"},"sameAs":["https:\/\/www.facebook.com\/Radiio-Ljubuski-1490835324566332","https:\/\/x.com\/radioljubuski","https:\/\/hr.linkedin.com\/company\/radio-ljubuski","https:\/\/www.youtube.com\/channel\/UCHYaeO_n0Db3tjNGudGpXyw"]},{"@type":"Person","@id":"https:\/\/radioljubuski.ba\/#\/schema\/person\/19fc700381a780f69665d7956c469e3b","name":"Radio Ljubu\u0161ki"}]}},"_links":{"self":[{"href":"https:\/\/radioljubuski.ba\/index.php\/wp-json\/wp\/v2\/posts\/35161","targetHints":{"allow":["GET"]}}],"collection":[{"href":"https:\/\/radioljubuski.ba\/index.php\/wp-json\/wp\/v2\/posts"}],"about":[{"href":"https:\/\/radioljubuski.ba\/index.php\/wp-json\/wp\/v2\/types\/post"}],"author":[{"embeddable":true,"href":"https:\/\/radioljubuski.ba\/index.php\/wp-json\/wp\/v2\/users\/2"}],"replies":[{"embeddable":true,"href":"https:\/\/radioljubuski.ba\/index.php\/wp-json\/wp\/v2\/comments?post=35161"}],"version-history":[{"count":1,"href":"https:\/\/radioljubuski.ba\/index.php\/wp-json\/wp\/v2\/posts\/35161\/revisions"}],"predecessor-version":[{"id":35163,"href":"https:\/\/radioljubuski.ba\/index.php\/wp-json\/wp\/v2\/posts\/35161\/revisions\/35163"}],"wp:featuredmedia":[{"embeddable":true,"href":"https:\/\/radioljubuski.ba\/index.php\/wp-json\/wp\/v2\/media\/35162"}],"wp:attachment":[{"href":"https:\/\/radioljubuski.ba\/index.php\/wp-json\/wp\/v2\/media?parent=35161"}],"wp:term":[{"taxonomy":"category","embeddable":true,"href":"https:\/\/radioljubuski.ba\/index.php\/wp-json\/wp\/v2\/categories?post=35161"},{"taxonomy":"post_tag","embeddable":true,"href":"https:\/\/radioljubuski.ba\/index.php\/wp-json\/wp\/v2\/tags?post=35161"}],"curies":[{"name":"wp","href":"https:\/\/api.w.org\/{rel}","templated":true}]}}