{"id":352,"date":"2021-02-26T08:37:52","date_gmt":"2021-02-26T08:37:52","guid":{"rendered":"https:\/\/radioljubuski.ba\/?p=352"},"modified":"2021-02-26T08:37:53","modified_gmt":"2021-02-26T08:37:53","slug":"ljubusak-nasmijao-doznakom-za-prijelaz-preko-granice","status":"publish","type":"post","link":"https:\/\/radioljubuski.ba\/index.php\/2021\/02\/26\/ljubusak-nasmijao-doznakom-za-prijelaz-preko-granice\/","title":{"rendered":"Ljubu\u0161ak nasmijao doznakom za prijelaz preko granice"},"content":{"rendered":"\n<p><strong>U doba korone i strogih mjera pri prelasku granice brojne su muke ljudi koji \u017eive u pograni\u010dnim dijelovima Hercegovine i Ju\u017ene Dalmacije.<\/strong><\/p>\n\n\n\n<p>Opao je dru\u0161tveni \u017eivot, turizam, gospodarske aktivnosti su usporene, ali opet&nbsp;ljudi se poku\u0161avaju na razne na\u010dine snalaziti.&nbsp;<\/p>\n\n\n\n<p>Popularna Facebook stranica&nbsp;Imocki crnjaci&nbsp;objavila je fotografiju dopisa hercegova\u010dkog poduzetnika&nbsp;Slobodana Tomi\u0107a, koji je na \u0161aljiv na\u010din zamolio da se \u201cmala Mrimina pusti priko granice\u201d<\/p>\n\n\n\n<p>\u0110ava ga lipi odnija&nbsp;ta ne\u0107e vaka lipa bit zara\u017eena.&nbsp;Kuvala kola\u010de za nas u Ljubu\u0161kom, ako vas put nanese u Kerametal svratite na urma\u0161ice. Tribala bi za vidila do\u0107 u Zagreb,&nbsp;napisao je izme\u0111u ostaloga Tomi\u0107.<\/p>\n\n\n\n<p>Na kraju je poru\u010dio da nema ni\u0161ta za prijavit.<\/p>\n\n\n\n<p>Ova \u0161aljiva doznaka, izazvala je lavine komentara i reakcija na Facebooku, a mnogi su se upitali \u0161to je dalje bilo,\u00a0je li mala Mrmina stvarno pre\u0161la preko granice.\u00a0<\/p>\n\n\n\n<figure class=\"wp-block-embed is-type-rich is-provider-facebook wp-block-embed-facebook\"><div class=\"wp-block-embed__wrapper\">\nhttps:\/\/www.facebook.com\/imockicrnjaci\/posts\/3718463871525517\n<\/div><\/figure>\n\n\n\n<p><strong>Izvor: Iks-portal.info<\/strong><\/p>\n","protected":false},"excerpt":{"rendered":"<p>U doba korone i strogih mjera pri prelasku granice brojne su muke ljudi koji \u017eive u pograni\u010dnim dijelovima Hercegovine i Ju\u017ene Dalmacije. Opao je dru\u0161tveni \u017eivot, turizam, gospodarske aktivnosti su usporene, ali opet&nbsp;ljudi se poku\u0161avaju na razne na\u010dine snalaziti.&nbsp; Popularna Facebook stranica&nbsp;Imocki crnjaci&nbsp;objavila je fotografiju dopisa hercegova\u010dkog poduzetnika&nbsp;Slobodana Tomi\u0107a, koji je na \u0161aljiv na\u010din zamolio [&hellip;]<\/p>\n","protected":false},"author":2,"featured_media":353,"comment_status":"closed","ping_status":"closed","sticky":false,"template":"","format":"standard","meta":{"h5ap_radio_sources":[],"footnotes":""},"categories":[3],"tags":[],"class_list":["post-352","post","type-post","status-publish","format-standard","has-post-thumbnail","hentry","category-ljubuski"],"yoast_head":"<!-- This site is optimized with the Yoast SEO plugin v27.5 - https:\/\/yoast.com\/product\/yoast-seo-wordpress\/ -->\n<title>Ljubu\u0161ak nasmijao doznakom za prijelaz preko granice - RADIO LJUBU\u0160KI<\/title>\n<meta name=\"robots\" content=\"index, follow, max-snippet:-1, max-image-preview:large, max-video-preview:-1\" \/>\n<link rel=\"canonical\" href=\"https:\/\/radioljubuski.ba\/index.php\/2021\/02\/26\/ljubusak-nasmijao-doznakom-za-prijelaz-preko-granice\/\" \/>\n<meta property=\"og:locale\" content=\"hr_HR\" \/>\n<meta property=\"og:type\" content=\"article\" \/>\n<meta property=\"og:title\" content=\"Ljubu\u0161ak nasmijao doznakom za prijelaz preko granice - RADIO LJUBU\u0160KI\" \/>\n<meta property=\"og:description\" content=\"U doba korone i strogih mjera pri prelasku granice brojne su muke ljudi koji \u017eive u pograni\u010dnim dijelovima Hercegovine i Ju\u017ene Dalmacije. Opao je dru\u0161tveni \u017eivot, turizam, gospodarske aktivnosti su usporene, ali opet&nbsp;ljudi se poku\u0161avaju na razne na\u010dine snalaziti.&nbsp; Popularna Facebook stranica&nbsp;Imocki crnjaci&nbsp;objavila je fotografiju dopisa hercegova\u010dkog poduzetnika&nbsp;Slobodana Tomi\u0107a, koji je na \u0161aljiv na\u010din zamolio [&hellip;]\" \/>\n<meta property=\"og:url\" content=\"https:\/\/radioljubuski.ba\/index.php\/2021\/02\/26\/ljubusak-nasmijao-doznakom-za-prijelaz-preko-granice\/\" \/>\n<meta property=\"og:site_name\" content=\"RADIO LJUBU\u0160KI\" \/>\n<meta property=\"article:publisher\" content=\"https:\/\/www.facebook.com\/Radiio-Ljubuski-1490835324566332\" \/>\n<meta property=\"article:published_time\" content=\"2021-02-26T08:37:52+00:00\" \/>\n<meta property=\"article:modified_time\" content=\"2021-02-26T08:37:53+00:00\" \/>\n<meta property=\"og:image\" content=\"https:\/\/radioljubuski.ba\/wp-content\/uploads\/2021\/02\/doznaka.jpg\" \/>\n\t<meta property=\"og:image:width\" content=\"1024\" \/>\n\t<meta property=\"og:image:height\" content=\"676\" \/>\n\t<meta property=\"og:image:type\" content=\"image\/jpeg\" \/>\n<meta name=\"author\" content=\"Radio Ljubu\u0161ki\" \/>\n<meta name=\"twitter:card\" content=\"summary_large_image\" \/>\n<meta name=\"twitter:creator\" content=\"@radioljubuski\" \/>\n<meta name=\"twitter:site\" content=\"@radioljubuski\" \/>\n<meta name=\"twitter:label1\" content=\"Napisao\/la\" \/>\n\t<meta name=\"twitter:data1\" content=\"Radio Ljubu\u0161ki\" \/>\n\t<meta name=\"twitter:label2\" content=\"Procijenjeno vrijeme \u010ditanja\" \/>\n\t<meta name=\"twitter:data2\" content=\"1 minuta\" \/>\n<script type=\"application\/ld+json\" class=\"yoast-schema-graph\">{\"@context\":\"https:\\\/\\\/schema.org\",\"@graph\":[{\"@type\":\"Article\",\"@id\":\"https:\\\/\\\/radioljubuski.ba\\\/index.php\\\/2021\\\/02\\\/26\\\/ljubusak-nasmijao-doznakom-za-prijelaz-preko-granice\\\/#article\",\"isPartOf\":{\"@id\":\"https:\\\/\\\/radioljubuski.ba\\\/index.php\\\/2021\\\/02\\\/26\\\/ljubusak-nasmijao-doznakom-za-prijelaz-preko-granice\\\/\"},\"author\":{\"name\":\"Radio Ljubu\u0161ki\",\"@id\":\"https:\\\/\\\/radioljubuski.ba\\\/#\\\/schema\\\/person\\\/19fc700381a780f69665d7956c469e3b\"},\"headline\":\"Ljubu\u0161ak nasmijao doznakom za prijelaz preko granice\",\"datePublished\":\"2021-02-26T08:37:52+00:00\",\"dateModified\":\"2021-02-26T08:37:53+00:00\",\"mainEntityOfPage\":{\"@id\":\"https:\\\/\\\/radioljubuski.ba\\\/index.php\\\/2021\\\/02\\\/26\\\/ljubusak-nasmijao-doznakom-za-prijelaz-preko-granice\\\/\"},\"wordCount\":182,\"publisher\":{\"@id\":\"https:\\\/\\\/radioljubuski.ba\\\/#organization\"},\"image\":{\"@id\":\"https:\\\/\\\/radioljubuski.ba\\\/index.php\\\/2021\\\/02\\\/26\\\/ljubusak-nasmijao-doznakom-za-prijelaz-preko-granice\\\/#primaryimage\"},\"thumbnailUrl\":\"https:\\\/\\\/radioljubuski.ba\\\/wp-content\\\/uploads\\\/2021\\\/02\\\/doznaka.jpg\",\"articleSection\":[\"Ljubu\u0161ki\"],\"inLanguage\":\"hr\"},{\"@type\":\"WebPage\",\"@id\":\"https:\\\/\\\/radioljubuski.ba\\\/index.php\\\/2021\\\/02\\\/26\\\/ljubusak-nasmijao-doznakom-za-prijelaz-preko-granice\\\/\",\"url\":\"https:\\\/\\\/radioljubuski.ba\\\/index.php\\\/2021\\\/02\\\/26\\\/ljubusak-nasmijao-doznakom-za-prijelaz-preko-granice\\\/\",\"name\":\"Ljubu\u0161ak nasmijao doznakom za prijelaz preko granice - RADIO LJUBU\u0160KI\",\"isPartOf\":{\"@id\":\"https:\\\/\\\/radioljubuski.ba\\\/#website\"},\"primaryImageOfPage\":{\"@id\":\"https:\\\/\\\/radioljubuski.ba\\\/index.php\\\/2021\\\/02\\\/26\\\/ljubusak-nasmijao-doznakom-za-prijelaz-preko-granice\\\/#primaryimage\"},\"image\":{\"@id\":\"https:\\\/\\\/radioljubuski.ba\\\/index.php\\\/2021\\\/02\\\/26\\\/ljubusak-nasmijao-doznakom-za-prijelaz-preko-granice\\\/#primaryimage\"},\"thumbnailUrl\":\"https:\\\/\\\/radioljubuski.ba\\\/wp-content\\\/uploads\\\/2021\\\/02\\\/doznaka.jpg\",\"datePublished\":\"2021-02-26T08:37:52+00:00\",\"dateModified\":\"2021-02-26T08:37:53+00:00\",\"breadcrumb\":{\"@id\":\"https:\\\/\\\/radioljubuski.ba\\\/index.php\\\/2021\\\/02\\\/26\\\/ljubusak-nasmijao-doznakom-za-prijelaz-preko-granice\\\/#breadcrumb\"},\"inLanguage\":\"hr\",\"potentialAction\":[{\"@type\":\"ReadAction\",\"target\":[\"https:\\\/\\\/radioljubuski.ba\\\/index.php\\\/2021\\\/02\\\/26\\\/ljubusak-nasmijao-doznakom-za-prijelaz-preko-granice\\\/\"]}]},{\"@type\":\"ImageObject\",\"inLanguage\":\"hr\",\"@id\":\"https:\\\/\\\/radioljubuski.ba\\\/index.php\\\/2021\\\/02\\\/26\\\/ljubusak-nasmijao-doznakom-za-prijelaz-preko-granice\\\/#primaryimage\",\"url\":\"https:\\\/\\\/radioljubuski.ba\\\/wp-content\\\/uploads\\\/2021\\\/02\\\/doznaka.jpg\",\"contentUrl\":\"https:\\\/\\\/radioljubuski.ba\\\/wp-content\\\/uploads\\\/2021\\\/02\\\/doznaka.jpg\",\"width\":1024,\"height\":676},{\"@type\":\"BreadcrumbList\",\"@id\":\"https:\\\/\\\/radioljubuski.ba\\\/index.php\\\/2021\\\/02\\\/26\\\/ljubusak-nasmijao-doznakom-za-prijelaz-preko-granice\\\/#breadcrumb\",\"itemListElement\":[{\"@type\":\"ListItem\",\"position\":1,\"name\":\"Po\u010detna stranica\",\"item\":\"https:\\\/\\\/radioljubuski.ba\\\/\"},{\"@type\":\"ListItem\",\"position\":2,\"name\":\"Ljubu\u0161ak nasmijao doznakom za prijelaz preko granice\"}]},{\"@type\":\"WebSite\",\"@id\":\"https:\\\/\\\/radioljubuski.ba\\\/#website\",\"url\":\"https:\\\/\\\/radioljubuski.ba\\\/\",\"name\":\"Radio Ljubu\u0161ki\",\"description\":\"Sun\u010dana frekvencija Hercegovine\",\"publisher\":{\"@id\":\"https:\\\/\\\/radioljubuski.ba\\\/#organization\"},\"potentialAction\":[{\"@type\":\"SearchAction\",\"target\":{\"@type\":\"EntryPoint\",\"urlTemplate\":\"https:\\\/\\\/radioljubuski.ba\\\/?s={search_term_string}\"},\"query-input\":{\"@type\":\"PropertyValueSpecification\",\"valueRequired\":true,\"valueName\":\"search_term_string\"}}],\"inLanguage\":\"hr\"},{\"@type\":\"Organization\",\"@id\":\"https:\\\/\\\/radioljubuski.ba\\\/#organization\",\"name\":\"Radio Ljubu\u0161ki\",\"url\":\"https:\\\/\\\/radioljubuski.ba\\\/\",\"logo\":{\"@type\":\"ImageObject\",\"inLanguage\":\"hr\",\"@id\":\"https:\\\/\\\/radioljubuski.ba\\\/#\\\/schema\\\/logo\\\/image\\\/\",\"url\":\"https:\\\/\\\/radioljubuski.ba\\\/wp-content\\\/uploads\\\/2021\\\/02\\\/cropped-Radio_Ljubuski_logo1.jpg\",\"contentUrl\":\"https:\\\/\\\/radioljubuski.ba\\\/wp-content\\\/uploads\\\/2021\\\/02\\\/cropped-Radio_Ljubuski_logo1.jpg\",\"width\":512,\"height\":512,\"caption\":\"Radio Ljubu\u0161ki\"},\"image\":{\"@id\":\"https:\\\/\\\/radioljubuski.ba\\\/#\\\/schema\\\/logo\\\/image\\\/\"},\"sameAs\":[\"https:\\\/\\\/www.facebook.com\\\/Radiio-Ljubuski-1490835324566332\",\"https:\\\/\\\/x.com\\\/radioljubuski\",\"https:\\\/\\\/hr.linkedin.com\\\/company\\\/radio-ljubuski\",\"https:\\\/\\\/www.youtube.com\\\/channel\\\/UCHYaeO_n0Db3tjNGudGpXyw\"]},{\"@type\":\"Person\",\"@id\":\"https:\\\/\\\/radioljubuski.ba\\\/#\\\/schema\\\/person\\\/19fc700381a780f69665d7956c469e3b\",\"name\":\"Radio Ljubu\u0161ki\"}]}<\/script>\n<!-- \/ Yoast SEO plugin. -->","yoast_head_json":{"title":"Ljubu\u0161ak nasmijao doznakom za prijelaz preko granice - RADIO LJUBU\u0160KI","robots":{"index":"index","follow":"follow","max-snippet":"max-snippet:-1","max-image-preview":"max-image-preview:large","max-video-preview":"max-video-preview:-1"},"canonical":"https:\/\/radioljubuski.ba\/index.php\/2021\/02\/26\/ljubusak-nasmijao-doznakom-za-prijelaz-preko-granice\/","og_locale":"hr_HR","og_type":"article","og_title":"Ljubu\u0161ak nasmijao doznakom za prijelaz preko granice - RADIO LJUBU\u0160KI","og_description":"U doba korone i strogih mjera pri prelasku granice brojne su muke ljudi koji \u017eive u pograni\u010dnim dijelovima Hercegovine i Ju\u017ene Dalmacije. Opao je dru\u0161tveni \u017eivot, turizam, gospodarske aktivnosti su usporene, ali opet&nbsp;ljudi se poku\u0161avaju na razne na\u010dine snalaziti.&nbsp; Popularna Facebook stranica&nbsp;Imocki crnjaci&nbsp;objavila je fotografiju dopisa hercegova\u010dkog poduzetnika&nbsp;Slobodana Tomi\u0107a, koji je na \u0161aljiv na\u010din zamolio [&hellip;]","og_url":"https:\/\/radioljubuski.ba\/index.php\/2021\/02\/26\/ljubusak-nasmijao-doznakom-za-prijelaz-preko-granice\/","og_site_name":"RADIO LJUBU\u0160KI","article_publisher":"https:\/\/www.facebook.com\/Radiio-Ljubuski-1490835324566332","article_published_time":"2021-02-26T08:37:52+00:00","article_modified_time":"2021-02-26T08:37:53+00:00","og_image":[{"width":1024,"height":676,"url":"https:\/\/radioljubuski.ba\/wp-content\/uploads\/2021\/02\/doznaka.jpg","type":"image\/jpeg"}],"author":"Radio Ljubu\u0161ki","twitter_card":"summary_large_image","twitter_creator":"@radioljubuski","twitter_site":"@radioljubuski","twitter_misc":{"Napisao\/la":"Radio Ljubu\u0161ki","Procijenjeno vrijeme \u010ditanja":"1 minuta"},"schema":{"@context":"https:\/\/schema.org","@graph":[{"@type":"Article","@id":"https:\/\/radioljubuski.ba\/index.php\/2021\/02\/26\/ljubusak-nasmijao-doznakom-za-prijelaz-preko-granice\/#article","isPartOf":{"@id":"https:\/\/radioljubuski.ba\/index.php\/2021\/02\/26\/ljubusak-nasmijao-doznakom-za-prijelaz-preko-granice\/"},"author":{"name":"Radio Ljubu\u0161ki","@id":"https:\/\/radioljubuski.ba\/#\/schema\/person\/19fc700381a780f69665d7956c469e3b"},"headline":"Ljubu\u0161ak nasmijao doznakom za prijelaz preko granice","datePublished":"2021-02-26T08:37:52+00:00","dateModified":"2021-02-26T08:37:53+00:00","mainEntityOfPage":{"@id":"https:\/\/radioljubuski.ba\/index.php\/2021\/02\/26\/ljubusak-nasmijao-doznakom-za-prijelaz-preko-granice\/"},"wordCount":182,"publisher":{"@id":"https:\/\/radioljubuski.ba\/#organization"},"image":{"@id":"https:\/\/radioljubuski.ba\/index.php\/2021\/02\/26\/ljubusak-nasmijao-doznakom-za-prijelaz-preko-granice\/#primaryimage"},"thumbnailUrl":"https:\/\/radioljubuski.ba\/wp-content\/uploads\/2021\/02\/doznaka.jpg","articleSection":["Ljubu\u0161ki"],"inLanguage":"hr"},{"@type":"WebPage","@id":"https:\/\/radioljubuski.ba\/index.php\/2021\/02\/26\/ljubusak-nasmijao-doznakom-za-prijelaz-preko-granice\/","url":"https:\/\/radioljubuski.ba\/index.php\/2021\/02\/26\/ljubusak-nasmijao-doznakom-za-prijelaz-preko-granice\/","name":"Ljubu\u0161ak nasmijao doznakom za prijelaz preko granice - RADIO LJUBU\u0160KI","isPartOf":{"@id":"https:\/\/radioljubuski.ba\/#website"},"primaryImageOfPage":{"@id":"https:\/\/radioljubuski.ba\/index.php\/2021\/02\/26\/ljubusak-nasmijao-doznakom-za-prijelaz-preko-granice\/#primaryimage"},"image":{"@id":"https:\/\/radioljubuski.ba\/index.php\/2021\/02\/26\/ljubusak-nasmijao-doznakom-za-prijelaz-preko-granice\/#primaryimage"},"thumbnailUrl":"https:\/\/radioljubuski.ba\/wp-content\/uploads\/2021\/02\/doznaka.jpg","datePublished":"2021-02-26T08:37:52+00:00","dateModified":"2021-02-26T08:37:53+00:00","breadcrumb":{"@id":"https:\/\/radioljubuski.ba\/index.php\/2021\/02\/26\/ljubusak-nasmijao-doznakom-za-prijelaz-preko-granice\/#breadcrumb"},"inLanguage":"hr","potentialAction":[{"@type":"ReadAction","target":["https:\/\/radioljubuski.ba\/index.php\/2021\/02\/26\/ljubusak-nasmijao-doznakom-za-prijelaz-preko-granice\/"]}]},{"@type":"ImageObject","inLanguage":"hr","@id":"https:\/\/radioljubuski.ba\/index.php\/2021\/02\/26\/ljubusak-nasmijao-doznakom-za-prijelaz-preko-granice\/#primaryimage","url":"https:\/\/radioljubuski.ba\/wp-content\/uploads\/2021\/02\/doznaka.jpg","contentUrl":"https:\/\/radioljubuski.ba\/wp-content\/uploads\/2021\/02\/doznaka.jpg","width":1024,"height":676},{"@type":"BreadcrumbList","@id":"https:\/\/radioljubuski.ba\/index.php\/2021\/02\/26\/ljubusak-nasmijao-doznakom-za-prijelaz-preko-granice\/#breadcrumb","itemListElement":[{"@type":"ListItem","position":1,"name":"Po\u010detna stranica","item":"https:\/\/radioljubuski.ba\/"},{"@type":"ListItem","position":2,"name":"Ljubu\u0161ak nasmijao doznakom za prijelaz preko granice"}]},{"@type":"WebSite","@id":"https:\/\/radioljubuski.ba\/#website","url":"https:\/\/radioljubuski.ba\/","name":"Radio Ljubu\u0161ki","description":"Sun\u010dana frekvencija Hercegovine","publisher":{"@id":"https:\/\/radioljubuski.ba\/#organization"},"potentialAction":[{"@type":"SearchAction","target":{"@type":"EntryPoint","urlTemplate":"https:\/\/radioljubuski.ba\/?s={search_term_string}"},"query-input":{"@type":"PropertyValueSpecification","valueRequired":true,"valueName":"search_term_string"}}],"inLanguage":"hr"},{"@type":"Organization","@id":"https:\/\/radioljubuski.ba\/#organization","name":"Radio Ljubu\u0161ki","url":"https:\/\/radioljubuski.ba\/","logo":{"@type":"ImageObject","inLanguage":"hr","@id":"https:\/\/radioljubuski.ba\/#\/schema\/logo\/image\/","url":"https:\/\/radioljubuski.ba\/wp-content\/uploads\/2021\/02\/cropped-Radio_Ljubuski_logo1.jpg","contentUrl":"https:\/\/radioljubuski.ba\/wp-content\/uploads\/2021\/02\/cropped-Radio_Ljubuski_logo1.jpg","width":512,"height":512,"caption":"Radio Ljubu\u0161ki"},"image":{"@id":"https:\/\/radioljubuski.ba\/#\/schema\/logo\/image\/"},"sameAs":["https:\/\/www.facebook.com\/Radiio-Ljubuski-1490835324566332","https:\/\/x.com\/radioljubuski","https:\/\/hr.linkedin.com\/company\/radio-ljubuski","https:\/\/www.youtube.com\/channel\/UCHYaeO_n0Db3tjNGudGpXyw"]},{"@type":"Person","@id":"https:\/\/radioljubuski.ba\/#\/schema\/person\/19fc700381a780f69665d7956c469e3b","name":"Radio Ljubu\u0161ki"}]}},"_links":{"self":[{"href":"https:\/\/radioljubuski.ba\/index.php\/wp-json\/wp\/v2\/posts\/352","targetHints":{"allow":["GET"]}}],"collection":[{"href":"https:\/\/radioljubuski.ba\/index.php\/wp-json\/wp\/v2\/posts"}],"about":[{"href":"https:\/\/radioljubuski.ba\/index.php\/wp-json\/wp\/v2\/types\/post"}],"author":[{"embeddable":true,"href":"https:\/\/radioljubuski.ba\/index.php\/wp-json\/wp\/v2\/users\/2"}],"replies":[{"embeddable":true,"href":"https:\/\/radioljubuski.ba\/index.php\/wp-json\/wp\/v2\/comments?post=352"}],"version-history":[{"count":1,"href":"https:\/\/radioljubuski.ba\/index.php\/wp-json\/wp\/v2\/posts\/352\/revisions"}],"predecessor-version":[{"id":354,"href":"https:\/\/radioljubuski.ba\/index.php\/wp-json\/wp\/v2\/posts\/352\/revisions\/354"}],"wp:featuredmedia":[{"embeddable":true,"href":"https:\/\/radioljubuski.ba\/index.php\/wp-json\/wp\/v2\/media\/353"}],"wp:attachment":[{"href":"https:\/\/radioljubuski.ba\/index.php\/wp-json\/wp\/v2\/media?parent=352"}],"wp:term":[{"taxonomy":"category","embeddable":true,"href":"https:\/\/radioljubuski.ba\/index.php\/wp-json\/wp\/v2\/categories?post=352"},{"taxonomy":"post_tag","embeddable":true,"href":"https:\/\/radioljubuski.ba\/index.php\/wp-json\/wp\/v2\/tags?post=352"}],"curies":[{"name":"wp","href":"https:\/\/api.w.org\/{rel}","templated":true}]}}