{"id":35247,"date":"2021-06-23T23:35:05","date_gmt":"2021-06-23T22:35:05","guid":{"rendered":"https:\/\/radioljubuski.ba\/?p=35247"},"modified":"2021-06-23T23:35:06","modified_gmt":"2021-06-23T22:35:06","slug":"cvitanovic-neskromni-smo-premali-smo-da-bi-stalno-bili-na-vrhu","status":"publish","type":"post","link":"https:\/\/radioljubuski.ba\/index.php\/2021\/06\/23\/cvitanovic-neskromni-smo-premali-smo-da-bi-stalno-bili-na-vrhu\/","title":{"rendered":"Cvitanovi\u0107: Neskromni smo, premali smo da bi stalno bili na vrhu"},"content":{"rendered":"\n<p><strong>Nogometni san u kojega su mnogi posumnjali nakon prve dvije utakmice po\u010deo se doga\u0111ati, hrvatska nogometna reprezentacija odigrala je odli\u010dnu utakmicu i izborila osminu finala Europskog prvenstva. Bio je to dugi isticani prvi i osnovni cilj Zlatka Dali\u0107a i njegove dru\u017eine, no sada i oni i navija\u010di \u017eele vi\u0161e. O tome je u sredi\u0161njem Dnevniku sa Zrinkom Grancari\u0107&nbsp; pri\u010dao Igor Cvitanovi\u0107.<\/strong><\/p>\n\n\n\n<p>&#8211; Vjerojatno su i ove dvije lo\u0161e utakmice ponukale igra\u010de da odr\u017ee sastanak i dodatno se motiviraju. Mi smo svi vjerovali u njih, samo je pitanje vremena bilo kad \u0107e oni kliknuti i pokazati pravo lice. Ovo je bio dobar put i vjerujem da \u0107e nas ova Hrvatska i dalje uveseljavati.<\/p>\n\n\n\n<p><strong>Izbornik je znao \u0161to \u017eeli<\/strong><\/p>\n\n\n\n<p>&#8211; Izbornik je to\u010dno znao \u0161to \u017eeli. Puno puta sam rekao da ljudi koji du\u017ee vremena rade s ekipom, koj isu svaki dan s njom, znaju u kojem trenutku \u0107e staviti kojeg igra\u010da. Treba vjerovati izborniku da je na\u0161ao pravu formulu. U prve dvije utakmice nije bilo dobro, ali u tre\u0107oj je bilo odli\u010dno. Vla\u0161i\u0107 je bio igra\u010d utakmice, ali cijela ekipa je djelovala dobro i onda pojedinac isko\u010di.<\/p>\n\n\n\n<p>Tko \u0107e u osmini finala zaigrati umjesto &#8220;po\u017eutjelog&#8221;&nbsp;<strong>Lovren<\/strong>a?<\/p>\n\n\n\n<p>&#8211; Vjerojatno \u0107e to biti&nbsp;<strong>Duje \u0106aleta Car<\/strong>. Lovren je godinama jedan od sto\u017eernih igra\u010da i vjerojatno \u0107e nedostajati, ali napravili smo dobar iskorak i pro\u0161li smo grupu, \u0161to je jako va\u017eno za samopouzdanje, tako da vjerujem da tko god da igra, da li \u0107e u\u0107i netko tre\u0107i ili drugi,&nbsp; vjerujem da nam slijede jo\u0161 bolje igre i da mo\u017eemo daleko.<\/p>\n\n\n\n<p>Koju ocjenu bi dao izborniku&nbsp;<strong>Zlatku Dali\u0107u<\/strong>?<\/p>\n\n\n\n<p>&#8211; Svaki trener odgovara na kraju, kad se podvu\u010de crta i svode ra\u010duni. Nikad nisam bio za &#8220;ad-hoc&#8221; pau\u0161alne ocjene, to nije dobro. Natjecanje jo\u0161 traje, imali smo priliku popraviti dojam protiv \u0160kotske i to smo uradili. Gledajmo prema naprijed, uvjeren sam da \u0107e svi pru\u017eiti maksimum.<\/p>\n\n\n\n<p>Koga bi Cvitanovi\u0107 izabrao za protivnika u osmini finala?<\/p>\n\n\n\n<p>&#8211; Iskreno, ne bih volio \u0160panjolsku. Ne djeluju zasad uvjerljivo, ali jo\u0161 uvijek su me\u0111u top reprezntacijama, sigurno bi bolji izbor za nas bila \u0160vedska, Poljska ili Slova\u010dka. \u0160panjolci su i dalje pravi i rasti \u0107e kako ide natjecanje.<\/p>\n\n\n\n<div style=\"width: 640px;\" class=\"wp-video\"><video class=\"wp-video-shortcode\" id=\"video-35247-1\" width=\"640\" height=\"360\" preload=\"metadata\" controls=\"controls\"><source type=\"video\/mp4\" src=\"https:\/\/api.hrt.hr\/media\/2f\/4a\/tvd2-cvitanovic-20210623210527.mp4?_=1\" \/><a href=\"https:\/\/api.hrt.hr\/media\/2f\/4a\/tvd2-cvitanovic-20210623210527.mp4\">https:\/\/api.hrt.hr\/media\/2f\/4a\/tvd2-cvitanovic-20210623210527.mp4<\/a><\/video><\/div>\n\n\n\n<p>U Kopenhagenu \u0107e biti vi\u0161e hrvatskih navija\u010da&#8230;<\/p>\n\n\n\n<p>&#8211; I igra\u010di i izbornik cijelo vrijeme govore kako im nedostaju navija\u010di. Sigurno \u0107e to biti dodatna motivacija, oni te di\u017eu kad ti ne ide, uvjeren sam da \u0107emo imati puno bolju podr\u0161ku nego dosad bez obzira s kim \u0107emo igrati.<\/p>\n\n\n\n<p>Ho\u0107e li igra protiv \u0160kotske ostati privemeni bljesak ili konstanta?<\/p>\n\n\n\n<p>&#8211; Uvjeren sam da Hrvatska samo mo\u017ee bolje, da li \u0107e to biti dovoljno za \u010detvrtfinale, to \u0107emo vidjeti. No mi stalno pokazujemo da smo dobri, neskromni smo pa \u017eelimo vi\u0161e, ali ve\u0107 i plasman na EP je uspjeh, premala smo dr\u017eava da bi stalno bili na top nivou.&nbsp;&nbsp;<\/p>\n\n\n\n<p>Izvor:hrt.hr<\/p>\n","protected":false},"excerpt":{"rendered":"<p>Nogometni san u kojega su mnogi posumnjali nakon prve dvije utakmice po\u010deo se doga\u0111ati, hrvatska nogometna reprezentacija odigrala je odli\u010dnu utakmicu i izborila osminu finala Europskog prvenstva. Bio je to dugi isticani prvi i osnovni cilj Zlatka Dali\u0107a i njegove dru\u017eine, no sada i oni i navija\u010di \u017eele vi\u0161e. O tome je u sredi\u0161njem Dnevniku [&hellip;]<\/p>\n","protected":false},"author":2,"featured_media":35248,"comment_status":"closed","ping_status":"closed","sticky":false,"template":"","format":"standard","meta":{"h5ap_radio_sources":[],"footnotes":""},"categories":[7],"tags":[],"class_list":["post-35247","post","type-post","status-publish","format-standard","has-post-thumbnail","hentry","category-sport"],"yoast_head":"<!-- This site is optimized with the Yoast SEO plugin v27.5 - https:\/\/yoast.com\/product\/yoast-seo-wordpress\/ -->\n<title>Cvitanovi\u0107: Neskromni smo, premali smo da bi stalno bili na vrhu - RADIO LJUBU\u0160KI<\/title>\n<meta name=\"robots\" content=\"index, follow, max-snippet:-1, max-image-preview:large, max-video-preview:-1\" \/>\n<link rel=\"canonical\" href=\"https:\/\/radioljubuski.ba\/index.php\/2021\/06\/23\/cvitanovic-neskromni-smo-premali-smo-da-bi-stalno-bili-na-vrhu\/\" \/>\n<meta property=\"og:locale\" content=\"hr_HR\" \/>\n<meta property=\"og:type\" content=\"article\" \/>\n<meta property=\"og:title\" content=\"Cvitanovi\u0107: Neskromni smo, premali smo da bi stalno bili na vrhu - RADIO LJUBU\u0160KI\" \/>\n<meta property=\"og:description\" content=\"Nogometni san u kojega su mnogi posumnjali nakon prve dvije utakmice po\u010deo se doga\u0111ati, hrvatska nogometna reprezentacija odigrala je odli\u010dnu utakmicu i izborila osminu finala Europskog prvenstva. Bio je to dugi isticani prvi i osnovni cilj Zlatka Dali\u0107a i njegove dru\u017eine, no sada i oni i navija\u010di \u017eele vi\u0161e. O tome je u sredi\u0161njem Dnevniku [&hellip;]\" \/>\n<meta property=\"og:url\" content=\"https:\/\/radioljubuski.ba\/index.php\/2021\/06\/23\/cvitanovic-neskromni-smo-premali-smo-da-bi-stalno-bili-na-vrhu\/\" \/>\n<meta property=\"og:site_name\" content=\"RADIO LJUBU\u0160KI\" \/>\n<meta property=\"article:publisher\" content=\"https:\/\/www.facebook.com\/Radiio-Ljubuski-1490835324566332\" \/>\n<meta property=\"article:published_time\" content=\"2021-06-23T22:35:05+00:00\" \/>\n<meta property=\"article:modified_time\" content=\"2021-06-23T22:35:06+00:00\" \/>\n<meta property=\"og:image\" content=\"https:\/\/radioljubuski.ba\/wp-content\/uploads\/2021\/06\/cvita-z-3-tvd2-s-potpisima-frame-8879-20210623172034.jpg\" \/>\n\t<meta property=\"og:image:width\" content=\"1920\" \/>\n\t<meta property=\"og:image:height\" content=\"1080\" \/>\n\t<meta property=\"og:image:type\" content=\"image\/jpeg\" \/>\n<meta name=\"author\" content=\"Radio Ljubu\u0161ki\" \/>\n<meta name=\"twitter:card\" content=\"summary_large_image\" \/>\n<meta name=\"twitter:creator\" content=\"@radioljubuski\" \/>\n<meta name=\"twitter:site\" content=\"@radioljubuski\" \/>\n<meta name=\"twitter:label1\" content=\"Napisao\/la\" \/>\n\t<meta name=\"twitter:data1\" content=\"Radio Ljubu\u0161ki\" \/>\n\t<meta name=\"twitter:label2\" content=\"Procijenjeno vrijeme \u010ditanja\" \/>\n\t<meta name=\"twitter:data2\" content=\"3 minute\" \/>\n<script type=\"application\/ld+json\" class=\"yoast-schema-graph\">{\"@context\":\"https:\\\/\\\/schema.org\",\"@graph\":[{\"@type\":\"Article\",\"@id\":\"https:\\\/\\\/radioljubuski.ba\\\/index.php\\\/2021\\\/06\\\/23\\\/cvitanovic-neskromni-smo-premali-smo-da-bi-stalno-bili-na-vrhu\\\/#article\",\"isPartOf\":{\"@id\":\"https:\\\/\\\/radioljubuski.ba\\\/index.php\\\/2021\\\/06\\\/23\\\/cvitanovic-neskromni-smo-premali-smo-da-bi-stalno-bili-na-vrhu\\\/\"},\"author\":{\"name\":\"Radio Ljubu\u0161ki\",\"@id\":\"https:\\\/\\\/radioljubuski.ba\\\/#\\\/schema\\\/person\\\/19fc700381a780f69665d7956c469e3b\"},\"headline\":\"Cvitanovi\u0107: Neskromni smo, premali smo da bi stalno bili na vrhu\",\"datePublished\":\"2021-06-23T22:35:05+00:00\",\"dateModified\":\"2021-06-23T22:35:06+00:00\",\"mainEntityOfPage\":{\"@id\":\"https:\\\/\\\/radioljubuski.ba\\\/index.php\\\/2021\\\/06\\\/23\\\/cvitanovic-neskromni-smo-premali-smo-da-bi-stalno-bili-na-vrhu\\\/\"},\"wordCount\":541,\"publisher\":{\"@id\":\"https:\\\/\\\/radioljubuski.ba\\\/#organization\"},\"image\":{\"@id\":\"https:\\\/\\\/radioljubuski.ba\\\/index.php\\\/2021\\\/06\\\/23\\\/cvitanovic-neskromni-smo-premali-smo-da-bi-stalno-bili-na-vrhu\\\/#primaryimage\"},\"thumbnailUrl\":\"https:\\\/\\\/radioljubuski.ba\\\/wp-content\\\/uploads\\\/2021\\\/06\\\/cvita-z-3-tvd2-s-potpisima-frame-8879-20210623172034.jpg\",\"articleSection\":[\"\u0160port\"],\"inLanguage\":\"hr\"},{\"@type\":\"WebPage\",\"@id\":\"https:\\\/\\\/radioljubuski.ba\\\/index.php\\\/2021\\\/06\\\/23\\\/cvitanovic-neskromni-smo-premali-smo-da-bi-stalno-bili-na-vrhu\\\/\",\"url\":\"https:\\\/\\\/radioljubuski.ba\\\/index.php\\\/2021\\\/06\\\/23\\\/cvitanovic-neskromni-smo-premali-smo-da-bi-stalno-bili-na-vrhu\\\/\",\"name\":\"Cvitanovi\u0107: Neskromni smo, premali smo da bi stalno bili na vrhu - RADIO LJUBU\u0160KI\",\"isPartOf\":{\"@id\":\"https:\\\/\\\/radioljubuski.ba\\\/#website\"},\"primaryImageOfPage\":{\"@id\":\"https:\\\/\\\/radioljubuski.ba\\\/index.php\\\/2021\\\/06\\\/23\\\/cvitanovic-neskromni-smo-premali-smo-da-bi-stalno-bili-na-vrhu\\\/#primaryimage\"},\"image\":{\"@id\":\"https:\\\/\\\/radioljubuski.ba\\\/index.php\\\/2021\\\/06\\\/23\\\/cvitanovic-neskromni-smo-premali-smo-da-bi-stalno-bili-na-vrhu\\\/#primaryimage\"},\"thumbnailUrl\":\"https:\\\/\\\/radioljubuski.ba\\\/wp-content\\\/uploads\\\/2021\\\/06\\\/cvita-z-3-tvd2-s-potpisima-frame-8879-20210623172034.jpg\",\"datePublished\":\"2021-06-23T22:35:05+00:00\",\"dateModified\":\"2021-06-23T22:35:06+00:00\",\"breadcrumb\":{\"@id\":\"https:\\\/\\\/radioljubuski.ba\\\/index.php\\\/2021\\\/06\\\/23\\\/cvitanovic-neskromni-smo-premali-smo-da-bi-stalno-bili-na-vrhu\\\/#breadcrumb\"},\"inLanguage\":\"hr\",\"potentialAction\":[{\"@type\":\"ReadAction\",\"target\":[\"https:\\\/\\\/radioljubuski.ba\\\/index.php\\\/2021\\\/06\\\/23\\\/cvitanovic-neskromni-smo-premali-smo-da-bi-stalno-bili-na-vrhu\\\/\"]}]},{\"@type\":\"ImageObject\",\"inLanguage\":\"hr\",\"@id\":\"https:\\\/\\\/radioljubuski.ba\\\/index.php\\\/2021\\\/06\\\/23\\\/cvitanovic-neskromni-smo-premali-smo-da-bi-stalno-bili-na-vrhu\\\/#primaryimage\",\"url\":\"https:\\\/\\\/radioljubuski.ba\\\/wp-content\\\/uploads\\\/2021\\\/06\\\/cvita-z-3-tvd2-s-potpisima-frame-8879-20210623172034.jpg\",\"contentUrl\":\"https:\\\/\\\/radioljubuski.ba\\\/wp-content\\\/uploads\\\/2021\\\/06\\\/cvita-z-3-tvd2-s-potpisima-frame-8879-20210623172034.jpg\",\"width\":1920,\"height\":1080},{\"@type\":\"BreadcrumbList\",\"@id\":\"https:\\\/\\\/radioljubuski.ba\\\/index.php\\\/2021\\\/06\\\/23\\\/cvitanovic-neskromni-smo-premali-smo-da-bi-stalno-bili-na-vrhu\\\/#breadcrumb\",\"itemListElement\":[{\"@type\":\"ListItem\",\"position\":1,\"name\":\"Po\u010detna stranica\",\"item\":\"https:\\\/\\\/radioljubuski.ba\\\/\"},{\"@type\":\"ListItem\",\"position\":2,\"name\":\"Cvitanovi\u0107: Neskromni smo, premali smo da bi stalno bili na vrhu\"}]},{\"@type\":\"WebSite\",\"@id\":\"https:\\\/\\\/radioljubuski.ba\\\/#website\",\"url\":\"https:\\\/\\\/radioljubuski.ba\\\/\",\"name\":\"Radio Ljubu\u0161ki\",\"description\":\"Sun\u010dana frekvencija Hercegovine\",\"publisher\":{\"@id\":\"https:\\\/\\\/radioljubuski.ba\\\/#organization\"},\"potentialAction\":[{\"@type\":\"SearchAction\",\"target\":{\"@type\":\"EntryPoint\",\"urlTemplate\":\"https:\\\/\\\/radioljubuski.ba\\\/?s={search_term_string}\"},\"query-input\":{\"@type\":\"PropertyValueSpecification\",\"valueRequired\":true,\"valueName\":\"search_term_string\"}}],\"inLanguage\":\"hr\"},{\"@type\":\"Organization\",\"@id\":\"https:\\\/\\\/radioljubuski.ba\\\/#organization\",\"name\":\"Radio Ljubu\u0161ki\",\"url\":\"https:\\\/\\\/radioljubuski.ba\\\/\",\"logo\":{\"@type\":\"ImageObject\",\"inLanguage\":\"hr\",\"@id\":\"https:\\\/\\\/radioljubuski.ba\\\/#\\\/schema\\\/logo\\\/image\\\/\",\"url\":\"https:\\\/\\\/radioljubuski.ba\\\/wp-content\\\/uploads\\\/2021\\\/02\\\/cropped-Radio_Ljubuski_logo1.jpg\",\"contentUrl\":\"https:\\\/\\\/radioljubuski.ba\\\/wp-content\\\/uploads\\\/2021\\\/02\\\/cropped-Radio_Ljubuski_logo1.jpg\",\"width\":512,\"height\":512,\"caption\":\"Radio Ljubu\u0161ki\"},\"image\":{\"@id\":\"https:\\\/\\\/radioljubuski.ba\\\/#\\\/schema\\\/logo\\\/image\\\/\"},\"sameAs\":[\"https:\\\/\\\/www.facebook.com\\\/Radiio-Ljubuski-1490835324566332\",\"https:\\\/\\\/x.com\\\/radioljubuski\",\"https:\\\/\\\/hr.linkedin.com\\\/company\\\/radio-ljubuski\",\"https:\\\/\\\/www.youtube.com\\\/channel\\\/UCHYaeO_n0Db3tjNGudGpXyw\"]},{\"@type\":\"Person\",\"@id\":\"https:\\\/\\\/radioljubuski.ba\\\/#\\\/schema\\\/person\\\/19fc700381a780f69665d7956c469e3b\",\"name\":\"Radio Ljubu\u0161ki\"}]}<\/script>\n<!-- \/ Yoast SEO plugin. -->","yoast_head_json":{"title":"Cvitanovi\u0107: Neskromni smo, premali smo da bi stalno bili na vrhu - RADIO LJUBU\u0160KI","robots":{"index":"index","follow":"follow","max-snippet":"max-snippet:-1","max-image-preview":"max-image-preview:large","max-video-preview":"max-video-preview:-1"},"canonical":"https:\/\/radioljubuski.ba\/index.php\/2021\/06\/23\/cvitanovic-neskromni-smo-premali-smo-da-bi-stalno-bili-na-vrhu\/","og_locale":"hr_HR","og_type":"article","og_title":"Cvitanovi\u0107: Neskromni smo, premali smo da bi stalno bili na vrhu - RADIO LJUBU\u0160KI","og_description":"Nogometni san u kojega su mnogi posumnjali nakon prve dvije utakmice po\u010deo se doga\u0111ati, hrvatska nogometna reprezentacija odigrala je odli\u010dnu utakmicu i izborila osminu finala Europskog prvenstva. Bio je to dugi isticani prvi i osnovni cilj Zlatka Dali\u0107a i njegove dru\u017eine, no sada i oni i navija\u010di \u017eele vi\u0161e. O tome je u sredi\u0161njem Dnevniku [&hellip;]","og_url":"https:\/\/radioljubuski.ba\/index.php\/2021\/06\/23\/cvitanovic-neskromni-smo-premali-smo-da-bi-stalno-bili-na-vrhu\/","og_site_name":"RADIO LJUBU\u0160KI","article_publisher":"https:\/\/www.facebook.com\/Radiio-Ljubuski-1490835324566332","article_published_time":"2021-06-23T22:35:05+00:00","article_modified_time":"2021-06-23T22:35:06+00:00","og_image":[{"width":1920,"height":1080,"url":"https:\/\/radioljubuski.ba\/wp-content\/uploads\/2021\/06\/cvita-z-3-tvd2-s-potpisima-frame-8879-20210623172034.jpg","type":"image\/jpeg"}],"author":"Radio Ljubu\u0161ki","twitter_card":"summary_large_image","twitter_creator":"@radioljubuski","twitter_site":"@radioljubuski","twitter_misc":{"Napisao\/la":"Radio Ljubu\u0161ki","Procijenjeno vrijeme \u010ditanja":"3 minute"},"schema":{"@context":"https:\/\/schema.org","@graph":[{"@type":"Article","@id":"https:\/\/radioljubuski.ba\/index.php\/2021\/06\/23\/cvitanovic-neskromni-smo-premali-smo-da-bi-stalno-bili-na-vrhu\/#article","isPartOf":{"@id":"https:\/\/radioljubuski.ba\/index.php\/2021\/06\/23\/cvitanovic-neskromni-smo-premali-smo-da-bi-stalno-bili-na-vrhu\/"},"author":{"name":"Radio Ljubu\u0161ki","@id":"https:\/\/radioljubuski.ba\/#\/schema\/person\/19fc700381a780f69665d7956c469e3b"},"headline":"Cvitanovi\u0107: Neskromni smo, premali smo da bi stalno bili na vrhu","datePublished":"2021-06-23T22:35:05+00:00","dateModified":"2021-06-23T22:35:06+00:00","mainEntityOfPage":{"@id":"https:\/\/radioljubuski.ba\/index.php\/2021\/06\/23\/cvitanovic-neskromni-smo-premali-smo-da-bi-stalno-bili-na-vrhu\/"},"wordCount":541,"publisher":{"@id":"https:\/\/radioljubuski.ba\/#organization"},"image":{"@id":"https:\/\/radioljubuski.ba\/index.php\/2021\/06\/23\/cvitanovic-neskromni-smo-premali-smo-da-bi-stalno-bili-na-vrhu\/#primaryimage"},"thumbnailUrl":"https:\/\/radioljubuski.ba\/wp-content\/uploads\/2021\/06\/cvita-z-3-tvd2-s-potpisima-frame-8879-20210623172034.jpg","articleSection":["\u0160port"],"inLanguage":"hr"},{"@type":"WebPage","@id":"https:\/\/radioljubuski.ba\/index.php\/2021\/06\/23\/cvitanovic-neskromni-smo-premali-smo-da-bi-stalno-bili-na-vrhu\/","url":"https:\/\/radioljubuski.ba\/index.php\/2021\/06\/23\/cvitanovic-neskromni-smo-premali-smo-da-bi-stalno-bili-na-vrhu\/","name":"Cvitanovi\u0107: Neskromni smo, premali smo da bi stalno bili na vrhu - RADIO LJUBU\u0160KI","isPartOf":{"@id":"https:\/\/radioljubuski.ba\/#website"},"primaryImageOfPage":{"@id":"https:\/\/radioljubuski.ba\/index.php\/2021\/06\/23\/cvitanovic-neskromni-smo-premali-smo-da-bi-stalno-bili-na-vrhu\/#primaryimage"},"image":{"@id":"https:\/\/radioljubuski.ba\/index.php\/2021\/06\/23\/cvitanovic-neskromni-smo-premali-smo-da-bi-stalno-bili-na-vrhu\/#primaryimage"},"thumbnailUrl":"https:\/\/radioljubuski.ba\/wp-content\/uploads\/2021\/06\/cvita-z-3-tvd2-s-potpisima-frame-8879-20210623172034.jpg","datePublished":"2021-06-23T22:35:05+00:00","dateModified":"2021-06-23T22:35:06+00:00","breadcrumb":{"@id":"https:\/\/radioljubuski.ba\/index.php\/2021\/06\/23\/cvitanovic-neskromni-smo-premali-smo-da-bi-stalno-bili-na-vrhu\/#breadcrumb"},"inLanguage":"hr","potentialAction":[{"@type":"ReadAction","target":["https:\/\/radioljubuski.ba\/index.php\/2021\/06\/23\/cvitanovic-neskromni-smo-premali-smo-da-bi-stalno-bili-na-vrhu\/"]}]},{"@type":"ImageObject","inLanguage":"hr","@id":"https:\/\/radioljubuski.ba\/index.php\/2021\/06\/23\/cvitanovic-neskromni-smo-premali-smo-da-bi-stalno-bili-na-vrhu\/#primaryimage","url":"https:\/\/radioljubuski.ba\/wp-content\/uploads\/2021\/06\/cvita-z-3-tvd2-s-potpisima-frame-8879-20210623172034.jpg","contentUrl":"https:\/\/radioljubuski.ba\/wp-content\/uploads\/2021\/06\/cvita-z-3-tvd2-s-potpisima-frame-8879-20210623172034.jpg","width":1920,"height":1080},{"@type":"BreadcrumbList","@id":"https:\/\/radioljubuski.ba\/index.php\/2021\/06\/23\/cvitanovic-neskromni-smo-premali-smo-da-bi-stalno-bili-na-vrhu\/#breadcrumb","itemListElement":[{"@type":"ListItem","position":1,"name":"Po\u010detna stranica","item":"https:\/\/radioljubuski.ba\/"},{"@type":"ListItem","position":2,"name":"Cvitanovi\u0107: Neskromni smo, premali smo da bi stalno bili na vrhu"}]},{"@type":"WebSite","@id":"https:\/\/radioljubuski.ba\/#website","url":"https:\/\/radioljubuski.ba\/","name":"Radio Ljubu\u0161ki","description":"Sun\u010dana frekvencija Hercegovine","publisher":{"@id":"https:\/\/radioljubuski.ba\/#organization"},"potentialAction":[{"@type":"SearchAction","target":{"@type":"EntryPoint","urlTemplate":"https:\/\/radioljubuski.ba\/?s={search_term_string}"},"query-input":{"@type":"PropertyValueSpecification","valueRequired":true,"valueName":"search_term_string"}}],"inLanguage":"hr"},{"@type":"Organization","@id":"https:\/\/radioljubuski.ba\/#organization","name":"Radio Ljubu\u0161ki","url":"https:\/\/radioljubuski.ba\/","logo":{"@type":"ImageObject","inLanguage":"hr","@id":"https:\/\/radioljubuski.ba\/#\/schema\/logo\/image\/","url":"https:\/\/radioljubuski.ba\/wp-content\/uploads\/2021\/02\/cropped-Radio_Ljubuski_logo1.jpg","contentUrl":"https:\/\/radioljubuski.ba\/wp-content\/uploads\/2021\/02\/cropped-Radio_Ljubuski_logo1.jpg","width":512,"height":512,"caption":"Radio Ljubu\u0161ki"},"image":{"@id":"https:\/\/radioljubuski.ba\/#\/schema\/logo\/image\/"},"sameAs":["https:\/\/www.facebook.com\/Radiio-Ljubuski-1490835324566332","https:\/\/x.com\/radioljubuski","https:\/\/hr.linkedin.com\/company\/radio-ljubuski","https:\/\/www.youtube.com\/channel\/UCHYaeO_n0Db3tjNGudGpXyw"]},{"@type":"Person","@id":"https:\/\/radioljubuski.ba\/#\/schema\/person\/19fc700381a780f69665d7956c469e3b","name":"Radio Ljubu\u0161ki"}]}},"_links":{"self":[{"href":"https:\/\/radioljubuski.ba\/index.php\/wp-json\/wp\/v2\/posts\/35247","targetHints":{"allow":["GET"]}}],"collection":[{"href":"https:\/\/radioljubuski.ba\/index.php\/wp-json\/wp\/v2\/posts"}],"about":[{"href":"https:\/\/radioljubuski.ba\/index.php\/wp-json\/wp\/v2\/types\/post"}],"author":[{"embeddable":true,"href":"https:\/\/radioljubuski.ba\/index.php\/wp-json\/wp\/v2\/users\/2"}],"replies":[{"embeddable":true,"href":"https:\/\/radioljubuski.ba\/index.php\/wp-json\/wp\/v2\/comments?post=35247"}],"version-history":[{"count":1,"href":"https:\/\/radioljubuski.ba\/index.php\/wp-json\/wp\/v2\/posts\/35247\/revisions"}],"predecessor-version":[{"id":35249,"href":"https:\/\/radioljubuski.ba\/index.php\/wp-json\/wp\/v2\/posts\/35247\/revisions\/35249"}],"wp:featuredmedia":[{"embeddable":true,"href":"https:\/\/radioljubuski.ba\/index.php\/wp-json\/wp\/v2\/media\/35248"}],"wp:attachment":[{"href":"https:\/\/radioljubuski.ba\/index.php\/wp-json\/wp\/v2\/media?parent=35247"}],"wp:term":[{"taxonomy":"category","embeddable":true,"href":"https:\/\/radioljubuski.ba\/index.php\/wp-json\/wp\/v2\/categories?post=35247"},{"taxonomy":"post_tag","embeddable":true,"href":"https:\/\/radioljubuski.ba\/index.php\/wp-json\/wp\/v2\/tags?post=35247"}],"curies":[{"name":"wp","href":"https:\/\/api.w.org\/{rel}","templated":true}]}}