{"id":35259,"date":"2021-06-23T23:43:51","date_gmt":"2021-06-23T22:43:51","guid":{"rendered":"https:\/\/radioljubuski.ba\/?p=35259"},"modified":"2021-06-23T23:43:52","modified_gmt":"2021-06-23T22:43:52","slug":"dalic-o-spanjolcima-puno-lakse-bi-bilo-sa-svedanima-ali-sto-je-tu-je","status":"publish","type":"post","link":"https:\/\/radioljubuski.ba\/index.php\/2021\/06\/23\/dalic-o-spanjolcima-puno-lakse-bi-bilo-sa-svedanima-ali-sto-je-tu-je\/","title":{"rendered":"Dali\u0107 o \u0160panjolcima: Puno lak\u0161e bi bilo sa \u0160ve\u0111anima, ali \u0161to je, tu je"},"content":{"rendered":"\n<p><strong>Izbornik Zlatko Dali\u0107 prokomentirao je rasplet skupine E, koji nam je u osmini finala Europskog prvenstva donio najte\u017eeg mogu\u0107eg suparnika, \u0160panjolsku. Dvoboj Vatrenih i Furije igrat \u0107e se 28. lipnja u Kopenhagenu.<\/strong><\/p>\n\n\n\n<p>&#8211; \u010ceka nas jedan od najte\u017eih mogu\u0107ih protivnika u ovom dijelu turnira. Bilo bi puno lak\u0161e sa \u0160ve\u0111anima, ali \u0161to je, tu je. \u0160panjolska je danas pokazala svoju kvalitetu pobijediv\u0161i 5:0. Mlada, brza, energi\u010dna mom\u010dad. Igra im se bazira na visokom presingu, puno kombinatorike, puno ulazaka u prazan prostor i brzine i trebat \u0107e zaista biti jako, jako dobar da im se suprotstavimo. Bit \u0107e utakmica velikog naboja, velikog pritiska, rekao je izbornik te nastavio:<\/p>\n\n\n\n<p>&#8211; Me\u0111utim, imamo i mi svoje kvalitete, ne\u0107e ni njima biti lako. &nbsp;Mi mo\u017eemo igrati s njima, to smo pokazali u drugoj utakmici u Ligi nacija, ali sad je to potpuno druga mom\u010dad, s puno mladih igra\u010da. Oni su prve dvije utakmice u skupini odigrali neodlu\u010deno, ali bili su bolji protivnik i stvorili su puno \u0161ansi. Morat \u0107emo pripaziti na visoki presing, morat \u0107emo mi imati kontrolu lopte i, naravno, bit \u0107e te\u0161ko ako se budemo branili. Morat \u0107emo napasti mi njih i poku\u0161ati nametnuti svoj stil igre, najavio je Dali\u0107.<\/p>\n\n\n\n<p>Pozdravio je i o\u010dekivano velik broj hrvatskih navija\u010da u Kopenhagenu:<\/p>\n\n\n\n<p>&#8211; To nam je veliki dobitak, da imamo svoje navija\u010dem da budu uz nas. Mi \u017eelimo nastaviti svoj put dalje. Znam da \u0107e do\u0107i puno hrvatskih navija\u010da, da budemo zajedno, da nam budu podr\u0161ka i da zajedno poku\u0161amo pro\u0107i \u0160panjolce!<\/p>\n\n\n\n<div style=\"width: 640px;\" class=\"wp-video\"><video class=\"wp-video-shortcode\" id=\"video-35259-1\" width=\"640\" height=\"360\" preload=\"metadata\" controls=\"controls\"><source type=\"video\/mp4\" src=\"https:\/\/api.hrt.hr\/media\/d6\/62\/dalic-hns-video-web2306-20210623204344.mp4?_=1\" \/><a href=\"https:\/\/api.hrt.hr\/media\/d6\/62\/dalic-hns-video-web2306-20210623204344.mp4\">https:\/\/api.hrt.hr\/media\/d6\/62\/dalic-hns-video-web2306-20210623204344.mp4<\/a><\/video><\/div>\n\n\n\n<p>Izvor:hrt.hr<\/p>\n","protected":false},"excerpt":{"rendered":"<p>Izbornik Zlatko Dali\u0107 prokomentirao je rasplet skupine E, koji nam je u osmini finala Europskog prvenstva donio najte\u017eeg mogu\u0107eg suparnika, \u0160panjolsku. Dvoboj Vatrenih i Furije igrat \u0107e se 28. lipnja u Kopenhagenu. &#8211; \u010ceka nas jedan od najte\u017eih mogu\u0107ih protivnika u ovom dijelu turnira. Bilo bi puno lak\u0161e sa \u0160ve\u0111anima, ali \u0161to je, tu je. [&hellip;]<\/p>\n","protected":false},"author":2,"featured_media":35260,"comment_status":"closed","ping_status":"closed","sticky":false,"template":"","format":"standard","meta":{"h5ap_radio_sources":[],"footnotes":""},"categories":[7],"tags":[],"class_list":["post-35259","post","type-post","status-publish","format-standard","has-post-thumbnail","hentry","category-sport"],"yoast_head":"<!-- This site is optimized with the Yoast SEO plugin v27.5 - https:\/\/yoast.com\/product\/yoast-seo-wordpress\/ -->\n<title>Dali\u0107 o \u0160panjolcima: Puno lak\u0161e bi bilo sa \u0160ve\u0111anima, ali \u0161to je, tu je - RADIO LJUBU\u0160KI<\/title>\n<meta name=\"robots\" content=\"index, follow, max-snippet:-1, max-image-preview:large, max-video-preview:-1\" \/>\n<link rel=\"canonical\" href=\"https:\/\/radioljubuski.ba\/index.php\/2021\/06\/23\/dalic-o-spanjolcima-puno-lakse-bi-bilo-sa-svedanima-ali-sto-je-tu-je\/\" \/>\n<meta property=\"og:locale\" content=\"hr_HR\" \/>\n<meta property=\"og:type\" content=\"article\" \/>\n<meta property=\"og:title\" content=\"Dali\u0107 o \u0160panjolcima: Puno lak\u0161e bi bilo sa \u0160ve\u0111anima, ali \u0161to je, tu je - RADIO LJUBU\u0160KI\" \/>\n<meta property=\"og:description\" content=\"Izbornik Zlatko Dali\u0107 prokomentirao je rasplet skupine E, koji nam je u osmini finala Europskog prvenstva donio najte\u017eeg mogu\u0107eg suparnika, \u0160panjolsku. Dvoboj Vatrenih i Furije igrat \u0107e se 28. lipnja u Kopenhagenu. &#8211; \u010ceka nas jedan od najte\u017eih mogu\u0107ih protivnika u ovom dijelu turnira. Bilo bi puno lak\u0161e sa \u0160ve\u0111anima, ali \u0161to je, tu je. [&hellip;]\" \/>\n<meta property=\"og:url\" content=\"https:\/\/radioljubuski.ba\/index.php\/2021\/06\/23\/dalic-o-spanjolcima-puno-lakse-bi-bilo-sa-svedanima-ali-sto-je-tu-je\/\" \/>\n<meta property=\"og:site_name\" content=\"RADIO LJUBU\u0160KI\" \/>\n<meta property=\"article:publisher\" content=\"https:\/\/www.facebook.com\/Radiio-Ljubuski-1490835324566332\" \/>\n<meta property=\"article:published_time\" content=\"2021-06-23T22:43:51+00:00\" \/>\n<meta property=\"article:modified_time\" content=\"2021-06-23T22:43:52+00:00\" \/>\n<meta property=\"og:image\" content=\"https:\/\/radioljubuski.ba\/wp-content\/uploads\/2021\/06\/dalic-glasgow-jucer-2021-06-22t201117z-1246573288-up1eh6m1k2smw-rtrmadp-3-soccer-euro-cro-sco-report-20210623192704.jpg\" \/>\n\t<meta property=\"og:image:width\" content=\"1000\" \/>\n\t<meta property=\"og:image:height\" content=\"593\" \/>\n\t<meta property=\"og:image:type\" content=\"image\/jpeg\" \/>\n<meta name=\"author\" content=\"Radio Ljubu\u0161ki\" \/>\n<meta name=\"twitter:card\" content=\"summary_large_image\" \/>\n<meta name=\"twitter:creator\" content=\"@radioljubuski\" \/>\n<meta name=\"twitter:site\" content=\"@radioljubuski\" \/>\n<meta name=\"twitter:label1\" content=\"Napisao\/la\" \/>\n\t<meta name=\"twitter:data1\" content=\"Radio Ljubu\u0161ki\" \/>\n\t<meta name=\"twitter:label2\" content=\"Procijenjeno vrijeme \u010ditanja\" \/>\n\t<meta name=\"twitter:data2\" content=\"2 minute\" \/>\n<script type=\"application\/ld+json\" class=\"yoast-schema-graph\">{\"@context\":\"https:\\\/\\\/schema.org\",\"@graph\":[{\"@type\":\"Article\",\"@id\":\"https:\\\/\\\/radioljubuski.ba\\\/index.php\\\/2021\\\/06\\\/23\\\/dalic-o-spanjolcima-puno-lakse-bi-bilo-sa-svedanima-ali-sto-je-tu-je\\\/#article\",\"isPartOf\":{\"@id\":\"https:\\\/\\\/radioljubuski.ba\\\/index.php\\\/2021\\\/06\\\/23\\\/dalic-o-spanjolcima-puno-lakse-bi-bilo-sa-svedanima-ali-sto-je-tu-je\\\/\"},\"author\":{\"name\":\"Radio Ljubu\u0161ki\",\"@id\":\"https:\\\/\\\/radioljubuski.ba\\\/#\\\/schema\\\/person\\\/19fc700381a780f69665d7956c469e3b\"},\"headline\":\"Dali\u0107 o \u0160panjolcima: Puno lak\u0161e bi bilo sa \u0160ve\u0111anima, ali \u0161to je, tu je\",\"datePublished\":\"2021-06-23T22:43:51+00:00\",\"dateModified\":\"2021-06-23T22:43:52+00:00\",\"mainEntityOfPage\":{\"@id\":\"https:\\\/\\\/radioljubuski.ba\\\/index.php\\\/2021\\\/06\\\/23\\\/dalic-o-spanjolcima-puno-lakse-bi-bilo-sa-svedanima-ali-sto-je-tu-je\\\/\"},\"wordCount\":300,\"publisher\":{\"@id\":\"https:\\\/\\\/radioljubuski.ba\\\/#organization\"},\"image\":{\"@id\":\"https:\\\/\\\/radioljubuski.ba\\\/index.php\\\/2021\\\/06\\\/23\\\/dalic-o-spanjolcima-puno-lakse-bi-bilo-sa-svedanima-ali-sto-je-tu-je\\\/#primaryimage\"},\"thumbnailUrl\":\"https:\\\/\\\/radioljubuski.ba\\\/wp-content\\\/uploads\\\/2021\\\/06\\\/dalic-glasgow-jucer-2021-06-22t201117z-1246573288-up1eh6m1k2smw-rtrmadp-3-soccer-euro-cro-sco-report-20210623192704.jpg\",\"articleSection\":[\"\u0160port\"],\"inLanguage\":\"hr\"},{\"@type\":\"WebPage\",\"@id\":\"https:\\\/\\\/radioljubuski.ba\\\/index.php\\\/2021\\\/06\\\/23\\\/dalic-o-spanjolcima-puno-lakse-bi-bilo-sa-svedanima-ali-sto-je-tu-je\\\/\",\"url\":\"https:\\\/\\\/radioljubuski.ba\\\/index.php\\\/2021\\\/06\\\/23\\\/dalic-o-spanjolcima-puno-lakse-bi-bilo-sa-svedanima-ali-sto-je-tu-je\\\/\",\"name\":\"Dali\u0107 o \u0160panjolcima: Puno lak\u0161e bi bilo sa \u0160ve\u0111anima, ali \u0161to je, tu je - RADIO LJUBU\u0160KI\",\"isPartOf\":{\"@id\":\"https:\\\/\\\/radioljubuski.ba\\\/#website\"},\"primaryImageOfPage\":{\"@id\":\"https:\\\/\\\/radioljubuski.ba\\\/index.php\\\/2021\\\/06\\\/23\\\/dalic-o-spanjolcima-puno-lakse-bi-bilo-sa-svedanima-ali-sto-je-tu-je\\\/#primaryimage\"},\"image\":{\"@id\":\"https:\\\/\\\/radioljubuski.ba\\\/index.php\\\/2021\\\/06\\\/23\\\/dalic-o-spanjolcima-puno-lakse-bi-bilo-sa-svedanima-ali-sto-je-tu-je\\\/#primaryimage\"},\"thumbnailUrl\":\"https:\\\/\\\/radioljubuski.ba\\\/wp-content\\\/uploads\\\/2021\\\/06\\\/dalic-glasgow-jucer-2021-06-22t201117z-1246573288-up1eh6m1k2smw-rtrmadp-3-soccer-euro-cro-sco-report-20210623192704.jpg\",\"datePublished\":\"2021-06-23T22:43:51+00:00\",\"dateModified\":\"2021-06-23T22:43:52+00:00\",\"breadcrumb\":{\"@id\":\"https:\\\/\\\/radioljubuski.ba\\\/index.php\\\/2021\\\/06\\\/23\\\/dalic-o-spanjolcima-puno-lakse-bi-bilo-sa-svedanima-ali-sto-je-tu-je\\\/#breadcrumb\"},\"inLanguage\":\"hr\",\"potentialAction\":[{\"@type\":\"ReadAction\",\"target\":[\"https:\\\/\\\/radioljubuski.ba\\\/index.php\\\/2021\\\/06\\\/23\\\/dalic-o-spanjolcima-puno-lakse-bi-bilo-sa-svedanima-ali-sto-je-tu-je\\\/\"]}]},{\"@type\":\"ImageObject\",\"inLanguage\":\"hr\",\"@id\":\"https:\\\/\\\/radioljubuski.ba\\\/index.php\\\/2021\\\/06\\\/23\\\/dalic-o-spanjolcima-puno-lakse-bi-bilo-sa-svedanima-ali-sto-je-tu-je\\\/#primaryimage\",\"url\":\"https:\\\/\\\/radioljubuski.ba\\\/wp-content\\\/uploads\\\/2021\\\/06\\\/dalic-glasgow-jucer-2021-06-22t201117z-1246573288-up1eh6m1k2smw-rtrmadp-3-soccer-euro-cro-sco-report-20210623192704.jpg\",\"contentUrl\":\"https:\\\/\\\/radioljubuski.ba\\\/wp-content\\\/uploads\\\/2021\\\/06\\\/dalic-glasgow-jucer-2021-06-22t201117z-1246573288-up1eh6m1k2smw-rtrmadp-3-soccer-euro-cro-sco-report-20210623192704.jpg\",\"width\":1000,\"height\":593},{\"@type\":\"BreadcrumbList\",\"@id\":\"https:\\\/\\\/radioljubuski.ba\\\/index.php\\\/2021\\\/06\\\/23\\\/dalic-o-spanjolcima-puno-lakse-bi-bilo-sa-svedanima-ali-sto-je-tu-je\\\/#breadcrumb\",\"itemListElement\":[{\"@type\":\"ListItem\",\"position\":1,\"name\":\"Po\u010detna stranica\",\"item\":\"https:\\\/\\\/radioljubuski.ba\\\/\"},{\"@type\":\"ListItem\",\"position\":2,\"name\":\"Dali\u0107 o \u0160panjolcima: Puno lak\u0161e bi bilo sa \u0160ve\u0111anima, ali \u0161to je, tu je\"}]},{\"@type\":\"WebSite\",\"@id\":\"https:\\\/\\\/radioljubuski.ba\\\/#website\",\"url\":\"https:\\\/\\\/radioljubuski.ba\\\/\",\"name\":\"Radio Ljubu\u0161ki\",\"description\":\"Sun\u010dana frekvencija Hercegovine\",\"publisher\":{\"@id\":\"https:\\\/\\\/radioljubuski.ba\\\/#organization\"},\"potentialAction\":[{\"@type\":\"SearchAction\",\"target\":{\"@type\":\"EntryPoint\",\"urlTemplate\":\"https:\\\/\\\/radioljubuski.ba\\\/?s={search_term_string}\"},\"query-input\":{\"@type\":\"PropertyValueSpecification\",\"valueRequired\":true,\"valueName\":\"search_term_string\"}}],\"inLanguage\":\"hr\"},{\"@type\":\"Organization\",\"@id\":\"https:\\\/\\\/radioljubuski.ba\\\/#organization\",\"name\":\"Radio Ljubu\u0161ki\",\"url\":\"https:\\\/\\\/radioljubuski.ba\\\/\",\"logo\":{\"@type\":\"ImageObject\",\"inLanguage\":\"hr\",\"@id\":\"https:\\\/\\\/radioljubuski.ba\\\/#\\\/schema\\\/logo\\\/image\\\/\",\"url\":\"https:\\\/\\\/radioljubuski.ba\\\/wp-content\\\/uploads\\\/2021\\\/02\\\/cropped-Radio_Ljubuski_logo1.jpg\",\"contentUrl\":\"https:\\\/\\\/radioljubuski.ba\\\/wp-content\\\/uploads\\\/2021\\\/02\\\/cropped-Radio_Ljubuski_logo1.jpg\",\"width\":512,\"height\":512,\"caption\":\"Radio Ljubu\u0161ki\"},\"image\":{\"@id\":\"https:\\\/\\\/radioljubuski.ba\\\/#\\\/schema\\\/logo\\\/image\\\/\"},\"sameAs\":[\"https:\\\/\\\/www.facebook.com\\\/Radiio-Ljubuski-1490835324566332\",\"https:\\\/\\\/x.com\\\/radioljubuski\",\"https:\\\/\\\/hr.linkedin.com\\\/company\\\/radio-ljubuski\",\"https:\\\/\\\/www.youtube.com\\\/channel\\\/UCHYaeO_n0Db3tjNGudGpXyw\"]},{\"@type\":\"Person\",\"@id\":\"https:\\\/\\\/radioljubuski.ba\\\/#\\\/schema\\\/person\\\/19fc700381a780f69665d7956c469e3b\",\"name\":\"Radio Ljubu\u0161ki\"}]}<\/script>\n<!-- \/ Yoast SEO plugin. -->","yoast_head_json":{"title":"Dali\u0107 o \u0160panjolcima: Puno lak\u0161e bi bilo sa \u0160ve\u0111anima, ali \u0161to je, tu je - RADIO LJUBU\u0160KI","robots":{"index":"index","follow":"follow","max-snippet":"max-snippet:-1","max-image-preview":"max-image-preview:large","max-video-preview":"max-video-preview:-1"},"canonical":"https:\/\/radioljubuski.ba\/index.php\/2021\/06\/23\/dalic-o-spanjolcima-puno-lakse-bi-bilo-sa-svedanima-ali-sto-je-tu-je\/","og_locale":"hr_HR","og_type":"article","og_title":"Dali\u0107 o \u0160panjolcima: Puno lak\u0161e bi bilo sa \u0160ve\u0111anima, ali \u0161to je, tu je - RADIO LJUBU\u0160KI","og_description":"Izbornik Zlatko Dali\u0107 prokomentirao je rasplet skupine E, koji nam je u osmini finala Europskog prvenstva donio najte\u017eeg mogu\u0107eg suparnika, \u0160panjolsku. Dvoboj Vatrenih i Furije igrat \u0107e se 28. lipnja u Kopenhagenu. &#8211; \u010ceka nas jedan od najte\u017eih mogu\u0107ih protivnika u ovom dijelu turnira. Bilo bi puno lak\u0161e sa \u0160ve\u0111anima, ali \u0161to je, tu je. [&hellip;]","og_url":"https:\/\/radioljubuski.ba\/index.php\/2021\/06\/23\/dalic-o-spanjolcima-puno-lakse-bi-bilo-sa-svedanima-ali-sto-je-tu-je\/","og_site_name":"RADIO LJUBU\u0160KI","article_publisher":"https:\/\/www.facebook.com\/Radiio-Ljubuski-1490835324566332","article_published_time":"2021-06-23T22:43:51+00:00","article_modified_time":"2021-06-23T22:43:52+00:00","og_image":[{"width":1000,"height":593,"url":"https:\/\/radioljubuski.ba\/wp-content\/uploads\/2021\/06\/dalic-glasgow-jucer-2021-06-22t201117z-1246573288-up1eh6m1k2smw-rtrmadp-3-soccer-euro-cro-sco-report-20210623192704.jpg","type":"image\/jpeg"}],"author":"Radio Ljubu\u0161ki","twitter_card":"summary_large_image","twitter_creator":"@radioljubuski","twitter_site":"@radioljubuski","twitter_misc":{"Napisao\/la":"Radio Ljubu\u0161ki","Procijenjeno vrijeme \u010ditanja":"2 minute"},"schema":{"@context":"https:\/\/schema.org","@graph":[{"@type":"Article","@id":"https:\/\/radioljubuski.ba\/index.php\/2021\/06\/23\/dalic-o-spanjolcima-puno-lakse-bi-bilo-sa-svedanima-ali-sto-je-tu-je\/#article","isPartOf":{"@id":"https:\/\/radioljubuski.ba\/index.php\/2021\/06\/23\/dalic-o-spanjolcima-puno-lakse-bi-bilo-sa-svedanima-ali-sto-je-tu-je\/"},"author":{"name":"Radio Ljubu\u0161ki","@id":"https:\/\/radioljubuski.ba\/#\/schema\/person\/19fc700381a780f69665d7956c469e3b"},"headline":"Dali\u0107 o \u0160panjolcima: Puno lak\u0161e bi bilo sa \u0160ve\u0111anima, ali \u0161to je, tu je","datePublished":"2021-06-23T22:43:51+00:00","dateModified":"2021-06-23T22:43:52+00:00","mainEntityOfPage":{"@id":"https:\/\/radioljubuski.ba\/index.php\/2021\/06\/23\/dalic-o-spanjolcima-puno-lakse-bi-bilo-sa-svedanima-ali-sto-je-tu-je\/"},"wordCount":300,"publisher":{"@id":"https:\/\/radioljubuski.ba\/#organization"},"image":{"@id":"https:\/\/radioljubuski.ba\/index.php\/2021\/06\/23\/dalic-o-spanjolcima-puno-lakse-bi-bilo-sa-svedanima-ali-sto-je-tu-je\/#primaryimage"},"thumbnailUrl":"https:\/\/radioljubuski.ba\/wp-content\/uploads\/2021\/06\/dalic-glasgow-jucer-2021-06-22t201117z-1246573288-up1eh6m1k2smw-rtrmadp-3-soccer-euro-cro-sco-report-20210623192704.jpg","articleSection":["\u0160port"],"inLanguage":"hr"},{"@type":"WebPage","@id":"https:\/\/radioljubuski.ba\/index.php\/2021\/06\/23\/dalic-o-spanjolcima-puno-lakse-bi-bilo-sa-svedanima-ali-sto-je-tu-je\/","url":"https:\/\/radioljubuski.ba\/index.php\/2021\/06\/23\/dalic-o-spanjolcima-puno-lakse-bi-bilo-sa-svedanima-ali-sto-je-tu-je\/","name":"Dali\u0107 o \u0160panjolcima: Puno lak\u0161e bi bilo sa \u0160ve\u0111anima, ali \u0161to je, tu je - RADIO LJUBU\u0160KI","isPartOf":{"@id":"https:\/\/radioljubuski.ba\/#website"},"primaryImageOfPage":{"@id":"https:\/\/radioljubuski.ba\/index.php\/2021\/06\/23\/dalic-o-spanjolcima-puno-lakse-bi-bilo-sa-svedanima-ali-sto-je-tu-je\/#primaryimage"},"image":{"@id":"https:\/\/radioljubuski.ba\/index.php\/2021\/06\/23\/dalic-o-spanjolcima-puno-lakse-bi-bilo-sa-svedanima-ali-sto-je-tu-je\/#primaryimage"},"thumbnailUrl":"https:\/\/radioljubuski.ba\/wp-content\/uploads\/2021\/06\/dalic-glasgow-jucer-2021-06-22t201117z-1246573288-up1eh6m1k2smw-rtrmadp-3-soccer-euro-cro-sco-report-20210623192704.jpg","datePublished":"2021-06-23T22:43:51+00:00","dateModified":"2021-06-23T22:43:52+00:00","breadcrumb":{"@id":"https:\/\/radioljubuski.ba\/index.php\/2021\/06\/23\/dalic-o-spanjolcima-puno-lakse-bi-bilo-sa-svedanima-ali-sto-je-tu-je\/#breadcrumb"},"inLanguage":"hr","potentialAction":[{"@type":"ReadAction","target":["https:\/\/radioljubuski.ba\/index.php\/2021\/06\/23\/dalic-o-spanjolcima-puno-lakse-bi-bilo-sa-svedanima-ali-sto-je-tu-je\/"]}]},{"@type":"ImageObject","inLanguage":"hr","@id":"https:\/\/radioljubuski.ba\/index.php\/2021\/06\/23\/dalic-o-spanjolcima-puno-lakse-bi-bilo-sa-svedanima-ali-sto-je-tu-je\/#primaryimage","url":"https:\/\/radioljubuski.ba\/wp-content\/uploads\/2021\/06\/dalic-glasgow-jucer-2021-06-22t201117z-1246573288-up1eh6m1k2smw-rtrmadp-3-soccer-euro-cro-sco-report-20210623192704.jpg","contentUrl":"https:\/\/radioljubuski.ba\/wp-content\/uploads\/2021\/06\/dalic-glasgow-jucer-2021-06-22t201117z-1246573288-up1eh6m1k2smw-rtrmadp-3-soccer-euro-cro-sco-report-20210623192704.jpg","width":1000,"height":593},{"@type":"BreadcrumbList","@id":"https:\/\/radioljubuski.ba\/index.php\/2021\/06\/23\/dalic-o-spanjolcima-puno-lakse-bi-bilo-sa-svedanima-ali-sto-je-tu-je\/#breadcrumb","itemListElement":[{"@type":"ListItem","position":1,"name":"Po\u010detna stranica","item":"https:\/\/radioljubuski.ba\/"},{"@type":"ListItem","position":2,"name":"Dali\u0107 o \u0160panjolcima: Puno lak\u0161e bi bilo sa \u0160ve\u0111anima, ali \u0161to je, tu je"}]},{"@type":"WebSite","@id":"https:\/\/radioljubuski.ba\/#website","url":"https:\/\/radioljubuski.ba\/","name":"Radio Ljubu\u0161ki","description":"Sun\u010dana frekvencija Hercegovine","publisher":{"@id":"https:\/\/radioljubuski.ba\/#organization"},"potentialAction":[{"@type":"SearchAction","target":{"@type":"EntryPoint","urlTemplate":"https:\/\/radioljubuski.ba\/?s={search_term_string}"},"query-input":{"@type":"PropertyValueSpecification","valueRequired":true,"valueName":"search_term_string"}}],"inLanguage":"hr"},{"@type":"Organization","@id":"https:\/\/radioljubuski.ba\/#organization","name":"Radio Ljubu\u0161ki","url":"https:\/\/radioljubuski.ba\/","logo":{"@type":"ImageObject","inLanguage":"hr","@id":"https:\/\/radioljubuski.ba\/#\/schema\/logo\/image\/","url":"https:\/\/radioljubuski.ba\/wp-content\/uploads\/2021\/02\/cropped-Radio_Ljubuski_logo1.jpg","contentUrl":"https:\/\/radioljubuski.ba\/wp-content\/uploads\/2021\/02\/cropped-Radio_Ljubuski_logo1.jpg","width":512,"height":512,"caption":"Radio Ljubu\u0161ki"},"image":{"@id":"https:\/\/radioljubuski.ba\/#\/schema\/logo\/image\/"},"sameAs":["https:\/\/www.facebook.com\/Radiio-Ljubuski-1490835324566332","https:\/\/x.com\/radioljubuski","https:\/\/hr.linkedin.com\/company\/radio-ljubuski","https:\/\/www.youtube.com\/channel\/UCHYaeO_n0Db3tjNGudGpXyw"]},{"@type":"Person","@id":"https:\/\/radioljubuski.ba\/#\/schema\/person\/19fc700381a780f69665d7956c469e3b","name":"Radio Ljubu\u0161ki"}]}},"_links":{"self":[{"href":"https:\/\/radioljubuski.ba\/index.php\/wp-json\/wp\/v2\/posts\/35259","targetHints":{"allow":["GET"]}}],"collection":[{"href":"https:\/\/radioljubuski.ba\/index.php\/wp-json\/wp\/v2\/posts"}],"about":[{"href":"https:\/\/radioljubuski.ba\/index.php\/wp-json\/wp\/v2\/types\/post"}],"author":[{"embeddable":true,"href":"https:\/\/radioljubuski.ba\/index.php\/wp-json\/wp\/v2\/users\/2"}],"replies":[{"embeddable":true,"href":"https:\/\/radioljubuski.ba\/index.php\/wp-json\/wp\/v2\/comments?post=35259"}],"version-history":[{"count":1,"href":"https:\/\/radioljubuski.ba\/index.php\/wp-json\/wp\/v2\/posts\/35259\/revisions"}],"predecessor-version":[{"id":35261,"href":"https:\/\/radioljubuski.ba\/index.php\/wp-json\/wp\/v2\/posts\/35259\/revisions\/35261"}],"wp:featuredmedia":[{"embeddable":true,"href":"https:\/\/radioljubuski.ba\/index.php\/wp-json\/wp\/v2\/media\/35260"}],"wp:attachment":[{"href":"https:\/\/radioljubuski.ba\/index.php\/wp-json\/wp\/v2\/media?parent=35259"}],"wp:term":[{"taxonomy":"category","embeddable":true,"href":"https:\/\/radioljubuski.ba\/index.php\/wp-json\/wp\/v2\/categories?post=35259"},{"taxonomy":"post_tag","embeddable":true,"href":"https:\/\/radioljubuski.ba\/index.php\/wp-json\/wp\/v2\/tags?post=35259"}],"curies":[{"name":"wp","href":"https:\/\/api.w.org\/{rel}","templated":true}]}}