{"id":35305,"date":"2021-06-24T00:54:48","date_gmt":"2021-06-23T23:54:48","guid":{"rendered":"https:\/\/radioljubuski.ba\/?p=35305"},"modified":"2021-06-24T00:54:50","modified_gmt":"2021-06-23T23:54:50","slug":"hnk-mostar-radi-na-predstavi-o-ubijenoj-viteskoj-djeci","status":"publish","type":"post","link":"https:\/\/radioljubuski.ba\/index.php\/2021\/06\/24\/hnk-mostar-radi-na-predstavi-o-ubijenoj-viteskoj-djeci\/","title":{"rendered":"HNK Mostar radi na predstavi o ubijenoj vite\u0161koj djeci"},"content":{"rendered":"\n<p><strong>U Hrvatskom narodnom kazali\u0161tu (HNK) u Mostaru ve\u0107 dulje od mjesec dana traje priprema nove predstave radnoga naziva \u201eKroz proces 10-6-1993\u201c.<\/strong><\/p>\n\n\n\n<p>Predstava je inspirirana doga\u0111ajem koji se 10. lipnja 1993. godine dogodio u Vitezu, na jednom malom dje\u010djem igrali\u0161tu, prostoru izme\u0111u obiteljskih ku\u0107a na kojem su se igrala djeca.<\/p>\n\n\n\n<p>Bilo je primirje izme\u0111u zara\u0107enih strana, nije se pucalo. U jeku dje\u010dje igre na to je mjesto pala granata ispaljena s polo\u017eaja Armije RBiH. Osmero djece je poginulo. Za taj zlo\u010din nitko nije odgovarao, priop\u0107eno je iz HNK Mostar.<\/p>\n\n\n\n<figure class=\"wp-block-image\"><img decoding=\"async\" src=\"https:\/\/hms.ba\/wp-content\/uploads\/2021\/06\/hnk-mostar_kroz-proces_2.jpg\" alt=\"\"\/><\/figure>\n\n\n\n<p>Autorica i redateljica predstave je Marina Petkovi\u0107 Liker, mostarskoj publici poznata po predstavi \u201eGnijezdo\u201c, postavljenoj u HNK Mostar 2018. godine, a koja je me\u0111u ostalim nagradama, osvojila i dva Grand Prixa: u Sarajevu na festivalu \u201eDani Jurislava Koreni\u0107a\u201c Kamernog teatra 55 i Banja Luci na Me\u0111unarodnom festivalu glumca ZAPLET 11, gdje je osvojila i nagradu publike za najbolju predstavu.<\/p>\n\n\n\n<p>\u201eMa koliko nevidljive i zaboravljene u javnosti, tragedije ostaju zapisane duboko u kolektivnoj svijesti i generacijama titraju, utje\u010du, oblikuju svakodnevicu ne samo obitelji \u017ertava nego i svih nas. Kada bi se moglo pogledati doga\u0111aju u o\u010di, kada bi se moglo dopustiti da se sve pri\u010de ispri\u010daju i sve \u017ertve pokopaju, a svi po\u010dinitelji kazne, mo\u017eda bi se prekinula nit konstantnog ratnog titranja, mo\u017eda bi se izlije\u010dile bolne pukotine koje su nastale u srcima ljudi i izme\u0111u njih\u201c, ka\u017ee redateljica Marina Petkovi\u0107 Liker.<\/p>\n\n\n\n<figure class=\"wp-block-image\"><img decoding=\"async\" src=\"https:\/\/hms.ba\/wp-content\/uploads\/2021\/06\/hnk-mostar_kroz-proces_3.jpg\" alt=\"\"\/><\/figure>\n\n\n\n<p>Pored glumaca HNK Mostar Roberta Pehara, Jelene Kordi\u0107 Kuret, Ivana Skoke, Nikoline Mari\u0107, Mire Barnjaka i Ive Kre\u0161i\u0107a, u predstavi igraju i Iva \u0160imi\u0107, Ana Franj\u010devi\u0107, Ana Ljubi\u0107, Mario Knezovi\u0107 i Mirela Mija\u010dank Kordi\u0107.<\/p>\n\n\n\n<p>Paralelno s nastankom predstave HNK Mostar producira i dokumentarni film o ubijenoj vite\u0161koj djeci i njihovim obiteljima. U pro\u0161loj i ovoj godini, ve\u0107 su obavljena vi\u0161ekratna snimanja u Vitezu.<\/p>\n\n\n\n<p>Dio video materijala iz filma koristit \u0107e se u predstavi, a neki elementi predstave ugradit \u0107e se u sam film.<\/p>\n\n\n\n<p>Uz Marinu Petkovi\u0107 Liker kao redateljicu dokumentarnog filma, u produkciji, me\u0111u ostalom ekipom, sudjeluju snimatelji Nives Milje\u0161i\u0107 i Jasenko Rasol, dok je za zvuk u filmu i predstavi zadu\u017een Luka Gamulin.<\/p>\n\n\n\n<p>Pored kazali\u0161ne predstave i dokumentarnog filma, HNK Mostar \u0107e s ekipom iz predstave i filma producirati i radio dramu na istu temu.<\/p>\n\n\n\n<p>Predstavu \u0107e mostarska publika mo\u0107i pogledati na daskama HNK Mostar 8., 9., 10. i 12. srpnja 2021. godine. Zavr\u0161etak produkcije radio drame i dokumentarnog filma planiran je u prvoj polovici sljede\u0107e godine.<\/p>\n\n\n\n<p>\/HMS\/<\/p>\n","protected":false},"excerpt":{"rendered":"<p>U Hrvatskom narodnom kazali\u0161tu (HNK) u Mostaru ve\u0107 dulje od mjesec dana traje priprema nove predstave radnoga naziva \u201eKroz proces 10-6-1993\u201c. Predstava je inspirirana doga\u0111ajem koji se 10. lipnja 1993. godine dogodio u Vitezu, na jednom malom dje\u010djem igrali\u0161tu, prostoru izme\u0111u obiteljskih ku\u0107a na kojem su se igrala djeca. Bilo je primirje izme\u0111u zara\u0107enih strana, [&hellip;]<\/p>\n","protected":false},"author":2,"featured_media":35306,"comment_status":"closed","ping_status":"closed","sticky":false,"template":"","format":"standard","meta":{"h5ap_radio_sources":[],"footnotes":""},"categories":[1],"tags":[],"class_list":["post-35305","post","type-post","status-publish","format-standard","has-post-thumbnail","hentry","category-bihiregija"],"yoast_head":"<!-- This site is optimized with the Yoast SEO plugin v27.5 - https:\/\/yoast.com\/product\/yoast-seo-wordpress\/ -->\n<title>HNK Mostar radi na predstavi o ubijenoj vite\u0161koj djeci - RADIO LJUBU\u0160KI<\/title>\n<meta name=\"robots\" content=\"index, follow, max-snippet:-1, max-image-preview:large, max-video-preview:-1\" \/>\n<link rel=\"canonical\" href=\"https:\/\/radioljubuski.ba\/index.php\/2021\/06\/24\/hnk-mostar-radi-na-predstavi-o-ubijenoj-viteskoj-djeci\/\" \/>\n<meta property=\"og:locale\" content=\"hr_HR\" \/>\n<meta property=\"og:type\" content=\"article\" \/>\n<meta property=\"og:title\" content=\"HNK Mostar radi na predstavi o ubijenoj vite\u0161koj djeci - RADIO LJUBU\u0160KI\" \/>\n<meta property=\"og:description\" content=\"U Hrvatskom narodnom kazali\u0161tu (HNK) u Mostaru ve\u0107 dulje od mjesec dana traje priprema nove predstave radnoga naziva \u201eKroz proces 10-6-1993\u201c. Predstava je inspirirana doga\u0111ajem koji se 10. lipnja 1993. godine dogodio u Vitezu, na jednom malom dje\u010djem igrali\u0161tu, prostoru izme\u0111u obiteljskih ku\u0107a na kojem su se igrala djeca. Bilo je primirje izme\u0111u zara\u0107enih strana, [&hellip;]\" \/>\n<meta property=\"og:url\" content=\"https:\/\/radioljubuski.ba\/index.php\/2021\/06\/24\/hnk-mostar-radi-na-predstavi-o-ubijenoj-viteskoj-djeci\/\" \/>\n<meta property=\"og:site_name\" content=\"RADIO LJUBU\u0160KI\" \/>\n<meta property=\"article:publisher\" content=\"https:\/\/www.facebook.com\/Radiio-Ljubuski-1490835324566332\" \/>\n<meta property=\"article:published_time\" content=\"2021-06-23T23:54:48+00:00\" \/>\n<meta property=\"article:modified_time\" content=\"2021-06-23T23:54:50+00:00\" \/>\n<meta property=\"og:image\" content=\"https:\/\/radioljubuski.ba\/wp-content\/uploads\/2021\/06\/hnk-mostar_kroz-proces_1-1068x753-1.jpg\" \/>\n\t<meta property=\"og:image:width\" content=\"1068\" \/>\n\t<meta property=\"og:image:height\" content=\"753\" \/>\n\t<meta property=\"og:image:type\" content=\"image\/jpeg\" \/>\n<meta name=\"author\" content=\"Radio Ljubu\u0161ki\" \/>\n<meta name=\"twitter:card\" content=\"summary_large_image\" \/>\n<meta name=\"twitter:creator\" content=\"@radioljubuski\" \/>\n<meta name=\"twitter:site\" content=\"@radioljubuski\" \/>\n<meta name=\"twitter:label1\" content=\"Napisao\/la\" \/>\n\t<meta name=\"twitter:data1\" content=\"Radio Ljubu\u0161ki\" \/>\n\t<meta name=\"twitter:label2\" content=\"Procijenjeno vrijeme \u010ditanja\" \/>\n\t<meta name=\"twitter:data2\" content=\"3 minute\" \/>\n<script type=\"application\/ld+json\" class=\"yoast-schema-graph\">{\"@context\":\"https:\\\/\\\/schema.org\",\"@graph\":[{\"@type\":\"Article\",\"@id\":\"https:\\\/\\\/radioljubuski.ba\\\/index.php\\\/2021\\\/06\\\/24\\\/hnk-mostar-radi-na-predstavi-o-ubijenoj-viteskoj-djeci\\\/#article\",\"isPartOf\":{\"@id\":\"https:\\\/\\\/radioljubuski.ba\\\/index.php\\\/2021\\\/06\\\/24\\\/hnk-mostar-radi-na-predstavi-o-ubijenoj-viteskoj-djeci\\\/\"},\"author\":{\"name\":\"Radio Ljubu\u0161ki\",\"@id\":\"https:\\\/\\\/radioljubuski.ba\\\/#\\\/schema\\\/person\\\/19fc700381a780f69665d7956c469e3b\"},\"headline\":\"HNK Mostar radi na predstavi o ubijenoj vite\u0161koj djeci\",\"datePublished\":\"2021-06-23T23:54:48+00:00\",\"dateModified\":\"2021-06-23T23:54:50+00:00\",\"mainEntityOfPage\":{\"@id\":\"https:\\\/\\\/radioljubuski.ba\\\/index.php\\\/2021\\\/06\\\/24\\\/hnk-mostar-radi-na-predstavi-o-ubijenoj-viteskoj-djeci\\\/\"},\"wordCount\":439,\"publisher\":{\"@id\":\"https:\\\/\\\/radioljubuski.ba\\\/#organization\"},\"image\":{\"@id\":\"https:\\\/\\\/radioljubuski.ba\\\/index.php\\\/2021\\\/06\\\/24\\\/hnk-mostar-radi-na-predstavi-o-ubijenoj-viteskoj-djeci\\\/#primaryimage\"},\"thumbnailUrl\":\"https:\\\/\\\/radioljubuski.ba\\\/wp-content\\\/uploads\\\/2021\\\/06\\\/hnk-mostar_kroz-proces_1-1068x753-1.jpg\",\"articleSection\":[\"BIH i regija\"],\"inLanguage\":\"hr\"},{\"@type\":\"WebPage\",\"@id\":\"https:\\\/\\\/radioljubuski.ba\\\/index.php\\\/2021\\\/06\\\/24\\\/hnk-mostar-radi-na-predstavi-o-ubijenoj-viteskoj-djeci\\\/\",\"url\":\"https:\\\/\\\/radioljubuski.ba\\\/index.php\\\/2021\\\/06\\\/24\\\/hnk-mostar-radi-na-predstavi-o-ubijenoj-viteskoj-djeci\\\/\",\"name\":\"HNK Mostar radi na predstavi o ubijenoj vite\u0161koj djeci - RADIO LJUBU\u0160KI\",\"isPartOf\":{\"@id\":\"https:\\\/\\\/radioljubuski.ba\\\/#website\"},\"primaryImageOfPage\":{\"@id\":\"https:\\\/\\\/radioljubuski.ba\\\/index.php\\\/2021\\\/06\\\/24\\\/hnk-mostar-radi-na-predstavi-o-ubijenoj-viteskoj-djeci\\\/#primaryimage\"},\"image\":{\"@id\":\"https:\\\/\\\/radioljubuski.ba\\\/index.php\\\/2021\\\/06\\\/24\\\/hnk-mostar-radi-na-predstavi-o-ubijenoj-viteskoj-djeci\\\/#primaryimage\"},\"thumbnailUrl\":\"https:\\\/\\\/radioljubuski.ba\\\/wp-content\\\/uploads\\\/2021\\\/06\\\/hnk-mostar_kroz-proces_1-1068x753-1.jpg\",\"datePublished\":\"2021-06-23T23:54:48+00:00\",\"dateModified\":\"2021-06-23T23:54:50+00:00\",\"breadcrumb\":{\"@id\":\"https:\\\/\\\/radioljubuski.ba\\\/index.php\\\/2021\\\/06\\\/24\\\/hnk-mostar-radi-na-predstavi-o-ubijenoj-viteskoj-djeci\\\/#breadcrumb\"},\"inLanguage\":\"hr\",\"potentialAction\":[{\"@type\":\"ReadAction\",\"target\":[\"https:\\\/\\\/radioljubuski.ba\\\/index.php\\\/2021\\\/06\\\/24\\\/hnk-mostar-radi-na-predstavi-o-ubijenoj-viteskoj-djeci\\\/\"]}]},{\"@type\":\"ImageObject\",\"inLanguage\":\"hr\",\"@id\":\"https:\\\/\\\/radioljubuski.ba\\\/index.php\\\/2021\\\/06\\\/24\\\/hnk-mostar-radi-na-predstavi-o-ubijenoj-viteskoj-djeci\\\/#primaryimage\",\"url\":\"https:\\\/\\\/radioljubuski.ba\\\/wp-content\\\/uploads\\\/2021\\\/06\\\/hnk-mostar_kroz-proces_1-1068x753-1.jpg\",\"contentUrl\":\"https:\\\/\\\/radioljubuski.ba\\\/wp-content\\\/uploads\\\/2021\\\/06\\\/hnk-mostar_kroz-proces_1-1068x753-1.jpg\",\"width\":1068,\"height\":753},{\"@type\":\"BreadcrumbList\",\"@id\":\"https:\\\/\\\/radioljubuski.ba\\\/index.php\\\/2021\\\/06\\\/24\\\/hnk-mostar-radi-na-predstavi-o-ubijenoj-viteskoj-djeci\\\/#breadcrumb\",\"itemListElement\":[{\"@type\":\"ListItem\",\"position\":1,\"name\":\"Po\u010detna stranica\",\"item\":\"https:\\\/\\\/radioljubuski.ba\\\/\"},{\"@type\":\"ListItem\",\"position\":2,\"name\":\"HNK Mostar radi na predstavi o ubijenoj vite\u0161koj djeci\"}]},{\"@type\":\"WebSite\",\"@id\":\"https:\\\/\\\/radioljubuski.ba\\\/#website\",\"url\":\"https:\\\/\\\/radioljubuski.ba\\\/\",\"name\":\"Radio Ljubu\u0161ki\",\"description\":\"Sun\u010dana frekvencija Hercegovine\",\"publisher\":{\"@id\":\"https:\\\/\\\/radioljubuski.ba\\\/#organization\"},\"potentialAction\":[{\"@type\":\"SearchAction\",\"target\":{\"@type\":\"EntryPoint\",\"urlTemplate\":\"https:\\\/\\\/radioljubuski.ba\\\/?s={search_term_string}\"},\"query-input\":{\"@type\":\"PropertyValueSpecification\",\"valueRequired\":true,\"valueName\":\"search_term_string\"}}],\"inLanguage\":\"hr\"},{\"@type\":\"Organization\",\"@id\":\"https:\\\/\\\/radioljubuski.ba\\\/#organization\",\"name\":\"Radio Ljubu\u0161ki\",\"url\":\"https:\\\/\\\/radioljubuski.ba\\\/\",\"logo\":{\"@type\":\"ImageObject\",\"inLanguage\":\"hr\",\"@id\":\"https:\\\/\\\/radioljubuski.ba\\\/#\\\/schema\\\/logo\\\/image\\\/\",\"url\":\"https:\\\/\\\/radioljubuski.ba\\\/wp-content\\\/uploads\\\/2021\\\/02\\\/cropped-Radio_Ljubuski_logo1.jpg\",\"contentUrl\":\"https:\\\/\\\/radioljubuski.ba\\\/wp-content\\\/uploads\\\/2021\\\/02\\\/cropped-Radio_Ljubuski_logo1.jpg\",\"width\":512,\"height\":512,\"caption\":\"Radio Ljubu\u0161ki\"},\"image\":{\"@id\":\"https:\\\/\\\/radioljubuski.ba\\\/#\\\/schema\\\/logo\\\/image\\\/\"},\"sameAs\":[\"https:\\\/\\\/www.facebook.com\\\/Radiio-Ljubuski-1490835324566332\",\"https:\\\/\\\/x.com\\\/radioljubuski\",\"https:\\\/\\\/hr.linkedin.com\\\/company\\\/radio-ljubuski\",\"https:\\\/\\\/www.youtube.com\\\/channel\\\/UCHYaeO_n0Db3tjNGudGpXyw\"]},{\"@type\":\"Person\",\"@id\":\"https:\\\/\\\/radioljubuski.ba\\\/#\\\/schema\\\/person\\\/19fc700381a780f69665d7956c469e3b\",\"name\":\"Radio Ljubu\u0161ki\"}]}<\/script>\n<!-- \/ Yoast SEO plugin. -->","yoast_head_json":{"title":"HNK Mostar radi na predstavi o ubijenoj vite\u0161koj djeci - RADIO LJUBU\u0160KI","robots":{"index":"index","follow":"follow","max-snippet":"max-snippet:-1","max-image-preview":"max-image-preview:large","max-video-preview":"max-video-preview:-1"},"canonical":"https:\/\/radioljubuski.ba\/index.php\/2021\/06\/24\/hnk-mostar-radi-na-predstavi-o-ubijenoj-viteskoj-djeci\/","og_locale":"hr_HR","og_type":"article","og_title":"HNK Mostar radi na predstavi o ubijenoj vite\u0161koj djeci - RADIO LJUBU\u0160KI","og_description":"U Hrvatskom narodnom kazali\u0161tu (HNK) u Mostaru ve\u0107 dulje od mjesec dana traje priprema nove predstave radnoga naziva \u201eKroz proces 10-6-1993\u201c. Predstava je inspirirana doga\u0111ajem koji se 10. lipnja 1993. godine dogodio u Vitezu, na jednom malom dje\u010djem igrali\u0161tu, prostoru izme\u0111u obiteljskih ku\u0107a na kojem su se igrala djeca. Bilo je primirje izme\u0111u zara\u0107enih strana, [&hellip;]","og_url":"https:\/\/radioljubuski.ba\/index.php\/2021\/06\/24\/hnk-mostar-radi-na-predstavi-o-ubijenoj-viteskoj-djeci\/","og_site_name":"RADIO LJUBU\u0160KI","article_publisher":"https:\/\/www.facebook.com\/Radiio-Ljubuski-1490835324566332","article_published_time":"2021-06-23T23:54:48+00:00","article_modified_time":"2021-06-23T23:54:50+00:00","og_image":[{"width":1068,"height":753,"url":"https:\/\/radioljubuski.ba\/wp-content\/uploads\/2021\/06\/hnk-mostar_kroz-proces_1-1068x753-1.jpg","type":"image\/jpeg"}],"author":"Radio Ljubu\u0161ki","twitter_card":"summary_large_image","twitter_creator":"@radioljubuski","twitter_site":"@radioljubuski","twitter_misc":{"Napisao\/la":"Radio Ljubu\u0161ki","Procijenjeno vrijeme \u010ditanja":"3 minute"},"schema":{"@context":"https:\/\/schema.org","@graph":[{"@type":"Article","@id":"https:\/\/radioljubuski.ba\/index.php\/2021\/06\/24\/hnk-mostar-radi-na-predstavi-o-ubijenoj-viteskoj-djeci\/#article","isPartOf":{"@id":"https:\/\/radioljubuski.ba\/index.php\/2021\/06\/24\/hnk-mostar-radi-na-predstavi-o-ubijenoj-viteskoj-djeci\/"},"author":{"name":"Radio Ljubu\u0161ki","@id":"https:\/\/radioljubuski.ba\/#\/schema\/person\/19fc700381a780f69665d7956c469e3b"},"headline":"HNK Mostar radi na predstavi o ubijenoj vite\u0161koj djeci","datePublished":"2021-06-23T23:54:48+00:00","dateModified":"2021-06-23T23:54:50+00:00","mainEntityOfPage":{"@id":"https:\/\/radioljubuski.ba\/index.php\/2021\/06\/24\/hnk-mostar-radi-na-predstavi-o-ubijenoj-viteskoj-djeci\/"},"wordCount":439,"publisher":{"@id":"https:\/\/radioljubuski.ba\/#organization"},"image":{"@id":"https:\/\/radioljubuski.ba\/index.php\/2021\/06\/24\/hnk-mostar-radi-na-predstavi-o-ubijenoj-viteskoj-djeci\/#primaryimage"},"thumbnailUrl":"https:\/\/radioljubuski.ba\/wp-content\/uploads\/2021\/06\/hnk-mostar_kroz-proces_1-1068x753-1.jpg","articleSection":["BIH i regija"],"inLanguage":"hr"},{"@type":"WebPage","@id":"https:\/\/radioljubuski.ba\/index.php\/2021\/06\/24\/hnk-mostar-radi-na-predstavi-o-ubijenoj-viteskoj-djeci\/","url":"https:\/\/radioljubuski.ba\/index.php\/2021\/06\/24\/hnk-mostar-radi-na-predstavi-o-ubijenoj-viteskoj-djeci\/","name":"HNK Mostar radi na predstavi o ubijenoj vite\u0161koj djeci - RADIO LJUBU\u0160KI","isPartOf":{"@id":"https:\/\/radioljubuski.ba\/#website"},"primaryImageOfPage":{"@id":"https:\/\/radioljubuski.ba\/index.php\/2021\/06\/24\/hnk-mostar-radi-na-predstavi-o-ubijenoj-viteskoj-djeci\/#primaryimage"},"image":{"@id":"https:\/\/radioljubuski.ba\/index.php\/2021\/06\/24\/hnk-mostar-radi-na-predstavi-o-ubijenoj-viteskoj-djeci\/#primaryimage"},"thumbnailUrl":"https:\/\/radioljubuski.ba\/wp-content\/uploads\/2021\/06\/hnk-mostar_kroz-proces_1-1068x753-1.jpg","datePublished":"2021-06-23T23:54:48+00:00","dateModified":"2021-06-23T23:54:50+00:00","breadcrumb":{"@id":"https:\/\/radioljubuski.ba\/index.php\/2021\/06\/24\/hnk-mostar-radi-na-predstavi-o-ubijenoj-viteskoj-djeci\/#breadcrumb"},"inLanguage":"hr","potentialAction":[{"@type":"ReadAction","target":["https:\/\/radioljubuski.ba\/index.php\/2021\/06\/24\/hnk-mostar-radi-na-predstavi-o-ubijenoj-viteskoj-djeci\/"]}]},{"@type":"ImageObject","inLanguage":"hr","@id":"https:\/\/radioljubuski.ba\/index.php\/2021\/06\/24\/hnk-mostar-radi-na-predstavi-o-ubijenoj-viteskoj-djeci\/#primaryimage","url":"https:\/\/radioljubuski.ba\/wp-content\/uploads\/2021\/06\/hnk-mostar_kroz-proces_1-1068x753-1.jpg","contentUrl":"https:\/\/radioljubuski.ba\/wp-content\/uploads\/2021\/06\/hnk-mostar_kroz-proces_1-1068x753-1.jpg","width":1068,"height":753},{"@type":"BreadcrumbList","@id":"https:\/\/radioljubuski.ba\/index.php\/2021\/06\/24\/hnk-mostar-radi-na-predstavi-o-ubijenoj-viteskoj-djeci\/#breadcrumb","itemListElement":[{"@type":"ListItem","position":1,"name":"Po\u010detna stranica","item":"https:\/\/radioljubuski.ba\/"},{"@type":"ListItem","position":2,"name":"HNK Mostar radi na predstavi o ubijenoj vite\u0161koj djeci"}]},{"@type":"WebSite","@id":"https:\/\/radioljubuski.ba\/#website","url":"https:\/\/radioljubuski.ba\/","name":"Radio Ljubu\u0161ki","description":"Sun\u010dana frekvencija Hercegovine","publisher":{"@id":"https:\/\/radioljubuski.ba\/#organization"},"potentialAction":[{"@type":"SearchAction","target":{"@type":"EntryPoint","urlTemplate":"https:\/\/radioljubuski.ba\/?s={search_term_string}"},"query-input":{"@type":"PropertyValueSpecification","valueRequired":true,"valueName":"search_term_string"}}],"inLanguage":"hr"},{"@type":"Organization","@id":"https:\/\/radioljubuski.ba\/#organization","name":"Radio Ljubu\u0161ki","url":"https:\/\/radioljubuski.ba\/","logo":{"@type":"ImageObject","inLanguage":"hr","@id":"https:\/\/radioljubuski.ba\/#\/schema\/logo\/image\/","url":"https:\/\/radioljubuski.ba\/wp-content\/uploads\/2021\/02\/cropped-Radio_Ljubuski_logo1.jpg","contentUrl":"https:\/\/radioljubuski.ba\/wp-content\/uploads\/2021\/02\/cropped-Radio_Ljubuski_logo1.jpg","width":512,"height":512,"caption":"Radio Ljubu\u0161ki"},"image":{"@id":"https:\/\/radioljubuski.ba\/#\/schema\/logo\/image\/"},"sameAs":["https:\/\/www.facebook.com\/Radiio-Ljubuski-1490835324566332","https:\/\/x.com\/radioljubuski","https:\/\/hr.linkedin.com\/company\/radio-ljubuski","https:\/\/www.youtube.com\/channel\/UCHYaeO_n0Db3tjNGudGpXyw"]},{"@type":"Person","@id":"https:\/\/radioljubuski.ba\/#\/schema\/person\/19fc700381a780f69665d7956c469e3b","name":"Radio Ljubu\u0161ki"}]}},"_links":{"self":[{"href":"https:\/\/radioljubuski.ba\/index.php\/wp-json\/wp\/v2\/posts\/35305","targetHints":{"allow":["GET"]}}],"collection":[{"href":"https:\/\/radioljubuski.ba\/index.php\/wp-json\/wp\/v2\/posts"}],"about":[{"href":"https:\/\/radioljubuski.ba\/index.php\/wp-json\/wp\/v2\/types\/post"}],"author":[{"embeddable":true,"href":"https:\/\/radioljubuski.ba\/index.php\/wp-json\/wp\/v2\/users\/2"}],"replies":[{"embeddable":true,"href":"https:\/\/radioljubuski.ba\/index.php\/wp-json\/wp\/v2\/comments?post=35305"}],"version-history":[{"count":1,"href":"https:\/\/radioljubuski.ba\/index.php\/wp-json\/wp\/v2\/posts\/35305\/revisions"}],"predecessor-version":[{"id":35307,"href":"https:\/\/radioljubuski.ba\/index.php\/wp-json\/wp\/v2\/posts\/35305\/revisions\/35307"}],"wp:featuredmedia":[{"embeddable":true,"href":"https:\/\/radioljubuski.ba\/index.php\/wp-json\/wp\/v2\/media\/35306"}],"wp:attachment":[{"href":"https:\/\/radioljubuski.ba\/index.php\/wp-json\/wp\/v2\/media?parent=35305"}],"wp:term":[{"taxonomy":"category","embeddable":true,"href":"https:\/\/radioljubuski.ba\/index.php\/wp-json\/wp\/v2\/categories?post=35305"},{"taxonomy":"post_tag","embeddable":true,"href":"https:\/\/radioljubuski.ba\/index.php\/wp-json\/wp\/v2\/tags?post=35305"}],"curies":[{"name":"wp","href":"https:\/\/api.w.org\/{rel}","templated":true}]}}