{"id":35308,"date":"2021-06-24T00:56:12","date_gmt":"2021-06-23T23:56:12","guid":{"rendered":"https:\/\/radioljubuski.ba\/?p=35308"},"modified":"2021-06-24T00:56:13","modified_gmt":"2021-06-23T23:56:13","slug":"tisuce-vjernika-hodocaste-u-svetiste-ivana-krstitelja-u-podmilacju","status":"publish","type":"post","link":"https:\/\/radioljubuski.ba\/index.php\/2021\/06\/24\/tisuce-vjernika-hodocaste-u-svetiste-ivana-krstitelja-u-podmilacju\/","title":{"rendered":"Tisu\u0107e vjernika hodo\u010daste u sveti\u0161te Ivana Krstitelja u Podmila\u010dju"},"content":{"rendered":"\n<p><strong>U povodu obilje\u017eavanja blagdana sv. Ivana Krstitelja, tisu\u0107e hodo\u010dasnika i ove godine pohodi Podmila\u010dje kod Jajca, jedno od najstarijih hodo\u010dasni\u010dkih i zavjetni\u010dkih mjesta u Bosni i Hercegovini.<\/strong><\/p>\n\n\n\n<p>Do sveti\u0161ta sv. Ivana Krstitelja, za kojega se ve\u017ee predaja o iscjeliteljskim mo\u0107ima pa je Podmila\u010dje jo\u0161 krajem pro\u0161loga stolje\u0107a od nekih pisaca dobio epitet \u201cbosanskoga Lourdesa\u201d, pje\u0161a\u010di i umirovljenik Zvonko Eldi\u0107.<\/p>\n\n\n\n<p>Eldi\u0107 koji je podrijetlom iz Travnika, a trenutno nastanjen u Hrvatskoj, kazao je za Fenu kako u Podmila\u010dje dolazi ve\u0107 godinama, \u010dime nastavlja obiteljsku tradiciju.<\/p>\n\n\n\n<p>\u2013 Dolazim u Podmila\u010dje uvijek kad mi to obveze dozvoljavaju. \u017dao mi je \u0161to pro\u0161le godine nisam mogao, zbog pandemije koronavirusa, ali ove godine sam uspio. Dolazit \u0107u sve dok me noge dr\u017ee jer \u017eelim nastaviti ovaj lijepi obi\u010daj koji su gajili i moji roditelji \u2013 ustvrdio je Eldi\u0107.<\/p>\n\n\n\n<p>Hodo\u010dasnike iz La\u0161vanske doline put do Podmila\u010dja vodi preko Vla\u0161i\u0107a, a mje\u0161tani okolnih sela su im i ove godine nudili okrepu na putu prema sveti\u0161tu.<\/p>\n\n\n\n<p>Posebnost ovog zavjetnog sveti\u0161ta je, me\u0111u ostalim, i u slu\u017eenju mise, uo\u010di blagdana sv. Ive, koja je namijenjena oboljelima, te veliki broj hodo\u010dasnika pje\u0161ice pre\u0111e i vi\u0161e od stotinu kilometara, kako bi molili za zdravlje svojih najbli\u017eih i pomo\u0107 u te\u0161kim \u017eivotnim situacijama.<\/p>\n\n\n\n<p>Nakon mise s molitvom za bolesnike, ve\u010deras \u0107e u Podmila\u010dju biti uprili\u010den duhovni i molitveni program, dok \u0107e u \u010detvrtak, na blagdan sv. Ivana Krstitelja, u 11 sati biti slu\u017eena sredi\u0161nja hodo\u010dasni\u010dka misa.<\/p>\n\n\n\n<p>Hodo\u010da\u0161\u0107e sv. Ivi u Podmila\u010dju nalazi se na preliminarnoj listi nematerijalne kulturne ba\u0161tine Bosne i Hercegovine.<\/p>\n\n\n\n<p>\/Fena\/HMS\/<\/p>\n","protected":false},"excerpt":{"rendered":"<p>U povodu obilje\u017eavanja blagdana sv. Ivana Krstitelja, tisu\u0107e hodo\u010dasnika i ove godine pohodi Podmila\u010dje kod Jajca, jedno od najstarijih hodo\u010dasni\u010dkih i zavjetni\u010dkih mjesta u Bosni i Hercegovini. Do sveti\u0161ta sv. Ivana Krstitelja, za kojega se ve\u017ee predaja o iscjeliteljskim mo\u0107ima pa je Podmila\u010dje jo\u0161 krajem pro\u0161loga stolje\u0107a od nekih pisaca dobio epitet \u201cbosanskoga Lourdesa\u201d, pje\u0161a\u010di [&hellip;]<\/p>\n","protected":false},"author":2,"featured_media":35309,"comment_status":"closed","ping_status":"closed","sticky":false,"template":"","format":"standard","meta":{"h5ap_radio_sources":[],"footnotes":""},"categories":[1],"tags":[],"class_list":["post-35308","post","type-post","status-publish","format-standard","has-post-thumbnail","hentry","category-bihiregija"],"yoast_head":"<!-- This site is optimized with the Yoast SEO plugin v27.5 - https:\/\/yoast.com\/product\/yoast-seo-wordpress\/ -->\n<title>Tisu\u0107e vjernika hodo\u010daste u sveti\u0161te Ivana Krstitelja u Podmila\u010dju - RADIO LJUBU\u0160KI<\/title>\n<meta name=\"robots\" content=\"index, follow, max-snippet:-1, max-image-preview:large, max-video-preview:-1\" \/>\n<link rel=\"canonical\" href=\"https:\/\/radioljubuski.ba\/index.php\/2021\/06\/24\/tisuce-vjernika-hodocaste-u-svetiste-ivana-krstitelja-u-podmilacju\/\" \/>\n<meta property=\"og:locale\" content=\"hr_HR\" \/>\n<meta property=\"og:type\" content=\"article\" \/>\n<meta property=\"og:title\" content=\"Tisu\u0107e vjernika hodo\u010daste u sveti\u0161te Ivana Krstitelja u Podmila\u010dju - RADIO LJUBU\u0160KI\" \/>\n<meta property=\"og:description\" content=\"U povodu obilje\u017eavanja blagdana sv. Ivana Krstitelja, tisu\u0107e hodo\u010dasnika i ove godine pohodi Podmila\u010dje kod Jajca, jedno od najstarijih hodo\u010dasni\u010dkih i zavjetni\u010dkih mjesta u Bosni i Hercegovini. Do sveti\u0161ta sv. Ivana Krstitelja, za kojega se ve\u017ee predaja o iscjeliteljskim mo\u0107ima pa je Podmila\u010dje jo\u0161 krajem pro\u0161loga stolje\u0107a od nekih pisaca dobio epitet \u201cbosanskoga Lourdesa\u201d, pje\u0161a\u010di [&hellip;]\" \/>\n<meta property=\"og:url\" content=\"https:\/\/radioljubuski.ba\/index.php\/2021\/06\/24\/tisuce-vjernika-hodocaste-u-svetiste-ivana-krstitelja-u-podmilacju\/\" \/>\n<meta property=\"og:site_name\" content=\"RADIO LJUBU\u0160KI\" \/>\n<meta property=\"article:publisher\" content=\"https:\/\/www.facebook.com\/Radiio-Ljubuski-1490835324566332\" \/>\n<meta property=\"article:published_time\" content=\"2021-06-23T23:56:12+00:00\" \/>\n<meta property=\"article:modified_time\" content=\"2021-06-23T23:56:13+00:00\" \/>\n<meta property=\"og:image\" content=\"https:\/\/radioljubuski.ba\/wp-content\/uploads\/2021\/06\/hodocasnici-1.jpg\" \/>\n\t<meta property=\"og:image:width\" content=\"750\" \/>\n\t<meta property=\"og:image:height\" content=\"450\" \/>\n\t<meta property=\"og:image:type\" content=\"image\/jpeg\" \/>\n<meta name=\"author\" content=\"Radio Ljubu\u0161ki\" \/>\n<meta name=\"twitter:card\" content=\"summary_large_image\" \/>\n<meta name=\"twitter:creator\" content=\"@radioljubuski\" \/>\n<meta name=\"twitter:site\" content=\"@radioljubuski\" \/>\n<meta name=\"twitter:label1\" content=\"Napisao\/la\" \/>\n\t<meta name=\"twitter:data1\" content=\"Radio Ljubu\u0161ki\" \/>\n\t<meta name=\"twitter:label2\" content=\"Procijenjeno vrijeme \u010ditanja\" \/>\n\t<meta name=\"twitter:data2\" content=\"2 minute\" \/>\n<script type=\"application\/ld+json\" class=\"yoast-schema-graph\">{\"@context\":\"https:\\\/\\\/schema.org\",\"@graph\":[{\"@type\":\"Article\",\"@id\":\"https:\\\/\\\/radioljubuski.ba\\\/index.php\\\/2021\\\/06\\\/24\\\/tisuce-vjernika-hodocaste-u-svetiste-ivana-krstitelja-u-podmilacju\\\/#article\",\"isPartOf\":{\"@id\":\"https:\\\/\\\/radioljubuski.ba\\\/index.php\\\/2021\\\/06\\\/24\\\/tisuce-vjernika-hodocaste-u-svetiste-ivana-krstitelja-u-podmilacju\\\/\"},\"author\":{\"name\":\"Radio Ljubu\u0161ki\",\"@id\":\"https:\\\/\\\/radioljubuski.ba\\\/#\\\/schema\\\/person\\\/19fc700381a780f69665d7956c469e3b\"},\"headline\":\"Tisu\u0107e vjernika hodo\u010daste u sveti\u0161te Ivana Krstitelja u Podmila\u010dju\",\"datePublished\":\"2021-06-23T23:56:12+00:00\",\"dateModified\":\"2021-06-23T23:56:13+00:00\",\"mainEntityOfPage\":{\"@id\":\"https:\\\/\\\/radioljubuski.ba\\\/index.php\\\/2021\\\/06\\\/24\\\/tisuce-vjernika-hodocaste-u-svetiste-ivana-krstitelja-u-podmilacju\\\/\"},\"wordCount\":310,\"publisher\":{\"@id\":\"https:\\\/\\\/radioljubuski.ba\\\/#organization\"},\"image\":{\"@id\":\"https:\\\/\\\/radioljubuski.ba\\\/index.php\\\/2021\\\/06\\\/24\\\/tisuce-vjernika-hodocaste-u-svetiste-ivana-krstitelja-u-podmilacju\\\/#primaryimage\"},\"thumbnailUrl\":\"https:\\\/\\\/radioljubuski.ba\\\/wp-content\\\/uploads\\\/2021\\\/06\\\/hodocasnici-1.jpg\",\"articleSection\":[\"BIH i regija\"],\"inLanguage\":\"hr\"},{\"@type\":\"WebPage\",\"@id\":\"https:\\\/\\\/radioljubuski.ba\\\/index.php\\\/2021\\\/06\\\/24\\\/tisuce-vjernika-hodocaste-u-svetiste-ivana-krstitelja-u-podmilacju\\\/\",\"url\":\"https:\\\/\\\/radioljubuski.ba\\\/index.php\\\/2021\\\/06\\\/24\\\/tisuce-vjernika-hodocaste-u-svetiste-ivana-krstitelja-u-podmilacju\\\/\",\"name\":\"Tisu\u0107e vjernika hodo\u010daste u sveti\u0161te Ivana Krstitelja u Podmila\u010dju - RADIO LJUBU\u0160KI\",\"isPartOf\":{\"@id\":\"https:\\\/\\\/radioljubuski.ba\\\/#website\"},\"primaryImageOfPage\":{\"@id\":\"https:\\\/\\\/radioljubuski.ba\\\/index.php\\\/2021\\\/06\\\/24\\\/tisuce-vjernika-hodocaste-u-svetiste-ivana-krstitelja-u-podmilacju\\\/#primaryimage\"},\"image\":{\"@id\":\"https:\\\/\\\/radioljubuski.ba\\\/index.php\\\/2021\\\/06\\\/24\\\/tisuce-vjernika-hodocaste-u-svetiste-ivana-krstitelja-u-podmilacju\\\/#primaryimage\"},\"thumbnailUrl\":\"https:\\\/\\\/radioljubuski.ba\\\/wp-content\\\/uploads\\\/2021\\\/06\\\/hodocasnici-1.jpg\",\"datePublished\":\"2021-06-23T23:56:12+00:00\",\"dateModified\":\"2021-06-23T23:56:13+00:00\",\"breadcrumb\":{\"@id\":\"https:\\\/\\\/radioljubuski.ba\\\/index.php\\\/2021\\\/06\\\/24\\\/tisuce-vjernika-hodocaste-u-svetiste-ivana-krstitelja-u-podmilacju\\\/#breadcrumb\"},\"inLanguage\":\"hr\",\"potentialAction\":[{\"@type\":\"ReadAction\",\"target\":[\"https:\\\/\\\/radioljubuski.ba\\\/index.php\\\/2021\\\/06\\\/24\\\/tisuce-vjernika-hodocaste-u-svetiste-ivana-krstitelja-u-podmilacju\\\/\"]}]},{\"@type\":\"ImageObject\",\"inLanguage\":\"hr\",\"@id\":\"https:\\\/\\\/radioljubuski.ba\\\/index.php\\\/2021\\\/06\\\/24\\\/tisuce-vjernika-hodocaste-u-svetiste-ivana-krstitelja-u-podmilacju\\\/#primaryimage\",\"url\":\"https:\\\/\\\/radioljubuski.ba\\\/wp-content\\\/uploads\\\/2021\\\/06\\\/hodocasnici-1.jpg\",\"contentUrl\":\"https:\\\/\\\/radioljubuski.ba\\\/wp-content\\\/uploads\\\/2021\\\/06\\\/hodocasnici-1.jpg\",\"width\":750,\"height\":450},{\"@type\":\"BreadcrumbList\",\"@id\":\"https:\\\/\\\/radioljubuski.ba\\\/index.php\\\/2021\\\/06\\\/24\\\/tisuce-vjernika-hodocaste-u-svetiste-ivana-krstitelja-u-podmilacju\\\/#breadcrumb\",\"itemListElement\":[{\"@type\":\"ListItem\",\"position\":1,\"name\":\"Po\u010detna stranica\",\"item\":\"https:\\\/\\\/radioljubuski.ba\\\/\"},{\"@type\":\"ListItem\",\"position\":2,\"name\":\"Tisu\u0107e vjernika hodo\u010daste u sveti\u0161te Ivana Krstitelja u Podmila\u010dju\"}]},{\"@type\":\"WebSite\",\"@id\":\"https:\\\/\\\/radioljubuski.ba\\\/#website\",\"url\":\"https:\\\/\\\/radioljubuski.ba\\\/\",\"name\":\"Radio Ljubu\u0161ki\",\"description\":\"Sun\u010dana frekvencija Hercegovine\",\"publisher\":{\"@id\":\"https:\\\/\\\/radioljubuski.ba\\\/#organization\"},\"potentialAction\":[{\"@type\":\"SearchAction\",\"target\":{\"@type\":\"EntryPoint\",\"urlTemplate\":\"https:\\\/\\\/radioljubuski.ba\\\/?s={search_term_string}\"},\"query-input\":{\"@type\":\"PropertyValueSpecification\",\"valueRequired\":true,\"valueName\":\"search_term_string\"}}],\"inLanguage\":\"hr\"},{\"@type\":\"Organization\",\"@id\":\"https:\\\/\\\/radioljubuski.ba\\\/#organization\",\"name\":\"Radio Ljubu\u0161ki\",\"url\":\"https:\\\/\\\/radioljubuski.ba\\\/\",\"logo\":{\"@type\":\"ImageObject\",\"inLanguage\":\"hr\",\"@id\":\"https:\\\/\\\/radioljubuski.ba\\\/#\\\/schema\\\/logo\\\/image\\\/\",\"url\":\"https:\\\/\\\/radioljubuski.ba\\\/wp-content\\\/uploads\\\/2021\\\/02\\\/cropped-Radio_Ljubuski_logo1.jpg\",\"contentUrl\":\"https:\\\/\\\/radioljubuski.ba\\\/wp-content\\\/uploads\\\/2021\\\/02\\\/cropped-Radio_Ljubuski_logo1.jpg\",\"width\":512,\"height\":512,\"caption\":\"Radio Ljubu\u0161ki\"},\"image\":{\"@id\":\"https:\\\/\\\/radioljubuski.ba\\\/#\\\/schema\\\/logo\\\/image\\\/\"},\"sameAs\":[\"https:\\\/\\\/www.facebook.com\\\/Radiio-Ljubuski-1490835324566332\",\"https:\\\/\\\/x.com\\\/radioljubuski\",\"https:\\\/\\\/hr.linkedin.com\\\/company\\\/radio-ljubuski\",\"https:\\\/\\\/www.youtube.com\\\/channel\\\/UCHYaeO_n0Db3tjNGudGpXyw\"]},{\"@type\":\"Person\",\"@id\":\"https:\\\/\\\/radioljubuski.ba\\\/#\\\/schema\\\/person\\\/19fc700381a780f69665d7956c469e3b\",\"name\":\"Radio Ljubu\u0161ki\"}]}<\/script>\n<!-- \/ Yoast SEO plugin. -->","yoast_head_json":{"title":"Tisu\u0107e vjernika hodo\u010daste u sveti\u0161te Ivana Krstitelja u Podmila\u010dju - RADIO LJUBU\u0160KI","robots":{"index":"index","follow":"follow","max-snippet":"max-snippet:-1","max-image-preview":"max-image-preview:large","max-video-preview":"max-video-preview:-1"},"canonical":"https:\/\/radioljubuski.ba\/index.php\/2021\/06\/24\/tisuce-vjernika-hodocaste-u-svetiste-ivana-krstitelja-u-podmilacju\/","og_locale":"hr_HR","og_type":"article","og_title":"Tisu\u0107e vjernika hodo\u010daste u sveti\u0161te Ivana Krstitelja u Podmila\u010dju - RADIO LJUBU\u0160KI","og_description":"U povodu obilje\u017eavanja blagdana sv. Ivana Krstitelja, tisu\u0107e hodo\u010dasnika i ove godine pohodi Podmila\u010dje kod Jajca, jedno od najstarijih hodo\u010dasni\u010dkih i zavjetni\u010dkih mjesta u Bosni i Hercegovini. Do sveti\u0161ta sv. Ivana Krstitelja, za kojega se ve\u017ee predaja o iscjeliteljskim mo\u0107ima pa je Podmila\u010dje jo\u0161 krajem pro\u0161loga stolje\u0107a od nekih pisaca dobio epitet \u201cbosanskoga Lourdesa\u201d, pje\u0161a\u010di [&hellip;]","og_url":"https:\/\/radioljubuski.ba\/index.php\/2021\/06\/24\/tisuce-vjernika-hodocaste-u-svetiste-ivana-krstitelja-u-podmilacju\/","og_site_name":"RADIO LJUBU\u0160KI","article_publisher":"https:\/\/www.facebook.com\/Radiio-Ljubuski-1490835324566332","article_published_time":"2021-06-23T23:56:12+00:00","article_modified_time":"2021-06-23T23:56:13+00:00","og_image":[{"width":750,"height":450,"url":"https:\/\/radioljubuski.ba\/wp-content\/uploads\/2021\/06\/hodocasnici-1.jpg","type":"image\/jpeg"}],"author":"Radio Ljubu\u0161ki","twitter_card":"summary_large_image","twitter_creator":"@radioljubuski","twitter_site":"@radioljubuski","twitter_misc":{"Napisao\/la":"Radio Ljubu\u0161ki","Procijenjeno vrijeme \u010ditanja":"2 minute"},"schema":{"@context":"https:\/\/schema.org","@graph":[{"@type":"Article","@id":"https:\/\/radioljubuski.ba\/index.php\/2021\/06\/24\/tisuce-vjernika-hodocaste-u-svetiste-ivana-krstitelja-u-podmilacju\/#article","isPartOf":{"@id":"https:\/\/radioljubuski.ba\/index.php\/2021\/06\/24\/tisuce-vjernika-hodocaste-u-svetiste-ivana-krstitelja-u-podmilacju\/"},"author":{"name":"Radio Ljubu\u0161ki","@id":"https:\/\/radioljubuski.ba\/#\/schema\/person\/19fc700381a780f69665d7956c469e3b"},"headline":"Tisu\u0107e vjernika hodo\u010daste u sveti\u0161te Ivana Krstitelja u Podmila\u010dju","datePublished":"2021-06-23T23:56:12+00:00","dateModified":"2021-06-23T23:56:13+00:00","mainEntityOfPage":{"@id":"https:\/\/radioljubuski.ba\/index.php\/2021\/06\/24\/tisuce-vjernika-hodocaste-u-svetiste-ivana-krstitelja-u-podmilacju\/"},"wordCount":310,"publisher":{"@id":"https:\/\/radioljubuski.ba\/#organization"},"image":{"@id":"https:\/\/radioljubuski.ba\/index.php\/2021\/06\/24\/tisuce-vjernika-hodocaste-u-svetiste-ivana-krstitelja-u-podmilacju\/#primaryimage"},"thumbnailUrl":"https:\/\/radioljubuski.ba\/wp-content\/uploads\/2021\/06\/hodocasnici-1.jpg","articleSection":["BIH i regija"],"inLanguage":"hr"},{"@type":"WebPage","@id":"https:\/\/radioljubuski.ba\/index.php\/2021\/06\/24\/tisuce-vjernika-hodocaste-u-svetiste-ivana-krstitelja-u-podmilacju\/","url":"https:\/\/radioljubuski.ba\/index.php\/2021\/06\/24\/tisuce-vjernika-hodocaste-u-svetiste-ivana-krstitelja-u-podmilacju\/","name":"Tisu\u0107e vjernika hodo\u010daste u sveti\u0161te Ivana Krstitelja u Podmila\u010dju - RADIO LJUBU\u0160KI","isPartOf":{"@id":"https:\/\/radioljubuski.ba\/#website"},"primaryImageOfPage":{"@id":"https:\/\/radioljubuski.ba\/index.php\/2021\/06\/24\/tisuce-vjernika-hodocaste-u-svetiste-ivana-krstitelja-u-podmilacju\/#primaryimage"},"image":{"@id":"https:\/\/radioljubuski.ba\/index.php\/2021\/06\/24\/tisuce-vjernika-hodocaste-u-svetiste-ivana-krstitelja-u-podmilacju\/#primaryimage"},"thumbnailUrl":"https:\/\/radioljubuski.ba\/wp-content\/uploads\/2021\/06\/hodocasnici-1.jpg","datePublished":"2021-06-23T23:56:12+00:00","dateModified":"2021-06-23T23:56:13+00:00","breadcrumb":{"@id":"https:\/\/radioljubuski.ba\/index.php\/2021\/06\/24\/tisuce-vjernika-hodocaste-u-svetiste-ivana-krstitelja-u-podmilacju\/#breadcrumb"},"inLanguage":"hr","potentialAction":[{"@type":"ReadAction","target":["https:\/\/radioljubuski.ba\/index.php\/2021\/06\/24\/tisuce-vjernika-hodocaste-u-svetiste-ivana-krstitelja-u-podmilacju\/"]}]},{"@type":"ImageObject","inLanguage":"hr","@id":"https:\/\/radioljubuski.ba\/index.php\/2021\/06\/24\/tisuce-vjernika-hodocaste-u-svetiste-ivana-krstitelja-u-podmilacju\/#primaryimage","url":"https:\/\/radioljubuski.ba\/wp-content\/uploads\/2021\/06\/hodocasnici-1.jpg","contentUrl":"https:\/\/radioljubuski.ba\/wp-content\/uploads\/2021\/06\/hodocasnici-1.jpg","width":750,"height":450},{"@type":"BreadcrumbList","@id":"https:\/\/radioljubuski.ba\/index.php\/2021\/06\/24\/tisuce-vjernika-hodocaste-u-svetiste-ivana-krstitelja-u-podmilacju\/#breadcrumb","itemListElement":[{"@type":"ListItem","position":1,"name":"Po\u010detna stranica","item":"https:\/\/radioljubuski.ba\/"},{"@type":"ListItem","position":2,"name":"Tisu\u0107e vjernika hodo\u010daste u sveti\u0161te Ivana Krstitelja u Podmila\u010dju"}]},{"@type":"WebSite","@id":"https:\/\/radioljubuski.ba\/#website","url":"https:\/\/radioljubuski.ba\/","name":"Radio Ljubu\u0161ki","description":"Sun\u010dana frekvencija Hercegovine","publisher":{"@id":"https:\/\/radioljubuski.ba\/#organization"},"potentialAction":[{"@type":"SearchAction","target":{"@type":"EntryPoint","urlTemplate":"https:\/\/radioljubuski.ba\/?s={search_term_string}"},"query-input":{"@type":"PropertyValueSpecification","valueRequired":true,"valueName":"search_term_string"}}],"inLanguage":"hr"},{"@type":"Organization","@id":"https:\/\/radioljubuski.ba\/#organization","name":"Radio Ljubu\u0161ki","url":"https:\/\/radioljubuski.ba\/","logo":{"@type":"ImageObject","inLanguage":"hr","@id":"https:\/\/radioljubuski.ba\/#\/schema\/logo\/image\/","url":"https:\/\/radioljubuski.ba\/wp-content\/uploads\/2021\/02\/cropped-Radio_Ljubuski_logo1.jpg","contentUrl":"https:\/\/radioljubuski.ba\/wp-content\/uploads\/2021\/02\/cropped-Radio_Ljubuski_logo1.jpg","width":512,"height":512,"caption":"Radio Ljubu\u0161ki"},"image":{"@id":"https:\/\/radioljubuski.ba\/#\/schema\/logo\/image\/"},"sameAs":["https:\/\/www.facebook.com\/Radiio-Ljubuski-1490835324566332","https:\/\/x.com\/radioljubuski","https:\/\/hr.linkedin.com\/company\/radio-ljubuski","https:\/\/www.youtube.com\/channel\/UCHYaeO_n0Db3tjNGudGpXyw"]},{"@type":"Person","@id":"https:\/\/radioljubuski.ba\/#\/schema\/person\/19fc700381a780f69665d7956c469e3b","name":"Radio Ljubu\u0161ki"}]}},"_links":{"self":[{"href":"https:\/\/radioljubuski.ba\/index.php\/wp-json\/wp\/v2\/posts\/35308","targetHints":{"allow":["GET"]}}],"collection":[{"href":"https:\/\/radioljubuski.ba\/index.php\/wp-json\/wp\/v2\/posts"}],"about":[{"href":"https:\/\/radioljubuski.ba\/index.php\/wp-json\/wp\/v2\/types\/post"}],"author":[{"embeddable":true,"href":"https:\/\/radioljubuski.ba\/index.php\/wp-json\/wp\/v2\/users\/2"}],"replies":[{"embeddable":true,"href":"https:\/\/radioljubuski.ba\/index.php\/wp-json\/wp\/v2\/comments?post=35308"}],"version-history":[{"count":1,"href":"https:\/\/radioljubuski.ba\/index.php\/wp-json\/wp\/v2\/posts\/35308\/revisions"}],"predecessor-version":[{"id":35310,"href":"https:\/\/radioljubuski.ba\/index.php\/wp-json\/wp\/v2\/posts\/35308\/revisions\/35310"}],"wp:featuredmedia":[{"embeddable":true,"href":"https:\/\/radioljubuski.ba\/index.php\/wp-json\/wp\/v2\/media\/35309"}],"wp:attachment":[{"href":"https:\/\/radioljubuski.ba\/index.php\/wp-json\/wp\/v2\/media?parent=35308"}],"wp:term":[{"taxonomy":"category","embeddable":true,"href":"https:\/\/radioljubuski.ba\/index.php\/wp-json\/wp\/v2\/categories?post=35308"},{"taxonomy":"post_tag","embeddable":true,"href":"https:\/\/radioljubuski.ba\/index.php\/wp-json\/wp\/v2\/tags?post=35308"}],"curies":[{"name":"wp","href":"https:\/\/api.w.org\/{rel}","templated":true}]}}