{"id":35323,"date":"2021-06-24T01:04:19","date_gmt":"2021-06-24T00:04:19","guid":{"rendered":"https:\/\/radioljubuski.ba\/?p=35323"},"modified":"2021-06-24T01:04:20","modified_gmt":"2021-06-24T00:04:20","slug":"koprivnica-beba-ostala-zakljucana-u-autu-spasili-ju-vatrogasci","status":"publish","type":"post","link":"https:\/\/radioljubuski.ba\/index.php\/2021\/06\/24\/koprivnica-beba-ostala-zakljucana-u-autu-spasili-ju-vatrogasci\/","title":{"rendered":"Koprivnica: Beba ostala zaklju\u010dana u autu, spasili ju vatrogasci"},"content":{"rendered":"\n<p><strong>Danas su u Koprivnici vatrogasci spasili bebu koja je ostala zaklju\u010dana u automobilu.<\/strong><\/p>\n\n\n\n<p>Vatrogasci su dobili dojavu da je nedaleko od sredi\u0161ta Koprivnice u automobilu zaklju\u010dano malo dijete.<\/p>\n\n\n\n<p>Brzom intervencijom vatrogasci su razbili staklo na automobilu i izvukli van bebu koja, kako doznaje Podravski.hr, nema ni godinu dana.<\/p>\n\n\n\n<figure class=\"wp-block-image\"><img decoding=\"async\" src=\"https:\/\/hms.ba\/wp-content\/uploads\/2021\/06\/beba-vatrogasci1.jpg\" alt=\"\"\/><\/figure>\n\n\n\n<p>Automobil se sam zaklju\u010dao, klju\u010devi ostali unutra. Majka nazvala vatrogasce<\/p>\n\n\n\n<p>Kako doznaje Index, dijete je ostalo zaklju\u010dano u novom modelu Mercedesa koji se vrlo brzo sam zaklju\u010dava.<\/p>\n\n\n\n<p>Vlasnica automobila, majka bebe, ostavila je klju\u010deve u automobilu koji se sam zaklju\u010dao te je odmah javila vatrogascima, \u010dim je shvatila \u0161to se dogodilo. Beba je, kako doznaje Index, bila na sjedalu iza suvoza\u010deva.<\/p>\n\n\n\n<p><strong>Beba je intervenciju prespavala<\/strong><\/p>\n\n\n\n<p>Vatrogasci su na lice mjesta stigli vrlo brzo te razbili staklo sa suprotne strane kako bi beba ostala na sigurnom. Sve skupa je trajalo kratko, a beba je intervenciju prespavala.<\/p>\n\n\n\n<p>Danas su, podsjetimo, u Hrvatskoj izuzetno visoke temperature, a nedavni slu\u010daj iz Knina, kada je dje\u010dak preminuo od toplinskog udara u zaklju\u010danom automobilu, podsjetio je hrvatsku javnost koliko visoke temperature mogu biti opasne za djecu u automobilima.<\/p>\n\n\n\n<p>\/HMS\/<\/p>\n","protected":false},"excerpt":{"rendered":"<p>Danas su u Koprivnici vatrogasci spasili bebu koja je ostala zaklju\u010dana u automobilu. Vatrogasci su dobili dojavu da je nedaleko od sredi\u0161ta Koprivnice u automobilu zaklju\u010dano malo dijete. Brzom intervencijom vatrogasci su razbili staklo na automobilu i izvukli van bebu koja, kako doznaje Podravski.hr, nema ni godinu dana. Automobil se sam zaklju\u010dao, klju\u010devi ostali unutra. [&hellip;]<\/p>\n","protected":false},"author":2,"featured_media":35324,"comment_status":"closed","ping_status":"closed","sticky":false,"template":"","format":"standard","meta":{"h5ap_radio_sources":[],"footnotes":""},"categories":[1],"tags":[],"class_list":["post-35323","post","type-post","status-publish","format-standard","has-post-thumbnail","hentry","category-bihiregija"],"yoast_head":"<!-- This site is optimized with the Yoast SEO plugin v27.5 - https:\/\/yoast.com\/product\/yoast-seo-wordpress\/ -->\n<title>Koprivnica: Beba ostala zaklju\u010dana u autu, spasili ju vatrogasci - RADIO LJUBU\u0160KI<\/title>\n<meta name=\"robots\" content=\"index, follow, max-snippet:-1, max-image-preview:large, max-video-preview:-1\" \/>\n<link rel=\"canonical\" href=\"https:\/\/radioljubuski.ba\/index.php\/2021\/06\/24\/koprivnica-beba-ostala-zakljucana-u-autu-spasili-ju-vatrogasci\/\" \/>\n<meta property=\"og:locale\" content=\"hr_HR\" \/>\n<meta property=\"og:type\" content=\"article\" \/>\n<meta property=\"og:title\" content=\"Koprivnica: Beba ostala zaklju\u010dana u autu, spasili ju vatrogasci - RADIO LJUBU\u0160KI\" \/>\n<meta property=\"og:description\" content=\"Danas su u Koprivnici vatrogasci spasili bebu koja je ostala zaklju\u010dana u automobilu. Vatrogasci su dobili dojavu da je nedaleko od sredi\u0161ta Koprivnice u automobilu zaklju\u010dano malo dijete. Brzom intervencijom vatrogasci su razbili staklo na automobilu i izvukli van bebu koja, kako doznaje Podravski.hr, nema ni godinu dana. Automobil se sam zaklju\u010dao, klju\u010devi ostali unutra. [&hellip;]\" \/>\n<meta property=\"og:url\" content=\"https:\/\/radioljubuski.ba\/index.php\/2021\/06\/24\/koprivnica-beba-ostala-zakljucana-u-autu-spasili-ju-vatrogasci\/\" \/>\n<meta property=\"og:site_name\" content=\"RADIO LJUBU\u0160KI\" \/>\n<meta property=\"article:publisher\" content=\"https:\/\/www.facebook.com\/Radiio-Ljubuski-1490835324566332\" \/>\n<meta property=\"article:published_time\" content=\"2021-06-24T00:04:19+00:00\" \/>\n<meta property=\"article:modified_time\" content=\"2021-06-24T00:04:20+00:00\" \/>\n<meta property=\"og:image\" content=\"https:\/\/radioljubuski.ba\/wp-content\/uploads\/2021\/06\/beba-vatrogasci.jpg\" \/>\n\t<meta property=\"og:image:width\" content=\"765\" \/>\n\t<meta property=\"og:image:height\" content=\"393\" \/>\n\t<meta property=\"og:image:type\" content=\"image\/jpeg\" \/>\n<meta name=\"author\" content=\"Radio Ljubu\u0161ki\" \/>\n<meta name=\"twitter:card\" content=\"summary_large_image\" \/>\n<meta name=\"twitter:creator\" content=\"@radioljubuski\" \/>\n<meta name=\"twitter:site\" content=\"@radioljubuski\" \/>\n<meta name=\"twitter:label1\" content=\"Napisao\/la\" \/>\n\t<meta name=\"twitter:data1\" content=\"Radio Ljubu\u0161ki\" \/>\n\t<meta name=\"twitter:label2\" content=\"Procijenjeno vrijeme \u010ditanja\" \/>\n\t<meta name=\"twitter:data2\" content=\"1 minuta\" \/>\n<script type=\"application\/ld+json\" class=\"yoast-schema-graph\">{\"@context\":\"https:\\\/\\\/schema.org\",\"@graph\":[{\"@type\":\"Article\",\"@id\":\"https:\\\/\\\/radioljubuski.ba\\\/index.php\\\/2021\\\/06\\\/24\\\/koprivnica-beba-ostala-zakljucana-u-autu-spasili-ju-vatrogasci\\\/#article\",\"isPartOf\":{\"@id\":\"https:\\\/\\\/radioljubuski.ba\\\/index.php\\\/2021\\\/06\\\/24\\\/koprivnica-beba-ostala-zakljucana-u-autu-spasili-ju-vatrogasci\\\/\"},\"author\":{\"name\":\"Radio Ljubu\u0161ki\",\"@id\":\"https:\\\/\\\/radioljubuski.ba\\\/#\\\/schema\\\/person\\\/19fc700381a780f69665d7956c469e3b\"},\"headline\":\"Koprivnica: Beba ostala zaklju\u010dana u autu, spasili ju vatrogasci\",\"datePublished\":\"2021-06-24T00:04:19+00:00\",\"dateModified\":\"2021-06-24T00:04:20+00:00\",\"mainEntityOfPage\":{\"@id\":\"https:\\\/\\\/radioljubuski.ba\\\/index.php\\\/2021\\\/06\\\/24\\\/koprivnica-beba-ostala-zakljucana-u-autu-spasili-ju-vatrogasci\\\/\"},\"wordCount\":205,\"publisher\":{\"@id\":\"https:\\\/\\\/radioljubuski.ba\\\/#organization\"},\"image\":{\"@id\":\"https:\\\/\\\/radioljubuski.ba\\\/index.php\\\/2021\\\/06\\\/24\\\/koprivnica-beba-ostala-zakljucana-u-autu-spasili-ju-vatrogasci\\\/#primaryimage\"},\"thumbnailUrl\":\"https:\\\/\\\/radioljubuski.ba\\\/wp-content\\\/uploads\\\/2021\\\/06\\\/beba-vatrogasci.jpg\",\"articleSection\":[\"BIH i regija\"],\"inLanguage\":\"hr\"},{\"@type\":\"WebPage\",\"@id\":\"https:\\\/\\\/radioljubuski.ba\\\/index.php\\\/2021\\\/06\\\/24\\\/koprivnica-beba-ostala-zakljucana-u-autu-spasili-ju-vatrogasci\\\/\",\"url\":\"https:\\\/\\\/radioljubuski.ba\\\/index.php\\\/2021\\\/06\\\/24\\\/koprivnica-beba-ostala-zakljucana-u-autu-spasili-ju-vatrogasci\\\/\",\"name\":\"Koprivnica: Beba ostala zaklju\u010dana u autu, spasili ju vatrogasci - RADIO LJUBU\u0160KI\",\"isPartOf\":{\"@id\":\"https:\\\/\\\/radioljubuski.ba\\\/#website\"},\"primaryImageOfPage\":{\"@id\":\"https:\\\/\\\/radioljubuski.ba\\\/index.php\\\/2021\\\/06\\\/24\\\/koprivnica-beba-ostala-zakljucana-u-autu-spasili-ju-vatrogasci\\\/#primaryimage\"},\"image\":{\"@id\":\"https:\\\/\\\/radioljubuski.ba\\\/index.php\\\/2021\\\/06\\\/24\\\/koprivnica-beba-ostala-zakljucana-u-autu-spasili-ju-vatrogasci\\\/#primaryimage\"},\"thumbnailUrl\":\"https:\\\/\\\/radioljubuski.ba\\\/wp-content\\\/uploads\\\/2021\\\/06\\\/beba-vatrogasci.jpg\",\"datePublished\":\"2021-06-24T00:04:19+00:00\",\"dateModified\":\"2021-06-24T00:04:20+00:00\",\"breadcrumb\":{\"@id\":\"https:\\\/\\\/radioljubuski.ba\\\/index.php\\\/2021\\\/06\\\/24\\\/koprivnica-beba-ostala-zakljucana-u-autu-spasili-ju-vatrogasci\\\/#breadcrumb\"},\"inLanguage\":\"hr\",\"potentialAction\":[{\"@type\":\"ReadAction\",\"target\":[\"https:\\\/\\\/radioljubuski.ba\\\/index.php\\\/2021\\\/06\\\/24\\\/koprivnica-beba-ostala-zakljucana-u-autu-spasili-ju-vatrogasci\\\/\"]}]},{\"@type\":\"ImageObject\",\"inLanguage\":\"hr\",\"@id\":\"https:\\\/\\\/radioljubuski.ba\\\/index.php\\\/2021\\\/06\\\/24\\\/koprivnica-beba-ostala-zakljucana-u-autu-spasili-ju-vatrogasci\\\/#primaryimage\",\"url\":\"https:\\\/\\\/radioljubuski.ba\\\/wp-content\\\/uploads\\\/2021\\\/06\\\/beba-vatrogasci.jpg\",\"contentUrl\":\"https:\\\/\\\/radioljubuski.ba\\\/wp-content\\\/uploads\\\/2021\\\/06\\\/beba-vatrogasci.jpg\",\"width\":765,\"height\":393},{\"@type\":\"BreadcrumbList\",\"@id\":\"https:\\\/\\\/radioljubuski.ba\\\/index.php\\\/2021\\\/06\\\/24\\\/koprivnica-beba-ostala-zakljucana-u-autu-spasili-ju-vatrogasci\\\/#breadcrumb\",\"itemListElement\":[{\"@type\":\"ListItem\",\"position\":1,\"name\":\"Po\u010detna stranica\",\"item\":\"https:\\\/\\\/radioljubuski.ba\\\/\"},{\"@type\":\"ListItem\",\"position\":2,\"name\":\"Koprivnica: Beba ostala zaklju\u010dana u autu, spasili ju vatrogasci\"}]},{\"@type\":\"WebSite\",\"@id\":\"https:\\\/\\\/radioljubuski.ba\\\/#website\",\"url\":\"https:\\\/\\\/radioljubuski.ba\\\/\",\"name\":\"Radio Ljubu\u0161ki\",\"description\":\"Sun\u010dana frekvencija Hercegovine\",\"publisher\":{\"@id\":\"https:\\\/\\\/radioljubuski.ba\\\/#organization\"},\"potentialAction\":[{\"@type\":\"SearchAction\",\"target\":{\"@type\":\"EntryPoint\",\"urlTemplate\":\"https:\\\/\\\/radioljubuski.ba\\\/?s={search_term_string}\"},\"query-input\":{\"@type\":\"PropertyValueSpecification\",\"valueRequired\":true,\"valueName\":\"search_term_string\"}}],\"inLanguage\":\"hr\"},{\"@type\":\"Organization\",\"@id\":\"https:\\\/\\\/radioljubuski.ba\\\/#organization\",\"name\":\"Radio Ljubu\u0161ki\",\"url\":\"https:\\\/\\\/radioljubuski.ba\\\/\",\"logo\":{\"@type\":\"ImageObject\",\"inLanguage\":\"hr\",\"@id\":\"https:\\\/\\\/radioljubuski.ba\\\/#\\\/schema\\\/logo\\\/image\\\/\",\"url\":\"https:\\\/\\\/radioljubuski.ba\\\/wp-content\\\/uploads\\\/2021\\\/02\\\/cropped-Radio_Ljubuski_logo1.jpg\",\"contentUrl\":\"https:\\\/\\\/radioljubuski.ba\\\/wp-content\\\/uploads\\\/2021\\\/02\\\/cropped-Radio_Ljubuski_logo1.jpg\",\"width\":512,\"height\":512,\"caption\":\"Radio Ljubu\u0161ki\"},\"image\":{\"@id\":\"https:\\\/\\\/radioljubuski.ba\\\/#\\\/schema\\\/logo\\\/image\\\/\"},\"sameAs\":[\"https:\\\/\\\/www.facebook.com\\\/Radiio-Ljubuski-1490835324566332\",\"https:\\\/\\\/x.com\\\/radioljubuski\",\"https:\\\/\\\/hr.linkedin.com\\\/company\\\/radio-ljubuski\",\"https:\\\/\\\/www.youtube.com\\\/channel\\\/UCHYaeO_n0Db3tjNGudGpXyw\"]},{\"@type\":\"Person\",\"@id\":\"https:\\\/\\\/radioljubuski.ba\\\/#\\\/schema\\\/person\\\/19fc700381a780f69665d7956c469e3b\",\"name\":\"Radio Ljubu\u0161ki\"}]}<\/script>\n<!-- \/ Yoast SEO plugin. -->","yoast_head_json":{"title":"Koprivnica: Beba ostala zaklju\u010dana u autu, spasili ju vatrogasci - RADIO LJUBU\u0160KI","robots":{"index":"index","follow":"follow","max-snippet":"max-snippet:-1","max-image-preview":"max-image-preview:large","max-video-preview":"max-video-preview:-1"},"canonical":"https:\/\/radioljubuski.ba\/index.php\/2021\/06\/24\/koprivnica-beba-ostala-zakljucana-u-autu-spasili-ju-vatrogasci\/","og_locale":"hr_HR","og_type":"article","og_title":"Koprivnica: Beba ostala zaklju\u010dana u autu, spasili ju vatrogasci - RADIO LJUBU\u0160KI","og_description":"Danas su u Koprivnici vatrogasci spasili bebu koja je ostala zaklju\u010dana u automobilu. Vatrogasci su dobili dojavu da je nedaleko od sredi\u0161ta Koprivnice u automobilu zaklju\u010dano malo dijete. Brzom intervencijom vatrogasci su razbili staklo na automobilu i izvukli van bebu koja, kako doznaje Podravski.hr, nema ni godinu dana. Automobil se sam zaklju\u010dao, klju\u010devi ostali unutra. [&hellip;]","og_url":"https:\/\/radioljubuski.ba\/index.php\/2021\/06\/24\/koprivnica-beba-ostala-zakljucana-u-autu-spasili-ju-vatrogasci\/","og_site_name":"RADIO LJUBU\u0160KI","article_publisher":"https:\/\/www.facebook.com\/Radiio-Ljubuski-1490835324566332","article_published_time":"2021-06-24T00:04:19+00:00","article_modified_time":"2021-06-24T00:04:20+00:00","og_image":[{"width":765,"height":393,"url":"https:\/\/radioljubuski.ba\/wp-content\/uploads\/2021\/06\/beba-vatrogasci.jpg","type":"image\/jpeg"}],"author":"Radio Ljubu\u0161ki","twitter_card":"summary_large_image","twitter_creator":"@radioljubuski","twitter_site":"@radioljubuski","twitter_misc":{"Napisao\/la":"Radio Ljubu\u0161ki","Procijenjeno vrijeme \u010ditanja":"1 minuta"},"schema":{"@context":"https:\/\/schema.org","@graph":[{"@type":"Article","@id":"https:\/\/radioljubuski.ba\/index.php\/2021\/06\/24\/koprivnica-beba-ostala-zakljucana-u-autu-spasili-ju-vatrogasci\/#article","isPartOf":{"@id":"https:\/\/radioljubuski.ba\/index.php\/2021\/06\/24\/koprivnica-beba-ostala-zakljucana-u-autu-spasili-ju-vatrogasci\/"},"author":{"name":"Radio Ljubu\u0161ki","@id":"https:\/\/radioljubuski.ba\/#\/schema\/person\/19fc700381a780f69665d7956c469e3b"},"headline":"Koprivnica: Beba ostala zaklju\u010dana u autu, spasili ju vatrogasci","datePublished":"2021-06-24T00:04:19+00:00","dateModified":"2021-06-24T00:04:20+00:00","mainEntityOfPage":{"@id":"https:\/\/radioljubuski.ba\/index.php\/2021\/06\/24\/koprivnica-beba-ostala-zakljucana-u-autu-spasili-ju-vatrogasci\/"},"wordCount":205,"publisher":{"@id":"https:\/\/radioljubuski.ba\/#organization"},"image":{"@id":"https:\/\/radioljubuski.ba\/index.php\/2021\/06\/24\/koprivnica-beba-ostala-zakljucana-u-autu-spasili-ju-vatrogasci\/#primaryimage"},"thumbnailUrl":"https:\/\/radioljubuski.ba\/wp-content\/uploads\/2021\/06\/beba-vatrogasci.jpg","articleSection":["BIH i regija"],"inLanguage":"hr"},{"@type":"WebPage","@id":"https:\/\/radioljubuski.ba\/index.php\/2021\/06\/24\/koprivnica-beba-ostala-zakljucana-u-autu-spasili-ju-vatrogasci\/","url":"https:\/\/radioljubuski.ba\/index.php\/2021\/06\/24\/koprivnica-beba-ostala-zakljucana-u-autu-spasili-ju-vatrogasci\/","name":"Koprivnica: Beba ostala zaklju\u010dana u autu, spasili ju vatrogasci - RADIO LJUBU\u0160KI","isPartOf":{"@id":"https:\/\/radioljubuski.ba\/#website"},"primaryImageOfPage":{"@id":"https:\/\/radioljubuski.ba\/index.php\/2021\/06\/24\/koprivnica-beba-ostala-zakljucana-u-autu-spasili-ju-vatrogasci\/#primaryimage"},"image":{"@id":"https:\/\/radioljubuski.ba\/index.php\/2021\/06\/24\/koprivnica-beba-ostala-zakljucana-u-autu-spasili-ju-vatrogasci\/#primaryimage"},"thumbnailUrl":"https:\/\/radioljubuski.ba\/wp-content\/uploads\/2021\/06\/beba-vatrogasci.jpg","datePublished":"2021-06-24T00:04:19+00:00","dateModified":"2021-06-24T00:04:20+00:00","breadcrumb":{"@id":"https:\/\/radioljubuski.ba\/index.php\/2021\/06\/24\/koprivnica-beba-ostala-zakljucana-u-autu-spasili-ju-vatrogasci\/#breadcrumb"},"inLanguage":"hr","potentialAction":[{"@type":"ReadAction","target":["https:\/\/radioljubuski.ba\/index.php\/2021\/06\/24\/koprivnica-beba-ostala-zakljucana-u-autu-spasili-ju-vatrogasci\/"]}]},{"@type":"ImageObject","inLanguage":"hr","@id":"https:\/\/radioljubuski.ba\/index.php\/2021\/06\/24\/koprivnica-beba-ostala-zakljucana-u-autu-spasili-ju-vatrogasci\/#primaryimage","url":"https:\/\/radioljubuski.ba\/wp-content\/uploads\/2021\/06\/beba-vatrogasci.jpg","contentUrl":"https:\/\/radioljubuski.ba\/wp-content\/uploads\/2021\/06\/beba-vatrogasci.jpg","width":765,"height":393},{"@type":"BreadcrumbList","@id":"https:\/\/radioljubuski.ba\/index.php\/2021\/06\/24\/koprivnica-beba-ostala-zakljucana-u-autu-spasili-ju-vatrogasci\/#breadcrumb","itemListElement":[{"@type":"ListItem","position":1,"name":"Po\u010detna stranica","item":"https:\/\/radioljubuski.ba\/"},{"@type":"ListItem","position":2,"name":"Koprivnica: Beba ostala zaklju\u010dana u autu, spasili ju vatrogasci"}]},{"@type":"WebSite","@id":"https:\/\/radioljubuski.ba\/#website","url":"https:\/\/radioljubuski.ba\/","name":"Radio Ljubu\u0161ki","description":"Sun\u010dana frekvencija Hercegovine","publisher":{"@id":"https:\/\/radioljubuski.ba\/#organization"},"potentialAction":[{"@type":"SearchAction","target":{"@type":"EntryPoint","urlTemplate":"https:\/\/radioljubuski.ba\/?s={search_term_string}"},"query-input":{"@type":"PropertyValueSpecification","valueRequired":true,"valueName":"search_term_string"}}],"inLanguage":"hr"},{"@type":"Organization","@id":"https:\/\/radioljubuski.ba\/#organization","name":"Radio Ljubu\u0161ki","url":"https:\/\/radioljubuski.ba\/","logo":{"@type":"ImageObject","inLanguage":"hr","@id":"https:\/\/radioljubuski.ba\/#\/schema\/logo\/image\/","url":"https:\/\/radioljubuski.ba\/wp-content\/uploads\/2021\/02\/cropped-Radio_Ljubuski_logo1.jpg","contentUrl":"https:\/\/radioljubuski.ba\/wp-content\/uploads\/2021\/02\/cropped-Radio_Ljubuski_logo1.jpg","width":512,"height":512,"caption":"Radio Ljubu\u0161ki"},"image":{"@id":"https:\/\/radioljubuski.ba\/#\/schema\/logo\/image\/"},"sameAs":["https:\/\/www.facebook.com\/Radiio-Ljubuski-1490835324566332","https:\/\/x.com\/radioljubuski","https:\/\/hr.linkedin.com\/company\/radio-ljubuski","https:\/\/www.youtube.com\/channel\/UCHYaeO_n0Db3tjNGudGpXyw"]},{"@type":"Person","@id":"https:\/\/radioljubuski.ba\/#\/schema\/person\/19fc700381a780f69665d7956c469e3b","name":"Radio Ljubu\u0161ki"}]}},"_links":{"self":[{"href":"https:\/\/radioljubuski.ba\/index.php\/wp-json\/wp\/v2\/posts\/35323","targetHints":{"allow":["GET"]}}],"collection":[{"href":"https:\/\/radioljubuski.ba\/index.php\/wp-json\/wp\/v2\/posts"}],"about":[{"href":"https:\/\/radioljubuski.ba\/index.php\/wp-json\/wp\/v2\/types\/post"}],"author":[{"embeddable":true,"href":"https:\/\/radioljubuski.ba\/index.php\/wp-json\/wp\/v2\/users\/2"}],"replies":[{"embeddable":true,"href":"https:\/\/radioljubuski.ba\/index.php\/wp-json\/wp\/v2\/comments?post=35323"}],"version-history":[{"count":1,"href":"https:\/\/radioljubuski.ba\/index.php\/wp-json\/wp\/v2\/posts\/35323\/revisions"}],"predecessor-version":[{"id":35325,"href":"https:\/\/radioljubuski.ba\/index.php\/wp-json\/wp\/v2\/posts\/35323\/revisions\/35325"}],"wp:featuredmedia":[{"embeddable":true,"href":"https:\/\/radioljubuski.ba\/index.php\/wp-json\/wp\/v2\/media\/35324"}],"wp:attachment":[{"href":"https:\/\/radioljubuski.ba\/index.php\/wp-json\/wp\/v2\/media?parent=35323"}],"wp:term":[{"taxonomy":"category","embeddable":true,"href":"https:\/\/radioljubuski.ba\/index.php\/wp-json\/wp\/v2\/categories?post=35323"},{"taxonomy":"post_tag","embeddable":true,"href":"https:\/\/radioljubuski.ba\/index.php\/wp-json\/wp\/v2\/tags?post=35323"}],"curies":[{"name":"wp","href":"https:\/\/api.w.org\/{rel}","templated":true}]}}