{"id":35346,"date":"2021-06-24T08:46:45","date_gmt":"2021-06-24T07:46:45","guid":{"rendered":"https:\/\/radioljubuski.ba\/?p=35346"},"modified":"2021-06-24T08:46:46","modified_gmt":"2021-06-24T07:46:46","slug":"tuka-medu-atleticarima-od-kojih-se-ocekuje-da-u-tokiju-ispisu-povijest-svojih-zemalja","status":"publish","type":"post","link":"https:\/\/radioljubuski.ba\/index.php\/2021\/06\/24\/tuka-medu-atleticarima-od-kojih-se-ocekuje-da-u-tokiju-ispisu-povijest-svojih-zemalja\/","title":{"rendered":"Tuka me\u0111u atleti\u010darima od kojih se o\u010dekuje da u Tokiju ispi\u0161u povijest svojih zemalja"},"content":{"rendered":"\n<p>Olimpijske igre u Tokiju po\u010dinju za mjesec, a najbolji bosanskohercegova\u010dki atleti\u010dar Amel Tuka glavna je uzdanica Bosne i Hercegovine u borbi za prvu olimpijsku medalju u povijesti.<\/p>\n\n\n\n<p>U analizi portala\u00a0<a href=\"https:\/\/www.worldathletics.org\/competitions\/olympic-games\/news\/olympic-games-tokyo-nations-history-underdogs?fbclid=IwAR3HSiTYdMbS42rN9ErjwQfHABIFWhVihCH7RiJt_jSclNBwkvvyJuBLLW4?utm_source=Klix.ba&amp;utm_medium=Clanak\" target=\"_blank\" rel=\"noreferrer noopener\">worldathletics.org<\/a>, Tuka je svrstan me\u0111u deset atleti\u010dara koji bi mogli zablistati u Tokiju i ispisati povijest svojih zemalja. U disciplini na 800 metara, opisuju ga kao odli\u010dnog takti\u010dara koji zna dati sve od sebe kad je to potrebno, istaknuv\u0161i da bi mogao biti u borbi za medalju i na Olimpijskim igrama.<\/p>\n\n\n\n<p>Tuka se na pro\u0161lim Olimpijskim igrama u Rio de Janeiru nije uspio plasirati u finalnu trku, a ovoga puta u prilog \u0107e mu i\u0107i i \u010dinjenica da \u0107e dvostruki uzastopni olimpijski prvak na 800 metara David Rudisha propustiti predstoje\u0107e Olimpijske igre u Tokiju zbog problema s tetivom.<\/p>\n\n\n\n<p>Tako\u0111er, na nedavno objavljenoj rang-listi najboljih europskih atleti\u010dara, Amel Tuka je zauzeo prvo mjesto me\u0111u 800-metra\u0161ima, \u0161to mu dodatno podrgijava nade pred nastup u Tokiju.<\/p>\n\n\n\n<p>Tuka je najbolji Evropljanin s 1.377 poena, a slijede Adam Kszczot s 1.319, Elliot Giles s 1.309 i Marcin Lewandowski s 1.301.<\/p>\n\n\n\n<p>Podsjetimo, Tuka je najve\u0107e uspjehe ostvario na Svjetskim prvenstvima na otvorenom, s kojih ima dvije medalje \u2013 broncu iz Pekinga 2015. godine (1:46.30) te srebro sa SP-a 2019. godine iz Dohe (1:43.47).<\/p>\n\n\n\n<p>Ljetne olimpijske igre, koje su pro\u0161le godine odgo\u0111ene zbog pandemije, odr\u017eat \u0107e se od 23. srpnja do 8.kolovoza 2021. godine u Tokiju. Natjecanje na 800 metara po\u010dinje kvalifikacijama 31.srpnja, polufinalne utrke su 1. kolovoza, a finale je 4.kolovoza.<\/p>\n\n\n\n<p>izvor: klix.ba<\/p>\n","protected":false},"excerpt":{"rendered":"<p>Olimpijske igre u Tokiju po\u010dinju za mjesec, a najbolji bosanskohercegova\u010dki atleti\u010dar Amel Tuka glavna je uzdanica Bosne i Hercegovine u borbi za prvu olimpijsku medalju u povijesti. U analizi portala\u00a0worldathletics.org, Tuka je svrstan me\u0111u deset atleti\u010dara koji bi mogli zablistati u Tokiju i ispisati povijest svojih zemalja. U disciplini na 800 metara, opisuju ga kao [&hellip;]<\/p>\n","protected":false},"author":2,"featured_media":35352,"comment_status":"closed","ping_status":"closed","sticky":false,"template":"","format":"standard","meta":{"h5ap_radio_sources":[],"footnotes":""},"categories":[7],"tags":[],"class_list":["post-35346","post","type-post","status-publish","format-standard","has-post-thumbnail","hentry","category-sport"],"yoast_head":"<!-- This site is optimized with the Yoast SEO plugin v27.5 - https:\/\/yoast.com\/product\/yoast-seo-wordpress\/ -->\n<title>Tuka me\u0111u atleti\u010darima od kojih se o\u010dekuje da u Tokiju ispi\u0161u povijest svojih zemalja - RADIO LJUBU\u0160KI<\/title>\n<meta name=\"robots\" content=\"index, follow, max-snippet:-1, max-image-preview:large, max-video-preview:-1\" \/>\n<link rel=\"canonical\" href=\"https:\/\/radioljubuski.ba\/index.php\/2021\/06\/24\/tuka-medu-atleticarima-od-kojih-se-ocekuje-da-u-tokiju-ispisu-povijest-svojih-zemalja\/\" \/>\n<meta property=\"og:locale\" content=\"hr_HR\" \/>\n<meta property=\"og:type\" content=\"article\" \/>\n<meta property=\"og:title\" content=\"Tuka me\u0111u atleti\u010darima od kojih se o\u010dekuje da u Tokiju ispi\u0161u povijest svojih zemalja - RADIO LJUBU\u0160KI\" \/>\n<meta property=\"og:description\" content=\"Olimpijske igre u Tokiju po\u010dinju za mjesec, a najbolji bosanskohercegova\u010dki atleti\u010dar Amel Tuka glavna je uzdanica Bosne i Hercegovine u borbi za prvu olimpijsku medalju u povijesti. U analizi portala\u00a0worldathletics.org, Tuka je svrstan me\u0111u deset atleti\u010dara koji bi mogli zablistati u Tokiju i ispisati povijest svojih zemalja. U disciplini na 800 metara, opisuju ga kao [&hellip;]\" \/>\n<meta property=\"og:url\" content=\"https:\/\/radioljubuski.ba\/index.php\/2021\/06\/24\/tuka-medu-atleticarima-od-kojih-se-ocekuje-da-u-tokiju-ispisu-povijest-svojih-zemalja\/\" \/>\n<meta property=\"og:site_name\" content=\"RADIO LJUBU\u0160KI\" \/>\n<meta property=\"article:publisher\" content=\"https:\/\/www.facebook.com\/Radiio-Ljubuski-1490835324566332\" \/>\n<meta property=\"article:published_time\" content=\"2021-06-24T07:46:45+00:00\" \/>\n<meta property=\"article:modified_time\" content=\"2021-06-24T07:46:46+00:00\" \/>\n<meta property=\"og:image\" content=\"https:\/\/radioljubuski.ba\/wp-content\/uploads\/2021\/06\/tuka.jpg\" \/>\n\t<meta property=\"og:image:width\" content=\"300\" \/>\n\t<meta property=\"og:image:height\" content=\"168\" \/>\n\t<meta property=\"og:image:type\" content=\"image\/jpeg\" \/>\n<meta name=\"author\" content=\"Radio Ljubu\u0161ki\" \/>\n<meta name=\"twitter:card\" content=\"summary_large_image\" \/>\n<meta name=\"twitter:creator\" content=\"@radioljubuski\" \/>\n<meta name=\"twitter:site\" content=\"@radioljubuski\" \/>\n<meta name=\"twitter:label1\" content=\"Napisao\/la\" \/>\n\t<meta name=\"twitter:data1\" content=\"Radio Ljubu\u0161ki\" \/>\n\t<meta name=\"twitter:label2\" content=\"Procijenjeno vrijeme \u010ditanja\" \/>\n\t<meta name=\"twitter:data2\" content=\"2 minute\" \/>\n<script type=\"application\/ld+json\" class=\"yoast-schema-graph\">{\"@context\":\"https:\\\/\\\/schema.org\",\"@graph\":[{\"@type\":\"Article\",\"@id\":\"https:\\\/\\\/radioljubuski.ba\\\/index.php\\\/2021\\\/06\\\/24\\\/tuka-medu-atleticarima-od-kojih-se-ocekuje-da-u-tokiju-ispisu-povijest-svojih-zemalja\\\/#article\",\"isPartOf\":{\"@id\":\"https:\\\/\\\/radioljubuski.ba\\\/index.php\\\/2021\\\/06\\\/24\\\/tuka-medu-atleticarima-od-kojih-se-ocekuje-da-u-tokiju-ispisu-povijest-svojih-zemalja\\\/\"},\"author\":{\"name\":\"Radio Ljubu\u0161ki\",\"@id\":\"https:\\\/\\\/radioljubuski.ba\\\/#\\\/schema\\\/person\\\/19fc700381a780f69665d7956c469e3b\"},\"headline\":\"Tuka me\u0111u atleti\u010darima od kojih se o\u010dekuje da u Tokiju ispi\u0161u povijest svojih zemalja\",\"datePublished\":\"2021-06-24T07:46:45+00:00\",\"dateModified\":\"2021-06-24T07:46:46+00:00\",\"mainEntityOfPage\":{\"@id\":\"https:\\\/\\\/radioljubuski.ba\\\/index.php\\\/2021\\\/06\\\/24\\\/tuka-medu-atleticarima-od-kojih-se-ocekuje-da-u-tokiju-ispisu-povijest-svojih-zemalja\\\/\"},\"wordCount\":272,\"publisher\":{\"@id\":\"https:\\\/\\\/radioljubuski.ba\\\/#organization\"},\"image\":{\"@id\":\"https:\\\/\\\/radioljubuski.ba\\\/index.php\\\/2021\\\/06\\\/24\\\/tuka-medu-atleticarima-od-kojih-se-ocekuje-da-u-tokiju-ispisu-povijest-svojih-zemalja\\\/#primaryimage\"},\"thumbnailUrl\":\"https:\\\/\\\/radioljubuski.ba\\\/wp-content\\\/uploads\\\/2021\\\/06\\\/tuka.jpg\",\"articleSection\":[\"\u0160port\"],\"inLanguage\":\"hr\"},{\"@type\":\"WebPage\",\"@id\":\"https:\\\/\\\/radioljubuski.ba\\\/index.php\\\/2021\\\/06\\\/24\\\/tuka-medu-atleticarima-od-kojih-se-ocekuje-da-u-tokiju-ispisu-povijest-svojih-zemalja\\\/\",\"url\":\"https:\\\/\\\/radioljubuski.ba\\\/index.php\\\/2021\\\/06\\\/24\\\/tuka-medu-atleticarima-od-kojih-se-ocekuje-da-u-tokiju-ispisu-povijest-svojih-zemalja\\\/\",\"name\":\"Tuka me\u0111u atleti\u010darima od kojih se o\u010dekuje da u Tokiju ispi\u0161u povijest svojih zemalja - RADIO LJUBU\u0160KI\",\"isPartOf\":{\"@id\":\"https:\\\/\\\/radioljubuski.ba\\\/#website\"},\"primaryImageOfPage\":{\"@id\":\"https:\\\/\\\/radioljubuski.ba\\\/index.php\\\/2021\\\/06\\\/24\\\/tuka-medu-atleticarima-od-kojih-se-ocekuje-da-u-tokiju-ispisu-povijest-svojih-zemalja\\\/#primaryimage\"},\"image\":{\"@id\":\"https:\\\/\\\/radioljubuski.ba\\\/index.php\\\/2021\\\/06\\\/24\\\/tuka-medu-atleticarima-od-kojih-se-ocekuje-da-u-tokiju-ispisu-povijest-svojih-zemalja\\\/#primaryimage\"},\"thumbnailUrl\":\"https:\\\/\\\/radioljubuski.ba\\\/wp-content\\\/uploads\\\/2021\\\/06\\\/tuka.jpg\",\"datePublished\":\"2021-06-24T07:46:45+00:00\",\"dateModified\":\"2021-06-24T07:46:46+00:00\",\"breadcrumb\":{\"@id\":\"https:\\\/\\\/radioljubuski.ba\\\/index.php\\\/2021\\\/06\\\/24\\\/tuka-medu-atleticarima-od-kojih-se-ocekuje-da-u-tokiju-ispisu-povijest-svojih-zemalja\\\/#breadcrumb\"},\"inLanguage\":\"hr\",\"potentialAction\":[{\"@type\":\"ReadAction\",\"target\":[\"https:\\\/\\\/radioljubuski.ba\\\/index.php\\\/2021\\\/06\\\/24\\\/tuka-medu-atleticarima-od-kojih-se-ocekuje-da-u-tokiju-ispisu-povijest-svojih-zemalja\\\/\"]}]},{\"@type\":\"ImageObject\",\"inLanguage\":\"hr\",\"@id\":\"https:\\\/\\\/radioljubuski.ba\\\/index.php\\\/2021\\\/06\\\/24\\\/tuka-medu-atleticarima-od-kojih-se-ocekuje-da-u-tokiju-ispisu-povijest-svojih-zemalja\\\/#primaryimage\",\"url\":\"https:\\\/\\\/radioljubuski.ba\\\/wp-content\\\/uploads\\\/2021\\\/06\\\/tuka.jpg\",\"contentUrl\":\"https:\\\/\\\/radioljubuski.ba\\\/wp-content\\\/uploads\\\/2021\\\/06\\\/tuka.jpg\",\"width\":300,\"height\":168},{\"@type\":\"BreadcrumbList\",\"@id\":\"https:\\\/\\\/radioljubuski.ba\\\/index.php\\\/2021\\\/06\\\/24\\\/tuka-medu-atleticarima-od-kojih-se-ocekuje-da-u-tokiju-ispisu-povijest-svojih-zemalja\\\/#breadcrumb\",\"itemListElement\":[{\"@type\":\"ListItem\",\"position\":1,\"name\":\"Po\u010detna stranica\",\"item\":\"https:\\\/\\\/radioljubuski.ba\\\/\"},{\"@type\":\"ListItem\",\"position\":2,\"name\":\"Tuka me\u0111u atleti\u010darima od kojih se o\u010dekuje da u Tokiju ispi\u0161u povijest svojih zemalja\"}]},{\"@type\":\"WebSite\",\"@id\":\"https:\\\/\\\/radioljubuski.ba\\\/#website\",\"url\":\"https:\\\/\\\/radioljubuski.ba\\\/\",\"name\":\"Radio Ljubu\u0161ki\",\"description\":\"Sun\u010dana frekvencija Hercegovine\",\"publisher\":{\"@id\":\"https:\\\/\\\/radioljubuski.ba\\\/#organization\"},\"potentialAction\":[{\"@type\":\"SearchAction\",\"target\":{\"@type\":\"EntryPoint\",\"urlTemplate\":\"https:\\\/\\\/radioljubuski.ba\\\/?s={search_term_string}\"},\"query-input\":{\"@type\":\"PropertyValueSpecification\",\"valueRequired\":true,\"valueName\":\"search_term_string\"}}],\"inLanguage\":\"hr\"},{\"@type\":\"Organization\",\"@id\":\"https:\\\/\\\/radioljubuski.ba\\\/#organization\",\"name\":\"Radio Ljubu\u0161ki\",\"url\":\"https:\\\/\\\/radioljubuski.ba\\\/\",\"logo\":{\"@type\":\"ImageObject\",\"inLanguage\":\"hr\",\"@id\":\"https:\\\/\\\/radioljubuski.ba\\\/#\\\/schema\\\/logo\\\/image\\\/\",\"url\":\"https:\\\/\\\/radioljubuski.ba\\\/wp-content\\\/uploads\\\/2021\\\/02\\\/cropped-Radio_Ljubuski_logo1.jpg\",\"contentUrl\":\"https:\\\/\\\/radioljubuski.ba\\\/wp-content\\\/uploads\\\/2021\\\/02\\\/cropped-Radio_Ljubuski_logo1.jpg\",\"width\":512,\"height\":512,\"caption\":\"Radio Ljubu\u0161ki\"},\"image\":{\"@id\":\"https:\\\/\\\/radioljubuski.ba\\\/#\\\/schema\\\/logo\\\/image\\\/\"},\"sameAs\":[\"https:\\\/\\\/www.facebook.com\\\/Radiio-Ljubuski-1490835324566332\",\"https:\\\/\\\/x.com\\\/radioljubuski\",\"https:\\\/\\\/hr.linkedin.com\\\/company\\\/radio-ljubuski\",\"https:\\\/\\\/www.youtube.com\\\/channel\\\/UCHYaeO_n0Db3tjNGudGpXyw\"]},{\"@type\":\"Person\",\"@id\":\"https:\\\/\\\/radioljubuski.ba\\\/#\\\/schema\\\/person\\\/19fc700381a780f69665d7956c469e3b\",\"name\":\"Radio Ljubu\u0161ki\"}]}<\/script>\n<!-- \/ Yoast SEO plugin. -->","yoast_head_json":{"title":"Tuka me\u0111u atleti\u010darima od kojih se o\u010dekuje da u Tokiju ispi\u0161u povijest svojih zemalja - RADIO LJUBU\u0160KI","robots":{"index":"index","follow":"follow","max-snippet":"max-snippet:-1","max-image-preview":"max-image-preview:large","max-video-preview":"max-video-preview:-1"},"canonical":"https:\/\/radioljubuski.ba\/index.php\/2021\/06\/24\/tuka-medu-atleticarima-od-kojih-se-ocekuje-da-u-tokiju-ispisu-povijest-svojih-zemalja\/","og_locale":"hr_HR","og_type":"article","og_title":"Tuka me\u0111u atleti\u010darima od kojih se o\u010dekuje da u Tokiju ispi\u0161u povijest svojih zemalja - RADIO LJUBU\u0160KI","og_description":"Olimpijske igre u Tokiju po\u010dinju za mjesec, a najbolji bosanskohercegova\u010dki atleti\u010dar Amel Tuka glavna je uzdanica Bosne i Hercegovine u borbi za prvu olimpijsku medalju u povijesti. U analizi portala\u00a0worldathletics.org, Tuka je svrstan me\u0111u deset atleti\u010dara koji bi mogli zablistati u Tokiju i ispisati povijest svojih zemalja. U disciplini na 800 metara, opisuju ga kao [&hellip;]","og_url":"https:\/\/radioljubuski.ba\/index.php\/2021\/06\/24\/tuka-medu-atleticarima-od-kojih-se-ocekuje-da-u-tokiju-ispisu-povijest-svojih-zemalja\/","og_site_name":"RADIO LJUBU\u0160KI","article_publisher":"https:\/\/www.facebook.com\/Radiio-Ljubuski-1490835324566332","article_published_time":"2021-06-24T07:46:45+00:00","article_modified_time":"2021-06-24T07:46:46+00:00","og_image":[{"width":300,"height":168,"url":"https:\/\/radioljubuski.ba\/wp-content\/uploads\/2021\/06\/tuka.jpg","type":"image\/jpeg"}],"author":"Radio Ljubu\u0161ki","twitter_card":"summary_large_image","twitter_creator":"@radioljubuski","twitter_site":"@radioljubuski","twitter_misc":{"Napisao\/la":"Radio Ljubu\u0161ki","Procijenjeno vrijeme \u010ditanja":"2 minute"},"schema":{"@context":"https:\/\/schema.org","@graph":[{"@type":"Article","@id":"https:\/\/radioljubuski.ba\/index.php\/2021\/06\/24\/tuka-medu-atleticarima-od-kojih-se-ocekuje-da-u-tokiju-ispisu-povijest-svojih-zemalja\/#article","isPartOf":{"@id":"https:\/\/radioljubuski.ba\/index.php\/2021\/06\/24\/tuka-medu-atleticarima-od-kojih-se-ocekuje-da-u-tokiju-ispisu-povijest-svojih-zemalja\/"},"author":{"name":"Radio Ljubu\u0161ki","@id":"https:\/\/radioljubuski.ba\/#\/schema\/person\/19fc700381a780f69665d7956c469e3b"},"headline":"Tuka me\u0111u atleti\u010darima od kojih se o\u010dekuje da u Tokiju ispi\u0161u povijest svojih zemalja","datePublished":"2021-06-24T07:46:45+00:00","dateModified":"2021-06-24T07:46:46+00:00","mainEntityOfPage":{"@id":"https:\/\/radioljubuski.ba\/index.php\/2021\/06\/24\/tuka-medu-atleticarima-od-kojih-se-ocekuje-da-u-tokiju-ispisu-povijest-svojih-zemalja\/"},"wordCount":272,"publisher":{"@id":"https:\/\/radioljubuski.ba\/#organization"},"image":{"@id":"https:\/\/radioljubuski.ba\/index.php\/2021\/06\/24\/tuka-medu-atleticarima-od-kojih-se-ocekuje-da-u-tokiju-ispisu-povijest-svojih-zemalja\/#primaryimage"},"thumbnailUrl":"https:\/\/radioljubuski.ba\/wp-content\/uploads\/2021\/06\/tuka.jpg","articleSection":["\u0160port"],"inLanguage":"hr"},{"@type":"WebPage","@id":"https:\/\/radioljubuski.ba\/index.php\/2021\/06\/24\/tuka-medu-atleticarima-od-kojih-se-ocekuje-da-u-tokiju-ispisu-povijest-svojih-zemalja\/","url":"https:\/\/radioljubuski.ba\/index.php\/2021\/06\/24\/tuka-medu-atleticarima-od-kojih-se-ocekuje-da-u-tokiju-ispisu-povijest-svojih-zemalja\/","name":"Tuka me\u0111u atleti\u010darima od kojih se o\u010dekuje da u Tokiju ispi\u0161u povijest svojih zemalja - RADIO LJUBU\u0160KI","isPartOf":{"@id":"https:\/\/radioljubuski.ba\/#website"},"primaryImageOfPage":{"@id":"https:\/\/radioljubuski.ba\/index.php\/2021\/06\/24\/tuka-medu-atleticarima-od-kojih-se-ocekuje-da-u-tokiju-ispisu-povijest-svojih-zemalja\/#primaryimage"},"image":{"@id":"https:\/\/radioljubuski.ba\/index.php\/2021\/06\/24\/tuka-medu-atleticarima-od-kojih-se-ocekuje-da-u-tokiju-ispisu-povijest-svojih-zemalja\/#primaryimage"},"thumbnailUrl":"https:\/\/radioljubuski.ba\/wp-content\/uploads\/2021\/06\/tuka.jpg","datePublished":"2021-06-24T07:46:45+00:00","dateModified":"2021-06-24T07:46:46+00:00","breadcrumb":{"@id":"https:\/\/radioljubuski.ba\/index.php\/2021\/06\/24\/tuka-medu-atleticarima-od-kojih-se-ocekuje-da-u-tokiju-ispisu-povijest-svojih-zemalja\/#breadcrumb"},"inLanguage":"hr","potentialAction":[{"@type":"ReadAction","target":["https:\/\/radioljubuski.ba\/index.php\/2021\/06\/24\/tuka-medu-atleticarima-od-kojih-se-ocekuje-da-u-tokiju-ispisu-povijest-svojih-zemalja\/"]}]},{"@type":"ImageObject","inLanguage":"hr","@id":"https:\/\/radioljubuski.ba\/index.php\/2021\/06\/24\/tuka-medu-atleticarima-od-kojih-se-ocekuje-da-u-tokiju-ispisu-povijest-svojih-zemalja\/#primaryimage","url":"https:\/\/radioljubuski.ba\/wp-content\/uploads\/2021\/06\/tuka.jpg","contentUrl":"https:\/\/radioljubuski.ba\/wp-content\/uploads\/2021\/06\/tuka.jpg","width":300,"height":168},{"@type":"BreadcrumbList","@id":"https:\/\/radioljubuski.ba\/index.php\/2021\/06\/24\/tuka-medu-atleticarima-od-kojih-se-ocekuje-da-u-tokiju-ispisu-povijest-svojih-zemalja\/#breadcrumb","itemListElement":[{"@type":"ListItem","position":1,"name":"Po\u010detna stranica","item":"https:\/\/radioljubuski.ba\/"},{"@type":"ListItem","position":2,"name":"Tuka me\u0111u atleti\u010darima od kojih se o\u010dekuje da u Tokiju ispi\u0161u povijest svojih zemalja"}]},{"@type":"WebSite","@id":"https:\/\/radioljubuski.ba\/#website","url":"https:\/\/radioljubuski.ba\/","name":"Radio Ljubu\u0161ki","description":"Sun\u010dana frekvencija Hercegovine","publisher":{"@id":"https:\/\/radioljubuski.ba\/#organization"},"potentialAction":[{"@type":"SearchAction","target":{"@type":"EntryPoint","urlTemplate":"https:\/\/radioljubuski.ba\/?s={search_term_string}"},"query-input":{"@type":"PropertyValueSpecification","valueRequired":true,"valueName":"search_term_string"}}],"inLanguage":"hr"},{"@type":"Organization","@id":"https:\/\/radioljubuski.ba\/#organization","name":"Radio Ljubu\u0161ki","url":"https:\/\/radioljubuski.ba\/","logo":{"@type":"ImageObject","inLanguage":"hr","@id":"https:\/\/radioljubuski.ba\/#\/schema\/logo\/image\/","url":"https:\/\/radioljubuski.ba\/wp-content\/uploads\/2021\/02\/cropped-Radio_Ljubuski_logo1.jpg","contentUrl":"https:\/\/radioljubuski.ba\/wp-content\/uploads\/2021\/02\/cropped-Radio_Ljubuski_logo1.jpg","width":512,"height":512,"caption":"Radio Ljubu\u0161ki"},"image":{"@id":"https:\/\/radioljubuski.ba\/#\/schema\/logo\/image\/"},"sameAs":["https:\/\/www.facebook.com\/Radiio-Ljubuski-1490835324566332","https:\/\/x.com\/radioljubuski","https:\/\/hr.linkedin.com\/company\/radio-ljubuski","https:\/\/www.youtube.com\/channel\/UCHYaeO_n0Db3tjNGudGpXyw"]},{"@type":"Person","@id":"https:\/\/radioljubuski.ba\/#\/schema\/person\/19fc700381a780f69665d7956c469e3b","name":"Radio Ljubu\u0161ki"}]}},"_links":{"self":[{"href":"https:\/\/radioljubuski.ba\/index.php\/wp-json\/wp\/v2\/posts\/35346","targetHints":{"allow":["GET"]}}],"collection":[{"href":"https:\/\/radioljubuski.ba\/index.php\/wp-json\/wp\/v2\/posts"}],"about":[{"href":"https:\/\/radioljubuski.ba\/index.php\/wp-json\/wp\/v2\/types\/post"}],"author":[{"embeddable":true,"href":"https:\/\/radioljubuski.ba\/index.php\/wp-json\/wp\/v2\/users\/2"}],"replies":[{"embeddable":true,"href":"https:\/\/radioljubuski.ba\/index.php\/wp-json\/wp\/v2\/comments?post=35346"}],"version-history":[{"count":1,"href":"https:\/\/radioljubuski.ba\/index.php\/wp-json\/wp\/v2\/posts\/35346\/revisions"}],"predecessor-version":[{"id":35353,"href":"https:\/\/radioljubuski.ba\/index.php\/wp-json\/wp\/v2\/posts\/35346\/revisions\/35353"}],"wp:featuredmedia":[{"embeddable":true,"href":"https:\/\/radioljubuski.ba\/index.php\/wp-json\/wp\/v2\/media\/35352"}],"wp:attachment":[{"href":"https:\/\/radioljubuski.ba\/index.php\/wp-json\/wp\/v2\/media?parent=35346"}],"wp:term":[{"taxonomy":"category","embeddable":true,"href":"https:\/\/radioljubuski.ba\/index.php\/wp-json\/wp\/v2\/categories?post=35346"},{"taxonomy":"post_tag","embeddable":true,"href":"https:\/\/radioljubuski.ba\/index.php\/wp-json\/wp\/v2\/tags?post=35346"}],"curies":[{"name":"wp","href":"https:\/\/api.w.org\/{rel}","templated":true}]}}