{"id":35364,"date":"2021-06-24T11:16:46","date_gmt":"2021-06-24T10:16:46","guid":{"rendered":"https:\/\/radioljubuski.ba\/?p=35364"},"modified":"2021-06-24T11:16:48","modified_gmt":"2021-06-24T10:16:48","slug":"osobni-podaci-gradana-u-posjedu-nekoliko-privatnih-it-tvrtki","status":"publish","type":"post","link":"https:\/\/radioljubuski.ba\/index.php\/2021\/06\/24\/osobni-podaci-gradana-u-posjedu-nekoliko-privatnih-it-tvrtki\/","title":{"rendered":"Osobni podaci gra\u0111ana u posjedu nekoliko privatnih IT tvrtki"},"content":{"rendered":"\n<p>Nekoliko privatnih IT tvrtki kroz izradu i odr\u017eavanje desetine milijuna vrijednih softvera za dr\u017eavne institucije dobilo je pristup svim najpovjerljivijim osobnim podacima gra\u0111ana Republike Srpske. Istra\u017eivanje portala&nbsp;<strong><a href=\"https:\/\/www.capital.ba\/svi-licni-podaci-gradjana-srpske-u-posjedu-privatnih-it-kompanija\/\">CAPITAL&nbsp;<\/a><\/strong>o sigurnosti tih podataka i mogu\u0107nosti njihove zloupotrebe pokazalo je da u RS i BiH nema sustavnog nadzora nad radom tih tvrtki i da standarde kojih \u0107e se pridr\u017eavati odre\u0111uju same tvrtke, a ne dr\u017eava.<\/p>\n\n\n\n<p>Institucije u Srpskoj posljednjih godina su se okrenule digitalizaciji i izradile su informacijske sustave koji su na jednom mjestu objedinili sve podatke. Gra\u0111ane je to ko\u0161talo desetine milijuna maraka.<\/p>\n\n\n\n<p>Izuzimaju\u0107i ovaj put cijenu za softvere, za koju mnogi smatraju da je previsoka, \u010dinjenica je da je digitalizacija donijela brojne prednosti, ali i nove opasnosti od kojih je svakako najve\u0107a kako sa\u010duvati pravo gra\u0111ana na privatnost. U ra\u010dunalnim programima koje su izgradile privatne tvrtke nalaze se podaci od zdravstvenih kartona, poreznih kartica, podaci o imovini, osobnih dokumenata, potro\u0161nji elektri\u010dne energije, JMBG, adrese stanovanja, pa sve do video-nadzora kretanja na ulicama i podacima o svakom automobilu.<\/p>\n\n\n\n<p><strong>BiH jedina u regiji nema europski zakon o za\u0161titi podataka<\/strong><\/p>\n\n\n\n<p>U Europskoj uniji se od svibnja 2018. godine primjenjuje Op\u0107a uredba o za\u0161titi podataka (GDPR) kojom se regulira za\u0161tita podataka i privatnost osoba unutar EU koja je donijela i propise vezane za izno\u0161enje podataka u tre\u0107e zemlje.<\/p>\n\n\n\n<p>Ovom uredbom su oja\u010dana prava nositelja podataka i obaveze onih koji obra\u0111uju osobne podatke. Poja\u010dana su nadzorna ovla\u0161tenja, kao i mogu\u0107nost izricanja kazni od strane tijela za za\u0161titu osobni podataka. Direktivom su po prvi put postavljeni minimalni standardi za obradu podataka u policijske svrhe.<\/p>\n\n\n\n<p>Tvrtke koje prikupljaju velike koli\u010dine podataka poput tehnolo\u0161kih, maloprodajnih tvrtki pru\u017eatelja zdravstvenih usluga, banaka, osiguravaju\u0107ih dru\u0161tava du\u017ene su to\u010dno odrediti koji im podaci zaista trebaju i kako ih za\u0161tititi.<\/p>\n\n\n\n<p>Iako je Sporazumom o stabilizaciji i pridru\u017eivanju BiH preuzela obavezu uskla\u0111ivanja doma\u0107eg sa zakonodavstvom EU, za \u0161to je krajnji rok 1. lipanj ove godine, Zakon o za\u0161titi osobnih podataka BiH jo\u0161 nije uskla\u0111en s ovom Uredbom.<\/p>\n\n\n\n<p>Da ovaj rok ne\u0107e biti ispo\u0161tovan za CAPITAL potvr\u0111uje direktor Agencije za za\u0161titu osobnih podataka u BiH&nbsp;<strong>Dragoljub Relji\u0107&nbsp;<\/strong>koji ka\u017ee da je razlog za to veliki otpor predstavnika vlasti.<\/p>\n\n\n\n<p>&#8220;Ne vidim razlog \u0161to se \u010deka. Taj zakon treba \u0161to prije usvojiti, jer bi se njime osigurala ve\u0107a za\u0161tita osobnih podataka, kao i obaveze za kontrolore i osoba koja obra\u0111uju podatke koje se ti\u010du politike privatnosti, obaveznog slu\u017ebenika za za\u0161titu osobnih podataka u svakoj instituciji. Ogroman problem je \u0161to veliki broj institucija i ne zna za postojanje Zakona o za\u0161titi osobnih podataka\u201c, naglasio je Relji\u0107 i dodao da je veliki problem \u0161to oni koji treba da daju mi\u0161ljenje na novi zakon ne razumiju GDPR.<\/p>\n\n\n\n<p>Kazao je da \u0107e BiH nakon 1. lipnja nastaviti da koristi propise koje ima, ali da je to ni\u017eu razinu za\u0161tite i obaveza koje kontrolori imaju.<\/p>\n\n\n\n<p><strong>Server s bazom podataka o osiguranicima smje\u0161ten u Fondu i FZO je vlasnik tog servera<\/strong><\/p>\n\n\n\n<p>Iako dr\u017eavne institucije i IT kompanije koje su kontaktirane tvrde da po\u0161tuju sve standarde, opravdano se mo\u017ee postaviti pitanje mogu li tvrtke garantirati za sve zaposlene koji imaju pristup odre\u0111enim podacima. Je li izjava koju sa svojim radnicima potpisuju dovoljna garancija sigurnosti gra\u0111anima?<\/p>\n\n\n\n<p>Tvrtke&nbsp;<strong>\u201eProinter\u201c, \u201eLanaco\u201c, \u201eMMSCODE\u201c<\/strong>&nbsp;\u2013 za koje se u javnosti \u010desto mo\u017ee \u010duti da su bliske vladaju\u0107im strankama \u2013 radile su neke od najve\u0107ih projekata za Vladu RS i vladine institucije.<\/p>\n\n\n\n<p>Integrirani zdravstveni informacijski sustav (IZIS), vrijedan oko 23 milijuna KM bez PDV-a, za Fond zdravstvenog osiguranja RS izradili su \u201eMMSCODE\u201c i \u201eLanaco\u201c iz Banja Luke s tvrtkom \u201eEricsson Nikola Tesla\u201c iz Zagreba.<\/p>\n\n\n\n<p>Sve strane projekta IZIS potpisale su izjavu o \u010duvanju poslovne tajne, pristupu ra\u010dunalnim sustavima, pravima intelektualnog vlasni\u0161tva, obavezi povrata informacija i pravu nadzora nad njima. Izjava proistje\u010de iz ugovora o povjerljivosti koje su strane potpisale i Zakona o za\u0161titi osobnih podatka.<\/p>\n\n\n\n<p>IZIS podrazumijeva potpunu integraciju, odnosno informacijsku uvezanost svih ustanova zdravstvenog sistema RS i upotrebu elektronskih uputnica, recepata, kartica (umjesto knji\u017eica) i elektronskog kartona. Dosada\u0161nji kartoni pacijenata bit \u0107e zamijenjeni elektronskim zdravstvenim kartonima koji sadr\u017ee sve podatke o pacijentu na jednom mjestu. Pored e-kartona i e-kartica, IZIS podrazumijeva i elektronske uputnice i recepte.<\/p>\n\n\n\n<p>U Fondu zdravstvenog osiguranja (FZO) RS tvrde da \u0107e osobni podaci gra\u0111ana u okviru IZIS-a biti potpuno sigurni i da se prilikom izrade i realizacije ovog projekta posebno vodilo ra\u010duna upravo o sigurnosti osobnih podataka gra\u0111ana.<\/p>\n\n\n\n<p>\u201eOno \u0161to je najva\u017enije \u2013 server s bazom podataka o osiguranicima je smje\u0161ten u Fondu i FZO je vlasnik tog servera, a tvrtke nemaju pristup osobnim podacima osiguranika. Dobavlja\u010d je obavezan Fondu isporu\u010diti izvorni kod za sve softverske komponente i podsisteme IZIS-a. Osigurana je i zamjenska lokacija servera u na\u0161oj Filijali u Bijeljini. U slu\u010daju da iz bilo kog razloga server u Banja Luci ne funkcionira, pokrenuo bi se zamjenski server. Zamjenska lokacija za server je odre\u0111ena kako bi se za\u0161titili podaci u slu\u010daju prirodnih nepogoda i sli\u010dno. Tako\u0111er, rezervne kopije podataka se rade redovno u skladu s dobrim praksama\u201c, ka\u017eu u FZO.<\/p>\n\n\n\n<p>U Fondu navode da \u010dak i u zdravstvenim ustanovama pojedinim podacima ne mogu pristupiti ni medicinske sestre ve\u0107 isklju\u010divo lije\u010dnici.<\/p>\n\n\n\n<p><strong>IT tvrke: Imamo ugovore i izjave o povjerljivosti<\/strong><\/p>\n\n\n\n<p>Direktor firme \u201eMMSCODE\u201c&nbsp;<strong>Slavko Boji\u0107<\/strong>&nbsp;za CAPITAL ka\u017ee da su tvrtke koje su radile IZIS mre\u017eno uvezane s Data centrom koji se nalazi u Fondu i da na odre\u0111en na\u010din imaju pristup podacima, odnosno bazi podataka ili aplikacijama koje se koriste u sakupljanju informacija u zdravstveni karton pacijenta.<\/p>\n\n\n\n<figure class=\"wp-block-image\"><img decoding=\"async\" src=\"https:\/\/static.hercegovina.info\/img\/repository\/2021\/06\/image_1024x1024\/slavko-bojic-3.jpg\" alt=\"\"\/><\/figure>\n\n\n\n<p><em>Foto: MMSCODE<\/em><\/p>\n\n\n\n<p>\u201eOsim \u0161to postoji na\u010din monitoringa na mre\u017enoj razini, odnosno tko i kada je pristupio sustavu, sve strane su potpisale i izjave o \u010duvanju poslovne tajne, pristupu ra\u010dunalnim sustavima, pravima intelektualnog vlasni\u0161tva, obavezi povrata informacija i pravu nadzora\u201c, kazao je Boji\u0107.<\/p>\n\n\n\n<p>Kako bi osigurali sigurnost podataka unutar ove tvrtke, ka\u017ee on, postoje kontrole pristupa mre\u017ei i operativnom sustavu u okviru kojih se sprovodi nadzor i pra\u0107enje upotrebe sustava, kao na primjer upravljanje korisni\u010dkim nalozima i privilegijama, \u201eaccess liste\u201c za kontrolu pristupa resursima, logiranje pristupa sustavu i drugo.<\/p>\n\n\n\n<p>U \u201eLanacu\u201c ka\u017eu &nbsp;da su usuglasili internu organizaciju i operativni rad s va\u017ee\u0107im standardima na razini EU (GDPR). Navode i da u radu primjenjuju ISO 27001 me\u0111unarodni standard koji definira upravljanje sigurno\u0161\u0107u podataka, kao i da u tvrtki postoje jasno definirani procesi kontrole rada svakog zaposlenog i pristupa podacima koji su pod nadzorom Chief Information Security Officera.<\/p>\n\n\n\n<p>Isti\u010du i da podaci gra\u0111ana koji se nalaze u informacijskom sustavu IZIS imaju identi\u010dan tretman za\u0161tite te da je ostvarena potpuna kontrola pristupa podacima uklju\u010duju\u0107i i sigurnosne police koje definiraju prava pristupa podacima.<\/p>\n\n\n\n<p>\u201eU okviru IZIS-a \u2019Lanaco\u2019 je odgovoran za uspostavljanje infrastrukture informacijskog sustava i shodno tome je zadu\u017een i za njeno normalno funkcioniranje i odr\u017eavanje tijekom trajanja eksploatacije sustava\u201c, isti\u010du iz te tvrtke.<\/p>\n\n\n\n<p>Informaciju o pristupu za\u0161ti\u0107enim podacima u IZIS-u gra\u0111ani RS mogu dobiti uvidom kroz android PHR (engl. Personal Health Record) aplikaciju koju mogu besplatno preuzeti i instalirati na telefon ili pristupiti web PHR aplikaciji putem ra\u010dunala. Pored toga, pacijent u ustanovi u kojoj se lije\u010di mo\u017ee od nadle\u017enog obiteljskog lije\u010dnika tra\u017eiti pregled povijesti logiranja na njegov karton.<\/p>\n\n\n\n<p>U tvrtki \u201eProinter ITSS\u201c, koja posljednjih godina dobiva skoro sve ve\u0107e natje\u010daje od institucija Srpske, ka\u017eu da su njihovi radnici ugovorom obavezani na tajnost podataka te da je kompanija poduzela sve potrebne mjere u cilju za\u0161tite tajnosti podataka do kojih zaposleni mo\u017ee do\u0107i u tijeku rada u ovoj kompaniji.<\/p>\n\n\n\n<figure class=\"wp-block-image\"><img decoding=\"async\" src=\"https:\/\/static.hercegovina.info\/img\/repository\/2021\/06\/image_1024x1024\/podaci-2.jpg\" alt=\"\"\/><\/figure>\n\n\n\n<p>&nbsp;<em>FOTO: Pixabay<\/em><\/p>\n\n\n\n<p>\u201eProinter nije nudio i ne nudi usluge hostinga, odnosno skladi\u0161tenja korisni\u010dkih podataka na infrastrukturi tre\u0107ih osoba. Dakle, naru\u010ditelj posla je odgovoran za \u010duvanje, skladi\u0161tenje i pohranjivanje rezervnih kopija podataka. Isto se odnosi i na slu\u010daj eventualnih katastrofa\u201c, kazali su u \u201eProinteru\u201c.<\/p>\n\n\n\n<p>Kada je u pitanju video-nadzor, ka\u017eu da su oni instalirali pojedina\u010dne aparate za video nadzor, a da je naru\u010ditelj posla vlasnik sustava video-nadzora.<\/p>\n\n\n\n<p>I u firmi \u201eSirius\u201c navode da se pridr\u017eavaju klauzula o povjerljivosti podataka, kao i da za svaki projekt imenuju ovla\u0161tene osobe koja sudjeluju u komunikaciji i implementaciji projekta direktno s predstavnicima krajnjeg korisnika.<\/p>\n\n\n\n<p>\u201eProinter\u201c i \u201eSirius\u201c su radili informacijski sustav za Poreznu upravu RS u kojoj navode da je obaveza \u010duvanja povjerljivosti podataka predvi\u0111ena ugovorom. Tako\u0111er, kompanije su morale ispuniti uvjete koji su uklju\u010divali posjedovanje svojstva autoriziranog partnera proizvo\u0111a\u010da softvera koji zahtijeva po\u0161tovanje Op\u0107ih uvjeta poslovanja o sigurnosti podataka kompanije SAP te dokazati da posjeduju me\u0111unarodno priznati certifikat ISO 27001.<\/p>\n\n\n\n<p><strong>Izjave o tajnosti nisu dovoljne<\/strong><\/p>\n\n\n\n<p>Nezavisni stru\u010dnjaci iz ove oblasti sa kojima je novinar CAPITAL-a razgovarao ka\u017eu da bi institucije morale posvetiti mnogo ve\u0107u pozornost pitanju sigurnosti ovako osjetljivih podataka. Isti\u010du da je zabrinjavaju\u0107e da standarde u ovoj oblasti odre\u0111uju same tvrtke, a ne dr\u017eava. To, ka\u017eu, nije dovoljno i gra\u0111anima samo ostaje da se uzdaju u etiku zaposlenih u tim tvrkama ili u varijantu \u201ene\u0107e se desiti\u201c.<\/p>\n\n\n\n<p>Jedan od sugovornika ka\u017ee da izjave i ugovori o povjerljivosti, na koje se svi redom pozivaju, treba da postoje, ali da nisu jamac sigurnosti.<\/p>\n\n\n\n<p>\u201eIzjave o tajnosti nisu rje\u0161enje. I Edvard Snouden je imao izjavu o tajnosti, ali je iskoristio pristup privatnim podacima i to nitko nije opazio. Iznio je sve informacije ba\u0161 zato \u0161to nije bilo kontrole pristupa. Kontrola pristupa se vr\u0161i u realnom vremenu i strogo se pazi gdje i kada se pristupa\u201c, ka\u017ee sugovornik.<\/p>\n\n\n\n<p>Jo\u0161 jedan sugovornik iz ove oblasti ka\u017ee da je Agencija za za\u0161titu osobnih podataka BiH formirana samo da bi ispunila formu.<\/p>\n\n\n\n<p>\u201eMnogo tvrtki koje se bave razvojem softvera nemaju certifikat 27001 koji definira kako se \u0161tite podaci tvrtke i njihovih klijenata. To bi trebala biti osnova ukoliko \u017eelite bilo \u010diji podatak. Sve institucije koje upravljaju ne\u010dijim podacima, po\u010dev od najosnovnijih, od doma zdravlja pa do ostalih, trebale bi imati standard koji definira za\u0161titu podataka\u201c, kazao je sugovornik CAPITAL-a.<\/p>\n\n\n\n<p>Isti\u010de da se IT tvrtki u kojoj je on zaposlen nikada ntiko iz Agencije nije obratio i rekao da mora da ispuni minimum uvjeta po pitanju sigurnosti, niti su imali bilo kakvu kontrolu dr\u017eavnih organa.<\/p>\n\n\n\n<p>\u201eImamo kontrolu certificirano tijela koje nam je izdalo certifikat koji definira za\u0161titu podataka u informacijskim sustavima. Nedopustivo je da tvrtke same odre\u0111uju standarde i one koje ne \u017eele nabaviti te certifikate to ne moraju \u010diniti, jer im dr\u017eava to ne tra\u017ei\u201c, kazao je on.<\/p>\n\n\n\n<p>S druge strane, direktor Agencije za sigurnost osobnih podataka Dragoljub Relji\u0107 tvrdi da oni obavljaju kontrole, ali priznaje da su im kapaciteti ograni\u010deni i da to nije u onoj mjeri u kojoj bi trebalo da bude.<\/p>\n\n\n\n<p>\u201eDevet slu\u017ebenika daje mi\u0161ljenja, vr\u0161i inspekcijski nadzor rje\u0161ava po svim prigovorima. Odre\u0111ene tvrtke su sigurno bile podvrgnute kontroli, ali s ovim kapacitetima se ne mogu sve prekontrolirati. Ako sutra usvojimo novi zakon u skladu s GDPR, a ostavimo ove kapacitete, ne\u0107emo ni\u0161ta mo\u0107i. Mi dnevno dobivamo izme\u0111u 50 i 70 predmeta\u201c, kazao je on i dodao da svaka obrada osobnih podataka mo\u017ee predstavljati rizik od mogu\u0107e zloupotrebe te da apsolutna za\u0161tita ne postoji.<\/p>\n\n\n\n<p>Agencija za za\u0161titu osobnih podataka lani je najvi\u0161e prigovora imala u vezi s objavljivanjem podataka o osobama koja su kr\u0161ila mjere izolacije zbog koronavirusa te je Agencija zabranila objavljivanje tih podataka. Veliki broj prigovora odnosio se i na postavljanje video nadzora.<\/p>\n\n\n\n<p>Kazne su simboli\u010dne i u prosjeku za institucije iznose 10.000 KM, a za odgovorna osoba 1.000 KM. Relji\u0107 ka\u017ee da \u0107e novim zakonom uskla\u0111enim s EU biti drasti\u010dno pove\u0107ane.<\/p>\n\n\n\n<p>Neophodno ja\u010dati kapacitete regulatornih tijela.<\/p>\n\n\n\n<p>U SHARE Fondaciji iz Srbije, koja je osnovana s ciljem unapre\u0111enja ljudskih prava i internet sloboda, ka\u017eu da se s problemom sigurnosti podataka o osobi susre\u0107u i zemlje koje su znatno naprednije u ovoj oblasti, ali da ipak sve po\u010dinje s kvalitetnim pravnim okvirom, prije svega sa Zakonom o za\u0161titi podataka o osobi koji prati najvi\u0161e standarde za\u0161tite podataka u ovoj oblasti.<\/p>\n\n\n\n<p>\u201eU ovom trenutku to je GDPR, glavni propis u EU u ovoj oblasti. Srbija i Sjeverna Makedonija imaju nove zakone uskla\u0111ene s ovom regulativom, dok to i dalje nije slu\u010daj u BiH i tu predstoji veliki posao\u201c, naglasili su u Fondaciji.<\/p>\n\n\n\n<p>Ipak, dono\u0161enje propisa je, isti\u010du, samo prvi, ali nedovoljan korak da bi se podigla sigurnost podataka. Veliki izazov je primjena ovih propisa.<\/p>\n\n\n\n<p>\u201eMora se raditi na edukaciji svih koji \u010duvaju na\u0161e podatke. Tako\u0111er, vrlo je bitno ja\u010dati kapacitete regulatornih tijela u ovoj oblasti te utvrditi odgovornost onih koji ne po\u0161tuju propise i primijeniti adekvatne sankcije. Dok ovo ne postanu pitanja zbog kojih se gube ili dobivaju izbori, ne\u0107e postojati politi\u010dke podr\u0161ke da se dru\u0161tvo bavi njima\u201c, kazali su u Fondaciji.<\/p>\n\n\n\n<p>Da gra\u0111ani ne mogu u potpunosti biti sigurni da su njihovi podaci sigurni, bilo da se nalaze u rukama privatnih tvrtki ili institucija, pokazuje i izjava \u010dlana Predsjedni\u0161tva BiH Milorada Dodika koji je pro\u0161le godine na sjednici Narodne skup\u0161tine RS rekao da prislu\u0161kuje zastupnike oporbe.<\/p>\n\n\n\n<p>Nakon \u0161to je ta izjava izazvala burne reakcije javnosti, Dodik je rekao da se \u0161alio i da je to bio njegov performans. Ozbiljnija reakcija institucija po ovom pitanju je izostala i sve se zavr\u0161ilo na tome da se Dodik \u201ezezao\u201c.<\/p>\n\n\n\n<p><strong>Izvor: hercegovina.info<\/strong><\/p>\n","protected":false},"excerpt":{"rendered":"<p>Nekoliko privatnih IT tvrtki kroz izradu i odr\u017eavanje desetine milijuna vrijednih softvera za dr\u017eavne institucije dobilo je pristup svim najpovjerljivijim osobnim podacima gra\u0111ana Republike Srpske. Istra\u017eivanje portala&nbsp;CAPITAL&nbsp;o sigurnosti tih podataka i mogu\u0107nosti njihove zloupotrebe pokazalo je da u RS i BiH nema sustavnog nadzora nad radom tih tvrtki i da standarde kojih \u0107e se pridr\u017eavati [&hellip;]<\/p>\n","protected":false},"author":2,"featured_media":14386,"comment_status":"closed","ping_status":"closed","sticky":false,"template":"","format":"standard","meta":{"h5ap_radio_sources":[],"footnotes":""},"categories":[1],"tags":[],"class_list":["post-35364","post","type-post","status-publish","format-standard","has-post-thumbnail","hentry","category-bihiregija"],"yoast_head":"<!-- This site is optimized with the Yoast SEO plugin v27.5 - https:\/\/yoast.com\/product\/yoast-seo-wordpress\/ -->\n<title>Osobni podaci gra\u0111ana u posjedu nekoliko privatnih IT tvrtki - RADIO LJUBU\u0160KI<\/title>\n<meta name=\"robots\" content=\"index, follow, max-snippet:-1, max-image-preview:large, max-video-preview:-1\" \/>\n<link rel=\"canonical\" href=\"https:\/\/radioljubuski.ba\/index.php\/2021\/06\/24\/osobni-podaci-gradana-u-posjedu-nekoliko-privatnih-it-tvrtki\/\" \/>\n<meta property=\"og:locale\" content=\"hr_HR\" \/>\n<meta property=\"og:type\" content=\"article\" \/>\n<meta property=\"og:title\" content=\"Osobni podaci gra\u0111ana u posjedu nekoliko privatnih IT tvrtki - RADIO LJUBU\u0160KI\" \/>\n<meta property=\"og:description\" content=\"Nekoliko privatnih IT tvrtki kroz izradu i odr\u017eavanje desetine milijuna vrijednih softvera za dr\u017eavne institucije dobilo je pristup svim najpovjerljivijim osobnim podacima gra\u0111ana Republike Srpske. Istra\u017eivanje portala&nbsp;CAPITAL&nbsp;o sigurnosti tih podataka i mogu\u0107nosti njihove zloupotrebe pokazalo je da u RS i BiH nema sustavnog nadzora nad radom tih tvrtki i da standarde kojih \u0107e se pridr\u017eavati [&hellip;]\" \/>\n<meta property=\"og:url\" content=\"https:\/\/radioljubuski.ba\/index.php\/2021\/06\/24\/osobni-podaci-gradana-u-posjedu-nekoliko-privatnih-it-tvrtki\/\" \/>\n<meta property=\"og:site_name\" content=\"RADIO LJUBU\u0160KI\" \/>\n<meta property=\"article:publisher\" content=\"https:\/\/www.facebook.com\/Radiio-Ljubuski-1490835324566332\" \/>\n<meta property=\"article:published_time\" content=\"2021-06-24T10:16:46+00:00\" \/>\n<meta property=\"article:modified_time\" content=\"2021-06-24T10:16:48+00:00\" \/>\n<meta property=\"og:image\" content=\"https:\/\/radioljubuski.ba\/wp-content\/uploads\/2021\/04\/P28RFSvg_67912_0801_kompjuter_foto_dreamstime_f.jpg\" \/>\n\t<meta property=\"og:image:width\" content=\"1000\" \/>\n\t<meta property=\"og:image:height\" content=\"625\" \/>\n\t<meta property=\"og:image:type\" content=\"image\/jpeg\" \/>\n<meta name=\"author\" content=\"Radio Ljubu\u0161ki\" \/>\n<meta name=\"twitter:card\" content=\"summary_large_image\" \/>\n<meta name=\"twitter:creator\" content=\"@radioljubuski\" \/>\n<meta name=\"twitter:site\" content=\"@radioljubuski\" \/>\n<meta name=\"twitter:label1\" content=\"Napisao\/la\" \/>\n\t<meta name=\"twitter:data1\" content=\"Radio Ljubu\u0161ki\" \/>\n\t<meta name=\"twitter:label2\" content=\"Procijenjeno vrijeme \u010ditanja\" \/>\n\t<meta name=\"twitter:data2\" content=\"10 minuta\" \/>\n<script type=\"application\/ld+json\" class=\"yoast-schema-graph\">{\"@context\":\"https:\\\/\\\/schema.org\",\"@graph\":[{\"@type\":\"Article\",\"@id\":\"https:\\\/\\\/radioljubuski.ba\\\/index.php\\\/2021\\\/06\\\/24\\\/osobni-podaci-gradana-u-posjedu-nekoliko-privatnih-it-tvrtki\\\/#article\",\"isPartOf\":{\"@id\":\"https:\\\/\\\/radioljubuski.ba\\\/index.php\\\/2021\\\/06\\\/24\\\/osobni-podaci-gradana-u-posjedu-nekoliko-privatnih-it-tvrtki\\\/\"},\"author\":{\"name\":\"Radio Ljubu\u0161ki\",\"@id\":\"https:\\\/\\\/radioljubuski.ba\\\/#\\\/schema\\\/person\\\/19fc700381a780f69665d7956c469e3b\"},\"headline\":\"Osobni podaci gra\u0111ana u posjedu nekoliko privatnih IT tvrtki\",\"datePublished\":\"2021-06-24T10:16:46+00:00\",\"dateModified\":\"2021-06-24T10:16:48+00:00\",\"mainEntityOfPage\":{\"@id\":\"https:\\\/\\\/radioljubuski.ba\\\/index.php\\\/2021\\\/06\\\/24\\\/osobni-podaci-gradana-u-posjedu-nekoliko-privatnih-it-tvrtki\\\/\"},\"wordCount\":2346,\"publisher\":{\"@id\":\"https:\\\/\\\/radioljubuski.ba\\\/#organization\"},\"image\":{\"@id\":\"https:\\\/\\\/radioljubuski.ba\\\/index.php\\\/2021\\\/06\\\/24\\\/osobni-podaci-gradana-u-posjedu-nekoliko-privatnih-it-tvrtki\\\/#primaryimage\"},\"thumbnailUrl\":\"https:\\\/\\\/radioljubuski.ba\\\/wp-content\\\/uploads\\\/2021\\\/04\\\/P28RFSvg_67912_0801_kompjuter_foto_dreamstime_f.jpg\",\"articleSection\":[\"BIH i regija\"],\"inLanguage\":\"hr\"},{\"@type\":\"WebPage\",\"@id\":\"https:\\\/\\\/radioljubuski.ba\\\/index.php\\\/2021\\\/06\\\/24\\\/osobni-podaci-gradana-u-posjedu-nekoliko-privatnih-it-tvrtki\\\/\",\"url\":\"https:\\\/\\\/radioljubuski.ba\\\/index.php\\\/2021\\\/06\\\/24\\\/osobni-podaci-gradana-u-posjedu-nekoliko-privatnih-it-tvrtki\\\/\",\"name\":\"Osobni podaci gra\u0111ana u posjedu nekoliko privatnih IT tvrtki - RADIO LJUBU\u0160KI\",\"isPartOf\":{\"@id\":\"https:\\\/\\\/radioljubuski.ba\\\/#website\"},\"primaryImageOfPage\":{\"@id\":\"https:\\\/\\\/radioljubuski.ba\\\/index.php\\\/2021\\\/06\\\/24\\\/osobni-podaci-gradana-u-posjedu-nekoliko-privatnih-it-tvrtki\\\/#primaryimage\"},\"image\":{\"@id\":\"https:\\\/\\\/radioljubuski.ba\\\/index.php\\\/2021\\\/06\\\/24\\\/osobni-podaci-gradana-u-posjedu-nekoliko-privatnih-it-tvrtki\\\/#primaryimage\"},\"thumbnailUrl\":\"https:\\\/\\\/radioljubuski.ba\\\/wp-content\\\/uploads\\\/2021\\\/04\\\/P28RFSvg_67912_0801_kompjuter_foto_dreamstime_f.jpg\",\"datePublished\":\"2021-06-24T10:16:46+00:00\",\"dateModified\":\"2021-06-24T10:16:48+00:00\",\"breadcrumb\":{\"@id\":\"https:\\\/\\\/radioljubuski.ba\\\/index.php\\\/2021\\\/06\\\/24\\\/osobni-podaci-gradana-u-posjedu-nekoliko-privatnih-it-tvrtki\\\/#breadcrumb\"},\"inLanguage\":\"hr\",\"potentialAction\":[{\"@type\":\"ReadAction\",\"target\":[\"https:\\\/\\\/radioljubuski.ba\\\/index.php\\\/2021\\\/06\\\/24\\\/osobni-podaci-gradana-u-posjedu-nekoliko-privatnih-it-tvrtki\\\/\"]}]},{\"@type\":\"ImageObject\",\"inLanguage\":\"hr\",\"@id\":\"https:\\\/\\\/radioljubuski.ba\\\/index.php\\\/2021\\\/06\\\/24\\\/osobni-podaci-gradana-u-posjedu-nekoliko-privatnih-it-tvrtki\\\/#primaryimage\",\"url\":\"https:\\\/\\\/radioljubuski.ba\\\/wp-content\\\/uploads\\\/2021\\\/04\\\/P28RFSvg_67912_0801_kompjuter_foto_dreamstime_f.jpg\",\"contentUrl\":\"https:\\\/\\\/radioljubuski.ba\\\/wp-content\\\/uploads\\\/2021\\\/04\\\/P28RFSvg_67912_0801_kompjuter_foto_dreamstime_f.jpg\",\"width\":1000,\"height\":625},{\"@type\":\"BreadcrumbList\",\"@id\":\"https:\\\/\\\/radioljubuski.ba\\\/index.php\\\/2021\\\/06\\\/24\\\/osobni-podaci-gradana-u-posjedu-nekoliko-privatnih-it-tvrtki\\\/#breadcrumb\",\"itemListElement\":[{\"@type\":\"ListItem\",\"position\":1,\"name\":\"Po\u010detna stranica\",\"item\":\"https:\\\/\\\/radioljubuski.ba\\\/\"},{\"@type\":\"ListItem\",\"position\":2,\"name\":\"Osobni podaci gra\u0111ana u posjedu nekoliko privatnih IT tvrtki\"}]},{\"@type\":\"WebSite\",\"@id\":\"https:\\\/\\\/radioljubuski.ba\\\/#website\",\"url\":\"https:\\\/\\\/radioljubuski.ba\\\/\",\"name\":\"Radio Ljubu\u0161ki\",\"description\":\"Sun\u010dana frekvencija Hercegovine\",\"publisher\":{\"@id\":\"https:\\\/\\\/radioljubuski.ba\\\/#organization\"},\"potentialAction\":[{\"@type\":\"SearchAction\",\"target\":{\"@type\":\"EntryPoint\",\"urlTemplate\":\"https:\\\/\\\/radioljubuski.ba\\\/?s={search_term_string}\"},\"query-input\":{\"@type\":\"PropertyValueSpecification\",\"valueRequired\":true,\"valueName\":\"search_term_string\"}}],\"inLanguage\":\"hr\"},{\"@type\":\"Organization\",\"@id\":\"https:\\\/\\\/radioljubuski.ba\\\/#organization\",\"name\":\"Radio Ljubu\u0161ki\",\"url\":\"https:\\\/\\\/radioljubuski.ba\\\/\",\"logo\":{\"@type\":\"ImageObject\",\"inLanguage\":\"hr\",\"@id\":\"https:\\\/\\\/radioljubuski.ba\\\/#\\\/schema\\\/logo\\\/image\\\/\",\"url\":\"https:\\\/\\\/radioljubuski.ba\\\/wp-content\\\/uploads\\\/2021\\\/02\\\/cropped-Radio_Ljubuski_logo1.jpg\",\"contentUrl\":\"https:\\\/\\\/radioljubuski.ba\\\/wp-content\\\/uploads\\\/2021\\\/02\\\/cropped-Radio_Ljubuski_logo1.jpg\",\"width\":512,\"height\":512,\"caption\":\"Radio Ljubu\u0161ki\"},\"image\":{\"@id\":\"https:\\\/\\\/radioljubuski.ba\\\/#\\\/schema\\\/logo\\\/image\\\/\"},\"sameAs\":[\"https:\\\/\\\/www.facebook.com\\\/Radiio-Ljubuski-1490835324566332\",\"https:\\\/\\\/x.com\\\/radioljubuski\",\"https:\\\/\\\/hr.linkedin.com\\\/company\\\/radio-ljubuski\",\"https:\\\/\\\/www.youtube.com\\\/channel\\\/UCHYaeO_n0Db3tjNGudGpXyw\"]},{\"@type\":\"Person\",\"@id\":\"https:\\\/\\\/radioljubuski.ba\\\/#\\\/schema\\\/person\\\/19fc700381a780f69665d7956c469e3b\",\"name\":\"Radio Ljubu\u0161ki\"}]}<\/script>\n<!-- \/ Yoast SEO plugin. -->","yoast_head_json":{"title":"Osobni podaci gra\u0111ana u posjedu nekoliko privatnih IT tvrtki - RADIO LJUBU\u0160KI","robots":{"index":"index","follow":"follow","max-snippet":"max-snippet:-1","max-image-preview":"max-image-preview:large","max-video-preview":"max-video-preview:-1"},"canonical":"https:\/\/radioljubuski.ba\/index.php\/2021\/06\/24\/osobni-podaci-gradana-u-posjedu-nekoliko-privatnih-it-tvrtki\/","og_locale":"hr_HR","og_type":"article","og_title":"Osobni podaci gra\u0111ana u posjedu nekoliko privatnih IT tvrtki - RADIO LJUBU\u0160KI","og_description":"Nekoliko privatnih IT tvrtki kroz izradu i odr\u017eavanje desetine milijuna vrijednih softvera za dr\u017eavne institucije dobilo je pristup svim najpovjerljivijim osobnim podacima gra\u0111ana Republike Srpske. Istra\u017eivanje portala&nbsp;CAPITAL&nbsp;o sigurnosti tih podataka i mogu\u0107nosti njihove zloupotrebe pokazalo je da u RS i BiH nema sustavnog nadzora nad radom tih tvrtki i da standarde kojih \u0107e se pridr\u017eavati [&hellip;]","og_url":"https:\/\/radioljubuski.ba\/index.php\/2021\/06\/24\/osobni-podaci-gradana-u-posjedu-nekoliko-privatnih-it-tvrtki\/","og_site_name":"RADIO LJUBU\u0160KI","article_publisher":"https:\/\/www.facebook.com\/Radiio-Ljubuski-1490835324566332","article_published_time":"2021-06-24T10:16:46+00:00","article_modified_time":"2021-06-24T10:16:48+00:00","og_image":[{"width":1000,"height":625,"url":"https:\/\/radioljubuski.ba\/wp-content\/uploads\/2021\/04\/P28RFSvg_67912_0801_kompjuter_foto_dreamstime_f.jpg","type":"image\/jpeg"}],"author":"Radio Ljubu\u0161ki","twitter_card":"summary_large_image","twitter_creator":"@radioljubuski","twitter_site":"@radioljubuski","twitter_misc":{"Napisao\/la":"Radio Ljubu\u0161ki","Procijenjeno vrijeme \u010ditanja":"10 minuta"},"schema":{"@context":"https:\/\/schema.org","@graph":[{"@type":"Article","@id":"https:\/\/radioljubuski.ba\/index.php\/2021\/06\/24\/osobni-podaci-gradana-u-posjedu-nekoliko-privatnih-it-tvrtki\/#article","isPartOf":{"@id":"https:\/\/radioljubuski.ba\/index.php\/2021\/06\/24\/osobni-podaci-gradana-u-posjedu-nekoliko-privatnih-it-tvrtki\/"},"author":{"name":"Radio Ljubu\u0161ki","@id":"https:\/\/radioljubuski.ba\/#\/schema\/person\/19fc700381a780f69665d7956c469e3b"},"headline":"Osobni podaci gra\u0111ana u posjedu nekoliko privatnih IT tvrtki","datePublished":"2021-06-24T10:16:46+00:00","dateModified":"2021-06-24T10:16:48+00:00","mainEntityOfPage":{"@id":"https:\/\/radioljubuski.ba\/index.php\/2021\/06\/24\/osobni-podaci-gradana-u-posjedu-nekoliko-privatnih-it-tvrtki\/"},"wordCount":2346,"publisher":{"@id":"https:\/\/radioljubuski.ba\/#organization"},"image":{"@id":"https:\/\/radioljubuski.ba\/index.php\/2021\/06\/24\/osobni-podaci-gradana-u-posjedu-nekoliko-privatnih-it-tvrtki\/#primaryimage"},"thumbnailUrl":"https:\/\/radioljubuski.ba\/wp-content\/uploads\/2021\/04\/P28RFSvg_67912_0801_kompjuter_foto_dreamstime_f.jpg","articleSection":["BIH i regija"],"inLanguage":"hr"},{"@type":"WebPage","@id":"https:\/\/radioljubuski.ba\/index.php\/2021\/06\/24\/osobni-podaci-gradana-u-posjedu-nekoliko-privatnih-it-tvrtki\/","url":"https:\/\/radioljubuski.ba\/index.php\/2021\/06\/24\/osobni-podaci-gradana-u-posjedu-nekoliko-privatnih-it-tvrtki\/","name":"Osobni podaci gra\u0111ana u posjedu nekoliko privatnih IT tvrtki - RADIO LJUBU\u0160KI","isPartOf":{"@id":"https:\/\/radioljubuski.ba\/#website"},"primaryImageOfPage":{"@id":"https:\/\/radioljubuski.ba\/index.php\/2021\/06\/24\/osobni-podaci-gradana-u-posjedu-nekoliko-privatnih-it-tvrtki\/#primaryimage"},"image":{"@id":"https:\/\/radioljubuski.ba\/index.php\/2021\/06\/24\/osobni-podaci-gradana-u-posjedu-nekoliko-privatnih-it-tvrtki\/#primaryimage"},"thumbnailUrl":"https:\/\/radioljubuski.ba\/wp-content\/uploads\/2021\/04\/P28RFSvg_67912_0801_kompjuter_foto_dreamstime_f.jpg","datePublished":"2021-06-24T10:16:46+00:00","dateModified":"2021-06-24T10:16:48+00:00","breadcrumb":{"@id":"https:\/\/radioljubuski.ba\/index.php\/2021\/06\/24\/osobni-podaci-gradana-u-posjedu-nekoliko-privatnih-it-tvrtki\/#breadcrumb"},"inLanguage":"hr","potentialAction":[{"@type":"ReadAction","target":["https:\/\/radioljubuski.ba\/index.php\/2021\/06\/24\/osobni-podaci-gradana-u-posjedu-nekoliko-privatnih-it-tvrtki\/"]}]},{"@type":"ImageObject","inLanguage":"hr","@id":"https:\/\/radioljubuski.ba\/index.php\/2021\/06\/24\/osobni-podaci-gradana-u-posjedu-nekoliko-privatnih-it-tvrtki\/#primaryimage","url":"https:\/\/radioljubuski.ba\/wp-content\/uploads\/2021\/04\/P28RFSvg_67912_0801_kompjuter_foto_dreamstime_f.jpg","contentUrl":"https:\/\/radioljubuski.ba\/wp-content\/uploads\/2021\/04\/P28RFSvg_67912_0801_kompjuter_foto_dreamstime_f.jpg","width":1000,"height":625},{"@type":"BreadcrumbList","@id":"https:\/\/radioljubuski.ba\/index.php\/2021\/06\/24\/osobni-podaci-gradana-u-posjedu-nekoliko-privatnih-it-tvrtki\/#breadcrumb","itemListElement":[{"@type":"ListItem","position":1,"name":"Po\u010detna stranica","item":"https:\/\/radioljubuski.ba\/"},{"@type":"ListItem","position":2,"name":"Osobni podaci gra\u0111ana u posjedu nekoliko privatnih IT tvrtki"}]},{"@type":"WebSite","@id":"https:\/\/radioljubuski.ba\/#website","url":"https:\/\/radioljubuski.ba\/","name":"Radio Ljubu\u0161ki","description":"Sun\u010dana frekvencija Hercegovine","publisher":{"@id":"https:\/\/radioljubuski.ba\/#organization"},"potentialAction":[{"@type":"SearchAction","target":{"@type":"EntryPoint","urlTemplate":"https:\/\/radioljubuski.ba\/?s={search_term_string}"},"query-input":{"@type":"PropertyValueSpecification","valueRequired":true,"valueName":"search_term_string"}}],"inLanguage":"hr"},{"@type":"Organization","@id":"https:\/\/radioljubuski.ba\/#organization","name":"Radio Ljubu\u0161ki","url":"https:\/\/radioljubuski.ba\/","logo":{"@type":"ImageObject","inLanguage":"hr","@id":"https:\/\/radioljubuski.ba\/#\/schema\/logo\/image\/","url":"https:\/\/radioljubuski.ba\/wp-content\/uploads\/2021\/02\/cropped-Radio_Ljubuski_logo1.jpg","contentUrl":"https:\/\/radioljubuski.ba\/wp-content\/uploads\/2021\/02\/cropped-Radio_Ljubuski_logo1.jpg","width":512,"height":512,"caption":"Radio Ljubu\u0161ki"},"image":{"@id":"https:\/\/radioljubuski.ba\/#\/schema\/logo\/image\/"},"sameAs":["https:\/\/www.facebook.com\/Radiio-Ljubuski-1490835324566332","https:\/\/x.com\/radioljubuski","https:\/\/hr.linkedin.com\/company\/radio-ljubuski","https:\/\/www.youtube.com\/channel\/UCHYaeO_n0Db3tjNGudGpXyw"]},{"@type":"Person","@id":"https:\/\/radioljubuski.ba\/#\/schema\/person\/19fc700381a780f69665d7956c469e3b","name":"Radio Ljubu\u0161ki"}]}},"_links":{"self":[{"href":"https:\/\/radioljubuski.ba\/index.php\/wp-json\/wp\/v2\/posts\/35364","targetHints":{"allow":["GET"]}}],"collection":[{"href":"https:\/\/radioljubuski.ba\/index.php\/wp-json\/wp\/v2\/posts"}],"about":[{"href":"https:\/\/radioljubuski.ba\/index.php\/wp-json\/wp\/v2\/types\/post"}],"author":[{"embeddable":true,"href":"https:\/\/radioljubuski.ba\/index.php\/wp-json\/wp\/v2\/users\/2"}],"replies":[{"embeddable":true,"href":"https:\/\/radioljubuski.ba\/index.php\/wp-json\/wp\/v2\/comments?post=35364"}],"version-history":[{"count":1,"href":"https:\/\/radioljubuski.ba\/index.php\/wp-json\/wp\/v2\/posts\/35364\/revisions"}],"predecessor-version":[{"id":35365,"href":"https:\/\/radioljubuski.ba\/index.php\/wp-json\/wp\/v2\/posts\/35364\/revisions\/35365"}],"wp:featuredmedia":[{"embeddable":true,"href":"https:\/\/radioljubuski.ba\/index.php\/wp-json\/wp\/v2\/media\/14386"}],"wp:attachment":[{"href":"https:\/\/radioljubuski.ba\/index.php\/wp-json\/wp\/v2\/media?parent=35364"}],"wp:term":[{"taxonomy":"category","embeddable":true,"href":"https:\/\/radioljubuski.ba\/index.php\/wp-json\/wp\/v2\/categories?post=35364"},{"taxonomy":"post_tag","embeddable":true,"href":"https:\/\/radioljubuski.ba\/index.php\/wp-json\/wp\/v2\/tags?post=35364"}],"curies":[{"name":"wp","href":"https:\/\/api.w.org\/{rel}","templated":true}]}}