{"id":35375,"date":"2021-06-24T11:27:12","date_gmt":"2021-06-24T10:27:12","guid":{"rendered":"https:\/\/radioljubuski.ba\/?p=35375"},"modified":"2021-06-24T11:27:13","modified_gmt":"2021-06-24T10:27:13","slug":"hrvatski-eurozastupnici-zgrozeni-prijedlogom-teksta-izvjesca-o-bih","status":"publish","type":"post","link":"https:\/\/radioljubuski.ba\/index.php\/2021\/06\/24\/hrvatski-eurozastupnici-zgrozeni-prijedlogom-teksta-izvjesca-o-bih\/","title":{"rendered":"Hrvatski eurozastupnici zgro\u017eeni prijedlogom teksta izvje\u0161\u0107a o BiH"},"content":{"rendered":"\n<h5 class=\"wp-block-heading\">Hrvatski europarlamentarci \u017deljana Zovko, Ru\u017ea Toma\u0161i\u0107, Tonino Picula i Sun\u010dana Glavak o\u0161tro su na plenarnoj sjednici Europskog parlamenta kritizirali prijedlog teksta izvje\u0161\u0107a Europskog parlamenta o Bosni i Hercegovini u kojem se niti jednom ne spominju prava konstitutivnih naroda.<\/h5>\n\n\n\n<p>HDZ-ova eurozastupnica&nbsp;<strong>\u017deljana Zovko<\/strong>&nbsp;u raspravi je ustvrdila kako je izvje\u0161\u0107e poku\u0161aj brisanja konstitutivnosti&nbsp;naroda.<\/p>\n\n\n\n<p><em>Neki u ovome parlamentu\u00a0<strong>poku\u0161avaju izbrisati konstitutivne narode iz realnosti Bosne i Hercegovine.<\/strong>\u00a0Upozoravam Vas, to je jednom rezultiralo velikom tragedijom, poru\u010dila<\/em>\u00a0je HDZ-ova \u017deljana Zovko, usporediv\u0161i poku\u0161aje ukidanja konstitutivnih naroda s politikom<strong>\u00a0Slobodana Milo\u0161evi\u0107a<\/strong>.<\/p>\n\n\n\n<p><em>Ako se koncept konstitutivnih naroda izbaci iz ove rezolucije moram istaknuti da&nbsp;<strong>ni\u0161ta nismo nau\u010dili u proteklih 30 godina<\/strong>,<\/em>&nbsp;dodala je Zovko, koja se obratila europarlamentarcima u ime Europske pu\u010dke stranke.<\/p>\n\n\n\n<p>Zovko je potom istaknula da bi se \u201cu sje\u0107anje na&nbsp;<strong>Cutiliera<\/strong>&nbsp;portugalska delegacija mo\u017eda trebala prisjetiti \u0161to je on poku\u0161ao\u201d.<\/p>\n\n\n\n<p>Portugal trenutno predsjeda Europskom unijom, a portugalski diplomat Jose Cutiliero,&nbsp;<strong>autor je mirovnog plana za Bosnu i Hercegovinu<\/strong>, uo\u010di po\u010detka rata, koji je predvi\u0111ao etni\u010dku kantonizaciju zemlje.<\/p>\n\n\n\n<p>Hrvatska zastupnica&nbsp;<strong>Ru\u017ea Toma\u0161i\u0107<\/strong>&nbsp;je, u ime Europskih konzervativaca i reformista (ECR) istaknula da \u201cParlament odbija prihvatiti \u010dinjenicu da je BiH tronacionalna dr\u017eava tri konstitutivna naroda\u201d.<\/p>\n\n\n\n<p><strong><em>Tako negira identitet onih koje bi trebao uva\u017eavati i slu\u0161ati<\/em><\/strong>, kazala je Toma\u0161i\u0107, dodav\u0161i da Parlament provodi \u201cdru\u0161tvene pokuse\u201d na narodima u Bosni i Hercegovini.<\/p>\n\n\n\n<p><em>Rezolucija&nbsp;<strong>potpuno ignorira Daytonski ustavni okvir i konstitutivne narode<\/strong>. Upravo to spada pod takozvanu protuustavnu retoriku na koju Parlament upozorava u to\u010dki 18.,<\/em>&nbsp;dodala je.<\/p>\n\n\n\n<p><strong>Tonino Picula<\/strong>&nbsp;(SDP\/S&amp;D) je naglasio kako \u201cnefunkcionalni Daytonski poredak odr\u017eava status quo dopu\u0161taju\u0107i politi\u010dkim elitama sve ja\u010du kontrolu nad sve manje resursa\u201d.<\/p>\n\n\n\n<p>Me\u0111utim, kazao je kako se \u201cjo\u0161&nbsp;<strong>ne vidi kako zamijeniti dotrajali Daytonski sustav<\/strong>&nbsp;sustavom primjerenijim jednoj slo\u017eenoj zajednici koja \u0107e biti efikasnije povezana vlastitim razli\u010ditostima\u201d.<\/p>\n\n\n\n<p>Zaklju\u010dio je da BiH treba biti \u201c<strong>funkcionalna dr\u017eava svojih konstitutivnih naroda i svih gra\u0111ana<\/strong>&nbsp;temeljena na principima federalizma, supsidijarnosti i legitimnog zastupanja\u201d.<\/p>\n\n\n\n<p><strong>Sun\u010dana Glavak<\/strong>&nbsp;je tako\u0111er istaknula kako je va\u017eno da \u201csva tri naroda budu jednakopravna, osobito Hrvati kao najmalobrojniji\u201d.<\/p>\n\n\n\n<p>Konstitutivni narodi su&nbsp;<strong>\u201cosnova i bez toga ne mo\u017eemo nastaviti\u201d<\/strong>, zaklju\u010dila je Glavak i pozvala europarlamentarce da podr\u017ee amandmane kojima bi se uvrstila prava konstitutivnih naroda u rezoluciju.<\/p>\n\n\n\n<p>U prijedlogu rezolucije Europskog parlamenta o BiH, \u010diji je izvjestitelj pu\u010danin&nbsp;<strong>Paulo Rangel<\/strong>, ne spominju se prava konstitutivnih naroda.<\/p>\n\n\n\n<p>Tako je, primjerice, izra\u017eeno \u017ealjenje \u201czbog \u010dinjenice da BiH i dalje kr\u0161i Europsku konvenciju o ljudskim pravima jer nije provela presudu Europskog suda za ljudska prava (ESLJP) u predmetima&nbsp;<strong>Sejdi\u0107-Finci, Zorni\u0107, Pilav i \u0160laku<\/strong>&nbsp;u vezi suzbijanja diskriminacije i osiguranja demokratske jednakosti gra\u0111ana u izbornom procesu u zemlji\u201d.<\/p>\n\n\n\n<p>Rije\u010d je o presudama koje, ovisno o slu\u010daju isti\u010du da&nbsp;<strong>BiH diskriminira gra\u0111ane koji nisu Hrvati, Srbi ili Bo\u0161njaci<\/strong>&nbsp;jer se ne mogu kandidirati za Predsjedni\u0161tvo ili jer ograni\u010dava&nbsp;izborna prava Hrvata i Bo\u0161njaka u Republici Srpskoj te Srba u Federaciji BiH.<\/p>\n\n\n\n<p>U rezoluciji&nbsp;se&nbsp;<strong>ne spominje presuda Ustavnog suda BiH u slu\u010daju Ljubi\u0107 iz 2016.<\/strong>, kojom je utvr\u0111eno da postoje\u0107i izborni zakon BiH diskriminira konstitutivne narode. Naime, on omogu\u0107uje brojnijim Bo\u0161njacima da biraju hrvatske predstavnike u Domu naroda Parlamenta Federacije BiH, kao i hrvatskog \u010dlana predsjedni\u0161tva BiH, \u0161to je na\u010din na koji je ve\u0107 tri puta izabran&nbsp;<strong>\u017deljko Kom\u0161i\u0107<\/strong>. Hrvatske stranke u BiH i hrvatska vanjska politika&nbsp;<strong>tra\u017ee promjenu izbornog zakona&nbsp;<\/strong>kako bi se onemogu\u0107ila takva praksa&nbsp;u budu\u0107nosti.<\/p>\n\n\n\n<p>Me\u0111utim, najja\u010da grupacija u EP-u, Europska pu\u010dka stranka (EPP), kao i Europski konzervativci i reformisti (ECR)&nbsp;<strong>ulo\u017eili su nekoliko amandmana<\/strong>&nbsp;na prijedlog izvje\u0161\u0107a, u kojima se eksplicitno spominju prava konstitutivnih naroda.<\/p>\n\n\n\n<p>Tako se u amandmanu EPP-a \u201cpozdravlja&nbsp;<strong>osnivanje me\u0111uagencijske radne skupine<\/strong>&nbsp;u svrhu pokretanja pregovora o provedbi tih presuda i postizanja dogovora o potrebnim izmjenama Ustava i Izbornog zakona te o\u010dekuje da \u0107e se pitanje demokratske zastupljenosti svih gra\u0111ana i konstitutivnih naroda naposljetku rije\u0161iti\u201d.<\/p>\n\n\n\n<p>Sam Rangel je na plenarnoj<strong>&nbsp;sjednici u srijedu izjavio kako je \u201cvrijeme da svi konstitutivni narodi i svi gra\u0111ani<\/strong>&nbsp;imaju u potpunosti osigurano demokratsko predstavljanje, u skladu s odlukama Europskog suda za ljudska prava i europskim standardima\u201d.<\/p>\n\n\n\n<p><em>Rje\u0161enje mora biti prona\u0111en unutar<strong>&nbsp;\u0161ire i inkluzivne debate i dijaloga u zemlji<\/strong>. Kako bi ona bila mogu\u0107a i odr\u017eiva sva tri naroda moraju je usvojiti,<\/em>&nbsp;dodao je.<\/p>\n\n\n\n<p>Rezoluciju su na raspravi&nbsp;<strong>sna\u017eno podr\u017eali<\/strong>&nbsp;govornici iz kluba Socijalista i demokrata (S&amp;D), kluba liberala Obnovimo Europu i Zelenih, pi\u0161e Hina.<\/p>\n\n\n\n<p>Zastupnica nizozemskih Zelenih&nbsp;<strong>Tineke Strik<\/strong>&nbsp;je, primjerice, kazala da Parlament treba \u201cizbjegavati referiranje na&nbsp;privilegirana prava tri konstituirana naroda kako bi se obnovilo povjerenje u politiku u BiH\u201d te da je potrebno<strong>&nbsp;\u201codbaciti sve nacionalisti\u010dke politike\u201d<\/strong>.<\/p>\n\n\n\n<p>O izvje\u0161\u0107u \u0107e Europski parlament glasati u \u010detvrtak. Tekst rezolucije usvojen je na pro\u0161lotjednoj sjednici Odbora za vanjske poslove s 50 glasova za, 8 protiv i 12 suzdr\u017eanih, pri \u010demu su&nbsp;<strong>protiv glasala sva tri hrvatska \u010dlana odbora<\/strong>&nbsp;\u2013 \u017deljana Zovko, Tonino Picula i Sun\u010dana Glavak.<\/p>\n\n\n\n<p><strong>Izvor: Jabuka.tv<\/strong><\/p>\n","protected":false},"excerpt":{"rendered":"<p>Hrvatski europarlamentarci \u017deljana Zovko, Ru\u017ea Toma\u0161i\u0107, Tonino Picula i Sun\u010dana Glavak o\u0161tro su na plenarnoj sjednici Europskog parlamenta kritizirali prijedlog teksta izvje\u0161\u0107a Europskog parlamenta o Bosni i Hercegovini u kojem se niti jednom ne spominju prava konstitutivnih naroda. HDZ-ova eurozastupnica&nbsp;\u017deljana Zovko&nbsp;u raspravi je ustvrdila kako je izvje\u0161\u0107e poku\u0161aj brisanja konstitutivnosti&nbsp;naroda. Neki u ovome parlamentu\u00a0poku\u0161avaju izbrisati [&hellip;]<\/p>\n","protected":false},"author":2,"featured_media":35376,"comment_status":"closed","ping_status":"closed","sticky":false,"template":"","format":"standard","meta":{"h5ap_radio_sources":[],"footnotes":""},"categories":[1],"tags":[],"class_list":["post-35375","post","type-post","status-publish","format-standard","has-post-thumbnail","hentry","category-bihiregija"],"yoast_head":"<!-- This site is optimized with the Yoast SEO plugin v27.5 - https:\/\/yoast.com\/product\/yoast-seo-wordpress\/ -->\n<title>Hrvatski eurozastupnici zgro\u017eeni prijedlogom teksta izvje\u0161\u0107a o BiH - RADIO LJUBU\u0160KI<\/title>\n<meta name=\"robots\" content=\"index, follow, max-snippet:-1, max-image-preview:large, max-video-preview:-1\" \/>\n<link rel=\"canonical\" href=\"https:\/\/radioljubuski.ba\/index.php\/2021\/06\/24\/hrvatski-eurozastupnici-zgrozeni-prijedlogom-teksta-izvjesca-o-bih\/\" \/>\n<meta property=\"og:locale\" content=\"hr_HR\" \/>\n<meta property=\"og:type\" content=\"article\" \/>\n<meta property=\"og:title\" content=\"Hrvatski eurozastupnici zgro\u017eeni prijedlogom teksta izvje\u0161\u0107a o BiH - RADIO LJUBU\u0160KI\" \/>\n<meta property=\"og:description\" content=\"Hrvatski europarlamentarci \u017deljana Zovko, Ru\u017ea Toma\u0161i\u0107, Tonino Picula i Sun\u010dana Glavak o\u0161tro su na plenarnoj sjednici Europskog parlamenta kritizirali prijedlog teksta izvje\u0161\u0107a Europskog parlamenta o Bosni i Hercegovini u kojem se niti jednom ne spominju prava konstitutivnih naroda. HDZ-ova eurozastupnica&nbsp;\u017deljana Zovko&nbsp;u raspravi je ustvrdila kako je izvje\u0161\u0107e poku\u0161aj brisanja konstitutivnosti&nbsp;naroda. Neki u ovome parlamentu\u00a0poku\u0161avaju izbrisati [&hellip;]\" \/>\n<meta property=\"og:url\" content=\"https:\/\/radioljubuski.ba\/index.php\/2021\/06\/24\/hrvatski-eurozastupnici-zgrozeni-prijedlogom-teksta-izvjesca-o-bih\/\" \/>\n<meta property=\"og:site_name\" content=\"RADIO LJUBU\u0160KI\" \/>\n<meta property=\"article:publisher\" content=\"https:\/\/www.facebook.com\/Radiio-Ljubuski-1490835324566332\" \/>\n<meta property=\"article:published_time\" content=\"2021-06-24T10:27:12+00:00\" \/>\n<meta property=\"article:modified_time\" content=\"2021-06-24T10:27:13+00:00\" \/>\n<meta property=\"og:image\" content=\"https:\/\/radioljubuski.ba\/wp-content\/uploads\/2021\/06\/europa-parlament.jpg\" \/>\n\t<meta property=\"og:image:width\" content=\"810\" \/>\n\t<meta property=\"og:image:height\" content=\"540\" \/>\n\t<meta property=\"og:image:type\" content=\"image\/jpeg\" \/>\n<meta name=\"author\" content=\"Radio Ljubu\u0161ki\" \/>\n<meta name=\"twitter:card\" content=\"summary_large_image\" \/>\n<meta name=\"twitter:creator\" content=\"@radioljubuski\" \/>\n<meta name=\"twitter:site\" content=\"@radioljubuski\" \/>\n<meta name=\"twitter:label1\" content=\"Napisao\/la\" \/>\n\t<meta name=\"twitter:data1\" content=\"Radio Ljubu\u0161ki\" \/>\n\t<meta name=\"twitter:label2\" content=\"Procijenjeno vrijeme \u010ditanja\" \/>\n\t<meta name=\"twitter:data2\" content=\"4 minute\" \/>\n<script type=\"application\/ld+json\" class=\"yoast-schema-graph\">{\"@context\":\"https:\\\/\\\/schema.org\",\"@graph\":[{\"@type\":\"Article\",\"@id\":\"https:\\\/\\\/radioljubuski.ba\\\/index.php\\\/2021\\\/06\\\/24\\\/hrvatski-eurozastupnici-zgrozeni-prijedlogom-teksta-izvjesca-o-bih\\\/#article\",\"isPartOf\":{\"@id\":\"https:\\\/\\\/radioljubuski.ba\\\/index.php\\\/2021\\\/06\\\/24\\\/hrvatski-eurozastupnici-zgrozeni-prijedlogom-teksta-izvjesca-o-bih\\\/\"},\"author\":{\"name\":\"Radio Ljubu\u0161ki\",\"@id\":\"https:\\\/\\\/radioljubuski.ba\\\/#\\\/schema\\\/person\\\/19fc700381a780f69665d7956c469e3b\"},\"headline\":\"Hrvatski eurozastupnici zgro\u017eeni prijedlogom teksta izvje\u0161\u0107a o BiH\",\"datePublished\":\"2021-06-24T10:27:12+00:00\",\"dateModified\":\"2021-06-24T10:27:13+00:00\",\"mainEntityOfPage\":{\"@id\":\"https:\\\/\\\/radioljubuski.ba\\\/index.php\\\/2021\\\/06\\\/24\\\/hrvatski-eurozastupnici-zgrozeni-prijedlogom-teksta-izvjesca-o-bih\\\/\"},\"wordCount\":937,\"publisher\":{\"@id\":\"https:\\\/\\\/radioljubuski.ba\\\/#organization\"},\"image\":{\"@id\":\"https:\\\/\\\/radioljubuski.ba\\\/index.php\\\/2021\\\/06\\\/24\\\/hrvatski-eurozastupnici-zgrozeni-prijedlogom-teksta-izvjesca-o-bih\\\/#primaryimage\"},\"thumbnailUrl\":\"https:\\\/\\\/radioljubuski.ba\\\/wp-content\\\/uploads\\\/2021\\\/06\\\/europa-parlament.jpg\",\"articleSection\":[\"BIH i regija\"],\"inLanguage\":\"hr\"},{\"@type\":\"WebPage\",\"@id\":\"https:\\\/\\\/radioljubuski.ba\\\/index.php\\\/2021\\\/06\\\/24\\\/hrvatski-eurozastupnici-zgrozeni-prijedlogom-teksta-izvjesca-o-bih\\\/\",\"url\":\"https:\\\/\\\/radioljubuski.ba\\\/index.php\\\/2021\\\/06\\\/24\\\/hrvatski-eurozastupnici-zgrozeni-prijedlogom-teksta-izvjesca-o-bih\\\/\",\"name\":\"Hrvatski eurozastupnici zgro\u017eeni prijedlogom teksta izvje\u0161\u0107a o BiH - RADIO LJUBU\u0160KI\",\"isPartOf\":{\"@id\":\"https:\\\/\\\/radioljubuski.ba\\\/#website\"},\"primaryImageOfPage\":{\"@id\":\"https:\\\/\\\/radioljubuski.ba\\\/index.php\\\/2021\\\/06\\\/24\\\/hrvatski-eurozastupnici-zgrozeni-prijedlogom-teksta-izvjesca-o-bih\\\/#primaryimage\"},\"image\":{\"@id\":\"https:\\\/\\\/radioljubuski.ba\\\/index.php\\\/2021\\\/06\\\/24\\\/hrvatski-eurozastupnici-zgrozeni-prijedlogom-teksta-izvjesca-o-bih\\\/#primaryimage\"},\"thumbnailUrl\":\"https:\\\/\\\/radioljubuski.ba\\\/wp-content\\\/uploads\\\/2021\\\/06\\\/europa-parlament.jpg\",\"datePublished\":\"2021-06-24T10:27:12+00:00\",\"dateModified\":\"2021-06-24T10:27:13+00:00\",\"breadcrumb\":{\"@id\":\"https:\\\/\\\/radioljubuski.ba\\\/index.php\\\/2021\\\/06\\\/24\\\/hrvatski-eurozastupnici-zgrozeni-prijedlogom-teksta-izvjesca-o-bih\\\/#breadcrumb\"},\"inLanguage\":\"hr\",\"potentialAction\":[{\"@type\":\"ReadAction\",\"target\":[\"https:\\\/\\\/radioljubuski.ba\\\/index.php\\\/2021\\\/06\\\/24\\\/hrvatski-eurozastupnici-zgrozeni-prijedlogom-teksta-izvjesca-o-bih\\\/\"]}]},{\"@type\":\"ImageObject\",\"inLanguage\":\"hr\",\"@id\":\"https:\\\/\\\/radioljubuski.ba\\\/index.php\\\/2021\\\/06\\\/24\\\/hrvatski-eurozastupnici-zgrozeni-prijedlogom-teksta-izvjesca-o-bih\\\/#primaryimage\",\"url\":\"https:\\\/\\\/radioljubuski.ba\\\/wp-content\\\/uploads\\\/2021\\\/06\\\/europa-parlament.jpg\",\"contentUrl\":\"https:\\\/\\\/radioljubuski.ba\\\/wp-content\\\/uploads\\\/2021\\\/06\\\/europa-parlament.jpg\",\"width\":810,\"height\":540},{\"@type\":\"BreadcrumbList\",\"@id\":\"https:\\\/\\\/radioljubuski.ba\\\/index.php\\\/2021\\\/06\\\/24\\\/hrvatski-eurozastupnici-zgrozeni-prijedlogom-teksta-izvjesca-o-bih\\\/#breadcrumb\",\"itemListElement\":[{\"@type\":\"ListItem\",\"position\":1,\"name\":\"Po\u010detna stranica\",\"item\":\"https:\\\/\\\/radioljubuski.ba\\\/\"},{\"@type\":\"ListItem\",\"position\":2,\"name\":\"Hrvatski eurozastupnici zgro\u017eeni prijedlogom teksta izvje\u0161\u0107a o BiH\"}]},{\"@type\":\"WebSite\",\"@id\":\"https:\\\/\\\/radioljubuski.ba\\\/#website\",\"url\":\"https:\\\/\\\/radioljubuski.ba\\\/\",\"name\":\"Radio Ljubu\u0161ki\",\"description\":\"Sun\u010dana frekvencija Hercegovine\",\"publisher\":{\"@id\":\"https:\\\/\\\/radioljubuski.ba\\\/#organization\"},\"potentialAction\":[{\"@type\":\"SearchAction\",\"target\":{\"@type\":\"EntryPoint\",\"urlTemplate\":\"https:\\\/\\\/radioljubuski.ba\\\/?s={search_term_string}\"},\"query-input\":{\"@type\":\"PropertyValueSpecification\",\"valueRequired\":true,\"valueName\":\"search_term_string\"}}],\"inLanguage\":\"hr\"},{\"@type\":\"Organization\",\"@id\":\"https:\\\/\\\/radioljubuski.ba\\\/#organization\",\"name\":\"Radio Ljubu\u0161ki\",\"url\":\"https:\\\/\\\/radioljubuski.ba\\\/\",\"logo\":{\"@type\":\"ImageObject\",\"inLanguage\":\"hr\",\"@id\":\"https:\\\/\\\/radioljubuski.ba\\\/#\\\/schema\\\/logo\\\/image\\\/\",\"url\":\"https:\\\/\\\/radioljubuski.ba\\\/wp-content\\\/uploads\\\/2021\\\/02\\\/cropped-Radio_Ljubuski_logo1.jpg\",\"contentUrl\":\"https:\\\/\\\/radioljubuski.ba\\\/wp-content\\\/uploads\\\/2021\\\/02\\\/cropped-Radio_Ljubuski_logo1.jpg\",\"width\":512,\"height\":512,\"caption\":\"Radio Ljubu\u0161ki\"},\"image\":{\"@id\":\"https:\\\/\\\/radioljubuski.ba\\\/#\\\/schema\\\/logo\\\/image\\\/\"},\"sameAs\":[\"https:\\\/\\\/www.facebook.com\\\/Radiio-Ljubuski-1490835324566332\",\"https:\\\/\\\/x.com\\\/radioljubuski\",\"https:\\\/\\\/hr.linkedin.com\\\/company\\\/radio-ljubuski\",\"https:\\\/\\\/www.youtube.com\\\/channel\\\/UCHYaeO_n0Db3tjNGudGpXyw\"]},{\"@type\":\"Person\",\"@id\":\"https:\\\/\\\/radioljubuski.ba\\\/#\\\/schema\\\/person\\\/19fc700381a780f69665d7956c469e3b\",\"name\":\"Radio Ljubu\u0161ki\"}]}<\/script>\n<!-- \/ Yoast SEO plugin. -->","yoast_head_json":{"title":"Hrvatski eurozastupnici zgro\u017eeni prijedlogom teksta izvje\u0161\u0107a o BiH - RADIO LJUBU\u0160KI","robots":{"index":"index","follow":"follow","max-snippet":"max-snippet:-1","max-image-preview":"max-image-preview:large","max-video-preview":"max-video-preview:-1"},"canonical":"https:\/\/radioljubuski.ba\/index.php\/2021\/06\/24\/hrvatski-eurozastupnici-zgrozeni-prijedlogom-teksta-izvjesca-o-bih\/","og_locale":"hr_HR","og_type":"article","og_title":"Hrvatski eurozastupnici zgro\u017eeni prijedlogom teksta izvje\u0161\u0107a o BiH - RADIO LJUBU\u0160KI","og_description":"Hrvatski europarlamentarci \u017deljana Zovko, Ru\u017ea Toma\u0161i\u0107, Tonino Picula i Sun\u010dana Glavak o\u0161tro su na plenarnoj sjednici Europskog parlamenta kritizirali prijedlog teksta izvje\u0161\u0107a Europskog parlamenta o Bosni i Hercegovini u kojem se niti jednom ne spominju prava konstitutivnih naroda. HDZ-ova eurozastupnica&nbsp;\u017deljana Zovko&nbsp;u raspravi je ustvrdila kako je izvje\u0161\u0107e poku\u0161aj brisanja konstitutivnosti&nbsp;naroda. Neki u ovome parlamentu\u00a0poku\u0161avaju izbrisati [&hellip;]","og_url":"https:\/\/radioljubuski.ba\/index.php\/2021\/06\/24\/hrvatski-eurozastupnici-zgrozeni-prijedlogom-teksta-izvjesca-o-bih\/","og_site_name":"RADIO LJUBU\u0160KI","article_publisher":"https:\/\/www.facebook.com\/Radiio-Ljubuski-1490835324566332","article_published_time":"2021-06-24T10:27:12+00:00","article_modified_time":"2021-06-24T10:27:13+00:00","og_image":[{"width":810,"height":540,"url":"https:\/\/radioljubuski.ba\/wp-content\/uploads\/2021\/06\/europa-parlament.jpg","type":"image\/jpeg"}],"author":"Radio Ljubu\u0161ki","twitter_card":"summary_large_image","twitter_creator":"@radioljubuski","twitter_site":"@radioljubuski","twitter_misc":{"Napisao\/la":"Radio Ljubu\u0161ki","Procijenjeno vrijeme \u010ditanja":"4 minute"},"schema":{"@context":"https:\/\/schema.org","@graph":[{"@type":"Article","@id":"https:\/\/radioljubuski.ba\/index.php\/2021\/06\/24\/hrvatski-eurozastupnici-zgrozeni-prijedlogom-teksta-izvjesca-o-bih\/#article","isPartOf":{"@id":"https:\/\/radioljubuski.ba\/index.php\/2021\/06\/24\/hrvatski-eurozastupnici-zgrozeni-prijedlogom-teksta-izvjesca-o-bih\/"},"author":{"name":"Radio Ljubu\u0161ki","@id":"https:\/\/radioljubuski.ba\/#\/schema\/person\/19fc700381a780f69665d7956c469e3b"},"headline":"Hrvatski eurozastupnici zgro\u017eeni prijedlogom teksta izvje\u0161\u0107a o BiH","datePublished":"2021-06-24T10:27:12+00:00","dateModified":"2021-06-24T10:27:13+00:00","mainEntityOfPage":{"@id":"https:\/\/radioljubuski.ba\/index.php\/2021\/06\/24\/hrvatski-eurozastupnici-zgrozeni-prijedlogom-teksta-izvjesca-o-bih\/"},"wordCount":937,"publisher":{"@id":"https:\/\/radioljubuski.ba\/#organization"},"image":{"@id":"https:\/\/radioljubuski.ba\/index.php\/2021\/06\/24\/hrvatski-eurozastupnici-zgrozeni-prijedlogom-teksta-izvjesca-o-bih\/#primaryimage"},"thumbnailUrl":"https:\/\/radioljubuski.ba\/wp-content\/uploads\/2021\/06\/europa-parlament.jpg","articleSection":["BIH i regija"],"inLanguage":"hr"},{"@type":"WebPage","@id":"https:\/\/radioljubuski.ba\/index.php\/2021\/06\/24\/hrvatski-eurozastupnici-zgrozeni-prijedlogom-teksta-izvjesca-o-bih\/","url":"https:\/\/radioljubuski.ba\/index.php\/2021\/06\/24\/hrvatski-eurozastupnici-zgrozeni-prijedlogom-teksta-izvjesca-o-bih\/","name":"Hrvatski eurozastupnici zgro\u017eeni prijedlogom teksta izvje\u0161\u0107a o BiH - RADIO LJUBU\u0160KI","isPartOf":{"@id":"https:\/\/radioljubuski.ba\/#website"},"primaryImageOfPage":{"@id":"https:\/\/radioljubuski.ba\/index.php\/2021\/06\/24\/hrvatski-eurozastupnici-zgrozeni-prijedlogom-teksta-izvjesca-o-bih\/#primaryimage"},"image":{"@id":"https:\/\/radioljubuski.ba\/index.php\/2021\/06\/24\/hrvatski-eurozastupnici-zgrozeni-prijedlogom-teksta-izvjesca-o-bih\/#primaryimage"},"thumbnailUrl":"https:\/\/radioljubuski.ba\/wp-content\/uploads\/2021\/06\/europa-parlament.jpg","datePublished":"2021-06-24T10:27:12+00:00","dateModified":"2021-06-24T10:27:13+00:00","breadcrumb":{"@id":"https:\/\/radioljubuski.ba\/index.php\/2021\/06\/24\/hrvatski-eurozastupnici-zgrozeni-prijedlogom-teksta-izvjesca-o-bih\/#breadcrumb"},"inLanguage":"hr","potentialAction":[{"@type":"ReadAction","target":["https:\/\/radioljubuski.ba\/index.php\/2021\/06\/24\/hrvatski-eurozastupnici-zgrozeni-prijedlogom-teksta-izvjesca-o-bih\/"]}]},{"@type":"ImageObject","inLanguage":"hr","@id":"https:\/\/radioljubuski.ba\/index.php\/2021\/06\/24\/hrvatski-eurozastupnici-zgrozeni-prijedlogom-teksta-izvjesca-o-bih\/#primaryimage","url":"https:\/\/radioljubuski.ba\/wp-content\/uploads\/2021\/06\/europa-parlament.jpg","contentUrl":"https:\/\/radioljubuski.ba\/wp-content\/uploads\/2021\/06\/europa-parlament.jpg","width":810,"height":540},{"@type":"BreadcrumbList","@id":"https:\/\/radioljubuski.ba\/index.php\/2021\/06\/24\/hrvatski-eurozastupnici-zgrozeni-prijedlogom-teksta-izvjesca-o-bih\/#breadcrumb","itemListElement":[{"@type":"ListItem","position":1,"name":"Po\u010detna stranica","item":"https:\/\/radioljubuski.ba\/"},{"@type":"ListItem","position":2,"name":"Hrvatski eurozastupnici zgro\u017eeni prijedlogom teksta izvje\u0161\u0107a o BiH"}]},{"@type":"WebSite","@id":"https:\/\/radioljubuski.ba\/#website","url":"https:\/\/radioljubuski.ba\/","name":"Radio Ljubu\u0161ki","description":"Sun\u010dana frekvencija Hercegovine","publisher":{"@id":"https:\/\/radioljubuski.ba\/#organization"},"potentialAction":[{"@type":"SearchAction","target":{"@type":"EntryPoint","urlTemplate":"https:\/\/radioljubuski.ba\/?s={search_term_string}"},"query-input":{"@type":"PropertyValueSpecification","valueRequired":true,"valueName":"search_term_string"}}],"inLanguage":"hr"},{"@type":"Organization","@id":"https:\/\/radioljubuski.ba\/#organization","name":"Radio Ljubu\u0161ki","url":"https:\/\/radioljubuski.ba\/","logo":{"@type":"ImageObject","inLanguage":"hr","@id":"https:\/\/radioljubuski.ba\/#\/schema\/logo\/image\/","url":"https:\/\/radioljubuski.ba\/wp-content\/uploads\/2021\/02\/cropped-Radio_Ljubuski_logo1.jpg","contentUrl":"https:\/\/radioljubuski.ba\/wp-content\/uploads\/2021\/02\/cropped-Radio_Ljubuski_logo1.jpg","width":512,"height":512,"caption":"Radio Ljubu\u0161ki"},"image":{"@id":"https:\/\/radioljubuski.ba\/#\/schema\/logo\/image\/"},"sameAs":["https:\/\/www.facebook.com\/Radiio-Ljubuski-1490835324566332","https:\/\/x.com\/radioljubuski","https:\/\/hr.linkedin.com\/company\/radio-ljubuski","https:\/\/www.youtube.com\/channel\/UCHYaeO_n0Db3tjNGudGpXyw"]},{"@type":"Person","@id":"https:\/\/radioljubuski.ba\/#\/schema\/person\/19fc700381a780f69665d7956c469e3b","name":"Radio Ljubu\u0161ki"}]}},"_links":{"self":[{"href":"https:\/\/radioljubuski.ba\/index.php\/wp-json\/wp\/v2\/posts\/35375","targetHints":{"allow":["GET"]}}],"collection":[{"href":"https:\/\/radioljubuski.ba\/index.php\/wp-json\/wp\/v2\/posts"}],"about":[{"href":"https:\/\/radioljubuski.ba\/index.php\/wp-json\/wp\/v2\/types\/post"}],"author":[{"embeddable":true,"href":"https:\/\/radioljubuski.ba\/index.php\/wp-json\/wp\/v2\/users\/2"}],"replies":[{"embeddable":true,"href":"https:\/\/radioljubuski.ba\/index.php\/wp-json\/wp\/v2\/comments?post=35375"}],"version-history":[{"count":1,"href":"https:\/\/radioljubuski.ba\/index.php\/wp-json\/wp\/v2\/posts\/35375\/revisions"}],"predecessor-version":[{"id":35377,"href":"https:\/\/radioljubuski.ba\/index.php\/wp-json\/wp\/v2\/posts\/35375\/revisions\/35377"}],"wp:featuredmedia":[{"embeddable":true,"href":"https:\/\/radioljubuski.ba\/index.php\/wp-json\/wp\/v2\/media\/35376"}],"wp:attachment":[{"href":"https:\/\/radioljubuski.ba\/index.php\/wp-json\/wp\/v2\/media?parent=35375"}],"wp:term":[{"taxonomy":"category","embeddable":true,"href":"https:\/\/radioljubuski.ba\/index.php\/wp-json\/wp\/v2\/categories?post=35375"},{"taxonomy":"post_tag","embeddable":true,"href":"https:\/\/radioljubuski.ba\/index.php\/wp-json\/wp\/v2\/tags?post=35375"}],"curies":[{"name":"wp","href":"https:\/\/api.w.org\/{rel}","templated":true}]}}