{"id":35395,"date":"2021-06-24T12:03:18","date_gmt":"2021-06-24T11:03:18","guid":{"rendered":"https:\/\/radioljubuski.ba\/?p=35395"},"modified":"2021-06-24T12:03:19","modified_gmt":"2021-06-24T11:03:19","slug":"muskarci-u-fbih-najvise-umiru-od-srcanog-a-zene-od-mozdanog-udara","status":"publish","type":"post","link":"https:\/\/radioljubuski.ba\/index.php\/2021\/06\/24\/muskarci-u-fbih-najvise-umiru-od-srcanog-a-zene-od-mozdanog-udara\/","title":{"rendered":"Mu\u0161karci u FBiH najvi\u0161e umiru od sr\u010danog, a \u017eene od mo\u017edanog udara"},"content":{"rendered":"\n<p>Vlada FBiH je na posljednjoj sjednici prihvatila izvje\u0161\u0107e Zavoda za javno zdravstvo FBiH \u201cZdravstveno stanje stanovni\u0161tva i zdravstvena za\u0161tita u FBiH \u2013 2019.\u201d koje \u0107e biti dostavljeno Parlamentu FBiH radi razmatranja i davanja suglasnosti, pi\u0161e Ve\u010dernji list BiH.<\/p>\n\n\n\n<p>Prvu me\u0111u pet vode\u0107ih skupina bolesti koje su bile uzrok umiranja stanovni\u0161tva FBiH predstavljaju bolesti krvo\u017eilnoga sustava s udjelom od 47,9%, \u0161to je smanjenje u usporedbi s 2018., kad je njihov udio bio 51,5%, odnosno 2017., kad je iznosio 51,6%. Druga skupina su maligne neoplazme s indeksom strukture od 21,8%, \u0161to je jednako vrijednosti za 2018., ali ne\u0161to manje u usporedbi s 2017., kad je udio bio 22,3%. Tre\u0107a su endokrine i metaboli\u010dke bolesti s poreme\u0107ajem u prehrani s udjelom od 5,8%, \u0161to je ne\u0161to vi\u0161e u odnosu na 2018., kad je bio 5,5%, ali i neznatno manje ako usporedimo s 2017., kad je njihov udio u op\u0107em mortalitetu iznosio 6%.<\/p>\n\n\n\n<p>\u010cetvrti su simptomi, znaci i nenormalni klini\u010dki te laboratorijski nalazi s udjelom od 5,8%, \u0161to je porast u usporedbi s 2018., kad je udio bio 4,2% odnosno 3,8% u 2017. Peta naj\u010de\u0161\u0107a skupina su bolesti respiratornoga sustava s indeksom strukture 5,6% i bilje\u017ee porast u usporedbi s 2018. (5,3%) te 2017. (4,2%). Vode\u0107i uzrok smrti \u017eena u 2019. bio je mo\u017edani udar, koji je imao stopu od 103,3 na 100.000 stanovnika, \u0161to predstavlja porast u odnosu na 2018., kada je iznosila 92,5 na 100.000, a u 2017. 87,4 na 100.000 stanovnika. Drugi je esencijalna hipertenzija sa stopom od 79,3 na 100.000 stanovnika, \u0161to je porast u odnosu na prethodne godine, kad je vrijednost bila 57,8 na 100.000 u 2018. odnosno 54,5 na 100.000 u 2017. Sljede\u0107i je akutni infarkt miokarda sa stopom od 75,4 na 100.000 stanovnika i bilje\u017ei trend smanjenja u usporedbi s 2018., kada je iznosila 79,9 na 100.000 stanovnika, ali je u porastu u usporedbi s 2017., kada je bila 74,4 na 100.000 stanovnika. \u010cetvrte su kroni\u010dne ishemijske bolesti srca sa stopom od 59,2 na 100.000 stanovnika, \u0161to je porast u usporedbi s 2018., kad je bila 51,2 na 100.000 stanovnika, a u 2017. 52,6 na 100.000. Peti je dijabetes mellitus neovisan o inzulinu sa stopom od 54,1 na 100.000 stanovnika, \u0161to je porast u usporedbi s 2018., kada je imala vrijednost 47,1 na 100.000, a u 2017. 51,8 na 100.000.<\/p>\n\n\n\n<p>U 2019. mu\u0161karci su naj\u010de\u0161\u0107e umirali od akutnog infarkta miokarda \u2013 stopa 120,6 na 100.000 stanovnika, \u0161to je pove\u0107anje u odnosu na 2018. \u2013 107,6 na 100.000, i jo\u0161 vi\u0161e u odnosu na 2017. \u2013 99 na 100.000. Na drugom mjestu su maligne neoplazme bronha i plu\u0107a sa stopom od 83,1 na 100.000 stanovnika, a \u0161to je blago pove\u0107anje u odnosu na 2018. \u2013 81 na 100.000, a 2017. je bila 76,7 na 100.000. Tre\u0107i je mo\u017edani udar sa stopom od 79,6 na 100.000 stanovnika, u 2018. \u2013 75,7 na 100.000, a u 2017. \u2013 71,7 na 100.000. \u010cetvrti je esencijalna hipertenzija sa stopom od 56,5 na 100.000 stanovnika, \u0161to predstavlja pove\u0107anje u odnosu na 2018., kada je bila 41,6 na 100.000 stanovnika, u 2017. \u2013 42,1 na 100.000. Peti su kroni\u010dne ishemijske bolesti srca sa stopom od 44,9, \u0161to je zna\u010dajno vi\u0161e u odnosu na 2018., kada je bila 37,1 na 100.000, a u 2017. \u2013 38,5 na 100.000 stanovnika.<\/p>\n\n\n\n<p>Izvor: <strong>Vrisak.info<\/strong><\/p>\n","protected":false},"excerpt":{"rendered":"<p>Vlada FBiH je na posljednjoj sjednici prihvatila izvje\u0161\u0107e Zavoda za javno zdravstvo FBiH \u201cZdravstveno stanje stanovni\u0161tva i zdravstvena za\u0161tita u FBiH \u2013 2019.\u201d koje \u0107e biti dostavljeno Parlamentu FBiH radi razmatranja i davanja suglasnosti, pi\u0161e Ve\u010dernji list BiH. Prvu me\u0111u pet vode\u0107ih skupina bolesti koje su bile uzrok umiranja stanovni\u0161tva FBiH predstavljaju bolesti krvo\u017eilnoga sustava [&hellip;]<\/p>\n","protected":false},"author":2,"featured_media":11223,"comment_status":"closed","ping_status":"closed","sticky":false,"template":"","format":"standard","meta":{"h5ap_radio_sources":[],"footnotes":""},"categories":[1],"tags":[],"class_list":["post-35395","post","type-post","status-publish","format-standard","has-post-thumbnail","hentry","category-bihiregija"],"yoast_head":"<!-- This site is optimized with the Yoast SEO plugin v27.5 - https:\/\/yoast.com\/product\/yoast-seo-wordpress\/ -->\n<title>Mu\u0161karci u FBiH najvi\u0161e umiru od sr\u010danog, a \u017eene od mo\u017edanog udara - RADIO LJUBU\u0160KI<\/title>\n<meta name=\"robots\" content=\"index, follow, max-snippet:-1, max-image-preview:large, max-video-preview:-1\" \/>\n<link rel=\"canonical\" href=\"https:\/\/radioljubuski.ba\/index.php\/2021\/06\/24\/muskarci-u-fbih-najvise-umiru-od-srcanog-a-zene-od-mozdanog-udara\/\" \/>\n<meta property=\"og:locale\" content=\"hr_HR\" \/>\n<meta property=\"og:type\" content=\"article\" \/>\n<meta property=\"og:title\" content=\"Mu\u0161karci u FBiH najvi\u0161e umiru od sr\u010danog, a \u017eene od mo\u017edanog udara - RADIO LJUBU\u0160KI\" \/>\n<meta property=\"og:description\" content=\"Vlada FBiH je na posljednjoj sjednici prihvatila izvje\u0161\u0107e Zavoda za javno zdravstvo FBiH \u201cZdravstveno stanje stanovni\u0161tva i zdravstvena za\u0161tita u FBiH \u2013 2019.\u201d koje \u0107e biti dostavljeno Parlamentu FBiH radi razmatranja i davanja suglasnosti, pi\u0161e Ve\u010dernji list BiH. Prvu me\u0111u pet vode\u0107ih skupina bolesti koje su bile uzrok umiranja stanovni\u0161tva FBiH predstavljaju bolesti krvo\u017eilnoga sustava [&hellip;]\" \/>\n<meta property=\"og:url\" content=\"https:\/\/radioljubuski.ba\/index.php\/2021\/06\/24\/muskarci-u-fbih-najvise-umiru-od-srcanog-a-zene-od-mozdanog-udara\/\" \/>\n<meta property=\"og:site_name\" content=\"RADIO LJUBU\u0160KI\" \/>\n<meta property=\"article:publisher\" content=\"https:\/\/www.facebook.com\/Radiio-Ljubuski-1490835324566332\" \/>\n<meta property=\"article:published_time\" content=\"2021-06-24T11:03:18+00:00\" \/>\n<meta property=\"article:modified_time\" content=\"2021-06-24T11:03:19+00:00\" \/>\n<meta property=\"og:image\" content=\"https:\/\/radioljubuski.ba\/wp-content\/uploads\/2021\/04\/RFXSlmHJ_doktor.jpg\" \/>\n\t<meta property=\"og:image:width\" content=\"1000\" \/>\n\t<meta property=\"og:image:height\" content=\"625\" \/>\n\t<meta property=\"og:image:type\" content=\"image\/jpeg\" \/>\n<meta name=\"author\" content=\"Radio Ljubu\u0161ki\" \/>\n<meta name=\"twitter:card\" content=\"summary_large_image\" \/>\n<meta name=\"twitter:creator\" content=\"@radioljubuski\" \/>\n<meta name=\"twitter:site\" content=\"@radioljubuski\" \/>\n<meta name=\"twitter:label1\" content=\"Napisao\/la\" \/>\n\t<meta name=\"twitter:data1\" content=\"Radio Ljubu\u0161ki\" \/>\n\t<meta name=\"twitter:label2\" content=\"Procijenjeno vrijeme \u010ditanja\" \/>\n\t<meta name=\"twitter:data2\" content=\"3 minute\" \/>\n<script type=\"application\/ld+json\" class=\"yoast-schema-graph\">{\"@context\":\"https:\\\/\\\/schema.org\",\"@graph\":[{\"@type\":\"Article\",\"@id\":\"https:\\\/\\\/radioljubuski.ba\\\/index.php\\\/2021\\\/06\\\/24\\\/muskarci-u-fbih-najvise-umiru-od-srcanog-a-zene-od-mozdanog-udara\\\/#article\",\"isPartOf\":{\"@id\":\"https:\\\/\\\/radioljubuski.ba\\\/index.php\\\/2021\\\/06\\\/24\\\/muskarci-u-fbih-najvise-umiru-od-srcanog-a-zene-od-mozdanog-udara\\\/\"},\"author\":{\"name\":\"Radio Ljubu\u0161ki\",\"@id\":\"https:\\\/\\\/radioljubuski.ba\\\/#\\\/schema\\\/person\\\/19fc700381a780f69665d7956c469e3b\"},\"headline\":\"Mu\u0161karci u FBiH najvi\u0161e umiru od sr\u010danog, a \u017eene od mo\u017edanog udara\",\"datePublished\":\"2021-06-24T11:03:18+00:00\",\"dateModified\":\"2021-06-24T11:03:19+00:00\",\"mainEntityOfPage\":{\"@id\":\"https:\\\/\\\/radioljubuski.ba\\\/index.php\\\/2021\\\/06\\\/24\\\/muskarci-u-fbih-najvise-umiru-od-srcanog-a-zene-od-mozdanog-udara\\\/\"},\"wordCount\":486,\"publisher\":{\"@id\":\"https:\\\/\\\/radioljubuski.ba\\\/#organization\"},\"image\":{\"@id\":\"https:\\\/\\\/radioljubuski.ba\\\/index.php\\\/2021\\\/06\\\/24\\\/muskarci-u-fbih-najvise-umiru-od-srcanog-a-zene-od-mozdanog-udara\\\/#primaryimage\"},\"thumbnailUrl\":\"https:\\\/\\\/radioljubuski.ba\\\/wp-content\\\/uploads\\\/2021\\\/04\\\/RFXSlmHJ_doktor.jpg\",\"articleSection\":[\"BIH i regija\"],\"inLanguage\":\"hr\"},{\"@type\":\"WebPage\",\"@id\":\"https:\\\/\\\/radioljubuski.ba\\\/index.php\\\/2021\\\/06\\\/24\\\/muskarci-u-fbih-najvise-umiru-od-srcanog-a-zene-od-mozdanog-udara\\\/\",\"url\":\"https:\\\/\\\/radioljubuski.ba\\\/index.php\\\/2021\\\/06\\\/24\\\/muskarci-u-fbih-najvise-umiru-od-srcanog-a-zene-od-mozdanog-udara\\\/\",\"name\":\"Mu\u0161karci u FBiH najvi\u0161e umiru od sr\u010danog, a \u017eene od mo\u017edanog udara - RADIO LJUBU\u0160KI\",\"isPartOf\":{\"@id\":\"https:\\\/\\\/radioljubuski.ba\\\/#website\"},\"primaryImageOfPage\":{\"@id\":\"https:\\\/\\\/radioljubuski.ba\\\/index.php\\\/2021\\\/06\\\/24\\\/muskarci-u-fbih-najvise-umiru-od-srcanog-a-zene-od-mozdanog-udara\\\/#primaryimage\"},\"image\":{\"@id\":\"https:\\\/\\\/radioljubuski.ba\\\/index.php\\\/2021\\\/06\\\/24\\\/muskarci-u-fbih-najvise-umiru-od-srcanog-a-zene-od-mozdanog-udara\\\/#primaryimage\"},\"thumbnailUrl\":\"https:\\\/\\\/radioljubuski.ba\\\/wp-content\\\/uploads\\\/2021\\\/04\\\/RFXSlmHJ_doktor.jpg\",\"datePublished\":\"2021-06-24T11:03:18+00:00\",\"dateModified\":\"2021-06-24T11:03:19+00:00\",\"breadcrumb\":{\"@id\":\"https:\\\/\\\/radioljubuski.ba\\\/index.php\\\/2021\\\/06\\\/24\\\/muskarci-u-fbih-najvise-umiru-od-srcanog-a-zene-od-mozdanog-udara\\\/#breadcrumb\"},\"inLanguage\":\"hr\",\"potentialAction\":[{\"@type\":\"ReadAction\",\"target\":[\"https:\\\/\\\/radioljubuski.ba\\\/index.php\\\/2021\\\/06\\\/24\\\/muskarci-u-fbih-najvise-umiru-od-srcanog-a-zene-od-mozdanog-udara\\\/\"]}]},{\"@type\":\"ImageObject\",\"inLanguage\":\"hr\",\"@id\":\"https:\\\/\\\/radioljubuski.ba\\\/index.php\\\/2021\\\/06\\\/24\\\/muskarci-u-fbih-najvise-umiru-od-srcanog-a-zene-od-mozdanog-udara\\\/#primaryimage\",\"url\":\"https:\\\/\\\/radioljubuski.ba\\\/wp-content\\\/uploads\\\/2021\\\/04\\\/RFXSlmHJ_doktor.jpg\",\"contentUrl\":\"https:\\\/\\\/radioljubuski.ba\\\/wp-content\\\/uploads\\\/2021\\\/04\\\/RFXSlmHJ_doktor.jpg\",\"width\":1000,\"height\":625},{\"@type\":\"BreadcrumbList\",\"@id\":\"https:\\\/\\\/radioljubuski.ba\\\/index.php\\\/2021\\\/06\\\/24\\\/muskarci-u-fbih-najvise-umiru-od-srcanog-a-zene-od-mozdanog-udara\\\/#breadcrumb\",\"itemListElement\":[{\"@type\":\"ListItem\",\"position\":1,\"name\":\"Po\u010detna stranica\",\"item\":\"https:\\\/\\\/radioljubuski.ba\\\/\"},{\"@type\":\"ListItem\",\"position\":2,\"name\":\"Mu\u0161karci u FBiH najvi\u0161e umiru od sr\u010danog, a \u017eene od mo\u017edanog udara\"}]},{\"@type\":\"WebSite\",\"@id\":\"https:\\\/\\\/radioljubuski.ba\\\/#website\",\"url\":\"https:\\\/\\\/radioljubuski.ba\\\/\",\"name\":\"Radio Ljubu\u0161ki\",\"description\":\"Sun\u010dana frekvencija Hercegovine\",\"publisher\":{\"@id\":\"https:\\\/\\\/radioljubuski.ba\\\/#organization\"},\"potentialAction\":[{\"@type\":\"SearchAction\",\"target\":{\"@type\":\"EntryPoint\",\"urlTemplate\":\"https:\\\/\\\/radioljubuski.ba\\\/?s={search_term_string}\"},\"query-input\":{\"@type\":\"PropertyValueSpecification\",\"valueRequired\":true,\"valueName\":\"search_term_string\"}}],\"inLanguage\":\"hr\"},{\"@type\":\"Organization\",\"@id\":\"https:\\\/\\\/radioljubuski.ba\\\/#organization\",\"name\":\"Radio Ljubu\u0161ki\",\"url\":\"https:\\\/\\\/radioljubuski.ba\\\/\",\"logo\":{\"@type\":\"ImageObject\",\"inLanguage\":\"hr\",\"@id\":\"https:\\\/\\\/radioljubuski.ba\\\/#\\\/schema\\\/logo\\\/image\\\/\",\"url\":\"https:\\\/\\\/radioljubuski.ba\\\/wp-content\\\/uploads\\\/2021\\\/02\\\/cropped-Radio_Ljubuski_logo1.jpg\",\"contentUrl\":\"https:\\\/\\\/radioljubuski.ba\\\/wp-content\\\/uploads\\\/2021\\\/02\\\/cropped-Radio_Ljubuski_logo1.jpg\",\"width\":512,\"height\":512,\"caption\":\"Radio Ljubu\u0161ki\"},\"image\":{\"@id\":\"https:\\\/\\\/radioljubuski.ba\\\/#\\\/schema\\\/logo\\\/image\\\/\"},\"sameAs\":[\"https:\\\/\\\/www.facebook.com\\\/Radiio-Ljubuski-1490835324566332\",\"https:\\\/\\\/x.com\\\/radioljubuski\",\"https:\\\/\\\/hr.linkedin.com\\\/company\\\/radio-ljubuski\",\"https:\\\/\\\/www.youtube.com\\\/channel\\\/UCHYaeO_n0Db3tjNGudGpXyw\"]},{\"@type\":\"Person\",\"@id\":\"https:\\\/\\\/radioljubuski.ba\\\/#\\\/schema\\\/person\\\/19fc700381a780f69665d7956c469e3b\",\"name\":\"Radio Ljubu\u0161ki\"}]}<\/script>\n<!-- \/ Yoast SEO plugin. -->","yoast_head_json":{"title":"Mu\u0161karci u FBiH najvi\u0161e umiru od sr\u010danog, a \u017eene od mo\u017edanog udara - RADIO LJUBU\u0160KI","robots":{"index":"index","follow":"follow","max-snippet":"max-snippet:-1","max-image-preview":"max-image-preview:large","max-video-preview":"max-video-preview:-1"},"canonical":"https:\/\/radioljubuski.ba\/index.php\/2021\/06\/24\/muskarci-u-fbih-najvise-umiru-od-srcanog-a-zene-od-mozdanog-udara\/","og_locale":"hr_HR","og_type":"article","og_title":"Mu\u0161karci u FBiH najvi\u0161e umiru od sr\u010danog, a \u017eene od mo\u017edanog udara - RADIO LJUBU\u0160KI","og_description":"Vlada FBiH je na posljednjoj sjednici prihvatila izvje\u0161\u0107e Zavoda za javno zdravstvo FBiH \u201cZdravstveno stanje stanovni\u0161tva i zdravstvena za\u0161tita u FBiH \u2013 2019.\u201d koje \u0107e biti dostavljeno Parlamentu FBiH radi razmatranja i davanja suglasnosti, pi\u0161e Ve\u010dernji list BiH. Prvu me\u0111u pet vode\u0107ih skupina bolesti koje su bile uzrok umiranja stanovni\u0161tva FBiH predstavljaju bolesti krvo\u017eilnoga sustava [&hellip;]","og_url":"https:\/\/radioljubuski.ba\/index.php\/2021\/06\/24\/muskarci-u-fbih-najvise-umiru-od-srcanog-a-zene-od-mozdanog-udara\/","og_site_name":"RADIO LJUBU\u0160KI","article_publisher":"https:\/\/www.facebook.com\/Radiio-Ljubuski-1490835324566332","article_published_time":"2021-06-24T11:03:18+00:00","article_modified_time":"2021-06-24T11:03:19+00:00","og_image":[{"width":1000,"height":625,"url":"https:\/\/radioljubuski.ba\/wp-content\/uploads\/2021\/04\/RFXSlmHJ_doktor.jpg","type":"image\/jpeg"}],"author":"Radio Ljubu\u0161ki","twitter_card":"summary_large_image","twitter_creator":"@radioljubuski","twitter_site":"@radioljubuski","twitter_misc":{"Napisao\/la":"Radio Ljubu\u0161ki","Procijenjeno vrijeme \u010ditanja":"3 minute"},"schema":{"@context":"https:\/\/schema.org","@graph":[{"@type":"Article","@id":"https:\/\/radioljubuski.ba\/index.php\/2021\/06\/24\/muskarci-u-fbih-najvise-umiru-od-srcanog-a-zene-od-mozdanog-udara\/#article","isPartOf":{"@id":"https:\/\/radioljubuski.ba\/index.php\/2021\/06\/24\/muskarci-u-fbih-najvise-umiru-od-srcanog-a-zene-od-mozdanog-udara\/"},"author":{"name":"Radio Ljubu\u0161ki","@id":"https:\/\/radioljubuski.ba\/#\/schema\/person\/19fc700381a780f69665d7956c469e3b"},"headline":"Mu\u0161karci u FBiH najvi\u0161e umiru od sr\u010danog, a \u017eene od mo\u017edanog udara","datePublished":"2021-06-24T11:03:18+00:00","dateModified":"2021-06-24T11:03:19+00:00","mainEntityOfPage":{"@id":"https:\/\/radioljubuski.ba\/index.php\/2021\/06\/24\/muskarci-u-fbih-najvise-umiru-od-srcanog-a-zene-od-mozdanog-udara\/"},"wordCount":486,"publisher":{"@id":"https:\/\/radioljubuski.ba\/#organization"},"image":{"@id":"https:\/\/radioljubuski.ba\/index.php\/2021\/06\/24\/muskarci-u-fbih-najvise-umiru-od-srcanog-a-zene-od-mozdanog-udara\/#primaryimage"},"thumbnailUrl":"https:\/\/radioljubuski.ba\/wp-content\/uploads\/2021\/04\/RFXSlmHJ_doktor.jpg","articleSection":["BIH i regija"],"inLanguage":"hr"},{"@type":"WebPage","@id":"https:\/\/radioljubuski.ba\/index.php\/2021\/06\/24\/muskarci-u-fbih-najvise-umiru-od-srcanog-a-zene-od-mozdanog-udara\/","url":"https:\/\/radioljubuski.ba\/index.php\/2021\/06\/24\/muskarci-u-fbih-najvise-umiru-od-srcanog-a-zene-od-mozdanog-udara\/","name":"Mu\u0161karci u FBiH najvi\u0161e umiru od sr\u010danog, a \u017eene od mo\u017edanog udara - RADIO LJUBU\u0160KI","isPartOf":{"@id":"https:\/\/radioljubuski.ba\/#website"},"primaryImageOfPage":{"@id":"https:\/\/radioljubuski.ba\/index.php\/2021\/06\/24\/muskarci-u-fbih-najvise-umiru-od-srcanog-a-zene-od-mozdanog-udara\/#primaryimage"},"image":{"@id":"https:\/\/radioljubuski.ba\/index.php\/2021\/06\/24\/muskarci-u-fbih-najvise-umiru-od-srcanog-a-zene-od-mozdanog-udara\/#primaryimage"},"thumbnailUrl":"https:\/\/radioljubuski.ba\/wp-content\/uploads\/2021\/04\/RFXSlmHJ_doktor.jpg","datePublished":"2021-06-24T11:03:18+00:00","dateModified":"2021-06-24T11:03:19+00:00","breadcrumb":{"@id":"https:\/\/radioljubuski.ba\/index.php\/2021\/06\/24\/muskarci-u-fbih-najvise-umiru-od-srcanog-a-zene-od-mozdanog-udara\/#breadcrumb"},"inLanguage":"hr","potentialAction":[{"@type":"ReadAction","target":["https:\/\/radioljubuski.ba\/index.php\/2021\/06\/24\/muskarci-u-fbih-najvise-umiru-od-srcanog-a-zene-od-mozdanog-udara\/"]}]},{"@type":"ImageObject","inLanguage":"hr","@id":"https:\/\/radioljubuski.ba\/index.php\/2021\/06\/24\/muskarci-u-fbih-najvise-umiru-od-srcanog-a-zene-od-mozdanog-udara\/#primaryimage","url":"https:\/\/radioljubuski.ba\/wp-content\/uploads\/2021\/04\/RFXSlmHJ_doktor.jpg","contentUrl":"https:\/\/radioljubuski.ba\/wp-content\/uploads\/2021\/04\/RFXSlmHJ_doktor.jpg","width":1000,"height":625},{"@type":"BreadcrumbList","@id":"https:\/\/radioljubuski.ba\/index.php\/2021\/06\/24\/muskarci-u-fbih-najvise-umiru-od-srcanog-a-zene-od-mozdanog-udara\/#breadcrumb","itemListElement":[{"@type":"ListItem","position":1,"name":"Po\u010detna stranica","item":"https:\/\/radioljubuski.ba\/"},{"@type":"ListItem","position":2,"name":"Mu\u0161karci u FBiH najvi\u0161e umiru od sr\u010danog, a \u017eene od mo\u017edanog udara"}]},{"@type":"WebSite","@id":"https:\/\/radioljubuski.ba\/#website","url":"https:\/\/radioljubuski.ba\/","name":"Radio Ljubu\u0161ki","description":"Sun\u010dana frekvencija Hercegovine","publisher":{"@id":"https:\/\/radioljubuski.ba\/#organization"},"potentialAction":[{"@type":"SearchAction","target":{"@type":"EntryPoint","urlTemplate":"https:\/\/radioljubuski.ba\/?s={search_term_string}"},"query-input":{"@type":"PropertyValueSpecification","valueRequired":true,"valueName":"search_term_string"}}],"inLanguage":"hr"},{"@type":"Organization","@id":"https:\/\/radioljubuski.ba\/#organization","name":"Radio Ljubu\u0161ki","url":"https:\/\/radioljubuski.ba\/","logo":{"@type":"ImageObject","inLanguage":"hr","@id":"https:\/\/radioljubuski.ba\/#\/schema\/logo\/image\/","url":"https:\/\/radioljubuski.ba\/wp-content\/uploads\/2021\/02\/cropped-Radio_Ljubuski_logo1.jpg","contentUrl":"https:\/\/radioljubuski.ba\/wp-content\/uploads\/2021\/02\/cropped-Radio_Ljubuski_logo1.jpg","width":512,"height":512,"caption":"Radio Ljubu\u0161ki"},"image":{"@id":"https:\/\/radioljubuski.ba\/#\/schema\/logo\/image\/"},"sameAs":["https:\/\/www.facebook.com\/Radiio-Ljubuski-1490835324566332","https:\/\/x.com\/radioljubuski","https:\/\/hr.linkedin.com\/company\/radio-ljubuski","https:\/\/www.youtube.com\/channel\/UCHYaeO_n0Db3tjNGudGpXyw"]},{"@type":"Person","@id":"https:\/\/radioljubuski.ba\/#\/schema\/person\/19fc700381a780f69665d7956c469e3b","name":"Radio Ljubu\u0161ki"}]}},"_links":{"self":[{"href":"https:\/\/radioljubuski.ba\/index.php\/wp-json\/wp\/v2\/posts\/35395","targetHints":{"allow":["GET"]}}],"collection":[{"href":"https:\/\/radioljubuski.ba\/index.php\/wp-json\/wp\/v2\/posts"}],"about":[{"href":"https:\/\/radioljubuski.ba\/index.php\/wp-json\/wp\/v2\/types\/post"}],"author":[{"embeddable":true,"href":"https:\/\/radioljubuski.ba\/index.php\/wp-json\/wp\/v2\/users\/2"}],"replies":[{"embeddable":true,"href":"https:\/\/radioljubuski.ba\/index.php\/wp-json\/wp\/v2\/comments?post=35395"}],"version-history":[{"count":1,"href":"https:\/\/radioljubuski.ba\/index.php\/wp-json\/wp\/v2\/posts\/35395\/revisions"}],"predecessor-version":[{"id":35396,"href":"https:\/\/radioljubuski.ba\/index.php\/wp-json\/wp\/v2\/posts\/35395\/revisions\/35396"}],"wp:featuredmedia":[{"embeddable":true,"href":"https:\/\/radioljubuski.ba\/index.php\/wp-json\/wp\/v2\/media\/11223"}],"wp:attachment":[{"href":"https:\/\/radioljubuski.ba\/index.php\/wp-json\/wp\/v2\/media?parent=35395"}],"wp:term":[{"taxonomy":"category","embeddable":true,"href":"https:\/\/radioljubuski.ba\/index.php\/wp-json\/wp\/v2\/categories?post=35395"},{"taxonomy":"post_tag","embeddable":true,"href":"https:\/\/radioljubuski.ba\/index.php\/wp-json\/wp\/v2\/tags?post=35395"}],"curies":[{"name":"wp","href":"https:\/\/api.w.org\/{rel}","templated":true}]}}