{"id":35404,"date":"2021-06-24T12:45:21","date_gmt":"2021-06-24T11:45:21","guid":{"rendered":"https:\/\/radioljubuski.ba\/?p=35404"},"modified":"2021-06-24T12:45:22","modified_gmt":"2021-06-24T11:45:22","slug":"donesene-dvije-uredbe-iz-oblasti-zastite-okolisa","status":"publish","type":"post","link":"https:\/\/radioljubuski.ba\/index.php\/2021\/06\/24\/donesene-dvije-uredbe-iz-oblasti-zastite-okolisa\/","title":{"rendered":"Donesene dvije uredbe iz oblasti za\u0161tite okoli\u0161a"},"content":{"rendered":"\n<p>Vlada FBiH danas je donijela dvije uredbe iz oblasti za\u0161tite okoli\u0161a. U prvom slu\u010daju je rije\u010d o Uredbi kojom se utvr\u0111uju pogoni i postrojenja koja moraju imati okolinsku dozvolu koju izdaju Federalno ministarstvo okoli\u0161a i turizma, ili kantonalno ministarstvo nadle\u017eno za okoli\u0161. <\/p>\n\n\n\n<p>Pogoni i postrojenja za koje okolinsku dozvolu izdaju Federalno, odnosno kantonalna ministarstva, utvr\u0111ena su u dva priloga koja \u010dine sastavni dio ove uredbe. <\/p>\n\n\n\n<p>Odredbe ove uredbe ne primjenjuju se na istra\u017eiva\u010dke i razvojne aktivnosti ili testiranje novih proizvoda i procesa za koje se, u smislu Zakona o za\u0161titi okoli\u0161a, ne izdaje okolinska dozvola. Za pogone i postrojenja za koje nije potrebna okolinska dozvola, nadle\u017eni organ \u0107e pri izdavanju drugih potrebnih dozvola (vodni akti, urbanisti\u010dka suglasnost, gra\u0111evinska dozvola i dr.) utvrditi jesu li ispunjeni zahtjevi za\u0161tite okoli\u0161a, koji predstavljaju op\u0107e obveze operatera i koje treba ispuniti tijekom izgradnje, rada, odr\u017eavanja i prestanka rada pogona i postrojenja.<\/p>\n\n\n\n<p>Ukoliko se jedan zahtjev za izdavanje okolinske dozvole dostavlja za vi\u0161e pogona i postrojenja na istoj lokaciji kada njima upravlja isti operater, ili ukoliko zahtjev podnosi vi\u0161e operatera za pogone i postrojenja koja \u010dine tehnolo\u0161ku cjelinu, za postupanje po takvim zahtjevima nadle\u017eno je Federalno ministarstvo. <\/p>\n\n\n\n<p>Donesena je i Uredba o projektima za koje je obavezna procjena utjecaja na okoli\u0161 i projektima za koje se odlu\u010duje o potrebi procjene utjecaja na okoli\u0161. Sastavni dio ove uredbe su prilozi s projektima za koje se obvezno provodi procjena utjecaj na okoli\u0161, te s projektima za koje Federalno ministarstvo odlu\u010duje o potrebi provo\u0111enja procjene utjecaja na okoli\u0161. <\/p>\n\n\n\n<p>Prilikom odre\u0111ivanja ho\u0107e li se za projekte provoditi procjena utjecaja na okoli\u0161, Federalno ministarstvo odlu\u010duje na osnovu informacija iz zahtjeva dostavljenog na Uredbom propisanom obrascu, te kriterija koji, tako\u0111er, \u010dine sastavni dio ovog propisa, priop\u0107eno je iz Ureda Vlada FBiH za odnose s javno\u0161\u0107u. <\/p>\n\n\n\n<p><strong>Izvor: Bljesak.info<\/strong><\/p>\n","protected":false},"excerpt":{"rendered":"<p>Vlada FBiH danas je donijela dvije uredbe iz oblasti za\u0161tite okoli\u0161a. U prvom slu\u010daju je rije\u010d o Uredbi kojom se utvr\u0111uju pogoni i postrojenja koja moraju imati okolinsku dozvolu koju izdaju Federalno ministarstvo okoli\u0161a i turizma, ili kantonalno ministarstvo nadle\u017eno za okoli\u0161. Pogoni i postrojenja za koje okolinsku dozvolu izdaju Federalno, odnosno kantonalna ministarstva, utvr\u0111ena [&hellip;]<\/p>\n","protected":false},"author":2,"featured_media":2096,"comment_status":"closed","ping_status":"closed","sticky":false,"template":"","format":"standard","meta":{"h5ap_radio_sources":[],"footnotes":""},"categories":[1],"tags":[],"class_list":["post-35404","post","type-post","status-publish","format-standard","has-post-thumbnail","hentry","category-bihiregija"],"yoast_head":"<!-- This site is optimized with the Yoast SEO plugin v27.5 - https:\/\/yoast.com\/product\/yoast-seo-wordpress\/ -->\n<title>Donesene dvije uredbe iz oblasti za\u0161tite okoli\u0161a - RADIO LJUBU\u0160KI<\/title>\n<meta name=\"robots\" content=\"index, follow, max-snippet:-1, max-image-preview:large, max-video-preview:-1\" \/>\n<link rel=\"canonical\" href=\"https:\/\/radioljubuski.ba\/index.php\/2021\/06\/24\/donesene-dvije-uredbe-iz-oblasti-zastite-okolisa\/\" \/>\n<meta property=\"og:locale\" content=\"hr_HR\" \/>\n<meta property=\"og:type\" content=\"article\" \/>\n<meta property=\"og:title\" content=\"Donesene dvije uredbe iz oblasti za\u0161tite okoli\u0161a - RADIO LJUBU\u0160KI\" \/>\n<meta property=\"og:description\" content=\"Vlada FBiH danas je donijela dvije uredbe iz oblasti za\u0161tite okoli\u0161a. U prvom slu\u010daju je rije\u010d o Uredbi kojom se utvr\u0111uju pogoni i postrojenja koja moraju imati okolinsku dozvolu koju izdaju Federalno ministarstvo okoli\u0161a i turizma, ili kantonalno ministarstvo nadle\u017eno za okoli\u0161. Pogoni i postrojenja za koje okolinsku dozvolu izdaju Federalno, odnosno kantonalna ministarstva, utvr\u0111ena [&hellip;]\" \/>\n<meta property=\"og:url\" content=\"https:\/\/radioljubuski.ba\/index.php\/2021\/06\/24\/donesene-dvije-uredbe-iz-oblasti-zastite-okolisa\/\" \/>\n<meta property=\"og:site_name\" content=\"RADIO LJUBU\u0160KI\" \/>\n<meta property=\"article:publisher\" content=\"https:\/\/www.facebook.com\/Radiio-Ljubuski-1490835324566332\" \/>\n<meta property=\"article:published_time\" content=\"2021-06-24T11:45:21+00:00\" \/>\n<meta property=\"article:modified_time\" content=\"2021-06-24T11:45:22+00:00\" \/>\n<meta property=\"og:image\" content=\"https:\/\/radioljubuski.ba\/wp-content\/uploads\/2021\/03\/Vodopad-\u2018Kravice-medu-dvadeset-najljepsih-mjesta-u-Europi.jpg\" \/>\n\t<meta property=\"og:image:width\" content=\"750\" \/>\n\t<meta property=\"og:image:height\" content=\"450\" \/>\n\t<meta property=\"og:image:type\" content=\"image\/jpeg\" \/>\n<meta name=\"author\" content=\"Radio Ljubu\u0161ki\" \/>\n<meta name=\"twitter:card\" content=\"summary_large_image\" \/>\n<meta name=\"twitter:creator\" content=\"@radioljubuski\" \/>\n<meta name=\"twitter:site\" content=\"@radioljubuski\" \/>\n<meta name=\"twitter:label1\" content=\"Napisao\/la\" \/>\n\t<meta name=\"twitter:data1\" content=\"Radio Ljubu\u0161ki\" \/>\n\t<meta name=\"twitter:label2\" content=\"Procijenjeno vrijeme \u010ditanja\" \/>\n\t<meta name=\"twitter:data2\" content=\"2 minute\" \/>\n<script type=\"application\/ld+json\" class=\"yoast-schema-graph\">{\"@context\":\"https:\\\/\\\/schema.org\",\"@graph\":[{\"@type\":\"Article\",\"@id\":\"https:\\\/\\\/radioljubuski.ba\\\/index.php\\\/2021\\\/06\\\/24\\\/donesene-dvije-uredbe-iz-oblasti-zastite-okolisa\\\/#article\",\"isPartOf\":{\"@id\":\"https:\\\/\\\/radioljubuski.ba\\\/index.php\\\/2021\\\/06\\\/24\\\/donesene-dvije-uredbe-iz-oblasti-zastite-okolisa\\\/\"},\"author\":{\"name\":\"Radio Ljubu\u0161ki\",\"@id\":\"https:\\\/\\\/radioljubuski.ba\\\/#\\\/schema\\\/person\\\/19fc700381a780f69665d7956c469e3b\"},\"headline\":\"Donesene dvije uredbe iz oblasti za\u0161tite okoli\u0161a\",\"datePublished\":\"2021-06-24T11:45:21+00:00\",\"dateModified\":\"2021-06-24T11:45:22+00:00\",\"mainEntityOfPage\":{\"@id\":\"https:\\\/\\\/radioljubuski.ba\\\/index.php\\\/2021\\\/06\\\/24\\\/donesene-dvije-uredbe-iz-oblasti-zastite-okolisa\\\/\"},\"wordCount\":337,\"publisher\":{\"@id\":\"https:\\\/\\\/radioljubuski.ba\\\/#organization\"},\"image\":{\"@id\":\"https:\\\/\\\/radioljubuski.ba\\\/index.php\\\/2021\\\/06\\\/24\\\/donesene-dvije-uredbe-iz-oblasti-zastite-okolisa\\\/#primaryimage\"},\"thumbnailUrl\":\"https:\\\/\\\/radioljubuski.ba\\\/wp-content\\\/uploads\\\/2021\\\/03\\\/Vodopad-\u2018Kravice-medu-dvadeset-najljepsih-mjesta-u-Europi.jpg\",\"articleSection\":[\"BIH i regija\"],\"inLanguage\":\"hr\"},{\"@type\":\"WebPage\",\"@id\":\"https:\\\/\\\/radioljubuski.ba\\\/index.php\\\/2021\\\/06\\\/24\\\/donesene-dvije-uredbe-iz-oblasti-zastite-okolisa\\\/\",\"url\":\"https:\\\/\\\/radioljubuski.ba\\\/index.php\\\/2021\\\/06\\\/24\\\/donesene-dvije-uredbe-iz-oblasti-zastite-okolisa\\\/\",\"name\":\"Donesene dvije uredbe iz oblasti za\u0161tite okoli\u0161a - RADIO LJUBU\u0160KI\",\"isPartOf\":{\"@id\":\"https:\\\/\\\/radioljubuski.ba\\\/#website\"},\"primaryImageOfPage\":{\"@id\":\"https:\\\/\\\/radioljubuski.ba\\\/index.php\\\/2021\\\/06\\\/24\\\/donesene-dvije-uredbe-iz-oblasti-zastite-okolisa\\\/#primaryimage\"},\"image\":{\"@id\":\"https:\\\/\\\/radioljubuski.ba\\\/index.php\\\/2021\\\/06\\\/24\\\/donesene-dvije-uredbe-iz-oblasti-zastite-okolisa\\\/#primaryimage\"},\"thumbnailUrl\":\"https:\\\/\\\/radioljubuski.ba\\\/wp-content\\\/uploads\\\/2021\\\/03\\\/Vodopad-\u2018Kravice-medu-dvadeset-najljepsih-mjesta-u-Europi.jpg\",\"datePublished\":\"2021-06-24T11:45:21+00:00\",\"dateModified\":\"2021-06-24T11:45:22+00:00\",\"breadcrumb\":{\"@id\":\"https:\\\/\\\/radioljubuski.ba\\\/index.php\\\/2021\\\/06\\\/24\\\/donesene-dvije-uredbe-iz-oblasti-zastite-okolisa\\\/#breadcrumb\"},\"inLanguage\":\"hr\",\"potentialAction\":[{\"@type\":\"ReadAction\",\"target\":[\"https:\\\/\\\/radioljubuski.ba\\\/index.php\\\/2021\\\/06\\\/24\\\/donesene-dvije-uredbe-iz-oblasti-zastite-okolisa\\\/\"]}]},{\"@type\":\"ImageObject\",\"inLanguage\":\"hr\",\"@id\":\"https:\\\/\\\/radioljubuski.ba\\\/index.php\\\/2021\\\/06\\\/24\\\/donesene-dvije-uredbe-iz-oblasti-zastite-okolisa\\\/#primaryimage\",\"url\":\"https:\\\/\\\/radioljubuski.ba\\\/wp-content\\\/uploads\\\/2021\\\/03\\\/Vodopad-\u2018Kravice-medu-dvadeset-najljepsih-mjesta-u-Europi.jpg\",\"contentUrl\":\"https:\\\/\\\/radioljubuski.ba\\\/wp-content\\\/uploads\\\/2021\\\/03\\\/Vodopad-\u2018Kravice-medu-dvadeset-najljepsih-mjesta-u-Europi.jpg\",\"width\":750,\"height\":450},{\"@type\":\"BreadcrumbList\",\"@id\":\"https:\\\/\\\/radioljubuski.ba\\\/index.php\\\/2021\\\/06\\\/24\\\/donesene-dvije-uredbe-iz-oblasti-zastite-okolisa\\\/#breadcrumb\",\"itemListElement\":[{\"@type\":\"ListItem\",\"position\":1,\"name\":\"Po\u010detna stranica\",\"item\":\"https:\\\/\\\/radioljubuski.ba\\\/\"},{\"@type\":\"ListItem\",\"position\":2,\"name\":\"Donesene dvije uredbe iz oblasti za\u0161tite okoli\u0161a\"}]},{\"@type\":\"WebSite\",\"@id\":\"https:\\\/\\\/radioljubuski.ba\\\/#website\",\"url\":\"https:\\\/\\\/radioljubuski.ba\\\/\",\"name\":\"Radio Ljubu\u0161ki\",\"description\":\"Sun\u010dana frekvencija Hercegovine\",\"publisher\":{\"@id\":\"https:\\\/\\\/radioljubuski.ba\\\/#organization\"},\"potentialAction\":[{\"@type\":\"SearchAction\",\"target\":{\"@type\":\"EntryPoint\",\"urlTemplate\":\"https:\\\/\\\/radioljubuski.ba\\\/?s={search_term_string}\"},\"query-input\":{\"@type\":\"PropertyValueSpecification\",\"valueRequired\":true,\"valueName\":\"search_term_string\"}}],\"inLanguage\":\"hr\"},{\"@type\":\"Organization\",\"@id\":\"https:\\\/\\\/radioljubuski.ba\\\/#organization\",\"name\":\"Radio Ljubu\u0161ki\",\"url\":\"https:\\\/\\\/radioljubuski.ba\\\/\",\"logo\":{\"@type\":\"ImageObject\",\"inLanguage\":\"hr\",\"@id\":\"https:\\\/\\\/radioljubuski.ba\\\/#\\\/schema\\\/logo\\\/image\\\/\",\"url\":\"https:\\\/\\\/radioljubuski.ba\\\/wp-content\\\/uploads\\\/2021\\\/02\\\/cropped-Radio_Ljubuski_logo1.jpg\",\"contentUrl\":\"https:\\\/\\\/radioljubuski.ba\\\/wp-content\\\/uploads\\\/2021\\\/02\\\/cropped-Radio_Ljubuski_logo1.jpg\",\"width\":512,\"height\":512,\"caption\":\"Radio Ljubu\u0161ki\"},\"image\":{\"@id\":\"https:\\\/\\\/radioljubuski.ba\\\/#\\\/schema\\\/logo\\\/image\\\/\"},\"sameAs\":[\"https:\\\/\\\/www.facebook.com\\\/Radiio-Ljubuski-1490835324566332\",\"https:\\\/\\\/x.com\\\/radioljubuski\",\"https:\\\/\\\/hr.linkedin.com\\\/company\\\/radio-ljubuski\",\"https:\\\/\\\/www.youtube.com\\\/channel\\\/UCHYaeO_n0Db3tjNGudGpXyw\"]},{\"@type\":\"Person\",\"@id\":\"https:\\\/\\\/radioljubuski.ba\\\/#\\\/schema\\\/person\\\/19fc700381a780f69665d7956c469e3b\",\"name\":\"Radio Ljubu\u0161ki\"}]}<\/script>\n<!-- \/ Yoast SEO plugin. -->","yoast_head_json":{"title":"Donesene dvije uredbe iz oblasti za\u0161tite okoli\u0161a - RADIO LJUBU\u0160KI","robots":{"index":"index","follow":"follow","max-snippet":"max-snippet:-1","max-image-preview":"max-image-preview:large","max-video-preview":"max-video-preview:-1"},"canonical":"https:\/\/radioljubuski.ba\/index.php\/2021\/06\/24\/donesene-dvije-uredbe-iz-oblasti-zastite-okolisa\/","og_locale":"hr_HR","og_type":"article","og_title":"Donesene dvije uredbe iz oblasti za\u0161tite okoli\u0161a - RADIO LJUBU\u0160KI","og_description":"Vlada FBiH danas je donijela dvije uredbe iz oblasti za\u0161tite okoli\u0161a. U prvom slu\u010daju je rije\u010d o Uredbi kojom se utvr\u0111uju pogoni i postrojenja koja moraju imati okolinsku dozvolu koju izdaju Federalno ministarstvo okoli\u0161a i turizma, ili kantonalno ministarstvo nadle\u017eno za okoli\u0161. Pogoni i postrojenja za koje okolinsku dozvolu izdaju Federalno, odnosno kantonalna ministarstva, utvr\u0111ena [&hellip;]","og_url":"https:\/\/radioljubuski.ba\/index.php\/2021\/06\/24\/donesene-dvije-uredbe-iz-oblasti-zastite-okolisa\/","og_site_name":"RADIO LJUBU\u0160KI","article_publisher":"https:\/\/www.facebook.com\/Radiio-Ljubuski-1490835324566332","article_published_time":"2021-06-24T11:45:21+00:00","article_modified_time":"2021-06-24T11:45:22+00:00","og_image":[{"width":750,"height":450,"url":"https:\/\/radioljubuski.ba\/wp-content\/uploads\/2021\/03\/Vodopad-\u2018Kravice-medu-dvadeset-najljepsih-mjesta-u-Europi.jpg","type":"image\/jpeg"}],"author":"Radio Ljubu\u0161ki","twitter_card":"summary_large_image","twitter_creator":"@radioljubuski","twitter_site":"@radioljubuski","twitter_misc":{"Napisao\/la":"Radio Ljubu\u0161ki","Procijenjeno vrijeme \u010ditanja":"2 minute"},"schema":{"@context":"https:\/\/schema.org","@graph":[{"@type":"Article","@id":"https:\/\/radioljubuski.ba\/index.php\/2021\/06\/24\/donesene-dvije-uredbe-iz-oblasti-zastite-okolisa\/#article","isPartOf":{"@id":"https:\/\/radioljubuski.ba\/index.php\/2021\/06\/24\/donesene-dvije-uredbe-iz-oblasti-zastite-okolisa\/"},"author":{"name":"Radio Ljubu\u0161ki","@id":"https:\/\/radioljubuski.ba\/#\/schema\/person\/19fc700381a780f69665d7956c469e3b"},"headline":"Donesene dvije uredbe iz oblasti za\u0161tite okoli\u0161a","datePublished":"2021-06-24T11:45:21+00:00","dateModified":"2021-06-24T11:45:22+00:00","mainEntityOfPage":{"@id":"https:\/\/radioljubuski.ba\/index.php\/2021\/06\/24\/donesene-dvije-uredbe-iz-oblasti-zastite-okolisa\/"},"wordCount":337,"publisher":{"@id":"https:\/\/radioljubuski.ba\/#organization"},"image":{"@id":"https:\/\/radioljubuski.ba\/index.php\/2021\/06\/24\/donesene-dvije-uredbe-iz-oblasti-zastite-okolisa\/#primaryimage"},"thumbnailUrl":"https:\/\/radioljubuski.ba\/wp-content\/uploads\/2021\/03\/Vodopad-\u2018Kravice-medu-dvadeset-najljepsih-mjesta-u-Europi.jpg","articleSection":["BIH i regija"],"inLanguage":"hr"},{"@type":"WebPage","@id":"https:\/\/radioljubuski.ba\/index.php\/2021\/06\/24\/donesene-dvije-uredbe-iz-oblasti-zastite-okolisa\/","url":"https:\/\/radioljubuski.ba\/index.php\/2021\/06\/24\/donesene-dvije-uredbe-iz-oblasti-zastite-okolisa\/","name":"Donesene dvije uredbe iz oblasti za\u0161tite okoli\u0161a - RADIO LJUBU\u0160KI","isPartOf":{"@id":"https:\/\/radioljubuski.ba\/#website"},"primaryImageOfPage":{"@id":"https:\/\/radioljubuski.ba\/index.php\/2021\/06\/24\/donesene-dvije-uredbe-iz-oblasti-zastite-okolisa\/#primaryimage"},"image":{"@id":"https:\/\/radioljubuski.ba\/index.php\/2021\/06\/24\/donesene-dvije-uredbe-iz-oblasti-zastite-okolisa\/#primaryimage"},"thumbnailUrl":"https:\/\/radioljubuski.ba\/wp-content\/uploads\/2021\/03\/Vodopad-\u2018Kravice-medu-dvadeset-najljepsih-mjesta-u-Europi.jpg","datePublished":"2021-06-24T11:45:21+00:00","dateModified":"2021-06-24T11:45:22+00:00","breadcrumb":{"@id":"https:\/\/radioljubuski.ba\/index.php\/2021\/06\/24\/donesene-dvije-uredbe-iz-oblasti-zastite-okolisa\/#breadcrumb"},"inLanguage":"hr","potentialAction":[{"@type":"ReadAction","target":["https:\/\/radioljubuski.ba\/index.php\/2021\/06\/24\/donesene-dvije-uredbe-iz-oblasti-zastite-okolisa\/"]}]},{"@type":"ImageObject","inLanguage":"hr","@id":"https:\/\/radioljubuski.ba\/index.php\/2021\/06\/24\/donesene-dvije-uredbe-iz-oblasti-zastite-okolisa\/#primaryimage","url":"https:\/\/radioljubuski.ba\/wp-content\/uploads\/2021\/03\/Vodopad-\u2018Kravice-medu-dvadeset-najljepsih-mjesta-u-Europi.jpg","contentUrl":"https:\/\/radioljubuski.ba\/wp-content\/uploads\/2021\/03\/Vodopad-\u2018Kravice-medu-dvadeset-najljepsih-mjesta-u-Europi.jpg","width":750,"height":450},{"@type":"BreadcrumbList","@id":"https:\/\/radioljubuski.ba\/index.php\/2021\/06\/24\/donesene-dvije-uredbe-iz-oblasti-zastite-okolisa\/#breadcrumb","itemListElement":[{"@type":"ListItem","position":1,"name":"Po\u010detna stranica","item":"https:\/\/radioljubuski.ba\/"},{"@type":"ListItem","position":2,"name":"Donesene dvije uredbe iz oblasti za\u0161tite okoli\u0161a"}]},{"@type":"WebSite","@id":"https:\/\/radioljubuski.ba\/#website","url":"https:\/\/radioljubuski.ba\/","name":"Radio Ljubu\u0161ki","description":"Sun\u010dana frekvencija Hercegovine","publisher":{"@id":"https:\/\/radioljubuski.ba\/#organization"},"potentialAction":[{"@type":"SearchAction","target":{"@type":"EntryPoint","urlTemplate":"https:\/\/radioljubuski.ba\/?s={search_term_string}"},"query-input":{"@type":"PropertyValueSpecification","valueRequired":true,"valueName":"search_term_string"}}],"inLanguage":"hr"},{"@type":"Organization","@id":"https:\/\/radioljubuski.ba\/#organization","name":"Radio Ljubu\u0161ki","url":"https:\/\/radioljubuski.ba\/","logo":{"@type":"ImageObject","inLanguage":"hr","@id":"https:\/\/radioljubuski.ba\/#\/schema\/logo\/image\/","url":"https:\/\/radioljubuski.ba\/wp-content\/uploads\/2021\/02\/cropped-Radio_Ljubuski_logo1.jpg","contentUrl":"https:\/\/radioljubuski.ba\/wp-content\/uploads\/2021\/02\/cropped-Radio_Ljubuski_logo1.jpg","width":512,"height":512,"caption":"Radio Ljubu\u0161ki"},"image":{"@id":"https:\/\/radioljubuski.ba\/#\/schema\/logo\/image\/"},"sameAs":["https:\/\/www.facebook.com\/Radiio-Ljubuski-1490835324566332","https:\/\/x.com\/radioljubuski","https:\/\/hr.linkedin.com\/company\/radio-ljubuski","https:\/\/www.youtube.com\/channel\/UCHYaeO_n0Db3tjNGudGpXyw"]},{"@type":"Person","@id":"https:\/\/radioljubuski.ba\/#\/schema\/person\/19fc700381a780f69665d7956c469e3b","name":"Radio Ljubu\u0161ki"}]}},"_links":{"self":[{"href":"https:\/\/radioljubuski.ba\/index.php\/wp-json\/wp\/v2\/posts\/35404","targetHints":{"allow":["GET"]}}],"collection":[{"href":"https:\/\/radioljubuski.ba\/index.php\/wp-json\/wp\/v2\/posts"}],"about":[{"href":"https:\/\/radioljubuski.ba\/index.php\/wp-json\/wp\/v2\/types\/post"}],"author":[{"embeddable":true,"href":"https:\/\/radioljubuski.ba\/index.php\/wp-json\/wp\/v2\/users\/2"}],"replies":[{"embeddable":true,"href":"https:\/\/radioljubuski.ba\/index.php\/wp-json\/wp\/v2\/comments?post=35404"}],"version-history":[{"count":1,"href":"https:\/\/radioljubuski.ba\/index.php\/wp-json\/wp\/v2\/posts\/35404\/revisions"}],"predecessor-version":[{"id":35405,"href":"https:\/\/radioljubuski.ba\/index.php\/wp-json\/wp\/v2\/posts\/35404\/revisions\/35405"}],"wp:featuredmedia":[{"embeddable":true,"href":"https:\/\/radioljubuski.ba\/index.php\/wp-json\/wp\/v2\/media\/2096"}],"wp:attachment":[{"href":"https:\/\/radioljubuski.ba\/index.php\/wp-json\/wp\/v2\/media?parent=35404"}],"wp:term":[{"taxonomy":"category","embeddable":true,"href":"https:\/\/radioljubuski.ba\/index.php\/wp-json\/wp\/v2\/categories?post=35404"},{"taxonomy":"post_tag","embeddable":true,"href":"https:\/\/radioljubuski.ba\/index.php\/wp-json\/wp\/v2\/tags?post=35404"}],"curies":[{"name":"wp","href":"https:\/\/api.w.org\/{rel}","templated":true}]}}