{"id":35412,"date":"2021-06-24T12:59:40","date_gmt":"2021-06-24T11:59:40","guid":{"rendered":"https:\/\/radioljubuski.ba\/?p=35412"},"modified":"2021-06-24T12:59:41","modified_gmt":"2021-06-24T11:59:41","slug":"delozacija-u-mostaru-druga-strana-price","status":"publish","type":"post","link":"https:\/\/radioljubuski.ba\/index.php\/2021\/06\/24\/delozacija-u-mostaru-druga-strana-price\/","title":{"rendered":"Delo\u017eacija u Mostaru: Druga strana pri\u010de"},"content":{"rendered":"\n<p>&#8221;\u017delimo demantirati da Snje\u017eana Smoljo posjeduje papire za stan i da je ona ovla\u0161tena da ostane u stanu i dalje. Sve to nije to\u010dno kao ni to da smo mi odnekud naletjeli 2007. godine. Istina je sasvim druga\u010dija&#8221;, po\u010dinje svoju pri\u010du za Bljesak.info obitelj Ga\u0161i\u0107. <\/p>\n\n\n\n<p><strong>Zahtjev za povrat stana i otkup <\/strong><\/p>\n\n\n\n<p>Naime, u mostarskoj Ulici fra Didaka Bunti\u0107a ju\u010der se odvijala prava drama. <\/p>\n\n\n\n<p>Od obitelj Smoljo zatra\u017eeno je da se isele iz stana \u0161to oni odbijaju navode\u0107i da su kupili stan. <\/p>\n\n\n\n<p>Obitelj Ga\u0161i\u0107 to ne spori i tvrdi da taj stan njima nije smio biti ni prodan jer su oni jo\u0161 1985. bili na rang listi prijeratnih poduze\u0107a za taj stan i da su jo\u0161 1998. godine, dakle godinu prije kupovine stana, podnijeli zahtjev za povrat. <\/p>\n\n\n\n<p>&#8221;Prije rata smo supruga i ja dobili stan udru\u017eenim sredstvima suprugine firme SOKO Rashladna i klima tehnika. Predali smo zahtjev za povrat stana 1998. godine. Po\u0161to nismo uselili, nismo imali stanarsko pravo, \u010dekalo se rje\u0161enje za te vrste stanova&#8221;, rekao je gospodin Ga\u0161i\u0107 navode\u0107i kako je 2002. usvojen zakon prema kojem osobe koje su prije rata dobile stan imaju pravo podnijeti zahtjev za povrat stana i otkup. <\/p>\n\n\n\n<p>&#8221;Predali smo odmah 2002. godine zahtjev za stan pravo Ministarstvu graditeljstva i prostornog ure\u0111enja. Radili su opstrukciju te tek nakon pet godina, a u me\u0111uvremenu smo dva puta bili na sudu, ministarstvo donosi rje\u0161enje o stanarskom pravu na osnovu \u010dega smo predali svu dokumentaciju za otkup stana. Me\u0111utim, po\u0161to je druga strana upisana u zemlji\u0161ne knjige, morali smo podnijeti i parni\u010dni postupak. Na njemu smo imali dvije rasprave i druga strana tra\u017ei prekid parni\u010dnog postupka dok se ne zavr\u0161i upravni postupak. A upravni postupak sa upravnim sporom je zavr\u0161en u 12. mjesecu 2020. godine. Da su oni u pravu u tom slu\u010daju bi vr\u0161ili pritisak da se to rije\u0161i odmah a ne da se odga\u0111a&#8221;, ka\u017eu nam Ga\u0161i\u0107i. <\/p>\n\n\n\n<p><strong>Ljubiti stope ministarstvu <\/strong><\/p>\n\n\n\n<p>Navode kako su Smolje 2010. podnijeli zahtjev da se poni\u0161ti stanarsko pravo Ga\u0161i\u0107ima, pa ministarstvo ponovno razmatra stanarsko pravio i opet donosi odluku u korist Ga\u0161i\u0107a. <\/p>\n\n\n\n<p>&#8221;\u017dale se ministarstvu u Sarajevu gdje se potvr\u0111uje u na\u0161u korist, \u017eale se kantonalnoj razini koja potvr\u0111uje to isto i nakon nekoliko godina kona\u010dno donosi odluku da je stan na\u0161 i da po upravnom postupku dolazi do rje\u0161enja o iseljenju. Donosi se to rje\u0161enje i dolazi se na lice mjesta da se iseljenje izvr\u0161i. Dva puta nije uspjelo i tre\u0107i put nas mole da im damo tjedan dana da fino isele. Mi i to dozvoljavamo. Kroz tjedan dana, to jest ju\u010der (srijeda, op.a.) izlazi se na lice mjesta, oni su taj dogovor pogazili iako su rekli da nam daju rije\u010d&#8221;, navode Ga\u0161i\u0107i i dodaju kako ih je Smoljo blatila pred medijima. <\/p>\n\n\n\n<p>Isti\u010du kako \u010dinjenica da su 20 godina razvla\u010deni po ministarstvu demantira tvrdnje da su potkupili ministarstvo. <\/p>\n\n\n\n<p>&#8221;Oni trebaju ljubiti stope ministarstvu koliko ih je zadr\u017eavalo u stanu opstrukcijama&#8221;, ka\u017ee ova obitelj pokazuju\u0107i dokument kojim je potvr\u0111eno postojanje ugovora o udru\u017eivanju sredstava za rje\u0161avanje stambenog pitanja obitelji Ga\u0161i\u0107. <\/p>\n\n\n\n<p><strong>Prodavali a nisu smjeli?<\/strong><\/p>\n\n\n\n<p> Uputili su Ustavnom sudu \u017ealbu na odugovla\u010denje postupka i kr\u0161enja prava na pravi\u010dno su\u0111enje i su\u0111enje u razumnom roku. Sud je donio odluku da se kr\u0161e prava apelanta i da se ima ovaj proces zavr\u0161iti u roku od tri mjeseca. <\/p>\n\n\n\n<p>&#8221;Odluku o iseljenju gospo\u0111a Smolju je predala vrhovnom sudu tra\u017ee\u0107i odga\u0111anje, ali ih je vrhovni sud odbio jer postoji presuda kantonalnog suda da se ona mora izvr\u0161iti. Uporno su izbjegavali parni\u010dni postupak&#8221;, ka\u017ee gospodin Ga\u0161i\u0107 napominju\u0107i kako je kona\u010dna presuda o iseljenju donesena u sije\u010dnju 2021. godine te da je Vrhovni sud odbio odlaganje delo\u017eacije. <\/p>\n\n\n\n<p>Podsjetimo, ovo nije prvi slu\u010daj da se upravo u ovoj zgradi vode pravne bitke koje traju desetlje\u0107ima. <\/p>\n\n\n\n<p>Tako je obitelj koja je 1986. stan u ovoj zgradi dobila od prijeratnog poduze\u0107a pravnu bitku vodila godinama. Naime, sud je dokazao da ga je otplatila i da stanari koji su ga u me\u0111uvremenu kupili po istom principu kao i Smolje, moraju iseliti iz njega. <\/p>\n\n\n\n<p>A onda je krenula borba za stan koja je trajala skoro 20 godina. Obitelj je na kraju ipak u svome stanu, a ovakvih pri\u010da o stanovima koje je netko prodao a nije smio \u2013 ima jo\u0161. <\/p>\n\n\n\n<p><strong>Izvor: Bljesak.info<\/strong><\/p>\n","protected":false},"excerpt":{"rendered":"<p>&#8221;\u017delimo demantirati da Snje\u017eana Smoljo posjeduje papire za stan i da je ona ovla\u0161tena da ostane u stanu i dalje. Sve to nije to\u010dno kao ni to da smo mi odnekud naletjeli 2007. godine. Istina je sasvim druga\u010dija&#8221;, po\u010dinje svoju pri\u010du za Bljesak.info obitelj Ga\u0161i\u0107. Zahtjev za povrat stana i otkup Naime, u mostarskoj Ulici [&hellip;]<\/p>\n","protected":false},"author":2,"featured_media":35413,"comment_status":"closed","ping_status":"closed","sticky":false,"template":"","format":"standard","meta":{"h5ap_radio_sources":[],"footnotes":""},"categories":[1],"tags":[],"class_list":["post-35412","post","type-post","status-publish","format-standard","has-post-thumbnail","hentry","category-bihiregija"],"yoast_head":"<!-- This site is optimized with the Yoast SEO plugin v27.5 - https:\/\/yoast.com\/product\/yoast-seo-wordpress\/ -->\n<title>Delo\u017eacija u Mostaru: Druga strana pri\u010de - RADIO LJUBU\u0160KI<\/title>\n<meta name=\"robots\" content=\"index, follow, max-snippet:-1, max-image-preview:large, max-video-preview:-1\" \/>\n<link rel=\"canonical\" href=\"https:\/\/radioljubuski.ba\/index.php\/2021\/06\/24\/delozacija-u-mostaru-druga-strana-price\/\" \/>\n<meta property=\"og:locale\" content=\"hr_HR\" \/>\n<meta property=\"og:type\" content=\"article\" \/>\n<meta property=\"og:title\" content=\"Delo\u017eacija u Mostaru: Druga strana pri\u010de - RADIO LJUBU\u0160KI\" \/>\n<meta property=\"og:description\" content=\"&#8221;\u017delimo demantirati da Snje\u017eana Smoljo posjeduje papire za stan i da je ona ovla\u0161tena da ostane u stanu i dalje. Sve to nije to\u010dno kao ni to da smo mi odnekud naletjeli 2007. godine. Istina je sasvim druga\u010dija&#8221;, po\u010dinje svoju pri\u010du za Bljesak.info obitelj Ga\u0161i\u0107. Zahtjev za povrat stana i otkup Naime, u mostarskoj Ulici [&hellip;]\" \/>\n<meta property=\"og:url\" content=\"https:\/\/radioljubuski.ba\/index.php\/2021\/06\/24\/delozacija-u-mostaru-druga-strana-price\/\" \/>\n<meta property=\"og:site_name\" content=\"RADIO LJUBU\u0160KI\" \/>\n<meta property=\"article:publisher\" content=\"https:\/\/www.facebook.com\/Radiio-Ljubuski-1490835324566332\" \/>\n<meta property=\"article:published_time\" content=\"2021-06-24T11:59:40+00:00\" \/>\n<meta property=\"article:modified_time\" content=\"2021-06-24T11:59:41+00:00\" \/>\n<meta property=\"og:image\" content=\"https:\/\/radioljubuski.ba\/wp-content\/uploads\/2021\/06\/delozacija.jpg\" \/>\n\t<meta property=\"og:image:width\" content=\"800\" \/>\n\t<meta property=\"og:image:height\" content=\"550\" \/>\n\t<meta property=\"og:image:type\" content=\"image\/jpeg\" \/>\n<meta name=\"author\" content=\"Radio Ljubu\u0161ki\" \/>\n<meta name=\"twitter:card\" content=\"summary_large_image\" \/>\n<meta name=\"twitter:creator\" content=\"@radioljubuski\" \/>\n<meta name=\"twitter:site\" content=\"@radioljubuski\" \/>\n<meta name=\"twitter:label1\" content=\"Napisao\/la\" \/>\n\t<meta name=\"twitter:data1\" content=\"Radio Ljubu\u0161ki\" \/>\n\t<meta name=\"twitter:label2\" content=\"Procijenjeno vrijeme \u010ditanja\" \/>\n\t<meta name=\"twitter:data2\" content=\"4 minute\" \/>\n<script type=\"application\/ld+json\" class=\"yoast-schema-graph\">{\"@context\":\"https:\\\/\\\/schema.org\",\"@graph\":[{\"@type\":\"Article\",\"@id\":\"https:\\\/\\\/radioljubuski.ba\\\/index.php\\\/2021\\\/06\\\/24\\\/delozacija-u-mostaru-druga-strana-price\\\/#article\",\"isPartOf\":{\"@id\":\"https:\\\/\\\/radioljubuski.ba\\\/index.php\\\/2021\\\/06\\\/24\\\/delozacija-u-mostaru-druga-strana-price\\\/\"},\"author\":{\"name\":\"Radio Ljubu\u0161ki\",\"@id\":\"https:\\\/\\\/radioljubuski.ba\\\/#\\\/schema\\\/person\\\/19fc700381a780f69665d7956c469e3b\"},\"headline\":\"Delo\u017eacija u Mostaru: Druga strana pri\u010de\",\"datePublished\":\"2021-06-24T11:59:40+00:00\",\"dateModified\":\"2021-06-24T11:59:41+00:00\",\"mainEntityOfPage\":{\"@id\":\"https:\\\/\\\/radioljubuski.ba\\\/index.php\\\/2021\\\/06\\\/24\\\/delozacija-u-mostaru-druga-strana-price\\\/\"},\"wordCount\":779,\"publisher\":{\"@id\":\"https:\\\/\\\/radioljubuski.ba\\\/#organization\"},\"image\":{\"@id\":\"https:\\\/\\\/radioljubuski.ba\\\/index.php\\\/2021\\\/06\\\/24\\\/delozacija-u-mostaru-druga-strana-price\\\/#primaryimage\"},\"thumbnailUrl\":\"https:\\\/\\\/radioljubuski.ba\\\/wp-content\\\/uploads\\\/2021\\\/06\\\/delozacija.jpg\",\"articleSection\":[\"BIH i regija\"],\"inLanguage\":\"hr\"},{\"@type\":\"WebPage\",\"@id\":\"https:\\\/\\\/radioljubuski.ba\\\/index.php\\\/2021\\\/06\\\/24\\\/delozacija-u-mostaru-druga-strana-price\\\/\",\"url\":\"https:\\\/\\\/radioljubuski.ba\\\/index.php\\\/2021\\\/06\\\/24\\\/delozacija-u-mostaru-druga-strana-price\\\/\",\"name\":\"Delo\u017eacija u Mostaru: Druga strana pri\u010de - RADIO LJUBU\u0160KI\",\"isPartOf\":{\"@id\":\"https:\\\/\\\/radioljubuski.ba\\\/#website\"},\"primaryImageOfPage\":{\"@id\":\"https:\\\/\\\/radioljubuski.ba\\\/index.php\\\/2021\\\/06\\\/24\\\/delozacija-u-mostaru-druga-strana-price\\\/#primaryimage\"},\"image\":{\"@id\":\"https:\\\/\\\/radioljubuski.ba\\\/index.php\\\/2021\\\/06\\\/24\\\/delozacija-u-mostaru-druga-strana-price\\\/#primaryimage\"},\"thumbnailUrl\":\"https:\\\/\\\/radioljubuski.ba\\\/wp-content\\\/uploads\\\/2021\\\/06\\\/delozacija.jpg\",\"datePublished\":\"2021-06-24T11:59:40+00:00\",\"dateModified\":\"2021-06-24T11:59:41+00:00\",\"breadcrumb\":{\"@id\":\"https:\\\/\\\/radioljubuski.ba\\\/index.php\\\/2021\\\/06\\\/24\\\/delozacija-u-mostaru-druga-strana-price\\\/#breadcrumb\"},\"inLanguage\":\"hr\",\"potentialAction\":[{\"@type\":\"ReadAction\",\"target\":[\"https:\\\/\\\/radioljubuski.ba\\\/index.php\\\/2021\\\/06\\\/24\\\/delozacija-u-mostaru-druga-strana-price\\\/\"]}]},{\"@type\":\"ImageObject\",\"inLanguage\":\"hr\",\"@id\":\"https:\\\/\\\/radioljubuski.ba\\\/index.php\\\/2021\\\/06\\\/24\\\/delozacija-u-mostaru-druga-strana-price\\\/#primaryimage\",\"url\":\"https:\\\/\\\/radioljubuski.ba\\\/wp-content\\\/uploads\\\/2021\\\/06\\\/delozacija.jpg\",\"contentUrl\":\"https:\\\/\\\/radioljubuski.ba\\\/wp-content\\\/uploads\\\/2021\\\/06\\\/delozacija.jpg\",\"width\":800,\"height\":550},{\"@type\":\"BreadcrumbList\",\"@id\":\"https:\\\/\\\/radioljubuski.ba\\\/index.php\\\/2021\\\/06\\\/24\\\/delozacija-u-mostaru-druga-strana-price\\\/#breadcrumb\",\"itemListElement\":[{\"@type\":\"ListItem\",\"position\":1,\"name\":\"Po\u010detna stranica\",\"item\":\"https:\\\/\\\/radioljubuski.ba\\\/\"},{\"@type\":\"ListItem\",\"position\":2,\"name\":\"Delo\u017eacija u Mostaru: Druga strana pri\u010de\"}]},{\"@type\":\"WebSite\",\"@id\":\"https:\\\/\\\/radioljubuski.ba\\\/#website\",\"url\":\"https:\\\/\\\/radioljubuski.ba\\\/\",\"name\":\"Radio Ljubu\u0161ki\",\"description\":\"Sun\u010dana frekvencija Hercegovine\",\"publisher\":{\"@id\":\"https:\\\/\\\/radioljubuski.ba\\\/#organization\"},\"potentialAction\":[{\"@type\":\"SearchAction\",\"target\":{\"@type\":\"EntryPoint\",\"urlTemplate\":\"https:\\\/\\\/radioljubuski.ba\\\/?s={search_term_string}\"},\"query-input\":{\"@type\":\"PropertyValueSpecification\",\"valueRequired\":true,\"valueName\":\"search_term_string\"}}],\"inLanguage\":\"hr\"},{\"@type\":\"Organization\",\"@id\":\"https:\\\/\\\/radioljubuski.ba\\\/#organization\",\"name\":\"Radio Ljubu\u0161ki\",\"url\":\"https:\\\/\\\/radioljubuski.ba\\\/\",\"logo\":{\"@type\":\"ImageObject\",\"inLanguage\":\"hr\",\"@id\":\"https:\\\/\\\/radioljubuski.ba\\\/#\\\/schema\\\/logo\\\/image\\\/\",\"url\":\"https:\\\/\\\/radioljubuski.ba\\\/wp-content\\\/uploads\\\/2021\\\/02\\\/cropped-Radio_Ljubuski_logo1.jpg\",\"contentUrl\":\"https:\\\/\\\/radioljubuski.ba\\\/wp-content\\\/uploads\\\/2021\\\/02\\\/cropped-Radio_Ljubuski_logo1.jpg\",\"width\":512,\"height\":512,\"caption\":\"Radio Ljubu\u0161ki\"},\"image\":{\"@id\":\"https:\\\/\\\/radioljubuski.ba\\\/#\\\/schema\\\/logo\\\/image\\\/\"},\"sameAs\":[\"https:\\\/\\\/www.facebook.com\\\/Radiio-Ljubuski-1490835324566332\",\"https:\\\/\\\/x.com\\\/radioljubuski\",\"https:\\\/\\\/hr.linkedin.com\\\/company\\\/radio-ljubuski\",\"https:\\\/\\\/www.youtube.com\\\/channel\\\/UCHYaeO_n0Db3tjNGudGpXyw\"]},{\"@type\":\"Person\",\"@id\":\"https:\\\/\\\/radioljubuski.ba\\\/#\\\/schema\\\/person\\\/19fc700381a780f69665d7956c469e3b\",\"name\":\"Radio Ljubu\u0161ki\"}]}<\/script>\n<!-- \/ Yoast SEO plugin. -->","yoast_head_json":{"title":"Delo\u017eacija u Mostaru: Druga strana pri\u010de - RADIO LJUBU\u0160KI","robots":{"index":"index","follow":"follow","max-snippet":"max-snippet:-1","max-image-preview":"max-image-preview:large","max-video-preview":"max-video-preview:-1"},"canonical":"https:\/\/radioljubuski.ba\/index.php\/2021\/06\/24\/delozacija-u-mostaru-druga-strana-price\/","og_locale":"hr_HR","og_type":"article","og_title":"Delo\u017eacija u Mostaru: Druga strana pri\u010de - RADIO LJUBU\u0160KI","og_description":"&#8221;\u017delimo demantirati da Snje\u017eana Smoljo posjeduje papire za stan i da je ona ovla\u0161tena da ostane u stanu i dalje. Sve to nije to\u010dno kao ni to da smo mi odnekud naletjeli 2007. godine. Istina je sasvim druga\u010dija&#8221;, po\u010dinje svoju pri\u010du za Bljesak.info obitelj Ga\u0161i\u0107. Zahtjev za povrat stana i otkup Naime, u mostarskoj Ulici [&hellip;]","og_url":"https:\/\/radioljubuski.ba\/index.php\/2021\/06\/24\/delozacija-u-mostaru-druga-strana-price\/","og_site_name":"RADIO LJUBU\u0160KI","article_publisher":"https:\/\/www.facebook.com\/Radiio-Ljubuski-1490835324566332","article_published_time":"2021-06-24T11:59:40+00:00","article_modified_time":"2021-06-24T11:59:41+00:00","og_image":[{"width":800,"height":550,"url":"https:\/\/radioljubuski.ba\/wp-content\/uploads\/2021\/06\/delozacija.jpg","type":"image\/jpeg"}],"author":"Radio Ljubu\u0161ki","twitter_card":"summary_large_image","twitter_creator":"@radioljubuski","twitter_site":"@radioljubuski","twitter_misc":{"Napisao\/la":"Radio Ljubu\u0161ki","Procijenjeno vrijeme \u010ditanja":"4 minute"},"schema":{"@context":"https:\/\/schema.org","@graph":[{"@type":"Article","@id":"https:\/\/radioljubuski.ba\/index.php\/2021\/06\/24\/delozacija-u-mostaru-druga-strana-price\/#article","isPartOf":{"@id":"https:\/\/radioljubuski.ba\/index.php\/2021\/06\/24\/delozacija-u-mostaru-druga-strana-price\/"},"author":{"name":"Radio Ljubu\u0161ki","@id":"https:\/\/radioljubuski.ba\/#\/schema\/person\/19fc700381a780f69665d7956c469e3b"},"headline":"Delo\u017eacija u Mostaru: Druga strana pri\u010de","datePublished":"2021-06-24T11:59:40+00:00","dateModified":"2021-06-24T11:59:41+00:00","mainEntityOfPage":{"@id":"https:\/\/radioljubuski.ba\/index.php\/2021\/06\/24\/delozacija-u-mostaru-druga-strana-price\/"},"wordCount":779,"publisher":{"@id":"https:\/\/radioljubuski.ba\/#organization"},"image":{"@id":"https:\/\/radioljubuski.ba\/index.php\/2021\/06\/24\/delozacija-u-mostaru-druga-strana-price\/#primaryimage"},"thumbnailUrl":"https:\/\/radioljubuski.ba\/wp-content\/uploads\/2021\/06\/delozacija.jpg","articleSection":["BIH i regija"],"inLanguage":"hr"},{"@type":"WebPage","@id":"https:\/\/radioljubuski.ba\/index.php\/2021\/06\/24\/delozacija-u-mostaru-druga-strana-price\/","url":"https:\/\/radioljubuski.ba\/index.php\/2021\/06\/24\/delozacija-u-mostaru-druga-strana-price\/","name":"Delo\u017eacija u Mostaru: Druga strana pri\u010de - RADIO LJUBU\u0160KI","isPartOf":{"@id":"https:\/\/radioljubuski.ba\/#website"},"primaryImageOfPage":{"@id":"https:\/\/radioljubuski.ba\/index.php\/2021\/06\/24\/delozacija-u-mostaru-druga-strana-price\/#primaryimage"},"image":{"@id":"https:\/\/radioljubuski.ba\/index.php\/2021\/06\/24\/delozacija-u-mostaru-druga-strana-price\/#primaryimage"},"thumbnailUrl":"https:\/\/radioljubuski.ba\/wp-content\/uploads\/2021\/06\/delozacija.jpg","datePublished":"2021-06-24T11:59:40+00:00","dateModified":"2021-06-24T11:59:41+00:00","breadcrumb":{"@id":"https:\/\/radioljubuski.ba\/index.php\/2021\/06\/24\/delozacija-u-mostaru-druga-strana-price\/#breadcrumb"},"inLanguage":"hr","potentialAction":[{"@type":"ReadAction","target":["https:\/\/radioljubuski.ba\/index.php\/2021\/06\/24\/delozacija-u-mostaru-druga-strana-price\/"]}]},{"@type":"ImageObject","inLanguage":"hr","@id":"https:\/\/radioljubuski.ba\/index.php\/2021\/06\/24\/delozacija-u-mostaru-druga-strana-price\/#primaryimage","url":"https:\/\/radioljubuski.ba\/wp-content\/uploads\/2021\/06\/delozacija.jpg","contentUrl":"https:\/\/radioljubuski.ba\/wp-content\/uploads\/2021\/06\/delozacija.jpg","width":800,"height":550},{"@type":"BreadcrumbList","@id":"https:\/\/radioljubuski.ba\/index.php\/2021\/06\/24\/delozacija-u-mostaru-druga-strana-price\/#breadcrumb","itemListElement":[{"@type":"ListItem","position":1,"name":"Po\u010detna stranica","item":"https:\/\/radioljubuski.ba\/"},{"@type":"ListItem","position":2,"name":"Delo\u017eacija u Mostaru: Druga strana pri\u010de"}]},{"@type":"WebSite","@id":"https:\/\/radioljubuski.ba\/#website","url":"https:\/\/radioljubuski.ba\/","name":"Radio Ljubu\u0161ki","description":"Sun\u010dana frekvencija Hercegovine","publisher":{"@id":"https:\/\/radioljubuski.ba\/#organization"},"potentialAction":[{"@type":"SearchAction","target":{"@type":"EntryPoint","urlTemplate":"https:\/\/radioljubuski.ba\/?s={search_term_string}"},"query-input":{"@type":"PropertyValueSpecification","valueRequired":true,"valueName":"search_term_string"}}],"inLanguage":"hr"},{"@type":"Organization","@id":"https:\/\/radioljubuski.ba\/#organization","name":"Radio Ljubu\u0161ki","url":"https:\/\/radioljubuski.ba\/","logo":{"@type":"ImageObject","inLanguage":"hr","@id":"https:\/\/radioljubuski.ba\/#\/schema\/logo\/image\/","url":"https:\/\/radioljubuski.ba\/wp-content\/uploads\/2021\/02\/cropped-Radio_Ljubuski_logo1.jpg","contentUrl":"https:\/\/radioljubuski.ba\/wp-content\/uploads\/2021\/02\/cropped-Radio_Ljubuski_logo1.jpg","width":512,"height":512,"caption":"Radio Ljubu\u0161ki"},"image":{"@id":"https:\/\/radioljubuski.ba\/#\/schema\/logo\/image\/"},"sameAs":["https:\/\/www.facebook.com\/Radiio-Ljubuski-1490835324566332","https:\/\/x.com\/radioljubuski","https:\/\/hr.linkedin.com\/company\/radio-ljubuski","https:\/\/www.youtube.com\/channel\/UCHYaeO_n0Db3tjNGudGpXyw"]},{"@type":"Person","@id":"https:\/\/radioljubuski.ba\/#\/schema\/person\/19fc700381a780f69665d7956c469e3b","name":"Radio Ljubu\u0161ki"}]}},"_links":{"self":[{"href":"https:\/\/radioljubuski.ba\/index.php\/wp-json\/wp\/v2\/posts\/35412","targetHints":{"allow":["GET"]}}],"collection":[{"href":"https:\/\/radioljubuski.ba\/index.php\/wp-json\/wp\/v2\/posts"}],"about":[{"href":"https:\/\/radioljubuski.ba\/index.php\/wp-json\/wp\/v2\/types\/post"}],"author":[{"embeddable":true,"href":"https:\/\/radioljubuski.ba\/index.php\/wp-json\/wp\/v2\/users\/2"}],"replies":[{"embeddable":true,"href":"https:\/\/radioljubuski.ba\/index.php\/wp-json\/wp\/v2\/comments?post=35412"}],"version-history":[{"count":1,"href":"https:\/\/radioljubuski.ba\/index.php\/wp-json\/wp\/v2\/posts\/35412\/revisions"}],"predecessor-version":[{"id":35414,"href":"https:\/\/radioljubuski.ba\/index.php\/wp-json\/wp\/v2\/posts\/35412\/revisions\/35414"}],"wp:featuredmedia":[{"embeddable":true,"href":"https:\/\/radioljubuski.ba\/index.php\/wp-json\/wp\/v2\/media\/35413"}],"wp:attachment":[{"href":"https:\/\/radioljubuski.ba\/index.php\/wp-json\/wp\/v2\/media?parent=35412"}],"wp:term":[{"taxonomy":"category","embeddable":true,"href":"https:\/\/radioljubuski.ba\/index.php\/wp-json\/wp\/v2\/categories?post=35412"},{"taxonomy":"post_tag","embeddable":true,"href":"https:\/\/radioljubuski.ba\/index.php\/wp-json\/wp\/v2\/tags?post=35412"}],"curies":[{"name":"wp","href":"https:\/\/api.w.org\/{rel}","templated":true}]}}