{"id":35448,"date":"2021-06-24T16:04:44","date_gmt":"2021-06-24T15:04:44","guid":{"rendered":"https:\/\/radioljubuski.ba\/?p=35448"},"modified":"2021-06-24T16:04:45","modified_gmt":"2021-06-24T15:04:45","slug":"ove-namirnice-ne-biste-trebali-jesti-tijekom-ljeta","status":"publish","type":"post","link":"https:\/\/radioljubuski.ba\/index.php\/2021\/06\/24\/ove-namirnice-ne-biste-trebali-jesti-tijekom-ljeta\/","title":{"rendered":"Ove namirnice ne biste trebali jesti tijekom ljeta"},"content":{"rendered":"\n<p>Tijekom vru\u0107ih ljetnih mjeseci trebali biste izbjegavati odre\u0111ene namirnice koje mogu lo\u0161e utjecati na va\u0161u probavu. Ne samo da \u0107ete se od nekih namirnica udebljati, nego \u0107ete se osje\u0107ati napuhnuto te mo\u017eete imati probavnih smetnji. Takve namirnice obi\u010dno su bogate natrijem, \u0161e\u0107erom i masno\u0107ama.<\/p>\n\n\n\n<p>Evo koje biste namirnice trebali izbjegavati tijekom ljeta.<\/p>\n\n\n\n<p>Pizza<\/p>\n\n\n\n<p>Masno\u0107a koja se nalazi u pizzi \u0107e vas napuhati, a pizza kobasicom ili drugim mesnim dodacima tako\u0111er je prepuna natrija.<\/p>\n\n\n\n<p>Salata od krumpira<\/p>\n\n\n\n<p>Salata od krumpira bogata je proupalnim omega-3-masnim kiselinama, a takve namirnice mogu naru\u0161iti ravnote\u017eu dobrih bakterija u va\u0161em organizmu, \u0161to mo\u017ee dovesti do niza problema, od debljanja do problema s ko\u017eom.<\/p>\n\n\n\n<p>\u017ditarice<\/p>\n\n\n\n<p>Mnoge vrste \u017eitarica bogate su \u0161e\u0107erom koji mo\u017ee uzrokovati skokove i padove razine \u0161e\u0107era u krvi, zbog \u010dega \u0107ete \u017eeljeti jesti vi\u0161e.<\/p>\n\n\n\n<p>\u010cokolada<\/p>\n\n\n\n<p>Tamna \u010dokolada ima niz zdravstvenih prednosti, ali ako \u017eelite imati ravan trbuh, trebali biste je izbjegavati jer mo\u017ee uzrokovati zatvor.<\/p>\n\n\n\n<p>\u017dvaka\u010de gume<\/p>\n\n\n\n<p>Kada \u017eva\u010dete \u017evaka\u010du gumu, gutate vi\u0161e zraka \u0161to uzrokuje nadutost.<\/p>\n\n\n\n<p>Jaja<\/p>\n\n\n\n<p>Jaja tako\u0111er mogu uzrokovati zatvor, ali i smetnje u trbuhu pa biste ih trebali izbjegavati tijekom ljeta.<\/p>\n\n\n\n<p>Nezrele banane<\/p>\n\n\n\n<p>Nezrele banane sadr\u017ee veliku koli\u010dinu tanina koji uzrokuje zatvor. Osim toga, nezrele banane sadr\u017ee i neprobavljive ugljikohidrate koji vas mogu napuhnuti.<\/p>\n\n\n\n<p>Raj\u010dice<\/p>\n\n\n\n<p>Raj\u010dica je prili\u010dno osvje\u017eavaju\u0107a i mnogi je obo\u017eavaju jesti ljeti, ali ona tjera tijelo da proizvodi \u017eelu\u010danu kiselinu, \u0161to mo\u017ee uzrokovati refluks, pi\u0161e Eat this.<\/p>\n\n\n\n<p>Jabuke<\/p>\n\n\n\n<p>Jabuke su izuzetno bogate vlaknima \u0161to mo\u017ee izazvati osje\u0107aj nadutosti.<\/p>\n\n\n\n<p>Brza hrana<\/p>\n\n\n\n<p>Brzu hranu te\u0161ko je probaviti jer je jako masna, a obi\u010dno je bogata nezdravom masno\u0107om koja djeluje proupalno.<\/p>\n\n\n\n<p>Izvor:N1<\/p>\n","protected":false},"excerpt":{"rendered":"<p>Tijekom vru\u0107ih ljetnih mjeseci trebali biste izbjegavati odre\u0111ene namirnice koje mogu lo\u0161e utjecati na va\u0161u probavu. Ne samo da \u0107ete se od nekih namirnica udebljati, nego \u0107ete se osje\u0107ati napuhnuto te mo\u017eete imati probavnih smetnji. Takve namirnice obi\u010dno su bogate natrijem, \u0161e\u0107erom i masno\u0107ama. Evo koje biste namirnice trebali izbjegavati tijekom ljeta. Pizza Masno\u0107a koja [&hellip;]<\/p>\n","protected":false},"author":2,"featured_media":35449,"comment_status":"closed","ping_status":"closed","sticky":false,"template":"","format":"standard","meta":{"h5ap_radio_sources":[],"footnotes":""},"categories":[1],"tags":[],"class_list":["post-35448","post","type-post","status-publish","format-standard","has-post-thumbnail","hentry","category-bihiregija"],"yoast_head":"<!-- This site is optimized with the Yoast SEO plugin v27.5 - https:\/\/yoast.com\/product\/yoast-seo-wordpress\/ -->\n<title>Ove namirnice ne biste trebali jesti tijekom ljeta - RADIO LJUBU\u0160KI<\/title>\n<meta name=\"robots\" content=\"index, follow, max-snippet:-1, max-image-preview:large, max-video-preview:-1\" \/>\n<link rel=\"canonical\" href=\"https:\/\/radioljubuski.ba\/index.php\/2021\/06\/24\/ove-namirnice-ne-biste-trebali-jesti-tijekom-ljeta\/\" \/>\n<meta property=\"og:locale\" content=\"hr_HR\" \/>\n<meta property=\"og:type\" content=\"article\" \/>\n<meta property=\"og:title\" content=\"Ove namirnice ne biste trebali jesti tijekom ljeta - RADIO LJUBU\u0160KI\" \/>\n<meta property=\"og:description\" content=\"Tijekom vru\u0107ih ljetnih mjeseci trebali biste izbjegavati odre\u0111ene namirnice koje mogu lo\u0161e utjecati na va\u0161u probavu. Ne samo da \u0107ete se od nekih namirnica udebljati, nego \u0107ete se osje\u0107ati napuhnuto te mo\u017eete imati probavnih smetnji. Takve namirnice obi\u010dno su bogate natrijem, \u0161e\u0107erom i masno\u0107ama. Evo koje biste namirnice trebali izbjegavati tijekom ljeta. Pizza Masno\u0107a koja [&hellip;]\" \/>\n<meta property=\"og:url\" content=\"https:\/\/radioljubuski.ba\/index.php\/2021\/06\/24\/ove-namirnice-ne-biste-trebali-jesti-tijekom-ljeta\/\" \/>\n<meta property=\"og:site_name\" content=\"RADIO LJUBU\u0160KI\" \/>\n<meta property=\"article:publisher\" content=\"https:\/\/www.facebook.com\/Radiio-Ljubuski-1490835324566332\" \/>\n<meta property=\"article:published_time\" content=\"2021-06-24T15:04:44+00:00\" \/>\n<meta property=\"article:modified_time\" content=\"2021-06-24T15:04:45+00:00\" \/>\n<meta property=\"og:image\" content=\"https:\/\/radioljubuski.ba\/wp-content\/uploads\/2021\/06\/7sIpzxwC_pizza.jpg\" \/>\n\t<meta property=\"og:image:width\" content=\"1000\" \/>\n\t<meta property=\"og:image:height\" content=\"625\" \/>\n\t<meta property=\"og:image:type\" content=\"image\/jpeg\" \/>\n<meta name=\"author\" content=\"Radio Ljubu\u0161ki\" \/>\n<meta name=\"twitter:card\" content=\"summary_large_image\" \/>\n<meta name=\"twitter:creator\" content=\"@radioljubuski\" \/>\n<meta name=\"twitter:site\" content=\"@radioljubuski\" \/>\n<meta name=\"twitter:label1\" content=\"Napisao\/la\" \/>\n\t<meta name=\"twitter:data1\" content=\"Radio Ljubu\u0161ki\" \/>\n\t<meta name=\"twitter:label2\" content=\"Procijenjeno vrijeme \u010ditanja\" \/>\n\t<meta name=\"twitter:data2\" content=\"2 minute\" \/>\n<script type=\"application\/ld+json\" class=\"yoast-schema-graph\">{\"@context\":\"https:\\\/\\\/schema.org\",\"@graph\":[{\"@type\":\"Article\",\"@id\":\"https:\\\/\\\/radioljubuski.ba\\\/index.php\\\/2021\\\/06\\\/24\\\/ove-namirnice-ne-biste-trebali-jesti-tijekom-ljeta\\\/#article\",\"isPartOf\":{\"@id\":\"https:\\\/\\\/radioljubuski.ba\\\/index.php\\\/2021\\\/06\\\/24\\\/ove-namirnice-ne-biste-trebali-jesti-tijekom-ljeta\\\/\"},\"author\":{\"name\":\"Radio Ljubu\u0161ki\",\"@id\":\"https:\\\/\\\/radioljubuski.ba\\\/#\\\/schema\\\/person\\\/19fc700381a780f69665d7956c469e3b\"},\"headline\":\"Ove namirnice ne biste trebali jesti tijekom ljeta\",\"datePublished\":\"2021-06-24T15:04:44+00:00\",\"dateModified\":\"2021-06-24T15:04:45+00:00\",\"mainEntityOfPage\":{\"@id\":\"https:\\\/\\\/radioljubuski.ba\\\/index.php\\\/2021\\\/06\\\/24\\\/ove-namirnice-ne-biste-trebali-jesti-tijekom-ljeta\\\/\"},\"wordCount\":315,\"publisher\":{\"@id\":\"https:\\\/\\\/radioljubuski.ba\\\/#organization\"},\"image\":{\"@id\":\"https:\\\/\\\/radioljubuski.ba\\\/index.php\\\/2021\\\/06\\\/24\\\/ove-namirnice-ne-biste-trebali-jesti-tijekom-ljeta\\\/#primaryimage\"},\"thumbnailUrl\":\"https:\\\/\\\/radioljubuski.ba\\\/wp-content\\\/uploads\\\/2021\\\/06\\\/7sIpzxwC_pizza.jpg\",\"articleSection\":[\"BIH i regija\"],\"inLanguage\":\"hr\"},{\"@type\":\"WebPage\",\"@id\":\"https:\\\/\\\/radioljubuski.ba\\\/index.php\\\/2021\\\/06\\\/24\\\/ove-namirnice-ne-biste-trebali-jesti-tijekom-ljeta\\\/\",\"url\":\"https:\\\/\\\/radioljubuski.ba\\\/index.php\\\/2021\\\/06\\\/24\\\/ove-namirnice-ne-biste-trebali-jesti-tijekom-ljeta\\\/\",\"name\":\"Ove namirnice ne biste trebali jesti tijekom ljeta - RADIO LJUBU\u0160KI\",\"isPartOf\":{\"@id\":\"https:\\\/\\\/radioljubuski.ba\\\/#website\"},\"primaryImageOfPage\":{\"@id\":\"https:\\\/\\\/radioljubuski.ba\\\/index.php\\\/2021\\\/06\\\/24\\\/ove-namirnice-ne-biste-trebali-jesti-tijekom-ljeta\\\/#primaryimage\"},\"image\":{\"@id\":\"https:\\\/\\\/radioljubuski.ba\\\/index.php\\\/2021\\\/06\\\/24\\\/ove-namirnice-ne-biste-trebali-jesti-tijekom-ljeta\\\/#primaryimage\"},\"thumbnailUrl\":\"https:\\\/\\\/radioljubuski.ba\\\/wp-content\\\/uploads\\\/2021\\\/06\\\/7sIpzxwC_pizza.jpg\",\"datePublished\":\"2021-06-24T15:04:44+00:00\",\"dateModified\":\"2021-06-24T15:04:45+00:00\",\"breadcrumb\":{\"@id\":\"https:\\\/\\\/radioljubuski.ba\\\/index.php\\\/2021\\\/06\\\/24\\\/ove-namirnice-ne-biste-trebali-jesti-tijekom-ljeta\\\/#breadcrumb\"},\"inLanguage\":\"hr\",\"potentialAction\":[{\"@type\":\"ReadAction\",\"target\":[\"https:\\\/\\\/radioljubuski.ba\\\/index.php\\\/2021\\\/06\\\/24\\\/ove-namirnice-ne-biste-trebali-jesti-tijekom-ljeta\\\/\"]}]},{\"@type\":\"ImageObject\",\"inLanguage\":\"hr\",\"@id\":\"https:\\\/\\\/radioljubuski.ba\\\/index.php\\\/2021\\\/06\\\/24\\\/ove-namirnice-ne-biste-trebali-jesti-tijekom-ljeta\\\/#primaryimage\",\"url\":\"https:\\\/\\\/radioljubuski.ba\\\/wp-content\\\/uploads\\\/2021\\\/06\\\/7sIpzxwC_pizza.jpg\",\"contentUrl\":\"https:\\\/\\\/radioljubuski.ba\\\/wp-content\\\/uploads\\\/2021\\\/06\\\/7sIpzxwC_pizza.jpg\",\"width\":1000,\"height\":625},{\"@type\":\"BreadcrumbList\",\"@id\":\"https:\\\/\\\/radioljubuski.ba\\\/index.php\\\/2021\\\/06\\\/24\\\/ove-namirnice-ne-biste-trebali-jesti-tijekom-ljeta\\\/#breadcrumb\",\"itemListElement\":[{\"@type\":\"ListItem\",\"position\":1,\"name\":\"Po\u010detna stranica\",\"item\":\"https:\\\/\\\/radioljubuski.ba\\\/\"},{\"@type\":\"ListItem\",\"position\":2,\"name\":\"Ove namirnice ne biste trebali jesti tijekom ljeta\"}]},{\"@type\":\"WebSite\",\"@id\":\"https:\\\/\\\/radioljubuski.ba\\\/#website\",\"url\":\"https:\\\/\\\/radioljubuski.ba\\\/\",\"name\":\"Radio Ljubu\u0161ki\",\"description\":\"Sun\u010dana frekvencija Hercegovine\",\"publisher\":{\"@id\":\"https:\\\/\\\/radioljubuski.ba\\\/#organization\"},\"potentialAction\":[{\"@type\":\"SearchAction\",\"target\":{\"@type\":\"EntryPoint\",\"urlTemplate\":\"https:\\\/\\\/radioljubuski.ba\\\/?s={search_term_string}\"},\"query-input\":{\"@type\":\"PropertyValueSpecification\",\"valueRequired\":true,\"valueName\":\"search_term_string\"}}],\"inLanguage\":\"hr\"},{\"@type\":\"Organization\",\"@id\":\"https:\\\/\\\/radioljubuski.ba\\\/#organization\",\"name\":\"Radio Ljubu\u0161ki\",\"url\":\"https:\\\/\\\/radioljubuski.ba\\\/\",\"logo\":{\"@type\":\"ImageObject\",\"inLanguage\":\"hr\",\"@id\":\"https:\\\/\\\/radioljubuski.ba\\\/#\\\/schema\\\/logo\\\/image\\\/\",\"url\":\"https:\\\/\\\/radioljubuski.ba\\\/wp-content\\\/uploads\\\/2021\\\/02\\\/cropped-Radio_Ljubuski_logo1.jpg\",\"contentUrl\":\"https:\\\/\\\/radioljubuski.ba\\\/wp-content\\\/uploads\\\/2021\\\/02\\\/cropped-Radio_Ljubuski_logo1.jpg\",\"width\":512,\"height\":512,\"caption\":\"Radio Ljubu\u0161ki\"},\"image\":{\"@id\":\"https:\\\/\\\/radioljubuski.ba\\\/#\\\/schema\\\/logo\\\/image\\\/\"},\"sameAs\":[\"https:\\\/\\\/www.facebook.com\\\/Radiio-Ljubuski-1490835324566332\",\"https:\\\/\\\/x.com\\\/radioljubuski\",\"https:\\\/\\\/hr.linkedin.com\\\/company\\\/radio-ljubuski\",\"https:\\\/\\\/www.youtube.com\\\/channel\\\/UCHYaeO_n0Db3tjNGudGpXyw\"]},{\"@type\":\"Person\",\"@id\":\"https:\\\/\\\/radioljubuski.ba\\\/#\\\/schema\\\/person\\\/19fc700381a780f69665d7956c469e3b\",\"name\":\"Radio Ljubu\u0161ki\"}]}<\/script>\n<!-- \/ Yoast SEO plugin. -->","yoast_head_json":{"title":"Ove namirnice ne biste trebali jesti tijekom ljeta - RADIO LJUBU\u0160KI","robots":{"index":"index","follow":"follow","max-snippet":"max-snippet:-1","max-image-preview":"max-image-preview:large","max-video-preview":"max-video-preview:-1"},"canonical":"https:\/\/radioljubuski.ba\/index.php\/2021\/06\/24\/ove-namirnice-ne-biste-trebali-jesti-tijekom-ljeta\/","og_locale":"hr_HR","og_type":"article","og_title":"Ove namirnice ne biste trebali jesti tijekom ljeta - RADIO LJUBU\u0160KI","og_description":"Tijekom vru\u0107ih ljetnih mjeseci trebali biste izbjegavati odre\u0111ene namirnice koje mogu lo\u0161e utjecati na va\u0161u probavu. Ne samo da \u0107ete se od nekih namirnica udebljati, nego \u0107ete se osje\u0107ati napuhnuto te mo\u017eete imati probavnih smetnji. Takve namirnice obi\u010dno su bogate natrijem, \u0161e\u0107erom i masno\u0107ama. Evo koje biste namirnice trebali izbjegavati tijekom ljeta. Pizza Masno\u0107a koja [&hellip;]","og_url":"https:\/\/radioljubuski.ba\/index.php\/2021\/06\/24\/ove-namirnice-ne-biste-trebali-jesti-tijekom-ljeta\/","og_site_name":"RADIO LJUBU\u0160KI","article_publisher":"https:\/\/www.facebook.com\/Radiio-Ljubuski-1490835324566332","article_published_time":"2021-06-24T15:04:44+00:00","article_modified_time":"2021-06-24T15:04:45+00:00","og_image":[{"width":1000,"height":625,"url":"https:\/\/radioljubuski.ba\/wp-content\/uploads\/2021\/06\/7sIpzxwC_pizza.jpg","type":"image\/jpeg"}],"author":"Radio Ljubu\u0161ki","twitter_card":"summary_large_image","twitter_creator":"@radioljubuski","twitter_site":"@radioljubuski","twitter_misc":{"Napisao\/la":"Radio Ljubu\u0161ki","Procijenjeno vrijeme \u010ditanja":"2 minute"},"schema":{"@context":"https:\/\/schema.org","@graph":[{"@type":"Article","@id":"https:\/\/radioljubuski.ba\/index.php\/2021\/06\/24\/ove-namirnice-ne-biste-trebali-jesti-tijekom-ljeta\/#article","isPartOf":{"@id":"https:\/\/radioljubuski.ba\/index.php\/2021\/06\/24\/ove-namirnice-ne-biste-trebali-jesti-tijekom-ljeta\/"},"author":{"name":"Radio Ljubu\u0161ki","@id":"https:\/\/radioljubuski.ba\/#\/schema\/person\/19fc700381a780f69665d7956c469e3b"},"headline":"Ove namirnice ne biste trebali jesti tijekom ljeta","datePublished":"2021-06-24T15:04:44+00:00","dateModified":"2021-06-24T15:04:45+00:00","mainEntityOfPage":{"@id":"https:\/\/radioljubuski.ba\/index.php\/2021\/06\/24\/ove-namirnice-ne-biste-trebali-jesti-tijekom-ljeta\/"},"wordCount":315,"publisher":{"@id":"https:\/\/radioljubuski.ba\/#organization"},"image":{"@id":"https:\/\/radioljubuski.ba\/index.php\/2021\/06\/24\/ove-namirnice-ne-biste-trebali-jesti-tijekom-ljeta\/#primaryimage"},"thumbnailUrl":"https:\/\/radioljubuski.ba\/wp-content\/uploads\/2021\/06\/7sIpzxwC_pizza.jpg","articleSection":["BIH i regija"],"inLanguage":"hr"},{"@type":"WebPage","@id":"https:\/\/radioljubuski.ba\/index.php\/2021\/06\/24\/ove-namirnice-ne-biste-trebali-jesti-tijekom-ljeta\/","url":"https:\/\/radioljubuski.ba\/index.php\/2021\/06\/24\/ove-namirnice-ne-biste-trebali-jesti-tijekom-ljeta\/","name":"Ove namirnice ne biste trebali jesti tijekom ljeta - RADIO LJUBU\u0160KI","isPartOf":{"@id":"https:\/\/radioljubuski.ba\/#website"},"primaryImageOfPage":{"@id":"https:\/\/radioljubuski.ba\/index.php\/2021\/06\/24\/ove-namirnice-ne-biste-trebali-jesti-tijekom-ljeta\/#primaryimage"},"image":{"@id":"https:\/\/radioljubuski.ba\/index.php\/2021\/06\/24\/ove-namirnice-ne-biste-trebali-jesti-tijekom-ljeta\/#primaryimage"},"thumbnailUrl":"https:\/\/radioljubuski.ba\/wp-content\/uploads\/2021\/06\/7sIpzxwC_pizza.jpg","datePublished":"2021-06-24T15:04:44+00:00","dateModified":"2021-06-24T15:04:45+00:00","breadcrumb":{"@id":"https:\/\/radioljubuski.ba\/index.php\/2021\/06\/24\/ove-namirnice-ne-biste-trebali-jesti-tijekom-ljeta\/#breadcrumb"},"inLanguage":"hr","potentialAction":[{"@type":"ReadAction","target":["https:\/\/radioljubuski.ba\/index.php\/2021\/06\/24\/ove-namirnice-ne-biste-trebali-jesti-tijekom-ljeta\/"]}]},{"@type":"ImageObject","inLanguage":"hr","@id":"https:\/\/radioljubuski.ba\/index.php\/2021\/06\/24\/ove-namirnice-ne-biste-trebali-jesti-tijekom-ljeta\/#primaryimage","url":"https:\/\/radioljubuski.ba\/wp-content\/uploads\/2021\/06\/7sIpzxwC_pizza.jpg","contentUrl":"https:\/\/radioljubuski.ba\/wp-content\/uploads\/2021\/06\/7sIpzxwC_pizza.jpg","width":1000,"height":625},{"@type":"BreadcrumbList","@id":"https:\/\/radioljubuski.ba\/index.php\/2021\/06\/24\/ove-namirnice-ne-biste-trebali-jesti-tijekom-ljeta\/#breadcrumb","itemListElement":[{"@type":"ListItem","position":1,"name":"Po\u010detna stranica","item":"https:\/\/radioljubuski.ba\/"},{"@type":"ListItem","position":2,"name":"Ove namirnice ne biste trebali jesti tijekom ljeta"}]},{"@type":"WebSite","@id":"https:\/\/radioljubuski.ba\/#website","url":"https:\/\/radioljubuski.ba\/","name":"Radio Ljubu\u0161ki","description":"Sun\u010dana frekvencija Hercegovine","publisher":{"@id":"https:\/\/radioljubuski.ba\/#organization"},"potentialAction":[{"@type":"SearchAction","target":{"@type":"EntryPoint","urlTemplate":"https:\/\/radioljubuski.ba\/?s={search_term_string}"},"query-input":{"@type":"PropertyValueSpecification","valueRequired":true,"valueName":"search_term_string"}}],"inLanguage":"hr"},{"@type":"Organization","@id":"https:\/\/radioljubuski.ba\/#organization","name":"Radio Ljubu\u0161ki","url":"https:\/\/radioljubuski.ba\/","logo":{"@type":"ImageObject","inLanguage":"hr","@id":"https:\/\/radioljubuski.ba\/#\/schema\/logo\/image\/","url":"https:\/\/radioljubuski.ba\/wp-content\/uploads\/2021\/02\/cropped-Radio_Ljubuski_logo1.jpg","contentUrl":"https:\/\/radioljubuski.ba\/wp-content\/uploads\/2021\/02\/cropped-Radio_Ljubuski_logo1.jpg","width":512,"height":512,"caption":"Radio Ljubu\u0161ki"},"image":{"@id":"https:\/\/radioljubuski.ba\/#\/schema\/logo\/image\/"},"sameAs":["https:\/\/www.facebook.com\/Radiio-Ljubuski-1490835324566332","https:\/\/x.com\/radioljubuski","https:\/\/hr.linkedin.com\/company\/radio-ljubuski","https:\/\/www.youtube.com\/channel\/UCHYaeO_n0Db3tjNGudGpXyw"]},{"@type":"Person","@id":"https:\/\/radioljubuski.ba\/#\/schema\/person\/19fc700381a780f69665d7956c469e3b","name":"Radio Ljubu\u0161ki"}]}},"_links":{"self":[{"href":"https:\/\/radioljubuski.ba\/index.php\/wp-json\/wp\/v2\/posts\/35448","targetHints":{"allow":["GET"]}}],"collection":[{"href":"https:\/\/radioljubuski.ba\/index.php\/wp-json\/wp\/v2\/posts"}],"about":[{"href":"https:\/\/radioljubuski.ba\/index.php\/wp-json\/wp\/v2\/types\/post"}],"author":[{"embeddable":true,"href":"https:\/\/radioljubuski.ba\/index.php\/wp-json\/wp\/v2\/users\/2"}],"replies":[{"embeddable":true,"href":"https:\/\/radioljubuski.ba\/index.php\/wp-json\/wp\/v2\/comments?post=35448"}],"version-history":[{"count":1,"href":"https:\/\/radioljubuski.ba\/index.php\/wp-json\/wp\/v2\/posts\/35448\/revisions"}],"predecessor-version":[{"id":35450,"href":"https:\/\/radioljubuski.ba\/index.php\/wp-json\/wp\/v2\/posts\/35448\/revisions\/35450"}],"wp:featuredmedia":[{"embeddable":true,"href":"https:\/\/radioljubuski.ba\/index.php\/wp-json\/wp\/v2\/media\/35449"}],"wp:attachment":[{"href":"https:\/\/radioljubuski.ba\/index.php\/wp-json\/wp\/v2\/media?parent=35448"}],"wp:term":[{"taxonomy":"category","embeddable":true,"href":"https:\/\/radioljubuski.ba\/index.php\/wp-json\/wp\/v2\/categories?post=35448"},{"taxonomy":"post_tag","embeddable":true,"href":"https:\/\/radioljubuski.ba\/index.php\/wp-json\/wp\/v2\/tags?post=35448"}],"curies":[{"name":"wp","href":"https:\/\/api.w.org\/{rel}","templated":true}]}}