{"id":35463,"date":"2021-06-24T16:13:44","date_gmt":"2021-06-24T15:13:44","guid":{"rendered":"https:\/\/radioljubuski.ba\/?p=35463"},"modified":"2021-06-24T16:13:45","modified_gmt":"2021-06-24T15:13:45","slug":"na-proslavu-sv-ivana-krstitelja-u-podmilacju-stiglo-tisuce-vjernika","status":"publish","type":"post","link":"https:\/\/radioljubuski.ba\/index.php\/2021\/06\/24\/na-proslavu-sv-ivana-krstitelja-u-podmilacju-stiglo-tisuce-vjernika\/","title":{"rendered":"Na proslavu sv. Ivana Krstitelja u Podmila\u010dju stiglo tisu\u0107e vjernika"},"content":{"rendered":"\n<p>U jednom od najstarijih i najve\u0107ih hodo\u010dasni\u010dkih i zavjetni\u010dkih mjesta u BiH \u2013 Podmila\u010dju, u \u010detvrtak, 24. lipnja 2021. sve\u010dano je proslavljen patron \u017eupe i sveti\u0161ta Sv. Ivana Krstitelja.<\/p>\n\n\n\n<p>Ve\u0107 u ranim jutarnjim satima hodo\u010dasnici su imali priliku za ispovijed, a mise su slavljene u 7 sati i u 8 i 30.<\/p>\n\n\n\n<p>Sredi\u0161nje misno slavlje s molitvama za bolesnike po\u010delo je u prijepodnevnim satima i predslavio ga je prof. dr. Ton\u010di Matuli\u0107, pro\u010delnik Katedre moralne teologije Katoli\u010dkog bogoslovnog fakulteta Sveu\u010dili\u0161ta u Zagrebu. U koncelebraciji je, uz provincijala Franjeva\u010dke provincije Sv. Kri\u017ea Bosne Srebrene fra Jozu Marin\u010di\u0107a, podmila\u010dkog \u017eupnika i \u010duvara sveti\u0161ta fra Filipa Karad\u017eu i gvardijana jaja\u010dkog samostana fra Vinka Markovi\u0107a, bilo jo\u0161 15-ak sve\u0107enika dok su u asistenciji kod oltara bili su franjeva\u010dki \u0111akoni i bogoslovi, prenosi nedjelja.ba.<\/p>\n\n\n\n<p>Okupljenima se najprije obratio \u017eupnik Karad\u017ea, pozdraviv\u0161i sve okupljene (me\u0111u kojima su bili i predstavnici civilnih vlasti), poglavito hodo\u010dasnike, bolesnike, patnike, siroma\u0161ne i sve one na rubu dru\u0161tva, kojima je izrazio posebnu blizinu te za njih posebice zamolio zagovor Sv. Ive. \u201eI ove godine nas je pozva glas vapiju\u0107eg u pustinji Sv. Ivana Krstitelja u ovu njegovu i na\u0161u podmila\u010dku dolinu u koju se uklesala ili kako ka\u017ee sveta legenda preselila s onu stranu drevna zavjetna Ivanova crkva nedaleko grada Jajaca gdje stolovahu na\u0161i kraljevi i kruni\u0161e se Papinom krunom u crkvi Sv. Marije. Ova dolina dupkom puna naroda, dolina koja svojom ljepotom prirode obdarena vodom i zelenilom postaje \u0161ansa za sve nas \u2013 sveti kairos opran krsnom vodom ukoliko poslu\u0161amo Ivanov poziv na promjenu da pobijedimo sve na\u0161e \u017eivotne pustinje i ku\u0161nje poja\u010dane i drugom godinom zaredom opasnosti koronavirusa i progla\u0161ene pandemije\u201c, rekao je \u010duvar sveti\u0161ta podsje\u0107aju\u0107i na \u017eivot i djelovanje Sv. Ivana Krstitelja i to kako su hodo\u010dasnici do\u0161li svojom vjerom, zajedni\u0161tvom i ljubavlju pobijediti sve Herode i Herodijade dana\u0161njice kojima smeta Rije\u010d pisana velikim slovom.<\/p>\n\n\n\n<p>Prije svetopisamskih \u010ditanja pristupilo se blagoslovu vode i \u0161kropljenju okupljenog naroda.<\/p>\n\n\n\n<p>Na po\u010detku misnog slavlja predslavitelj Matuli\u0107 podsjetio je na lik Sv. Ive koji jednako pripada i Novom i Starom zavjetu. \u201eNama je poznata sudbina tog di\u010dnog proroka Ivana Krstitelja. On je poput svih proroka svojom krvlju, svojom \u017eivotom zape\u010datio vjernost Bogu. Zape\u010datio je vjernost onome pred kojim se umanjio da bi On narastao \u2013 Bogo\u010dovjek Isus Krist utjelovljena vje\u010dna rije\u010d O\u010deva me\u0111u nama. Osvrni se oko sebe i vidi da ovo tlo na kojemu danas stojimo, i ju\u010der, i s Bo\u017ejom pomo\u0107u sutra, sveto je tlo. Ova stvarnost koja nas okru\u017euje i ovaj doga\u0111aj u koji smo uklopljeni pozdravom Boga Trojstvene Ljubavi Oca i Sina i Duha Svetoga, rje\u010dito nam govori \u2013 ovdje povijest vjere nije \u0161utjela, ovdje povijest vjere i danas rje\u010dito govori, a ka\u017ee jednu jednostavnu stvar: &#8216;Mi smo u Bogu po Gospodinu Isusu Kristu i Bog je po istome Kristu u nama\u201c, kazao je.<\/p>\n\n\n\n<p>Nakon navije\u0161tenoga evan\u0111eoskog odlomka, propovjednik je u prigodnoj homiliji najprije podsjetio kako je sveti papa Ivan Pavao II. rekao kako je Drugi Vatikanski koncil sigurni kompas Crkvi u 21. stolje\u0107u te da ona postoji iz Krista, da ja ona uvijek Njegova \u2013 On je njezina glava, njezino srce, njezin osje\u0107aj, njezin \u017eivot. \u201eI utemeljiv\u0161i Crkvu ovdje na zemlji kao svoju zaru\u010dnicu, kao svoju ljubljenu zaru\u010dnicu, od kojega ona prima sve, od kojega prima sam \u017eivot, prima duha, prima rije\u010d, prima poruku, prima put, prima istinu, sva je Crkva od Krista i ona jest u svojoj pojavnosti i svojoj vidljivosti, kako nas u\u010di Sv. Pavao, upravo Njegovo otajstveno tijelo, a mi smo udovi. I koji ud kojemu udu mo\u017ee re\u0107i &#8216;ne trebam te&#8217;, a i oni najne\u010dasniji me\u0111u nama zahtijevaju najvi\u0161e po\u0161tovanja u opho\u0111enju, to smo svi mi gre\u0161nici. I nastavlja dalje Koncil da je Crkva na neki na\u010din, upravo jer je od Krista, jer je Kristova, znak ili sakrament univerzalnoga spasenja. Ona uprisutnjuje to vje\u010dno Bo\u017eje spasenje koje mi ni\u010dim nismo zaslu\u017eili. I sa svim na\u0161im zbijenim glavama i svim na\u0161im raskajanim srcima i svim na\u0161im pokorama i zavjetima ni pribli\u017eiti se ne mo\u017eemo toj milosti koja je besplatna\u201c, pojasnio je Matuli\u0107.<\/p>\n\n\n\n<p>U nastavku je govorio kako su svi ljudi bra\u0107a i sestre. \u201eSvi smo bra\u0107a i sestre i oni ovdje me\u0111u nama koja u dubini svoga bi\u0107a osje\u0107aju pripadnost tome u svojim navikama, u svojim tradicijama, u svojim povijestima, u svojim identitetima. Kao da se ne mogu s nama po svemu poistovjetiti, ali tu su sa nama i me\u0111u nama muslimani, pravoslavci i drugi jer u dubini svoga bi\u0107a osje\u0107aju ovu istinu koju Crkva samom svojom pojavom uprisutnjuje \u2013 Fratelli e sorelle tutti \u2013 svi smo bra\u0107a i sestre. A vama \u0161to u dubini toga bi\u0107a osje\u0107ate jo\u0161 ovdje s ovog mjesta da navije\u0161tamo Radosnu vijest da smo u jedinoro\u0111enome Sinu Bo\u017ejemu, u Njegovoj jedinstvenosti i jedincatosti, u Njegovoj izvornosti Sina Bo\u017ejega svi mi po krsnoj milosti postali k\u0107eri i sinovi Bo\u017eji, postali smo posinjena Bo\u017eja djeca u jednom Sinu Bo\u017ejemu Isusu Kristu. Za\u0161to bismo se onda ustezali sebe nazvati Bo\u017ejom obitelji?\u201c, naglasio je prof. dr. Ton\u010di Matuli\u0107.<\/p>\n\n\n\n<p>U nadahnutoj propovijedi, me\u0111u ostalim, pojasnio je kako je istina Isus Krist.<\/p>\n\n\n\n<p>Kazao je kako Sv. Ivan Krstitelj nije postao sve\u0107enik kao otac nego prorok. Spominju\u0107e neke dijelove njegova \u017eivota podsjetio je kako mu je njegova majka Elizabeta dala ime, a to nije bio obi\u010daj toga vremena &#8211; ona je rekla da \u0107e se zvati Ivan kako joj je Bog po an\u0111elu poru\u010dio. Nadovezuju\u0107i se na to, propovjednik je istaknuo va\u017enost \u017eene za Crkvu.<\/p>\n\n\n\n<p>\u201eSvi su se divili, svi su se veselili u zajedni\u0161tvu s njima. Mnoge stvari su im promakle, nisu ih uo\u010dili kao \u0161to ih mi uo\u010davamo kao \u017eivu, \u017eivcatu poruku Radosne vijesti evan\u0111elja. I na koncu, \u0161to li \u0107e biti od toga djeteta? I posljednja misao, sestre i bra\u0107o, ono \u0161to \u0107e biti od Ivana Krstitelja, preta\u010de na\u0161ega Gospodina Isusa Krista, pokazat \u0107e se u onome \u0161to (&#8230;) u odlomku iz drugoga \u010ditanja \u0161to ga \u010dusmo: &#8216;Onaj koji dolazi nakon mene je zapravo prije mene. Ja Njemu nisam dostojan odrije\u0161iti remenje na obu\u0107i. Ja se trebam smanjivati, a On treba rasti&#8217;. Pa evo, sestre i bra\u0107o, kada imamo ovoliku milost da ovdje tvorimo Bo\u017eju obitelj, da smo ovdje Kristova Crkva, da smo ovdje u ovoj svetoj tajni privedeni samom izvoru i vrhuncu na\u0161eg svekolikog \u017eivota, da smo ovdje dionici samog bo\u017eanskog \u017eivota, da se ovdje hranimo za dva stola \u2013 stolom Bo\u017eje rije\u010di i stolom euharistije Kristova otajstvenoga tijela. I kad smo ve\u0107 tu, onda kao proro\u010dki narod da postanemo sav prorok, da budemo prodorni znak istine, \u017eivota svjetla u svijetu jer mi smo od Krista i mi smo za Krista\u201c, zaklju\u010dio je i istaknuo kako se Sv. Ivan Krstitelj umanjio kako bi Krist izrastao.<\/p>\n\n\n\n<p>Podsje\u0107amo kako Sveti\u0161te Sv. Ivana Krstitelja u Podmila\u010dju, danas slovi kao najve\u0107e nemarijansko sveti\u0161te katolika u BiH. Mnogi vjernici mole za zagovor mo\u0107nom za\u0161titniku Sv. Ivanu, i pri tome dolaze u Podmila\u010dije i pje\u0161ice i bosonogi. Mnogi proputuju desetine kilometara kako bi do\u0161li u sveti\u0161te, a druga\u010dije nije bilo i ove godine kada se na sve\u010danom misnom slavlju okupio velik broj vjernika.&nbsp;<\/p>\n\n\n\n<p>Izvor:kta<\/p>\n","protected":false},"excerpt":{"rendered":"<p>U jednom od najstarijih i najve\u0107ih hodo\u010dasni\u010dkih i zavjetni\u010dkih mjesta u BiH \u2013 Podmila\u010dju, u \u010detvrtak, 24. lipnja 2021. sve\u010dano je proslavljen patron \u017eupe i sveti\u0161ta Sv. Ivana Krstitelja. Ve\u0107 u ranim jutarnjim satima hodo\u010dasnici su imali priliku za ispovijed, a mise su slavljene u 7 sati i u 8 i 30. Sredi\u0161nje misno slavlje [&hellip;]<\/p>\n","protected":false},"author":2,"featured_media":35464,"comment_status":"closed","ping_status":"closed","sticky":false,"template":"","format":"standard","meta":{"h5ap_radio_sources":[],"footnotes":""},"categories":[1],"tags":[],"class_list":["post-35463","post","type-post","status-publish","format-standard","has-post-thumbnail","hentry","category-bihiregija"],"yoast_head":"<!-- This site is optimized with the Yoast SEO plugin v27.5 - https:\/\/yoast.com\/product\/yoast-seo-wordpress\/ -->\n<title>Na proslavu sv. Ivana Krstitelja u Podmila\u010dju stiglo tisu\u0107e vjernika - RADIO LJUBU\u0160KI<\/title>\n<meta name=\"robots\" content=\"index, follow, max-snippet:-1, max-image-preview:large, max-video-preview:-1\" \/>\n<link rel=\"canonical\" href=\"https:\/\/radioljubuski.ba\/index.php\/2021\/06\/24\/na-proslavu-sv-ivana-krstitelja-u-podmilacju-stiglo-tisuce-vjernika\/\" \/>\n<meta property=\"og:locale\" content=\"hr_HR\" \/>\n<meta property=\"og:type\" content=\"article\" \/>\n<meta property=\"og:title\" content=\"Na proslavu sv. Ivana Krstitelja u Podmila\u010dju stiglo tisu\u0107e vjernika - RADIO LJUBU\u0160KI\" \/>\n<meta property=\"og:description\" content=\"U jednom od najstarijih i najve\u0107ih hodo\u010dasni\u010dkih i zavjetni\u010dkih mjesta u BiH \u2013 Podmila\u010dju, u \u010detvrtak, 24. lipnja 2021. sve\u010dano je proslavljen patron \u017eupe i sveti\u0161ta Sv. Ivana Krstitelja. Ve\u0107 u ranim jutarnjim satima hodo\u010dasnici su imali priliku za ispovijed, a mise su slavljene u 7 sati i u 8 i 30. Sredi\u0161nje misno slavlje [&hellip;]\" \/>\n<meta property=\"og:url\" content=\"https:\/\/radioljubuski.ba\/index.php\/2021\/06\/24\/na-proslavu-sv-ivana-krstitelja-u-podmilacju-stiglo-tisuce-vjernika\/\" \/>\n<meta property=\"og:site_name\" content=\"RADIO LJUBU\u0160KI\" \/>\n<meta property=\"article:publisher\" content=\"https:\/\/www.facebook.com\/Radiio-Ljubuski-1490835324566332\" \/>\n<meta property=\"article:published_time\" content=\"2021-06-24T15:13:44+00:00\" \/>\n<meta property=\"article:modified_time\" content=\"2021-06-24T15:13:45+00:00\" \/>\n<meta property=\"og:image\" content=\"https:\/\/radioljubuski.ba\/wp-content\/uploads\/2021\/06\/sveti-ivo-2.jpg\" \/>\n\t<meta property=\"og:image:width\" content=\"500\" \/>\n\t<meta property=\"og:image:height\" content=\"332\" \/>\n\t<meta property=\"og:image:type\" content=\"image\/jpeg\" \/>\n<meta name=\"author\" content=\"Radio Ljubu\u0161ki\" \/>\n<meta name=\"twitter:card\" content=\"summary_large_image\" \/>\n<meta name=\"twitter:creator\" content=\"@radioljubuski\" \/>\n<meta name=\"twitter:site\" content=\"@radioljubuski\" \/>\n<meta name=\"twitter:label1\" content=\"Napisao\/la\" \/>\n\t<meta name=\"twitter:data1\" content=\"Radio Ljubu\u0161ki\" \/>\n\t<meta name=\"twitter:label2\" content=\"Procijenjeno vrijeme \u010ditanja\" \/>\n\t<meta name=\"twitter:data2\" content=\"6 minuta\" \/>\n<script type=\"application\/ld+json\" class=\"yoast-schema-graph\">{\"@context\":\"https:\\\/\\\/schema.org\",\"@graph\":[{\"@type\":\"Article\",\"@id\":\"https:\\\/\\\/radioljubuski.ba\\\/index.php\\\/2021\\\/06\\\/24\\\/na-proslavu-sv-ivana-krstitelja-u-podmilacju-stiglo-tisuce-vjernika\\\/#article\",\"isPartOf\":{\"@id\":\"https:\\\/\\\/radioljubuski.ba\\\/index.php\\\/2021\\\/06\\\/24\\\/na-proslavu-sv-ivana-krstitelja-u-podmilacju-stiglo-tisuce-vjernika\\\/\"},\"author\":{\"name\":\"Radio Ljubu\u0161ki\",\"@id\":\"https:\\\/\\\/radioljubuski.ba\\\/#\\\/schema\\\/person\\\/19fc700381a780f69665d7956c469e3b\"},\"headline\":\"Na proslavu sv. Ivana Krstitelja u Podmila\u010dju stiglo tisu\u0107e vjernika\",\"datePublished\":\"2021-06-24T15:13:44+00:00\",\"dateModified\":\"2021-06-24T15:13:45+00:00\",\"mainEntityOfPage\":{\"@id\":\"https:\\\/\\\/radioljubuski.ba\\\/index.php\\\/2021\\\/06\\\/24\\\/na-proslavu-sv-ivana-krstitelja-u-podmilacju-stiglo-tisuce-vjernika\\\/\"},\"wordCount\":1317,\"publisher\":{\"@id\":\"https:\\\/\\\/radioljubuski.ba\\\/#organization\"},\"image\":{\"@id\":\"https:\\\/\\\/radioljubuski.ba\\\/index.php\\\/2021\\\/06\\\/24\\\/na-proslavu-sv-ivana-krstitelja-u-podmilacju-stiglo-tisuce-vjernika\\\/#primaryimage\"},\"thumbnailUrl\":\"https:\\\/\\\/radioljubuski.ba\\\/wp-content\\\/uploads\\\/2021\\\/06\\\/sveti-ivo-2.jpg\",\"articleSection\":[\"BIH i regija\"],\"inLanguage\":\"hr\"},{\"@type\":\"WebPage\",\"@id\":\"https:\\\/\\\/radioljubuski.ba\\\/index.php\\\/2021\\\/06\\\/24\\\/na-proslavu-sv-ivana-krstitelja-u-podmilacju-stiglo-tisuce-vjernika\\\/\",\"url\":\"https:\\\/\\\/radioljubuski.ba\\\/index.php\\\/2021\\\/06\\\/24\\\/na-proslavu-sv-ivana-krstitelja-u-podmilacju-stiglo-tisuce-vjernika\\\/\",\"name\":\"Na proslavu sv. Ivana Krstitelja u Podmila\u010dju stiglo tisu\u0107e vjernika - RADIO LJUBU\u0160KI\",\"isPartOf\":{\"@id\":\"https:\\\/\\\/radioljubuski.ba\\\/#website\"},\"primaryImageOfPage\":{\"@id\":\"https:\\\/\\\/radioljubuski.ba\\\/index.php\\\/2021\\\/06\\\/24\\\/na-proslavu-sv-ivana-krstitelja-u-podmilacju-stiglo-tisuce-vjernika\\\/#primaryimage\"},\"image\":{\"@id\":\"https:\\\/\\\/radioljubuski.ba\\\/index.php\\\/2021\\\/06\\\/24\\\/na-proslavu-sv-ivana-krstitelja-u-podmilacju-stiglo-tisuce-vjernika\\\/#primaryimage\"},\"thumbnailUrl\":\"https:\\\/\\\/radioljubuski.ba\\\/wp-content\\\/uploads\\\/2021\\\/06\\\/sveti-ivo-2.jpg\",\"datePublished\":\"2021-06-24T15:13:44+00:00\",\"dateModified\":\"2021-06-24T15:13:45+00:00\",\"breadcrumb\":{\"@id\":\"https:\\\/\\\/radioljubuski.ba\\\/index.php\\\/2021\\\/06\\\/24\\\/na-proslavu-sv-ivana-krstitelja-u-podmilacju-stiglo-tisuce-vjernika\\\/#breadcrumb\"},\"inLanguage\":\"hr\",\"potentialAction\":[{\"@type\":\"ReadAction\",\"target\":[\"https:\\\/\\\/radioljubuski.ba\\\/index.php\\\/2021\\\/06\\\/24\\\/na-proslavu-sv-ivana-krstitelja-u-podmilacju-stiglo-tisuce-vjernika\\\/\"]}]},{\"@type\":\"ImageObject\",\"inLanguage\":\"hr\",\"@id\":\"https:\\\/\\\/radioljubuski.ba\\\/index.php\\\/2021\\\/06\\\/24\\\/na-proslavu-sv-ivana-krstitelja-u-podmilacju-stiglo-tisuce-vjernika\\\/#primaryimage\",\"url\":\"https:\\\/\\\/radioljubuski.ba\\\/wp-content\\\/uploads\\\/2021\\\/06\\\/sveti-ivo-2.jpg\",\"contentUrl\":\"https:\\\/\\\/radioljubuski.ba\\\/wp-content\\\/uploads\\\/2021\\\/06\\\/sveti-ivo-2.jpg\",\"width\":500,\"height\":332},{\"@type\":\"BreadcrumbList\",\"@id\":\"https:\\\/\\\/radioljubuski.ba\\\/index.php\\\/2021\\\/06\\\/24\\\/na-proslavu-sv-ivana-krstitelja-u-podmilacju-stiglo-tisuce-vjernika\\\/#breadcrumb\",\"itemListElement\":[{\"@type\":\"ListItem\",\"position\":1,\"name\":\"Po\u010detna stranica\",\"item\":\"https:\\\/\\\/radioljubuski.ba\\\/\"},{\"@type\":\"ListItem\",\"position\":2,\"name\":\"Na proslavu sv. Ivana Krstitelja u Podmila\u010dju stiglo tisu\u0107e vjernika\"}]},{\"@type\":\"WebSite\",\"@id\":\"https:\\\/\\\/radioljubuski.ba\\\/#website\",\"url\":\"https:\\\/\\\/radioljubuski.ba\\\/\",\"name\":\"Radio Ljubu\u0161ki\",\"description\":\"Sun\u010dana frekvencija Hercegovine\",\"publisher\":{\"@id\":\"https:\\\/\\\/radioljubuski.ba\\\/#organization\"},\"potentialAction\":[{\"@type\":\"SearchAction\",\"target\":{\"@type\":\"EntryPoint\",\"urlTemplate\":\"https:\\\/\\\/radioljubuski.ba\\\/?s={search_term_string}\"},\"query-input\":{\"@type\":\"PropertyValueSpecification\",\"valueRequired\":true,\"valueName\":\"search_term_string\"}}],\"inLanguage\":\"hr\"},{\"@type\":\"Organization\",\"@id\":\"https:\\\/\\\/radioljubuski.ba\\\/#organization\",\"name\":\"Radio Ljubu\u0161ki\",\"url\":\"https:\\\/\\\/radioljubuski.ba\\\/\",\"logo\":{\"@type\":\"ImageObject\",\"inLanguage\":\"hr\",\"@id\":\"https:\\\/\\\/radioljubuski.ba\\\/#\\\/schema\\\/logo\\\/image\\\/\",\"url\":\"https:\\\/\\\/radioljubuski.ba\\\/wp-content\\\/uploads\\\/2021\\\/02\\\/cropped-Radio_Ljubuski_logo1.jpg\",\"contentUrl\":\"https:\\\/\\\/radioljubuski.ba\\\/wp-content\\\/uploads\\\/2021\\\/02\\\/cropped-Radio_Ljubuski_logo1.jpg\",\"width\":512,\"height\":512,\"caption\":\"Radio Ljubu\u0161ki\"},\"image\":{\"@id\":\"https:\\\/\\\/radioljubuski.ba\\\/#\\\/schema\\\/logo\\\/image\\\/\"},\"sameAs\":[\"https:\\\/\\\/www.facebook.com\\\/Radiio-Ljubuski-1490835324566332\",\"https:\\\/\\\/x.com\\\/radioljubuski\",\"https:\\\/\\\/hr.linkedin.com\\\/company\\\/radio-ljubuski\",\"https:\\\/\\\/www.youtube.com\\\/channel\\\/UCHYaeO_n0Db3tjNGudGpXyw\"]},{\"@type\":\"Person\",\"@id\":\"https:\\\/\\\/radioljubuski.ba\\\/#\\\/schema\\\/person\\\/19fc700381a780f69665d7956c469e3b\",\"name\":\"Radio Ljubu\u0161ki\"}]}<\/script>\n<!-- \/ Yoast SEO plugin. -->","yoast_head_json":{"title":"Na proslavu sv. Ivana Krstitelja u Podmila\u010dju stiglo tisu\u0107e vjernika - RADIO LJUBU\u0160KI","robots":{"index":"index","follow":"follow","max-snippet":"max-snippet:-1","max-image-preview":"max-image-preview:large","max-video-preview":"max-video-preview:-1"},"canonical":"https:\/\/radioljubuski.ba\/index.php\/2021\/06\/24\/na-proslavu-sv-ivana-krstitelja-u-podmilacju-stiglo-tisuce-vjernika\/","og_locale":"hr_HR","og_type":"article","og_title":"Na proslavu sv. Ivana Krstitelja u Podmila\u010dju stiglo tisu\u0107e vjernika - RADIO LJUBU\u0160KI","og_description":"U jednom od najstarijih i najve\u0107ih hodo\u010dasni\u010dkih i zavjetni\u010dkih mjesta u BiH \u2013 Podmila\u010dju, u \u010detvrtak, 24. lipnja 2021. sve\u010dano je proslavljen patron \u017eupe i sveti\u0161ta Sv. Ivana Krstitelja. Ve\u0107 u ranim jutarnjim satima hodo\u010dasnici su imali priliku za ispovijed, a mise su slavljene u 7 sati i u 8 i 30. Sredi\u0161nje misno slavlje [&hellip;]","og_url":"https:\/\/radioljubuski.ba\/index.php\/2021\/06\/24\/na-proslavu-sv-ivana-krstitelja-u-podmilacju-stiglo-tisuce-vjernika\/","og_site_name":"RADIO LJUBU\u0160KI","article_publisher":"https:\/\/www.facebook.com\/Radiio-Ljubuski-1490835324566332","article_published_time":"2021-06-24T15:13:44+00:00","article_modified_time":"2021-06-24T15:13:45+00:00","og_image":[{"width":500,"height":332,"url":"https:\/\/radioljubuski.ba\/wp-content\/uploads\/2021\/06\/sveti-ivo-2.jpg","type":"image\/jpeg"}],"author":"Radio Ljubu\u0161ki","twitter_card":"summary_large_image","twitter_creator":"@radioljubuski","twitter_site":"@radioljubuski","twitter_misc":{"Napisao\/la":"Radio Ljubu\u0161ki","Procijenjeno vrijeme \u010ditanja":"6 minuta"},"schema":{"@context":"https:\/\/schema.org","@graph":[{"@type":"Article","@id":"https:\/\/radioljubuski.ba\/index.php\/2021\/06\/24\/na-proslavu-sv-ivana-krstitelja-u-podmilacju-stiglo-tisuce-vjernika\/#article","isPartOf":{"@id":"https:\/\/radioljubuski.ba\/index.php\/2021\/06\/24\/na-proslavu-sv-ivana-krstitelja-u-podmilacju-stiglo-tisuce-vjernika\/"},"author":{"name":"Radio Ljubu\u0161ki","@id":"https:\/\/radioljubuski.ba\/#\/schema\/person\/19fc700381a780f69665d7956c469e3b"},"headline":"Na proslavu sv. Ivana Krstitelja u Podmila\u010dju stiglo tisu\u0107e vjernika","datePublished":"2021-06-24T15:13:44+00:00","dateModified":"2021-06-24T15:13:45+00:00","mainEntityOfPage":{"@id":"https:\/\/radioljubuski.ba\/index.php\/2021\/06\/24\/na-proslavu-sv-ivana-krstitelja-u-podmilacju-stiglo-tisuce-vjernika\/"},"wordCount":1317,"publisher":{"@id":"https:\/\/radioljubuski.ba\/#organization"},"image":{"@id":"https:\/\/radioljubuski.ba\/index.php\/2021\/06\/24\/na-proslavu-sv-ivana-krstitelja-u-podmilacju-stiglo-tisuce-vjernika\/#primaryimage"},"thumbnailUrl":"https:\/\/radioljubuski.ba\/wp-content\/uploads\/2021\/06\/sveti-ivo-2.jpg","articleSection":["BIH i regija"],"inLanguage":"hr"},{"@type":"WebPage","@id":"https:\/\/radioljubuski.ba\/index.php\/2021\/06\/24\/na-proslavu-sv-ivana-krstitelja-u-podmilacju-stiglo-tisuce-vjernika\/","url":"https:\/\/radioljubuski.ba\/index.php\/2021\/06\/24\/na-proslavu-sv-ivana-krstitelja-u-podmilacju-stiglo-tisuce-vjernika\/","name":"Na proslavu sv. Ivana Krstitelja u Podmila\u010dju stiglo tisu\u0107e vjernika - RADIO LJUBU\u0160KI","isPartOf":{"@id":"https:\/\/radioljubuski.ba\/#website"},"primaryImageOfPage":{"@id":"https:\/\/radioljubuski.ba\/index.php\/2021\/06\/24\/na-proslavu-sv-ivana-krstitelja-u-podmilacju-stiglo-tisuce-vjernika\/#primaryimage"},"image":{"@id":"https:\/\/radioljubuski.ba\/index.php\/2021\/06\/24\/na-proslavu-sv-ivana-krstitelja-u-podmilacju-stiglo-tisuce-vjernika\/#primaryimage"},"thumbnailUrl":"https:\/\/radioljubuski.ba\/wp-content\/uploads\/2021\/06\/sveti-ivo-2.jpg","datePublished":"2021-06-24T15:13:44+00:00","dateModified":"2021-06-24T15:13:45+00:00","breadcrumb":{"@id":"https:\/\/radioljubuski.ba\/index.php\/2021\/06\/24\/na-proslavu-sv-ivana-krstitelja-u-podmilacju-stiglo-tisuce-vjernika\/#breadcrumb"},"inLanguage":"hr","potentialAction":[{"@type":"ReadAction","target":["https:\/\/radioljubuski.ba\/index.php\/2021\/06\/24\/na-proslavu-sv-ivana-krstitelja-u-podmilacju-stiglo-tisuce-vjernika\/"]}]},{"@type":"ImageObject","inLanguage":"hr","@id":"https:\/\/radioljubuski.ba\/index.php\/2021\/06\/24\/na-proslavu-sv-ivana-krstitelja-u-podmilacju-stiglo-tisuce-vjernika\/#primaryimage","url":"https:\/\/radioljubuski.ba\/wp-content\/uploads\/2021\/06\/sveti-ivo-2.jpg","contentUrl":"https:\/\/radioljubuski.ba\/wp-content\/uploads\/2021\/06\/sveti-ivo-2.jpg","width":500,"height":332},{"@type":"BreadcrumbList","@id":"https:\/\/radioljubuski.ba\/index.php\/2021\/06\/24\/na-proslavu-sv-ivana-krstitelja-u-podmilacju-stiglo-tisuce-vjernika\/#breadcrumb","itemListElement":[{"@type":"ListItem","position":1,"name":"Po\u010detna stranica","item":"https:\/\/radioljubuski.ba\/"},{"@type":"ListItem","position":2,"name":"Na proslavu sv. Ivana Krstitelja u Podmila\u010dju stiglo tisu\u0107e vjernika"}]},{"@type":"WebSite","@id":"https:\/\/radioljubuski.ba\/#website","url":"https:\/\/radioljubuski.ba\/","name":"Radio Ljubu\u0161ki","description":"Sun\u010dana frekvencija Hercegovine","publisher":{"@id":"https:\/\/radioljubuski.ba\/#organization"},"potentialAction":[{"@type":"SearchAction","target":{"@type":"EntryPoint","urlTemplate":"https:\/\/radioljubuski.ba\/?s={search_term_string}"},"query-input":{"@type":"PropertyValueSpecification","valueRequired":true,"valueName":"search_term_string"}}],"inLanguage":"hr"},{"@type":"Organization","@id":"https:\/\/radioljubuski.ba\/#organization","name":"Radio Ljubu\u0161ki","url":"https:\/\/radioljubuski.ba\/","logo":{"@type":"ImageObject","inLanguage":"hr","@id":"https:\/\/radioljubuski.ba\/#\/schema\/logo\/image\/","url":"https:\/\/radioljubuski.ba\/wp-content\/uploads\/2021\/02\/cropped-Radio_Ljubuski_logo1.jpg","contentUrl":"https:\/\/radioljubuski.ba\/wp-content\/uploads\/2021\/02\/cropped-Radio_Ljubuski_logo1.jpg","width":512,"height":512,"caption":"Radio Ljubu\u0161ki"},"image":{"@id":"https:\/\/radioljubuski.ba\/#\/schema\/logo\/image\/"},"sameAs":["https:\/\/www.facebook.com\/Radiio-Ljubuski-1490835324566332","https:\/\/x.com\/radioljubuski","https:\/\/hr.linkedin.com\/company\/radio-ljubuski","https:\/\/www.youtube.com\/channel\/UCHYaeO_n0Db3tjNGudGpXyw"]},{"@type":"Person","@id":"https:\/\/radioljubuski.ba\/#\/schema\/person\/19fc700381a780f69665d7956c469e3b","name":"Radio Ljubu\u0161ki"}]}},"_links":{"self":[{"href":"https:\/\/radioljubuski.ba\/index.php\/wp-json\/wp\/v2\/posts\/35463","targetHints":{"allow":["GET"]}}],"collection":[{"href":"https:\/\/radioljubuski.ba\/index.php\/wp-json\/wp\/v2\/posts"}],"about":[{"href":"https:\/\/radioljubuski.ba\/index.php\/wp-json\/wp\/v2\/types\/post"}],"author":[{"embeddable":true,"href":"https:\/\/radioljubuski.ba\/index.php\/wp-json\/wp\/v2\/users\/2"}],"replies":[{"embeddable":true,"href":"https:\/\/radioljubuski.ba\/index.php\/wp-json\/wp\/v2\/comments?post=35463"}],"version-history":[{"count":1,"href":"https:\/\/radioljubuski.ba\/index.php\/wp-json\/wp\/v2\/posts\/35463\/revisions"}],"predecessor-version":[{"id":35465,"href":"https:\/\/radioljubuski.ba\/index.php\/wp-json\/wp\/v2\/posts\/35463\/revisions\/35465"}],"wp:featuredmedia":[{"embeddable":true,"href":"https:\/\/radioljubuski.ba\/index.php\/wp-json\/wp\/v2\/media\/35464"}],"wp:attachment":[{"href":"https:\/\/radioljubuski.ba\/index.php\/wp-json\/wp\/v2\/media?parent=35463"}],"wp:term":[{"taxonomy":"category","embeddable":true,"href":"https:\/\/radioljubuski.ba\/index.php\/wp-json\/wp\/v2\/categories?post=35463"},{"taxonomy":"post_tag","embeddable":true,"href":"https:\/\/radioljubuski.ba\/index.php\/wp-json\/wp\/v2\/tags?post=35463"}],"curies":[{"name":"wp","href":"https:\/\/api.w.org\/{rel}","templated":true}]}}