{"id":35505,"date":"2021-06-24T17:08:35","date_gmt":"2021-06-24T16:08:35","guid":{"rendered":"https:\/\/radioljubuski.ba\/?p=35505"},"modified":"2021-06-24T17:08:36","modified_gmt":"2021-06-24T16:08:36","slug":"rasprodane-ulaznice-za-hrvatski-sektor-protiv-spanjolske","status":"publish","type":"post","link":"https:\/\/radioljubuski.ba\/index.php\/2021\/06\/24\/rasprodane-ulaznice-za-hrvatski-sektor-protiv-spanjolske\/","title":{"rendered":"Rasprodane ulaznice za hrvatski sektor protiv \u0160panjolske"},"content":{"rendered":"\n<p><strong>U manje od \u010detiri sata rasprodane su sve ulaznice za hrvatski sektor za utakmicu Hrvatska &#8211; \u0160panjolska u osmini finala Europskog prvenstva.<\/strong><\/p>\n\n\n\n<p>Hrvatski navija\u010di kupili su sve raspolo\u017eive ulaznice za hrvatski sektor na stadionu Parken, objavio je Hrvatski nogometni savez.<br><br>Prodaja ulaznica za hrvatski sektor po\u010dela je u 11 sati, a oko 15 ve\u0107 su rasprodane sve dostupne ulaznice. Tako \u0107e hrvatski sektor biti do kraja popunjen na utakmici osmine finala EURA 2020 protiv \u0160panjolske, koja \u0107e biti odigrana 28. lipnja s po\u010detkom u 18:00 sati u Kopenhagenu.<br><br>U petak 25. lipnja zapo\u010det \u0107e slobodna prodaja ulaznica za neutralne sektore putem Uefinog portala za ulaznice, ako ostane neiskori\u0161tenih ulaznica iz drugih kvota koje Uefa ima na raspolaganju.<\/p>\n\n\n\n<p>Izvor:hrt.hr<\/p>\n","protected":false},"excerpt":{"rendered":"<p>U manje od \u010detiri sata rasprodane su sve ulaznice za hrvatski sektor za utakmicu Hrvatska &#8211; \u0160panjolska u osmini finala Europskog prvenstva. Hrvatski navija\u010di kupili su sve raspolo\u017eive ulaznice za hrvatski sektor na stadionu Parken, objavio je Hrvatski nogometni savez. Prodaja ulaznica za hrvatski sektor po\u010dela je u 11 sati, a oko 15 ve\u0107 su [&hellip;]<\/p>\n","protected":false},"author":2,"featured_media":35506,"comment_status":"closed","ping_status":"closed","sticky":false,"template":"","format":"standard","meta":{"h5ap_radio_sources":[],"footnotes":""},"categories":[7],"tags":[],"class_list":["post-35505","post","type-post","status-publish","format-standard","has-post-thumbnail","hentry","category-sport"],"yoast_head":"<!-- This site is optimized with the Yoast SEO plugin v27.5 - https:\/\/yoast.com\/product\/yoast-seo-wordpress\/ -->\n<title>Rasprodane ulaznice za hrvatski sektor protiv \u0160panjolske - RADIO LJUBU\u0160KI<\/title>\n<meta name=\"robots\" content=\"index, follow, max-snippet:-1, max-image-preview:large, max-video-preview:-1\" \/>\n<link rel=\"canonical\" href=\"https:\/\/radioljubuski.ba\/index.php\/2021\/06\/24\/rasprodane-ulaznice-za-hrvatski-sektor-protiv-spanjolske\/\" \/>\n<meta property=\"og:locale\" content=\"hr_HR\" \/>\n<meta property=\"og:type\" content=\"article\" \/>\n<meta property=\"og:title\" content=\"Rasprodane ulaznice za hrvatski sektor protiv \u0160panjolske - RADIO LJUBU\u0160KI\" \/>\n<meta property=\"og:description\" content=\"U manje od \u010detiri sata rasprodane su sve ulaznice za hrvatski sektor za utakmicu Hrvatska &#8211; \u0160panjolska u osmini finala Europskog prvenstva. Hrvatski navija\u010di kupili su sve raspolo\u017eive ulaznice za hrvatski sektor na stadionu Parken, objavio je Hrvatski nogometni savez. Prodaja ulaznica za hrvatski sektor po\u010dela je u 11 sati, a oko 15 ve\u0107 su [&hellip;]\" \/>\n<meta property=\"og:url\" content=\"https:\/\/radioljubuski.ba\/index.php\/2021\/06\/24\/rasprodane-ulaznice-za-hrvatski-sektor-protiv-spanjolske\/\" \/>\n<meta property=\"og:site_name\" content=\"RADIO LJUBU\u0160KI\" \/>\n<meta property=\"article:publisher\" content=\"https:\/\/www.facebook.com\/Radiio-Ljubuski-1490835324566332\" \/>\n<meta property=\"article:published_time\" content=\"2021-06-24T16:08:35+00:00\" \/>\n<meta property=\"article:modified_time\" content=\"2021-06-24T16:08:36+00:00\" \/>\n<meta property=\"og:image\" content=\"https:\/\/radioljubuski.ba\/wp-content\/uploads\/2021\/06\/5632444-717x478-1.jpg\" \/>\n\t<meta property=\"og:image:width\" content=\"717\" \/>\n\t<meta property=\"og:image:height\" content=\"478\" \/>\n\t<meta property=\"og:image:type\" content=\"image\/jpeg\" \/>\n<meta name=\"author\" content=\"Radio Ljubu\u0161ki\" \/>\n<meta name=\"twitter:card\" content=\"summary_large_image\" \/>\n<meta name=\"twitter:creator\" content=\"@radioljubuski\" \/>\n<meta name=\"twitter:site\" content=\"@radioljubuski\" \/>\n<meta name=\"twitter:label1\" content=\"Napisao\/la\" \/>\n\t<meta name=\"twitter:data1\" content=\"Radio Ljubu\u0161ki\" \/>\n\t<meta name=\"twitter:label2\" content=\"Procijenjeno vrijeme \u010ditanja\" \/>\n\t<meta name=\"twitter:data2\" content=\"1 minuta\" \/>\n<script type=\"application\/ld+json\" class=\"yoast-schema-graph\">{\"@context\":\"https:\\\/\\\/schema.org\",\"@graph\":[{\"@type\":\"Article\",\"@id\":\"https:\\\/\\\/radioljubuski.ba\\\/index.php\\\/2021\\\/06\\\/24\\\/rasprodane-ulaznice-za-hrvatski-sektor-protiv-spanjolske\\\/#article\",\"isPartOf\":{\"@id\":\"https:\\\/\\\/radioljubuski.ba\\\/index.php\\\/2021\\\/06\\\/24\\\/rasprodane-ulaznice-za-hrvatski-sektor-protiv-spanjolske\\\/\"},\"author\":{\"name\":\"Radio Ljubu\u0161ki\",\"@id\":\"https:\\\/\\\/radioljubuski.ba\\\/#\\\/schema\\\/person\\\/19fc700381a780f69665d7956c469e3b\"},\"headline\":\"Rasprodane ulaznice za hrvatski sektor protiv \u0160panjolske\",\"datePublished\":\"2021-06-24T16:08:35+00:00\",\"dateModified\":\"2021-06-24T16:08:36+00:00\",\"mainEntityOfPage\":{\"@id\":\"https:\\\/\\\/radioljubuski.ba\\\/index.php\\\/2021\\\/06\\\/24\\\/rasprodane-ulaznice-za-hrvatski-sektor-protiv-spanjolske\\\/\"},\"wordCount\":127,\"publisher\":{\"@id\":\"https:\\\/\\\/radioljubuski.ba\\\/#organization\"},\"image\":{\"@id\":\"https:\\\/\\\/radioljubuski.ba\\\/index.php\\\/2021\\\/06\\\/24\\\/rasprodane-ulaznice-za-hrvatski-sektor-protiv-spanjolske\\\/#primaryimage\"},\"thumbnailUrl\":\"https:\\\/\\\/radioljubuski.ba\\\/wp-content\\\/uploads\\\/2021\\\/06\\\/5632444-717x478-1.jpg\",\"articleSection\":[\"\u0160port\"],\"inLanguage\":\"hr\"},{\"@type\":\"WebPage\",\"@id\":\"https:\\\/\\\/radioljubuski.ba\\\/index.php\\\/2021\\\/06\\\/24\\\/rasprodane-ulaznice-za-hrvatski-sektor-protiv-spanjolske\\\/\",\"url\":\"https:\\\/\\\/radioljubuski.ba\\\/index.php\\\/2021\\\/06\\\/24\\\/rasprodane-ulaznice-za-hrvatski-sektor-protiv-spanjolske\\\/\",\"name\":\"Rasprodane ulaznice za hrvatski sektor protiv \u0160panjolske - RADIO LJUBU\u0160KI\",\"isPartOf\":{\"@id\":\"https:\\\/\\\/radioljubuski.ba\\\/#website\"},\"primaryImageOfPage\":{\"@id\":\"https:\\\/\\\/radioljubuski.ba\\\/index.php\\\/2021\\\/06\\\/24\\\/rasprodane-ulaznice-za-hrvatski-sektor-protiv-spanjolske\\\/#primaryimage\"},\"image\":{\"@id\":\"https:\\\/\\\/radioljubuski.ba\\\/index.php\\\/2021\\\/06\\\/24\\\/rasprodane-ulaznice-za-hrvatski-sektor-protiv-spanjolske\\\/#primaryimage\"},\"thumbnailUrl\":\"https:\\\/\\\/radioljubuski.ba\\\/wp-content\\\/uploads\\\/2021\\\/06\\\/5632444-717x478-1.jpg\",\"datePublished\":\"2021-06-24T16:08:35+00:00\",\"dateModified\":\"2021-06-24T16:08:36+00:00\",\"breadcrumb\":{\"@id\":\"https:\\\/\\\/radioljubuski.ba\\\/index.php\\\/2021\\\/06\\\/24\\\/rasprodane-ulaznice-za-hrvatski-sektor-protiv-spanjolske\\\/#breadcrumb\"},\"inLanguage\":\"hr\",\"potentialAction\":[{\"@type\":\"ReadAction\",\"target\":[\"https:\\\/\\\/radioljubuski.ba\\\/index.php\\\/2021\\\/06\\\/24\\\/rasprodane-ulaznice-za-hrvatski-sektor-protiv-spanjolske\\\/\"]}]},{\"@type\":\"ImageObject\",\"inLanguage\":\"hr\",\"@id\":\"https:\\\/\\\/radioljubuski.ba\\\/index.php\\\/2021\\\/06\\\/24\\\/rasprodane-ulaznice-za-hrvatski-sektor-protiv-spanjolske\\\/#primaryimage\",\"url\":\"https:\\\/\\\/radioljubuski.ba\\\/wp-content\\\/uploads\\\/2021\\\/06\\\/5632444-717x478-1.jpg\",\"contentUrl\":\"https:\\\/\\\/radioljubuski.ba\\\/wp-content\\\/uploads\\\/2021\\\/06\\\/5632444-717x478-1.jpg\",\"width\":717,\"height\":478},{\"@type\":\"BreadcrumbList\",\"@id\":\"https:\\\/\\\/radioljubuski.ba\\\/index.php\\\/2021\\\/06\\\/24\\\/rasprodane-ulaznice-za-hrvatski-sektor-protiv-spanjolske\\\/#breadcrumb\",\"itemListElement\":[{\"@type\":\"ListItem\",\"position\":1,\"name\":\"Po\u010detna stranica\",\"item\":\"https:\\\/\\\/radioljubuski.ba\\\/\"},{\"@type\":\"ListItem\",\"position\":2,\"name\":\"Rasprodane ulaznice za hrvatski sektor protiv \u0160panjolske\"}]},{\"@type\":\"WebSite\",\"@id\":\"https:\\\/\\\/radioljubuski.ba\\\/#website\",\"url\":\"https:\\\/\\\/radioljubuski.ba\\\/\",\"name\":\"Radio Ljubu\u0161ki\",\"description\":\"Sun\u010dana frekvencija Hercegovine\",\"publisher\":{\"@id\":\"https:\\\/\\\/radioljubuski.ba\\\/#organization\"},\"potentialAction\":[{\"@type\":\"SearchAction\",\"target\":{\"@type\":\"EntryPoint\",\"urlTemplate\":\"https:\\\/\\\/radioljubuski.ba\\\/?s={search_term_string}\"},\"query-input\":{\"@type\":\"PropertyValueSpecification\",\"valueRequired\":true,\"valueName\":\"search_term_string\"}}],\"inLanguage\":\"hr\"},{\"@type\":\"Organization\",\"@id\":\"https:\\\/\\\/radioljubuski.ba\\\/#organization\",\"name\":\"Radio Ljubu\u0161ki\",\"url\":\"https:\\\/\\\/radioljubuski.ba\\\/\",\"logo\":{\"@type\":\"ImageObject\",\"inLanguage\":\"hr\",\"@id\":\"https:\\\/\\\/radioljubuski.ba\\\/#\\\/schema\\\/logo\\\/image\\\/\",\"url\":\"https:\\\/\\\/radioljubuski.ba\\\/wp-content\\\/uploads\\\/2021\\\/02\\\/cropped-Radio_Ljubuski_logo1.jpg\",\"contentUrl\":\"https:\\\/\\\/radioljubuski.ba\\\/wp-content\\\/uploads\\\/2021\\\/02\\\/cropped-Radio_Ljubuski_logo1.jpg\",\"width\":512,\"height\":512,\"caption\":\"Radio Ljubu\u0161ki\"},\"image\":{\"@id\":\"https:\\\/\\\/radioljubuski.ba\\\/#\\\/schema\\\/logo\\\/image\\\/\"},\"sameAs\":[\"https:\\\/\\\/www.facebook.com\\\/Radiio-Ljubuski-1490835324566332\",\"https:\\\/\\\/x.com\\\/radioljubuski\",\"https:\\\/\\\/hr.linkedin.com\\\/company\\\/radio-ljubuski\",\"https:\\\/\\\/www.youtube.com\\\/channel\\\/UCHYaeO_n0Db3tjNGudGpXyw\"]},{\"@type\":\"Person\",\"@id\":\"https:\\\/\\\/radioljubuski.ba\\\/#\\\/schema\\\/person\\\/19fc700381a780f69665d7956c469e3b\",\"name\":\"Radio Ljubu\u0161ki\"}]}<\/script>\n<!-- \/ Yoast SEO plugin. -->","yoast_head_json":{"title":"Rasprodane ulaznice za hrvatski sektor protiv \u0160panjolske - RADIO LJUBU\u0160KI","robots":{"index":"index","follow":"follow","max-snippet":"max-snippet:-1","max-image-preview":"max-image-preview:large","max-video-preview":"max-video-preview:-1"},"canonical":"https:\/\/radioljubuski.ba\/index.php\/2021\/06\/24\/rasprodane-ulaznice-za-hrvatski-sektor-protiv-spanjolske\/","og_locale":"hr_HR","og_type":"article","og_title":"Rasprodane ulaznice za hrvatski sektor protiv \u0160panjolske - RADIO LJUBU\u0160KI","og_description":"U manje od \u010detiri sata rasprodane su sve ulaznice za hrvatski sektor za utakmicu Hrvatska &#8211; \u0160panjolska u osmini finala Europskog prvenstva. Hrvatski navija\u010di kupili su sve raspolo\u017eive ulaznice za hrvatski sektor na stadionu Parken, objavio je Hrvatski nogometni savez. Prodaja ulaznica za hrvatski sektor po\u010dela je u 11 sati, a oko 15 ve\u0107 su [&hellip;]","og_url":"https:\/\/radioljubuski.ba\/index.php\/2021\/06\/24\/rasprodane-ulaznice-za-hrvatski-sektor-protiv-spanjolske\/","og_site_name":"RADIO LJUBU\u0160KI","article_publisher":"https:\/\/www.facebook.com\/Radiio-Ljubuski-1490835324566332","article_published_time":"2021-06-24T16:08:35+00:00","article_modified_time":"2021-06-24T16:08:36+00:00","og_image":[{"width":717,"height":478,"url":"https:\/\/radioljubuski.ba\/wp-content\/uploads\/2021\/06\/5632444-717x478-1.jpg","type":"image\/jpeg"}],"author":"Radio Ljubu\u0161ki","twitter_card":"summary_large_image","twitter_creator":"@radioljubuski","twitter_site":"@radioljubuski","twitter_misc":{"Napisao\/la":"Radio Ljubu\u0161ki","Procijenjeno vrijeme \u010ditanja":"1 minuta"},"schema":{"@context":"https:\/\/schema.org","@graph":[{"@type":"Article","@id":"https:\/\/radioljubuski.ba\/index.php\/2021\/06\/24\/rasprodane-ulaznice-za-hrvatski-sektor-protiv-spanjolske\/#article","isPartOf":{"@id":"https:\/\/radioljubuski.ba\/index.php\/2021\/06\/24\/rasprodane-ulaznice-za-hrvatski-sektor-protiv-spanjolske\/"},"author":{"name":"Radio Ljubu\u0161ki","@id":"https:\/\/radioljubuski.ba\/#\/schema\/person\/19fc700381a780f69665d7956c469e3b"},"headline":"Rasprodane ulaznice za hrvatski sektor protiv \u0160panjolske","datePublished":"2021-06-24T16:08:35+00:00","dateModified":"2021-06-24T16:08:36+00:00","mainEntityOfPage":{"@id":"https:\/\/radioljubuski.ba\/index.php\/2021\/06\/24\/rasprodane-ulaznice-za-hrvatski-sektor-protiv-spanjolske\/"},"wordCount":127,"publisher":{"@id":"https:\/\/radioljubuski.ba\/#organization"},"image":{"@id":"https:\/\/radioljubuski.ba\/index.php\/2021\/06\/24\/rasprodane-ulaznice-za-hrvatski-sektor-protiv-spanjolske\/#primaryimage"},"thumbnailUrl":"https:\/\/radioljubuski.ba\/wp-content\/uploads\/2021\/06\/5632444-717x478-1.jpg","articleSection":["\u0160port"],"inLanguage":"hr"},{"@type":"WebPage","@id":"https:\/\/radioljubuski.ba\/index.php\/2021\/06\/24\/rasprodane-ulaznice-za-hrvatski-sektor-protiv-spanjolske\/","url":"https:\/\/radioljubuski.ba\/index.php\/2021\/06\/24\/rasprodane-ulaznice-za-hrvatski-sektor-protiv-spanjolske\/","name":"Rasprodane ulaznice za hrvatski sektor protiv \u0160panjolske - RADIO LJUBU\u0160KI","isPartOf":{"@id":"https:\/\/radioljubuski.ba\/#website"},"primaryImageOfPage":{"@id":"https:\/\/radioljubuski.ba\/index.php\/2021\/06\/24\/rasprodane-ulaznice-za-hrvatski-sektor-protiv-spanjolske\/#primaryimage"},"image":{"@id":"https:\/\/radioljubuski.ba\/index.php\/2021\/06\/24\/rasprodane-ulaznice-za-hrvatski-sektor-protiv-spanjolske\/#primaryimage"},"thumbnailUrl":"https:\/\/radioljubuski.ba\/wp-content\/uploads\/2021\/06\/5632444-717x478-1.jpg","datePublished":"2021-06-24T16:08:35+00:00","dateModified":"2021-06-24T16:08:36+00:00","breadcrumb":{"@id":"https:\/\/radioljubuski.ba\/index.php\/2021\/06\/24\/rasprodane-ulaznice-za-hrvatski-sektor-protiv-spanjolske\/#breadcrumb"},"inLanguage":"hr","potentialAction":[{"@type":"ReadAction","target":["https:\/\/radioljubuski.ba\/index.php\/2021\/06\/24\/rasprodane-ulaznice-za-hrvatski-sektor-protiv-spanjolske\/"]}]},{"@type":"ImageObject","inLanguage":"hr","@id":"https:\/\/radioljubuski.ba\/index.php\/2021\/06\/24\/rasprodane-ulaznice-za-hrvatski-sektor-protiv-spanjolske\/#primaryimage","url":"https:\/\/radioljubuski.ba\/wp-content\/uploads\/2021\/06\/5632444-717x478-1.jpg","contentUrl":"https:\/\/radioljubuski.ba\/wp-content\/uploads\/2021\/06\/5632444-717x478-1.jpg","width":717,"height":478},{"@type":"BreadcrumbList","@id":"https:\/\/radioljubuski.ba\/index.php\/2021\/06\/24\/rasprodane-ulaznice-za-hrvatski-sektor-protiv-spanjolske\/#breadcrumb","itemListElement":[{"@type":"ListItem","position":1,"name":"Po\u010detna stranica","item":"https:\/\/radioljubuski.ba\/"},{"@type":"ListItem","position":2,"name":"Rasprodane ulaznice za hrvatski sektor protiv \u0160panjolske"}]},{"@type":"WebSite","@id":"https:\/\/radioljubuski.ba\/#website","url":"https:\/\/radioljubuski.ba\/","name":"Radio Ljubu\u0161ki","description":"Sun\u010dana frekvencija Hercegovine","publisher":{"@id":"https:\/\/radioljubuski.ba\/#organization"},"potentialAction":[{"@type":"SearchAction","target":{"@type":"EntryPoint","urlTemplate":"https:\/\/radioljubuski.ba\/?s={search_term_string}"},"query-input":{"@type":"PropertyValueSpecification","valueRequired":true,"valueName":"search_term_string"}}],"inLanguage":"hr"},{"@type":"Organization","@id":"https:\/\/radioljubuski.ba\/#organization","name":"Radio Ljubu\u0161ki","url":"https:\/\/radioljubuski.ba\/","logo":{"@type":"ImageObject","inLanguage":"hr","@id":"https:\/\/radioljubuski.ba\/#\/schema\/logo\/image\/","url":"https:\/\/radioljubuski.ba\/wp-content\/uploads\/2021\/02\/cropped-Radio_Ljubuski_logo1.jpg","contentUrl":"https:\/\/radioljubuski.ba\/wp-content\/uploads\/2021\/02\/cropped-Radio_Ljubuski_logo1.jpg","width":512,"height":512,"caption":"Radio Ljubu\u0161ki"},"image":{"@id":"https:\/\/radioljubuski.ba\/#\/schema\/logo\/image\/"},"sameAs":["https:\/\/www.facebook.com\/Radiio-Ljubuski-1490835324566332","https:\/\/x.com\/radioljubuski","https:\/\/hr.linkedin.com\/company\/radio-ljubuski","https:\/\/www.youtube.com\/channel\/UCHYaeO_n0Db3tjNGudGpXyw"]},{"@type":"Person","@id":"https:\/\/radioljubuski.ba\/#\/schema\/person\/19fc700381a780f69665d7956c469e3b","name":"Radio Ljubu\u0161ki"}]}},"_links":{"self":[{"href":"https:\/\/radioljubuski.ba\/index.php\/wp-json\/wp\/v2\/posts\/35505","targetHints":{"allow":["GET"]}}],"collection":[{"href":"https:\/\/radioljubuski.ba\/index.php\/wp-json\/wp\/v2\/posts"}],"about":[{"href":"https:\/\/radioljubuski.ba\/index.php\/wp-json\/wp\/v2\/types\/post"}],"author":[{"embeddable":true,"href":"https:\/\/radioljubuski.ba\/index.php\/wp-json\/wp\/v2\/users\/2"}],"replies":[{"embeddable":true,"href":"https:\/\/radioljubuski.ba\/index.php\/wp-json\/wp\/v2\/comments?post=35505"}],"version-history":[{"count":1,"href":"https:\/\/radioljubuski.ba\/index.php\/wp-json\/wp\/v2\/posts\/35505\/revisions"}],"predecessor-version":[{"id":35507,"href":"https:\/\/radioljubuski.ba\/index.php\/wp-json\/wp\/v2\/posts\/35505\/revisions\/35507"}],"wp:featuredmedia":[{"embeddable":true,"href":"https:\/\/radioljubuski.ba\/index.php\/wp-json\/wp\/v2\/media\/35506"}],"wp:attachment":[{"href":"https:\/\/radioljubuski.ba\/index.php\/wp-json\/wp\/v2\/media?parent=35505"}],"wp:term":[{"taxonomy":"category","embeddable":true,"href":"https:\/\/radioljubuski.ba\/index.php\/wp-json\/wp\/v2\/categories?post=35505"},{"taxonomy":"post_tag","embeddable":true,"href":"https:\/\/radioljubuski.ba\/index.php\/wp-json\/wp\/v2\/tags?post=35505"}],"curies":[{"name":"wp","href":"https:\/\/api.w.org\/{rel}","templated":true}]}}