{"id":35530,"date":"2021-06-24T17:44:49","date_gmt":"2021-06-24T16:44:49","guid":{"rendered":"https:\/\/radioljubuski.ba\/?p=35530"},"modified":"2021-06-24T17:44:51","modified_gmt":"2021-06-24T16:44:51","slug":"ana-gradecak-dobila-pozivnicu-za-poi-tokio-2020","status":"publish","type":"post","link":"https:\/\/radioljubuski.ba\/index.php\/2021\/06\/24\/ana-gradecak-dobila-pozivnicu-za-poi-tokio-2020\/","title":{"rendered":"Ana Grade\u010dak dobila pozivnicu za POI Tokio 2020."},"content":{"rendered":"\n<p><strong>Hrvatska paraatleti\u010darka Ana Grade\u010dak dobila je pozivnicu za nastup na 16. paraolimpijskim igrama Tokio 2020. koje \u0107e se odr\u017eati od 24. kolovoza do 5. rujna ove godine.<\/strong><\/p>\n\n\n\n<p>World Para Athletics (WPA) dodijelio je pozivnicu \u010dlanici AKOSI Odisej iz Kutine koja je, podsjetimo na nedavnom WPA Europskom prvenstvu u Bydgoszczu osvojila zlato u bacanju kugle kategorije F41 s rezultatom 8.23 metara postaviv\u0161i novi europski rekord.<br><br>&#8211; Ovo \u0107e mi biti prve paraolimpijske igre i velika mi je \u010dast \u0161to \u0107u imati priliku nastupiti u Tokiju. Nakon osvojene zlatne medalje na europskom prvenstvu dobila sam pozivnicu za igre. Izuzetno sam sretna i to \u0107e mi biti jo\u0161 ve\u0107a motivacija za daljnje treniranje i postizanje jo\u0161 boljih rezultata. Sad slijede pripreme i u Tokijo idem napraviti svoj najbolji rezultat, kazala je Ana Grade\u010dak.<br><br>Ranije su nastup u Tokiju osigurali paraatleti\u010dari u skoku u dalju kategorije T20&nbsp;<strong>Mikela Ristoski<\/strong>&nbsp;i&nbsp;<strong>Zoran Tali\u0107<\/strong>. U kugli&nbsp;<strong>Miljenko Vu\u010di\u0107<\/strong>&nbsp;kategorije F11,&nbsp;<strong>Matija Sloup&nbsp;<\/strong>kategorije F40,&nbsp;<strong>Deni \u010cerni<\/strong>&nbsp;kategorije F33 i&nbsp;<strong>Marijan Prese\u010dan<\/strong>&nbsp;kategorije F53.<br><br>U disku hrvatske boje branit \u0107e<strong>&nbsp;Ivan Katanu\u0161i\u0107<\/strong>&nbsp;u kategoriji F64 i&nbsp;<strong>Velimir \u0160andor<\/strong>&nbsp;kategorije F52.<br><br>Do sredine srpnja nakon Otvorenog paraatletskog prvenstva \u010ce\u0161ke u Olomovcu saznat \u0107e se tko je i deseti paraatleti\u010dar za nastup u Tokiju.<br><br>Hrvatska za POI u Tokiju trenutno ima sigurnih devet atleti\u010dara, tri pliva\u010da, dva stolnotenisa\u010da, te po jednog bo\u010dara i taekwondista.<\/p>\n\n\n\n<p>Izvor:hrt.hr<\/p>\n","protected":false},"excerpt":{"rendered":"<p>Hrvatska paraatleti\u010darka Ana Grade\u010dak dobila je pozivnicu za nastup na 16. paraolimpijskim igrama Tokio 2020. koje \u0107e se odr\u017eati od 24. kolovoza do 5. rujna ove godine. World Para Athletics (WPA) dodijelio je pozivnicu \u010dlanici AKOSI Odisej iz Kutine koja je, podsjetimo na nedavnom WPA Europskom prvenstvu u Bydgoszczu osvojila zlato u bacanju kugle kategorije [&hellip;]<\/p>\n","protected":false},"author":2,"featured_media":35531,"comment_status":"closed","ping_status":"closed","sticky":false,"template":"","format":"standard","meta":{"h5ap_radio_sources":[],"footnotes":""},"categories":[7],"tags":[],"class_list":["post-35530","post","type-post","status-publish","format-standard","has-post-thumbnail","hentry","category-sport"],"yoast_head":"<!-- This site is optimized with the Yoast SEO plugin v27.5 - https:\/\/yoast.com\/product\/yoast-seo-wordpress\/ -->\n<title>Ana Grade\u010dak dobila pozivnicu za POI Tokio 2020. - RADIO LJUBU\u0160KI<\/title>\n<meta name=\"robots\" content=\"index, follow, max-snippet:-1, max-image-preview:large, max-video-preview:-1\" \/>\n<link rel=\"canonical\" href=\"https:\/\/radioljubuski.ba\/index.php\/2021\/06\/24\/ana-gradecak-dobila-pozivnicu-za-poi-tokio-2020\/\" \/>\n<meta property=\"og:locale\" content=\"hr_HR\" \/>\n<meta property=\"og:type\" content=\"article\" \/>\n<meta property=\"og:title\" content=\"Ana Grade\u010dak dobila pozivnicu za POI Tokio 2020. - RADIO LJUBU\u0160KI\" \/>\n<meta property=\"og:description\" content=\"Hrvatska paraatleti\u010darka Ana Grade\u010dak dobila je pozivnicu za nastup na 16. paraolimpijskim igrama Tokio 2020. koje \u0107e se odr\u017eati od 24. kolovoza do 5. rujna ove godine. World Para Athletics (WPA) dodijelio je pozivnicu \u010dlanici AKOSI Odisej iz Kutine koja je, podsjetimo na nedavnom WPA Europskom prvenstvu u Bydgoszczu osvojila zlato u bacanju kugle kategorije [&hellip;]\" \/>\n<meta property=\"og:url\" content=\"https:\/\/radioljubuski.ba\/index.php\/2021\/06\/24\/ana-gradecak-dobila-pozivnicu-za-poi-tokio-2020\/\" \/>\n<meta property=\"og:site_name\" content=\"RADIO LJUBU\u0160KI\" \/>\n<meta property=\"article:publisher\" content=\"https:\/\/www.facebook.com\/Radiio-Ljubuski-1490835324566332\" \/>\n<meta property=\"article:published_time\" content=\"2021-06-24T16:44:49+00:00\" \/>\n<meta property=\"article:modified_time\" content=\"2021-06-24T16:44:51+00:00\" \/>\n<meta property=\"og:image\" content=\"https:\/\/radioljubuski.ba\/wp-content\/uploads\/2021\/06\/preuzmi-1-29.jpg\" \/>\n\t<meta property=\"og:image:width\" content=\"269\" \/>\n\t<meta property=\"og:image:height\" content=\"187\" \/>\n\t<meta property=\"og:image:type\" content=\"image\/jpeg\" \/>\n<meta name=\"author\" content=\"Radio Ljubu\u0161ki\" \/>\n<meta name=\"twitter:card\" content=\"summary_large_image\" \/>\n<meta name=\"twitter:creator\" content=\"@radioljubuski\" \/>\n<meta name=\"twitter:site\" content=\"@radioljubuski\" \/>\n<meta name=\"twitter:label1\" content=\"Napisao\/la\" \/>\n\t<meta name=\"twitter:data1\" content=\"Radio Ljubu\u0161ki\" \/>\n\t<meta name=\"twitter:label2\" content=\"Procijenjeno vrijeme \u010ditanja\" \/>\n\t<meta name=\"twitter:data2\" content=\"1 minuta\" \/>\n<script type=\"application\/ld+json\" class=\"yoast-schema-graph\">{\"@context\":\"https:\\\/\\\/schema.org\",\"@graph\":[{\"@type\":\"Article\",\"@id\":\"https:\\\/\\\/radioljubuski.ba\\\/index.php\\\/2021\\\/06\\\/24\\\/ana-gradecak-dobila-pozivnicu-za-poi-tokio-2020\\\/#article\",\"isPartOf\":{\"@id\":\"https:\\\/\\\/radioljubuski.ba\\\/index.php\\\/2021\\\/06\\\/24\\\/ana-gradecak-dobila-pozivnicu-za-poi-tokio-2020\\\/\"},\"author\":{\"name\":\"Radio Ljubu\u0161ki\",\"@id\":\"https:\\\/\\\/radioljubuski.ba\\\/#\\\/schema\\\/person\\\/19fc700381a780f69665d7956c469e3b\"},\"headline\":\"Ana Grade\u010dak dobila pozivnicu za POI Tokio 2020.\",\"datePublished\":\"2021-06-24T16:44:49+00:00\",\"dateModified\":\"2021-06-24T16:44:51+00:00\",\"mainEntityOfPage\":{\"@id\":\"https:\\\/\\\/radioljubuski.ba\\\/index.php\\\/2021\\\/06\\\/24\\\/ana-gradecak-dobila-pozivnicu-za-poi-tokio-2020\\\/\"},\"wordCount\":262,\"publisher\":{\"@id\":\"https:\\\/\\\/radioljubuski.ba\\\/#organization\"},\"image\":{\"@id\":\"https:\\\/\\\/radioljubuski.ba\\\/index.php\\\/2021\\\/06\\\/24\\\/ana-gradecak-dobila-pozivnicu-za-poi-tokio-2020\\\/#primaryimage\"},\"thumbnailUrl\":\"https:\\\/\\\/radioljubuski.ba\\\/wp-content\\\/uploads\\\/2021\\\/06\\\/preuzmi-1-29.jpg\",\"articleSection\":[\"\u0160port\"],\"inLanguage\":\"hr\"},{\"@type\":\"WebPage\",\"@id\":\"https:\\\/\\\/radioljubuski.ba\\\/index.php\\\/2021\\\/06\\\/24\\\/ana-gradecak-dobila-pozivnicu-za-poi-tokio-2020\\\/\",\"url\":\"https:\\\/\\\/radioljubuski.ba\\\/index.php\\\/2021\\\/06\\\/24\\\/ana-gradecak-dobila-pozivnicu-za-poi-tokio-2020\\\/\",\"name\":\"Ana Grade\u010dak dobila pozivnicu za POI Tokio 2020. - RADIO LJUBU\u0160KI\",\"isPartOf\":{\"@id\":\"https:\\\/\\\/radioljubuski.ba\\\/#website\"},\"primaryImageOfPage\":{\"@id\":\"https:\\\/\\\/radioljubuski.ba\\\/index.php\\\/2021\\\/06\\\/24\\\/ana-gradecak-dobila-pozivnicu-za-poi-tokio-2020\\\/#primaryimage\"},\"image\":{\"@id\":\"https:\\\/\\\/radioljubuski.ba\\\/index.php\\\/2021\\\/06\\\/24\\\/ana-gradecak-dobila-pozivnicu-za-poi-tokio-2020\\\/#primaryimage\"},\"thumbnailUrl\":\"https:\\\/\\\/radioljubuski.ba\\\/wp-content\\\/uploads\\\/2021\\\/06\\\/preuzmi-1-29.jpg\",\"datePublished\":\"2021-06-24T16:44:49+00:00\",\"dateModified\":\"2021-06-24T16:44:51+00:00\",\"breadcrumb\":{\"@id\":\"https:\\\/\\\/radioljubuski.ba\\\/index.php\\\/2021\\\/06\\\/24\\\/ana-gradecak-dobila-pozivnicu-za-poi-tokio-2020\\\/#breadcrumb\"},\"inLanguage\":\"hr\",\"potentialAction\":[{\"@type\":\"ReadAction\",\"target\":[\"https:\\\/\\\/radioljubuski.ba\\\/index.php\\\/2021\\\/06\\\/24\\\/ana-gradecak-dobila-pozivnicu-za-poi-tokio-2020\\\/\"]}]},{\"@type\":\"ImageObject\",\"inLanguage\":\"hr\",\"@id\":\"https:\\\/\\\/radioljubuski.ba\\\/index.php\\\/2021\\\/06\\\/24\\\/ana-gradecak-dobila-pozivnicu-za-poi-tokio-2020\\\/#primaryimage\",\"url\":\"https:\\\/\\\/radioljubuski.ba\\\/wp-content\\\/uploads\\\/2021\\\/06\\\/preuzmi-1-29.jpg\",\"contentUrl\":\"https:\\\/\\\/radioljubuski.ba\\\/wp-content\\\/uploads\\\/2021\\\/06\\\/preuzmi-1-29.jpg\",\"width\":269,\"height\":187},{\"@type\":\"BreadcrumbList\",\"@id\":\"https:\\\/\\\/radioljubuski.ba\\\/index.php\\\/2021\\\/06\\\/24\\\/ana-gradecak-dobila-pozivnicu-za-poi-tokio-2020\\\/#breadcrumb\",\"itemListElement\":[{\"@type\":\"ListItem\",\"position\":1,\"name\":\"Po\u010detna stranica\",\"item\":\"https:\\\/\\\/radioljubuski.ba\\\/\"},{\"@type\":\"ListItem\",\"position\":2,\"name\":\"Ana Grade\u010dak dobila pozivnicu za POI Tokio 2020.\"}]},{\"@type\":\"WebSite\",\"@id\":\"https:\\\/\\\/radioljubuski.ba\\\/#website\",\"url\":\"https:\\\/\\\/radioljubuski.ba\\\/\",\"name\":\"Radio Ljubu\u0161ki\",\"description\":\"Sun\u010dana frekvencija Hercegovine\",\"publisher\":{\"@id\":\"https:\\\/\\\/radioljubuski.ba\\\/#organization\"},\"potentialAction\":[{\"@type\":\"SearchAction\",\"target\":{\"@type\":\"EntryPoint\",\"urlTemplate\":\"https:\\\/\\\/radioljubuski.ba\\\/?s={search_term_string}\"},\"query-input\":{\"@type\":\"PropertyValueSpecification\",\"valueRequired\":true,\"valueName\":\"search_term_string\"}}],\"inLanguage\":\"hr\"},{\"@type\":\"Organization\",\"@id\":\"https:\\\/\\\/radioljubuski.ba\\\/#organization\",\"name\":\"Radio Ljubu\u0161ki\",\"url\":\"https:\\\/\\\/radioljubuski.ba\\\/\",\"logo\":{\"@type\":\"ImageObject\",\"inLanguage\":\"hr\",\"@id\":\"https:\\\/\\\/radioljubuski.ba\\\/#\\\/schema\\\/logo\\\/image\\\/\",\"url\":\"https:\\\/\\\/radioljubuski.ba\\\/wp-content\\\/uploads\\\/2021\\\/02\\\/cropped-Radio_Ljubuski_logo1.jpg\",\"contentUrl\":\"https:\\\/\\\/radioljubuski.ba\\\/wp-content\\\/uploads\\\/2021\\\/02\\\/cropped-Radio_Ljubuski_logo1.jpg\",\"width\":512,\"height\":512,\"caption\":\"Radio Ljubu\u0161ki\"},\"image\":{\"@id\":\"https:\\\/\\\/radioljubuski.ba\\\/#\\\/schema\\\/logo\\\/image\\\/\"},\"sameAs\":[\"https:\\\/\\\/www.facebook.com\\\/Radiio-Ljubuski-1490835324566332\",\"https:\\\/\\\/x.com\\\/radioljubuski\",\"https:\\\/\\\/hr.linkedin.com\\\/company\\\/radio-ljubuski\",\"https:\\\/\\\/www.youtube.com\\\/channel\\\/UCHYaeO_n0Db3tjNGudGpXyw\"]},{\"@type\":\"Person\",\"@id\":\"https:\\\/\\\/radioljubuski.ba\\\/#\\\/schema\\\/person\\\/19fc700381a780f69665d7956c469e3b\",\"name\":\"Radio Ljubu\u0161ki\"}]}<\/script>\n<!-- \/ Yoast SEO plugin. -->","yoast_head_json":{"title":"Ana Grade\u010dak dobila pozivnicu za POI Tokio 2020. - RADIO LJUBU\u0160KI","robots":{"index":"index","follow":"follow","max-snippet":"max-snippet:-1","max-image-preview":"max-image-preview:large","max-video-preview":"max-video-preview:-1"},"canonical":"https:\/\/radioljubuski.ba\/index.php\/2021\/06\/24\/ana-gradecak-dobila-pozivnicu-za-poi-tokio-2020\/","og_locale":"hr_HR","og_type":"article","og_title":"Ana Grade\u010dak dobila pozivnicu za POI Tokio 2020. - RADIO LJUBU\u0160KI","og_description":"Hrvatska paraatleti\u010darka Ana Grade\u010dak dobila je pozivnicu za nastup na 16. paraolimpijskim igrama Tokio 2020. koje \u0107e se odr\u017eati od 24. kolovoza do 5. rujna ove godine. World Para Athletics (WPA) dodijelio je pozivnicu \u010dlanici AKOSI Odisej iz Kutine koja je, podsjetimo na nedavnom WPA Europskom prvenstvu u Bydgoszczu osvojila zlato u bacanju kugle kategorije [&hellip;]","og_url":"https:\/\/radioljubuski.ba\/index.php\/2021\/06\/24\/ana-gradecak-dobila-pozivnicu-za-poi-tokio-2020\/","og_site_name":"RADIO LJUBU\u0160KI","article_publisher":"https:\/\/www.facebook.com\/Radiio-Ljubuski-1490835324566332","article_published_time":"2021-06-24T16:44:49+00:00","article_modified_time":"2021-06-24T16:44:51+00:00","og_image":[{"width":269,"height":187,"url":"https:\/\/radioljubuski.ba\/wp-content\/uploads\/2021\/06\/preuzmi-1-29.jpg","type":"image\/jpeg"}],"author":"Radio Ljubu\u0161ki","twitter_card":"summary_large_image","twitter_creator":"@radioljubuski","twitter_site":"@radioljubuski","twitter_misc":{"Napisao\/la":"Radio Ljubu\u0161ki","Procijenjeno vrijeme \u010ditanja":"1 minuta"},"schema":{"@context":"https:\/\/schema.org","@graph":[{"@type":"Article","@id":"https:\/\/radioljubuski.ba\/index.php\/2021\/06\/24\/ana-gradecak-dobila-pozivnicu-za-poi-tokio-2020\/#article","isPartOf":{"@id":"https:\/\/radioljubuski.ba\/index.php\/2021\/06\/24\/ana-gradecak-dobila-pozivnicu-za-poi-tokio-2020\/"},"author":{"name":"Radio Ljubu\u0161ki","@id":"https:\/\/radioljubuski.ba\/#\/schema\/person\/19fc700381a780f69665d7956c469e3b"},"headline":"Ana Grade\u010dak dobila pozivnicu za POI Tokio 2020.","datePublished":"2021-06-24T16:44:49+00:00","dateModified":"2021-06-24T16:44:51+00:00","mainEntityOfPage":{"@id":"https:\/\/radioljubuski.ba\/index.php\/2021\/06\/24\/ana-gradecak-dobila-pozivnicu-za-poi-tokio-2020\/"},"wordCount":262,"publisher":{"@id":"https:\/\/radioljubuski.ba\/#organization"},"image":{"@id":"https:\/\/radioljubuski.ba\/index.php\/2021\/06\/24\/ana-gradecak-dobila-pozivnicu-za-poi-tokio-2020\/#primaryimage"},"thumbnailUrl":"https:\/\/radioljubuski.ba\/wp-content\/uploads\/2021\/06\/preuzmi-1-29.jpg","articleSection":["\u0160port"],"inLanguage":"hr"},{"@type":"WebPage","@id":"https:\/\/radioljubuski.ba\/index.php\/2021\/06\/24\/ana-gradecak-dobila-pozivnicu-za-poi-tokio-2020\/","url":"https:\/\/radioljubuski.ba\/index.php\/2021\/06\/24\/ana-gradecak-dobila-pozivnicu-za-poi-tokio-2020\/","name":"Ana Grade\u010dak dobila pozivnicu za POI Tokio 2020. - RADIO LJUBU\u0160KI","isPartOf":{"@id":"https:\/\/radioljubuski.ba\/#website"},"primaryImageOfPage":{"@id":"https:\/\/radioljubuski.ba\/index.php\/2021\/06\/24\/ana-gradecak-dobila-pozivnicu-za-poi-tokio-2020\/#primaryimage"},"image":{"@id":"https:\/\/radioljubuski.ba\/index.php\/2021\/06\/24\/ana-gradecak-dobila-pozivnicu-za-poi-tokio-2020\/#primaryimage"},"thumbnailUrl":"https:\/\/radioljubuski.ba\/wp-content\/uploads\/2021\/06\/preuzmi-1-29.jpg","datePublished":"2021-06-24T16:44:49+00:00","dateModified":"2021-06-24T16:44:51+00:00","breadcrumb":{"@id":"https:\/\/radioljubuski.ba\/index.php\/2021\/06\/24\/ana-gradecak-dobila-pozivnicu-za-poi-tokio-2020\/#breadcrumb"},"inLanguage":"hr","potentialAction":[{"@type":"ReadAction","target":["https:\/\/radioljubuski.ba\/index.php\/2021\/06\/24\/ana-gradecak-dobila-pozivnicu-za-poi-tokio-2020\/"]}]},{"@type":"ImageObject","inLanguage":"hr","@id":"https:\/\/radioljubuski.ba\/index.php\/2021\/06\/24\/ana-gradecak-dobila-pozivnicu-za-poi-tokio-2020\/#primaryimage","url":"https:\/\/radioljubuski.ba\/wp-content\/uploads\/2021\/06\/preuzmi-1-29.jpg","contentUrl":"https:\/\/radioljubuski.ba\/wp-content\/uploads\/2021\/06\/preuzmi-1-29.jpg","width":269,"height":187},{"@type":"BreadcrumbList","@id":"https:\/\/radioljubuski.ba\/index.php\/2021\/06\/24\/ana-gradecak-dobila-pozivnicu-za-poi-tokio-2020\/#breadcrumb","itemListElement":[{"@type":"ListItem","position":1,"name":"Po\u010detna stranica","item":"https:\/\/radioljubuski.ba\/"},{"@type":"ListItem","position":2,"name":"Ana Grade\u010dak dobila pozivnicu za POI Tokio 2020."}]},{"@type":"WebSite","@id":"https:\/\/radioljubuski.ba\/#website","url":"https:\/\/radioljubuski.ba\/","name":"Radio Ljubu\u0161ki","description":"Sun\u010dana frekvencija Hercegovine","publisher":{"@id":"https:\/\/radioljubuski.ba\/#organization"},"potentialAction":[{"@type":"SearchAction","target":{"@type":"EntryPoint","urlTemplate":"https:\/\/radioljubuski.ba\/?s={search_term_string}"},"query-input":{"@type":"PropertyValueSpecification","valueRequired":true,"valueName":"search_term_string"}}],"inLanguage":"hr"},{"@type":"Organization","@id":"https:\/\/radioljubuski.ba\/#organization","name":"Radio Ljubu\u0161ki","url":"https:\/\/radioljubuski.ba\/","logo":{"@type":"ImageObject","inLanguage":"hr","@id":"https:\/\/radioljubuski.ba\/#\/schema\/logo\/image\/","url":"https:\/\/radioljubuski.ba\/wp-content\/uploads\/2021\/02\/cropped-Radio_Ljubuski_logo1.jpg","contentUrl":"https:\/\/radioljubuski.ba\/wp-content\/uploads\/2021\/02\/cropped-Radio_Ljubuski_logo1.jpg","width":512,"height":512,"caption":"Radio Ljubu\u0161ki"},"image":{"@id":"https:\/\/radioljubuski.ba\/#\/schema\/logo\/image\/"},"sameAs":["https:\/\/www.facebook.com\/Radiio-Ljubuski-1490835324566332","https:\/\/x.com\/radioljubuski","https:\/\/hr.linkedin.com\/company\/radio-ljubuski","https:\/\/www.youtube.com\/channel\/UCHYaeO_n0Db3tjNGudGpXyw"]},{"@type":"Person","@id":"https:\/\/radioljubuski.ba\/#\/schema\/person\/19fc700381a780f69665d7956c469e3b","name":"Radio Ljubu\u0161ki"}]}},"_links":{"self":[{"href":"https:\/\/radioljubuski.ba\/index.php\/wp-json\/wp\/v2\/posts\/35530","targetHints":{"allow":["GET"]}}],"collection":[{"href":"https:\/\/radioljubuski.ba\/index.php\/wp-json\/wp\/v2\/posts"}],"about":[{"href":"https:\/\/radioljubuski.ba\/index.php\/wp-json\/wp\/v2\/types\/post"}],"author":[{"embeddable":true,"href":"https:\/\/radioljubuski.ba\/index.php\/wp-json\/wp\/v2\/users\/2"}],"replies":[{"embeddable":true,"href":"https:\/\/radioljubuski.ba\/index.php\/wp-json\/wp\/v2\/comments?post=35530"}],"version-history":[{"count":1,"href":"https:\/\/radioljubuski.ba\/index.php\/wp-json\/wp\/v2\/posts\/35530\/revisions"}],"predecessor-version":[{"id":35532,"href":"https:\/\/radioljubuski.ba\/index.php\/wp-json\/wp\/v2\/posts\/35530\/revisions\/35532"}],"wp:featuredmedia":[{"embeddable":true,"href":"https:\/\/radioljubuski.ba\/index.php\/wp-json\/wp\/v2\/media\/35531"}],"wp:attachment":[{"href":"https:\/\/radioljubuski.ba\/index.php\/wp-json\/wp\/v2\/media?parent=35530"}],"wp:term":[{"taxonomy":"category","embeddable":true,"href":"https:\/\/radioljubuski.ba\/index.php\/wp-json\/wp\/v2\/categories?post=35530"},{"taxonomy":"post_tag","embeddable":true,"href":"https:\/\/radioljubuski.ba\/index.php\/wp-json\/wp\/v2\/tags?post=35530"}],"curies":[{"name":"wp","href":"https:\/\/api.w.org\/{rel}","templated":true}]}}