{"id":35563,"date":"2021-06-24T18:15:40","date_gmt":"2021-06-24T17:15:40","guid":{"rendered":"https:\/\/radioljubuski.ba\/?p=35563"},"modified":"2021-06-24T18:15:41","modified_gmt":"2021-06-24T17:15:41","slug":"pronadeno-tijelo-utopljenika-u-grabovickom-jezeru","status":"publish","type":"post","link":"https:\/\/radioljubuski.ba\/index.php\/2021\/06\/24\/pronadeno-tijelo-utopljenika-u-grabovickom-jezeru\/","title":{"rendered":"Prona\u0111eno tijelo utopljenika u Grabovi\u010dkom jezeru"},"content":{"rendered":"\n<p>Pripadnici Specijalisti\u010dkog tima ronilaca, Specijalne policijske jedinice Federalne uprave policije, prona\u0161li su tijelo O.S. koji se utopio u Grabova\u010dkom jezeru. Naime, Policijska uprava Konjic obavijestila je Federalnu upravu policije da je 21. lipnja ove godine prijavljen nestanak &nbsp;O.S (1951.) iz mjesta Lug, op\u0107ina Jablanica, te da se sumnja da se ta osoba utopila u Grabovi\u010dkom jezeru, obzirom da su na obali navedenog jezera prona\u0111eni njegovi osobni predmeti.<\/p>\n\n\n\n<p>Kako je mjesto za koje se sumnja da bi se moglo nalaziti tijelo utopljenika veoma zahtjevno, da se radi o jakim strujama u jezeru, te da na tom terenu ima mnogo podvodnih pe\u0107ina, Federalna uprava policije je zaprimila zahtjev za anga\u017eiranjem Specijalisti\u010dkog tima ronilaca. Oni su tijekom pretrage ciljanog dijela Grabovi\u010dkog jezera nakon 30 minuta prona\u0161li tijelo utopljenika O.S., priop\u0107eno je iz Federalne uprave policije.<\/p>\n\n\n\n<p>Izvor:pogled.ba<\/p>\n","protected":false},"excerpt":{"rendered":"<p>Pripadnici Specijalisti\u010dkog tima ronilaca, Specijalne policijske jedinice Federalne uprave policije, prona\u0161li su tijelo O.S. koji se utopio u Grabova\u010dkom jezeru. Naime, Policijska uprava Konjic obavijestila je Federalnu upravu policije da je 21. lipnja ove godine prijavljen nestanak &nbsp;O.S (1951.) iz mjesta Lug, op\u0107ina Jablanica, te da se sumnja da se ta osoba utopila u Grabovi\u010dkom [&hellip;]<\/p>\n","protected":false},"author":2,"featured_media":35564,"comment_status":"closed","ping_status":"closed","sticky":false,"template":"","format":"standard","meta":{"h5ap_radio_sources":[],"footnotes":""},"categories":[1],"tags":[],"class_list":["post-35563","post","type-post","status-publish","format-standard","has-post-thumbnail","hentry","category-bihiregija"],"yoast_head":"<!-- This site is optimized with the Yoast SEO plugin v27.5 - https:\/\/yoast.com\/product\/yoast-seo-wordpress\/ -->\n<title>Prona\u0111eno tijelo utopljenika u Grabovi\u010dkom jezeru - RADIO LJUBU\u0160KI<\/title>\n<meta name=\"robots\" content=\"index, follow, max-snippet:-1, max-image-preview:large, max-video-preview:-1\" \/>\n<link rel=\"canonical\" href=\"https:\/\/radioljubuski.ba\/index.php\/2021\/06\/24\/pronadeno-tijelo-utopljenika-u-grabovickom-jezeru\/\" \/>\n<meta property=\"og:locale\" content=\"hr_HR\" \/>\n<meta property=\"og:type\" content=\"article\" \/>\n<meta property=\"og:title\" content=\"Prona\u0111eno tijelo utopljenika u Grabovi\u010dkom jezeru - RADIO LJUBU\u0160KI\" \/>\n<meta property=\"og:description\" content=\"Pripadnici Specijalisti\u010dkog tima ronilaca, Specijalne policijske jedinice Federalne uprave policije, prona\u0161li su tijelo O.S. koji se utopio u Grabova\u010dkom jezeru. Naime, Policijska uprava Konjic obavijestila je Federalnu upravu policije da je 21. lipnja ove godine prijavljen nestanak &nbsp;O.S (1951.) iz mjesta Lug, op\u0107ina Jablanica, te da se sumnja da se ta osoba utopila u Grabovi\u010dkom [&hellip;]\" \/>\n<meta property=\"og:url\" content=\"https:\/\/radioljubuski.ba\/index.php\/2021\/06\/24\/pronadeno-tijelo-utopljenika-u-grabovickom-jezeru\/\" \/>\n<meta property=\"og:site_name\" content=\"RADIO LJUBU\u0160KI\" \/>\n<meta property=\"article:publisher\" content=\"https:\/\/www.facebook.com\/Radiio-Ljubuski-1490835324566332\" \/>\n<meta property=\"article:published_time\" content=\"2021-06-24T17:15:40+00:00\" \/>\n<meta property=\"article:modified_time\" content=\"2021-06-24T17:15:41+00:00\" \/>\n<meta property=\"og:image\" content=\"https:\/\/radioljubuski.ba\/wp-content\/uploads\/2021\/06\/3-2021-06-24-19-00-42-tijelo.jpg\" \/>\n\t<meta property=\"og:image:width\" content=\"1000\" \/>\n\t<meta property=\"og:image:height\" content=\"625\" \/>\n\t<meta property=\"og:image:type\" content=\"image\/jpeg\" \/>\n<meta name=\"author\" content=\"Radio Ljubu\u0161ki\" \/>\n<meta name=\"twitter:card\" content=\"summary_large_image\" \/>\n<meta name=\"twitter:creator\" content=\"@radioljubuski\" \/>\n<meta name=\"twitter:site\" content=\"@radioljubuski\" \/>\n<meta name=\"twitter:label1\" content=\"Napisao\/la\" \/>\n\t<meta name=\"twitter:data1\" content=\"Radio Ljubu\u0161ki\" \/>\n\t<meta name=\"twitter:label2\" content=\"Procijenjeno vrijeme \u010ditanja\" \/>\n\t<meta name=\"twitter:data2\" content=\"1 minuta\" \/>\n<script type=\"application\/ld+json\" class=\"yoast-schema-graph\">{\"@context\":\"https:\\\/\\\/schema.org\",\"@graph\":[{\"@type\":\"Article\",\"@id\":\"https:\\\/\\\/radioljubuski.ba\\\/index.php\\\/2021\\\/06\\\/24\\\/pronadeno-tijelo-utopljenika-u-grabovickom-jezeru\\\/#article\",\"isPartOf\":{\"@id\":\"https:\\\/\\\/radioljubuski.ba\\\/index.php\\\/2021\\\/06\\\/24\\\/pronadeno-tijelo-utopljenika-u-grabovickom-jezeru\\\/\"},\"author\":{\"name\":\"Radio Ljubu\u0161ki\",\"@id\":\"https:\\\/\\\/radioljubuski.ba\\\/#\\\/schema\\\/person\\\/19fc700381a780f69665d7956c469e3b\"},\"headline\":\"Prona\u0111eno tijelo utopljenika u Grabovi\u010dkom jezeru\",\"datePublished\":\"2021-06-24T17:15:40+00:00\",\"dateModified\":\"2021-06-24T17:15:41+00:00\",\"mainEntityOfPage\":{\"@id\":\"https:\\\/\\\/radioljubuski.ba\\\/index.php\\\/2021\\\/06\\\/24\\\/pronadeno-tijelo-utopljenika-u-grabovickom-jezeru\\\/\"},\"wordCount\":156,\"publisher\":{\"@id\":\"https:\\\/\\\/radioljubuski.ba\\\/#organization\"},\"image\":{\"@id\":\"https:\\\/\\\/radioljubuski.ba\\\/index.php\\\/2021\\\/06\\\/24\\\/pronadeno-tijelo-utopljenika-u-grabovickom-jezeru\\\/#primaryimage\"},\"thumbnailUrl\":\"https:\\\/\\\/radioljubuski.ba\\\/wp-content\\\/uploads\\\/2021\\\/06\\\/3-2021-06-24-19-00-42-tijelo.jpg\",\"articleSection\":[\"BIH i regija\"],\"inLanguage\":\"hr\"},{\"@type\":\"WebPage\",\"@id\":\"https:\\\/\\\/radioljubuski.ba\\\/index.php\\\/2021\\\/06\\\/24\\\/pronadeno-tijelo-utopljenika-u-grabovickom-jezeru\\\/\",\"url\":\"https:\\\/\\\/radioljubuski.ba\\\/index.php\\\/2021\\\/06\\\/24\\\/pronadeno-tijelo-utopljenika-u-grabovickom-jezeru\\\/\",\"name\":\"Prona\u0111eno tijelo utopljenika u Grabovi\u010dkom jezeru - RADIO LJUBU\u0160KI\",\"isPartOf\":{\"@id\":\"https:\\\/\\\/radioljubuski.ba\\\/#website\"},\"primaryImageOfPage\":{\"@id\":\"https:\\\/\\\/radioljubuski.ba\\\/index.php\\\/2021\\\/06\\\/24\\\/pronadeno-tijelo-utopljenika-u-grabovickom-jezeru\\\/#primaryimage\"},\"image\":{\"@id\":\"https:\\\/\\\/radioljubuski.ba\\\/index.php\\\/2021\\\/06\\\/24\\\/pronadeno-tijelo-utopljenika-u-grabovickom-jezeru\\\/#primaryimage\"},\"thumbnailUrl\":\"https:\\\/\\\/radioljubuski.ba\\\/wp-content\\\/uploads\\\/2021\\\/06\\\/3-2021-06-24-19-00-42-tijelo.jpg\",\"datePublished\":\"2021-06-24T17:15:40+00:00\",\"dateModified\":\"2021-06-24T17:15:41+00:00\",\"breadcrumb\":{\"@id\":\"https:\\\/\\\/radioljubuski.ba\\\/index.php\\\/2021\\\/06\\\/24\\\/pronadeno-tijelo-utopljenika-u-grabovickom-jezeru\\\/#breadcrumb\"},\"inLanguage\":\"hr\",\"potentialAction\":[{\"@type\":\"ReadAction\",\"target\":[\"https:\\\/\\\/radioljubuski.ba\\\/index.php\\\/2021\\\/06\\\/24\\\/pronadeno-tijelo-utopljenika-u-grabovickom-jezeru\\\/\"]}]},{\"@type\":\"ImageObject\",\"inLanguage\":\"hr\",\"@id\":\"https:\\\/\\\/radioljubuski.ba\\\/index.php\\\/2021\\\/06\\\/24\\\/pronadeno-tijelo-utopljenika-u-grabovickom-jezeru\\\/#primaryimage\",\"url\":\"https:\\\/\\\/radioljubuski.ba\\\/wp-content\\\/uploads\\\/2021\\\/06\\\/3-2021-06-24-19-00-42-tijelo.jpg\",\"contentUrl\":\"https:\\\/\\\/radioljubuski.ba\\\/wp-content\\\/uploads\\\/2021\\\/06\\\/3-2021-06-24-19-00-42-tijelo.jpg\",\"width\":1000,\"height\":625},{\"@type\":\"BreadcrumbList\",\"@id\":\"https:\\\/\\\/radioljubuski.ba\\\/index.php\\\/2021\\\/06\\\/24\\\/pronadeno-tijelo-utopljenika-u-grabovickom-jezeru\\\/#breadcrumb\",\"itemListElement\":[{\"@type\":\"ListItem\",\"position\":1,\"name\":\"Po\u010detna stranica\",\"item\":\"https:\\\/\\\/radioljubuski.ba\\\/\"},{\"@type\":\"ListItem\",\"position\":2,\"name\":\"Prona\u0111eno tijelo utopljenika u Grabovi\u010dkom jezeru\"}]},{\"@type\":\"WebSite\",\"@id\":\"https:\\\/\\\/radioljubuski.ba\\\/#website\",\"url\":\"https:\\\/\\\/radioljubuski.ba\\\/\",\"name\":\"Radio Ljubu\u0161ki\",\"description\":\"Sun\u010dana frekvencija Hercegovine\",\"publisher\":{\"@id\":\"https:\\\/\\\/radioljubuski.ba\\\/#organization\"},\"potentialAction\":[{\"@type\":\"SearchAction\",\"target\":{\"@type\":\"EntryPoint\",\"urlTemplate\":\"https:\\\/\\\/radioljubuski.ba\\\/?s={search_term_string}\"},\"query-input\":{\"@type\":\"PropertyValueSpecification\",\"valueRequired\":true,\"valueName\":\"search_term_string\"}}],\"inLanguage\":\"hr\"},{\"@type\":\"Organization\",\"@id\":\"https:\\\/\\\/radioljubuski.ba\\\/#organization\",\"name\":\"Radio Ljubu\u0161ki\",\"url\":\"https:\\\/\\\/radioljubuski.ba\\\/\",\"logo\":{\"@type\":\"ImageObject\",\"inLanguage\":\"hr\",\"@id\":\"https:\\\/\\\/radioljubuski.ba\\\/#\\\/schema\\\/logo\\\/image\\\/\",\"url\":\"https:\\\/\\\/radioljubuski.ba\\\/wp-content\\\/uploads\\\/2021\\\/02\\\/cropped-Radio_Ljubuski_logo1.jpg\",\"contentUrl\":\"https:\\\/\\\/radioljubuski.ba\\\/wp-content\\\/uploads\\\/2021\\\/02\\\/cropped-Radio_Ljubuski_logo1.jpg\",\"width\":512,\"height\":512,\"caption\":\"Radio Ljubu\u0161ki\"},\"image\":{\"@id\":\"https:\\\/\\\/radioljubuski.ba\\\/#\\\/schema\\\/logo\\\/image\\\/\"},\"sameAs\":[\"https:\\\/\\\/www.facebook.com\\\/Radiio-Ljubuski-1490835324566332\",\"https:\\\/\\\/x.com\\\/radioljubuski\",\"https:\\\/\\\/hr.linkedin.com\\\/company\\\/radio-ljubuski\",\"https:\\\/\\\/www.youtube.com\\\/channel\\\/UCHYaeO_n0Db3tjNGudGpXyw\"]},{\"@type\":\"Person\",\"@id\":\"https:\\\/\\\/radioljubuski.ba\\\/#\\\/schema\\\/person\\\/19fc700381a780f69665d7956c469e3b\",\"name\":\"Radio Ljubu\u0161ki\"}]}<\/script>\n<!-- \/ Yoast SEO plugin. -->","yoast_head_json":{"title":"Prona\u0111eno tijelo utopljenika u Grabovi\u010dkom jezeru - RADIO LJUBU\u0160KI","robots":{"index":"index","follow":"follow","max-snippet":"max-snippet:-1","max-image-preview":"max-image-preview:large","max-video-preview":"max-video-preview:-1"},"canonical":"https:\/\/radioljubuski.ba\/index.php\/2021\/06\/24\/pronadeno-tijelo-utopljenika-u-grabovickom-jezeru\/","og_locale":"hr_HR","og_type":"article","og_title":"Prona\u0111eno tijelo utopljenika u Grabovi\u010dkom jezeru - RADIO LJUBU\u0160KI","og_description":"Pripadnici Specijalisti\u010dkog tima ronilaca, Specijalne policijske jedinice Federalne uprave policije, prona\u0161li su tijelo O.S. koji se utopio u Grabova\u010dkom jezeru. Naime, Policijska uprava Konjic obavijestila je Federalnu upravu policije da je 21. lipnja ove godine prijavljen nestanak &nbsp;O.S (1951.) iz mjesta Lug, op\u0107ina Jablanica, te da se sumnja da se ta osoba utopila u Grabovi\u010dkom [&hellip;]","og_url":"https:\/\/radioljubuski.ba\/index.php\/2021\/06\/24\/pronadeno-tijelo-utopljenika-u-grabovickom-jezeru\/","og_site_name":"RADIO LJUBU\u0160KI","article_publisher":"https:\/\/www.facebook.com\/Radiio-Ljubuski-1490835324566332","article_published_time":"2021-06-24T17:15:40+00:00","article_modified_time":"2021-06-24T17:15:41+00:00","og_image":[{"width":1000,"height":625,"url":"https:\/\/radioljubuski.ba\/wp-content\/uploads\/2021\/06\/3-2021-06-24-19-00-42-tijelo.jpg","type":"image\/jpeg"}],"author":"Radio Ljubu\u0161ki","twitter_card":"summary_large_image","twitter_creator":"@radioljubuski","twitter_site":"@radioljubuski","twitter_misc":{"Napisao\/la":"Radio Ljubu\u0161ki","Procijenjeno vrijeme \u010ditanja":"1 minuta"},"schema":{"@context":"https:\/\/schema.org","@graph":[{"@type":"Article","@id":"https:\/\/radioljubuski.ba\/index.php\/2021\/06\/24\/pronadeno-tijelo-utopljenika-u-grabovickom-jezeru\/#article","isPartOf":{"@id":"https:\/\/radioljubuski.ba\/index.php\/2021\/06\/24\/pronadeno-tijelo-utopljenika-u-grabovickom-jezeru\/"},"author":{"name":"Radio Ljubu\u0161ki","@id":"https:\/\/radioljubuski.ba\/#\/schema\/person\/19fc700381a780f69665d7956c469e3b"},"headline":"Prona\u0111eno tijelo utopljenika u Grabovi\u010dkom jezeru","datePublished":"2021-06-24T17:15:40+00:00","dateModified":"2021-06-24T17:15:41+00:00","mainEntityOfPage":{"@id":"https:\/\/radioljubuski.ba\/index.php\/2021\/06\/24\/pronadeno-tijelo-utopljenika-u-grabovickom-jezeru\/"},"wordCount":156,"publisher":{"@id":"https:\/\/radioljubuski.ba\/#organization"},"image":{"@id":"https:\/\/radioljubuski.ba\/index.php\/2021\/06\/24\/pronadeno-tijelo-utopljenika-u-grabovickom-jezeru\/#primaryimage"},"thumbnailUrl":"https:\/\/radioljubuski.ba\/wp-content\/uploads\/2021\/06\/3-2021-06-24-19-00-42-tijelo.jpg","articleSection":["BIH i regija"],"inLanguage":"hr"},{"@type":"WebPage","@id":"https:\/\/radioljubuski.ba\/index.php\/2021\/06\/24\/pronadeno-tijelo-utopljenika-u-grabovickom-jezeru\/","url":"https:\/\/radioljubuski.ba\/index.php\/2021\/06\/24\/pronadeno-tijelo-utopljenika-u-grabovickom-jezeru\/","name":"Prona\u0111eno tijelo utopljenika u Grabovi\u010dkom jezeru - RADIO LJUBU\u0160KI","isPartOf":{"@id":"https:\/\/radioljubuski.ba\/#website"},"primaryImageOfPage":{"@id":"https:\/\/radioljubuski.ba\/index.php\/2021\/06\/24\/pronadeno-tijelo-utopljenika-u-grabovickom-jezeru\/#primaryimage"},"image":{"@id":"https:\/\/radioljubuski.ba\/index.php\/2021\/06\/24\/pronadeno-tijelo-utopljenika-u-grabovickom-jezeru\/#primaryimage"},"thumbnailUrl":"https:\/\/radioljubuski.ba\/wp-content\/uploads\/2021\/06\/3-2021-06-24-19-00-42-tijelo.jpg","datePublished":"2021-06-24T17:15:40+00:00","dateModified":"2021-06-24T17:15:41+00:00","breadcrumb":{"@id":"https:\/\/radioljubuski.ba\/index.php\/2021\/06\/24\/pronadeno-tijelo-utopljenika-u-grabovickom-jezeru\/#breadcrumb"},"inLanguage":"hr","potentialAction":[{"@type":"ReadAction","target":["https:\/\/radioljubuski.ba\/index.php\/2021\/06\/24\/pronadeno-tijelo-utopljenika-u-grabovickom-jezeru\/"]}]},{"@type":"ImageObject","inLanguage":"hr","@id":"https:\/\/radioljubuski.ba\/index.php\/2021\/06\/24\/pronadeno-tijelo-utopljenika-u-grabovickom-jezeru\/#primaryimage","url":"https:\/\/radioljubuski.ba\/wp-content\/uploads\/2021\/06\/3-2021-06-24-19-00-42-tijelo.jpg","contentUrl":"https:\/\/radioljubuski.ba\/wp-content\/uploads\/2021\/06\/3-2021-06-24-19-00-42-tijelo.jpg","width":1000,"height":625},{"@type":"BreadcrumbList","@id":"https:\/\/radioljubuski.ba\/index.php\/2021\/06\/24\/pronadeno-tijelo-utopljenika-u-grabovickom-jezeru\/#breadcrumb","itemListElement":[{"@type":"ListItem","position":1,"name":"Po\u010detna stranica","item":"https:\/\/radioljubuski.ba\/"},{"@type":"ListItem","position":2,"name":"Prona\u0111eno tijelo utopljenika u Grabovi\u010dkom jezeru"}]},{"@type":"WebSite","@id":"https:\/\/radioljubuski.ba\/#website","url":"https:\/\/radioljubuski.ba\/","name":"Radio Ljubu\u0161ki","description":"Sun\u010dana frekvencija Hercegovine","publisher":{"@id":"https:\/\/radioljubuski.ba\/#organization"},"potentialAction":[{"@type":"SearchAction","target":{"@type":"EntryPoint","urlTemplate":"https:\/\/radioljubuski.ba\/?s={search_term_string}"},"query-input":{"@type":"PropertyValueSpecification","valueRequired":true,"valueName":"search_term_string"}}],"inLanguage":"hr"},{"@type":"Organization","@id":"https:\/\/radioljubuski.ba\/#organization","name":"Radio Ljubu\u0161ki","url":"https:\/\/radioljubuski.ba\/","logo":{"@type":"ImageObject","inLanguage":"hr","@id":"https:\/\/radioljubuski.ba\/#\/schema\/logo\/image\/","url":"https:\/\/radioljubuski.ba\/wp-content\/uploads\/2021\/02\/cropped-Radio_Ljubuski_logo1.jpg","contentUrl":"https:\/\/radioljubuski.ba\/wp-content\/uploads\/2021\/02\/cropped-Radio_Ljubuski_logo1.jpg","width":512,"height":512,"caption":"Radio Ljubu\u0161ki"},"image":{"@id":"https:\/\/radioljubuski.ba\/#\/schema\/logo\/image\/"},"sameAs":["https:\/\/www.facebook.com\/Radiio-Ljubuski-1490835324566332","https:\/\/x.com\/radioljubuski","https:\/\/hr.linkedin.com\/company\/radio-ljubuski","https:\/\/www.youtube.com\/channel\/UCHYaeO_n0Db3tjNGudGpXyw"]},{"@type":"Person","@id":"https:\/\/radioljubuski.ba\/#\/schema\/person\/19fc700381a780f69665d7956c469e3b","name":"Radio Ljubu\u0161ki"}]}},"_links":{"self":[{"href":"https:\/\/radioljubuski.ba\/index.php\/wp-json\/wp\/v2\/posts\/35563","targetHints":{"allow":["GET"]}}],"collection":[{"href":"https:\/\/radioljubuski.ba\/index.php\/wp-json\/wp\/v2\/posts"}],"about":[{"href":"https:\/\/radioljubuski.ba\/index.php\/wp-json\/wp\/v2\/types\/post"}],"author":[{"embeddable":true,"href":"https:\/\/radioljubuski.ba\/index.php\/wp-json\/wp\/v2\/users\/2"}],"replies":[{"embeddable":true,"href":"https:\/\/radioljubuski.ba\/index.php\/wp-json\/wp\/v2\/comments?post=35563"}],"version-history":[{"count":1,"href":"https:\/\/radioljubuski.ba\/index.php\/wp-json\/wp\/v2\/posts\/35563\/revisions"}],"predecessor-version":[{"id":35565,"href":"https:\/\/radioljubuski.ba\/index.php\/wp-json\/wp\/v2\/posts\/35563\/revisions\/35565"}],"wp:featuredmedia":[{"embeddable":true,"href":"https:\/\/radioljubuski.ba\/index.php\/wp-json\/wp\/v2\/media\/35564"}],"wp:attachment":[{"href":"https:\/\/radioljubuski.ba\/index.php\/wp-json\/wp\/v2\/media?parent=35563"}],"wp:term":[{"taxonomy":"category","embeddable":true,"href":"https:\/\/radioljubuski.ba\/index.php\/wp-json\/wp\/v2\/categories?post=35563"},{"taxonomy":"post_tag","embeddable":true,"href":"https:\/\/radioljubuski.ba\/index.php\/wp-json\/wp\/v2\/tags?post=35563"}],"curies":[{"name":"wp","href":"https:\/\/api.w.org\/{rel}","templated":true}]}}