{"id":35566,"date":"2021-06-24T18:23:55","date_gmt":"2021-06-24T17:23:55","guid":{"rendered":"https:\/\/radioljubuski.ba\/?p=35566"},"modified":"2021-06-24T18:23:56","modified_gmt":"2021-06-24T17:23:56","slug":"hdz-ova-zastupnica-u-eu-parlamentu-ako-ne-priznaju-konstitutivnost-naroda-u-bih-to-je-protiv-daytona","status":"publish","type":"post","link":"https:\/\/radioljubuski.ba\/index.php\/2021\/06\/24\/hdz-ova-zastupnica-u-eu-parlamentu-ako-ne-priznaju-konstitutivnost-naroda-u-bih-to-je-protiv-daytona\/","title":{"rendered":"HDZ-ova zastupnica u EU parlamentu: Ako ne priznaju konstitutivnost naroda u BiH, to je protiv Daytona"},"content":{"rendered":"\n<p>Ako se ova rezolucija o Bosni i Hercegovini usvoji bez spominjanja konstitutivnosti triju naroda, Europski parlament \u0107e glasati protiv Daytonskog mirovnog sporazuma \u2013 poru\u010duje \u017deljana Zovko, HDZ-ova europarlamentarka i potpredsjednica Odbora za vanjsku politiku (AFET) Europskog parlamenta. Rasprava o izvje\u0161\u0107u o BiH, koje je uz protivljenje triju hrvatskih zastupnika pro\u0161lo na AFET-u bez spominjanja konstitutivnih naroda, sino\u0107 je bila planirana na plenarnoj sjednici EP-a u Bruxellesu, gdje se u \u010detvrtak o tome o\u010dekuje kona\u010dno glasanje. Jo\u0161 je mogu\u0107e da se, budu li izglasani neki amandmani koji nisu pro\u0161li na AFET-u, u tekst rezolucije ubaci konstitutivnost naroda, koncept koji je iznimno va\u017ean Hrvatima, ali izglednije je da ti amandmani ne pro\u0111u.<\/p>\n\n\n\n<p>Sporni prijedlozi zelenih<\/p>\n\n\n\n<p>Od upu\u0107enih izvora neslu\u017ebeno doznajemo da je na jednom sastanku iza zatvorenih vrata, na kojemu su sudjelovali vanjskopoliti\u010dki koordinatori u ime svih klubova zastupnika, \u017deljana Zovko iznijela opaku usporedbu kad je shvatila da klub zelenih, ali i neki iz kluba socijalista, sna\u017eno inzistiraju na tome da se zaustavi spominjanje konstitutivnih naroda. Zovko nam nije \u017eeljela potvrditi te neslu\u017ebene informacije, no navodno je kolegi iz redova zelenih, Nijemcu Reinhardu Buetikoferu, rekla da se takvim ukidanjem ustavnog koncepta naroda bavio i Slobodan Milo\u0161evi\u0107 na po\u010detku raspada Jugoslavije.<\/p>\n\n\n\n<p>Buetikofer je navodno odmah zatra\u017eio ispriku, no nema informacija da ju je i dobio. Ne samo da se u srijedu \u010dinilo da amandmani koji spominju konstitutivnost naroda u BiH nemaju dovoljnu potporu u EP-u, nego su se na plenarnoj sjednici pojavili i amandmani kojima bi se, budu li usvojeni, prozivalo Hrvatsku za ilegalne \u201cpushbackove\u201d, tj. nasilno vra\u0107anje neregularnih migranata iz Hrvatske u BiH, te za kr\u0161enje suvereniteta BiH. Ovo prvo, \u201cpushbackove\u201d od strane \u201csusjednih dr\u017eava \u010dlanica EU\u201d (a BiH grani\u010di samo s jednom takvom) u amandmanu predla\u017ee klub zelenih i njema\u010dki SPD-ovac Dietmar Koester.<\/p>\n\n\n\n<p>\u2018Susjedi kr\u0161e suverenitet BiH\u2019<\/p>\n\n\n\n<p>Ovo drugo spominje se u amandmanu koji je predlo\u017eio klub zelenih, a kojim se tra\u017ei da EP \u201csna\u017eno osu\u0111uje \u010dinjenicu da susjedi BiH kontinuirano kr\u0161e teritorijalnu cjelovitost i suverenitet te zemlje projektima za koje nadle\u017ena tijela BiH nisu dala odobrenje, primjerice gradnjom hidroelektrane Buk Bijela na Drini, koju financira Srbija, i polaganjem plinovoda ispod korita Save, \u0161to \u010dine hrvatska poduze\u0107a\u201d.<\/p>\n\n\n\n<p>Izvor:vecernji.ba<\/p>\n","protected":false},"excerpt":{"rendered":"<p>Ako se ova rezolucija o Bosni i Hercegovini usvoji bez spominjanja konstitutivnosti triju naroda, Europski parlament \u0107e glasati protiv Daytonskog mirovnog sporazuma \u2013 poru\u010duje \u017deljana Zovko, HDZ-ova europarlamentarka i potpredsjednica Odbora za vanjsku politiku (AFET) Europskog parlamenta. Rasprava o izvje\u0161\u0107u o BiH, koje je uz protivljenje triju hrvatskih zastupnika pro\u0161lo na AFET-u bez spominjanja konstitutivnih [&hellip;]<\/p>\n","protected":false},"author":2,"featured_media":35567,"comment_status":"closed","ping_status":"closed","sticky":false,"template":"","format":"standard","meta":{"h5ap_radio_sources":[],"footnotes":""},"categories":[1],"tags":[],"class_list":["post-35566","post","type-post","status-publish","format-standard","has-post-thumbnail","hentry","category-bihiregija"],"yoast_head":"<!-- This site is optimized with the Yoast SEO plugin v27.5 - https:\/\/yoast.com\/product\/yoast-seo-wordpress\/ -->\n<title>HDZ-ova zastupnica u EU parlamentu: Ako ne priznaju konstitutivnost naroda u BiH, to je protiv Daytona - RADIO LJUBU\u0160KI<\/title>\n<meta name=\"robots\" content=\"index, follow, max-snippet:-1, max-image-preview:large, max-video-preview:-1\" \/>\n<link rel=\"canonical\" href=\"https:\/\/radioljubuski.ba\/index.php\/2021\/06\/24\/hdz-ova-zastupnica-u-eu-parlamentu-ako-ne-priznaju-konstitutivnost-naroda-u-bih-to-je-protiv-daytona\/\" \/>\n<meta property=\"og:locale\" content=\"hr_HR\" \/>\n<meta property=\"og:type\" content=\"article\" \/>\n<meta property=\"og:title\" content=\"HDZ-ova zastupnica u EU parlamentu: Ako ne priznaju konstitutivnost naroda u BiH, to je protiv Daytona - RADIO LJUBU\u0160KI\" \/>\n<meta property=\"og:description\" content=\"Ako se ova rezolucija o Bosni i Hercegovini usvoji bez spominjanja konstitutivnosti triju naroda, Europski parlament \u0107e glasati protiv Daytonskog mirovnog sporazuma \u2013 poru\u010duje \u017deljana Zovko, HDZ-ova europarlamentarka i potpredsjednica Odbora za vanjsku politiku (AFET) Europskog parlamenta. Rasprava o izvje\u0161\u0107u o BiH, koje je uz protivljenje triju hrvatskih zastupnika pro\u0161lo na AFET-u bez spominjanja konstitutivnih [&hellip;]\" \/>\n<meta property=\"og:url\" content=\"https:\/\/radioljubuski.ba\/index.php\/2021\/06\/24\/hdz-ova-zastupnica-u-eu-parlamentu-ako-ne-priznaju-konstitutivnost-naroda-u-bih-to-je-protiv-daytona\/\" \/>\n<meta property=\"og:site_name\" content=\"RADIO LJUBU\u0160KI\" \/>\n<meta property=\"article:publisher\" content=\"https:\/\/www.facebook.com\/Radiio-Ljubuski-1490835324566332\" \/>\n<meta property=\"article:published_time\" content=\"2021-06-24T17:23:55+00:00\" \/>\n<meta property=\"article:modified_time\" content=\"2021-06-24T17:23:56+00:00\" \/>\n<meta property=\"og:image\" content=\"https:\/\/radioljubuski.ba\/wp-content\/uploads\/2021\/06\/zovko.jpg\" \/>\n\t<meta property=\"og:image:width\" content=\"1000\" \/>\n\t<meta property=\"og:image:height\" content=\"625\" \/>\n\t<meta property=\"og:image:type\" content=\"image\/jpeg\" \/>\n<meta name=\"author\" content=\"Radio Ljubu\u0161ki\" \/>\n<meta name=\"twitter:card\" content=\"summary_large_image\" \/>\n<meta name=\"twitter:creator\" content=\"@radioljubuski\" \/>\n<meta name=\"twitter:site\" content=\"@radioljubuski\" \/>\n<meta name=\"twitter:label1\" content=\"Napisao\/la\" \/>\n\t<meta name=\"twitter:data1\" content=\"Radio Ljubu\u0161ki\" \/>\n\t<meta name=\"twitter:label2\" content=\"Procijenjeno vrijeme \u010ditanja\" \/>\n\t<meta name=\"twitter:data2\" content=\"2 minute\" \/>\n<script type=\"application\/ld+json\" class=\"yoast-schema-graph\">{\"@context\":\"https:\\\/\\\/schema.org\",\"@graph\":[{\"@type\":\"Article\",\"@id\":\"https:\\\/\\\/radioljubuski.ba\\\/index.php\\\/2021\\\/06\\\/24\\\/hdz-ova-zastupnica-u-eu-parlamentu-ako-ne-priznaju-konstitutivnost-naroda-u-bih-to-je-protiv-daytona\\\/#article\",\"isPartOf\":{\"@id\":\"https:\\\/\\\/radioljubuski.ba\\\/index.php\\\/2021\\\/06\\\/24\\\/hdz-ova-zastupnica-u-eu-parlamentu-ako-ne-priznaju-konstitutivnost-naroda-u-bih-to-je-protiv-daytona\\\/\"},\"author\":{\"name\":\"Radio Ljubu\u0161ki\",\"@id\":\"https:\\\/\\\/radioljubuski.ba\\\/#\\\/schema\\\/person\\\/19fc700381a780f69665d7956c469e3b\"},\"headline\":\"HDZ-ova zastupnica u EU parlamentu: Ako ne priznaju konstitutivnost naroda u BiH, to je protiv Daytona\",\"datePublished\":\"2021-06-24T17:23:55+00:00\",\"dateModified\":\"2021-06-24T17:23:56+00:00\",\"mainEntityOfPage\":{\"@id\":\"https:\\\/\\\/radioljubuski.ba\\\/index.php\\\/2021\\\/06\\\/24\\\/hdz-ova-zastupnica-u-eu-parlamentu-ako-ne-priznaju-konstitutivnost-naroda-u-bih-to-je-protiv-daytona\\\/\"},\"wordCount\":405,\"publisher\":{\"@id\":\"https:\\\/\\\/radioljubuski.ba\\\/#organization\"},\"image\":{\"@id\":\"https:\\\/\\\/radioljubuski.ba\\\/index.php\\\/2021\\\/06\\\/24\\\/hdz-ova-zastupnica-u-eu-parlamentu-ako-ne-priznaju-konstitutivnost-naroda-u-bih-to-je-protiv-daytona\\\/#primaryimage\"},\"thumbnailUrl\":\"https:\\\/\\\/radioljubuski.ba\\\/wp-content\\\/uploads\\\/2021\\\/06\\\/zovko.jpg\",\"articleSection\":[\"BIH i regija\"],\"inLanguage\":\"hr\"},{\"@type\":\"WebPage\",\"@id\":\"https:\\\/\\\/radioljubuski.ba\\\/index.php\\\/2021\\\/06\\\/24\\\/hdz-ova-zastupnica-u-eu-parlamentu-ako-ne-priznaju-konstitutivnost-naroda-u-bih-to-je-protiv-daytona\\\/\",\"url\":\"https:\\\/\\\/radioljubuski.ba\\\/index.php\\\/2021\\\/06\\\/24\\\/hdz-ova-zastupnica-u-eu-parlamentu-ako-ne-priznaju-konstitutivnost-naroda-u-bih-to-je-protiv-daytona\\\/\",\"name\":\"HDZ-ova zastupnica u EU parlamentu: Ako ne priznaju konstitutivnost naroda u BiH, to je protiv Daytona - RADIO LJUBU\u0160KI\",\"isPartOf\":{\"@id\":\"https:\\\/\\\/radioljubuski.ba\\\/#website\"},\"primaryImageOfPage\":{\"@id\":\"https:\\\/\\\/radioljubuski.ba\\\/index.php\\\/2021\\\/06\\\/24\\\/hdz-ova-zastupnica-u-eu-parlamentu-ako-ne-priznaju-konstitutivnost-naroda-u-bih-to-je-protiv-daytona\\\/#primaryimage\"},\"image\":{\"@id\":\"https:\\\/\\\/radioljubuski.ba\\\/index.php\\\/2021\\\/06\\\/24\\\/hdz-ova-zastupnica-u-eu-parlamentu-ako-ne-priznaju-konstitutivnost-naroda-u-bih-to-je-protiv-daytona\\\/#primaryimage\"},\"thumbnailUrl\":\"https:\\\/\\\/radioljubuski.ba\\\/wp-content\\\/uploads\\\/2021\\\/06\\\/zovko.jpg\",\"datePublished\":\"2021-06-24T17:23:55+00:00\",\"dateModified\":\"2021-06-24T17:23:56+00:00\",\"breadcrumb\":{\"@id\":\"https:\\\/\\\/radioljubuski.ba\\\/index.php\\\/2021\\\/06\\\/24\\\/hdz-ova-zastupnica-u-eu-parlamentu-ako-ne-priznaju-konstitutivnost-naroda-u-bih-to-je-protiv-daytona\\\/#breadcrumb\"},\"inLanguage\":\"hr\",\"potentialAction\":[{\"@type\":\"ReadAction\",\"target\":[\"https:\\\/\\\/radioljubuski.ba\\\/index.php\\\/2021\\\/06\\\/24\\\/hdz-ova-zastupnica-u-eu-parlamentu-ako-ne-priznaju-konstitutivnost-naroda-u-bih-to-je-protiv-daytona\\\/\"]}]},{\"@type\":\"ImageObject\",\"inLanguage\":\"hr\",\"@id\":\"https:\\\/\\\/radioljubuski.ba\\\/index.php\\\/2021\\\/06\\\/24\\\/hdz-ova-zastupnica-u-eu-parlamentu-ako-ne-priznaju-konstitutivnost-naroda-u-bih-to-je-protiv-daytona\\\/#primaryimage\",\"url\":\"https:\\\/\\\/radioljubuski.ba\\\/wp-content\\\/uploads\\\/2021\\\/06\\\/zovko.jpg\",\"contentUrl\":\"https:\\\/\\\/radioljubuski.ba\\\/wp-content\\\/uploads\\\/2021\\\/06\\\/zovko.jpg\",\"width\":1000,\"height\":625},{\"@type\":\"BreadcrumbList\",\"@id\":\"https:\\\/\\\/radioljubuski.ba\\\/index.php\\\/2021\\\/06\\\/24\\\/hdz-ova-zastupnica-u-eu-parlamentu-ako-ne-priznaju-konstitutivnost-naroda-u-bih-to-je-protiv-daytona\\\/#breadcrumb\",\"itemListElement\":[{\"@type\":\"ListItem\",\"position\":1,\"name\":\"Po\u010detna stranica\",\"item\":\"https:\\\/\\\/radioljubuski.ba\\\/\"},{\"@type\":\"ListItem\",\"position\":2,\"name\":\"HDZ-ova zastupnica u EU parlamentu: Ako ne priznaju konstitutivnost naroda u BiH, to je protiv Daytona\"}]},{\"@type\":\"WebSite\",\"@id\":\"https:\\\/\\\/radioljubuski.ba\\\/#website\",\"url\":\"https:\\\/\\\/radioljubuski.ba\\\/\",\"name\":\"Radio Ljubu\u0161ki\",\"description\":\"Sun\u010dana frekvencija Hercegovine\",\"publisher\":{\"@id\":\"https:\\\/\\\/radioljubuski.ba\\\/#organization\"},\"potentialAction\":[{\"@type\":\"SearchAction\",\"target\":{\"@type\":\"EntryPoint\",\"urlTemplate\":\"https:\\\/\\\/radioljubuski.ba\\\/?s={search_term_string}\"},\"query-input\":{\"@type\":\"PropertyValueSpecification\",\"valueRequired\":true,\"valueName\":\"search_term_string\"}}],\"inLanguage\":\"hr\"},{\"@type\":\"Organization\",\"@id\":\"https:\\\/\\\/radioljubuski.ba\\\/#organization\",\"name\":\"Radio Ljubu\u0161ki\",\"url\":\"https:\\\/\\\/radioljubuski.ba\\\/\",\"logo\":{\"@type\":\"ImageObject\",\"inLanguage\":\"hr\",\"@id\":\"https:\\\/\\\/radioljubuski.ba\\\/#\\\/schema\\\/logo\\\/image\\\/\",\"url\":\"https:\\\/\\\/radioljubuski.ba\\\/wp-content\\\/uploads\\\/2021\\\/02\\\/cropped-Radio_Ljubuski_logo1.jpg\",\"contentUrl\":\"https:\\\/\\\/radioljubuski.ba\\\/wp-content\\\/uploads\\\/2021\\\/02\\\/cropped-Radio_Ljubuski_logo1.jpg\",\"width\":512,\"height\":512,\"caption\":\"Radio Ljubu\u0161ki\"},\"image\":{\"@id\":\"https:\\\/\\\/radioljubuski.ba\\\/#\\\/schema\\\/logo\\\/image\\\/\"},\"sameAs\":[\"https:\\\/\\\/www.facebook.com\\\/Radiio-Ljubuski-1490835324566332\",\"https:\\\/\\\/x.com\\\/radioljubuski\",\"https:\\\/\\\/hr.linkedin.com\\\/company\\\/radio-ljubuski\",\"https:\\\/\\\/www.youtube.com\\\/channel\\\/UCHYaeO_n0Db3tjNGudGpXyw\"]},{\"@type\":\"Person\",\"@id\":\"https:\\\/\\\/radioljubuski.ba\\\/#\\\/schema\\\/person\\\/19fc700381a780f69665d7956c469e3b\",\"name\":\"Radio Ljubu\u0161ki\"}]}<\/script>\n<!-- \/ Yoast SEO plugin. -->","yoast_head_json":{"title":"HDZ-ova zastupnica u EU parlamentu: Ako ne priznaju konstitutivnost naroda u BiH, to je protiv Daytona - RADIO LJUBU\u0160KI","robots":{"index":"index","follow":"follow","max-snippet":"max-snippet:-1","max-image-preview":"max-image-preview:large","max-video-preview":"max-video-preview:-1"},"canonical":"https:\/\/radioljubuski.ba\/index.php\/2021\/06\/24\/hdz-ova-zastupnica-u-eu-parlamentu-ako-ne-priznaju-konstitutivnost-naroda-u-bih-to-je-protiv-daytona\/","og_locale":"hr_HR","og_type":"article","og_title":"HDZ-ova zastupnica u EU parlamentu: Ako ne priznaju konstitutivnost naroda u BiH, to je protiv Daytona - RADIO LJUBU\u0160KI","og_description":"Ako se ova rezolucija o Bosni i Hercegovini usvoji bez spominjanja konstitutivnosti triju naroda, Europski parlament \u0107e glasati protiv Daytonskog mirovnog sporazuma \u2013 poru\u010duje \u017deljana Zovko, HDZ-ova europarlamentarka i potpredsjednica Odbora za vanjsku politiku (AFET) Europskog parlamenta. Rasprava o izvje\u0161\u0107u o BiH, koje je uz protivljenje triju hrvatskih zastupnika pro\u0161lo na AFET-u bez spominjanja konstitutivnih [&hellip;]","og_url":"https:\/\/radioljubuski.ba\/index.php\/2021\/06\/24\/hdz-ova-zastupnica-u-eu-parlamentu-ako-ne-priznaju-konstitutivnost-naroda-u-bih-to-je-protiv-daytona\/","og_site_name":"RADIO LJUBU\u0160KI","article_publisher":"https:\/\/www.facebook.com\/Radiio-Ljubuski-1490835324566332","article_published_time":"2021-06-24T17:23:55+00:00","article_modified_time":"2021-06-24T17:23:56+00:00","og_image":[{"width":1000,"height":625,"url":"https:\/\/radioljubuski.ba\/wp-content\/uploads\/2021\/06\/zovko.jpg","type":"image\/jpeg"}],"author":"Radio Ljubu\u0161ki","twitter_card":"summary_large_image","twitter_creator":"@radioljubuski","twitter_site":"@radioljubuski","twitter_misc":{"Napisao\/la":"Radio Ljubu\u0161ki","Procijenjeno vrijeme \u010ditanja":"2 minute"},"schema":{"@context":"https:\/\/schema.org","@graph":[{"@type":"Article","@id":"https:\/\/radioljubuski.ba\/index.php\/2021\/06\/24\/hdz-ova-zastupnica-u-eu-parlamentu-ako-ne-priznaju-konstitutivnost-naroda-u-bih-to-je-protiv-daytona\/#article","isPartOf":{"@id":"https:\/\/radioljubuski.ba\/index.php\/2021\/06\/24\/hdz-ova-zastupnica-u-eu-parlamentu-ako-ne-priznaju-konstitutivnost-naroda-u-bih-to-je-protiv-daytona\/"},"author":{"name":"Radio Ljubu\u0161ki","@id":"https:\/\/radioljubuski.ba\/#\/schema\/person\/19fc700381a780f69665d7956c469e3b"},"headline":"HDZ-ova zastupnica u EU parlamentu: Ako ne priznaju konstitutivnost naroda u BiH, to je protiv Daytona","datePublished":"2021-06-24T17:23:55+00:00","dateModified":"2021-06-24T17:23:56+00:00","mainEntityOfPage":{"@id":"https:\/\/radioljubuski.ba\/index.php\/2021\/06\/24\/hdz-ova-zastupnica-u-eu-parlamentu-ako-ne-priznaju-konstitutivnost-naroda-u-bih-to-je-protiv-daytona\/"},"wordCount":405,"publisher":{"@id":"https:\/\/radioljubuski.ba\/#organization"},"image":{"@id":"https:\/\/radioljubuski.ba\/index.php\/2021\/06\/24\/hdz-ova-zastupnica-u-eu-parlamentu-ako-ne-priznaju-konstitutivnost-naroda-u-bih-to-je-protiv-daytona\/#primaryimage"},"thumbnailUrl":"https:\/\/radioljubuski.ba\/wp-content\/uploads\/2021\/06\/zovko.jpg","articleSection":["BIH i regija"],"inLanguage":"hr"},{"@type":"WebPage","@id":"https:\/\/radioljubuski.ba\/index.php\/2021\/06\/24\/hdz-ova-zastupnica-u-eu-parlamentu-ako-ne-priznaju-konstitutivnost-naroda-u-bih-to-je-protiv-daytona\/","url":"https:\/\/radioljubuski.ba\/index.php\/2021\/06\/24\/hdz-ova-zastupnica-u-eu-parlamentu-ako-ne-priznaju-konstitutivnost-naroda-u-bih-to-je-protiv-daytona\/","name":"HDZ-ova zastupnica u EU parlamentu: Ako ne priznaju konstitutivnost naroda u BiH, to je protiv Daytona - RADIO LJUBU\u0160KI","isPartOf":{"@id":"https:\/\/radioljubuski.ba\/#website"},"primaryImageOfPage":{"@id":"https:\/\/radioljubuski.ba\/index.php\/2021\/06\/24\/hdz-ova-zastupnica-u-eu-parlamentu-ako-ne-priznaju-konstitutivnost-naroda-u-bih-to-je-protiv-daytona\/#primaryimage"},"image":{"@id":"https:\/\/radioljubuski.ba\/index.php\/2021\/06\/24\/hdz-ova-zastupnica-u-eu-parlamentu-ako-ne-priznaju-konstitutivnost-naroda-u-bih-to-je-protiv-daytona\/#primaryimage"},"thumbnailUrl":"https:\/\/radioljubuski.ba\/wp-content\/uploads\/2021\/06\/zovko.jpg","datePublished":"2021-06-24T17:23:55+00:00","dateModified":"2021-06-24T17:23:56+00:00","breadcrumb":{"@id":"https:\/\/radioljubuski.ba\/index.php\/2021\/06\/24\/hdz-ova-zastupnica-u-eu-parlamentu-ako-ne-priznaju-konstitutivnost-naroda-u-bih-to-je-protiv-daytona\/#breadcrumb"},"inLanguage":"hr","potentialAction":[{"@type":"ReadAction","target":["https:\/\/radioljubuski.ba\/index.php\/2021\/06\/24\/hdz-ova-zastupnica-u-eu-parlamentu-ako-ne-priznaju-konstitutivnost-naroda-u-bih-to-je-protiv-daytona\/"]}]},{"@type":"ImageObject","inLanguage":"hr","@id":"https:\/\/radioljubuski.ba\/index.php\/2021\/06\/24\/hdz-ova-zastupnica-u-eu-parlamentu-ako-ne-priznaju-konstitutivnost-naroda-u-bih-to-je-protiv-daytona\/#primaryimage","url":"https:\/\/radioljubuski.ba\/wp-content\/uploads\/2021\/06\/zovko.jpg","contentUrl":"https:\/\/radioljubuski.ba\/wp-content\/uploads\/2021\/06\/zovko.jpg","width":1000,"height":625},{"@type":"BreadcrumbList","@id":"https:\/\/radioljubuski.ba\/index.php\/2021\/06\/24\/hdz-ova-zastupnica-u-eu-parlamentu-ako-ne-priznaju-konstitutivnost-naroda-u-bih-to-je-protiv-daytona\/#breadcrumb","itemListElement":[{"@type":"ListItem","position":1,"name":"Po\u010detna stranica","item":"https:\/\/radioljubuski.ba\/"},{"@type":"ListItem","position":2,"name":"HDZ-ova zastupnica u EU parlamentu: Ako ne priznaju konstitutivnost naroda u BiH, to je protiv Daytona"}]},{"@type":"WebSite","@id":"https:\/\/radioljubuski.ba\/#website","url":"https:\/\/radioljubuski.ba\/","name":"Radio Ljubu\u0161ki","description":"Sun\u010dana frekvencija Hercegovine","publisher":{"@id":"https:\/\/radioljubuski.ba\/#organization"},"potentialAction":[{"@type":"SearchAction","target":{"@type":"EntryPoint","urlTemplate":"https:\/\/radioljubuski.ba\/?s={search_term_string}"},"query-input":{"@type":"PropertyValueSpecification","valueRequired":true,"valueName":"search_term_string"}}],"inLanguage":"hr"},{"@type":"Organization","@id":"https:\/\/radioljubuski.ba\/#organization","name":"Radio Ljubu\u0161ki","url":"https:\/\/radioljubuski.ba\/","logo":{"@type":"ImageObject","inLanguage":"hr","@id":"https:\/\/radioljubuski.ba\/#\/schema\/logo\/image\/","url":"https:\/\/radioljubuski.ba\/wp-content\/uploads\/2021\/02\/cropped-Radio_Ljubuski_logo1.jpg","contentUrl":"https:\/\/radioljubuski.ba\/wp-content\/uploads\/2021\/02\/cropped-Radio_Ljubuski_logo1.jpg","width":512,"height":512,"caption":"Radio Ljubu\u0161ki"},"image":{"@id":"https:\/\/radioljubuski.ba\/#\/schema\/logo\/image\/"},"sameAs":["https:\/\/www.facebook.com\/Radiio-Ljubuski-1490835324566332","https:\/\/x.com\/radioljubuski","https:\/\/hr.linkedin.com\/company\/radio-ljubuski","https:\/\/www.youtube.com\/channel\/UCHYaeO_n0Db3tjNGudGpXyw"]},{"@type":"Person","@id":"https:\/\/radioljubuski.ba\/#\/schema\/person\/19fc700381a780f69665d7956c469e3b","name":"Radio Ljubu\u0161ki"}]}},"_links":{"self":[{"href":"https:\/\/radioljubuski.ba\/index.php\/wp-json\/wp\/v2\/posts\/35566","targetHints":{"allow":["GET"]}}],"collection":[{"href":"https:\/\/radioljubuski.ba\/index.php\/wp-json\/wp\/v2\/posts"}],"about":[{"href":"https:\/\/radioljubuski.ba\/index.php\/wp-json\/wp\/v2\/types\/post"}],"author":[{"embeddable":true,"href":"https:\/\/radioljubuski.ba\/index.php\/wp-json\/wp\/v2\/users\/2"}],"replies":[{"embeddable":true,"href":"https:\/\/radioljubuski.ba\/index.php\/wp-json\/wp\/v2\/comments?post=35566"}],"version-history":[{"count":1,"href":"https:\/\/radioljubuski.ba\/index.php\/wp-json\/wp\/v2\/posts\/35566\/revisions"}],"predecessor-version":[{"id":35568,"href":"https:\/\/radioljubuski.ba\/index.php\/wp-json\/wp\/v2\/posts\/35566\/revisions\/35568"}],"wp:featuredmedia":[{"embeddable":true,"href":"https:\/\/radioljubuski.ba\/index.php\/wp-json\/wp\/v2\/media\/35567"}],"wp:attachment":[{"href":"https:\/\/radioljubuski.ba\/index.php\/wp-json\/wp\/v2\/media?parent=35566"}],"wp:term":[{"taxonomy":"category","embeddable":true,"href":"https:\/\/radioljubuski.ba\/index.php\/wp-json\/wp\/v2\/categories?post=35566"},{"taxonomy":"post_tag","embeddable":true,"href":"https:\/\/radioljubuski.ba\/index.php\/wp-json\/wp\/v2\/tags?post=35566"}],"curies":[{"name":"wp","href":"https:\/\/api.w.org\/{rel}","templated":true}]}}