{"id":35569,"date":"2021-06-24T18:26:04","date_gmt":"2021-06-24T17:26:04","guid":{"rendered":"https:\/\/radioljubuski.ba\/?p=35569"},"modified":"2021-06-24T18:26:05","modified_gmt":"2021-06-24T17:26:05","slug":"plenkovic-bilo-bi-dobro-da-se-u-eu-rezoluciji-o-bih-spomenu-konstitutivni-narodi","status":"publish","type":"post","link":"https:\/\/radioljubuski.ba\/index.php\/2021\/06\/24\/plenkovic-bilo-bi-dobro-da-se-u-eu-rezoluciji-o-bih-spomenu-konstitutivni-narodi\/","title":{"rendered":"Plenkovi\u0107: Bilo bi dobro da se u EU rezoluciji o BiH spomenu konstitutivni narodi"},"content":{"rendered":"\n<p>Za dobro funkcioniranje Bosne i Hercegovine bitno je da se svi konstitutivni narodi i gra\u0111ani osje\u0107aju dobro, izjavio je u \u010detvrtak u Bruxellesu hrvatski premijer Andrej Plenkovi\u0107.<\/p>\n\n\n\n<p>Plenkovi\u0107 je po dolasku na summit Europske unije komentirao nastojanja Europske pu\u010dke stranke i HDZ-a da se u rezoluciji o napretku Bosne i Hercegovine spomene konstitutivnost triju naroda u BiH. Taj amandman u \u010detvrtak nije dobio ve\u0107insku potporu zastupnika Europskog parlamenta.<\/p>\n\n\n\n<p>&#8220;Za harmoni\u010dno funkcioniranje Bosne i Hercegovine dobro je da se sva tri konstitutivna naroda i drugi gra\u0111ani dobro osje\u0107aju. To je ideja koju smatramo dobrom, nije dobro preglasavanje i nije dobar in\u017eenjering&#8221;, rekao je Plenkovi\u0107.<\/p>\n\n\n\n<p>&#8220;\u0160togod pisalo u toj rezoluciji, bilo bi dobro da se spomenu konstitutivni narodi jer mislim da je to pozitivno. To ne\u0107e promijeniti \u010dinjenicu da u BiH postoje tri konstitutivna naroda. Ono \u0161to je va\u017eno jest da se postigne konsenzus oko izborne reforme koja \u0107e omogu\u0107iti legitimnu zastupljenost sva tri naroda u institucijama i bolje funkcioniranje&#8221;, rekao je Plenkovi\u0107.<\/p>\n\n\n\n<p>Plenkovi\u0107 je rekao da je razgovarao i s autorom izvje\u0161\u0107a o BiH Paulom Rangelom, portugalskim zastupnikom iz redova EPP-a.<\/p>\n\n\n\n<p>Ka\u017ee da je od Rangela doznao da EPP podr\u017eava prijedlog da se u rezoluciju ubaci referenca o konstitutivnim narodima, ali da se tome protive liberali i zeleni te da se \u010dini da ni socijalisti nisu skloni tome.<\/p>\n\n\n\n<p>&#8220;Mo\u017eemo re\u0107i da su EPP i HDZ bili za, a ostale politi\u010dke skupine su bile protiv&#8221;, rekao je Plenkovi\u0107.<\/p>\n\n\n\n<p>Plenkovi\u0107 dodaje da u rezoluciji u cjelini ima vi\u0161e pozitivnih stvari. Daytonski mirovni sporazum se spominje vi\u0161e puta, spominju se presude Europskog suda za ljudska prava i presude Ustavnog suda Bosne i Hercegovine. Tako\u0111er se pozdravlja dogovor \u010delnika HDZ-a BiH i SDA Dragana \u010covi\u0107a i Bakira Izetbegovi\u0107a, koji je omogu\u0107io da se u Mostaru nakon 12 godina odr\u017ee izbori.<\/p>\n\n\n\n<p>Plenkovi\u0107 je istaknuo da politi\u010dke institucije u BiH i politi\u010dke stranke trebaju same posti\u0107i dogovor o reformi izbornog sustava.<\/p>\n\n\n\n<p>Izvor:pogled.ba<\/p>\n","protected":false},"excerpt":{"rendered":"<p>Za dobro funkcioniranje Bosne i Hercegovine bitno je da se svi konstitutivni narodi i gra\u0111ani osje\u0107aju dobro, izjavio je u \u010detvrtak u Bruxellesu hrvatski premijer Andrej Plenkovi\u0107. Plenkovi\u0107 je po dolasku na summit Europske unije komentirao nastojanja Europske pu\u010dke stranke i HDZ-a da se u rezoluciji o napretku Bosne i Hercegovine spomene konstitutivnost triju naroda [&hellip;]<\/p>\n","protected":false},"author":2,"featured_media":30966,"comment_status":"closed","ping_status":"closed","sticky":false,"template":"","format":"standard","meta":{"h5ap_radio_sources":[],"footnotes":""},"categories":[1],"tags":[],"class_list":["post-35569","post","type-post","status-publish","format-standard","has-post-thumbnail","hentry","category-bihiregija"],"yoast_head":"<!-- This site is optimized with the Yoast SEO plugin v27.5 - https:\/\/yoast.com\/product\/yoast-seo-wordpress\/ -->\n<title>Plenkovi\u0107: Bilo bi dobro da se u EU rezoluciji o BiH spomenu konstitutivni narodi - RADIO LJUBU\u0160KI<\/title>\n<meta name=\"robots\" content=\"index, follow, max-snippet:-1, max-image-preview:large, max-video-preview:-1\" \/>\n<link rel=\"canonical\" href=\"https:\/\/radioljubuski.ba\/index.php\/2021\/06\/24\/plenkovic-bilo-bi-dobro-da-se-u-eu-rezoluciji-o-bih-spomenu-konstitutivni-narodi\/\" \/>\n<meta property=\"og:locale\" content=\"hr_HR\" \/>\n<meta property=\"og:type\" content=\"article\" \/>\n<meta property=\"og:title\" content=\"Plenkovi\u0107: Bilo bi dobro da se u EU rezoluciji o BiH spomenu konstitutivni narodi - RADIO LJUBU\u0160KI\" \/>\n<meta property=\"og:description\" content=\"Za dobro funkcioniranje Bosne i Hercegovine bitno je da se svi konstitutivni narodi i gra\u0111ani osje\u0107aju dobro, izjavio je u \u010detvrtak u Bruxellesu hrvatski premijer Andrej Plenkovi\u0107. Plenkovi\u0107 je po dolasku na summit Europske unije komentirao nastojanja Europske pu\u010dke stranke i HDZ-a da se u rezoluciji o napretku Bosne i Hercegovine spomene konstitutivnost triju naroda [&hellip;]\" \/>\n<meta property=\"og:url\" content=\"https:\/\/radioljubuski.ba\/index.php\/2021\/06\/24\/plenkovic-bilo-bi-dobro-da-se-u-eu-rezoluciji-o-bih-spomenu-konstitutivni-narodi\/\" \/>\n<meta property=\"og:site_name\" content=\"RADIO LJUBU\u0160KI\" \/>\n<meta property=\"article:publisher\" content=\"https:\/\/www.facebook.com\/Radiio-Ljubuski-1490835324566332\" \/>\n<meta property=\"article:published_time\" content=\"2021-06-24T17:26:04+00:00\" \/>\n<meta property=\"article:modified_time\" content=\"2021-06-24T17:26:05+00:00\" \/>\n<meta property=\"og:image\" content=\"https:\/\/radioljubuski.ba\/wp-content\/uploads\/2021\/06\/plenkovic-vitez.jpeg\" \/>\n\t<meta property=\"og:image:width\" content=\"800\" \/>\n\t<meta property=\"og:image:height\" content=\"505\" \/>\n\t<meta property=\"og:image:type\" content=\"image\/jpeg\" \/>\n<meta name=\"author\" content=\"Radio Ljubu\u0161ki\" \/>\n<meta name=\"twitter:card\" content=\"summary_large_image\" \/>\n<meta name=\"twitter:creator\" content=\"@radioljubuski\" \/>\n<meta name=\"twitter:site\" content=\"@radioljubuski\" \/>\n<meta name=\"twitter:label1\" content=\"Napisao\/la\" \/>\n\t<meta name=\"twitter:data1\" content=\"Radio Ljubu\u0161ki\" \/>\n\t<meta name=\"twitter:label2\" content=\"Procijenjeno vrijeme \u010ditanja\" \/>\n\t<meta name=\"twitter:data2\" content=\"2 minute\" \/>\n<script type=\"application\/ld+json\" class=\"yoast-schema-graph\">{\"@context\":\"https:\\\/\\\/schema.org\",\"@graph\":[{\"@type\":\"Article\",\"@id\":\"https:\\\/\\\/radioljubuski.ba\\\/index.php\\\/2021\\\/06\\\/24\\\/plenkovic-bilo-bi-dobro-da-se-u-eu-rezoluciji-o-bih-spomenu-konstitutivni-narodi\\\/#article\",\"isPartOf\":{\"@id\":\"https:\\\/\\\/radioljubuski.ba\\\/index.php\\\/2021\\\/06\\\/24\\\/plenkovic-bilo-bi-dobro-da-se-u-eu-rezoluciji-o-bih-spomenu-konstitutivni-narodi\\\/\"},\"author\":{\"name\":\"Radio Ljubu\u0161ki\",\"@id\":\"https:\\\/\\\/radioljubuski.ba\\\/#\\\/schema\\\/person\\\/19fc700381a780f69665d7956c469e3b\"},\"headline\":\"Plenkovi\u0107: Bilo bi dobro da se u EU rezoluciji o BiH spomenu konstitutivni narodi\",\"datePublished\":\"2021-06-24T17:26:04+00:00\",\"dateModified\":\"2021-06-24T17:26:05+00:00\",\"mainEntityOfPage\":{\"@id\":\"https:\\\/\\\/radioljubuski.ba\\\/index.php\\\/2021\\\/06\\\/24\\\/plenkovic-bilo-bi-dobro-da-se-u-eu-rezoluciji-o-bih-spomenu-konstitutivni-narodi\\\/\"},\"wordCount\":357,\"publisher\":{\"@id\":\"https:\\\/\\\/radioljubuski.ba\\\/#organization\"},\"image\":{\"@id\":\"https:\\\/\\\/radioljubuski.ba\\\/index.php\\\/2021\\\/06\\\/24\\\/plenkovic-bilo-bi-dobro-da-se-u-eu-rezoluciji-o-bih-spomenu-konstitutivni-narodi\\\/#primaryimage\"},\"thumbnailUrl\":\"https:\\\/\\\/radioljubuski.ba\\\/wp-content\\\/uploads\\\/2021\\\/06\\\/plenkovic-vitez.jpeg\",\"articleSection\":[\"BIH i regija\"],\"inLanguage\":\"hr\"},{\"@type\":\"WebPage\",\"@id\":\"https:\\\/\\\/radioljubuski.ba\\\/index.php\\\/2021\\\/06\\\/24\\\/plenkovic-bilo-bi-dobro-da-se-u-eu-rezoluciji-o-bih-spomenu-konstitutivni-narodi\\\/\",\"url\":\"https:\\\/\\\/radioljubuski.ba\\\/index.php\\\/2021\\\/06\\\/24\\\/plenkovic-bilo-bi-dobro-da-se-u-eu-rezoluciji-o-bih-spomenu-konstitutivni-narodi\\\/\",\"name\":\"Plenkovi\u0107: Bilo bi dobro da se u EU rezoluciji o BiH spomenu konstitutivni narodi - RADIO LJUBU\u0160KI\",\"isPartOf\":{\"@id\":\"https:\\\/\\\/radioljubuski.ba\\\/#website\"},\"primaryImageOfPage\":{\"@id\":\"https:\\\/\\\/radioljubuski.ba\\\/index.php\\\/2021\\\/06\\\/24\\\/plenkovic-bilo-bi-dobro-da-se-u-eu-rezoluciji-o-bih-spomenu-konstitutivni-narodi\\\/#primaryimage\"},\"image\":{\"@id\":\"https:\\\/\\\/radioljubuski.ba\\\/index.php\\\/2021\\\/06\\\/24\\\/plenkovic-bilo-bi-dobro-da-se-u-eu-rezoluciji-o-bih-spomenu-konstitutivni-narodi\\\/#primaryimage\"},\"thumbnailUrl\":\"https:\\\/\\\/radioljubuski.ba\\\/wp-content\\\/uploads\\\/2021\\\/06\\\/plenkovic-vitez.jpeg\",\"datePublished\":\"2021-06-24T17:26:04+00:00\",\"dateModified\":\"2021-06-24T17:26:05+00:00\",\"breadcrumb\":{\"@id\":\"https:\\\/\\\/radioljubuski.ba\\\/index.php\\\/2021\\\/06\\\/24\\\/plenkovic-bilo-bi-dobro-da-se-u-eu-rezoluciji-o-bih-spomenu-konstitutivni-narodi\\\/#breadcrumb\"},\"inLanguage\":\"hr\",\"potentialAction\":[{\"@type\":\"ReadAction\",\"target\":[\"https:\\\/\\\/radioljubuski.ba\\\/index.php\\\/2021\\\/06\\\/24\\\/plenkovic-bilo-bi-dobro-da-se-u-eu-rezoluciji-o-bih-spomenu-konstitutivni-narodi\\\/\"]}]},{\"@type\":\"ImageObject\",\"inLanguage\":\"hr\",\"@id\":\"https:\\\/\\\/radioljubuski.ba\\\/index.php\\\/2021\\\/06\\\/24\\\/plenkovic-bilo-bi-dobro-da-se-u-eu-rezoluciji-o-bih-spomenu-konstitutivni-narodi\\\/#primaryimage\",\"url\":\"https:\\\/\\\/radioljubuski.ba\\\/wp-content\\\/uploads\\\/2021\\\/06\\\/plenkovic-vitez.jpeg\",\"contentUrl\":\"https:\\\/\\\/radioljubuski.ba\\\/wp-content\\\/uploads\\\/2021\\\/06\\\/plenkovic-vitez.jpeg\",\"width\":800,\"height\":505},{\"@type\":\"BreadcrumbList\",\"@id\":\"https:\\\/\\\/radioljubuski.ba\\\/index.php\\\/2021\\\/06\\\/24\\\/plenkovic-bilo-bi-dobro-da-se-u-eu-rezoluciji-o-bih-spomenu-konstitutivni-narodi\\\/#breadcrumb\",\"itemListElement\":[{\"@type\":\"ListItem\",\"position\":1,\"name\":\"Po\u010detna stranica\",\"item\":\"https:\\\/\\\/radioljubuski.ba\\\/\"},{\"@type\":\"ListItem\",\"position\":2,\"name\":\"Plenkovi\u0107: Bilo bi dobro da se u EU rezoluciji o BiH spomenu konstitutivni narodi\"}]},{\"@type\":\"WebSite\",\"@id\":\"https:\\\/\\\/radioljubuski.ba\\\/#website\",\"url\":\"https:\\\/\\\/radioljubuski.ba\\\/\",\"name\":\"Radio Ljubu\u0161ki\",\"description\":\"Sun\u010dana frekvencija Hercegovine\",\"publisher\":{\"@id\":\"https:\\\/\\\/radioljubuski.ba\\\/#organization\"},\"potentialAction\":[{\"@type\":\"SearchAction\",\"target\":{\"@type\":\"EntryPoint\",\"urlTemplate\":\"https:\\\/\\\/radioljubuski.ba\\\/?s={search_term_string}\"},\"query-input\":{\"@type\":\"PropertyValueSpecification\",\"valueRequired\":true,\"valueName\":\"search_term_string\"}}],\"inLanguage\":\"hr\"},{\"@type\":\"Organization\",\"@id\":\"https:\\\/\\\/radioljubuski.ba\\\/#organization\",\"name\":\"Radio Ljubu\u0161ki\",\"url\":\"https:\\\/\\\/radioljubuski.ba\\\/\",\"logo\":{\"@type\":\"ImageObject\",\"inLanguage\":\"hr\",\"@id\":\"https:\\\/\\\/radioljubuski.ba\\\/#\\\/schema\\\/logo\\\/image\\\/\",\"url\":\"https:\\\/\\\/radioljubuski.ba\\\/wp-content\\\/uploads\\\/2021\\\/02\\\/cropped-Radio_Ljubuski_logo1.jpg\",\"contentUrl\":\"https:\\\/\\\/radioljubuski.ba\\\/wp-content\\\/uploads\\\/2021\\\/02\\\/cropped-Radio_Ljubuski_logo1.jpg\",\"width\":512,\"height\":512,\"caption\":\"Radio Ljubu\u0161ki\"},\"image\":{\"@id\":\"https:\\\/\\\/radioljubuski.ba\\\/#\\\/schema\\\/logo\\\/image\\\/\"},\"sameAs\":[\"https:\\\/\\\/www.facebook.com\\\/Radiio-Ljubuski-1490835324566332\",\"https:\\\/\\\/x.com\\\/radioljubuski\",\"https:\\\/\\\/hr.linkedin.com\\\/company\\\/radio-ljubuski\",\"https:\\\/\\\/www.youtube.com\\\/channel\\\/UCHYaeO_n0Db3tjNGudGpXyw\"]},{\"@type\":\"Person\",\"@id\":\"https:\\\/\\\/radioljubuski.ba\\\/#\\\/schema\\\/person\\\/19fc700381a780f69665d7956c469e3b\",\"name\":\"Radio Ljubu\u0161ki\"}]}<\/script>\n<!-- \/ Yoast SEO plugin. -->","yoast_head_json":{"title":"Plenkovi\u0107: Bilo bi dobro da se u EU rezoluciji o BiH spomenu konstitutivni narodi - RADIO LJUBU\u0160KI","robots":{"index":"index","follow":"follow","max-snippet":"max-snippet:-1","max-image-preview":"max-image-preview:large","max-video-preview":"max-video-preview:-1"},"canonical":"https:\/\/radioljubuski.ba\/index.php\/2021\/06\/24\/plenkovic-bilo-bi-dobro-da-se-u-eu-rezoluciji-o-bih-spomenu-konstitutivni-narodi\/","og_locale":"hr_HR","og_type":"article","og_title":"Plenkovi\u0107: Bilo bi dobro da se u EU rezoluciji o BiH spomenu konstitutivni narodi - RADIO LJUBU\u0160KI","og_description":"Za dobro funkcioniranje Bosne i Hercegovine bitno je da se svi konstitutivni narodi i gra\u0111ani osje\u0107aju dobro, izjavio je u \u010detvrtak u Bruxellesu hrvatski premijer Andrej Plenkovi\u0107. Plenkovi\u0107 je po dolasku na summit Europske unije komentirao nastojanja Europske pu\u010dke stranke i HDZ-a da se u rezoluciji o napretku Bosne i Hercegovine spomene konstitutivnost triju naroda [&hellip;]","og_url":"https:\/\/radioljubuski.ba\/index.php\/2021\/06\/24\/plenkovic-bilo-bi-dobro-da-se-u-eu-rezoluciji-o-bih-spomenu-konstitutivni-narodi\/","og_site_name":"RADIO LJUBU\u0160KI","article_publisher":"https:\/\/www.facebook.com\/Radiio-Ljubuski-1490835324566332","article_published_time":"2021-06-24T17:26:04+00:00","article_modified_time":"2021-06-24T17:26:05+00:00","og_image":[{"width":800,"height":505,"url":"https:\/\/radioljubuski.ba\/wp-content\/uploads\/2021\/06\/plenkovic-vitez.jpeg","type":"image\/jpeg"}],"author":"Radio Ljubu\u0161ki","twitter_card":"summary_large_image","twitter_creator":"@radioljubuski","twitter_site":"@radioljubuski","twitter_misc":{"Napisao\/la":"Radio Ljubu\u0161ki","Procijenjeno vrijeme \u010ditanja":"2 minute"},"schema":{"@context":"https:\/\/schema.org","@graph":[{"@type":"Article","@id":"https:\/\/radioljubuski.ba\/index.php\/2021\/06\/24\/plenkovic-bilo-bi-dobro-da-se-u-eu-rezoluciji-o-bih-spomenu-konstitutivni-narodi\/#article","isPartOf":{"@id":"https:\/\/radioljubuski.ba\/index.php\/2021\/06\/24\/plenkovic-bilo-bi-dobro-da-se-u-eu-rezoluciji-o-bih-spomenu-konstitutivni-narodi\/"},"author":{"name":"Radio Ljubu\u0161ki","@id":"https:\/\/radioljubuski.ba\/#\/schema\/person\/19fc700381a780f69665d7956c469e3b"},"headline":"Plenkovi\u0107: Bilo bi dobro da se u EU rezoluciji o BiH spomenu konstitutivni narodi","datePublished":"2021-06-24T17:26:04+00:00","dateModified":"2021-06-24T17:26:05+00:00","mainEntityOfPage":{"@id":"https:\/\/radioljubuski.ba\/index.php\/2021\/06\/24\/plenkovic-bilo-bi-dobro-da-se-u-eu-rezoluciji-o-bih-spomenu-konstitutivni-narodi\/"},"wordCount":357,"publisher":{"@id":"https:\/\/radioljubuski.ba\/#organization"},"image":{"@id":"https:\/\/radioljubuski.ba\/index.php\/2021\/06\/24\/plenkovic-bilo-bi-dobro-da-se-u-eu-rezoluciji-o-bih-spomenu-konstitutivni-narodi\/#primaryimage"},"thumbnailUrl":"https:\/\/radioljubuski.ba\/wp-content\/uploads\/2021\/06\/plenkovic-vitez.jpeg","articleSection":["BIH i regija"],"inLanguage":"hr"},{"@type":"WebPage","@id":"https:\/\/radioljubuski.ba\/index.php\/2021\/06\/24\/plenkovic-bilo-bi-dobro-da-se-u-eu-rezoluciji-o-bih-spomenu-konstitutivni-narodi\/","url":"https:\/\/radioljubuski.ba\/index.php\/2021\/06\/24\/plenkovic-bilo-bi-dobro-da-se-u-eu-rezoluciji-o-bih-spomenu-konstitutivni-narodi\/","name":"Plenkovi\u0107: Bilo bi dobro da se u EU rezoluciji o BiH spomenu konstitutivni narodi - RADIO LJUBU\u0160KI","isPartOf":{"@id":"https:\/\/radioljubuski.ba\/#website"},"primaryImageOfPage":{"@id":"https:\/\/radioljubuski.ba\/index.php\/2021\/06\/24\/plenkovic-bilo-bi-dobro-da-se-u-eu-rezoluciji-o-bih-spomenu-konstitutivni-narodi\/#primaryimage"},"image":{"@id":"https:\/\/radioljubuski.ba\/index.php\/2021\/06\/24\/plenkovic-bilo-bi-dobro-da-se-u-eu-rezoluciji-o-bih-spomenu-konstitutivni-narodi\/#primaryimage"},"thumbnailUrl":"https:\/\/radioljubuski.ba\/wp-content\/uploads\/2021\/06\/plenkovic-vitez.jpeg","datePublished":"2021-06-24T17:26:04+00:00","dateModified":"2021-06-24T17:26:05+00:00","breadcrumb":{"@id":"https:\/\/radioljubuski.ba\/index.php\/2021\/06\/24\/plenkovic-bilo-bi-dobro-da-se-u-eu-rezoluciji-o-bih-spomenu-konstitutivni-narodi\/#breadcrumb"},"inLanguage":"hr","potentialAction":[{"@type":"ReadAction","target":["https:\/\/radioljubuski.ba\/index.php\/2021\/06\/24\/plenkovic-bilo-bi-dobro-da-se-u-eu-rezoluciji-o-bih-spomenu-konstitutivni-narodi\/"]}]},{"@type":"ImageObject","inLanguage":"hr","@id":"https:\/\/radioljubuski.ba\/index.php\/2021\/06\/24\/plenkovic-bilo-bi-dobro-da-se-u-eu-rezoluciji-o-bih-spomenu-konstitutivni-narodi\/#primaryimage","url":"https:\/\/radioljubuski.ba\/wp-content\/uploads\/2021\/06\/plenkovic-vitez.jpeg","contentUrl":"https:\/\/radioljubuski.ba\/wp-content\/uploads\/2021\/06\/plenkovic-vitez.jpeg","width":800,"height":505},{"@type":"BreadcrumbList","@id":"https:\/\/radioljubuski.ba\/index.php\/2021\/06\/24\/plenkovic-bilo-bi-dobro-da-se-u-eu-rezoluciji-o-bih-spomenu-konstitutivni-narodi\/#breadcrumb","itemListElement":[{"@type":"ListItem","position":1,"name":"Po\u010detna stranica","item":"https:\/\/radioljubuski.ba\/"},{"@type":"ListItem","position":2,"name":"Plenkovi\u0107: Bilo bi dobro da se u EU rezoluciji o BiH spomenu konstitutivni narodi"}]},{"@type":"WebSite","@id":"https:\/\/radioljubuski.ba\/#website","url":"https:\/\/radioljubuski.ba\/","name":"Radio Ljubu\u0161ki","description":"Sun\u010dana frekvencija Hercegovine","publisher":{"@id":"https:\/\/radioljubuski.ba\/#organization"},"potentialAction":[{"@type":"SearchAction","target":{"@type":"EntryPoint","urlTemplate":"https:\/\/radioljubuski.ba\/?s={search_term_string}"},"query-input":{"@type":"PropertyValueSpecification","valueRequired":true,"valueName":"search_term_string"}}],"inLanguage":"hr"},{"@type":"Organization","@id":"https:\/\/radioljubuski.ba\/#organization","name":"Radio Ljubu\u0161ki","url":"https:\/\/radioljubuski.ba\/","logo":{"@type":"ImageObject","inLanguage":"hr","@id":"https:\/\/radioljubuski.ba\/#\/schema\/logo\/image\/","url":"https:\/\/radioljubuski.ba\/wp-content\/uploads\/2021\/02\/cropped-Radio_Ljubuski_logo1.jpg","contentUrl":"https:\/\/radioljubuski.ba\/wp-content\/uploads\/2021\/02\/cropped-Radio_Ljubuski_logo1.jpg","width":512,"height":512,"caption":"Radio Ljubu\u0161ki"},"image":{"@id":"https:\/\/radioljubuski.ba\/#\/schema\/logo\/image\/"},"sameAs":["https:\/\/www.facebook.com\/Radiio-Ljubuski-1490835324566332","https:\/\/x.com\/radioljubuski","https:\/\/hr.linkedin.com\/company\/radio-ljubuski","https:\/\/www.youtube.com\/channel\/UCHYaeO_n0Db3tjNGudGpXyw"]},{"@type":"Person","@id":"https:\/\/radioljubuski.ba\/#\/schema\/person\/19fc700381a780f69665d7956c469e3b","name":"Radio Ljubu\u0161ki"}]}},"_links":{"self":[{"href":"https:\/\/radioljubuski.ba\/index.php\/wp-json\/wp\/v2\/posts\/35569","targetHints":{"allow":["GET"]}}],"collection":[{"href":"https:\/\/radioljubuski.ba\/index.php\/wp-json\/wp\/v2\/posts"}],"about":[{"href":"https:\/\/radioljubuski.ba\/index.php\/wp-json\/wp\/v2\/types\/post"}],"author":[{"embeddable":true,"href":"https:\/\/radioljubuski.ba\/index.php\/wp-json\/wp\/v2\/users\/2"}],"replies":[{"embeddable":true,"href":"https:\/\/radioljubuski.ba\/index.php\/wp-json\/wp\/v2\/comments?post=35569"}],"version-history":[{"count":1,"href":"https:\/\/radioljubuski.ba\/index.php\/wp-json\/wp\/v2\/posts\/35569\/revisions"}],"predecessor-version":[{"id":35570,"href":"https:\/\/radioljubuski.ba\/index.php\/wp-json\/wp\/v2\/posts\/35569\/revisions\/35570"}],"wp:featuredmedia":[{"embeddable":true,"href":"https:\/\/radioljubuski.ba\/index.php\/wp-json\/wp\/v2\/media\/30966"}],"wp:attachment":[{"href":"https:\/\/radioljubuski.ba\/index.php\/wp-json\/wp\/v2\/media?parent=35569"}],"wp:term":[{"taxonomy":"category","embeddable":true,"href":"https:\/\/radioljubuski.ba\/index.php\/wp-json\/wp\/v2\/categories?post=35569"},{"taxonomy":"post_tag","embeddable":true,"href":"https:\/\/radioljubuski.ba\/index.php\/wp-json\/wp\/v2\/tags?post=35569"}],"curies":[{"name":"wp","href":"https:\/\/api.w.org\/{rel}","templated":true}]}}