{"id":35576,"date":"2021-06-24T18:29:07","date_gmt":"2021-06-24T17:29:07","guid":{"rendered":"https:\/\/radioljubuski.ba\/?p=35576"},"modified":"2021-06-24T18:29:08","modified_gmt":"2021-06-24T17:29:08","slug":"filozofski-fakultet-sum-a-potice-i-razvija-izvannastavne-aktivnosti-studenata","status":"publish","type":"post","link":"https:\/\/radioljubuski.ba\/index.php\/2021\/06\/24\/filozofski-fakultet-sum-a-potice-i-razvija-izvannastavne-aktivnosti-studenata\/","title":{"rendered":"Filozofski fakultet SUM-a poti\u010de i razvija izvannastavne aktivnosti studenata"},"content":{"rendered":"\n<p>Izvannastavne aktivnosti tijekom studija uvelike doprinose kvaliteti obrazovanja i studentskom \u017eivotu, predstavljaju iznimnu priliku za upoznavanje s razli\u010ditim profesijama, poma\u017eu razviti vje\u0161tine koje mogu pomo\u0107i pri zapo\u0161ljavanju nakon studija te se preko njih upoznajemo i dru\u017eimo s drugim studentima, kazala je voditeljica Udruge studenata psihologije &#8220;Mentalist&#8221; Filozofskog fakulteta Sveu\u010dili\u0161ta u Mostaru (SUM) Ana Skoko.<\/p>\n\n\n\n<p>Na Filozofskom fakultetu (FF) aktivno je deset studentskih udruga i klubova, po \u010demu je najbrojniji na SUM-u. Studenti tijekom cijele akademske godine djeluju u udrugama, osmi\u0161ljavaju, organiziraju doga\u0111aje i volontiraju na njima, pi\u0161e Hrvatski medijski servis, priop\u0107eno je iz Filozofskog fakulteta SUM-a.<\/p>\n\n\n\n<p>Gdje ne postoje formirane udruge ili klubovi, studenti aktivno djeluju s vodstvom studija ili u suradnji sa Studentskim zborom fakulteta.<\/p>\n\n\n\n<p>&#8220;Naj\u010de\u0161\u0107e su aktivnosti radionice iz njihove profesije koje organiziraju za studente, srednjo\u0161kolce i osnovno\u0161kolce, zatim gostuju\u0107a predavanja stru\u010dnjaka, predstave, ve\u010deri poezije, studijska putovanja, humanitarne akcije i sli\u010dno&#8221;, kazala je predsjednica Studentskog zbora FF SUM-a Emili Ibrulj.<\/p>\n\n\n\n<p>Dekan Filozofskoga fakulteta Ivica Musi\u0107 isti\u010de kako FF podupire, poti\u010de i razvija izvannastavne aktivnosti studenata koje su sastavni dio akademskog \u017eivota i kojima se podi\u017ee kvaliteta studiranja.<\/p>\n\n\n\n<p>&#8220;Za studente je va\u017eno da uz primarne nastavne obveze budu uklju\u010deni i u izvannastavne aktivnosti koje im se nude na na\u0161em fakultetu. Takve aktivnosti omogu\u0107uju im da pro\u0161ire svoje vidike i kreativnost. I na\u0161 je fakultet prepoznao va\u017enost tih udruga pa studente poti\u010demo i poma\u017eemo im u radu&#8221;, kazao je Musi\u0107.<\/p>\n\n\n\n<p>Nagla\u0161ava kako zbog puno prakti\u010dne nastave, koju ostvare i kroz ove udruge, studenti njeguju, razvijaju i promi\u010du univerzalne humanisti\u010dke vrijednosti \u0161to je i temeljno poslanje Filozofskog fakulteta.<\/p>\n\n\n\n<p>&#8220;Studentima su, osim njihovih primarnih nastavnih obveza, jako va\u017ene i izvannastavne aktivnosti u kojima se mogu aktivirati kako bi pro\u0161irili vidike. Sve \u0107e im to pomo\u0107i nakon zavr\u0161etka studija kako bi bolje odgovorili na dru\u0161tvene potrebe&#8221;, kazao je prodekan za nastavu FF SUM-a Marko Odak.<\/p>\n\n\n\n<p>Svake godine studenti Filozofskog fakulteta, odnosno udruge i klubovi apliciraju na natje\u010daj za financiranje studentskih projekata koje provodi Studentski zbor, a ove je godine financirano pet studentskih projekata.<\/p>\n\n\n\n<p>&#8220;Bez obzira na cijelu situaciju oko koronavirusa, kada su kretanje i mogu\u0107nosti bile ograni\u010dene, studentskih ideja, kreativnosti i inovativnosti i dalje nije nedostajalo&#8221;, kazala je Ibrulj.<\/p>\n\n\n\n<p>Studenti novinarstva organizirali su &#8220;Dan medijske pismenosti&#8221; za u\u010denike osnovne \u0161kole te su objavili deseto izdanje \u010dasopisa &#8220;Fenix&#8221; u kojem se mo\u017ee sudjelovati pisanjem tekstova ili prijavom na natje\u010daj za najbolju fotografiju, pjesmu ili kratku pri\u010du.<\/p>\n\n\n\n<p>Udruga PRUMO, koju su osnovali studenti odnosa s javno\u0161\u0107u, organizirala je predavanje na temu &#8220;Dru\u0161tvene mre\u017ee \u2013 PRilika ili prijetnja&#8221;.<\/p>\n\n\n\n<p>Nadalje, u organizaciji Kluba studenata povijesti Filip Lastri\u0107 &#8211; ISHA Mostar odr\u017eani su &#8220;Dani povijesti&#8221;, dok je Klub studenata hrvatskog jezika i knji\u017eevnosti Franjo Mili\u0107evi\u0107 svake srijede organizirao ve\u010der kulture.<\/p>\n\n\n\n<p>Studenti psihologije iz udruge Mentalist i ove su godine organizirali &#8220;Tjedan psihologije&#8221;.<\/p>\n\n\n\n<p>&#8220;Sudjelovali smo na raznim predavanjima na\u0161ih i gostuju\u0107ih profesora te na radionicama koje predvode drugi studenti. Prilika je to i za u\u010denje koje izlazi izvan standardnih okvira. Sretna sam \u0161to imamo priliku sura\u0111ivati sa sli\u010dnim profesijama tijekom takvih doga\u0111aja&#8221;, kazala je voditeljica udruge Mentalist Matea Dujmu\u0161i\u0107.<\/p>\n\n\n\n<p>&#8220;Vrijeme studiranja najbolje je vrijeme za ulaganje u sebe, kroz sve ove aktivnosti oboga\u0107ujemo se novim znanjima i iskustvima, a kasnije nas to mo\u017ee izdvojiti na tr\u017ei\u0161tu rada i dati nam prednost&#8221;, navodi Ibrulj.<\/p>\n\n\n\n<p>Studenti koriste i razli\u010dite prilike i mogu\u0107nosti koje im pru\u017ea Studentski zbor Filozofskog fakulteta, primjerice predava\u010di su jezika na studentskim te\u010dajevima koje organizira Studentski zbor SUM-a te na pripremama za upis na fakultet, stoji u priop\u0107enju.<\/p>\n\n\n\n<p>Izvor:pogled.ba<\/p>\n","protected":false},"excerpt":{"rendered":"<p>Izvannastavne aktivnosti tijekom studija uvelike doprinose kvaliteti obrazovanja i studentskom \u017eivotu, predstavljaju iznimnu priliku za upoznavanje s razli\u010ditim profesijama, poma\u017eu razviti vje\u0161tine koje mogu pomo\u0107i pri zapo\u0161ljavanju nakon studija te se preko njih upoznajemo i dru\u017eimo s drugim studentima, kazala je voditeljica Udruge studenata psihologije &#8220;Mentalist&#8221; Filozofskog fakulteta Sveu\u010dili\u0161ta u Mostaru (SUM) Ana Skoko. Na [&hellip;]<\/p>\n","protected":false},"author":2,"featured_media":35577,"comment_status":"closed","ping_status":"closed","sticky":false,"template":"","format":"standard","meta":{"h5ap_radio_sources":[],"footnotes":""},"categories":[1],"tags":[],"class_list":["post-35576","post","type-post","status-publish","format-standard","has-post-thumbnail","hentry","category-bihiregija"],"yoast_head":"<!-- This site is optimized with the Yoast SEO plugin v27.5 - https:\/\/yoast.com\/product\/yoast-seo-wordpress\/ -->\n<title>Filozofski fakultet SUM-a poti\u010de i razvija izvannastavne aktivnosti studenata - RADIO LJUBU\u0160KI<\/title>\n<meta name=\"robots\" content=\"index, follow, max-snippet:-1, max-image-preview:large, max-video-preview:-1\" \/>\n<link rel=\"canonical\" href=\"https:\/\/radioljubuski.ba\/index.php\/2021\/06\/24\/filozofski-fakultet-sum-a-potice-i-razvija-izvannastavne-aktivnosti-studenata\/\" \/>\n<meta property=\"og:locale\" content=\"hr_HR\" \/>\n<meta property=\"og:type\" content=\"article\" \/>\n<meta property=\"og:title\" content=\"Filozofski fakultet SUM-a poti\u010de i razvija izvannastavne aktivnosti studenata - RADIO LJUBU\u0160KI\" \/>\n<meta property=\"og:description\" content=\"Izvannastavne aktivnosti tijekom studija uvelike doprinose kvaliteti obrazovanja i studentskom \u017eivotu, predstavljaju iznimnu priliku za upoznavanje s razli\u010ditim profesijama, poma\u017eu razviti vje\u0161tine koje mogu pomo\u0107i pri zapo\u0161ljavanju nakon studija te se preko njih upoznajemo i dru\u017eimo s drugim studentima, kazala je voditeljica Udruge studenata psihologije &#8220;Mentalist&#8221; Filozofskog fakulteta Sveu\u010dili\u0161ta u Mostaru (SUM) Ana Skoko. Na [&hellip;]\" \/>\n<meta property=\"og:url\" content=\"https:\/\/radioljubuski.ba\/index.php\/2021\/06\/24\/filozofski-fakultet-sum-a-potice-i-razvija-izvannastavne-aktivnosti-studenata\/\" \/>\n<meta property=\"og:site_name\" content=\"RADIO LJUBU\u0160KI\" \/>\n<meta property=\"article:publisher\" content=\"https:\/\/www.facebook.com\/Radiio-Ljubuski-1490835324566332\" \/>\n<meta property=\"article:published_time\" content=\"2021-06-24T17:29:07+00:00\" \/>\n<meta property=\"article:modified_time\" content=\"2021-06-24T17:29:08+00:00\" \/>\n<meta property=\"og:image\" content=\"https:\/\/radioljubuski.ba\/wp-content\/uploads\/2021\/06\/3-2021-06-24-16-31-28-aktivnosti.jpeg\" \/>\n\t<meta property=\"og:image:width\" content=\"1000\" \/>\n\t<meta property=\"og:image:height\" content=\"625\" \/>\n\t<meta property=\"og:image:type\" content=\"image\/jpeg\" \/>\n<meta name=\"author\" content=\"Radio Ljubu\u0161ki\" \/>\n<meta name=\"twitter:card\" content=\"summary_large_image\" \/>\n<meta name=\"twitter:creator\" content=\"@radioljubuski\" \/>\n<meta name=\"twitter:site\" content=\"@radioljubuski\" \/>\n<meta name=\"twitter:label1\" content=\"Napisao\/la\" \/>\n\t<meta name=\"twitter:data1\" content=\"Radio Ljubu\u0161ki\" \/>\n\t<meta name=\"twitter:label2\" content=\"Procijenjeno vrijeme \u010ditanja\" \/>\n\t<meta name=\"twitter:data2\" content=\"3 minute\" \/>\n<script type=\"application\/ld+json\" class=\"yoast-schema-graph\">{\"@context\":\"https:\\\/\\\/schema.org\",\"@graph\":[{\"@type\":\"Article\",\"@id\":\"https:\\\/\\\/radioljubuski.ba\\\/index.php\\\/2021\\\/06\\\/24\\\/filozofski-fakultet-sum-a-potice-i-razvija-izvannastavne-aktivnosti-studenata\\\/#article\",\"isPartOf\":{\"@id\":\"https:\\\/\\\/radioljubuski.ba\\\/index.php\\\/2021\\\/06\\\/24\\\/filozofski-fakultet-sum-a-potice-i-razvija-izvannastavne-aktivnosti-studenata\\\/\"},\"author\":{\"name\":\"Radio Ljubu\u0161ki\",\"@id\":\"https:\\\/\\\/radioljubuski.ba\\\/#\\\/schema\\\/person\\\/19fc700381a780f69665d7956c469e3b\"},\"headline\":\"Filozofski fakultet SUM-a poti\u010de i razvija izvannastavne aktivnosti studenata\",\"datePublished\":\"2021-06-24T17:29:07+00:00\",\"dateModified\":\"2021-06-24T17:29:08+00:00\",\"mainEntityOfPage\":{\"@id\":\"https:\\\/\\\/radioljubuski.ba\\\/index.php\\\/2021\\\/06\\\/24\\\/filozofski-fakultet-sum-a-potice-i-razvija-izvannastavne-aktivnosti-studenata\\\/\"},\"wordCount\":653,\"publisher\":{\"@id\":\"https:\\\/\\\/radioljubuski.ba\\\/#organization\"},\"image\":{\"@id\":\"https:\\\/\\\/radioljubuski.ba\\\/index.php\\\/2021\\\/06\\\/24\\\/filozofski-fakultet-sum-a-potice-i-razvija-izvannastavne-aktivnosti-studenata\\\/#primaryimage\"},\"thumbnailUrl\":\"https:\\\/\\\/radioljubuski.ba\\\/wp-content\\\/uploads\\\/2021\\\/06\\\/3-2021-06-24-16-31-28-aktivnosti.jpeg\",\"articleSection\":[\"BIH i regija\"],\"inLanguage\":\"hr\"},{\"@type\":\"WebPage\",\"@id\":\"https:\\\/\\\/radioljubuski.ba\\\/index.php\\\/2021\\\/06\\\/24\\\/filozofski-fakultet-sum-a-potice-i-razvija-izvannastavne-aktivnosti-studenata\\\/\",\"url\":\"https:\\\/\\\/radioljubuski.ba\\\/index.php\\\/2021\\\/06\\\/24\\\/filozofski-fakultet-sum-a-potice-i-razvija-izvannastavne-aktivnosti-studenata\\\/\",\"name\":\"Filozofski fakultet SUM-a poti\u010de i razvija izvannastavne aktivnosti studenata - RADIO LJUBU\u0160KI\",\"isPartOf\":{\"@id\":\"https:\\\/\\\/radioljubuski.ba\\\/#website\"},\"primaryImageOfPage\":{\"@id\":\"https:\\\/\\\/radioljubuski.ba\\\/index.php\\\/2021\\\/06\\\/24\\\/filozofski-fakultet-sum-a-potice-i-razvija-izvannastavne-aktivnosti-studenata\\\/#primaryimage\"},\"image\":{\"@id\":\"https:\\\/\\\/radioljubuski.ba\\\/index.php\\\/2021\\\/06\\\/24\\\/filozofski-fakultet-sum-a-potice-i-razvija-izvannastavne-aktivnosti-studenata\\\/#primaryimage\"},\"thumbnailUrl\":\"https:\\\/\\\/radioljubuski.ba\\\/wp-content\\\/uploads\\\/2021\\\/06\\\/3-2021-06-24-16-31-28-aktivnosti.jpeg\",\"datePublished\":\"2021-06-24T17:29:07+00:00\",\"dateModified\":\"2021-06-24T17:29:08+00:00\",\"breadcrumb\":{\"@id\":\"https:\\\/\\\/radioljubuski.ba\\\/index.php\\\/2021\\\/06\\\/24\\\/filozofski-fakultet-sum-a-potice-i-razvija-izvannastavne-aktivnosti-studenata\\\/#breadcrumb\"},\"inLanguage\":\"hr\",\"potentialAction\":[{\"@type\":\"ReadAction\",\"target\":[\"https:\\\/\\\/radioljubuski.ba\\\/index.php\\\/2021\\\/06\\\/24\\\/filozofski-fakultet-sum-a-potice-i-razvija-izvannastavne-aktivnosti-studenata\\\/\"]}]},{\"@type\":\"ImageObject\",\"inLanguage\":\"hr\",\"@id\":\"https:\\\/\\\/radioljubuski.ba\\\/index.php\\\/2021\\\/06\\\/24\\\/filozofski-fakultet-sum-a-potice-i-razvija-izvannastavne-aktivnosti-studenata\\\/#primaryimage\",\"url\":\"https:\\\/\\\/radioljubuski.ba\\\/wp-content\\\/uploads\\\/2021\\\/06\\\/3-2021-06-24-16-31-28-aktivnosti.jpeg\",\"contentUrl\":\"https:\\\/\\\/radioljubuski.ba\\\/wp-content\\\/uploads\\\/2021\\\/06\\\/3-2021-06-24-16-31-28-aktivnosti.jpeg\",\"width\":1000,\"height\":625},{\"@type\":\"BreadcrumbList\",\"@id\":\"https:\\\/\\\/radioljubuski.ba\\\/index.php\\\/2021\\\/06\\\/24\\\/filozofski-fakultet-sum-a-potice-i-razvija-izvannastavne-aktivnosti-studenata\\\/#breadcrumb\",\"itemListElement\":[{\"@type\":\"ListItem\",\"position\":1,\"name\":\"Po\u010detna stranica\",\"item\":\"https:\\\/\\\/radioljubuski.ba\\\/\"},{\"@type\":\"ListItem\",\"position\":2,\"name\":\"Filozofski fakultet SUM-a poti\u010de i razvija izvannastavne aktivnosti studenata\"}]},{\"@type\":\"WebSite\",\"@id\":\"https:\\\/\\\/radioljubuski.ba\\\/#website\",\"url\":\"https:\\\/\\\/radioljubuski.ba\\\/\",\"name\":\"Radio Ljubu\u0161ki\",\"description\":\"Sun\u010dana frekvencija Hercegovine\",\"publisher\":{\"@id\":\"https:\\\/\\\/radioljubuski.ba\\\/#organization\"},\"potentialAction\":[{\"@type\":\"SearchAction\",\"target\":{\"@type\":\"EntryPoint\",\"urlTemplate\":\"https:\\\/\\\/radioljubuski.ba\\\/?s={search_term_string}\"},\"query-input\":{\"@type\":\"PropertyValueSpecification\",\"valueRequired\":true,\"valueName\":\"search_term_string\"}}],\"inLanguage\":\"hr\"},{\"@type\":\"Organization\",\"@id\":\"https:\\\/\\\/radioljubuski.ba\\\/#organization\",\"name\":\"Radio Ljubu\u0161ki\",\"url\":\"https:\\\/\\\/radioljubuski.ba\\\/\",\"logo\":{\"@type\":\"ImageObject\",\"inLanguage\":\"hr\",\"@id\":\"https:\\\/\\\/radioljubuski.ba\\\/#\\\/schema\\\/logo\\\/image\\\/\",\"url\":\"https:\\\/\\\/radioljubuski.ba\\\/wp-content\\\/uploads\\\/2021\\\/02\\\/cropped-Radio_Ljubuski_logo1.jpg\",\"contentUrl\":\"https:\\\/\\\/radioljubuski.ba\\\/wp-content\\\/uploads\\\/2021\\\/02\\\/cropped-Radio_Ljubuski_logo1.jpg\",\"width\":512,\"height\":512,\"caption\":\"Radio Ljubu\u0161ki\"},\"image\":{\"@id\":\"https:\\\/\\\/radioljubuski.ba\\\/#\\\/schema\\\/logo\\\/image\\\/\"},\"sameAs\":[\"https:\\\/\\\/www.facebook.com\\\/Radiio-Ljubuski-1490835324566332\",\"https:\\\/\\\/x.com\\\/radioljubuski\",\"https:\\\/\\\/hr.linkedin.com\\\/company\\\/radio-ljubuski\",\"https:\\\/\\\/www.youtube.com\\\/channel\\\/UCHYaeO_n0Db3tjNGudGpXyw\"]},{\"@type\":\"Person\",\"@id\":\"https:\\\/\\\/radioljubuski.ba\\\/#\\\/schema\\\/person\\\/19fc700381a780f69665d7956c469e3b\",\"name\":\"Radio Ljubu\u0161ki\"}]}<\/script>\n<!-- \/ Yoast SEO plugin. -->","yoast_head_json":{"title":"Filozofski fakultet SUM-a poti\u010de i razvija izvannastavne aktivnosti studenata - RADIO LJUBU\u0160KI","robots":{"index":"index","follow":"follow","max-snippet":"max-snippet:-1","max-image-preview":"max-image-preview:large","max-video-preview":"max-video-preview:-1"},"canonical":"https:\/\/radioljubuski.ba\/index.php\/2021\/06\/24\/filozofski-fakultet-sum-a-potice-i-razvija-izvannastavne-aktivnosti-studenata\/","og_locale":"hr_HR","og_type":"article","og_title":"Filozofski fakultet SUM-a poti\u010de i razvija izvannastavne aktivnosti studenata - RADIO LJUBU\u0160KI","og_description":"Izvannastavne aktivnosti tijekom studija uvelike doprinose kvaliteti obrazovanja i studentskom \u017eivotu, predstavljaju iznimnu priliku za upoznavanje s razli\u010ditim profesijama, poma\u017eu razviti vje\u0161tine koje mogu pomo\u0107i pri zapo\u0161ljavanju nakon studija te se preko njih upoznajemo i dru\u017eimo s drugim studentima, kazala je voditeljica Udruge studenata psihologije &#8220;Mentalist&#8221; Filozofskog fakulteta Sveu\u010dili\u0161ta u Mostaru (SUM) Ana Skoko. Na [&hellip;]","og_url":"https:\/\/radioljubuski.ba\/index.php\/2021\/06\/24\/filozofski-fakultet-sum-a-potice-i-razvija-izvannastavne-aktivnosti-studenata\/","og_site_name":"RADIO LJUBU\u0160KI","article_publisher":"https:\/\/www.facebook.com\/Radiio-Ljubuski-1490835324566332","article_published_time":"2021-06-24T17:29:07+00:00","article_modified_time":"2021-06-24T17:29:08+00:00","og_image":[{"width":1000,"height":625,"url":"https:\/\/radioljubuski.ba\/wp-content\/uploads\/2021\/06\/3-2021-06-24-16-31-28-aktivnosti.jpeg","type":"image\/jpeg"}],"author":"Radio Ljubu\u0161ki","twitter_card":"summary_large_image","twitter_creator":"@radioljubuski","twitter_site":"@radioljubuski","twitter_misc":{"Napisao\/la":"Radio Ljubu\u0161ki","Procijenjeno vrijeme \u010ditanja":"3 minute"},"schema":{"@context":"https:\/\/schema.org","@graph":[{"@type":"Article","@id":"https:\/\/radioljubuski.ba\/index.php\/2021\/06\/24\/filozofski-fakultet-sum-a-potice-i-razvija-izvannastavne-aktivnosti-studenata\/#article","isPartOf":{"@id":"https:\/\/radioljubuski.ba\/index.php\/2021\/06\/24\/filozofski-fakultet-sum-a-potice-i-razvija-izvannastavne-aktivnosti-studenata\/"},"author":{"name":"Radio Ljubu\u0161ki","@id":"https:\/\/radioljubuski.ba\/#\/schema\/person\/19fc700381a780f69665d7956c469e3b"},"headline":"Filozofski fakultet SUM-a poti\u010de i razvija izvannastavne aktivnosti studenata","datePublished":"2021-06-24T17:29:07+00:00","dateModified":"2021-06-24T17:29:08+00:00","mainEntityOfPage":{"@id":"https:\/\/radioljubuski.ba\/index.php\/2021\/06\/24\/filozofski-fakultet-sum-a-potice-i-razvija-izvannastavne-aktivnosti-studenata\/"},"wordCount":653,"publisher":{"@id":"https:\/\/radioljubuski.ba\/#organization"},"image":{"@id":"https:\/\/radioljubuski.ba\/index.php\/2021\/06\/24\/filozofski-fakultet-sum-a-potice-i-razvija-izvannastavne-aktivnosti-studenata\/#primaryimage"},"thumbnailUrl":"https:\/\/radioljubuski.ba\/wp-content\/uploads\/2021\/06\/3-2021-06-24-16-31-28-aktivnosti.jpeg","articleSection":["BIH i regija"],"inLanguage":"hr"},{"@type":"WebPage","@id":"https:\/\/radioljubuski.ba\/index.php\/2021\/06\/24\/filozofski-fakultet-sum-a-potice-i-razvija-izvannastavne-aktivnosti-studenata\/","url":"https:\/\/radioljubuski.ba\/index.php\/2021\/06\/24\/filozofski-fakultet-sum-a-potice-i-razvija-izvannastavne-aktivnosti-studenata\/","name":"Filozofski fakultet SUM-a poti\u010de i razvija izvannastavne aktivnosti studenata - RADIO LJUBU\u0160KI","isPartOf":{"@id":"https:\/\/radioljubuski.ba\/#website"},"primaryImageOfPage":{"@id":"https:\/\/radioljubuski.ba\/index.php\/2021\/06\/24\/filozofski-fakultet-sum-a-potice-i-razvija-izvannastavne-aktivnosti-studenata\/#primaryimage"},"image":{"@id":"https:\/\/radioljubuski.ba\/index.php\/2021\/06\/24\/filozofski-fakultet-sum-a-potice-i-razvija-izvannastavne-aktivnosti-studenata\/#primaryimage"},"thumbnailUrl":"https:\/\/radioljubuski.ba\/wp-content\/uploads\/2021\/06\/3-2021-06-24-16-31-28-aktivnosti.jpeg","datePublished":"2021-06-24T17:29:07+00:00","dateModified":"2021-06-24T17:29:08+00:00","breadcrumb":{"@id":"https:\/\/radioljubuski.ba\/index.php\/2021\/06\/24\/filozofski-fakultet-sum-a-potice-i-razvija-izvannastavne-aktivnosti-studenata\/#breadcrumb"},"inLanguage":"hr","potentialAction":[{"@type":"ReadAction","target":["https:\/\/radioljubuski.ba\/index.php\/2021\/06\/24\/filozofski-fakultet-sum-a-potice-i-razvija-izvannastavne-aktivnosti-studenata\/"]}]},{"@type":"ImageObject","inLanguage":"hr","@id":"https:\/\/radioljubuski.ba\/index.php\/2021\/06\/24\/filozofski-fakultet-sum-a-potice-i-razvija-izvannastavne-aktivnosti-studenata\/#primaryimage","url":"https:\/\/radioljubuski.ba\/wp-content\/uploads\/2021\/06\/3-2021-06-24-16-31-28-aktivnosti.jpeg","contentUrl":"https:\/\/radioljubuski.ba\/wp-content\/uploads\/2021\/06\/3-2021-06-24-16-31-28-aktivnosti.jpeg","width":1000,"height":625},{"@type":"BreadcrumbList","@id":"https:\/\/radioljubuski.ba\/index.php\/2021\/06\/24\/filozofski-fakultet-sum-a-potice-i-razvija-izvannastavne-aktivnosti-studenata\/#breadcrumb","itemListElement":[{"@type":"ListItem","position":1,"name":"Po\u010detna stranica","item":"https:\/\/radioljubuski.ba\/"},{"@type":"ListItem","position":2,"name":"Filozofski fakultet SUM-a poti\u010de i razvija izvannastavne aktivnosti studenata"}]},{"@type":"WebSite","@id":"https:\/\/radioljubuski.ba\/#website","url":"https:\/\/radioljubuski.ba\/","name":"Radio Ljubu\u0161ki","description":"Sun\u010dana frekvencija Hercegovine","publisher":{"@id":"https:\/\/radioljubuski.ba\/#organization"},"potentialAction":[{"@type":"SearchAction","target":{"@type":"EntryPoint","urlTemplate":"https:\/\/radioljubuski.ba\/?s={search_term_string}"},"query-input":{"@type":"PropertyValueSpecification","valueRequired":true,"valueName":"search_term_string"}}],"inLanguage":"hr"},{"@type":"Organization","@id":"https:\/\/radioljubuski.ba\/#organization","name":"Radio Ljubu\u0161ki","url":"https:\/\/radioljubuski.ba\/","logo":{"@type":"ImageObject","inLanguage":"hr","@id":"https:\/\/radioljubuski.ba\/#\/schema\/logo\/image\/","url":"https:\/\/radioljubuski.ba\/wp-content\/uploads\/2021\/02\/cropped-Radio_Ljubuski_logo1.jpg","contentUrl":"https:\/\/radioljubuski.ba\/wp-content\/uploads\/2021\/02\/cropped-Radio_Ljubuski_logo1.jpg","width":512,"height":512,"caption":"Radio Ljubu\u0161ki"},"image":{"@id":"https:\/\/radioljubuski.ba\/#\/schema\/logo\/image\/"},"sameAs":["https:\/\/www.facebook.com\/Radiio-Ljubuski-1490835324566332","https:\/\/x.com\/radioljubuski","https:\/\/hr.linkedin.com\/company\/radio-ljubuski","https:\/\/www.youtube.com\/channel\/UCHYaeO_n0Db3tjNGudGpXyw"]},{"@type":"Person","@id":"https:\/\/radioljubuski.ba\/#\/schema\/person\/19fc700381a780f69665d7956c469e3b","name":"Radio Ljubu\u0161ki"}]}},"_links":{"self":[{"href":"https:\/\/radioljubuski.ba\/index.php\/wp-json\/wp\/v2\/posts\/35576","targetHints":{"allow":["GET"]}}],"collection":[{"href":"https:\/\/radioljubuski.ba\/index.php\/wp-json\/wp\/v2\/posts"}],"about":[{"href":"https:\/\/radioljubuski.ba\/index.php\/wp-json\/wp\/v2\/types\/post"}],"author":[{"embeddable":true,"href":"https:\/\/radioljubuski.ba\/index.php\/wp-json\/wp\/v2\/users\/2"}],"replies":[{"embeddable":true,"href":"https:\/\/radioljubuski.ba\/index.php\/wp-json\/wp\/v2\/comments?post=35576"}],"version-history":[{"count":1,"href":"https:\/\/radioljubuski.ba\/index.php\/wp-json\/wp\/v2\/posts\/35576\/revisions"}],"predecessor-version":[{"id":35578,"href":"https:\/\/radioljubuski.ba\/index.php\/wp-json\/wp\/v2\/posts\/35576\/revisions\/35578"}],"wp:featuredmedia":[{"embeddable":true,"href":"https:\/\/radioljubuski.ba\/index.php\/wp-json\/wp\/v2\/media\/35577"}],"wp:attachment":[{"href":"https:\/\/radioljubuski.ba\/index.php\/wp-json\/wp\/v2\/media?parent=35576"}],"wp:term":[{"taxonomy":"category","embeddable":true,"href":"https:\/\/radioljubuski.ba\/index.php\/wp-json\/wp\/v2\/categories?post=35576"},{"taxonomy":"post_tag","embeddable":true,"href":"https:\/\/radioljubuski.ba\/index.php\/wp-json\/wp\/v2\/tags?post=35576"}],"curies":[{"name":"wp","href":"https:\/\/api.w.org\/{rel}","templated":true}]}}