{"id":35579,"date":"2021-06-24T18:30:28","date_gmt":"2021-06-24T17:30:28","guid":{"rendered":"https:\/\/radioljubuski.ba\/?p=35579"},"modified":"2021-06-24T18:30:29","modified_gmt":"2021-06-24T17:30:29","slug":"orban-brani-zakon-kaze-da-je-branitelj-homoseksualaca","status":"publish","type":"post","link":"https:\/\/radioljubuski.ba\/index.php\/2021\/06\/24\/orban-brani-zakon-kaze-da-je-branitelj-homoseksualaca\/","title":{"rendered":"Orban brani zakon, ka\u017ee da je branitelj homoseksualaca"},"content":{"rendered":"\n<p><strong>Ma\u0111arski premijer Viktor Orban branio je u \u010detvrtak zakon o zabrani promicanja homoseksualnosti i promjene spola u \u0161kolama te je rekao za sebe da je borac za prava LGBT osoba.<\/strong><\/p>\n\n\n\n<p>&#8220;Ja sam borac za njihova prava. Bio sam borac za slobodu u komunisti\u010dkom re\u017eimu. Homoseksualnost je bila ka\u017enjavana i borio sam se za njihovu slobodu i njihova prava. Stoga, branim prava homoseksualaca, ali zakon nije o tome&#8221;, rekao je Orban novinarima po dolasku na summit europskih vo\u0111a.&nbsp;O\u010dekuje se da \u0107e na summitu biti postavljeno pitanje Orbanovog zakona, koji je kritiziralo vi\u0161e europskih zemalja.<\/p>\n\n\n\n<p>&#8220;Nije rije\u010d o homoseksualcima. Zakon je o tome na koji bi na\u010din roditelji \u017eeljeli seksualno obrazovati svoju djecu. To isklju\u010divo pripada roditeljima. O tome je zakon&#8221;, rekao je Orban, dodav\u0161i da ga ne planira opozvati.<\/p>\n\n\n\n<p>Predsjednik Europskog vije\u0107a&nbsp;<strong>Charles Michel<\/strong>&nbsp;rekao je po dolasku na summit da \u0107e se raspravljati o novom ma\u0111arskom zakonu u \u010detvrtak nave\u010der.<\/p>\n\n\n\n<p>Spomenuti zakon zabranjuje prikazivanje i promicanje rodnog identiteta razli\u010ditog od spola po ro\u0111enju, promjene spola i homoseksualnosti mla\u0111ima od 18 godina.&nbsp;Deklaraciju kojom se izra\u017eava &#8220;velika zabrinutost&#8221; zbog ma\u0111arskog zakona potpisalo je 17 od 27 \u010dlanica EU-a, me\u0111u kojima nije Hrvatska.<\/p>\n\n\n\n<p>Izvor:hrt.hr<\/p>\n","protected":false},"excerpt":{"rendered":"<p>Ma\u0111arski premijer Viktor Orban branio je u \u010detvrtak zakon o zabrani promicanja homoseksualnosti i promjene spola u \u0161kolama te je rekao za sebe da je borac za prava LGBT osoba. &#8220;Ja sam borac za njihova prava. Bio sam borac za slobodu u komunisti\u010dkom re\u017eimu. Homoseksualnost je bila ka\u017enjavana i borio sam se za njihovu slobodu [&hellip;]<\/p>\n","protected":false},"author":2,"featured_media":35580,"comment_status":"closed","ping_status":"closed","sticky":false,"template":"","format":"standard","meta":{"h5ap_radio_sources":[],"footnotes":""},"categories":[1],"tags":[],"class_list":["post-35579","post","type-post","status-publish","format-standard","has-post-thumbnail","hentry","category-bihiregija"],"yoast_head":"<!-- This site is optimized with the Yoast SEO plugin v27.5 - https:\/\/yoast.com\/product\/yoast-seo-wordpress\/ -->\n<title>Orban brani zakon, ka\u017ee da je branitelj homoseksualaca - RADIO LJUBU\u0160KI<\/title>\n<meta name=\"robots\" content=\"index, follow, max-snippet:-1, max-image-preview:large, max-video-preview:-1\" \/>\n<link rel=\"canonical\" href=\"https:\/\/radioljubuski.ba\/index.php\/2021\/06\/24\/orban-brani-zakon-kaze-da-je-branitelj-homoseksualaca\/\" \/>\n<meta property=\"og:locale\" content=\"hr_HR\" \/>\n<meta property=\"og:type\" content=\"article\" \/>\n<meta property=\"og:title\" content=\"Orban brani zakon, ka\u017ee da je branitelj homoseksualaca - RADIO LJUBU\u0160KI\" \/>\n<meta property=\"og:description\" content=\"Ma\u0111arski premijer Viktor Orban branio je u \u010detvrtak zakon o zabrani promicanja homoseksualnosti i promjene spola u \u0161kolama te je rekao za sebe da je borac za prava LGBT osoba. &#8220;Ja sam borac za njihova prava. Bio sam borac za slobodu u komunisti\u010dkom re\u017eimu. Homoseksualnost je bila ka\u017enjavana i borio sam se za njihovu slobodu [&hellip;]\" \/>\n<meta property=\"og:url\" content=\"https:\/\/radioljubuski.ba\/index.php\/2021\/06\/24\/orban-brani-zakon-kaze-da-je-branitelj-homoseksualaca\/\" \/>\n<meta property=\"og:site_name\" content=\"RADIO LJUBU\u0160KI\" \/>\n<meta property=\"article:publisher\" content=\"https:\/\/www.facebook.com\/Radiio-Ljubuski-1490835324566332\" \/>\n<meta property=\"article:published_time\" content=\"2021-06-24T17:30:28+00:00\" \/>\n<meta property=\"article:modified_time\" content=\"2021-06-24T17:30:29+00:00\" \/>\n<meta property=\"og:image\" content=\"https:\/\/radioljubuski.ba\/wp-content\/uploads\/2021\/06\/preuzmi-50.jpg\" \/>\n\t<meta property=\"og:image:width\" content=\"270\" \/>\n\t<meta property=\"og:image:height\" content=\"187\" \/>\n\t<meta property=\"og:image:type\" content=\"image\/jpeg\" \/>\n<meta name=\"author\" content=\"Radio Ljubu\u0161ki\" \/>\n<meta name=\"twitter:card\" content=\"summary_large_image\" \/>\n<meta name=\"twitter:creator\" content=\"@radioljubuski\" \/>\n<meta name=\"twitter:site\" content=\"@radioljubuski\" \/>\n<meta name=\"twitter:label1\" content=\"Napisao\/la\" \/>\n\t<meta name=\"twitter:data1\" content=\"Radio Ljubu\u0161ki\" \/>\n\t<meta name=\"twitter:label2\" content=\"Procijenjeno vrijeme \u010ditanja\" \/>\n\t<meta name=\"twitter:data2\" content=\"1 minuta\" \/>\n<script type=\"application\/ld+json\" class=\"yoast-schema-graph\">{\"@context\":\"https:\\\/\\\/schema.org\",\"@graph\":[{\"@type\":\"Article\",\"@id\":\"https:\\\/\\\/radioljubuski.ba\\\/index.php\\\/2021\\\/06\\\/24\\\/orban-brani-zakon-kaze-da-je-branitelj-homoseksualaca\\\/#article\",\"isPartOf\":{\"@id\":\"https:\\\/\\\/radioljubuski.ba\\\/index.php\\\/2021\\\/06\\\/24\\\/orban-brani-zakon-kaze-da-je-branitelj-homoseksualaca\\\/\"},\"author\":{\"name\":\"Radio Ljubu\u0161ki\",\"@id\":\"https:\\\/\\\/radioljubuski.ba\\\/#\\\/schema\\\/person\\\/19fc700381a780f69665d7956c469e3b\"},\"headline\":\"Orban brani zakon, ka\u017ee da je branitelj homoseksualaca\",\"datePublished\":\"2021-06-24T17:30:28+00:00\",\"dateModified\":\"2021-06-24T17:30:29+00:00\",\"mainEntityOfPage\":{\"@id\":\"https:\\\/\\\/radioljubuski.ba\\\/index.php\\\/2021\\\/06\\\/24\\\/orban-brani-zakon-kaze-da-je-branitelj-homoseksualaca\\\/\"},\"wordCount\":224,\"publisher\":{\"@id\":\"https:\\\/\\\/radioljubuski.ba\\\/#organization\"},\"image\":{\"@id\":\"https:\\\/\\\/radioljubuski.ba\\\/index.php\\\/2021\\\/06\\\/24\\\/orban-brani-zakon-kaze-da-je-branitelj-homoseksualaca\\\/#primaryimage\"},\"thumbnailUrl\":\"https:\\\/\\\/radioljubuski.ba\\\/wp-content\\\/uploads\\\/2021\\\/06\\\/preuzmi-50.jpg\",\"articleSection\":[\"BIH i regija\"],\"inLanguage\":\"hr\"},{\"@type\":\"WebPage\",\"@id\":\"https:\\\/\\\/radioljubuski.ba\\\/index.php\\\/2021\\\/06\\\/24\\\/orban-brani-zakon-kaze-da-je-branitelj-homoseksualaca\\\/\",\"url\":\"https:\\\/\\\/radioljubuski.ba\\\/index.php\\\/2021\\\/06\\\/24\\\/orban-brani-zakon-kaze-da-je-branitelj-homoseksualaca\\\/\",\"name\":\"Orban brani zakon, ka\u017ee da je branitelj homoseksualaca - RADIO LJUBU\u0160KI\",\"isPartOf\":{\"@id\":\"https:\\\/\\\/radioljubuski.ba\\\/#website\"},\"primaryImageOfPage\":{\"@id\":\"https:\\\/\\\/radioljubuski.ba\\\/index.php\\\/2021\\\/06\\\/24\\\/orban-brani-zakon-kaze-da-je-branitelj-homoseksualaca\\\/#primaryimage\"},\"image\":{\"@id\":\"https:\\\/\\\/radioljubuski.ba\\\/index.php\\\/2021\\\/06\\\/24\\\/orban-brani-zakon-kaze-da-je-branitelj-homoseksualaca\\\/#primaryimage\"},\"thumbnailUrl\":\"https:\\\/\\\/radioljubuski.ba\\\/wp-content\\\/uploads\\\/2021\\\/06\\\/preuzmi-50.jpg\",\"datePublished\":\"2021-06-24T17:30:28+00:00\",\"dateModified\":\"2021-06-24T17:30:29+00:00\",\"breadcrumb\":{\"@id\":\"https:\\\/\\\/radioljubuski.ba\\\/index.php\\\/2021\\\/06\\\/24\\\/orban-brani-zakon-kaze-da-je-branitelj-homoseksualaca\\\/#breadcrumb\"},\"inLanguage\":\"hr\",\"potentialAction\":[{\"@type\":\"ReadAction\",\"target\":[\"https:\\\/\\\/radioljubuski.ba\\\/index.php\\\/2021\\\/06\\\/24\\\/orban-brani-zakon-kaze-da-je-branitelj-homoseksualaca\\\/\"]}]},{\"@type\":\"ImageObject\",\"inLanguage\":\"hr\",\"@id\":\"https:\\\/\\\/radioljubuski.ba\\\/index.php\\\/2021\\\/06\\\/24\\\/orban-brani-zakon-kaze-da-je-branitelj-homoseksualaca\\\/#primaryimage\",\"url\":\"https:\\\/\\\/radioljubuski.ba\\\/wp-content\\\/uploads\\\/2021\\\/06\\\/preuzmi-50.jpg\",\"contentUrl\":\"https:\\\/\\\/radioljubuski.ba\\\/wp-content\\\/uploads\\\/2021\\\/06\\\/preuzmi-50.jpg\",\"width\":270,\"height\":187},{\"@type\":\"BreadcrumbList\",\"@id\":\"https:\\\/\\\/radioljubuski.ba\\\/index.php\\\/2021\\\/06\\\/24\\\/orban-brani-zakon-kaze-da-je-branitelj-homoseksualaca\\\/#breadcrumb\",\"itemListElement\":[{\"@type\":\"ListItem\",\"position\":1,\"name\":\"Po\u010detna stranica\",\"item\":\"https:\\\/\\\/radioljubuski.ba\\\/\"},{\"@type\":\"ListItem\",\"position\":2,\"name\":\"Orban brani zakon, ka\u017ee da je branitelj homoseksualaca\"}]},{\"@type\":\"WebSite\",\"@id\":\"https:\\\/\\\/radioljubuski.ba\\\/#website\",\"url\":\"https:\\\/\\\/radioljubuski.ba\\\/\",\"name\":\"Radio Ljubu\u0161ki\",\"description\":\"Sun\u010dana frekvencija Hercegovine\",\"publisher\":{\"@id\":\"https:\\\/\\\/radioljubuski.ba\\\/#organization\"},\"potentialAction\":[{\"@type\":\"SearchAction\",\"target\":{\"@type\":\"EntryPoint\",\"urlTemplate\":\"https:\\\/\\\/radioljubuski.ba\\\/?s={search_term_string}\"},\"query-input\":{\"@type\":\"PropertyValueSpecification\",\"valueRequired\":true,\"valueName\":\"search_term_string\"}}],\"inLanguage\":\"hr\"},{\"@type\":\"Organization\",\"@id\":\"https:\\\/\\\/radioljubuski.ba\\\/#organization\",\"name\":\"Radio Ljubu\u0161ki\",\"url\":\"https:\\\/\\\/radioljubuski.ba\\\/\",\"logo\":{\"@type\":\"ImageObject\",\"inLanguage\":\"hr\",\"@id\":\"https:\\\/\\\/radioljubuski.ba\\\/#\\\/schema\\\/logo\\\/image\\\/\",\"url\":\"https:\\\/\\\/radioljubuski.ba\\\/wp-content\\\/uploads\\\/2021\\\/02\\\/cropped-Radio_Ljubuski_logo1.jpg\",\"contentUrl\":\"https:\\\/\\\/radioljubuski.ba\\\/wp-content\\\/uploads\\\/2021\\\/02\\\/cropped-Radio_Ljubuski_logo1.jpg\",\"width\":512,\"height\":512,\"caption\":\"Radio Ljubu\u0161ki\"},\"image\":{\"@id\":\"https:\\\/\\\/radioljubuski.ba\\\/#\\\/schema\\\/logo\\\/image\\\/\"},\"sameAs\":[\"https:\\\/\\\/www.facebook.com\\\/Radiio-Ljubuski-1490835324566332\",\"https:\\\/\\\/x.com\\\/radioljubuski\",\"https:\\\/\\\/hr.linkedin.com\\\/company\\\/radio-ljubuski\",\"https:\\\/\\\/www.youtube.com\\\/channel\\\/UCHYaeO_n0Db3tjNGudGpXyw\"]},{\"@type\":\"Person\",\"@id\":\"https:\\\/\\\/radioljubuski.ba\\\/#\\\/schema\\\/person\\\/19fc700381a780f69665d7956c469e3b\",\"name\":\"Radio Ljubu\u0161ki\"}]}<\/script>\n<!-- \/ Yoast SEO plugin. -->","yoast_head_json":{"title":"Orban brani zakon, ka\u017ee da je branitelj homoseksualaca - RADIO LJUBU\u0160KI","robots":{"index":"index","follow":"follow","max-snippet":"max-snippet:-1","max-image-preview":"max-image-preview:large","max-video-preview":"max-video-preview:-1"},"canonical":"https:\/\/radioljubuski.ba\/index.php\/2021\/06\/24\/orban-brani-zakon-kaze-da-je-branitelj-homoseksualaca\/","og_locale":"hr_HR","og_type":"article","og_title":"Orban brani zakon, ka\u017ee da je branitelj homoseksualaca - RADIO LJUBU\u0160KI","og_description":"Ma\u0111arski premijer Viktor Orban branio je u \u010detvrtak zakon o zabrani promicanja homoseksualnosti i promjene spola u \u0161kolama te je rekao za sebe da je borac za prava LGBT osoba. &#8220;Ja sam borac za njihova prava. Bio sam borac za slobodu u komunisti\u010dkom re\u017eimu. Homoseksualnost je bila ka\u017enjavana i borio sam se za njihovu slobodu [&hellip;]","og_url":"https:\/\/radioljubuski.ba\/index.php\/2021\/06\/24\/orban-brani-zakon-kaze-da-je-branitelj-homoseksualaca\/","og_site_name":"RADIO LJUBU\u0160KI","article_publisher":"https:\/\/www.facebook.com\/Radiio-Ljubuski-1490835324566332","article_published_time":"2021-06-24T17:30:28+00:00","article_modified_time":"2021-06-24T17:30:29+00:00","og_image":[{"width":270,"height":187,"url":"https:\/\/radioljubuski.ba\/wp-content\/uploads\/2021\/06\/preuzmi-50.jpg","type":"image\/jpeg"}],"author":"Radio Ljubu\u0161ki","twitter_card":"summary_large_image","twitter_creator":"@radioljubuski","twitter_site":"@radioljubuski","twitter_misc":{"Napisao\/la":"Radio Ljubu\u0161ki","Procijenjeno vrijeme \u010ditanja":"1 minuta"},"schema":{"@context":"https:\/\/schema.org","@graph":[{"@type":"Article","@id":"https:\/\/radioljubuski.ba\/index.php\/2021\/06\/24\/orban-brani-zakon-kaze-da-je-branitelj-homoseksualaca\/#article","isPartOf":{"@id":"https:\/\/radioljubuski.ba\/index.php\/2021\/06\/24\/orban-brani-zakon-kaze-da-je-branitelj-homoseksualaca\/"},"author":{"name":"Radio Ljubu\u0161ki","@id":"https:\/\/radioljubuski.ba\/#\/schema\/person\/19fc700381a780f69665d7956c469e3b"},"headline":"Orban brani zakon, ka\u017ee da je branitelj homoseksualaca","datePublished":"2021-06-24T17:30:28+00:00","dateModified":"2021-06-24T17:30:29+00:00","mainEntityOfPage":{"@id":"https:\/\/radioljubuski.ba\/index.php\/2021\/06\/24\/orban-brani-zakon-kaze-da-je-branitelj-homoseksualaca\/"},"wordCount":224,"publisher":{"@id":"https:\/\/radioljubuski.ba\/#organization"},"image":{"@id":"https:\/\/radioljubuski.ba\/index.php\/2021\/06\/24\/orban-brani-zakon-kaze-da-je-branitelj-homoseksualaca\/#primaryimage"},"thumbnailUrl":"https:\/\/radioljubuski.ba\/wp-content\/uploads\/2021\/06\/preuzmi-50.jpg","articleSection":["BIH i regija"],"inLanguage":"hr"},{"@type":"WebPage","@id":"https:\/\/radioljubuski.ba\/index.php\/2021\/06\/24\/orban-brani-zakon-kaze-da-je-branitelj-homoseksualaca\/","url":"https:\/\/radioljubuski.ba\/index.php\/2021\/06\/24\/orban-brani-zakon-kaze-da-je-branitelj-homoseksualaca\/","name":"Orban brani zakon, ka\u017ee da je branitelj homoseksualaca - RADIO LJUBU\u0160KI","isPartOf":{"@id":"https:\/\/radioljubuski.ba\/#website"},"primaryImageOfPage":{"@id":"https:\/\/radioljubuski.ba\/index.php\/2021\/06\/24\/orban-brani-zakon-kaze-da-je-branitelj-homoseksualaca\/#primaryimage"},"image":{"@id":"https:\/\/radioljubuski.ba\/index.php\/2021\/06\/24\/orban-brani-zakon-kaze-da-je-branitelj-homoseksualaca\/#primaryimage"},"thumbnailUrl":"https:\/\/radioljubuski.ba\/wp-content\/uploads\/2021\/06\/preuzmi-50.jpg","datePublished":"2021-06-24T17:30:28+00:00","dateModified":"2021-06-24T17:30:29+00:00","breadcrumb":{"@id":"https:\/\/radioljubuski.ba\/index.php\/2021\/06\/24\/orban-brani-zakon-kaze-da-je-branitelj-homoseksualaca\/#breadcrumb"},"inLanguage":"hr","potentialAction":[{"@type":"ReadAction","target":["https:\/\/radioljubuski.ba\/index.php\/2021\/06\/24\/orban-brani-zakon-kaze-da-je-branitelj-homoseksualaca\/"]}]},{"@type":"ImageObject","inLanguage":"hr","@id":"https:\/\/radioljubuski.ba\/index.php\/2021\/06\/24\/orban-brani-zakon-kaze-da-je-branitelj-homoseksualaca\/#primaryimage","url":"https:\/\/radioljubuski.ba\/wp-content\/uploads\/2021\/06\/preuzmi-50.jpg","contentUrl":"https:\/\/radioljubuski.ba\/wp-content\/uploads\/2021\/06\/preuzmi-50.jpg","width":270,"height":187},{"@type":"BreadcrumbList","@id":"https:\/\/radioljubuski.ba\/index.php\/2021\/06\/24\/orban-brani-zakon-kaze-da-je-branitelj-homoseksualaca\/#breadcrumb","itemListElement":[{"@type":"ListItem","position":1,"name":"Po\u010detna stranica","item":"https:\/\/radioljubuski.ba\/"},{"@type":"ListItem","position":2,"name":"Orban brani zakon, ka\u017ee da je branitelj homoseksualaca"}]},{"@type":"WebSite","@id":"https:\/\/radioljubuski.ba\/#website","url":"https:\/\/radioljubuski.ba\/","name":"Radio Ljubu\u0161ki","description":"Sun\u010dana frekvencija Hercegovine","publisher":{"@id":"https:\/\/radioljubuski.ba\/#organization"},"potentialAction":[{"@type":"SearchAction","target":{"@type":"EntryPoint","urlTemplate":"https:\/\/radioljubuski.ba\/?s={search_term_string}"},"query-input":{"@type":"PropertyValueSpecification","valueRequired":true,"valueName":"search_term_string"}}],"inLanguage":"hr"},{"@type":"Organization","@id":"https:\/\/radioljubuski.ba\/#organization","name":"Radio Ljubu\u0161ki","url":"https:\/\/radioljubuski.ba\/","logo":{"@type":"ImageObject","inLanguage":"hr","@id":"https:\/\/radioljubuski.ba\/#\/schema\/logo\/image\/","url":"https:\/\/radioljubuski.ba\/wp-content\/uploads\/2021\/02\/cropped-Radio_Ljubuski_logo1.jpg","contentUrl":"https:\/\/radioljubuski.ba\/wp-content\/uploads\/2021\/02\/cropped-Radio_Ljubuski_logo1.jpg","width":512,"height":512,"caption":"Radio Ljubu\u0161ki"},"image":{"@id":"https:\/\/radioljubuski.ba\/#\/schema\/logo\/image\/"},"sameAs":["https:\/\/www.facebook.com\/Radiio-Ljubuski-1490835324566332","https:\/\/x.com\/radioljubuski","https:\/\/hr.linkedin.com\/company\/radio-ljubuski","https:\/\/www.youtube.com\/channel\/UCHYaeO_n0Db3tjNGudGpXyw"]},{"@type":"Person","@id":"https:\/\/radioljubuski.ba\/#\/schema\/person\/19fc700381a780f69665d7956c469e3b","name":"Radio Ljubu\u0161ki"}]}},"_links":{"self":[{"href":"https:\/\/radioljubuski.ba\/index.php\/wp-json\/wp\/v2\/posts\/35579","targetHints":{"allow":["GET"]}}],"collection":[{"href":"https:\/\/radioljubuski.ba\/index.php\/wp-json\/wp\/v2\/posts"}],"about":[{"href":"https:\/\/radioljubuski.ba\/index.php\/wp-json\/wp\/v2\/types\/post"}],"author":[{"embeddable":true,"href":"https:\/\/radioljubuski.ba\/index.php\/wp-json\/wp\/v2\/users\/2"}],"replies":[{"embeddable":true,"href":"https:\/\/radioljubuski.ba\/index.php\/wp-json\/wp\/v2\/comments?post=35579"}],"version-history":[{"count":1,"href":"https:\/\/radioljubuski.ba\/index.php\/wp-json\/wp\/v2\/posts\/35579\/revisions"}],"predecessor-version":[{"id":35581,"href":"https:\/\/radioljubuski.ba\/index.php\/wp-json\/wp\/v2\/posts\/35579\/revisions\/35581"}],"wp:featuredmedia":[{"embeddable":true,"href":"https:\/\/radioljubuski.ba\/index.php\/wp-json\/wp\/v2\/media\/35580"}],"wp:attachment":[{"href":"https:\/\/radioljubuski.ba\/index.php\/wp-json\/wp\/v2\/media?parent=35579"}],"wp:term":[{"taxonomy":"category","embeddable":true,"href":"https:\/\/radioljubuski.ba\/index.php\/wp-json\/wp\/v2\/categories?post=35579"},{"taxonomy":"post_tag","embeddable":true,"href":"https:\/\/radioljubuski.ba\/index.php\/wp-json\/wp\/v2\/tags?post=35579"}],"curies":[{"name":"wp","href":"https:\/\/api.w.org\/{rel}","templated":true}]}}