{"id":35594,"date":"2021-06-24T20:17:25","date_gmt":"2021-06-24T19:17:25","guid":{"rendered":"https:\/\/radioljubuski.ba\/?p=35594"},"modified":"2021-06-24T20:17:27","modified_gmt":"2021-06-24T19:17:27","slug":"vjernici-zupe-sipovaca-vojnici-uz-don-dragu-curkovica-najavljen-molitveni-skup-potpore","status":"publish","type":"post","link":"https:\/\/radioljubuski.ba\/index.php\/2021\/06\/24\/vjernici-zupe-sipovaca-vojnici-uz-don-dragu-curkovica-najavljen-molitveni-skup-potpore\/","title":{"rendered":"Vjernici \u017eupe \u0160ipova\u010da \u2013 Vojni\u0107i uz don Dragu \u0106urkovi\u0107a: Najavljen molitveni skup potpore"},"content":{"rendered":"\n<p>Povodom nemilih doga\u0111aja koji potresaju \u017eupu Presvetog Srca Isusova \u0160ipova\u010da-Vojni\u0107i i Katoli\u010dku Crkvu u Hercegovini, svoj glas su digli vjernici.<\/p>\n\n\n\n<p>Vjernici iz Ka\u0161\u010da, Dola, Grede, \u0160ipova\u010de i Vojni\u0107a ovih dana provode peticiju za ostanak \u017eupnog vikara don Drage \u0106urkovi\u0107a na \u017eupi, koji bi je, po nalogu biskupa mons. Petra Pali\u0107a uskoro trebao napustiti.<\/p>\n\n\n\n<p>\u201cGrijeh i zlo\u010din\u201d<\/p>\n\n\n\n<p>Njome od biskupa Pali\u0107a tra\u017ee da ne poklekne pritisku pojedinaca i da ne premje\u0161ta don Dragu iz \u017eupe.<\/p>\n\n\n\n<p>\u201cDu\u017eni smo, u kr\u0161\u0107anskom duhu i po nauku Katoli\u010dke crkve, to od Vas tra\u017eiti, jer se nad njim&nbsp;vr\u0161i grijeh, nepravda, teror i slobodni smo kazati, zlo\u010din\u201d, navodi se, izme\u0111u ostalog, u masovno potpisivanoj peticiji. Brojni vjernici za don Dragu imaju samo rije\u010di hvale. Navode kako \u0107e u\u010diniti sve \u0161to mogu da ga za\u0161tite.<\/p>\n\n\n\n<p>\u201cJo\u0161 od dan Mate Nui\u0107a bolji sve\u0107enik nije do\u0161ao na \u017eupu. Vjerski je 100% opredijeljen i iza njega stoje svi vjernici u \u017eupi\u201d,&nbsp;ka\u017ee Mile Bebek iz Vojni\u0107a.<\/p>\n\n\n\n<p>Molitveni skup potpore<\/p>\n\n\n\n<p>Osim peticije, vjernici \u0107e odr\u017eati i molitveni skup potpore, na kojem \u0107e, u ovim te\u0161kim i tu\u017enim trenucima, iskazati potporu don Dragi. Molitveni skup potpore bit \u0107e odr\u017ean u petak, 25. lipnja, s po\u010detkom u 20 sati ispred \u017eupne crkve u \u0160ipova\u010di.<\/p>\n\n\n\n<p>Autor: sipovaca-portal.blogspot.com<\/p>\n","protected":false},"excerpt":{"rendered":"<p>Povodom nemilih doga\u0111aja koji potresaju \u017eupu Presvetog Srca Isusova \u0160ipova\u010da-Vojni\u0107i i Katoli\u010dku Crkvu u Hercegovini, svoj glas su digli vjernici. Vjernici iz Ka\u0161\u010da, Dola, Grede, \u0160ipova\u010de i Vojni\u0107a ovih dana provode peticiju za ostanak \u017eupnog vikara don Drage \u0106urkovi\u0107a na \u017eupi, koji bi je, po nalogu biskupa mons. Petra Pali\u0107a uskoro trebao napustiti. \u201cGrijeh i [&hellip;]<\/p>\n","protected":false},"author":2,"featured_media":35595,"comment_status":"closed","ping_status":"closed","sticky":false,"template":"","format":"standard","meta":{"h5ap_radio_sources":[],"footnotes":""},"categories":[3],"tags":[],"class_list":["post-35594","post","type-post","status-publish","format-standard","has-post-thumbnail","hentry","category-ljubuski"],"yoast_head":"<!-- This site is optimized with the Yoast SEO plugin v27.5 - https:\/\/yoast.com\/product\/yoast-seo-wordpress\/ -->\n<title>Vjernici \u017eupe \u0160ipova\u010da \u2013 Vojni\u0107i uz don Dragu \u0106urkovi\u0107a: Najavljen molitveni skup potpore - RADIO LJUBU\u0160KI<\/title>\n<meta name=\"robots\" content=\"index, follow, max-snippet:-1, max-image-preview:large, max-video-preview:-1\" \/>\n<link rel=\"canonical\" href=\"https:\/\/radioljubuski.ba\/index.php\/2021\/06\/24\/vjernici-zupe-sipovaca-vojnici-uz-don-dragu-curkovica-najavljen-molitveni-skup-potpore\/\" \/>\n<meta property=\"og:locale\" content=\"hr_HR\" \/>\n<meta property=\"og:type\" content=\"article\" \/>\n<meta property=\"og:title\" content=\"Vjernici \u017eupe \u0160ipova\u010da \u2013 Vojni\u0107i uz don Dragu \u0106urkovi\u0107a: Najavljen molitveni skup potpore - RADIO LJUBU\u0160KI\" \/>\n<meta property=\"og:description\" content=\"Povodom nemilih doga\u0111aja koji potresaju \u017eupu Presvetog Srca Isusova \u0160ipova\u010da-Vojni\u0107i i Katoli\u010dku Crkvu u Hercegovini, svoj glas su digli vjernici. Vjernici iz Ka\u0161\u010da, Dola, Grede, \u0160ipova\u010de i Vojni\u0107a ovih dana provode peticiju za ostanak \u017eupnog vikara don Drage \u0106urkovi\u0107a na \u017eupi, koji bi je, po nalogu biskupa mons. Petra Pali\u0107a uskoro trebao napustiti. \u201cGrijeh i [&hellip;]\" \/>\n<meta property=\"og:url\" content=\"https:\/\/radioljubuski.ba\/index.php\/2021\/06\/24\/vjernici-zupe-sipovaca-vojnici-uz-don-dragu-curkovica-najavljen-molitveni-skup-potpore\/\" \/>\n<meta property=\"og:site_name\" content=\"RADIO LJUBU\u0160KI\" \/>\n<meta property=\"article:publisher\" content=\"https:\/\/www.facebook.com\/Radiio-Ljubuski-1490835324566332\" \/>\n<meta property=\"article:published_time\" content=\"2021-06-24T19:17:25+00:00\" \/>\n<meta property=\"article:modified_time\" content=\"2021-06-24T19:17:27+00:00\" \/>\n<meta property=\"og:image\" content=\"https:\/\/radioljubuski.ba\/wp-content\/uploads\/2021\/06\/don-drago.jpg\" \/>\n\t<meta property=\"og:image:width\" content=\"600\" \/>\n\t<meta property=\"og:image:height\" content=\"400\" \/>\n\t<meta property=\"og:image:type\" content=\"image\/jpeg\" \/>\n<meta name=\"author\" content=\"Radio Ljubu\u0161ki\" \/>\n<meta name=\"twitter:card\" content=\"summary_large_image\" \/>\n<meta name=\"twitter:creator\" content=\"@radioljubuski\" \/>\n<meta name=\"twitter:site\" content=\"@radioljubuski\" \/>\n<meta name=\"twitter:label1\" content=\"Napisao\/la\" \/>\n\t<meta name=\"twitter:data1\" content=\"Radio Ljubu\u0161ki\" \/>\n\t<meta name=\"twitter:label2\" content=\"Procijenjeno vrijeme \u010ditanja\" \/>\n\t<meta name=\"twitter:data2\" content=\"1 minuta\" \/>\n<script type=\"application\/ld+json\" class=\"yoast-schema-graph\">{\"@context\":\"https:\\\/\\\/schema.org\",\"@graph\":[{\"@type\":\"Article\",\"@id\":\"https:\\\/\\\/radioljubuski.ba\\\/index.php\\\/2021\\\/06\\\/24\\\/vjernici-zupe-sipovaca-vojnici-uz-don-dragu-curkovica-najavljen-molitveni-skup-potpore\\\/#article\",\"isPartOf\":{\"@id\":\"https:\\\/\\\/radioljubuski.ba\\\/index.php\\\/2021\\\/06\\\/24\\\/vjernici-zupe-sipovaca-vojnici-uz-don-dragu-curkovica-najavljen-molitveni-skup-potpore\\\/\"},\"author\":{\"name\":\"Radio Ljubu\u0161ki\",\"@id\":\"https:\\\/\\\/radioljubuski.ba\\\/#\\\/schema\\\/person\\\/19fc700381a780f69665d7956c469e3b\"},\"headline\":\"Vjernici \u017eupe \u0160ipova\u010da \u2013 Vojni\u0107i uz don Dragu \u0106urkovi\u0107a: Najavljen molitveni skup potpore\",\"datePublished\":\"2021-06-24T19:17:25+00:00\",\"dateModified\":\"2021-06-24T19:17:27+00:00\",\"mainEntityOfPage\":{\"@id\":\"https:\\\/\\\/radioljubuski.ba\\\/index.php\\\/2021\\\/06\\\/24\\\/vjernici-zupe-sipovaca-vojnici-uz-don-dragu-curkovica-najavljen-molitveni-skup-potpore\\\/\"},\"wordCount\":253,\"publisher\":{\"@id\":\"https:\\\/\\\/radioljubuski.ba\\\/#organization\"},\"image\":{\"@id\":\"https:\\\/\\\/radioljubuski.ba\\\/index.php\\\/2021\\\/06\\\/24\\\/vjernici-zupe-sipovaca-vojnici-uz-don-dragu-curkovica-najavljen-molitveni-skup-potpore\\\/#primaryimage\"},\"thumbnailUrl\":\"https:\\\/\\\/radioljubuski.ba\\\/wp-content\\\/uploads\\\/2021\\\/06\\\/don-drago.jpg\",\"articleSection\":[\"Ljubu\u0161ki\"],\"inLanguage\":\"hr\"},{\"@type\":\"WebPage\",\"@id\":\"https:\\\/\\\/radioljubuski.ba\\\/index.php\\\/2021\\\/06\\\/24\\\/vjernici-zupe-sipovaca-vojnici-uz-don-dragu-curkovica-najavljen-molitveni-skup-potpore\\\/\",\"url\":\"https:\\\/\\\/radioljubuski.ba\\\/index.php\\\/2021\\\/06\\\/24\\\/vjernici-zupe-sipovaca-vojnici-uz-don-dragu-curkovica-najavljen-molitveni-skup-potpore\\\/\",\"name\":\"Vjernici \u017eupe \u0160ipova\u010da \u2013 Vojni\u0107i uz don Dragu \u0106urkovi\u0107a: Najavljen molitveni skup potpore - RADIO LJUBU\u0160KI\",\"isPartOf\":{\"@id\":\"https:\\\/\\\/radioljubuski.ba\\\/#website\"},\"primaryImageOfPage\":{\"@id\":\"https:\\\/\\\/radioljubuski.ba\\\/index.php\\\/2021\\\/06\\\/24\\\/vjernici-zupe-sipovaca-vojnici-uz-don-dragu-curkovica-najavljen-molitveni-skup-potpore\\\/#primaryimage\"},\"image\":{\"@id\":\"https:\\\/\\\/radioljubuski.ba\\\/index.php\\\/2021\\\/06\\\/24\\\/vjernici-zupe-sipovaca-vojnici-uz-don-dragu-curkovica-najavljen-molitveni-skup-potpore\\\/#primaryimage\"},\"thumbnailUrl\":\"https:\\\/\\\/radioljubuski.ba\\\/wp-content\\\/uploads\\\/2021\\\/06\\\/don-drago.jpg\",\"datePublished\":\"2021-06-24T19:17:25+00:00\",\"dateModified\":\"2021-06-24T19:17:27+00:00\",\"breadcrumb\":{\"@id\":\"https:\\\/\\\/radioljubuski.ba\\\/index.php\\\/2021\\\/06\\\/24\\\/vjernici-zupe-sipovaca-vojnici-uz-don-dragu-curkovica-najavljen-molitveni-skup-potpore\\\/#breadcrumb\"},\"inLanguage\":\"hr\",\"potentialAction\":[{\"@type\":\"ReadAction\",\"target\":[\"https:\\\/\\\/radioljubuski.ba\\\/index.php\\\/2021\\\/06\\\/24\\\/vjernici-zupe-sipovaca-vojnici-uz-don-dragu-curkovica-najavljen-molitveni-skup-potpore\\\/\"]}]},{\"@type\":\"ImageObject\",\"inLanguage\":\"hr\",\"@id\":\"https:\\\/\\\/radioljubuski.ba\\\/index.php\\\/2021\\\/06\\\/24\\\/vjernici-zupe-sipovaca-vojnici-uz-don-dragu-curkovica-najavljen-molitveni-skup-potpore\\\/#primaryimage\",\"url\":\"https:\\\/\\\/radioljubuski.ba\\\/wp-content\\\/uploads\\\/2021\\\/06\\\/don-drago.jpg\",\"contentUrl\":\"https:\\\/\\\/radioljubuski.ba\\\/wp-content\\\/uploads\\\/2021\\\/06\\\/don-drago.jpg\",\"width\":600,\"height\":400},{\"@type\":\"BreadcrumbList\",\"@id\":\"https:\\\/\\\/radioljubuski.ba\\\/index.php\\\/2021\\\/06\\\/24\\\/vjernici-zupe-sipovaca-vojnici-uz-don-dragu-curkovica-najavljen-molitveni-skup-potpore\\\/#breadcrumb\",\"itemListElement\":[{\"@type\":\"ListItem\",\"position\":1,\"name\":\"Po\u010detna stranica\",\"item\":\"https:\\\/\\\/radioljubuski.ba\\\/\"},{\"@type\":\"ListItem\",\"position\":2,\"name\":\"Vjernici \u017eupe \u0160ipova\u010da \u2013 Vojni\u0107i uz don Dragu \u0106urkovi\u0107a: Najavljen molitveni skup potpore\"}]},{\"@type\":\"WebSite\",\"@id\":\"https:\\\/\\\/radioljubuski.ba\\\/#website\",\"url\":\"https:\\\/\\\/radioljubuski.ba\\\/\",\"name\":\"Radio Ljubu\u0161ki\",\"description\":\"Sun\u010dana frekvencija Hercegovine\",\"publisher\":{\"@id\":\"https:\\\/\\\/radioljubuski.ba\\\/#organization\"},\"potentialAction\":[{\"@type\":\"SearchAction\",\"target\":{\"@type\":\"EntryPoint\",\"urlTemplate\":\"https:\\\/\\\/radioljubuski.ba\\\/?s={search_term_string}\"},\"query-input\":{\"@type\":\"PropertyValueSpecification\",\"valueRequired\":true,\"valueName\":\"search_term_string\"}}],\"inLanguage\":\"hr\"},{\"@type\":\"Organization\",\"@id\":\"https:\\\/\\\/radioljubuski.ba\\\/#organization\",\"name\":\"Radio Ljubu\u0161ki\",\"url\":\"https:\\\/\\\/radioljubuski.ba\\\/\",\"logo\":{\"@type\":\"ImageObject\",\"inLanguage\":\"hr\",\"@id\":\"https:\\\/\\\/radioljubuski.ba\\\/#\\\/schema\\\/logo\\\/image\\\/\",\"url\":\"https:\\\/\\\/radioljubuski.ba\\\/wp-content\\\/uploads\\\/2021\\\/02\\\/cropped-Radio_Ljubuski_logo1.jpg\",\"contentUrl\":\"https:\\\/\\\/radioljubuski.ba\\\/wp-content\\\/uploads\\\/2021\\\/02\\\/cropped-Radio_Ljubuski_logo1.jpg\",\"width\":512,\"height\":512,\"caption\":\"Radio Ljubu\u0161ki\"},\"image\":{\"@id\":\"https:\\\/\\\/radioljubuski.ba\\\/#\\\/schema\\\/logo\\\/image\\\/\"},\"sameAs\":[\"https:\\\/\\\/www.facebook.com\\\/Radiio-Ljubuski-1490835324566332\",\"https:\\\/\\\/x.com\\\/radioljubuski\",\"https:\\\/\\\/hr.linkedin.com\\\/company\\\/radio-ljubuski\",\"https:\\\/\\\/www.youtube.com\\\/channel\\\/UCHYaeO_n0Db3tjNGudGpXyw\"]},{\"@type\":\"Person\",\"@id\":\"https:\\\/\\\/radioljubuski.ba\\\/#\\\/schema\\\/person\\\/19fc700381a780f69665d7956c469e3b\",\"name\":\"Radio Ljubu\u0161ki\"}]}<\/script>\n<!-- \/ Yoast SEO plugin. -->","yoast_head_json":{"title":"Vjernici \u017eupe \u0160ipova\u010da \u2013 Vojni\u0107i uz don Dragu \u0106urkovi\u0107a: Najavljen molitveni skup potpore - RADIO LJUBU\u0160KI","robots":{"index":"index","follow":"follow","max-snippet":"max-snippet:-1","max-image-preview":"max-image-preview:large","max-video-preview":"max-video-preview:-1"},"canonical":"https:\/\/radioljubuski.ba\/index.php\/2021\/06\/24\/vjernici-zupe-sipovaca-vojnici-uz-don-dragu-curkovica-najavljen-molitveni-skup-potpore\/","og_locale":"hr_HR","og_type":"article","og_title":"Vjernici \u017eupe \u0160ipova\u010da \u2013 Vojni\u0107i uz don Dragu \u0106urkovi\u0107a: Najavljen molitveni skup potpore - RADIO LJUBU\u0160KI","og_description":"Povodom nemilih doga\u0111aja koji potresaju \u017eupu Presvetog Srca Isusova \u0160ipova\u010da-Vojni\u0107i i Katoli\u010dku Crkvu u Hercegovini, svoj glas su digli vjernici. Vjernici iz Ka\u0161\u010da, Dola, Grede, \u0160ipova\u010de i Vojni\u0107a ovih dana provode peticiju za ostanak \u017eupnog vikara don Drage \u0106urkovi\u0107a na \u017eupi, koji bi je, po nalogu biskupa mons. Petra Pali\u0107a uskoro trebao napustiti. \u201cGrijeh i [&hellip;]","og_url":"https:\/\/radioljubuski.ba\/index.php\/2021\/06\/24\/vjernici-zupe-sipovaca-vojnici-uz-don-dragu-curkovica-najavljen-molitveni-skup-potpore\/","og_site_name":"RADIO LJUBU\u0160KI","article_publisher":"https:\/\/www.facebook.com\/Radiio-Ljubuski-1490835324566332","article_published_time":"2021-06-24T19:17:25+00:00","article_modified_time":"2021-06-24T19:17:27+00:00","og_image":[{"width":600,"height":400,"url":"https:\/\/radioljubuski.ba\/wp-content\/uploads\/2021\/06\/don-drago.jpg","type":"image\/jpeg"}],"author":"Radio Ljubu\u0161ki","twitter_card":"summary_large_image","twitter_creator":"@radioljubuski","twitter_site":"@radioljubuski","twitter_misc":{"Napisao\/la":"Radio Ljubu\u0161ki","Procijenjeno vrijeme \u010ditanja":"1 minuta"},"schema":{"@context":"https:\/\/schema.org","@graph":[{"@type":"Article","@id":"https:\/\/radioljubuski.ba\/index.php\/2021\/06\/24\/vjernici-zupe-sipovaca-vojnici-uz-don-dragu-curkovica-najavljen-molitveni-skup-potpore\/#article","isPartOf":{"@id":"https:\/\/radioljubuski.ba\/index.php\/2021\/06\/24\/vjernici-zupe-sipovaca-vojnici-uz-don-dragu-curkovica-najavljen-molitveni-skup-potpore\/"},"author":{"name":"Radio Ljubu\u0161ki","@id":"https:\/\/radioljubuski.ba\/#\/schema\/person\/19fc700381a780f69665d7956c469e3b"},"headline":"Vjernici \u017eupe \u0160ipova\u010da \u2013 Vojni\u0107i uz don Dragu \u0106urkovi\u0107a: Najavljen molitveni skup potpore","datePublished":"2021-06-24T19:17:25+00:00","dateModified":"2021-06-24T19:17:27+00:00","mainEntityOfPage":{"@id":"https:\/\/radioljubuski.ba\/index.php\/2021\/06\/24\/vjernici-zupe-sipovaca-vojnici-uz-don-dragu-curkovica-najavljen-molitveni-skup-potpore\/"},"wordCount":253,"publisher":{"@id":"https:\/\/radioljubuski.ba\/#organization"},"image":{"@id":"https:\/\/radioljubuski.ba\/index.php\/2021\/06\/24\/vjernici-zupe-sipovaca-vojnici-uz-don-dragu-curkovica-najavljen-molitveni-skup-potpore\/#primaryimage"},"thumbnailUrl":"https:\/\/radioljubuski.ba\/wp-content\/uploads\/2021\/06\/don-drago.jpg","articleSection":["Ljubu\u0161ki"],"inLanguage":"hr"},{"@type":"WebPage","@id":"https:\/\/radioljubuski.ba\/index.php\/2021\/06\/24\/vjernici-zupe-sipovaca-vojnici-uz-don-dragu-curkovica-najavljen-molitveni-skup-potpore\/","url":"https:\/\/radioljubuski.ba\/index.php\/2021\/06\/24\/vjernici-zupe-sipovaca-vojnici-uz-don-dragu-curkovica-najavljen-molitveni-skup-potpore\/","name":"Vjernici \u017eupe \u0160ipova\u010da \u2013 Vojni\u0107i uz don Dragu \u0106urkovi\u0107a: Najavljen molitveni skup potpore - RADIO LJUBU\u0160KI","isPartOf":{"@id":"https:\/\/radioljubuski.ba\/#website"},"primaryImageOfPage":{"@id":"https:\/\/radioljubuski.ba\/index.php\/2021\/06\/24\/vjernici-zupe-sipovaca-vojnici-uz-don-dragu-curkovica-najavljen-molitveni-skup-potpore\/#primaryimage"},"image":{"@id":"https:\/\/radioljubuski.ba\/index.php\/2021\/06\/24\/vjernici-zupe-sipovaca-vojnici-uz-don-dragu-curkovica-najavljen-molitveni-skup-potpore\/#primaryimage"},"thumbnailUrl":"https:\/\/radioljubuski.ba\/wp-content\/uploads\/2021\/06\/don-drago.jpg","datePublished":"2021-06-24T19:17:25+00:00","dateModified":"2021-06-24T19:17:27+00:00","breadcrumb":{"@id":"https:\/\/radioljubuski.ba\/index.php\/2021\/06\/24\/vjernici-zupe-sipovaca-vojnici-uz-don-dragu-curkovica-najavljen-molitveni-skup-potpore\/#breadcrumb"},"inLanguage":"hr","potentialAction":[{"@type":"ReadAction","target":["https:\/\/radioljubuski.ba\/index.php\/2021\/06\/24\/vjernici-zupe-sipovaca-vojnici-uz-don-dragu-curkovica-najavljen-molitveni-skup-potpore\/"]}]},{"@type":"ImageObject","inLanguage":"hr","@id":"https:\/\/radioljubuski.ba\/index.php\/2021\/06\/24\/vjernici-zupe-sipovaca-vojnici-uz-don-dragu-curkovica-najavljen-molitveni-skup-potpore\/#primaryimage","url":"https:\/\/radioljubuski.ba\/wp-content\/uploads\/2021\/06\/don-drago.jpg","contentUrl":"https:\/\/radioljubuski.ba\/wp-content\/uploads\/2021\/06\/don-drago.jpg","width":600,"height":400},{"@type":"BreadcrumbList","@id":"https:\/\/radioljubuski.ba\/index.php\/2021\/06\/24\/vjernici-zupe-sipovaca-vojnici-uz-don-dragu-curkovica-najavljen-molitveni-skup-potpore\/#breadcrumb","itemListElement":[{"@type":"ListItem","position":1,"name":"Po\u010detna stranica","item":"https:\/\/radioljubuski.ba\/"},{"@type":"ListItem","position":2,"name":"Vjernici \u017eupe \u0160ipova\u010da \u2013 Vojni\u0107i uz don Dragu \u0106urkovi\u0107a: Najavljen molitveni skup potpore"}]},{"@type":"WebSite","@id":"https:\/\/radioljubuski.ba\/#website","url":"https:\/\/radioljubuski.ba\/","name":"Radio Ljubu\u0161ki","description":"Sun\u010dana frekvencija Hercegovine","publisher":{"@id":"https:\/\/radioljubuski.ba\/#organization"},"potentialAction":[{"@type":"SearchAction","target":{"@type":"EntryPoint","urlTemplate":"https:\/\/radioljubuski.ba\/?s={search_term_string}"},"query-input":{"@type":"PropertyValueSpecification","valueRequired":true,"valueName":"search_term_string"}}],"inLanguage":"hr"},{"@type":"Organization","@id":"https:\/\/radioljubuski.ba\/#organization","name":"Radio Ljubu\u0161ki","url":"https:\/\/radioljubuski.ba\/","logo":{"@type":"ImageObject","inLanguage":"hr","@id":"https:\/\/radioljubuski.ba\/#\/schema\/logo\/image\/","url":"https:\/\/radioljubuski.ba\/wp-content\/uploads\/2021\/02\/cropped-Radio_Ljubuski_logo1.jpg","contentUrl":"https:\/\/radioljubuski.ba\/wp-content\/uploads\/2021\/02\/cropped-Radio_Ljubuski_logo1.jpg","width":512,"height":512,"caption":"Radio Ljubu\u0161ki"},"image":{"@id":"https:\/\/radioljubuski.ba\/#\/schema\/logo\/image\/"},"sameAs":["https:\/\/www.facebook.com\/Radiio-Ljubuski-1490835324566332","https:\/\/x.com\/radioljubuski","https:\/\/hr.linkedin.com\/company\/radio-ljubuski","https:\/\/www.youtube.com\/channel\/UCHYaeO_n0Db3tjNGudGpXyw"]},{"@type":"Person","@id":"https:\/\/radioljubuski.ba\/#\/schema\/person\/19fc700381a780f69665d7956c469e3b","name":"Radio Ljubu\u0161ki"}]}},"_links":{"self":[{"href":"https:\/\/radioljubuski.ba\/index.php\/wp-json\/wp\/v2\/posts\/35594","targetHints":{"allow":["GET"]}}],"collection":[{"href":"https:\/\/radioljubuski.ba\/index.php\/wp-json\/wp\/v2\/posts"}],"about":[{"href":"https:\/\/radioljubuski.ba\/index.php\/wp-json\/wp\/v2\/types\/post"}],"author":[{"embeddable":true,"href":"https:\/\/radioljubuski.ba\/index.php\/wp-json\/wp\/v2\/users\/2"}],"replies":[{"embeddable":true,"href":"https:\/\/radioljubuski.ba\/index.php\/wp-json\/wp\/v2\/comments?post=35594"}],"version-history":[{"count":1,"href":"https:\/\/radioljubuski.ba\/index.php\/wp-json\/wp\/v2\/posts\/35594\/revisions"}],"predecessor-version":[{"id":35596,"href":"https:\/\/radioljubuski.ba\/index.php\/wp-json\/wp\/v2\/posts\/35594\/revisions\/35596"}],"wp:featuredmedia":[{"embeddable":true,"href":"https:\/\/radioljubuski.ba\/index.php\/wp-json\/wp\/v2\/media\/35595"}],"wp:attachment":[{"href":"https:\/\/radioljubuski.ba\/index.php\/wp-json\/wp\/v2\/media?parent=35594"}],"wp:term":[{"taxonomy":"category","embeddable":true,"href":"https:\/\/radioljubuski.ba\/index.php\/wp-json\/wp\/v2\/categories?post=35594"},{"taxonomy":"post_tag","embeddable":true,"href":"https:\/\/radioljubuski.ba\/index.php\/wp-json\/wp\/v2\/tags?post=35594"}],"curies":[{"name":"wp","href":"https:\/\/api.w.org\/{rel}","templated":true}]}}