{"id":35597,"date":"2021-06-24T20:21:34","date_gmt":"2021-06-24T19:21:34","guid":{"rendered":"https:\/\/radioljubuski.ba\/?p=35597"},"modified":"2021-06-24T20:21:36","modified_gmt":"2021-06-24T19:21:36","slug":"maturantica-kolabirala-pisuci-25-satni-esej-u-ucionici-bez-klime","status":"publish","type":"post","link":"https:\/\/radioljubuski.ba\/index.php\/2021\/06\/24\/maturantica-kolabirala-pisuci-25-satni-esej-u-ucionici-bez-klime\/","title":{"rendered":"Maturantica kolabirala pi\u0161u\u0107i 2,5-satni esej u u\u010dionici bez klime"},"content":{"rendered":"\n<p>Prilikom odr\u017eavanja dr\u017eavne mature iz hrvatskog jezika u Srednjoj \u0161koli fra Andrije Ka\u010di\u0107a Mio\u0161i\u0107a, jednoj u\u010denici je pozlilo te ju je odvela Hitna pomo\u0107.<\/p>\n\n\n\n<p>Djevojka je,&nbsp;<a href=\"https:\/\/makarska-danas.com\/hitna-u-skoli-maturantica-kolabirala-pisuci-25-satni-esej-u-ucionici-bez-klime\/\" target=\"_blank\" rel=\"noreferrer noopener\">kako doznaje Makarska danas<\/a>, pisala esej iz hrvatskog jezika koji traje 2 sata i 40 minuta, te je u jednom trenutku kolabirala. Pozvali su koordinatoricu i dali u\u010denici vode, nakon \u010dega su je i\u0161li otpratiti do WC-a, me\u0111utim, u jednom su joj trenutku otkazale noge te je izgubila svijest.<\/p>\n\n\n\n<p>Djevojci je pru\u017eena pomo\u0107 u ambulanti Hitne pomo\u0107i gdje je dobila infuziju nakon \u010dega je upu\u0107ena doma.<\/p>\n\n\n\n<p>Slabost i nesvjestice uslijed ovakvih nesnosnih vru\u0107ina kakvima svjedo\u010dimo posljednjih dana nije ne\u0161to neuobi\u010dajeno za timove Hitne pomo\u0107i, me\u0111utim, situacija bi sasvim sigurno bila podno\u0161ljivija da je u\u010dionica u kojoj je pozlilo maturantici bila klimatizirana. Na\u017ealost, Srednja \u0161kola fra Andrije Ka\u010di\u0107a Mio\u0161i\u0107a ima samo neke klimatizirane u\u010dionice. Kada temperaturama do 40 stupnjeva Celzijevih dodamo \u010dinjenicu da nema klime, i da u\u010denici cijelo vrijeme moraju nositi masku, te biti propisno odjeveni \u0161to podrazumijeva zabranu no\u0161enja kratkih hla\u010da, ne treba \u010duditi da se dogode i ovakve situacije.<\/p>\n\n\n\n<p><em>Izvor: narod.hr<\/em><\/p>\n","protected":false},"excerpt":{"rendered":"<p>Prilikom odr\u017eavanja dr\u017eavne mature iz hrvatskog jezika u Srednjoj \u0161koli fra Andrije Ka\u010di\u0107a Mio\u0161i\u0107a, jednoj u\u010denici je pozlilo te ju je odvela Hitna pomo\u0107. Djevojka je,&nbsp;kako doznaje Makarska danas, pisala esej iz hrvatskog jezika koji traje 2 sata i 40 minuta, te je u jednom trenutku kolabirala. Pozvali su koordinatoricu i dali u\u010denici vode, nakon [&hellip;]<\/p>\n","protected":false},"author":2,"featured_media":35598,"comment_status":"closed","ping_status":"closed","sticky":false,"template":"","format":"standard","meta":{"h5ap_radio_sources":[],"footnotes":""},"categories":[1],"tags":[],"class_list":["post-35597","post","type-post","status-publish","format-standard","has-post-thumbnail","hentry","category-bihiregija"],"yoast_head":"<!-- This site is optimized with the Yoast SEO plugin v27.5 - https:\/\/yoast.com\/product\/yoast-seo-wordpress\/ -->\n<title>Maturantica kolabirala pi\u0161u\u0107i 2,5-satni esej u u\u010dionici bez klime - RADIO LJUBU\u0160KI<\/title>\n<meta name=\"robots\" content=\"index, follow, max-snippet:-1, max-image-preview:large, max-video-preview:-1\" \/>\n<link rel=\"canonical\" href=\"https:\/\/radioljubuski.ba\/index.php\/2021\/06\/24\/maturantica-kolabirala-pisuci-25-satni-esej-u-ucionici-bez-klime\/\" \/>\n<meta property=\"og:locale\" content=\"hr_HR\" \/>\n<meta property=\"og:type\" content=\"article\" \/>\n<meta property=\"og:title\" content=\"Maturantica kolabirala pi\u0161u\u0107i 2,5-satni esej u u\u010dionici bez klime - RADIO LJUBU\u0160KI\" \/>\n<meta property=\"og:description\" content=\"Prilikom odr\u017eavanja dr\u017eavne mature iz hrvatskog jezika u Srednjoj \u0161koli fra Andrije Ka\u010di\u0107a Mio\u0161i\u0107a, jednoj u\u010denici je pozlilo te ju je odvela Hitna pomo\u0107. Djevojka je,&nbsp;kako doznaje Makarska danas, pisala esej iz hrvatskog jezika koji traje 2 sata i 40 minuta, te je u jednom trenutku kolabirala. Pozvali su koordinatoricu i dali u\u010denici vode, nakon [&hellip;]\" \/>\n<meta property=\"og:url\" content=\"https:\/\/radioljubuski.ba\/index.php\/2021\/06\/24\/maturantica-kolabirala-pisuci-25-satni-esej-u-ucionici-bez-klime\/\" \/>\n<meta property=\"og:site_name\" content=\"RADIO LJUBU\u0160KI\" \/>\n<meta property=\"article:publisher\" content=\"https:\/\/www.facebook.com\/Radiio-Ljubuski-1490835324566332\" \/>\n<meta property=\"article:published_time\" content=\"2021-06-24T19:21:34+00:00\" \/>\n<meta property=\"article:modified_time\" content=\"2021-06-24T19:21:36+00:00\" \/>\n<meta property=\"og:image\" content=\"https:\/\/radioljubuski.ba\/wp-content\/uploads\/2021\/06\/HN20200902707022-696x464-1.jpg\" \/>\n\t<meta property=\"og:image:width\" content=\"696\" \/>\n\t<meta property=\"og:image:height\" content=\"464\" \/>\n\t<meta property=\"og:image:type\" content=\"image\/jpeg\" \/>\n<meta name=\"author\" content=\"Radio Ljubu\u0161ki\" \/>\n<meta name=\"twitter:card\" content=\"summary_large_image\" \/>\n<meta name=\"twitter:creator\" content=\"@radioljubuski\" \/>\n<meta name=\"twitter:site\" content=\"@radioljubuski\" \/>\n<meta name=\"twitter:label1\" content=\"Napisao\/la\" \/>\n\t<meta name=\"twitter:data1\" content=\"Radio Ljubu\u0161ki\" \/>\n\t<meta name=\"twitter:label2\" content=\"Procijenjeno vrijeme \u010ditanja\" \/>\n\t<meta name=\"twitter:data2\" content=\"1 minuta\" \/>\n<script type=\"application\/ld+json\" class=\"yoast-schema-graph\">{\"@context\":\"https:\\\/\\\/schema.org\",\"@graph\":[{\"@type\":\"Article\",\"@id\":\"https:\\\/\\\/radioljubuski.ba\\\/index.php\\\/2021\\\/06\\\/24\\\/maturantica-kolabirala-pisuci-25-satni-esej-u-ucionici-bez-klime\\\/#article\",\"isPartOf\":{\"@id\":\"https:\\\/\\\/radioljubuski.ba\\\/index.php\\\/2021\\\/06\\\/24\\\/maturantica-kolabirala-pisuci-25-satni-esej-u-ucionici-bez-klime\\\/\"},\"author\":{\"name\":\"Radio Ljubu\u0161ki\",\"@id\":\"https:\\\/\\\/radioljubuski.ba\\\/#\\\/schema\\\/person\\\/19fc700381a780f69665d7956c469e3b\"},\"headline\":\"Maturantica kolabirala pi\u0161u\u0107i 2,5-satni esej u u\u010dionici bez klime\",\"datePublished\":\"2021-06-24T19:21:34+00:00\",\"dateModified\":\"2021-06-24T19:21:36+00:00\",\"mainEntityOfPage\":{\"@id\":\"https:\\\/\\\/radioljubuski.ba\\\/index.php\\\/2021\\\/06\\\/24\\\/maturantica-kolabirala-pisuci-25-satni-esej-u-ucionici-bez-klime\\\/\"},\"wordCount\":220,\"publisher\":{\"@id\":\"https:\\\/\\\/radioljubuski.ba\\\/#organization\"},\"image\":{\"@id\":\"https:\\\/\\\/radioljubuski.ba\\\/index.php\\\/2021\\\/06\\\/24\\\/maturantica-kolabirala-pisuci-25-satni-esej-u-ucionici-bez-klime\\\/#primaryimage\"},\"thumbnailUrl\":\"https:\\\/\\\/radioljubuski.ba\\\/wp-content\\\/uploads\\\/2021\\\/06\\\/HN20200902707022-696x464-1.jpg\",\"articleSection\":[\"BIH i regija\"],\"inLanguage\":\"hr\"},{\"@type\":\"WebPage\",\"@id\":\"https:\\\/\\\/radioljubuski.ba\\\/index.php\\\/2021\\\/06\\\/24\\\/maturantica-kolabirala-pisuci-25-satni-esej-u-ucionici-bez-klime\\\/\",\"url\":\"https:\\\/\\\/radioljubuski.ba\\\/index.php\\\/2021\\\/06\\\/24\\\/maturantica-kolabirala-pisuci-25-satni-esej-u-ucionici-bez-klime\\\/\",\"name\":\"Maturantica kolabirala pi\u0161u\u0107i 2,5-satni esej u u\u010dionici bez klime - RADIO LJUBU\u0160KI\",\"isPartOf\":{\"@id\":\"https:\\\/\\\/radioljubuski.ba\\\/#website\"},\"primaryImageOfPage\":{\"@id\":\"https:\\\/\\\/radioljubuski.ba\\\/index.php\\\/2021\\\/06\\\/24\\\/maturantica-kolabirala-pisuci-25-satni-esej-u-ucionici-bez-klime\\\/#primaryimage\"},\"image\":{\"@id\":\"https:\\\/\\\/radioljubuski.ba\\\/index.php\\\/2021\\\/06\\\/24\\\/maturantica-kolabirala-pisuci-25-satni-esej-u-ucionici-bez-klime\\\/#primaryimage\"},\"thumbnailUrl\":\"https:\\\/\\\/radioljubuski.ba\\\/wp-content\\\/uploads\\\/2021\\\/06\\\/HN20200902707022-696x464-1.jpg\",\"datePublished\":\"2021-06-24T19:21:34+00:00\",\"dateModified\":\"2021-06-24T19:21:36+00:00\",\"breadcrumb\":{\"@id\":\"https:\\\/\\\/radioljubuski.ba\\\/index.php\\\/2021\\\/06\\\/24\\\/maturantica-kolabirala-pisuci-25-satni-esej-u-ucionici-bez-klime\\\/#breadcrumb\"},\"inLanguage\":\"hr\",\"potentialAction\":[{\"@type\":\"ReadAction\",\"target\":[\"https:\\\/\\\/radioljubuski.ba\\\/index.php\\\/2021\\\/06\\\/24\\\/maturantica-kolabirala-pisuci-25-satni-esej-u-ucionici-bez-klime\\\/\"]}]},{\"@type\":\"ImageObject\",\"inLanguage\":\"hr\",\"@id\":\"https:\\\/\\\/radioljubuski.ba\\\/index.php\\\/2021\\\/06\\\/24\\\/maturantica-kolabirala-pisuci-25-satni-esej-u-ucionici-bez-klime\\\/#primaryimage\",\"url\":\"https:\\\/\\\/radioljubuski.ba\\\/wp-content\\\/uploads\\\/2021\\\/06\\\/HN20200902707022-696x464-1.jpg\",\"contentUrl\":\"https:\\\/\\\/radioljubuski.ba\\\/wp-content\\\/uploads\\\/2021\\\/06\\\/HN20200902707022-696x464-1.jpg\",\"width\":696,\"height\":464},{\"@type\":\"BreadcrumbList\",\"@id\":\"https:\\\/\\\/radioljubuski.ba\\\/index.php\\\/2021\\\/06\\\/24\\\/maturantica-kolabirala-pisuci-25-satni-esej-u-ucionici-bez-klime\\\/#breadcrumb\",\"itemListElement\":[{\"@type\":\"ListItem\",\"position\":1,\"name\":\"Po\u010detna stranica\",\"item\":\"https:\\\/\\\/radioljubuski.ba\\\/\"},{\"@type\":\"ListItem\",\"position\":2,\"name\":\"Maturantica kolabirala pi\u0161u\u0107i 2,5-satni esej u u\u010dionici bez klime\"}]},{\"@type\":\"WebSite\",\"@id\":\"https:\\\/\\\/radioljubuski.ba\\\/#website\",\"url\":\"https:\\\/\\\/radioljubuski.ba\\\/\",\"name\":\"Radio Ljubu\u0161ki\",\"description\":\"Sun\u010dana frekvencija Hercegovine\",\"publisher\":{\"@id\":\"https:\\\/\\\/radioljubuski.ba\\\/#organization\"},\"potentialAction\":[{\"@type\":\"SearchAction\",\"target\":{\"@type\":\"EntryPoint\",\"urlTemplate\":\"https:\\\/\\\/radioljubuski.ba\\\/?s={search_term_string}\"},\"query-input\":{\"@type\":\"PropertyValueSpecification\",\"valueRequired\":true,\"valueName\":\"search_term_string\"}}],\"inLanguage\":\"hr\"},{\"@type\":\"Organization\",\"@id\":\"https:\\\/\\\/radioljubuski.ba\\\/#organization\",\"name\":\"Radio Ljubu\u0161ki\",\"url\":\"https:\\\/\\\/radioljubuski.ba\\\/\",\"logo\":{\"@type\":\"ImageObject\",\"inLanguage\":\"hr\",\"@id\":\"https:\\\/\\\/radioljubuski.ba\\\/#\\\/schema\\\/logo\\\/image\\\/\",\"url\":\"https:\\\/\\\/radioljubuski.ba\\\/wp-content\\\/uploads\\\/2021\\\/02\\\/cropped-Radio_Ljubuski_logo1.jpg\",\"contentUrl\":\"https:\\\/\\\/radioljubuski.ba\\\/wp-content\\\/uploads\\\/2021\\\/02\\\/cropped-Radio_Ljubuski_logo1.jpg\",\"width\":512,\"height\":512,\"caption\":\"Radio Ljubu\u0161ki\"},\"image\":{\"@id\":\"https:\\\/\\\/radioljubuski.ba\\\/#\\\/schema\\\/logo\\\/image\\\/\"},\"sameAs\":[\"https:\\\/\\\/www.facebook.com\\\/Radiio-Ljubuski-1490835324566332\",\"https:\\\/\\\/x.com\\\/radioljubuski\",\"https:\\\/\\\/hr.linkedin.com\\\/company\\\/radio-ljubuski\",\"https:\\\/\\\/www.youtube.com\\\/channel\\\/UCHYaeO_n0Db3tjNGudGpXyw\"]},{\"@type\":\"Person\",\"@id\":\"https:\\\/\\\/radioljubuski.ba\\\/#\\\/schema\\\/person\\\/19fc700381a780f69665d7956c469e3b\",\"name\":\"Radio Ljubu\u0161ki\"}]}<\/script>\n<!-- \/ Yoast SEO plugin. -->","yoast_head_json":{"title":"Maturantica kolabirala pi\u0161u\u0107i 2,5-satni esej u u\u010dionici bez klime - RADIO LJUBU\u0160KI","robots":{"index":"index","follow":"follow","max-snippet":"max-snippet:-1","max-image-preview":"max-image-preview:large","max-video-preview":"max-video-preview:-1"},"canonical":"https:\/\/radioljubuski.ba\/index.php\/2021\/06\/24\/maturantica-kolabirala-pisuci-25-satni-esej-u-ucionici-bez-klime\/","og_locale":"hr_HR","og_type":"article","og_title":"Maturantica kolabirala pi\u0161u\u0107i 2,5-satni esej u u\u010dionici bez klime - RADIO LJUBU\u0160KI","og_description":"Prilikom odr\u017eavanja dr\u017eavne mature iz hrvatskog jezika u Srednjoj \u0161koli fra Andrije Ka\u010di\u0107a Mio\u0161i\u0107a, jednoj u\u010denici je pozlilo te ju je odvela Hitna pomo\u0107. Djevojka je,&nbsp;kako doznaje Makarska danas, pisala esej iz hrvatskog jezika koji traje 2 sata i 40 minuta, te je u jednom trenutku kolabirala. Pozvali su koordinatoricu i dali u\u010denici vode, nakon [&hellip;]","og_url":"https:\/\/radioljubuski.ba\/index.php\/2021\/06\/24\/maturantica-kolabirala-pisuci-25-satni-esej-u-ucionici-bez-klime\/","og_site_name":"RADIO LJUBU\u0160KI","article_publisher":"https:\/\/www.facebook.com\/Radiio-Ljubuski-1490835324566332","article_published_time":"2021-06-24T19:21:34+00:00","article_modified_time":"2021-06-24T19:21:36+00:00","og_image":[{"width":696,"height":464,"url":"https:\/\/radioljubuski.ba\/wp-content\/uploads\/2021\/06\/HN20200902707022-696x464-1.jpg","type":"image\/jpeg"}],"author":"Radio Ljubu\u0161ki","twitter_card":"summary_large_image","twitter_creator":"@radioljubuski","twitter_site":"@radioljubuski","twitter_misc":{"Napisao\/la":"Radio Ljubu\u0161ki","Procijenjeno vrijeme \u010ditanja":"1 minuta"},"schema":{"@context":"https:\/\/schema.org","@graph":[{"@type":"Article","@id":"https:\/\/radioljubuski.ba\/index.php\/2021\/06\/24\/maturantica-kolabirala-pisuci-25-satni-esej-u-ucionici-bez-klime\/#article","isPartOf":{"@id":"https:\/\/radioljubuski.ba\/index.php\/2021\/06\/24\/maturantica-kolabirala-pisuci-25-satni-esej-u-ucionici-bez-klime\/"},"author":{"name":"Radio Ljubu\u0161ki","@id":"https:\/\/radioljubuski.ba\/#\/schema\/person\/19fc700381a780f69665d7956c469e3b"},"headline":"Maturantica kolabirala pi\u0161u\u0107i 2,5-satni esej u u\u010dionici bez klime","datePublished":"2021-06-24T19:21:34+00:00","dateModified":"2021-06-24T19:21:36+00:00","mainEntityOfPage":{"@id":"https:\/\/radioljubuski.ba\/index.php\/2021\/06\/24\/maturantica-kolabirala-pisuci-25-satni-esej-u-ucionici-bez-klime\/"},"wordCount":220,"publisher":{"@id":"https:\/\/radioljubuski.ba\/#organization"},"image":{"@id":"https:\/\/radioljubuski.ba\/index.php\/2021\/06\/24\/maturantica-kolabirala-pisuci-25-satni-esej-u-ucionici-bez-klime\/#primaryimage"},"thumbnailUrl":"https:\/\/radioljubuski.ba\/wp-content\/uploads\/2021\/06\/HN20200902707022-696x464-1.jpg","articleSection":["BIH i regija"],"inLanguage":"hr"},{"@type":"WebPage","@id":"https:\/\/radioljubuski.ba\/index.php\/2021\/06\/24\/maturantica-kolabirala-pisuci-25-satni-esej-u-ucionici-bez-klime\/","url":"https:\/\/radioljubuski.ba\/index.php\/2021\/06\/24\/maturantica-kolabirala-pisuci-25-satni-esej-u-ucionici-bez-klime\/","name":"Maturantica kolabirala pi\u0161u\u0107i 2,5-satni esej u u\u010dionici bez klime - RADIO LJUBU\u0160KI","isPartOf":{"@id":"https:\/\/radioljubuski.ba\/#website"},"primaryImageOfPage":{"@id":"https:\/\/radioljubuski.ba\/index.php\/2021\/06\/24\/maturantica-kolabirala-pisuci-25-satni-esej-u-ucionici-bez-klime\/#primaryimage"},"image":{"@id":"https:\/\/radioljubuski.ba\/index.php\/2021\/06\/24\/maturantica-kolabirala-pisuci-25-satni-esej-u-ucionici-bez-klime\/#primaryimage"},"thumbnailUrl":"https:\/\/radioljubuski.ba\/wp-content\/uploads\/2021\/06\/HN20200902707022-696x464-1.jpg","datePublished":"2021-06-24T19:21:34+00:00","dateModified":"2021-06-24T19:21:36+00:00","breadcrumb":{"@id":"https:\/\/radioljubuski.ba\/index.php\/2021\/06\/24\/maturantica-kolabirala-pisuci-25-satni-esej-u-ucionici-bez-klime\/#breadcrumb"},"inLanguage":"hr","potentialAction":[{"@type":"ReadAction","target":["https:\/\/radioljubuski.ba\/index.php\/2021\/06\/24\/maturantica-kolabirala-pisuci-25-satni-esej-u-ucionici-bez-klime\/"]}]},{"@type":"ImageObject","inLanguage":"hr","@id":"https:\/\/radioljubuski.ba\/index.php\/2021\/06\/24\/maturantica-kolabirala-pisuci-25-satni-esej-u-ucionici-bez-klime\/#primaryimage","url":"https:\/\/radioljubuski.ba\/wp-content\/uploads\/2021\/06\/HN20200902707022-696x464-1.jpg","contentUrl":"https:\/\/radioljubuski.ba\/wp-content\/uploads\/2021\/06\/HN20200902707022-696x464-1.jpg","width":696,"height":464},{"@type":"BreadcrumbList","@id":"https:\/\/radioljubuski.ba\/index.php\/2021\/06\/24\/maturantica-kolabirala-pisuci-25-satni-esej-u-ucionici-bez-klime\/#breadcrumb","itemListElement":[{"@type":"ListItem","position":1,"name":"Po\u010detna stranica","item":"https:\/\/radioljubuski.ba\/"},{"@type":"ListItem","position":2,"name":"Maturantica kolabirala pi\u0161u\u0107i 2,5-satni esej u u\u010dionici bez klime"}]},{"@type":"WebSite","@id":"https:\/\/radioljubuski.ba\/#website","url":"https:\/\/radioljubuski.ba\/","name":"Radio Ljubu\u0161ki","description":"Sun\u010dana frekvencija Hercegovine","publisher":{"@id":"https:\/\/radioljubuski.ba\/#organization"},"potentialAction":[{"@type":"SearchAction","target":{"@type":"EntryPoint","urlTemplate":"https:\/\/radioljubuski.ba\/?s={search_term_string}"},"query-input":{"@type":"PropertyValueSpecification","valueRequired":true,"valueName":"search_term_string"}}],"inLanguage":"hr"},{"@type":"Organization","@id":"https:\/\/radioljubuski.ba\/#organization","name":"Radio Ljubu\u0161ki","url":"https:\/\/radioljubuski.ba\/","logo":{"@type":"ImageObject","inLanguage":"hr","@id":"https:\/\/radioljubuski.ba\/#\/schema\/logo\/image\/","url":"https:\/\/radioljubuski.ba\/wp-content\/uploads\/2021\/02\/cropped-Radio_Ljubuski_logo1.jpg","contentUrl":"https:\/\/radioljubuski.ba\/wp-content\/uploads\/2021\/02\/cropped-Radio_Ljubuski_logo1.jpg","width":512,"height":512,"caption":"Radio Ljubu\u0161ki"},"image":{"@id":"https:\/\/radioljubuski.ba\/#\/schema\/logo\/image\/"},"sameAs":["https:\/\/www.facebook.com\/Radiio-Ljubuski-1490835324566332","https:\/\/x.com\/radioljubuski","https:\/\/hr.linkedin.com\/company\/radio-ljubuski","https:\/\/www.youtube.com\/channel\/UCHYaeO_n0Db3tjNGudGpXyw"]},{"@type":"Person","@id":"https:\/\/radioljubuski.ba\/#\/schema\/person\/19fc700381a780f69665d7956c469e3b","name":"Radio Ljubu\u0161ki"}]}},"_links":{"self":[{"href":"https:\/\/radioljubuski.ba\/index.php\/wp-json\/wp\/v2\/posts\/35597","targetHints":{"allow":["GET"]}}],"collection":[{"href":"https:\/\/radioljubuski.ba\/index.php\/wp-json\/wp\/v2\/posts"}],"about":[{"href":"https:\/\/radioljubuski.ba\/index.php\/wp-json\/wp\/v2\/types\/post"}],"author":[{"embeddable":true,"href":"https:\/\/radioljubuski.ba\/index.php\/wp-json\/wp\/v2\/users\/2"}],"replies":[{"embeddable":true,"href":"https:\/\/radioljubuski.ba\/index.php\/wp-json\/wp\/v2\/comments?post=35597"}],"version-history":[{"count":1,"href":"https:\/\/radioljubuski.ba\/index.php\/wp-json\/wp\/v2\/posts\/35597\/revisions"}],"predecessor-version":[{"id":35599,"href":"https:\/\/radioljubuski.ba\/index.php\/wp-json\/wp\/v2\/posts\/35597\/revisions\/35599"}],"wp:featuredmedia":[{"embeddable":true,"href":"https:\/\/radioljubuski.ba\/index.php\/wp-json\/wp\/v2\/media\/35598"}],"wp:attachment":[{"href":"https:\/\/radioljubuski.ba\/index.php\/wp-json\/wp\/v2\/media?parent=35597"}],"wp:term":[{"taxonomy":"category","embeddable":true,"href":"https:\/\/radioljubuski.ba\/index.php\/wp-json\/wp\/v2\/categories?post=35597"},{"taxonomy":"post_tag","embeddable":true,"href":"https:\/\/radioljubuski.ba\/index.php\/wp-json\/wp\/v2\/tags?post=35597"}],"curies":[{"name":"wp","href":"https:\/\/api.w.org\/{rel}","templated":true}]}}