{"id":35660,"date":"2021-06-24T22:59:34","date_gmt":"2021-06-24T21:59:34","guid":{"rendered":"https:\/\/radioljubuski.ba\/?p=35660"},"modified":"2021-06-26T23:46:33","modified_gmt":"2021-06-26T22:46:33","slug":"sda-dzaferovic-i-komsic-hrvatska-porazena-u-ep-u-oko-etnickih-podjela","status":"publish","type":"post","link":"https:\/\/radioljubuski.ba\/index.php\/2021\/06\/24\/sda-dzaferovic-i-komsic-hrvatska-porazena-u-ep-u-oko-etnickih-podjela\/","title":{"rendered":"SDA, D\u017eaferovi\u0107 i Kom\u0161i\u0107: Hrvatska pora\u017eena u EP-u oko etni\u010dkih podjela"},"content":{"rendered":"\n<p><strong>Vode\u0107a bo\u0161nja\u010dka stranka SDA te dvojica \u010dlanova Predsjedni\u0161tva BiH&nbsp;\u0160efik D\u017eaferovi\u0107&nbsp;i&nbsp;\u017deljko Kom\u0161i\u0107&nbsp;u \u010detvrtak su ustvrdili da su dana\u0161njim odbacivanjem amandmana o konstitutivnim narodima na Izvje\u0161\u0107e o napretku BiH, Hrvatska i koncept &#8216;etni\u010dkih podjela&#8217; do\u017eivjeli poraz u Europskom parlamentu.<\/strong><\/p>\n\n\n\n<p><a href=\"https:\/\/vijesti.hrt.hr\/eu\/plenkovic-politicke-institucije-u-bih-trebaju-same-postici-dogovor-o-reformi-izbornog-sustava-2179040\"><br><\/a><\/p>\n\n\n\n<p>U \u010detvrtak je na plenarnome zasjedanju Europski parlament usvojio Izvje\u0161\u0107e o BiH. Zastupnici nisu prihvatili amandmane hrvatskih eurozastupnika o pravima konstitutivnih naroda u \u010demu su ih podr\u017eali kolege iz Europske pu\u010dke stranke, no ne i \u010dlanovi liberala, lijevih i grupacije zelenih \u0161to nije bilo dovoljno da se na\u0111u u Izvje\u0161\u0107u o napretku.&nbsp;<\/p>\n\n\n\n<p>&#8211; Odbacivanje amandmana parlamentaraca iz Hrvatske i europskih ultradesni\u010darskih stranaka, kojim se od BiH tra\u017ei dodatno produbljivanje diskriminacije u izbornom procesu &#8230; jasna je poruka u kojem pravcu se budu\u0107e reforme Ustava i izbornog zakonodavstva u BiH trebaju kretati, navela je vode\u0107a bo\u0161nja\u010dka stranka SDA.<\/p>\n\n\n\n<p>Vode\u0107a bo\u0161nja\u010dka stranka zauzima se u pregovorima s vode\u0107om strankom hrvatskog predznaka HDZ BH za provedbe presuda Suda za ljudska prava u Strasbourgu kojim se zahtijeva da predstavnici manjina imaju prava biti birani na najva\u017enije pozicije u dr\u017eavi. Zbog toga inzistiraju da se u BiH realiziraju tek prava gra\u0111ana, nasuprot Ustavu BiH i Daytonskom sporazumu, te presudama Ustavnoga suda BiH kojim se inzistira na tome predstavnici brojnijih naroda ne preglasavaju manje brojne, te da se osigura legitimno politi\u010dko predstavljanje.<\/p>\n\n\n\n<p>U tri navrata bo\u0161nja\u010dkim glasovima je za \u010dlana BiH Predsjedni\u0161tva izabran \u010dlan BiH Predsjedni\u0161tva \u017deljko Kom\u0161i\u0107, a u dva navrata bo\u0161nja\u010dke stranke su izbacile iz vlasti hrvatske stranke za koje je glasovao najve\u0107i broj Hrvata u toj zemlji.<\/p>\n\n\n\n<p>\u017deljko Kom\u0161i\u0107 je rezultat glasovanja u Bruxellesu ocijenio jasnom porukom Zagrebu.<\/p>\n\n\n\n<p>To je bilo i o\u010dekivano s obzirom na \u010dinjenicu da to navodno legitimno predstavljanje konstitutivnih naroda nema nikakvo upori\u0161te u presudama Europskog suda za ljudska prava. To je poruka koju Zagreb treba dobro primiti k znanju, jer sada je jasno da etni\u010dki koncept koji forsiraju u Bosni i Hercegovini nije prihvatljiv za EU, istaknuo je Kom\u0161i\u0107.<\/p>\n\n\n\n<p>I drugi \u010dlan Predsjedni\u0161tva BiH \u0160efik D\u017eaferovi\u0107 naveo je da je odba\u010dena ideja Hrvatske da se u rezoluciju Europskog parlamenta uvede &#8216;retorika etni\u010dkih podjela&#8217;.<\/p>\n\n\n\n<p>Nakon odbijanja NATO-a na proteklom summitu da uvrsti sli\u010dne formulacije u svoju deklaraciju, ovo je druga po redu va\u017ena poruka, nakon koje bi se slu\u017ebeni ni Zagreb trebao dobro zamisliti i po\u010deti mijenjati politiku prema Bosni i Hercegovini. Svaki poku\u0161aj Zagreba da name\u0107e rje\u0161enja Bosni i Hercegovini zavr\u0161it \u0107e neuspjehom i bespotrebnim srozavanjem ugleda Republike Hrvatske, rekao je D\u017eaferovi\u0107.<\/p>\n\n\n\n<p>Ponovio je da BiH treba reformirati svoj Ustav i izborno zakonodavstvo na temelju presuda Europskog suda za ljudska prava i preporuka Europske komisije, kako bi se otklonila diskriminacija i osigurala ravnopravnost svih gra\u0111ana u svakom dijelu zemlje.<\/p>\n\n\n\n<p>Izvor:hrt.hr<\/p>\n","protected":false},"excerpt":{"rendered":"<p>Vode\u0107a bo\u0161nja\u010dka stranka SDA te dvojica \u010dlanova Predsjedni\u0161tva BiH&nbsp;\u0160efik D\u017eaferovi\u0107&nbsp;i&nbsp;\u017deljko Kom\u0161i\u0107&nbsp;u \u010detvrtak su ustvrdili da su dana\u0161njim odbacivanjem amandmana o konstitutivnim narodima na Izvje\u0161\u0107e o napretku BiH, Hrvatska i koncept &#8216;etni\u010dkih podjela&#8217; do\u017eivjeli poraz u Europskom parlamentu. U \u010detvrtak je na plenarnome zasjedanju Europski parlament usvojio Izvje\u0161\u0107e o BiH. Zastupnici nisu prihvatili amandmane hrvatskih eurozastupnika [&hellip;]<\/p>\n","protected":false},"author":2,"featured_media":0,"comment_status":"closed","ping_status":"closed","sticky":false,"template":"","format":"standard","meta":{"h5ap_radio_sources":[],"footnotes":""},"categories":[1],"tags":[],"class_list":["post-35660","post","type-post","status-publish","format-standard","hentry","category-bihiregija"],"yoast_head":"<!-- This site is optimized with the Yoast SEO plugin v27.5 - https:\/\/yoast.com\/product\/yoast-seo-wordpress\/ -->\n<title>SDA, D\u017eaferovi\u0107 i Kom\u0161i\u0107: Hrvatska pora\u017eena u EP-u oko etni\u010dkih podjela - RADIO LJUBU\u0160KI<\/title>\n<meta name=\"robots\" content=\"index, follow, max-snippet:-1, max-image-preview:large, max-video-preview:-1\" \/>\n<link rel=\"canonical\" href=\"https:\/\/radioljubuski.ba\/index.php\/2021\/06\/24\/sda-dzaferovic-i-komsic-hrvatska-porazena-u-ep-u-oko-etnickih-podjela\/\" \/>\n<meta property=\"og:locale\" content=\"hr_HR\" \/>\n<meta property=\"og:type\" content=\"article\" \/>\n<meta property=\"og:title\" content=\"SDA, D\u017eaferovi\u0107 i Kom\u0161i\u0107: Hrvatska pora\u017eena u EP-u oko etni\u010dkih podjela - RADIO LJUBU\u0160KI\" \/>\n<meta property=\"og:description\" content=\"Vode\u0107a bo\u0161nja\u010dka stranka SDA te dvojica \u010dlanova Predsjedni\u0161tva BiH&nbsp;\u0160efik D\u017eaferovi\u0107&nbsp;i&nbsp;\u017deljko Kom\u0161i\u0107&nbsp;u \u010detvrtak su ustvrdili da su dana\u0161njim odbacivanjem amandmana o konstitutivnim narodima na Izvje\u0161\u0107e o napretku BiH, Hrvatska i koncept &#8216;etni\u010dkih podjela&#8217; do\u017eivjeli poraz u Europskom parlamentu. U \u010detvrtak je na plenarnome zasjedanju Europski parlament usvojio Izvje\u0161\u0107e o BiH. Zastupnici nisu prihvatili amandmane hrvatskih eurozastupnika [&hellip;]\" \/>\n<meta property=\"og:url\" content=\"https:\/\/radioljubuski.ba\/index.php\/2021\/06\/24\/sda-dzaferovic-i-komsic-hrvatska-porazena-u-ep-u-oko-etnickih-podjela\/\" \/>\n<meta property=\"og:site_name\" content=\"RADIO LJUBU\u0160KI\" \/>\n<meta property=\"article:publisher\" content=\"https:\/\/www.facebook.com\/Radiio-Ljubuski-1490835324566332\" \/>\n<meta property=\"article:published_time\" content=\"2021-06-24T21:59:34+00:00\" \/>\n<meta property=\"article:modified_time\" content=\"2021-06-26T22:46:33+00:00\" \/>\n<meta property=\"og:image\" content=\"https:\/\/radioljubuski.ba\/wp-content\/uploads\/2021\/06\/pxl-171220-31196862-20210624215424.jpg\" \/>\n\t<meta property=\"og:image:width\" content=\"1600\" \/>\n\t<meta property=\"og:image:height\" content=\"1066\" \/>\n\t<meta property=\"og:image:type\" content=\"image\/jpeg\" \/>\n<meta name=\"author\" content=\"Radio Ljubu\u0161ki\" \/>\n<meta name=\"twitter:card\" content=\"summary_large_image\" \/>\n<meta name=\"twitter:creator\" content=\"@radioljubuski\" \/>\n<meta name=\"twitter:site\" content=\"@radioljubuski\" \/>\n<meta name=\"twitter:label1\" content=\"Napisao\/la\" \/>\n\t<meta name=\"twitter:data1\" content=\"Radio Ljubu\u0161ki\" \/>\n\t<meta name=\"twitter:label2\" content=\"Procijenjeno vrijeme \u010ditanja\" \/>\n\t<meta name=\"twitter:data2\" content=\"2 minute\" \/>\n<script type=\"application\/ld+json\" class=\"yoast-schema-graph\">{\"@context\":\"https:\\\/\\\/schema.org\",\"@graph\":[{\"@type\":\"Article\",\"@id\":\"https:\\\/\\\/radioljubuski.ba\\\/index.php\\\/2021\\\/06\\\/24\\\/sda-dzaferovic-i-komsic-hrvatska-porazena-u-ep-u-oko-etnickih-podjela\\\/#article\",\"isPartOf\":{\"@id\":\"https:\\\/\\\/radioljubuski.ba\\\/index.php\\\/2021\\\/06\\\/24\\\/sda-dzaferovic-i-komsic-hrvatska-porazena-u-ep-u-oko-etnickih-podjela\\\/\"},\"author\":{\"name\":\"Radio Ljubu\u0161ki\",\"@id\":\"https:\\\/\\\/radioljubuski.ba\\\/#\\\/schema\\\/person\\\/19fc700381a780f69665d7956c469e3b\"},\"headline\":\"SDA, D\u017eaferovi\u0107 i Kom\u0161i\u0107: Hrvatska pora\u017eena u EP-u oko etni\u010dkih podjela\",\"datePublished\":\"2021-06-24T21:59:34+00:00\",\"dateModified\":\"2021-06-26T22:46:33+00:00\",\"mainEntityOfPage\":{\"@id\":\"https:\\\/\\\/radioljubuski.ba\\\/index.php\\\/2021\\\/06\\\/24\\\/sda-dzaferovic-i-komsic-hrvatska-porazena-u-ep-u-oko-etnickih-podjela\\\/\"},\"wordCount\":520,\"publisher\":{\"@id\":\"https:\\\/\\\/radioljubuski.ba\\\/#organization\"},\"articleSection\":[\"BIH i regija\"],\"inLanguage\":\"hr\"},{\"@type\":\"WebPage\",\"@id\":\"https:\\\/\\\/radioljubuski.ba\\\/index.php\\\/2021\\\/06\\\/24\\\/sda-dzaferovic-i-komsic-hrvatska-porazena-u-ep-u-oko-etnickih-podjela\\\/\",\"url\":\"https:\\\/\\\/radioljubuski.ba\\\/index.php\\\/2021\\\/06\\\/24\\\/sda-dzaferovic-i-komsic-hrvatska-porazena-u-ep-u-oko-etnickih-podjela\\\/\",\"name\":\"SDA, D\u017eaferovi\u0107 i Kom\u0161i\u0107: Hrvatska pora\u017eena u EP-u oko etni\u010dkih podjela - RADIO LJUBU\u0160KI\",\"isPartOf\":{\"@id\":\"https:\\\/\\\/radioljubuski.ba\\\/#website\"},\"datePublished\":\"2021-06-24T21:59:34+00:00\",\"dateModified\":\"2021-06-26T22:46:33+00:00\",\"breadcrumb\":{\"@id\":\"https:\\\/\\\/radioljubuski.ba\\\/index.php\\\/2021\\\/06\\\/24\\\/sda-dzaferovic-i-komsic-hrvatska-porazena-u-ep-u-oko-etnickih-podjela\\\/#breadcrumb\"},\"inLanguage\":\"hr\",\"potentialAction\":[{\"@type\":\"ReadAction\",\"target\":[\"https:\\\/\\\/radioljubuski.ba\\\/index.php\\\/2021\\\/06\\\/24\\\/sda-dzaferovic-i-komsic-hrvatska-porazena-u-ep-u-oko-etnickih-podjela\\\/\"]}]},{\"@type\":\"BreadcrumbList\",\"@id\":\"https:\\\/\\\/radioljubuski.ba\\\/index.php\\\/2021\\\/06\\\/24\\\/sda-dzaferovic-i-komsic-hrvatska-porazena-u-ep-u-oko-etnickih-podjela\\\/#breadcrumb\",\"itemListElement\":[{\"@type\":\"ListItem\",\"position\":1,\"name\":\"Po\u010detna stranica\",\"item\":\"https:\\\/\\\/radioljubuski.ba\\\/\"},{\"@type\":\"ListItem\",\"position\":2,\"name\":\"SDA, D\u017eaferovi\u0107 i Kom\u0161i\u0107: Hrvatska pora\u017eena u EP-u oko etni\u010dkih podjela\"}]},{\"@type\":\"WebSite\",\"@id\":\"https:\\\/\\\/radioljubuski.ba\\\/#website\",\"url\":\"https:\\\/\\\/radioljubuski.ba\\\/\",\"name\":\"Radio Ljubu\u0161ki\",\"description\":\"Sun\u010dana frekvencija Hercegovine\",\"publisher\":{\"@id\":\"https:\\\/\\\/radioljubuski.ba\\\/#organization\"},\"potentialAction\":[{\"@type\":\"SearchAction\",\"target\":{\"@type\":\"EntryPoint\",\"urlTemplate\":\"https:\\\/\\\/radioljubuski.ba\\\/?s={search_term_string}\"},\"query-input\":{\"@type\":\"PropertyValueSpecification\",\"valueRequired\":true,\"valueName\":\"search_term_string\"}}],\"inLanguage\":\"hr\"},{\"@type\":\"Organization\",\"@id\":\"https:\\\/\\\/radioljubuski.ba\\\/#organization\",\"name\":\"Radio Ljubu\u0161ki\",\"url\":\"https:\\\/\\\/radioljubuski.ba\\\/\",\"logo\":{\"@type\":\"ImageObject\",\"inLanguage\":\"hr\",\"@id\":\"https:\\\/\\\/radioljubuski.ba\\\/#\\\/schema\\\/logo\\\/image\\\/\",\"url\":\"https:\\\/\\\/radioljubuski.ba\\\/wp-content\\\/uploads\\\/2021\\\/02\\\/cropped-Radio_Ljubuski_logo1.jpg\",\"contentUrl\":\"https:\\\/\\\/radioljubuski.ba\\\/wp-content\\\/uploads\\\/2021\\\/02\\\/cropped-Radio_Ljubuski_logo1.jpg\",\"width\":512,\"height\":512,\"caption\":\"Radio Ljubu\u0161ki\"},\"image\":{\"@id\":\"https:\\\/\\\/radioljubuski.ba\\\/#\\\/schema\\\/logo\\\/image\\\/\"},\"sameAs\":[\"https:\\\/\\\/www.facebook.com\\\/Radiio-Ljubuski-1490835324566332\",\"https:\\\/\\\/x.com\\\/radioljubuski\",\"https:\\\/\\\/hr.linkedin.com\\\/company\\\/radio-ljubuski\",\"https:\\\/\\\/www.youtube.com\\\/channel\\\/UCHYaeO_n0Db3tjNGudGpXyw\"]},{\"@type\":\"Person\",\"@id\":\"https:\\\/\\\/radioljubuski.ba\\\/#\\\/schema\\\/person\\\/19fc700381a780f69665d7956c469e3b\",\"name\":\"Radio Ljubu\u0161ki\"}]}<\/script>\n<!-- \/ Yoast SEO plugin. -->","yoast_head_json":{"title":"SDA, D\u017eaferovi\u0107 i Kom\u0161i\u0107: Hrvatska pora\u017eena u EP-u oko etni\u010dkih podjela - RADIO LJUBU\u0160KI","robots":{"index":"index","follow":"follow","max-snippet":"max-snippet:-1","max-image-preview":"max-image-preview:large","max-video-preview":"max-video-preview:-1"},"canonical":"https:\/\/radioljubuski.ba\/index.php\/2021\/06\/24\/sda-dzaferovic-i-komsic-hrvatska-porazena-u-ep-u-oko-etnickih-podjela\/","og_locale":"hr_HR","og_type":"article","og_title":"SDA, D\u017eaferovi\u0107 i Kom\u0161i\u0107: Hrvatska pora\u017eena u EP-u oko etni\u010dkih podjela - RADIO LJUBU\u0160KI","og_description":"Vode\u0107a bo\u0161nja\u010dka stranka SDA te dvojica \u010dlanova Predsjedni\u0161tva BiH&nbsp;\u0160efik D\u017eaferovi\u0107&nbsp;i&nbsp;\u017deljko Kom\u0161i\u0107&nbsp;u \u010detvrtak su ustvrdili da su dana\u0161njim odbacivanjem amandmana o konstitutivnim narodima na Izvje\u0161\u0107e o napretku BiH, Hrvatska i koncept &#8216;etni\u010dkih podjela&#8217; do\u017eivjeli poraz u Europskom parlamentu. U \u010detvrtak je na plenarnome zasjedanju Europski parlament usvojio Izvje\u0161\u0107e o BiH. Zastupnici nisu prihvatili amandmane hrvatskih eurozastupnika [&hellip;]","og_url":"https:\/\/radioljubuski.ba\/index.php\/2021\/06\/24\/sda-dzaferovic-i-komsic-hrvatska-porazena-u-ep-u-oko-etnickih-podjela\/","og_site_name":"RADIO LJUBU\u0160KI","article_publisher":"https:\/\/www.facebook.com\/Radiio-Ljubuski-1490835324566332","article_published_time":"2021-06-24T21:59:34+00:00","article_modified_time":"2021-06-26T22:46:33+00:00","og_image":[{"width":1600,"height":1066,"url":"https:\/\/radioljubuski.ba\/wp-content\/uploads\/2021\/06\/pxl-171220-31196862-20210624215424.jpg","type":"image\/jpeg"}],"author":"Radio Ljubu\u0161ki","twitter_card":"summary_large_image","twitter_creator":"@radioljubuski","twitter_site":"@radioljubuski","twitter_misc":{"Napisao\/la":"Radio Ljubu\u0161ki","Procijenjeno vrijeme \u010ditanja":"2 minute"},"schema":{"@context":"https:\/\/schema.org","@graph":[{"@type":"Article","@id":"https:\/\/radioljubuski.ba\/index.php\/2021\/06\/24\/sda-dzaferovic-i-komsic-hrvatska-porazena-u-ep-u-oko-etnickih-podjela\/#article","isPartOf":{"@id":"https:\/\/radioljubuski.ba\/index.php\/2021\/06\/24\/sda-dzaferovic-i-komsic-hrvatska-porazena-u-ep-u-oko-etnickih-podjela\/"},"author":{"name":"Radio Ljubu\u0161ki","@id":"https:\/\/radioljubuski.ba\/#\/schema\/person\/19fc700381a780f69665d7956c469e3b"},"headline":"SDA, D\u017eaferovi\u0107 i Kom\u0161i\u0107: Hrvatska pora\u017eena u EP-u oko etni\u010dkih podjela","datePublished":"2021-06-24T21:59:34+00:00","dateModified":"2021-06-26T22:46:33+00:00","mainEntityOfPage":{"@id":"https:\/\/radioljubuski.ba\/index.php\/2021\/06\/24\/sda-dzaferovic-i-komsic-hrvatska-porazena-u-ep-u-oko-etnickih-podjela\/"},"wordCount":520,"publisher":{"@id":"https:\/\/radioljubuski.ba\/#organization"},"articleSection":["BIH i regija"],"inLanguage":"hr"},{"@type":"WebPage","@id":"https:\/\/radioljubuski.ba\/index.php\/2021\/06\/24\/sda-dzaferovic-i-komsic-hrvatska-porazena-u-ep-u-oko-etnickih-podjela\/","url":"https:\/\/radioljubuski.ba\/index.php\/2021\/06\/24\/sda-dzaferovic-i-komsic-hrvatska-porazena-u-ep-u-oko-etnickih-podjela\/","name":"SDA, D\u017eaferovi\u0107 i Kom\u0161i\u0107: Hrvatska pora\u017eena u EP-u oko etni\u010dkih podjela - RADIO LJUBU\u0160KI","isPartOf":{"@id":"https:\/\/radioljubuski.ba\/#website"},"datePublished":"2021-06-24T21:59:34+00:00","dateModified":"2021-06-26T22:46:33+00:00","breadcrumb":{"@id":"https:\/\/radioljubuski.ba\/index.php\/2021\/06\/24\/sda-dzaferovic-i-komsic-hrvatska-porazena-u-ep-u-oko-etnickih-podjela\/#breadcrumb"},"inLanguage":"hr","potentialAction":[{"@type":"ReadAction","target":["https:\/\/radioljubuski.ba\/index.php\/2021\/06\/24\/sda-dzaferovic-i-komsic-hrvatska-porazena-u-ep-u-oko-etnickih-podjela\/"]}]},{"@type":"BreadcrumbList","@id":"https:\/\/radioljubuski.ba\/index.php\/2021\/06\/24\/sda-dzaferovic-i-komsic-hrvatska-porazena-u-ep-u-oko-etnickih-podjela\/#breadcrumb","itemListElement":[{"@type":"ListItem","position":1,"name":"Po\u010detna stranica","item":"https:\/\/radioljubuski.ba\/"},{"@type":"ListItem","position":2,"name":"SDA, D\u017eaferovi\u0107 i Kom\u0161i\u0107: Hrvatska pora\u017eena u EP-u oko etni\u010dkih podjela"}]},{"@type":"WebSite","@id":"https:\/\/radioljubuski.ba\/#website","url":"https:\/\/radioljubuski.ba\/","name":"Radio Ljubu\u0161ki","description":"Sun\u010dana frekvencija Hercegovine","publisher":{"@id":"https:\/\/radioljubuski.ba\/#organization"},"potentialAction":[{"@type":"SearchAction","target":{"@type":"EntryPoint","urlTemplate":"https:\/\/radioljubuski.ba\/?s={search_term_string}"},"query-input":{"@type":"PropertyValueSpecification","valueRequired":true,"valueName":"search_term_string"}}],"inLanguage":"hr"},{"@type":"Organization","@id":"https:\/\/radioljubuski.ba\/#organization","name":"Radio Ljubu\u0161ki","url":"https:\/\/radioljubuski.ba\/","logo":{"@type":"ImageObject","inLanguage":"hr","@id":"https:\/\/radioljubuski.ba\/#\/schema\/logo\/image\/","url":"https:\/\/radioljubuski.ba\/wp-content\/uploads\/2021\/02\/cropped-Radio_Ljubuski_logo1.jpg","contentUrl":"https:\/\/radioljubuski.ba\/wp-content\/uploads\/2021\/02\/cropped-Radio_Ljubuski_logo1.jpg","width":512,"height":512,"caption":"Radio Ljubu\u0161ki"},"image":{"@id":"https:\/\/radioljubuski.ba\/#\/schema\/logo\/image\/"},"sameAs":["https:\/\/www.facebook.com\/Radiio-Ljubuski-1490835324566332","https:\/\/x.com\/radioljubuski","https:\/\/hr.linkedin.com\/company\/radio-ljubuski","https:\/\/www.youtube.com\/channel\/UCHYaeO_n0Db3tjNGudGpXyw"]},{"@type":"Person","@id":"https:\/\/radioljubuski.ba\/#\/schema\/person\/19fc700381a780f69665d7956c469e3b","name":"Radio Ljubu\u0161ki"}]}},"_links":{"self":[{"href":"https:\/\/radioljubuski.ba\/index.php\/wp-json\/wp\/v2\/posts\/35660","targetHints":{"allow":["GET"]}}],"collection":[{"href":"https:\/\/radioljubuski.ba\/index.php\/wp-json\/wp\/v2\/posts"}],"about":[{"href":"https:\/\/radioljubuski.ba\/index.php\/wp-json\/wp\/v2\/types\/post"}],"author":[{"embeddable":true,"href":"https:\/\/radioljubuski.ba\/index.php\/wp-json\/wp\/v2\/users\/2"}],"replies":[{"embeddable":true,"href":"https:\/\/radioljubuski.ba\/index.php\/wp-json\/wp\/v2\/comments?post=35660"}],"version-history":[{"count":1,"href":"https:\/\/radioljubuski.ba\/index.php\/wp-json\/wp\/v2\/posts\/35660\/revisions"}],"predecessor-version":[{"id":35662,"href":"https:\/\/radioljubuski.ba\/index.php\/wp-json\/wp\/v2\/posts\/35660\/revisions\/35662"}],"wp:attachment":[{"href":"https:\/\/radioljubuski.ba\/index.php\/wp-json\/wp\/v2\/media?parent=35660"}],"wp:term":[{"taxonomy":"category","embeddable":true,"href":"https:\/\/radioljubuski.ba\/index.php\/wp-json\/wp\/v2\/categories?post=35660"},{"taxonomy":"post_tag","embeddable":true,"href":"https:\/\/radioljubuski.ba\/index.php\/wp-json\/wp\/v2\/tags?post=35660"}],"curies":[{"name":"wp","href":"https:\/\/api.w.org\/{rel}","templated":true}]}}