{"id":35690,"date":"2021-06-24T23:20:46","date_gmt":"2021-06-24T22:20:46","guid":{"rendered":"https:\/\/radioljubuski.ba\/?p=35690"},"modified":"2021-06-24T23:20:47","modified_gmt":"2021-06-24T22:20:47","slug":"jeger-jedina-od-stolnotenisacica-izborila-drugo-kolo","status":"publish","type":"post","link":"https:\/\/radioljubuski.ba\/index.php\/2021\/06\/24\/jeger-jedina-od-stolnotenisacica-izborila-drugo-kolo\/","title":{"rendered":"Jeger jedina od stolnotenisa\u010dica izborila drugo kolo"},"content":{"rendered":"\n<p><strong>Mateja Jeger jedina je od tri hrvatske stolnotenisa\u010dice izborila plasman u drugo kolo pojedina\u010dnog Europskog prvenstva u Var\u0161avi, svladav\u0161i Ukrajinku Gannu Gaponovu s 4-3 (5, -10, -8, 3, 9, -11, 6).<\/strong><\/p>\n\n\n\n<p>Jeger \u0107e dvoboj drugog kola igrati u petak, a suparnica \u0107e joj biti bolja iz dvoboja srpske reprezentativke<strong>&nbsp;Izabele Lupulesku<\/strong>&nbsp;i Njemice<strong>&nbsp;Sabine Winter<\/strong>.<br><br><strong>Andrea Pavlovi\u0107<\/strong>&nbsp;je s 0-4 (6, 3, 2, 6) pora\u017eena od naturalizirane francuske reprezentativke<strong>&nbsp;Jie Nan Yuan<\/strong>, a 16-godi\u0161nju&nbsp;<strong>Hanu Arapovi\u0107&nbsp;<\/strong>je pobijedila Rumunjka<strong>&nbsp;Elizabeta Samara<\/strong>&nbsp;s 4-2 (-6, 4, -8, 8, 8, 8).<br><br>Mlada Zagrep\u010danka je propustila veliku priliku u \u010detvrtom i petom setu, u kojima je imala zna\u010dajnu prednost, ali je u zavr\u0161nici dopustila suparnici niz od pet poena.<br><br>U ve\u010dernjem dijelu programa za stol \u0107e trojica hrvatskih predstavnika u mu\u0161koj konkurenciji.&nbsp;<strong>Filip Zeljko&nbsp;<\/strong>\u0107e se za plasman u 2. kolo boriti protiv Slovenca&nbsp;<strong>Darka Jorgi\u0107a, Tomislavu Pucaru<\/strong>&nbsp;je suparnik Rumunj&nbsp;<strong>Rares Sipos<\/strong>, a&nbsp;<strong>Andreja Ga\u0107inu<\/strong>&nbsp;\u010deka Portugalac<strong>&nbsp;Joao Geraldo.<\/strong>&nbsp;<\/p>\n\n\n\n<p>Izvor:hrt.hr<\/p>\n","protected":false},"excerpt":{"rendered":"<p>Mateja Jeger jedina je od tri hrvatske stolnotenisa\u010dice izborila plasman u drugo kolo pojedina\u010dnog Europskog prvenstva u Var\u0161avi, svladav\u0161i Ukrajinku Gannu Gaponovu s 4-3 (5, -10, -8, 3, 9, -11, 6). Jeger \u0107e dvoboj drugog kola igrati u petak, a suparnica \u0107e joj biti bolja iz dvoboja srpske reprezentativke&nbsp;Izabele Lupulesku&nbsp;i Njemice&nbsp;Sabine Winter. Andrea Pavlovi\u0107&nbsp;je s [&hellip;]<\/p>\n","protected":false},"author":2,"featured_media":35691,"comment_status":"closed","ping_status":"closed","sticky":false,"template":"","format":"standard","meta":{"h5ap_radio_sources":[],"footnotes":""},"categories":[7],"tags":[],"class_list":["post-35690","post","type-post","status-publish","format-standard","has-post-thumbnail","hentry","category-sport"],"yoast_head":"<!-- This site is optimized with the Yoast SEO plugin v27.5 - https:\/\/yoast.com\/product\/yoast-seo-wordpress\/ -->\n<title>Jeger jedina od stolnotenisa\u010dica izborila drugo kolo - RADIO LJUBU\u0160KI<\/title>\n<meta name=\"robots\" content=\"index, follow, max-snippet:-1, max-image-preview:large, max-video-preview:-1\" \/>\n<link rel=\"canonical\" href=\"https:\/\/radioljubuski.ba\/index.php\/2021\/06\/24\/jeger-jedina-od-stolnotenisacica-izborila-drugo-kolo\/\" \/>\n<meta property=\"og:locale\" content=\"hr_HR\" \/>\n<meta property=\"og:type\" content=\"article\" \/>\n<meta property=\"og:title\" content=\"Jeger jedina od stolnotenisa\u010dica izborila drugo kolo - RADIO LJUBU\u0160KI\" \/>\n<meta property=\"og:description\" content=\"Mateja Jeger jedina je od tri hrvatske stolnotenisa\u010dice izborila plasman u drugo kolo pojedina\u010dnog Europskog prvenstva u Var\u0161avi, svladav\u0161i Ukrajinku Gannu Gaponovu s 4-3 (5, -10, -8, 3, 9, -11, 6). Jeger \u0107e dvoboj drugog kola igrati u petak, a suparnica \u0107e joj biti bolja iz dvoboja srpske reprezentativke&nbsp;Izabele Lupulesku&nbsp;i Njemice&nbsp;Sabine Winter. Andrea Pavlovi\u0107&nbsp;je s [&hellip;]\" \/>\n<meta property=\"og:url\" content=\"https:\/\/radioljubuski.ba\/index.php\/2021\/06\/24\/jeger-jedina-od-stolnotenisacica-izborila-drugo-kolo\/\" \/>\n<meta property=\"og:site_name\" content=\"RADIO LJUBU\u0160KI\" \/>\n<meta property=\"article:publisher\" content=\"https:\/\/www.facebook.com\/Radiio-Ljubuski-1490835324566332\" \/>\n<meta property=\"article:published_time\" content=\"2021-06-24T22:20:46+00:00\" \/>\n<meta property=\"article:modified_time\" content=\"2021-06-24T22:20:47+00:00\" \/>\n<meta property=\"og:image\" content=\"https:\/\/radioljubuski.ba\/wp-content\/uploads\/2021\/06\/mateja-jeger-20210222125431.jpg\" \/>\n\t<meta property=\"og:image:width\" content=\"688\" \/>\n\t<meta property=\"og:image:height\" content=\"387\" \/>\n\t<meta property=\"og:image:type\" content=\"image\/jpeg\" \/>\n<meta name=\"author\" content=\"Radio Ljubu\u0161ki\" \/>\n<meta name=\"twitter:card\" content=\"summary_large_image\" \/>\n<meta name=\"twitter:creator\" content=\"@radioljubuski\" \/>\n<meta name=\"twitter:site\" content=\"@radioljubuski\" \/>\n<meta name=\"twitter:label1\" content=\"Napisao\/la\" \/>\n\t<meta name=\"twitter:data1\" content=\"Radio Ljubu\u0161ki\" \/>\n\t<meta name=\"twitter:label2\" content=\"Procijenjeno vrijeme \u010ditanja\" \/>\n\t<meta name=\"twitter:data2\" content=\"1 minuta\" \/>\n<script type=\"application\/ld+json\" class=\"yoast-schema-graph\">{\"@context\":\"https:\\\/\\\/schema.org\",\"@graph\":[{\"@type\":\"Article\",\"@id\":\"https:\\\/\\\/radioljubuski.ba\\\/index.php\\\/2021\\\/06\\\/24\\\/jeger-jedina-od-stolnotenisacica-izborila-drugo-kolo\\\/#article\",\"isPartOf\":{\"@id\":\"https:\\\/\\\/radioljubuski.ba\\\/index.php\\\/2021\\\/06\\\/24\\\/jeger-jedina-od-stolnotenisacica-izborila-drugo-kolo\\\/\"},\"author\":{\"name\":\"Radio Ljubu\u0161ki\",\"@id\":\"https:\\\/\\\/radioljubuski.ba\\\/#\\\/schema\\\/person\\\/19fc700381a780f69665d7956c469e3b\"},\"headline\":\"Jeger jedina od stolnotenisa\u010dica izborila drugo kolo\",\"datePublished\":\"2021-06-24T22:20:46+00:00\",\"dateModified\":\"2021-06-24T22:20:47+00:00\",\"mainEntityOfPage\":{\"@id\":\"https:\\\/\\\/radioljubuski.ba\\\/index.php\\\/2021\\\/06\\\/24\\\/jeger-jedina-od-stolnotenisacica-izborila-drugo-kolo\\\/\"},\"wordCount\":186,\"publisher\":{\"@id\":\"https:\\\/\\\/radioljubuski.ba\\\/#organization\"},\"image\":{\"@id\":\"https:\\\/\\\/radioljubuski.ba\\\/index.php\\\/2021\\\/06\\\/24\\\/jeger-jedina-od-stolnotenisacica-izborila-drugo-kolo\\\/#primaryimage\"},\"thumbnailUrl\":\"https:\\\/\\\/radioljubuski.ba\\\/wp-content\\\/uploads\\\/2021\\\/06\\\/mateja-jeger-20210222125431.jpg\",\"articleSection\":[\"\u0160port\"],\"inLanguage\":\"hr\"},{\"@type\":\"WebPage\",\"@id\":\"https:\\\/\\\/radioljubuski.ba\\\/index.php\\\/2021\\\/06\\\/24\\\/jeger-jedina-od-stolnotenisacica-izborila-drugo-kolo\\\/\",\"url\":\"https:\\\/\\\/radioljubuski.ba\\\/index.php\\\/2021\\\/06\\\/24\\\/jeger-jedina-od-stolnotenisacica-izborila-drugo-kolo\\\/\",\"name\":\"Jeger jedina od stolnotenisa\u010dica izborila drugo kolo - RADIO LJUBU\u0160KI\",\"isPartOf\":{\"@id\":\"https:\\\/\\\/radioljubuski.ba\\\/#website\"},\"primaryImageOfPage\":{\"@id\":\"https:\\\/\\\/radioljubuski.ba\\\/index.php\\\/2021\\\/06\\\/24\\\/jeger-jedina-od-stolnotenisacica-izborila-drugo-kolo\\\/#primaryimage\"},\"image\":{\"@id\":\"https:\\\/\\\/radioljubuski.ba\\\/index.php\\\/2021\\\/06\\\/24\\\/jeger-jedina-od-stolnotenisacica-izborila-drugo-kolo\\\/#primaryimage\"},\"thumbnailUrl\":\"https:\\\/\\\/radioljubuski.ba\\\/wp-content\\\/uploads\\\/2021\\\/06\\\/mateja-jeger-20210222125431.jpg\",\"datePublished\":\"2021-06-24T22:20:46+00:00\",\"dateModified\":\"2021-06-24T22:20:47+00:00\",\"breadcrumb\":{\"@id\":\"https:\\\/\\\/radioljubuski.ba\\\/index.php\\\/2021\\\/06\\\/24\\\/jeger-jedina-od-stolnotenisacica-izborila-drugo-kolo\\\/#breadcrumb\"},\"inLanguage\":\"hr\",\"potentialAction\":[{\"@type\":\"ReadAction\",\"target\":[\"https:\\\/\\\/radioljubuski.ba\\\/index.php\\\/2021\\\/06\\\/24\\\/jeger-jedina-od-stolnotenisacica-izborila-drugo-kolo\\\/\"]}]},{\"@type\":\"ImageObject\",\"inLanguage\":\"hr\",\"@id\":\"https:\\\/\\\/radioljubuski.ba\\\/index.php\\\/2021\\\/06\\\/24\\\/jeger-jedina-od-stolnotenisacica-izborila-drugo-kolo\\\/#primaryimage\",\"url\":\"https:\\\/\\\/radioljubuski.ba\\\/wp-content\\\/uploads\\\/2021\\\/06\\\/mateja-jeger-20210222125431.jpg\",\"contentUrl\":\"https:\\\/\\\/radioljubuski.ba\\\/wp-content\\\/uploads\\\/2021\\\/06\\\/mateja-jeger-20210222125431.jpg\",\"width\":688,\"height\":387},{\"@type\":\"BreadcrumbList\",\"@id\":\"https:\\\/\\\/radioljubuski.ba\\\/index.php\\\/2021\\\/06\\\/24\\\/jeger-jedina-od-stolnotenisacica-izborila-drugo-kolo\\\/#breadcrumb\",\"itemListElement\":[{\"@type\":\"ListItem\",\"position\":1,\"name\":\"Po\u010detna stranica\",\"item\":\"https:\\\/\\\/radioljubuski.ba\\\/\"},{\"@type\":\"ListItem\",\"position\":2,\"name\":\"Jeger jedina od stolnotenisa\u010dica izborila drugo kolo\"}]},{\"@type\":\"WebSite\",\"@id\":\"https:\\\/\\\/radioljubuski.ba\\\/#website\",\"url\":\"https:\\\/\\\/radioljubuski.ba\\\/\",\"name\":\"Radio Ljubu\u0161ki\",\"description\":\"Sun\u010dana frekvencija Hercegovine\",\"publisher\":{\"@id\":\"https:\\\/\\\/radioljubuski.ba\\\/#organization\"},\"potentialAction\":[{\"@type\":\"SearchAction\",\"target\":{\"@type\":\"EntryPoint\",\"urlTemplate\":\"https:\\\/\\\/radioljubuski.ba\\\/?s={search_term_string}\"},\"query-input\":{\"@type\":\"PropertyValueSpecification\",\"valueRequired\":true,\"valueName\":\"search_term_string\"}}],\"inLanguage\":\"hr\"},{\"@type\":\"Organization\",\"@id\":\"https:\\\/\\\/radioljubuski.ba\\\/#organization\",\"name\":\"Radio Ljubu\u0161ki\",\"url\":\"https:\\\/\\\/radioljubuski.ba\\\/\",\"logo\":{\"@type\":\"ImageObject\",\"inLanguage\":\"hr\",\"@id\":\"https:\\\/\\\/radioljubuski.ba\\\/#\\\/schema\\\/logo\\\/image\\\/\",\"url\":\"https:\\\/\\\/radioljubuski.ba\\\/wp-content\\\/uploads\\\/2021\\\/02\\\/cropped-Radio_Ljubuski_logo1.jpg\",\"contentUrl\":\"https:\\\/\\\/radioljubuski.ba\\\/wp-content\\\/uploads\\\/2021\\\/02\\\/cropped-Radio_Ljubuski_logo1.jpg\",\"width\":512,\"height\":512,\"caption\":\"Radio Ljubu\u0161ki\"},\"image\":{\"@id\":\"https:\\\/\\\/radioljubuski.ba\\\/#\\\/schema\\\/logo\\\/image\\\/\"},\"sameAs\":[\"https:\\\/\\\/www.facebook.com\\\/Radiio-Ljubuski-1490835324566332\",\"https:\\\/\\\/x.com\\\/radioljubuski\",\"https:\\\/\\\/hr.linkedin.com\\\/company\\\/radio-ljubuski\",\"https:\\\/\\\/www.youtube.com\\\/channel\\\/UCHYaeO_n0Db3tjNGudGpXyw\"]},{\"@type\":\"Person\",\"@id\":\"https:\\\/\\\/radioljubuski.ba\\\/#\\\/schema\\\/person\\\/19fc700381a780f69665d7956c469e3b\",\"name\":\"Radio Ljubu\u0161ki\"}]}<\/script>\n<!-- \/ Yoast SEO plugin. -->","yoast_head_json":{"title":"Jeger jedina od stolnotenisa\u010dica izborila drugo kolo - RADIO LJUBU\u0160KI","robots":{"index":"index","follow":"follow","max-snippet":"max-snippet:-1","max-image-preview":"max-image-preview:large","max-video-preview":"max-video-preview:-1"},"canonical":"https:\/\/radioljubuski.ba\/index.php\/2021\/06\/24\/jeger-jedina-od-stolnotenisacica-izborila-drugo-kolo\/","og_locale":"hr_HR","og_type":"article","og_title":"Jeger jedina od stolnotenisa\u010dica izborila drugo kolo - RADIO LJUBU\u0160KI","og_description":"Mateja Jeger jedina je od tri hrvatske stolnotenisa\u010dice izborila plasman u drugo kolo pojedina\u010dnog Europskog prvenstva u Var\u0161avi, svladav\u0161i Ukrajinku Gannu Gaponovu s 4-3 (5, -10, -8, 3, 9, -11, 6). Jeger \u0107e dvoboj drugog kola igrati u petak, a suparnica \u0107e joj biti bolja iz dvoboja srpske reprezentativke&nbsp;Izabele Lupulesku&nbsp;i Njemice&nbsp;Sabine Winter. Andrea Pavlovi\u0107&nbsp;je s [&hellip;]","og_url":"https:\/\/radioljubuski.ba\/index.php\/2021\/06\/24\/jeger-jedina-od-stolnotenisacica-izborila-drugo-kolo\/","og_site_name":"RADIO LJUBU\u0160KI","article_publisher":"https:\/\/www.facebook.com\/Radiio-Ljubuski-1490835324566332","article_published_time":"2021-06-24T22:20:46+00:00","article_modified_time":"2021-06-24T22:20:47+00:00","og_image":[{"width":688,"height":387,"url":"https:\/\/radioljubuski.ba\/wp-content\/uploads\/2021\/06\/mateja-jeger-20210222125431.jpg","type":"image\/jpeg"}],"author":"Radio Ljubu\u0161ki","twitter_card":"summary_large_image","twitter_creator":"@radioljubuski","twitter_site":"@radioljubuski","twitter_misc":{"Napisao\/la":"Radio Ljubu\u0161ki","Procijenjeno vrijeme \u010ditanja":"1 minuta"},"schema":{"@context":"https:\/\/schema.org","@graph":[{"@type":"Article","@id":"https:\/\/radioljubuski.ba\/index.php\/2021\/06\/24\/jeger-jedina-od-stolnotenisacica-izborila-drugo-kolo\/#article","isPartOf":{"@id":"https:\/\/radioljubuski.ba\/index.php\/2021\/06\/24\/jeger-jedina-od-stolnotenisacica-izborila-drugo-kolo\/"},"author":{"name":"Radio Ljubu\u0161ki","@id":"https:\/\/radioljubuski.ba\/#\/schema\/person\/19fc700381a780f69665d7956c469e3b"},"headline":"Jeger jedina od stolnotenisa\u010dica izborila drugo kolo","datePublished":"2021-06-24T22:20:46+00:00","dateModified":"2021-06-24T22:20:47+00:00","mainEntityOfPage":{"@id":"https:\/\/radioljubuski.ba\/index.php\/2021\/06\/24\/jeger-jedina-od-stolnotenisacica-izborila-drugo-kolo\/"},"wordCount":186,"publisher":{"@id":"https:\/\/radioljubuski.ba\/#organization"},"image":{"@id":"https:\/\/radioljubuski.ba\/index.php\/2021\/06\/24\/jeger-jedina-od-stolnotenisacica-izborila-drugo-kolo\/#primaryimage"},"thumbnailUrl":"https:\/\/radioljubuski.ba\/wp-content\/uploads\/2021\/06\/mateja-jeger-20210222125431.jpg","articleSection":["\u0160port"],"inLanguage":"hr"},{"@type":"WebPage","@id":"https:\/\/radioljubuski.ba\/index.php\/2021\/06\/24\/jeger-jedina-od-stolnotenisacica-izborila-drugo-kolo\/","url":"https:\/\/radioljubuski.ba\/index.php\/2021\/06\/24\/jeger-jedina-od-stolnotenisacica-izborila-drugo-kolo\/","name":"Jeger jedina od stolnotenisa\u010dica izborila drugo kolo - RADIO LJUBU\u0160KI","isPartOf":{"@id":"https:\/\/radioljubuski.ba\/#website"},"primaryImageOfPage":{"@id":"https:\/\/radioljubuski.ba\/index.php\/2021\/06\/24\/jeger-jedina-od-stolnotenisacica-izborila-drugo-kolo\/#primaryimage"},"image":{"@id":"https:\/\/radioljubuski.ba\/index.php\/2021\/06\/24\/jeger-jedina-od-stolnotenisacica-izborila-drugo-kolo\/#primaryimage"},"thumbnailUrl":"https:\/\/radioljubuski.ba\/wp-content\/uploads\/2021\/06\/mateja-jeger-20210222125431.jpg","datePublished":"2021-06-24T22:20:46+00:00","dateModified":"2021-06-24T22:20:47+00:00","breadcrumb":{"@id":"https:\/\/radioljubuski.ba\/index.php\/2021\/06\/24\/jeger-jedina-od-stolnotenisacica-izborila-drugo-kolo\/#breadcrumb"},"inLanguage":"hr","potentialAction":[{"@type":"ReadAction","target":["https:\/\/radioljubuski.ba\/index.php\/2021\/06\/24\/jeger-jedina-od-stolnotenisacica-izborila-drugo-kolo\/"]}]},{"@type":"ImageObject","inLanguage":"hr","@id":"https:\/\/radioljubuski.ba\/index.php\/2021\/06\/24\/jeger-jedina-od-stolnotenisacica-izborila-drugo-kolo\/#primaryimage","url":"https:\/\/radioljubuski.ba\/wp-content\/uploads\/2021\/06\/mateja-jeger-20210222125431.jpg","contentUrl":"https:\/\/radioljubuski.ba\/wp-content\/uploads\/2021\/06\/mateja-jeger-20210222125431.jpg","width":688,"height":387},{"@type":"BreadcrumbList","@id":"https:\/\/radioljubuski.ba\/index.php\/2021\/06\/24\/jeger-jedina-od-stolnotenisacica-izborila-drugo-kolo\/#breadcrumb","itemListElement":[{"@type":"ListItem","position":1,"name":"Po\u010detna stranica","item":"https:\/\/radioljubuski.ba\/"},{"@type":"ListItem","position":2,"name":"Jeger jedina od stolnotenisa\u010dica izborila drugo kolo"}]},{"@type":"WebSite","@id":"https:\/\/radioljubuski.ba\/#website","url":"https:\/\/radioljubuski.ba\/","name":"Radio Ljubu\u0161ki","description":"Sun\u010dana frekvencija Hercegovine","publisher":{"@id":"https:\/\/radioljubuski.ba\/#organization"},"potentialAction":[{"@type":"SearchAction","target":{"@type":"EntryPoint","urlTemplate":"https:\/\/radioljubuski.ba\/?s={search_term_string}"},"query-input":{"@type":"PropertyValueSpecification","valueRequired":true,"valueName":"search_term_string"}}],"inLanguage":"hr"},{"@type":"Organization","@id":"https:\/\/radioljubuski.ba\/#organization","name":"Radio Ljubu\u0161ki","url":"https:\/\/radioljubuski.ba\/","logo":{"@type":"ImageObject","inLanguage":"hr","@id":"https:\/\/radioljubuski.ba\/#\/schema\/logo\/image\/","url":"https:\/\/radioljubuski.ba\/wp-content\/uploads\/2021\/02\/cropped-Radio_Ljubuski_logo1.jpg","contentUrl":"https:\/\/radioljubuski.ba\/wp-content\/uploads\/2021\/02\/cropped-Radio_Ljubuski_logo1.jpg","width":512,"height":512,"caption":"Radio Ljubu\u0161ki"},"image":{"@id":"https:\/\/radioljubuski.ba\/#\/schema\/logo\/image\/"},"sameAs":["https:\/\/www.facebook.com\/Radiio-Ljubuski-1490835324566332","https:\/\/x.com\/radioljubuski","https:\/\/hr.linkedin.com\/company\/radio-ljubuski","https:\/\/www.youtube.com\/channel\/UCHYaeO_n0Db3tjNGudGpXyw"]},{"@type":"Person","@id":"https:\/\/radioljubuski.ba\/#\/schema\/person\/19fc700381a780f69665d7956c469e3b","name":"Radio Ljubu\u0161ki"}]}},"_links":{"self":[{"href":"https:\/\/radioljubuski.ba\/index.php\/wp-json\/wp\/v2\/posts\/35690","targetHints":{"allow":["GET"]}}],"collection":[{"href":"https:\/\/radioljubuski.ba\/index.php\/wp-json\/wp\/v2\/posts"}],"about":[{"href":"https:\/\/radioljubuski.ba\/index.php\/wp-json\/wp\/v2\/types\/post"}],"author":[{"embeddable":true,"href":"https:\/\/radioljubuski.ba\/index.php\/wp-json\/wp\/v2\/users\/2"}],"replies":[{"embeddable":true,"href":"https:\/\/radioljubuski.ba\/index.php\/wp-json\/wp\/v2\/comments?post=35690"}],"version-history":[{"count":1,"href":"https:\/\/radioljubuski.ba\/index.php\/wp-json\/wp\/v2\/posts\/35690\/revisions"}],"predecessor-version":[{"id":35692,"href":"https:\/\/radioljubuski.ba\/index.php\/wp-json\/wp\/v2\/posts\/35690\/revisions\/35692"}],"wp:featuredmedia":[{"embeddable":true,"href":"https:\/\/radioljubuski.ba\/index.php\/wp-json\/wp\/v2\/media\/35691"}],"wp:attachment":[{"href":"https:\/\/radioljubuski.ba\/index.php\/wp-json\/wp\/v2\/media?parent=35690"}],"wp:term":[{"taxonomy":"category","embeddable":true,"href":"https:\/\/radioljubuski.ba\/index.php\/wp-json\/wp\/v2\/categories?post=35690"},{"taxonomy":"post_tag","embeddable":true,"href":"https:\/\/radioljubuski.ba\/index.php\/wp-json\/wp\/v2\/tags?post=35690"}],"curies":[{"name":"wp","href":"https:\/\/api.w.org\/{rel}","templated":true}]}}