{"id":35729,"date":"2021-06-25T00:09:59","date_gmt":"2021-06-24T23:09:59","guid":{"rendered":"https:\/\/radioljubuski.ba\/?p=35729"},"modified":"2021-06-25T00:10:00","modified_gmt":"2021-06-24T23:10:00","slug":"sezona-je-tikvica-a-vi-trazite-novu-inspiraciju-za-jelo-u-kojemu-cete-ih-upotrijebiti-naribajte-ih-zamutite-smjesu-danas-se-pocastite-savrsenim-palacinkama","status":"publish","type":"post","link":"https:\/\/radioljubuski.ba\/index.php\/2021\/06\/25\/sezona-je-tikvica-a-vi-trazite-novu-inspiraciju-za-jelo-u-kojemu-cete-ih-upotrijebiti-naribajte-ih-zamutite-smjesu-danas-se-pocastite-savrsenim-palacinkama\/","title":{"rendered":"Sezona je tikvica, a vi tra\u017eite novu inspiraciju za jelo u kojemu \u0107ete ih upotrijebiti? Naribajte ih, zamutite smjesu, danas se po\u010dastite savr\u0161enim pala\u010dinkama"},"content":{"rendered":"\n<p>Tko od nas ne voli pala\u010dinke? Valjda nitko. Tko bi se bolje osje\u0107ao jedu\u0107i one koje su ipak zdravija verzija i u kojima dobijamo sjajne nutrijente uz slasnost tijesta? Pa valjda svi.<\/p>\n\n\n\n<p>I zato nas je u sezoni tikvica koja je taman krenula, a u kojoj smo ih ve\u0107 &#8220;le\u0161avali&#8221;, pohali i pekli, odu\u0161evio recept za jelo koje se mo\u017ee jesti kao prilog ru\u010dku i kao izvrstan doru\u010dak ili ve\u010dera.<\/p>\n\n\n\n<figure class=\"wp-block-image\"><img decoding=\"async\" src=\"https:\/\/static.slobodnadalmacija.hr\/images\/slike\/2021\/06\/24\/18326396.jpg?1624534160\" alt=\"image\"\/><\/figure>\n\n\n\n<h2 class=\"wp-block-heading\">SASTOJCI&nbsp;<\/h2>\n\n\n\n<p>&#8211; 3 jaja<\/p>\n\n\n\n<p>&#8211; 350 ml mlijeka<\/p>\n\n\n\n<p>&#8211; 100 ml mineralne<\/p>\n\n\n\n<p>&#8211; 1 tikvica srednje veli\u010dine<\/p>\n\n\n\n<p>&#8211; 5 dag masla<\/p>\n\n\n\n<p>&#8211; 25 dag o\u0161trog bra\u0161na<\/p>\n\n\n\n<p>&#8211; sol i papar<\/p>\n\n\n\n<p>&#8211; malo nasjeckanog svje\u017eeg kopra<\/p>\n\n\n\n<p>&#8211; masno\u0107a za pe\u010denje<br><br><br>POSTUPAK<\/p>\n\n\n\n<p>Tikvicu po \u017eelji ogulite, operite i naribajte. Posolite je i pustite da stoji 20 minuta&nbsp;kako&nbsp;bi pustila vodu. Zatim je iscijedite.<\/p>\n\n\n\n<p>Razmutite jaja,&nbsp;posolite ih i popaprite.&nbsp;Dodajte bra\u0161no, mlijeko i mineralnu&nbsp;vodu&nbsp;i zamije\u0161ajte smjesu za pala\u010dinke.<\/p>\n\n\n\n<p>Smjesa mora biti malo gu\u0161\u0107a od one koju ina\u010de radimo za tanke pala\u010dinke. Ako je prerijetka, dodajte joj malo bra\u0161na.<\/p>\n\n\n\n<p>U smjesu ubacite naribanu&nbsp;i ocije\u0111enu tikvicu i nasjeckani kopar te promije\u0161ajte.<\/p>\n\n\n\n<p>Pala\u010dinke klasi\u010dno pecite u tavi.&nbsp;Mo\u017eete ih poslu\u017eiti s umakom od kiselog vrhnja i vlasca.<\/p>\n\n\n\n<p><strong>PI\u0160E&nbsp;<\/strong>M.P.\/slobodnadalmacija.hr<\/p>\n","protected":false},"excerpt":{"rendered":"<p>Tko od nas ne voli pala\u010dinke? Valjda nitko. Tko bi se bolje osje\u0107ao jedu\u0107i one koje su ipak zdravija verzija i u kojima dobijamo sjajne nutrijente uz slasnost tijesta? Pa valjda svi. I zato nas je u sezoni tikvica koja je taman krenula, a u kojoj smo ih ve\u0107 &#8220;le\u0161avali&#8221;, pohali i pekli, odu\u0161evio recept [&hellip;]<\/p>\n","protected":false},"author":2,"featured_media":35731,"comment_status":"closed","ping_status":"closed","sticky":false,"template":"","format":"standard","meta":{"h5ap_radio_sources":[],"footnotes":""},"categories":[1],"tags":[],"class_list":["post-35729","post","type-post","status-publish","format-standard","has-post-thumbnail","hentry","category-bihiregija"],"yoast_head":"<!-- This site is optimized with the Yoast SEO plugin v27.5 - https:\/\/yoast.com\/product\/yoast-seo-wordpress\/ -->\n<title>Sezona je tikvica, a vi tra\u017eite novu inspiraciju za jelo u kojemu \u0107ete ih upotrijebiti? Naribajte ih, zamutite smjesu, danas se po\u010dastite savr\u0161enim pala\u010dinkama - RADIO LJUBU\u0160KI<\/title>\n<meta name=\"robots\" content=\"index, follow, max-snippet:-1, max-image-preview:large, max-video-preview:-1\" \/>\n<link rel=\"canonical\" href=\"https:\/\/radioljubuski.ba\/index.php\/2021\/06\/25\/sezona-je-tikvica-a-vi-trazite-novu-inspiraciju-za-jelo-u-kojemu-cete-ih-upotrijebiti-naribajte-ih-zamutite-smjesu-danas-se-pocastite-savrsenim-palacinkama\/\" \/>\n<meta property=\"og:locale\" content=\"hr_HR\" \/>\n<meta property=\"og:type\" content=\"article\" \/>\n<meta property=\"og:title\" content=\"Sezona je tikvica, a vi tra\u017eite novu inspiraciju za jelo u kojemu \u0107ete ih upotrijebiti? Naribajte ih, zamutite smjesu, danas se po\u010dastite savr\u0161enim pala\u010dinkama - RADIO LJUBU\u0160KI\" \/>\n<meta property=\"og:description\" content=\"Tko od nas ne voli pala\u010dinke? Valjda nitko. Tko bi se bolje osje\u0107ao jedu\u0107i one koje su ipak zdravija verzija i u kojima dobijamo sjajne nutrijente uz slasnost tijesta? Pa valjda svi. I zato nas je u sezoni tikvica koja je taman krenula, a u kojoj smo ih ve\u0107 &#8220;le\u0161avali&#8221;, pohali i pekli, odu\u0161evio recept [&hellip;]\" \/>\n<meta property=\"og:url\" content=\"https:\/\/radioljubuski.ba\/index.php\/2021\/06\/25\/sezona-je-tikvica-a-vi-trazite-novu-inspiraciju-za-jelo-u-kojemu-cete-ih-upotrijebiti-naribajte-ih-zamutite-smjesu-danas-se-pocastite-savrsenim-palacinkama\/\" \/>\n<meta property=\"og:site_name\" content=\"RADIO LJUBU\u0160KI\" \/>\n<meta property=\"article:publisher\" content=\"https:\/\/www.facebook.com\/Radiio-Ljubuski-1490835324566332\" \/>\n<meta property=\"article:published_time\" content=\"2021-06-24T23:09:59+00:00\" \/>\n<meta property=\"article:modified_time\" content=\"2021-06-24T23:10:00+00:00\" \/>\n<meta property=\"og:image\" content=\"https:\/\/radioljubuski.ba\/wp-content\/uploads\/2021\/06\/preuzmi-1-31.jpg\" \/>\n\t<meta property=\"og:image:width\" content=\"275\" \/>\n\t<meta property=\"og:image:height\" content=\"183\" \/>\n\t<meta property=\"og:image:type\" content=\"image\/jpeg\" \/>\n<meta name=\"author\" content=\"Radio Ljubu\u0161ki\" \/>\n<meta name=\"twitter:card\" content=\"summary_large_image\" \/>\n<meta name=\"twitter:creator\" content=\"@radioljubuski\" \/>\n<meta name=\"twitter:site\" content=\"@radioljubuski\" \/>\n<meta name=\"twitter:label1\" content=\"Napisao\/la\" \/>\n\t<meta name=\"twitter:data1\" content=\"Radio Ljubu\u0161ki\" \/>\n\t<meta name=\"twitter:label2\" content=\"Procijenjeno vrijeme \u010ditanja\" \/>\n\t<meta name=\"twitter:data2\" content=\"1 minuta\" \/>\n<script type=\"application\/ld+json\" class=\"yoast-schema-graph\">{\"@context\":\"https:\\\/\\\/schema.org\",\"@graph\":[{\"@type\":\"Article\",\"@id\":\"https:\\\/\\\/radioljubuski.ba\\\/index.php\\\/2021\\\/06\\\/25\\\/sezona-je-tikvica-a-vi-trazite-novu-inspiraciju-za-jelo-u-kojemu-cete-ih-upotrijebiti-naribajte-ih-zamutite-smjesu-danas-se-pocastite-savrsenim-palacinkama\\\/#article\",\"isPartOf\":{\"@id\":\"https:\\\/\\\/radioljubuski.ba\\\/index.php\\\/2021\\\/06\\\/25\\\/sezona-je-tikvica-a-vi-trazite-novu-inspiraciju-za-jelo-u-kojemu-cete-ih-upotrijebiti-naribajte-ih-zamutite-smjesu-danas-se-pocastite-savrsenim-palacinkama\\\/\"},\"author\":{\"name\":\"Radio Ljubu\u0161ki\",\"@id\":\"https:\\\/\\\/radioljubuski.ba\\\/#\\\/schema\\\/person\\\/19fc700381a780f69665d7956c469e3b\"},\"headline\":\"Sezona je tikvica, a vi tra\u017eite novu inspiraciju za jelo u kojemu \u0107ete ih upotrijebiti? Naribajte ih, zamutite smjesu, danas se po\u010dastite savr\u0161enim pala\u010dinkama\",\"datePublished\":\"2021-06-24T23:09:59+00:00\",\"dateModified\":\"2021-06-24T23:10:00+00:00\",\"mainEntityOfPage\":{\"@id\":\"https:\\\/\\\/radioljubuski.ba\\\/index.php\\\/2021\\\/06\\\/25\\\/sezona-je-tikvica-a-vi-trazite-novu-inspiraciju-za-jelo-u-kojemu-cete-ih-upotrijebiti-naribajte-ih-zamutite-smjesu-danas-se-pocastite-savrsenim-palacinkama\\\/\"},\"wordCount\":261,\"publisher\":{\"@id\":\"https:\\\/\\\/radioljubuski.ba\\\/#organization\"},\"image\":{\"@id\":\"https:\\\/\\\/radioljubuski.ba\\\/index.php\\\/2021\\\/06\\\/25\\\/sezona-je-tikvica-a-vi-trazite-novu-inspiraciju-za-jelo-u-kojemu-cete-ih-upotrijebiti-naribajte-ih-zamutite-smjesu-danas-se-pocastite-savrsenim-palacinkama\\\/#primaryimage\"},\"thumbnailUrl\":\"https:\\\/\\\/radioljubuski.ba\\\/wp-content\\\/uploads\\\/2021\\\/06\\\/preuzmi-1-31.jpg\",\"articleSection\":[\"BIH i regija\"],\"inLanguage\":\"hr\"},{\"@type\":\"WebPage\",\"@id\":\"https:\\\/\\\/radioljubuski.ba\\\/index.php\\\/2021\\\/06\\\/25\\\/sezona-je-tikvica-a-vi-trazite-novu-inspiraciju-za-jelo-u-kojemu-cete-ih-upotrijebiti-naribajte-ih-zamutite-smjesu-danas-se-pocastite-savrsenim-palacinkama\\\/\",\"url\":\"https:\\\/\\\/radioljubuski.ba\\\/index.php\\\/2021\\\/06\\\/25\\\/sezona-je-tikvica-a-vi-trazite-novu-inspiraciju-za-jelo-u-kojemu-cete-ih-upotrijebiti-naribajte-ih-zamutite-smjesu-danas-se-pocastite-savrsenim-palacinkama\\\/\",\"name\":\"Sezona je tikvica, a vi tra\u017eite novu inspiraciju za jelo u kojemu \u0107ete ih upotrijebiti? Naribajte ih, zamutite smjesu, danas se po\u010dastite savr\u0161enim pala\u010dinkama - RADIO LJUBU\u0160KI\",\"isPartOf\":{\"@id\":\"https:\\\/\\\/radioljubuski.ba\\\/#website\"},\"primaryImageOfPage\":{\"@id\":\"https:\\\/\\\/radioljubuski.ba\\\/index.php\\\/2021\\\/06\\\/25\\\/sezona-je-tikvica-a-vi-trazite-novu-inspiraciju-za-jelo-u-kojemu-cete-ih-upotrijebiti-naribajte-ih-zamutite-smjesu-danas-se-pocastite-savrsenim-palacinkama\\\/#primaryimage\"},\"image\":{\"@id\":\"https:\\\/\\\/radioljubuski.ba\\\/index.php\\\/2021\\\/06\\\/25\\\/sezona-je-tikvica-a-vi-trazite-novu-inspiraciju-za-jelo-u-kojemu-cete-ih-upotrijebiti-naribajte-ih-zamutite-smjesu-danas-se-pocastite-savrsenim-palacinkama\\\/#primaryimage\"},\"thumbnailUrl\":\"https:\\\/\\\/radioljubuski.ba\\\/wp-content\\\/uploads\\\/2021\\\/06\\\/preuzmi-1-31.jpg\",\"datePublished\":\"2021-06-24T23:09:59+00:00\",\"dateModified\":\"2021-06-24T23:10:00+00:00\",\"breadcrumb\":{\"@id\":\"https:\\\/\\\/radioljubuski.ba\\\/index.php\\\/2021\\\/06\\\/25\\\/sezona-je-tikvica-a-vi-trazite-novu-inspiraciju-za-jelo-u-kojemu-cete-ih-upotrijebiti-naribajte-ih-zamutite-smjesu-danas-se-pocastite-savrsenim-palacinkama\\\/#breadcrumb\"},\"inLanguage\":\"hr\",\"potentialAction\":[{\"@type\":\"ReadAction\",\"target\":[\"https:\\\/\\\/radioljubuski.ba\\\/index.php\\\/2021\\\/06\\\/25\\\/sezona-je-tikvica-a-vi-trazite-novu-inspiraciju-za-jelo-u-kojemu-cete-ih-upotrijebiti-naribajte-ih-zamutite-smjesu-danas-se-pocastite-savrsenim-palacinkama\\\/\"]}]},{\"@type\":\"ImageObject\",\"inLanguage\":\"hr\",\"@id\":\"https:\\\/\\\/radioljubuski.ba\\\/index.php\\\/2021\\\/06\\\/25\\\/sezona-je-tikvica-a-vi-trazite-novu-inspiraciju-za-jelo-u-kojemu-cete-ih-upotrijebiti-naribajte-ih-zamutite-smjesu-danas-se-pocastite-savrsenim-palacinkama\\\/#primaryimage\",\"url\":\"https:\\\/\\\/radioljubuski.ba\\\/wp-content\\\/uploads\\\/2021\\\/06\\\/preuzmi-1-31.jpg\",\"contentUrl\":\"https:\\\/\\\/radioljubuski.ba\\\/wp-content\\\/uploads\\\/2021\\\/06\\\/preuzmi-1-31.jpg\",\"width\":275,\"height\":183},{\"@type\":\"BreadcrumbList\",\"@id\":\"https:\\\/\\\/radioljubuski.ba\\\/index.php\\\/2021\\\/06\\\/25\\\/sezona-je-tikvica-a-vi-trazite-novu-inspiraciju-za-jelo-u-kojemu-cete-ih-upotrijebiti-naribajte-ih-zamutite-smjesu-danas-se-pocastite-savrsenim-palacinkama\\\/#breadcrumb\",\"itemListElement\":[{\"@type\":\"ListItem\",\"position\":1,\"name\":\"Po\u010detna stranica\",\"item\":\"https:\\\/\\\/radioljubuski.ba\\\/\"},{\"@type\":\"ListItem\",\"position\":2,\"name\":\"Sezona je tikvica, a vi tra\u017eite novu inspiraciju za jelo u kojemu \u0107ete ih upotrijebiti? Naribajte ih, zamutite smjesu, danas se po\u010dastite savr\u0161enim pala\u010dinkama\"}]},{\"@type\":\"WebSite\",\"@id\":\"https:\\\/\\\/radioljubuski.ba\\\/#website\",\"url\":\"https:\\\/\\\/radioljubuski.ba\\\/\",\"name\":\"Radio Ljubu\u0161ki\",\"description\":\"Sun\u010dana frekvencija Hercegovine\",\"publisher\":{\"@id\":\"https:\\\/\\\/radioljubuski.ba\\\/#organization\"},\"potentialAction\":[{\"@type\":\"SearchAction\",\"target\":{\"@type\":\"EntryPoint\",\"urlTemplate\":\"https:\\\/\\\/radioljubuski.ba\\\/?s={search_term_string}\"},\"query-input\":{\"@type\":\"PropertyValueSpecification\",\"valueRequired\":true,\"valueName\":\"search_term_string\"}}],\"inLanguage\":\"hr\"},{\"@type\":\"Organization\",\"@id\":\"https:\\\/\\\/radioljubuski.ba\\\/#organization\",\"name\":\"Radio Ljubu\u0161ki\",\"url\":\"https:\\\/\\\/radioljubuski.ba\\\/\",\"logo\":{\"@type\":\"ImageObject\",\"inLanguage\":\"hr\",\"@id\":\"https:\\\/\\\/radioljubuski.ba\\\/#\\\/schema\\\/logo\\\/image\\\/\",\"url\":\"https:\\\/\\\/radioljubuski.ba\\\/wp-content\\\/uploads\\\/2021\\\/02\\\/cropped-Radio_Ljubuski_logo1.jpg\",\"contentUrl\":\"https:\\\/\\\/radioljubuski.ba\\\/wp-content\\\/uploads\\\/2021\\\/02\\\/cropped-Radio_Ljubuski_logo1.jpg\",\"width\":512,\"height\":512,\"caption\":\"Radio Ljubu\u0161ki\"},\"image\":{\"@id\":\"https:\\\/\\\/radioljubuski.ba\\\/#\\\/schema\\\/logo\\\/image\\\/\"},\"sameAs\":[\"https:\\\/\\\/www.facebook.com\\\/Radiio-Ljubuski-1490835324566332\",\"https:\\\/\\\/x.com\\\/radioljubuski\",\"https:\\\/\\\/hr.linkedin.com\\\/company\\\/radio-ljubuski\",\"https:\\\/\\\/www.youtube.com\\\/channel\\\/UCHYaeO_n0Db3tjNGudGpXyw\"]},{\"@type\":\"Person\",\"@id\":\"https:\\\/\\\/radioljubuski.ba\\\/#\\\/schema\\\/person\\\/19fc700381a780f69665d7956c469e3b\",\"name\":\"Radio Ljubu\u0161ki\"}]}<\/script>\n<!-- \/ Yoast SEO plugin. -->","yoast_head_json":{"title":"Sezona je tikvica, a vi tra\u017eite novu inspiraciju za jelo u kojemu \u0107ete ih upotrijebiti? Naribajte ih, zamutite smjesu, danas se po\u010dastite savr\u0161enim pala\u010dinkama - RADIO LJUBU\u0160KI","robots":{"index":"index","follow":"follow","max-snippet":"max-snippet:-1","max-image-preview":"max-image-preview:large","max-video-preview":"max-video-preview:-1"},"canonical":"https:\/\/radioljubuski.ba\/index.php\/2021\/06\/25\/sezona-je-tikvica-a-vi-trazite-novu-inspiraciju-za-jelo-u-kojemu-cete-ih-upotrijebiti-naribajte-ih-zamutite-smjesu-danas-se-pocastite-savrsenim-palacinkama\/","og_locale":"hr_HR","og_type":"article","og_title":"Sezona je tikvica, a vi tra\u017eite novu inspiraciju za jelo u kojemu \u0107ete ih upotrijebiti? Naribajte ih, zamutite smjesu, danas se po\u010dastite savr\u0161enim pala\u010dinkama - RADIO LJUBU\u0160KI","og_description":"Tko od nas ne voli pala\u010dinke? Valjda nitko. Tko bi se bolje osje\u0107ao jedu\u0107i one koje su ipak zdravija verzija i u kojima dobijamo sjajne nutrijente uz slasnost tijesta? Pa valjda svi. I zato nas je u sezoni tikvica koja je taman krenula, a u kojoj smo ih ve\u0107 &#8220;le\u0161avali&#8221;, pohali i pekli, odu\u0161evio recept [&hellip;]","og_url":"https:\/\/radioljubuski.ba\/index.php\/2021\/06\/25\/sezona-je-tikvica-a-vi-trazite-novu-inspiraciju-za-jelo-u-kojemu-cete-ih-upotrijebiti-naribajte-ih-zamutite-smjesu-danas-se-pocastite-savrsenim-palacinkama\/","og_site_name":"RADIO LJUBU\u0160KI","article_publisher":"https:\/\/www.facebook.com\/Radiio-Ljubuski-1490835324566332","article_published_time":"2021-06-24T23:09:59+00:00","article_modified_time":"2021-06-24T23:10:00+00:00","og_image":[{"width":275,"height":183,"url":"https:\/\/radioljubuski.ba\/wp-content\/uploads\/2021\/06\/preuzmi-1-31.jpg","type":"image\/jpeg"}],"author":"Radio Ljubu\u0161ki","twitter_card":"summary_large_image","twitter_creator":"@radioljubuski","twitter_site":"@radioljubuski","twitter_misc":{"Napisao\/la":"Radio Ljubu\u0161ki","Procijenjeno vrijeme \u010ditanja":"1 minuta"},"schema":{"@context":"https:\/\/schema.org","@graph":[{"@type":"Article","@id":"https:\/\/radioljubuski.ba\/index.php\/2021\/06\/25\/sezona-je-tikvica-a-vi-trazite-novu-inspiraciju-za-jelo-u-kojemu-cete-ih-upotrijebiti-naribajte-ih-zamutite-smjesu-danas-se-pocastite-savrsenim-palacinkama\/#article","isPartOf":{"@id":"https:\/\/radioljubuski.ba\/index.php\/2021\/06\/25\/sezona-je-tikvica-a-vi-trazite-novu-inspiraciju-za-jelo-u-kojemu-cete-ih-upotrijebiti-naribajte-ih-zamutite-smjesu-danas-se-pocastite-savrsenim-palacinkama\/"},"author":{"name":"Radio Ljubu\u0161ki","@id":"https:\/\/radioljubuski.ba\/#\/schema\/person\/19fc700381a780f69665d7956c469e3b"},"headline":"Sezona je tikvica, a vi tra\u017eite novu inspiraciju za jelo u kojemu \u0107ete ih upotrijebiti? Naribajte ih, zamutite smjesu, danas se po\u010dastite savr\u0161enim pala\u010dinkama","datePublished":"2021-06-24T23:09:59+00:00","dateModified":"2021-06-24T23:10:00+00:00","mainEntityOfPage":{"@id":"https:\/\/radioljubuski.ba\/index.php\/2021\/06\/25\/sezona-je-tikvica-a-vi-trazite-novu-inspiraciju-za-jelo-u-kojemu-cete-ih-upotrijebiti-naribajte-ih-zamutite-smjesu-danas-se-pocastite-savrsenim-palacinkama\/"},"wordCount":261,"publisher":{"@id":"https:\/\/radioljubuski.ba\/#organization"},"image":{"@id":"https:\/\/radioljubuski.ba\/index.php\/2021\/06\/25\/sezona-je-tikvica-a-vi-trazite-novu-inspiraciju-za-jelo-u-kojemu-cete-ih-upotrijebiti-naribajte-ih-zamutite-smjesu-danas-se-pocastite-savrsenim-palacinkama\/#primaryimage"},"thumbnailUrl":"https:\/\/radioljubuski.ba\/wp-content\/uploads\/2021\/06\/preuzmi-1-31.jpg","articleSection":["BIH i regija"],"inLanguage":"hr"},{"@type":"WebPage","@id":"https:\/\/radioljubuski.ba\/index.php\/2021\/06\/25\/sezona-je-tikvica-a-vi-trazite-novu-inspiraciju-za-jelo-u-kojemu-cete-ih-upotrijebiti-naribajte-ih-zamutite-smjesu-danas-se-pocastite-savrsenim-palacinkama\/","url":"https:\/\/radioljubuski.ba\/index.php\/2021\/06\/25\/sezona-je-tikvica-a-vi-trazite-novu-inspiraciju-za-jelo-u-kojemu-cete-ih-upotrijebiti-naribajte-ih-zamutite-smjesu-danas-se-pocastite-savrsenim-palacinkama\/","name":"Sezona je tikvica, a vi tra\u017eite novu inspiraciju za jelo u kojemu \u0107ete ih upotrijebiti? Naribajte ih, zamutite smjesu, danas se po\u010dastite savr\u0161enim pala\u010dinkama - RADIO LJUBU\u0160KI","isPartOf":{"@id":"https:\/\/radioljubuski.ba\/#website"},"primaryImageOfPage":{"@id":"https:\/\/radioljubuski.ba\/index.php\/2021\/06\/25\/sezona-je-tikvica-a-vi-trazite-novu-inspiraciju-za-jelo-u-kojemu-cete-ih-upotrijebiti-naribajte-ih-zamutite-smjesu-danas-se-pocastite-savrsenim-palacinkama\/#primaryimage"},"image":{"@id":"https:\/\/radioljubuski.ba\/index.php\/2021\/06\/25\/sezona-je-tikvica-a-vi-trazite-novu-inspiraciju-za-jelo-u-kojemu-cete-ih-upotrijebiti-naribajte-ih-zamutite-smjesu-danas-se-pocastite-savrsenim-palacinkama\/#primaryimage"},"thumbnailUrl":"https:\/\/radioljubuski.ba\/wp-content\/uploads\/2021\/06\/preuzmi-1-31.jpg","datePublished":"2021-06-24T23:09:59+00:00","dateModified":"2021-06-24T23:10:00+00:00","breadcrumb":{"@id":"https:\/\/radioljubuski.ba\/index.php\/2021\/06\/25\/sezona-je-tikvica-a-vi-trazite-novu-inspiraciju-za-jelo-u-kojemu-cete-ih-upotrijebiti-naribajte-ih-zamutite-smjesu-danas-se-pocastite-savrsenim-palacinkama\/#breadcrumb"},"inLanguage":"hr","potentialAction":[{"@type":"ReadAction","target":["https:\/\/radioljubuski.ba\/index.php\/2021\/06\/25\/sezona-je-tikvica-a-vi-trazite-novu-inspiraciju-za-jelo-u-kojemu-cete-ih-upotrijebiti-naribajte-ih-zamutite-smjesu-danas-se-pocastite-savrsenim-palacinkama\/"]}]},{"@type":"ImageObject","inLanguage":"hr","@id":"https:\/\/radioljubuski.ba\/index.php\/2021\/06\/25\/sezona-je-tikvica-a-vi-trazite-novu-inspiraciju-za-jelo-u-kojemu-cete-ih-upotrijebiti-naribajte-ih-zamutite-smjesu-danas-se-pocastite-savrsenim-palacinkama\/#primaryimage","url":"https:\/\/radioljubuski.ba\/wp-content\/uploads\/2021\/06\/preuzmi-1-31.jpg","contentUrl":"https:\/\/radioljubuski.ba\/wp-content\/uploads\/2021\/06\/preuzmi-1-31.jpg","width":275,"height":183},{"@type":"BreadcrumbList","@id":"https:\/\/radioljubuski.ba\/index.php\/2021\/06\/25\/sezona-je-tikvica-a-vi-trazite-novu-inspiraciju-za-jelo-u-kojemu-cete-ih-upotrijebiti-naribajte-ih-zamutite-smjesu-danas-se-pocastite-savrsenim-palacinkama\/#breadcrumb","itemListElement":[{"@type":"ListItem","position":1,"name":"Po\u010detna stranica","item":"https:\/\/radioljubuski.ba\/"},{"@type":"ListItem","position":2,"name":"Sezona je tikvica, a vi tra\u017eite novu inspiraciju za jelo u kojemu \u0107ete ih upotrijebiti? Naribajte ih, zamutite smjesu, danas se po\u010dastite savr\u0161enim pala\u010dinkama"}]},{"@type":"WebSite","@id":"https:\/\/radioljubuski.ba\/#website","url":"https:\/\/radioljubuski.ba\/","name":"Radio Ljubu\u0161ki","description":"Sun\u010dana frekvencija Hercegovine","publisher":{"@id":"https:\/\/radioljubuski.ba\/#organization"},"potentialAction":[{"@type":"SearchAction","target":{"@type":"EntryPoint","urlTemplate":"https:\/\/radioljubuski.ba\/?s={search_term_string}"},"query-input":{"@type":"PropertyValueSpecification","valueRequired":true,"valueName":"search_term_string"}}],"inLanguage":"hr"},{"@type":"Organization","@id":"https:\/\/radioljubuski.ba\/#organization","name":"Radio Ljubu\u0161ki","url":"https:\/\/radioljubuski.ba\/","logo":{"@type":"ImageObject","inLanguage":"hr","@id":"https:\/\/radioljubuski.ba\/#\/schema\/logo\/image\/","url":"https:\/\/radioljubuski.ba\/wp-content\/uploads\/2021\/02\/cropped-Radio_Ljubuski_logo1.jpg","contentUrl":"https:\/\/radioljubuski.ba\/wp-content\/uploads\/2021\/02\/cropped-Radio_Ljubuski_logo1.jpg","width":512,"height":512,"caption":"Radio Ljubu\u0161ki"},"image":{"@id":"https:\/\/radioljubuski.ba\/#\/schema\/logo\/image\/"},"sameAs":["https:\/\/www.facebook.com\/Radiio-Ljubuski-1490835324566332","https:\/\/x.com\/radioljubuski","https:\/\/hr.linkedin.com\/company\/radio-ljubuski","https:\/\/www.youtube.com\/channel\/UCHYaeO_n0Db3tjNGudGpXyw"]},{"@type":"Person","@id":"https:\/\/radioljubuski.ba\/#\/schema\/person\/19fc700381a780f69665d7956c469e3b","name":"Radio Ljubu\u0161ki"}]}},"_links":{"self":[{"href":"https:\/\/radioljubuski.ba\/index.php\/wp-json\/wp\/v2\/posts\/35729","targetHints":{"allow":["GET"]}}],"collection":[{"href":"https:\/\/radioljubuski.ba\/index.php\/wp-json\/wp\/v2\/posts"}],"about":[{"href":"https:\/\/radioljubuski.ba\/index.php\/wp-json\/wp\/v2\/types\/post"}],"author":[{"embeddable":true,"href":"https:\/\/radioljubuski.ba\/index.php\/wp-json\/wp\/v2\/users\/2"}],"replies":[{"embeddable":true,"href":"https:\/\/radioljubuski.ba\/index.php\/wp-json\/wp\/v2\/comments?post=35729"}],"version-history":[{"count":1,"href":"https:\/\/radioljubuski.ba\/index.php\/wp-json\/wp\/v2\/posts\/35729\/revisions"}],"predecessor-version":[{"id":35732,"href":"https:\/\/radioljubuski.ba\/index.php\/wp-json\/wp\/v2\/posts\/35729\/revisions\/35732"}],"wp:featuredmedia":[{"embeddable":true,"href":"https:\/\/radioljubuski.ba\/index.php\/wp-json\/wp\/v2\/media\/35731"}],"wp:attachment":[{"href":"https:\/\/radioljubuski.ba\/index.php\/wp-json\/wp\/v2\/media?parent=35729"}],"wp:term":[{"taxonomy":"category","embeddable":true,"href":"https:\/\/radioljubuski.ba\/index.php\/wp-json\/wp\/v2\/categories?post=35729"},{"taxonomy":"post_tag","embeddable":true,"href":"https:\/\/radioljubuski.ba\/index.php\/wp-json\/wp\/v2\/tags?post=35729"}],"curies":[{"name":"wp","href":"https:\/\/api.w.org\/{rel}","templated":true}]}}