{"id":35746,"date":"2021-06-25T08:44:16","date_gmt":"2021-06-25T07:44:16","guid":{"rendered":"https:\/\/radioljubuski.ba\/?p=35746"},"modified":"2021-06-25T08:44:17","modified_gmt":"2021-06-25T07:44:17","slug":"clippersi-smanjili-sjajni-ivica-zubac","status":"publish","type":"post","link":"https:\/\/radioljubuski.ba\/index.php\/2021\/06\/25\/clippersi-smanjili-sjajni-ivica-zubac\/","title":{"rendered":"Clippersi smanjili, sjajni Ivica Zubac"},"content":{"rendered":"\n<p>Ko\u0161arka\u0161i Los Angeles Clippersa 106-92 pobjedom na doma\u0107em parketu u tre\u0107oj utakmici finala doigravanja Zapadne konferencije smanjili su zaostatak u pobjedama protiv Phoenix Sunsa na 1-2 u seriji koja se igra na \u010detiri pobjede.<\/p>\n\n\n\n<p>Clippersi su do prve pobjede u seriji stigli sjajnom dionicom sredinom tre\u0107e \u010detvrtine kada su za sedam minuta serijom 21-3 zaostatak 50-53 pretvorili u vodstvo 71-56. Odli\u010dnu ulogu u toj seriji imao je i hrvatski centar<strong>&nbsp;Ivica Zubac&nbsp;<\/strong>koji je bio aktivan i u obrani gdje je zatvorio prilaze svom obru\u010du, ali i u napadu atraktivnim zakucavanjima. Do kraja susreta Sunsi se vi\u0161e nisu uspjeli primaknuti na manje od \u0161est poena razlike.<\/p>\n\n\n\n<p>Zubac je krenuo u dvoboj u po\u010detnoj postavi Clippersa te je za 32:34 minuta provedenih na terenu ubacio 15 ko\u0161eva (\u0161ut za dva 3-8, slobodna bacanja 9-10) uz \u010dak 16 skokova, dvije blokade te po jednu asistenciju i osvojenu loptu.<\/p>\n\n\n\n<p><strong>Dario \u0160ari\u0107<\/strong>&nbsp;je, pak, u sastavu Sunsa dobio 12:25 minuta te je ubacio dva poena (\u0161ut za dva 1-2) uz sedam skokova.<\/p>\n\n\n\n<p>Clipperse je do va\u017ene pobjede vodio&nbsp;<strong>Paul George<\/strong>&nbsp;s 27 uba\u010daja, 15 skokova i osam asistencija, dok je&nbsp;<strong>Reggie Jackson<\/strong>&nbsp;dodao 23 te su njih dvojica nadoknadili izostanak<strong>&nbsp;Kawhija Leonarda<\/strong>&nbsp;koji ponovno nije igrao zbog ozljede koljena.<\/p>\n\n\n\n<p>Sunsima nije pomogao povrata<strong>k Chrisa Paula<\/strong>, koji je zbog pozitivnog testa na virus COVID-19 propustio prve dvije utakmice. Paul je postigao 15 poena, ali uz slab \u0161ut iz igre 5-19, te podijelio 12 asistencija, a podbacio je i najbolji strijelac sastava iz Phoenixa\u00a0<strong>Devin Booker<\/strong>\u00a0koji je \u0161utirao iz igre 5-21 za samo 15 poena. Najefikasniji u sastavu Sunsa bio je\u00a0<strong>DeAndre Ayton<\/strong>\u00a0s 18 ko\u0161eva.<\/p>\n\n\n\n<p>\u010cetvrti susret ova dva sastava igrat \u0107e ponovno u Los Angelesu u no\u0107i sa subote na nedjelju.<\/p>\n\n\n\n<p>FINALE ZAPADA:<\/p>\n\n\n\n<p>LA Clippers &#8211; Phoenix 106-92<\/p>\n\n\n\n<p>Ivica Zubac je za 32:34 minute postigao 15 ko\u0161eva (\u0161ut za dva 3-8, slobodna bacanja 9-10) uz 16 skokova, 2 blokade, 1 asistenciju i 1 osvojenu loptu<\/p>\n\n\n\n<p>Dario \u0160ari\u0107 je za 12:25 minuta postigao 2 ko\u0161a (\u0161ut za dva 1-2) uz 7 skokova<\/p>\n\n\n\n<p>izvor:hrt. hr<\/p>\n","protected":false},"excerpt":{"rendered":"<p>Ko\u0161arka\u0161i Los Angeles Clippersa 106-92 pobjedom na doma\u0107em parketu u tre\u0107oj utakmici finala doigravanja Zapadne konferencije smanjili su zaostatak u pobjedama protiv Phoenix Sunsa na 1-2 u seriji koja se igra na \u010detiri pobjede. Clippersi su do prve pobjede u seriji stigli sjajnom dionicom sredinom tre\u0107e \u010detvrtine kada su za sedam minuta serijom 21-3 zaostatak [&hellip;]<\/p>\n","protected":false},"author":2,"featured_media":35747,"comment_status":"closed","ping_status":"closed","sticky":false,"template":"","format":"standard","meta":{"h5ap_radio_sources":[],"footnotes":""},"categories":[7],"tags":[],"class_list":["post-35746","post","type-post","status-publish","format-standard","has-post-thumbnail","hentry","category-sport"],"yoast_head":"<!-- This site is optimized with the Yoast SEO plugin v27.5 - https:\/\/yoast.com\/product\/yoast-seo-wordpress\/ -->\n<title>Clippersi smanjili, sjajni Ivica Zubac - RADIO LJUBU\u0160KI<\/title>\n<meta name=\"robots\" content=\"index, follow, max-snippet:-1, max-image-preview:large, max-video-preview:-1\" \/>\n<link rel=\"canonical\" href=\"https:\/\/radioljubuski.ba\/index.php\/2021\/06\/25\/clippersi-smanjili-sjajni-ivica-zubac\/\" \/>\n<meta property=\"og:locale\" content=\"hr_HR\" \/>\n<meta property=\"og:type\" content=\"article\" \/>\n<meta property=\"og:title\" content=\"Clippersi smanjili, sjajni Ivica Zubac - RADIO LJUBU\u0160KI\" \/>\n<meta property=\"og:description\" content=\"Ko\u0161arka\u0161i Los Angeles Clippersa 106-92 pobjedom na doma\u0107em parketu u tre\u0107oj utakmici finala doigravanja Zapadne konferencije smanjili su zaostatak u pobjedama protiv Phoenix Sunsa na 1-2 u seriji koja se igra na \u010detiri pobjede. Clippersi su do prve pobjede u seriji stigli sjajnom dionicom sredinom tre\u0107e \u010detvrtine kada su za sedam minuta serijom 21-3 zaostatak [&hellip;]\" \/>\n<meta property=\"og:url\" content=\"https:\/\/radioljubuski.ba\/index.php\/2021\/06\/25\/clippersi-smanjili-sjajni-ivica-zubac\/\" \/>\n<meta property=\"og:site_name\" content=\"RADIO LJUBU\u0160KI\" \/>\n<meta property=\"article:publisher\" content=\"https:\/\/www.facebook.com\/Radiio-Ljubuski-1490835324566332\" \/>\n<meta property=\"article:published_time\" content=\"2021-06-25T07:44:16+00:00\" \/>\n<meta property=\"article:modified_time\" content=\"2021-06-25T07:44:17+00:00\" \/>\n<meta property=\"og:image\" content=\"https:\/\/radioljubuski.ba\/wp-content\/uploads\/2021\/06\/zubac.jpg\" \/>\n\t<meta property=\"og:image:width\" content=\"286\" \/>\n\t<meta property=\"og:image:height\" content=\"176\" \/>\n\t<meta property=\"og:image:type\" content=\"image\/jpeg\" \/>\n<meta name=\"author\" content=\"Radio Ljubu\u0161ki\" \/>\n<meta name=\"twitter:card\" content=\"summary_large_image\" \/>\n<meta name=\"twitter:creator\" content=\"@radioljubuski\" \/>\n<meta name=\"twitter:site\" content=\"@radioljubuski\" \/>\n<meta name=\"twitter:label1\" content=\"Napisao\/la\" \/>\n\t<meta name=\"twitter:data1\" content=\"Radio Ljubu\u0161ki\" \/>\n\t<meta name=\"twitter:label2\" content=\"Procijenjeno vrijeme \u010ditanja\" \/>\n\t<meta name=\"twitter:data2\" content=\"2 minute\" \/>\n<script type=\"application\/ld+json\" class=\"yoast-schema-graph\">{\"@context\":\"https:\\\/\\\/schema.org\",\"@graph\":[{\"@type\":\"Article\",\"@id\":\"https:\\\/\\\/radioljubuski.ba\\\/index.php\\\/2021\\\/06\\\/25\\\/clippersi-smanjili-sjajni-ivica-zubac\\\/#article\",\"isPartOf\":{\"@id\":\"https:\\\/\\\/radioljubuski.ba\\\/index.php\\\/2021\\\/06\\\/25\\\/clippersi-smanjili-sjajni-ivica-zubac\\\/\"},\"author\":{\"name\":\"Radio Ljubu\u0161ki\",\"@id\":\"https:\\\/\\\/radioljubuski.ba\\\/#\\\/schema\\\/person\\\/19fc700381a780f69665d7956c469e3b\"},\"headline\":\"Clippersi smanjili, sjajni Ivica Zubac\",\"datePublished\":\"2021-06-25T07:44:16+00:00\",\"dateModified\":\"2021-06-25T07:44:17+00:00\",\"mainEntityOfPage\":{\"@id\":\"https:\\\/\\\/radioljubuski.ba\\\/index.php\\\/2021\\\/06\\\/25\\\/clippersi-smanjili-sjajni-ivica-zubac\\\/\"},\"wordCount\":351,\"publisher\":{\"@id\":\"https:\\\/\\\/radioljubuski.ba\\\/#organization\"},\"image\":{\"@id\":\"https:\\\/\\\/radioljubuski.ba\\\/index.php\\\/2021\\\/06\\\/25\\\/clippersi-smanjili-sjajni-ivica-zubac\\\/#primaryimage\"},\"thumbnailUrl\":\"https:\\\/\\\/radioljubuski.ba\\\/wp-content\\\/uploads\\\/2021\\\/06\\\/zubac.jpg\",\"articleSection\":[\"\u0160port\"],\"inLanguage\":\"hr\"},{\"@type\":\"WebPage\",\"@id\":\"https:\\\/\\\/radioljubuski.ba\\\/index.php\\\/2021\\\/06\\\/25\\\/clippersi-smanjili-sjajni-ivica-zubac\\\/\",\"url\":\"https:\\\/\\\/radioljubuski.ba\\\/index.php\\\/2021\\\/06\\\/25\\\/clippersi-smanjili-sjajni-ivica-zubac\\\/\",\"name\":\"Clippersi smanjili, sjajni Ivica Zubac - RADIO LJUBU\u0160KI\",\"isPartOf\":{\"@id\":\"https:\\\/\\\/radioljubuski.ba\\\/#website\"},\"primaryImageOfPage\":{\"@id\":\"https:\\\/\\\/radioljubuski.ba\\\/index.php\\\/2021\\\/06\\\/25\\\/clippersi-smanjili-sjajni-ivica-zubac\\\/#primaryimage\"},\"image\":{\"@id\":\"https:\\\/\\\/radioljubuski.ba\\\/index.php\\\/2021\\\/06\\\/25\\\/clippersi-smanjili-sjajni-ivica-zubac\\\/#primaryimage\"},\"thumbnailUrl\":\"https:\\\/\\\/radioljubuski.ba\\\/wp-content\\\/uploads\\\/2021\\\/06\\\/zubac.jpg\",\"datePublished\":\"2021-06-25T07:44:16+00:00\",\"dateModified\":\"2021-06-25T07:44:17+00:00\",\"breadcrumb\":{\"@id\":\"https:\\\/\\\/radioljubuski.ba\\\/index.php\\\/2021\\\/06\\\/25\\\/clippersi-smanjili-sjajni-ivica-zubac\\\/#breadcrumb\"},\"inLanguage\":\"hr\",\"potentialAction\":[{\"@type\":\"ReadAction\",\"target\":[\"https:\\\/\\\/radioljubuski.ba\\\/index.php\\\/2021\\\/06\\\/25\\\/clippersi-smanjili-sjajni-ivica-zubac\\\/\"]}]},{\"@type\":\"ImageObject\",\"inLanguage\":\"hr\",\"@id\":\"https:\\\/\\\/radioljubuski.ba\\\/index.php\\\/2021\\\/06\\\/25\\\/clippersi-smanjili-sjajni-ivica-zubac\\\/#primaryimage\",\"url\":\"https:\\\/\\\/radioljubuski.ba\\\/wp-content\\\/uploads\\\/2021\\\/06\\\/zubac.jpg\",\"contentUrl\":\"https:\\\/\\\/radioljubuski.ba\\\/wp-content\\\/uploads\\\/2021\\\/06\\\/zubac.jpg\",\"width\":286,\"height\":176},{\"@type\":\"BreadcrumbList\",\"@id\":\"https:\\\/\\\/radioljubuski.ba\\\/index.php\\\/2021\\\/06\\\/25\\\/clippersi-smanjili-sjajni-ivica-zubac\\\/#breadcrumb\",\"itemListElement\":[{\"@type\":\"ListItem\",\"position\":1,\"name\":\"Po\u010detna stranica\",\"item\":\"https:\\\/\\\/radioljubuski.ba\\\/\"},{\"@type\":\"ListItem\",\"position\":2,\"name\":\"Clippersi smanjili, sjajni Ivica Zubac\"}]},{\"@type\":\"WebSite\",\"@id\":\"https:\\\/\\\/radioljubuski.ba\\\/#website\",\"url\":\"https:\\\/\\\/radioljubuski.ba\\\/\",\"name\":\"Radio Ljubu\u0161ki\",\"description\":\"Sun\u010dana frekvencija Hercegovine\",\"publisher\":{\"@id\":\"https:\\\/\\\/radioljubuski.ba\\\/#organization\"},\"potentialAction\":[{\"@type\":\"SearchAction\",\"target\":{\"@type\":\"EntryPoint\",\"urlTemplate\":\"https:\\\/\\\/radioljubuski.ba\\\/?s={search_term_string}\"},\"query-input\":{\"@type\":\"PropertyValueSpecification\",\"valueRequired\":true,\"valueName\":\"search_term_string\"}}],\"inLanguage\":\"hr\"},{\"@type\":\"Organization\",\"@id\":\"https:\\\/\\\/radioljubuski.ba\\\/#organization\",\"name\":\"Radio Ljubu\u0161ki\",\"url\":\"https:\\\/\\\/radioljubuski.ba\\\/\",\"logo\":{\"@type\":\"ImageObject\",\"inLanguage\":\"hr\",\"@id\":\"https:\\\/\\\/radioljubuski.ba\\\/#\\\/schema\\\/logo\\\/image\\\/\",\"url\":\"https:\\\/\\\/radioljubuski.ba\\\/wp-content\\\/uploads\\\/2021\\\/02\\\/cropped-Radio_Ljubuski_logo1.jpg\",\"contentUrl\":\"https:\\\/\\\/radioljubuski.ba\\\/wp-content\\\/uploads\\\/2021\\\/02\\\/cropped-Radio_Ljubuski_logo1.jpg\",\"width\":512,\"height\":512,\"caption\":\"Radio Ljubu\u0161ki\"},\"image\":{\"@id\":\"https:\\\/\\\/radioljubuski.ba\\\/#\\\/schema\\\/logo\\\/image\\\/\"},\"sameAs\":[\"https:\\\/\\\/www.facebook.com\\\/Radiio-Ljubuski-1490835324566332\",\"https:\\\/\\\/x.com\\\/radioljubuski\",\"https:\\\/\\\/hr.linkedin.com\\\/company\\\/radio-ljubuski\",\"https:\\\/\\\/www.youtube.com\\\/channel\\\/UCHYaeO_n0Db3tjNGudGpXyw\"]},{\"@type\":\"Person\",\"@id\":\"https:\\\/\\\/radioljubuski.ba\\\/#\\\/schema\\\/person\\\/19fc700381a780f69665d7956c469e3b\",\"name\":\"Radio Ljubu\u0161ki\"}]}<\/script>\n<!-- \/ Yoast SEO plugin. -->","yoast_head_json":{"title":"Clippersi smanjili, sjajni Ivica Zubac - RADIO LJUBU\u0160KI","robots":{"index":"index","follow":"follow","max-snippet":"max-snippet:-1","max-image-preview":"max-image-preview:large","max-video-preview":"max-video-preview:-1"},"canonical":"https:\/\/radioljubuski.ba\/index.php\/2021\/06\/25\/clippersi-smanjili-sjajni-ivica-zubac\/","og_locale":"hr_HR","og_type":"article","og_title":"Clippersi smanjili, sjajni Ivica Zubac - RADIO LJUBU\u0160KI","og_description":"Ko\u0161arka\u0161i Los Angeles Clippersa 106-92 pobjedom na doma\u0107em parketu u tre\u0107oj utakmici finala doigravanja Zapadne konferencije smanjili su zaostatak u pobjedama protiv Phoenix Sunsa na 1-2 u seriji koja se igra na \u010detiri pobjede. Clippersi su do prve pobjede u seriji stigli sjajnom dionicom sredinom tre\u0107e \u010detvrtine kada su za sedam minuta serijom 21-3 zaostatak [&hellip;]","og_url":"https:\/\/radioljubuski.ba\/index.php\/2021\/06\/25\/clippersi-smanjili-sjajni-ivica-zubac\/","og_site_name":"RADIO LJUBU\u0160KI","article_publisher":"https:\/\/www.facebook.com\/Radiio-Ljubuski-1490835324566332","article_published_time":"2021-06-25T07:44:16+00:00","article_modified_time":"2021-06-25T07:44:17+00:00","og_image":[{"width":286,"height":176,"url":"https:\/\/radioljubuski.ba\/wp-content\/uploads\/2021\/06\/zubac.jpg","type":"image\/jpeg"}],"author":"Radio Ljubu\u0161ki","twitter_card":"summary_large_image","twitter_creator":"@radioljubuski","twitter_site":"@radioljubuski","twitter_misc":{"Napisao\/la":"Radio Ljubu\u0161ki","Procijenjeno vrijeme \u010ditanja":"2 minute"},"schema":{"@context":"https:\/\/schema.org","@graph":[{"@type":"Article","@id":"https:\/\/radioljubuski.ba\/index.php\/2021\/06\/25\/clippersi-smanjili-sjajni-ivica-zubac\/#article","isPartOf":{"@id":"https:\/\/radioljubuski.ba\/index.php\/2021\/06\/25\/clippersi-smanjili-sjajni-ivica-zubac\/"},"author":{"name":"Radio Ljubu\u0161ki","@id":"https:\/\/radioljubuski.ba\/#\/schema\/person\/19fc700381a780f69665d7956c469e3b"},"headline":"Clippersi smanjili, sjajni Ivica Zubac","datePublished":"2021-06-25T07:44:16+00:00","dateModified":"2021-06-25T07:44:17+00:00","mainEntityOfPage":{"@id":"https:\/\/radioljubuski.ba\/index.php\/2021\/06\/25\/clippersi-smanjili-sjajni-ivica-zubac\/"},"wordCount":351,"publisher":{"@id":"https:\/\/radioljubuski.ba\/#organization"},"image":{"@id":"https:\/\/radioljubuski.ba\/index.php\/2021\/06\/25\/clippersi-smanjili-sjajni-ivica-zubac\/#primaryimage"},"thumbnailUrl":"https:\/\/radioljubuski.ba\/wp-content\/uploads\/2021\/06\/zubac.jpg","articleSection":["\u0160port"],"inLanguage":"hr"},{"@type":"WebPage","@id":"https:\/\/radioljubuski.ba\/index.php\/2021\/06\/25\/clippersi-smanjili-sjajni-ivica-zubac\/","url":"https:\/\/radioljubuski.ba\/index.php\/2021\/06\/25\/clippersi-smanjili-sjajni-ivica-zubac\/","name":"Clippersi smanjili, sjajni Ivica Zubac - RADIO LJUBU\u0160KI","isPartOf":{"@id":"https:\/\/radioljubuski.ba\/#website"},"primaryImageOfPage":{"@id":"https:\/\/radioljubuski.ba\/index.php\/2021\/06\/25\/clippersi-smanjili-sjajni-ivica-zubac\/#primaryimage"},"image":{"@id":"https:\/\/radioljubuski.ba\/index.php\/2021\/06\/25\/clippersi-smanjili-sjajni-ivica-zubac\/#primaryimage"},"thumbnailUrl":"https:\/\/radioljubuski.ba\/wp-content\/uploads\/2021\/06\/zubac.jpg","datePublished":"2021-06-25T07:44:16+00:00","dateModified":"2021-06-25T07:44:17+00:00","breadcrumb":{"@id":"https:\/\/radioljubuski.ba\/index.php\/2021\/06\/25\/clippersi-smanjili-sjajni-ivica-zubac\/#breadcrumb"},"inLanguage":"hr","potentialAction":[{"@type":"ReadAction","target":["https:\/\/radioljubuski.ba\/index.php\/2021\/06\/25\/clippersi-smanjili-sjajni-ivica-zubac\/"]}]},{"@type":"ImageObject","inLanguage":"hr","@id":"https:\/\/radioljubuski.ba\/index.php\/2021\/06\/25\/clippersi-smanjili-sjajni-ivica-zubac\/#primaryimage","url":"https:\/\/radioljubuski.ba\/wp-content\/uploads\/2021\/06\/zubac.jpg","contentUrl":"https:\/\/radioljubuski.ba\/wp-content\/uploads\/2021\/06\/zubac.jpg","width":286,"height":176},{"@type":"BreadcrumbList","@id":"https:\/\/radioljubuski.ba\/index.php\/2021\/06\/25\/clippersi-smanjili-sjajni-ivica-zubac\/#breadcrumb","itemListElement":[{"@type":"ListItem","position":1,"name":"Po\u010detna stranica","item":"https:\/\/radioljubuski.ba\/"},{"@type":"ListItem","position":2,"name":"Clippersi smanjili, sjajni Ivica Zubac"}]},{"@type":"WebSite","@id":"https:\/\/radioljubuski.ba\/#website","url":"https:\/\/radioljubuski.ba\/","name":"Radio Ljubu\u0161ki","description":"Sun\u010dana frekvencija Hercegovine","publisher":{"@id":"https:\/\/radioljubuski.ba\/#organization"},"potentialAction":[{"@type":"SearchAction","target":{"@type":"EntryPoint","urlTemplate":"https:\/\/radioljubuski.ba\/?s={search_term_string}"},"query-input":{"@type":"PropertyValueSpecification","valueRequired":true,"valueName":"search_term_string"}}],"inLanguage":"hr"},{"@type":"Organization","@id":"https:\/\/radioljubuski.ba\/#organization","name":"Radio Ljubu\u0161ki","url":"https:\/\/radioljubuski.ba\/","logo":{"@type":"ImageObject","inLanguage":"hr","@id":"https:\/\/radioljubuski.ba\/#\/schema\/logo\/image\/","url":"https:\/\/radioljubuski.ba\/wp-content\/uploads\/2021\/02\/cropped-Radio_Ljubuski_logo1.jpg","contentUrl":"https:\/\/radioljubuski.ba\/wp-content\/uploads\/2021\/02\/cropped-Radio_Ljubuski_logo1.jpg","width":512,"height":512,"caption":"Radio Ljubu\u0161ki"},"image":{"@id":"https:\/\/radioljubuski.ba\/#\/schema\/logo\/image\/"},"sameAs":["https:\/\/www.facebook.com\/Radiio-Ljubuski-1490835324566332","https:\/\/x.com\/radioljubuski","https:\/\/hr.linkedin.com\/company\/radio-ljubuski","https:\/\/www.youtube.com\/channel\/UCHYaeO_n0Db3tjNGudGpXyw"]},{"@type":"Person","@id":"https:\/\/radioljubuski.ba\/#\/schema\/person\/19fc700381a780f69665d7956c469e3b","name":"Radio Ljubu\u0161ki"}]}},"_links":{"self":[{"href":"https:\/\/radioljubuski.ba\/index.php\/wp-json\/wp\/v2\/posts\/35746","targetHints":{"allow":["GET"]}}],"collection":[{"href":"https:\/\/radioljubuski.ba\/index.php\/wp-json\/wp\/v2\/posts"}],"about":[{"href":"https:\/\/radioljubuski.ba\/index.php\/wp-json\/wp\/v2\/types\/post"}],"author":[{"embeddable":true,"href":"https:\/\/radioljubuski.ba\/index.php\/wp-json\/wp\/v2\/users\/2"}],"replies":[{"embeddable":true,"href":"https:\/\/radioljubuski.ba\/index.php\/wp-json\/wp\/v2\/comments?post=35746"}],"version-history":[{"count":1,"href":"https:\/\/radioljubuski.ba\/index.php\/wp-json\/wp\/v2\/posts\/35746\/revisions"}],"predecessor-version":[{"id":35748,"href":"https:\/\/radioljubuski.ba\/index.php\/wp-json\/wp\/v2\/posts\/35746\/revisions\/35748"}],"wp:featuredmedia":[{"embeddable":true,"href":"https:\/\/radioljubuski.ba\/index.php\/wp-json\/wp\/v2\/media\/35747"}],"wp:attachment":[{"href":"https:\/\/radioljubuski.ba\/index.php\/wp-json\/wp\/v2\/media?parent=35746"}],"wp:term":[{"taxonomy":"category","embeddable":true,"href":"https:\/\/radioljubuski.ba\/index.php\/wp-json\/wp\/v2\/categories?post=35746"},{"taxonomy":"post_tag","embeddable":true,"href":"https:\/\/radioljubuski.ba\/index.php\/wp-json\/wp\/v2\/tags?post=35746"}],"curies":[{"name":"wp","href":"https:\/\/api.w.org\/{rel}","templated":true}]}}