{"id":35754,"date":"2021-06-25T09:25:00","date_gmt":"2021-06-25T08:25:00","guid":{"rendered":"https:\/\/radioljubuski.ba\/?p=35754"},"modified":"2021-06-25T09:25:01","modified_gmt":"2021-06-25T08:25:01","slug":"ostani-s-nama-kraljice-mira-nova-pjesma-klape-sv-juraj-hrm-a-povodom-40-godisnjice-gospinog-ukazanja","status":"publish","type":"post","link":"https:\/\/radioljubuski.ba\/index.php\/2021\/06\/25\/ostani-s-nama-kraljice-mira-nova-pjesma-klape-sv-juraj-hrm-a-povodom-40-godisnjice-gospinog-ukazanja\/","title":{"rendered":"&#8216;Ostani s nama Kraljice Mira&#8217; \u2013 nova pjesma klape Sv. Juraj HRM-a povodom 40. godi\u0161njice Gospinog ukazanja"},"content":{"rendered":"\n<p>Povodom &nbsp;40. obljetnice Gospinih ukazanja u Me\u0111ugorju klapa \u201cSveti Juraj\u201d- HRM-a snimila je novu pjesmu pod nazivom Ostani s nama Kraljice mira za koju je glazbu i tekst napisao Franjo Kraljevi\u0107, a vokalni aran\u017eman Mario Bo\u017ei\u0107.<\/p>\n\n\n\n<p>U suradnji s Informativnim centrom Mir Me\u0111ugorje spot je snimljen na prepoznatljivim lokalitetima Me\u0111ugorja; Podbrdu \u2013 mjestu Gospina ukazanja kao i ispred i u \u017eupnoj crkvi Svetog Jakova u re\u017eiji AP studija iz Splita. Snimanje i re\u017eiju potpisuju Petar i Andrija Jur\u010devi\u0107.<\/p>\n\n\n\n<p>\u2018\u2019Zaista nam je iznimna \u010dast da smo mi hrvatski vojnici okupljeni u klapi Hrvatske ratne mornarice &nbsp;\u201cSveti Juraj\u201d snimili ovu pjesmu i posvetili je Gospi u Me\u0111ugorju u godini kada obilje\u017eavamo 20 godina na\u0161eg osnivanja i prvog javnog nastupa koji je bio upravo u Bazilici Pia X u Gospinu Sveti\u0161tu u Lourdesu.<\/p>\n\n\n\n<p>Ova je snimka znak na\u0161e zahvalnosti i pobo\u017enosti Gospi &nbsp;koja nas je sve ove godine \u010duvala u na\u0161em poslanju da u odori pobjedni\u010dke Hrvatske vojske pronosimo vrijednosti na\u0161e vjere i domoljublja.<\/p>\n\n\n\n<p>Nakon \u0161to smo snimili spotove za Gospine pjesme u najpoznatijim hrvatskim marijanskim sveti\u0161tima; Mariji Bistrici, Trsatu, Solinu i Sinju, veseli nas \u0161to smo to mogli u\u010diniti i u Me\u0111ugorju za ovu predivnu pjesmu za koju sam uvjeren da \u0107e je ljudi rado slu\u0161ati i pjevati\u2019\u2019, izjavio je Marko Brali\u0107, zapovjednik mornari\u010dke klape iz Splita, a spot mo\u017eete pogledati na YouTube kanalu.<\/p>\n\n\n\n<figure class=\"wp-block-embed is-type-video is-provider-youtube wp-block-embed-youtube wp-embed-aspect-16-9 wp-has-aspect-ratio\"><div class=\"wp-block-embed__wrapper\">\n<iframe loading=\"lazy\" title=\"OSTANI S NAMA KRALJICE MIRA - KLAPA &quot;SVETI JURAJ&quot; HRM\" width=\"640\" height=\"360\" src=\"https:\/\/www.youtube.com\/embed\/wJm-ERXXTHw?feature=oembed\" frameborder=\"0\" allow=\"accelerometer; autoplay; clipboard-write; encrypted-media; gyroscope; picture-in-picture; web-share\" referrerpolicy=\"strict-origin-when-cross-origin\" allowfullscreen><\/iframe>\n<\/div><\/figure>\n\n\n\n<p>Izvor:radio Mir Me\u0111ugorje<\/p>\n","protected":false},"excerpt":{"rendered":"<p>Povodom &nbsp;40. obljetnice Gospinih ukazanja u Me\u0111ugorju klapa \u201cSveti Juraj\u201d- HRM-a snimila je novu pjesmu pod nazivom Ostani s nama Kraljice mira za koju je glazbu i tekst napisao Franjo Kraljevi\u0107, a vokalni aran\u017eman Mario Bo\u017ei\u0107. U suradnji s Informativnim centrom Mir Me\u0111ugorje spot je snimljen na prepoznatljivim lokalitetima Me\u0111ugorja; Podbrdu \u2013 mjestu Gospina ukazanja [&hellip;]<\/p>\n","protected":false},"author":2,"featured_media":35755,"comment_status":"closed","ping_status":"closed","sticky":false,"template":"","format":"standard","meta":{"h5ap_radio_sources":[],"footnotes":""},"categories":[1],"tags":[],"class_list":["post-35754","post","type-post","status-publish","format-standard","has-post-thumbnail","hentry","category-bihiregija"],"yoast_head":"<!-- This site is optimized with the Yoast SEO plugin v27.5 - https:\/\/yoast.com\/product\/yoast-seo-wordpress\/ -->\n<title>&#039;Ostani s nama Kraljice Mira&#039; \u2013 nova pjesma klape Sv. Juraj HRM-a povodom 40. godi\u0161njice Gospinog ukazanja - RADIO LJUBU\u0160KI<\/title>\n<meta name=\"robots\" content=\"index, follow, max-snippet:-1, max-image-preview:large, max-video-preview:-1\" \/>\n<link rel=\"canonical\" href=\"https:\/\/radioljubuski.ba\/index.php\/2021\/06\/25\/ostani-s-nama-kraljice-mira-nova-pjesma-klape-sv-juraj-hrm-a-povodom-40-godisnjice-gospinog-ukazanja\/\" \/>\n<meta property=\"og:locale\" content=\"hr_HR\" \/>\n<meta property=\"og:type\" content=\"article\" \/>\n<meta property=\"og:title\" content=\"&#039;Ostani s nama Kraljice Mira&#039; \u2013 nova pjesma klape Sv. Juraj HRM-a povodom 40. godi\u0161njice Gospinog ukazanja - RADIO LJUBU\u0160KI\" \/>\n<meta property=\"og:description\" content=\"Povodom &nbsp;40. obljetnice Gospinih ukazanja u Me\u0111ugorju klapa \u201cSveti Juraj\u201d- HRM-a snimila je novu pjesmu pod nazivom Ostani s nama Kraljice mira za koju je glazbu i tekst napisao Franjo Kraljevi\u0107, a vokalni aran\u017eman Mario Bo\u017ei\u0107. U suradnji s Informativnim centrom Mir Me\u0111ugorje spot je snimljen na prepoznatljivim lokalitetima Me\u0111ugorja; Podbrdu \u2013 mjestu Gospina ukazanja [&hellip;]\" \/>\n<meta property=\"og:url\" content=\"https:\/\/radioljubuski.ba\/index.php\/2021\/06\/25\/ostani-s-nama-kraljice-mira-nova-pjesma-klape-sv-juraj-hrm-a-povodom-40-godisnjice-gospinog-ukazanja\/\" \/>\n<meta property=\"og:site_name\" content=\"RADIO LJUBU\u0160KI\" \/>\n<meta property=\"article:publisher\" content=\"https:\/\/www.facebook.com\/Radiio-Ljubuski-1490835324566332\" \/>\n<meta property=\"article:published_time\" content=\"2021-06-25T08:25:00+00:00\" \/>\n<meta property=\"article:modified_time\" content=\"2021-06-25T08:25:01+00:00\" \/>\n<meta property=\"og:image\" content=\"https:\/\/radioljubuski.ba\/wp-content\/uploads\/2021\/06\/2-2021-06-25-09-47-25-klapasvjuraj110-1-741x486-1.jpg\" \/>\n\t<meta property=\"og:image:width\" content=\"1000\" \/>\n\t<meta property=\"og:image:height\" content=\"625\" \/>\n\t<meta property=\"og:image:type\" content=\"image\/jpeg\" \/>\n<meta name=\"author\" content=\"Radio Ljubu\u0161ki\" \/>\n<meta name=\"twitter:card\" content=\"summary_large_image\" \/>\n<meta name=\"twitter:creator\" content=\"@radioljubuski\" \/>\n<meta name=\"twitter:site\" content=\"@radioljubuski\" \/>\n<meta name=\"twitter:label1\" content=\"Napisao\/la\" \/>\n\t<meta name=\"twitter:data1\" content=\"Radio Ljubu\u0161ki\" \/>\n\t<meta name=\"twitter:label2\" content=\"Procijenjeno vrijeme \u010ditanja\" \/>\n\t<meta name=\"twitter:data2\" content=\"1 minuta\" \/>\n<script type=\"application\/ld+json\" class=\"yoast-schema-graph\">{\"@context\":\"https:\\\/\\\/schema.org\",\"@graph\":[{\"@type\":\"Article\",\"@id\":\"https:\\\/\\\/radioljubuski.ba\\\/index.php\\\/2021\\\/06\\\/25\\\/ostani-s-nama-kraljice-mira-nova-pjesma-klape-sv-juraj-hrm-a-povodom-40-godisnjice-gospinog-ukazanja\\\/#article\",\"isPartOf\":{\"@id\":\"https:\\\/\\\/radioljubuski.ba\\\/index.php\\\/2021\\\/06\\\/25\\\/ostani-s-nama-kraljice-mira-nova-pjesma-klape-sv-juraj-hrm-a-povodom-40-godisnjice-gospinog-ukazanja\\\/\"},\"author\":{\"name\":\"Radio Ljubu\u0161ki\",\"@id\":\"https:\\\/\\\/radioljubuski.ba\\\/#\\\/schema\\\/person\\\/19fc700381a780f69665d7956c469e3b\"},\"headline\":\"&#8216;Ostani s nama Kraljice Mira&#8217; \u2013 nova pjesma klape Sv. Juraj HRM-a povodom 40. godi\u0161njice Gospinog ukazanja\",\"datePublished\":\"2021-06-25T08:25:00+00:00\",\"dateModified\":\"2021-06-25T08:25:01+00:00\",\"mainEntityOfPage\":{\"@id\":\"https:\\\/\\\/radioljubuski.ba\\\/index.php\\\/2021\\\/06\\\/25\\\/ostani-s-nama-kraljice-mira-nova-pjesma-klape-sv-juraj-hrm-a-povodom-40-godisnjice-gospinog-ukazanja\\\/\"},\"wordCount\":274,\"publisher\":{\"@id\":\"https:\\\/\\\/radioljubuski.ba\\\/#organization\"},\"image\":{\"@id\":\"https:\\\/\\\/radioljubuski.ba\\\/index.php\\\/2021\\\/06\\\/25\\\/ostani-s-nama-kraljice-mira-nova-pjesma-klape-sv-juraj-hrm-a-povodom-40-godisnjice-gospinog-ukazanja\\\/#primaryimage\"},\"thumbnailUrl\":\"https:\\\/\\\/radioljubuski.ba\\\/wp-content\\\/uploads\\\/2021\\\/06\\\/2-2021-06-25-09-47-25-klapasvjuraj110-1-741x486-1.jpg\",\"articleSection\":[\"BIH i regija\"],\"inLanguage\":\"hr\"},{\"@type\":\"WebPage\",\"@id\":\"https:\\\/\\\/radioljubuski.ba\\\/index.php\\\/2021\\\/06\\\/25\\\/ostani-s-nama-kraljice-mira-nova-pjesma-klape-sv-juraj-hrm-a-povodom-40-godisnjice-gospinog-ukazanja\\\/\",\"url\":\"https:\\\/\\\/radioljubuski.ba\\\/index.php\\\/2021\\\/06\\\/25\\\/ostani-s-nama-kraljice-mira-nova-pjesma-klape-sv-juraj-hrm-a-povodom-40-godisnjice-gospinog-ukazanja\\\/\",\"name\":\"'Ostani s nama Kraljice Mira' \u2013 nova pjesma klape Sv. Juraj HRM-a povodom 40. godi\u0161njice Gospinog ukazanja - RADIO LJUBU\u0160KI\",\"isPartOf\":{\"@id\":\"https:\\\/\\\/radioljubuski.ba\\\/#website\"},\"primaryImageOfPage\":{\"@id\":\"https:\\\/\\\/radioljubuski.ba\\\/index.php\\\/2021\\\/06\\\/25\\\/ostani-s-nama-kraljice-mira-nova-pjesma-klape-sv-juraj-hrm-a-povodom-40-godisnjice-gospinog-ukazanja\\\/#primaryimage\"},\"image\":{\"@id\":\"https:\\\/\\\/radioljubuski.ba\\\/index.php\\\/2021\\\/06\\\/25\\\/ostani-s-nama-kraljice-mira-nova-pjesma-klape-sv-juraj-hrm-a-povodom-40-godisnjice-gospinog-ukazanja\\\/#primaryimage\"},\"thumbnailUrl\":\"https:\\\/\\\/radioljubuski.ba\\\/wp-content\\\/uploads\\\/2021\\\/06\\\/2-2021-06-25-09-47-25-klapasvjuraj110-1-741x486-1.jpg\",\"datePublished\":\"2021-06-25T08:25:00+00:00\",\"dateModified\":\"2021-06-25T08:25:01+00:00\",\"breadcrumb\":{\"@id\":\"https:\\\/\\\/radioljubuski.ba\\\/index.php\\\/2021\\\/06\\\/25\\\/ostani-s-nama-kraljice-mira-nova-pjesma-klape-sv-juraj-hrm-a-povodom-40-godisnjice-gospinog-ukazanja\\\/#breadcrumb\"},\"inLanguage\":\"hr\",\"potentialAction\":[{\"@type\":\"ReadAction\",\"target\":[\"https:\\\/\\\/radioljubuski.ba\\\/index.php\\\/2021\\\/06\\\/25\\\/ostani-s-nama-kraljice-mira-nova-pjesma-klape-sv-juraj-hrm-a-povodom-40-godisnjice-gospinog-ukazanja\\\/\"]}]},{\"@type\":\"ImageObject\",\"inLanguage\":\"hr\",\"@id\":\"https:\\\/\\\/radioljubuski.ba\\\/index.php\\\/2021\\\/06\\\/25\\\/ostani-s-nama-kraljice-mira-nova-pjesma-klape-sv-juraj-hrm-a-povodom-40-godisnjice-gospinog-ukazanja\\\/#primaryimage\",\"url\":\"https:\\\/\\\/radioljubuski.ba\\\/wp-content\\\/uploads\\\/2021\\\/06\\\/2-2021-06-25-09-47-25-klapasvjuraj110-1-741x486-1.jpg\",\"contentUrl\":\"https:\\\/\\\/radioljubuski.ba\\\/wp-content\\\/uploads\\\/2021\\\/06\\\/2-2021-06-25-09-47-25-klapasvjuraj110-1-741x486-1.jpg\",\"width\":1000,\"height\":625},{\"@type\":\"BreadcrumbList\",\"@id\":\"https:\\\/\\\/radioljubuski.ba\\\/index.php\\\/2021\\\/06\\\/25\\\/ostani-s-nama-kraljice-mira-nova-pjesma-klape-sv-juraj-hrm-a-povodom-40-godisnjice-gospinog-ukazanja\\\/#breadcrumb\",\"itemListElement\":[{\"@type\":\"ListItem\",\"position\":1,\"name\":\"Po\u010detna stranica\",\"item\":\"https:\\\/\\\/radioljubuski.ba\\\/\"},{\"@type\":\"ListItem\",\"position\":2,\"name\":\"&#8216;Ostani s nama Kraljice Mira&#8217; \u2013 nova pjesma klape Sv. Juraj HRM-a povodom 40. godi\u0161njice Gospinog ukazanja\"}]},{\"@type\":\"WebSite\",\"@id\":\"https:\\\/\\\/radioljubuski.ba\\\/#website\",\"url\":\"https:\\\/\\\/radioljubuski.ba\\\/\",\"name\":\"Radio Ljubu\u0161ki\",\"description\":\"Sun\u010dana frekvencija Hercegovine\",\"publisher\":{\"@id\":\"https:\\\/\\\/radioljubuski.ba\\\/#organization\"},\"potentialAction\":[{\"@type\":\"SearchAction\",\"target\":{\"@type\":\"EntryPoint\",\"urlTemplate\":\"https:\\\/\\\/radioljubuski.ba\\\/?s={search_term_string}\"},\"query-input\":{\"@type\":\"PropertyValueSpecification\",\"valueRequired\":true,\"valueName\":\"search_term_string\"}}],\"inLanguage\":\"hr\"},{\"@type\":\"Organization\",\"@id\":\"https:\\\/\\\/radioljubuski.ba\\\/#organization\",\"name\":\"Radio Ljubu\u0161ki\",\"url\":\"https:\\\/\\\/radioljubuski.ba\\\/\",\"logo\":{\"@type\":\"ImageObject\",\"inLanguage\":\"hr\",\"@id\":\"https:\\\/\\\/radioljubuski.ba\\\/#\\\/schema\\\/logo\\\/image\\\/\",\"url\":\"https:\\\/\\\/radioljubuski.ba\\\/wp-content\\\/uploads\\\/2021\\\/02\\\/cropped-Radio_Ljubuski_logo1.jpg\",\"contentUrl\":\"https:\\\/\\\/radioljubuski.ba\\\/wp-content\\\/uploads\\\/2021\\\/02\\\/cropped-Radio_Ljubuski_logo1.jpg\",\"width\":512,\"height\":512,\"caption\":\"Radio Ljubu\u0161ki\"},\"image\":{\"@id\":\"https:\\\/\\\/radioljubuski.ba\\\/#\\\/schema\\\/logo\\\/image\\\/\"},\"sameAs\":[\"https:\\\/\\\/www.facebook.com\\\/Radiio-Ljubuski-1490835324566332\",\"https:\\\/\\\/x.com\\\/radioljubuski\",\"https:\\\/\\\/hr.linkedin.com\\\/company\\\/radio-ljubuski\",\"https:\\\/\\\/www.youtube.com\\\/channel\\\/UCHYaeO_n0Db3tjNGudGpXyw\"]},{\"@type\":\"Person\",\"@id\":\"https:\\\/\\\/radioljubuski.ba\\\/#\\\/schema\\\/person\\\/19fc700381a780f69665d7956c469e3b\",\"name\":\"Radio Ljubu\u0161ki\"}]}<\/script>\n<!-- \/ Yoast SEO plugin. -->","yoast_head_json":{"title":"'Ostani s nama Kraljice Mira' \u2013 nova pjesma klape Sv. Juraj HRM-a povodom 40. godi\u0161njice Gospinog ukazanja - RADIO LJUBU\u0160KI","robots":{"index":"index","follow":"follow","max-snippet":"max-snippet:-1","max-image-preview":"max-image-preview:large","max-video-preview":"max-video-preview:-1"},"canonical":"https:\/\/radioljubuski.ba\/index.php\/2021\/06\/25\/ostani-s-nama-kraljice-mira-nova-pjesma-klape-sv-juraj-hrm-a-povodom-40-godisnjice-gospinog-ukazanja\/","og_locale":"hr_HR","og_type":"article","og_title":"'Ostani s nama Kraljice Mira' \u2013 nova pjesma klape Sv. Juraj HRM-a povodom 40. godi\u0161njice Gospinog ukazanja - RADIO LJUBU\u0160KI","og_description":"Povodom &nbsp;40. obljetnice Gospinih ukazanja u Me\u0111ugorju klapa \u201cSveti Juraj\u201d- HRM-a snimila je novu pjesmu pod nazivom Ostani s nama Kraljice mira za koju je glazbu i tekst napisao Franjo Kraljevi\u0107, a vokalni aran\u017eman Mario Bo\u017ei\u0107. U suradnji s Informativnim centrom Mir Me\u0111ugorje spot je snimljen na prepoznatljivim lokalitetima Me\u0111ugorja; Podbrdu \u2013 mjestu Gospina ukazanja [&hellip;]","og_url":"https:\/\/radioljubuski.ba\/index.php\/2021\/06\/25\/ostani-s-nama-kraljice-mira-nova-pjesma-klape-sv-juraj-hrm-a-povodom-40-godisnjice-gospinog-ukazanja\/","og_site_name":"RADIO LJUBU\u0160KI","article_publisher":"https:\/\/www.facebook.com\/Radiio-Ljubuski-1490835324566332","article_published_time":"2021-06-25T08:25:00+00:00","article_modified_time":"2021-06-25T08:25:01+00:00","og_image":[{"width":1000,"height":625,"url":"https:\/\/radioljubuski.ba\/wp-content\/uploads\/2021\/06\/2-2021-06-25-09-47-25-klapasvjuraj110-1-741x486-1.jpg","type":"image\/jpeg"}],"author":"Radio Ljubu\u0161ki","twitter_card":"summary_large_image","twitter_creator":"@radioljubuski","twitter_site":"@radioljubuski","twitter_misc":{"Napisao\/la":"Radio Ljubu\u0161ki","Procijenjeno vrijeme \u010ditanja":"1 minuta"},"schema":{"@context":"https:\/\/schema.org","@graph":[{"@type":"Article","@id":"https:\/\/radioljubuski.ba\/index.php\/2021\/06\/25\/ostani-s-nama-kraljice-mira-nova-pjesma-klape-sv-juraj-hrm-a-povodom-40-godisnjice-gospinog-ukazanja\/#article","isPartOf":{"@id":"https:\/\/radioljubuski.ba\/index.php\/2021\/06\/25\/ostani-s-nama-kraljice-mira-nova-pjesma-klape-sv-juraj-hrm-a-povodom-40-godisnjice-gospinog-ukazanja\/"},"author":{"name":"Radio Ljubu\u0161ki","@id":"https:\/\/radioljubuski.ba\/#\/schema\/person\/19fc700381a780f69665d7956c469e3b"},"headline":"&#8216;Ostani s nama Kraljice Mira&#8217; \u2013 nova pjesma klape Sv. Juraj HRM-a povodom 40. godi\u0161njice Gospinog ukazanja","datePublished":"2021-06-25T08:25:00+00:00","dateModified":"2021-06-25T08:25:01+00:00","mainEntityOfPage":{"@id":"https:\/\/radioljubuski.ba\/index.php\/2021\/06\/25\/ostani-s-nama-kraljice-mira-nova-pjesma-klape-sv-juraj-hrm-a-povodom-40-godisnjice-gospinog-ukazanja\/"},"wordCount":274,"publisher":{"@id":"https:\/\/radioljubuski.ba\/#organization"},"image":{"@id":"https:\/\/radioljubuski.ba\/index.php\/2021\/06\/25\/ostani-s-nama-kraljice-mira-nova-pjesma-klape-sv-juraj-hrm-a-povodom-40-godisnjice-gospinog-ukazanja\/#primaryimage"},"thumbnailUrl":"https:\/\/radioljubuski.ba\/wp-content\/uploads\/2021\/06\/2-2021-06-25-09-47-25-klapasvjuraj110-1-741x486-1.jpg","articleSection":["BIH i regija"],"inLanguage":"hr"},{"@type":"WebPage","@id":"https:\/\/radioljubuski.ba\/index.php\/2021\/06\/25\/ostani-s-nama-kraljice-mira-nova-pjesma-klape-sv-juraj-hrm-a-povodom-40-godisnjice-gospinog-ukazanja\/","url":"https:\/\/radioljubuski.ba\/index.php\/2021\/06\/25\/ostani-s-nama-kraljice-mira-nova-pjesma-klape-sv-juraj-hrm-a-povodom-40-godisnjice-gospinog-ukazanja\/","name":"'Ostani s nama Kraljice Mira' \u2013 nova pjesma klape Sv. Juraj HRM-a povodom 40. godi\u0161njice Gospinog ukazanja - RADIO LJUBU\u0160KI","isPartOf":{"@id":"https:\/\/radioljubuski.ba\/#website"},"primaryImageOfPage":{"@id":"https:\/\/radioljubuski.ba\/index.php\/2021\/06\/25\/ostani-s-nama-kraljice-mira-nova-pjesma-klape-sv-juraj-hrm-a-povodom-40-godisnjice-gospinog-ukazanja\/#primaryimage"},"image":{"@id":"https:\/\/radioljubuski.ba\/index.php\/2021\/06\/25\/ostani-s-nama-kraljice-mira-nova-pjesma-klape-sv-juraj-hrm-a-povodom-40-godisnjice-gospinog-ukazanja\/#primaryimage"},"thumbnailUrl":"https:\/\/radioljubuski.ba\/wp-content\/uploads\/2021\/06\/2-2021-06-25-09-47-25-klapasvjuraj110-1-741x486-1.jpg","datePublished":"2021-06-25T08:25:00+00:00","dateModified":"2021-06-25T08:25:01+00:00","breadcrumb":{"@id":"https:\/\/radioljubuski.ba\/index.php\/2021\/06\/25\/ostani-s-nama-kraljice-mira-nova-pjesma-klape-sv-juraj-hrm-a-povodom-40-godisnjice-gospinog-ukazanja\/#breadcrumb"},"inLanguage":"hr","potentialAction":[{"@type":"ReadAction","target":["https:\/\/radioljubuski.ba\/index.php\/2021\/06\/25\/ostani-s-nama-kraljice-mira-nova-pjesma-klape-sv-juraj-hrm-a-povodom-40-godisnjice-gospinog-ukazanja\/"]}]},{"@type":"ImageObject","inLanguage":"hr","@id":"https:\/\/radioljubuski.ba\/index.php\/2021\/06\/25\/ostani-s-nama-kraljice-mira-nova-pjesma-klape-sv-juraj-hrm-a-povodom-40-godisnjice-gospinog-ukazanja\/#primaryimage","url":"https:\/\/radioljubuski.ba\/wp-content\/uploads\/2021\/06\/2-2021-06-25-09-47-25-klapasvjuraj110-1-741x486-1.jpg","contentUrl":"https:\/\/radioljubuski.ba\/wp-content\/uploads\/2021\/06\/2-2021-06-25-09-47-25-klapasvjuraj110-1-741x486-1.jpg","width":1000,"height":625},{"@type":"BreadcrumbList","@id":"https:\/\/radioljubuski.ba\/index.php\/2021\/06\/25\/ostani-s-nama-kraljice-mira-nova-pjesma-klape-sv-juraj-hrm-a-povodom-40-godisnjice-gospinog-ukazanja\/#breadcrumb","itemListElement":[{"@type":"ListItem","position":1,"name":"Po\u010detna stranica","item":"https:\/\/radioljubuski.ba\/"},{"@type":"ListItem","position":2,"name":"&#8216;Ostani s nama Kraljice Mira&#8217; \u2013 nova pjesma klape Sv. Juraj HRM-a povodom 40. godi\u0161njice Gospinog ukazanja"}]},{"@type":"WebSite","@id":"https:\/\/radioljubuski.ba\/#website","url":"https:\/\/radioljubuski.ba\/","name":"Radio Ljubu\u0161ki","description":"Sun\u010dana frekvencija Hercegovine","publisher":{"@id":"https:\/\/radioljubuski.ba\/#organization"},"potentialAction":[{"@type":"SearchAction","target":{"@type":"EntryPoint","urlTemplate":"https:\/\/radioljubuski.ba\/?s={search_term_string}"},"query-input":{"@type":"PropertyValueSpecification","valueRequired":true,"valueName":"search_term_string"}}],"inLanguage":"hr"},{"@type":"Organization","@id":"https:\/\/radioljubuski.ba\/#organization","name":"Radio Ljubu\u0161ki","url":"https:\/\/radioljubuski.ba\/","logo":{"@type":"ImageObject","inLanguage":"hr","@id":"https:\/\/radioljubuski.ba\/#\/schema\/logo\/image\/","url":"https:\/\/radioljubuski.ba\/wp-content\/uploads\/2021\/02\/cropped-Radio_Ljubuski_logo1.jpg","contentUrl":"https:\/\/radioljubuski.ba\/wp-content\/uploads\/2021\/02\/cropped-Radio_Ljubuski_logo1.jpg","width":512,"height":512,"caption":"Radio Ljubu\u0161ki"},"image":{"@id":"https:\/\/radioljubuski.ba\/#\/schema\/logo\/image\/"},"sameAs":["https:\/\/www.facebook.com\/Radiio-Ljubuski-1490835324566332","https:\/\/x.com\/radioljubuski","https:\/\/hr.linkedin.com\/company\/radio-ljubuski","https:\/\/www.youtube.com\/channel\/UCHYaeO_n0Db3tjNGudGpXyw"]},{"@type":"Person","@id":"https:\/\/radioljubuski.ba\/#\/schema\/person\/19fc700381a780f69665d7956c469e3b","name":"Radio Ljubu\u0161ki"}]}},"_links":{"self":[{"href":"https:\/\/radioljubuski.ba\/index.php\/wp-json\/wp\/v2\/posts\/35754","targetHints":{"allow":["GET"]}}],"collection":[{"href":"https:\/\/radioljubuski.ba\/index.php\/wp-json\/wp\/v2\/posts"}],"about":[{"href":"https:\/\/radioljubuski.ba\/index.php\/wp-json\/wp\/v2\/types\/post"}],"author":[{"embeddable":true,"href":"https:\/\/radioljubuski.ba\/index.php\/wp-json\/wp\/v2\/users\/2"}],"replies":[{"embeddable":true,"href":"https:\/\/radioljubuski.ba\/index.php\/wp-json\/wp\/v2\/comments?post=35754"}],"version-history":[{"count":1,"href":"https:\/\/radioljubuski.ba\/index.php\/wp-json\/wp\/v2\/posts\/35754\/revisions"}],"predecessor-version":[{"id":35756,"href":"https:\/\/radioljubuski.ba\/index.php\/wp-json\/wp\/v2\/posts\/35754\/revisions\/35756"}],"wp:featuredmedia":[{"embeddable":true,"href":"https:\/\/radioljubuski.ba\/index.php\/wp-json\/wp\/v2\/media\/35755"}],"wp:attachment":[{"href":"https:\/\/radioljubuski.ba\/index.php\/wp-json\/wp\/v2\/media?parent=35754"}],"wp:term":[{"taxonomy":"category","embeddable":true,"href":"https:\/\/radioljubuski.ba\/index.php\/wp-json\/wp\/v2\/categories?post=35754"},{"taxonomy":"post_tag","embeddable":true,"href":"https:\/\/radioljubuski.ba\/index.php\/wp-json\/wp\/v2\/tags?post=35754"}],"curies":[{"name":"wp","href":"https:\/\/api.w.org\/{rel}","templated":true}]}}