{"id":35760,"date":"2021-06-25T09:28:11","date_gmt":"2021-06-25T08:28:11","guid":{"rendered":"https:\/\/radioljubuski.ba\/?p=35760"},"modified":"2021-06-25T09:28:12","modified_gmt":"2021-06-25T08:28:12","slug":"hodocasnice-iz-tomislavgrada-propjesacile-gotovo-100-km-do-medugorja","status":"publish","type":"post","link":"https:\/\/radioljubuski.ba\/index.php\/2021\/06\/25\/hodocasnice-iz-tomislavgrada-propjesacile-gotovo-100-km-do-medugorja\/","title":{"rendered":"Hodo\u010dasnice iz Tomislavgrada propje\u0161a\u010dile gotovo 100 km do Me\u0111ugorja"},"content":{"rendered":"\n<p>\u010cetiri hodo\u010dasnice iz Tomislavgrada Marija \u0160ari\u0107, Emilija Bagari\u0107 te Ana-Ivana i Mia-Katarina \u0160ari\u0107, po velikim vru\u0107inama prethodnih dana propje\u0161a\u010dile su gotovo 100 km do Me\u0111ugorja.<\/p>\n\n\n\n<p>Umorne, iscrpljene, ali odlu\u010dne u hodu zahvalnosti i pro\u0161nji rekle su \u201eGospa dadne snagu\u201c.<\/p>\n\n\n\n<p>\u2018\u2019Odlu\u010dila sam se malo na \u017ertvu ove godine jer je 40. obljentica. Ovo mi je mo\u017eda 12. ili 13. put da dolazim pje\u0161ice. Do deset sam brojala, vi\u0161e i ne brojim. Od Stipani\u0107a kod Tomislavgrada do Me\u0111ugorja je ne\u0161to manje od 100 kilometara\u2019\u2019, kazala nam je Marija \u0160ari\u0107, a Emilija Bagari\u0107 pri\u010da nam kako ide 14. put i da je jako te\u0161ko bilo na ovako velikoj vru\u0107ini, ali zavjet \u017eele obaviti \u0161to prije da ga ne odga\u0111aju, pi\u0161e <a href=\"https:\/\/radio-medjugorje.com\/vijesti\/drustvo\/marija-saric-iz-tomislavgrada-s-dvije-kceri-pjesacila-100-km-do-medugorja\/\">radio-medjugorje<\/a>.<\/p>\n\n\n\n<p>Marijine k\u0107eri Ana-Ivana i Mia-Katarina tako\u0111er su s njom pro\u0161le ovo hodo\u010da\u0161\u0107e.<\/p>\n\n\n\n<p>\u2018\u2019Ovo mi je prvi put da idem pje\u0161ke u Me\u0111ugorje. Naporno je, jer je vru\u0107e i sparno\u2026 Bole noge. Kad do\u0111em u me\u0111ugorje zahvalit \u0107u \u0161to sam do\u0161la \u017eiva i zdrava, kazala je Mia-Katarina \u0160ari\u0107, a njezina sestra Ana-Ivana hodo\u010dasti ovako ve\u0107 tre\u0107i put i ka\u017ee nam kako ju je na ovo hodo\u010da\u0161\u0107e potaknuo jedan san.&nbsp;<\/p>\n\n\n\n<p>Izvor:Radio Mir Me\u0111ugorje<\/p>\n","protected":false},"excerpt":{"rendered":"<p>\u010cetiri hodo\u010dasnice iz Tomislavgrada Marija \u0160ari\u0107, Emilija Bagari\u0107 te Ana-Ivana i Mia-Katarina \u0160ari\u0107, po velikim vru\u0107inama prethodnih dana propje\u0161a\u010dile su gotovo 100 km do Me\u0111ugorja. Umorne, iscrpljene, ali odlu\u010dne u hodu zahvalnosti i pro\u0161nji rekle su \u201eGospa dadne snagu\u201c. \u2018\u2019Odlu\u010dila sam se malo na \u017ertvu ove godine jer je 40. obljentica. Ovo mi je mo\u017eda [&hellip;]<\/p>\n","protected":false},"author":2,"featured_media":35761,"comment_status":"closed","ping_status":"closed","sticky":false,"template":"","format":"standard","meta":{"h5ap_radio_sources":[],"footnotes":""},"categories":[1],"tags":[],"class_list":["post-35760","post","type-post","status-publish","format-standard","has-post-thumbnail","hentry","category-bihiregija"],"yoast_head":"<!-- This site is optimized with the Yoast SEO plugin v27.5 - https:\/\/yoast.com\/product\/yoast-seo-wordpress\/ -->\n<title>Hodo\u010dasnice iz Tomislavgrada propje\u0161a\u010dile gotovo 100 km do Me\u0111ugorja - RADIO LJUBU\u0160KI<\/title>\n<meta name=\"robots\" content=\"index, follow, max-snippet:-1, max-image-preview:large, max-video-preview:-1\" \/>\n<link rel=\"canonical\" href=\"https:\/\/radioljubuski.ba\/index.php\/2021\/06\/25\/hodocasnice-iz-tomislavgrada-propjesacile-gotovo-100-km-do-medugorja\/\" \/>\n<meta property=\"og:locale\" content=\"hr_HR\" \/>\n<meta property=\"og:type\" content=\"article\" \/>\n<meta property=\"og:title\" content=\"Hodo\u010dasnice iz Tomislavgrada propje\u0161a\u010dile gotovo 100 km do Me\u0111ugorja - RADIO LJUBU\u0160KI\" \/>\n<meta property=\"og:description\" content=\"\u010cetiri hodo\u010dasnice iz Tomislavgrada Marija \u0160ari\u0107, Emilija Bagari\u0107 te Ana-Ivana i Mia-Katarina \u0160ari\u0107, po velikim vru\u0107inama prethodnih dana propje\u0161a\u010dile su gotovo 100 km do Me\u0111ugorja. Umorne, iscrpljene, ali odlu\u010dne u hodu zahvalnosti i pro\u0161nji rekle su \u201eGospa dadne snagu\u201c. \u2018\u2019Odlu\u010dila sam se malo na \u017ertvu ove godine jer je 40. obljentica. Ovo mi je mo\u017eda [&hellip;]\" \/>\n<meta property=\"og:url\" content=\"https:\/\/radioljubuski.ba\/index.php\/2021\/06\/25\/hodocasnice-iz-tomislavgrada-propjesacile-gotovo-100-km-do-medugorja\/\" \/>\n<meta property=\"og:site_name\" content=\"RADIO LJUBU\u0160KI\" \/>\n<meta property=\"article:publisher\" content=\"https:\/\/www.facebook.com\/Radiio-Ljubuski-1490835324566332\" \/>\n<meta property=\"article:published_time\" content=\"2021-06-25T08:28:11+00:00\" \/>\n<meta property=\"article:modified_time\" content=\"2021-06-25T08:28:12+00:00\" \/>\n<meta property=\"og:image\" content=\"https:\/\/radioljubuski.ba\/wp-content\/uploads\/2021\/06\/3-2021-06-25-09-18-40-hodocasnicetg-741x486-1.jpg\" \/>\n\t<meta property=\"og:image:width\" content=\"1000\" \/>\n\t<meta property=\"og:image:height\" content=\"625\" \/>\n\t<meta property=\"og:image:type\" content=\"image\/jpeg\" \/>\n<meta name=\"author\" content=\"Radio Ljubu\u0161ki\" \/>\n<meta name=\"twitter:card\" content=\"summary_large_image\" \/>\n<meta name=\"twitter:creator\" content=\"@radioljubuski\" \/>\n<meta name=\"twitter:site\" content=\"@radioljubuski\" \/>\n<meta name=\"twitter:label1\" content=\"Napisao\/la\" \/>\n\t<meta name=\"twitter:data1\" content=\"Radio Ljubu\u0161ki\" \/>\n\t<meta name=\"twitter:label2\" content=\"Procijenjeno vrijeme \u010ditanja\" \/>\n\t<meta name=\"twitter:data2\" content=\"1 minuta\" \/>\n<script type=\"application\/ld+json\" class=\"yoast-schema-graph\">{\"@context\":\"https:\\\/\\\/schema.org\",\"@graph\":[{\"@type\":\"Article\",\"@id\":\"https:\\\/\\\/radioljubuski.ba\\\/index.php\\\/2021\\\/06\\\/25\\\/hodocasnice-iz-tomislavgrada-propjesacile-gotovo-100-km-do-medugorja\\\/#article\",\"isPartOf\":{\"@id\":\"https:\\\/\\\/radioljubuski.ba\\\/index.php\\\/2021\\\/06\\\/25\\\/hodocasnice-iz-tomislavgrada-propjesacile-gotovo-100-km-do-medugorja\\\/\"},\"author\":{\"name\":\"Radio Ljubu\u0161ki\",\"@id\":\"https:\\\/\\\/radioljubuski.ba\\\/#\\\/schema\\\/person\\\/19fc700381a780f69665d7956c469e3b\"},\"headline\":\"Hodo\u010dasnice iz Tomislavgrada propje\u0161a\u010dile gotovo 100 km do Me\u0111ugorja\",\"datePublished\":\"2021-06-25T08:28:11+00:00\",\"dateModified\":\"2021-06-25T08:28:12+00:00\",\"mainEntityOfPage\":{\"@id\":\"https:\\\/\\\/radioljubuski.ba\\\/index.php\\\/2021\\\/06\\\/25\\\/hodocasnice-iz-tomislavgrada-propjesacile-gotovo-100-km-do-medugorja\\\/\"},\"wordCount\":233,\"publisher\":{\"@id\":\"https:\\\/\\\/radioljubuski.ba\\\/#organization\"},\"image\":{\"@id\":\"https:\\\/\\\/radioljubuski.ba\\\/index.php\\\/2021\\\/06\\\/25\\\/hodocasnice-iz-tomislavgrada-propjesacile-gotovo-100-km-do-medugorja\\\/#primaryimage\"},\"thumbnailUrl\":\"https:\\\/\\\/radioljubuski.ba\\\/wp-content\\\/uploads\\\/2021\\\/06\\\/3-2021-06-25-09-18-40-hodocasnicetg-741x486-1.jpg\",\"articleSection\":[\"BIH i regija\"],\"inLanguage\":\"hr\"},{\"@type\":\"WebPage\",\"@id\":\"https:\\\/\\\/radioljubuski.ba\\\/index.php\\\/2021\\\/06\\\/25\\\/hodocasnice-iz-tomislavgrada-propjesacile-gotovo-100-km-do-medugorja\\\/\",\"url\":\"https:\\\/\\\/radioljubuski.ba\\\/index.php\\\/2021\\\/06\\\/25\\\/hodocasnice-iz-tomislavgrada-propjesacile-gotovo-100-km-do-medugorja\\\/\",\"name\":\"Hodo\u010dasnice iz Tomislavgrada propje\u0161a\u010dile gotovo 100 km do Me\u0111ugorja - RADIO LJUBU\u0160KI\",\"isPartOf\":{\"@id\":\"https:\\\/\\\/radioljubuski.ba\\\/#website\"},\"primaryImageOfPage\":{\"@id\":\"https:\\\/\\\/radioljubuski.ba\\\/index.php\\\/2021\\\/06\\\/25\\\/hodocasnice-iz-tomislavgrada-propjesacile-gotovo-100-km-do-medugorja\\\/#primaryimage\"},\"image\":{\"@id\":\"https:\\\/\\\/radioljubuski.ba\\\/index.php\\\/2021\\\/06\\\/25\\\/hodocasnice-iz-tomislavgrada-propjesacile-gotovo-100-km-do-medugorja\\\/#primaryimage\"},\"thumbnailUrl\":\"https:\\\/\\\/radioljubuski.ba\\\/wp-content\\\/uploads\\\/2021\\\/06\\\/3-2021-06-25-09-18-40-hodocasnicetg-741x486-1.jpg\",\"datePublished\":\"2021-06-25T08:28:11+00:00\",\"dateModified\":\"2021-06-25T08:28:12+00:00\",\"breadcrumb\":{\"@id\":\"https:\\\/\\\/radioljubuski.ba\\\/index.php\\\/2021\\\/06\\\/25\\\/hodocasnice-iz-tomislavgrada-propjesacile-gotovo-100-km-do-medugorja\\\/#breadcrumb\"},\"inLanguage\":\"hr\",\"potentialAction\":[{\"@type\":\"ReadAction\",\"target\":[\"https:\\\/\\\/radioljubuski.ba\\\/index.php\\\/2021\\\/06\\\/25\\\/hodocasnice-iz-tomislavgrada-propjesacile-gotovo-100-km-do-medugorja\\\/\"]}]},{\"@type\":\"ImageObject\",\"inLanguage\":\"hr\",\"@id\":\"https:\\\/\\\/radioljubuski.ba\\\/index.php\\\/2021\\\/06\\\/25\\\/hodocasnice-iz-tomislavgrada-propjesacile-gotovo-100-km-do-medugorja\\\/#primaryimage\",\"url\":\"https:\\\/\\\/radioljubuski.ba\\\/wp-content\\\/uploads\\\/2021\\\/06\\\/3-2021-06-25-09-18-40-hodocasnicetg-741x486-1.jpg\",\"contentUrl\":\"https:\\\/\\\/radioljubuski.ba\\\/wp-content\\\/uploads\\\/2021\\\/06\\\/3-2021-06-25-09-18-40-hodocasnicetg-741x486-1.jpg\",\"width\":1000,\"height\":625},{\"@type\":\"BreadcrumbList\",\"@id\":\"https:\\\/\\\/radioljubuski.ba\\\/index.php\\\/2021\\\/06\\\/25\\\/hodocasnice-iz-tomislavgrada-propjesacile-gotovo-100-km-do-medugorja\\\/#breadcrumb\",\"itemListElement\":[{\"@type\":\"ListItem\",\"position\":1,\"name\":\"Po\u010detna stranica\",\"item\":\"https:\\\/\\\/radioljubuski.ba\\\/\"},{\"@type\":\"ListItem\",\"position\":2,\"name\":\"Hodo\u010dasnice iz Tomislavgrada propje\u0161a\u010dile gotovo 100 km do Me\u0111ugorja\"}]},{\"@type\":\"WebSite\",\"@id\":\"https:\\\/\\\/radioljubuski.ba\\\/#website\",\"url\":\"https:\\\/\\\/radioljubuski.ba\\\/\",\"name\":\"Radio Ljubu\u0161ki\",\"description\":\"Sun\u010dana frekvencija Hercegovine\",\"publisher\":{\"@id\":\"https:\\\/\\\/radioljubuski.ba\\\/#organization\"},\"potentialAction\":[{\"@type\":\"SearchAction\",\"target\":{\"@type\":\"EntryPoint\",\"urlTemplate\":\"https:\\\/\\\/radioljubuski.ba\\\/?s={search_term_string}\"},\"query-input\":{\"@type\":\"PropertyValueSpecification\",\"valueRequired\":true,\"valueName\":\"search_term_string\"}}],\"inLanguage\":\"hr\"},{\"@type\":\"Organization\",\"@id\":\"https:\\\/\\\/radioljubuski.ba\\\/#organization\",\"name\":\"Radio Ljubu\u0161ki\",\"url\":\"https:\\\/\\\/radioljubuski.ba\\\/\",\"logo\":{\"@type\":\"ImageObject\",\"inLanguage\":\"hr\",\"@id\":\"https:\\\/\\\/radioljubuski.ba\\\/#\\\/schema\\\/logo\\\/image\\\/\",\"url\":\"https:\\\/\\\/radioljubuski.ba\\\/wp-content\\\/uploads\\\/2021\\\/02\\\/cropped-Radio_Ljubuski_logo1.jpg\",\"contentUrl\":\"https:\\\/\\\/radioljubuski.ba\\\/wp-content\\\/uploads\\\/2021\\\/02\\\/cropped-Radio_Ljubuski_logo1.jpg\",\"width\":512,\"height\":512,\"caption\":\"Radio Ljubu\u0161ki\"},\"image\":{\"@id\":\"https:\\\/\\\/radioljubuski.ba\\\/#\\\/schema\\\/logo\\\/image\\\/\"},\"sameAs\":[\"https:\\\/\\\/www.facebook.com\\\/Radiio-Ljubuski-1490835324566332\",\"https:\\\/\\\/x.com\\\/radioljubuski\",\"https:\\\/\\\/hr.linkedin.com\\\/company\\\/radio-ljubuski\",\"https:\\\/\\\/www.youtube.com\\\/channel\\\/UCHYaeO_n0Db3tjNGudGpXyw\"]},{\"@type\":\"Person\",\"@id\":\"https:\\\/\\\/radioljubuski.ba\\\/#\\\/schema\\\/person\\\/19fc700381a780f69665d7956c469e3b\",\"name\":\"Radio Ljubu\u0161ki\"}]}<\/script>\n<!-- \/ Yoast SEO plugin. -->","yoast_head_json":{"title":"Hodo\u010dasnice iz Tomislavgrada propje\u0161a\u010dile gotovo 100 km do Me\u0111ugorja - RADIO LJUBU\u0160KI","robots":{"index":"index","follow":"follow","max-snippet":"max-snippet:-1","max-image-preview":"max-image-preview:large","max-video-preview":"max-video-preview:-1"},"canonical":"https:\/\/radioljubuski.ba\/index.php\/2021\/06\/25\/hodocasnice-iz-tomislavgrada-propjesacile-gotovo-100-km-do-medugorja\/","og_locale":"hr_HR","og_type":"article","og_title":"Hodo\u010dasnice iz Tomislavgrada propje\u0161a\u010dile gotovo 100 km do Me\u0111ugorja - RADIO LJUBU\u0160KI","og_description":"\u010cetiri hodo\u010dasnice iz Tomislavgrada Marija \u0160ari\u0107, Emilija Bagari\u0107 te Ana-Ivana i Mia-Katarina \u0160ari\u0107, po velikim vru\u0107inama prethodnih dana propje\u0161a\u010dile su gotovo 100 km do Me\u0111ugorja. Umorne, iscrpljene, ali odlu\u010dne u hodu zahvalnosti i pro\u0161nji rekle su \u201eGospa dadne snagu\u201c. \u2018\u2019Odlu\u010dila sam se malo na \u017ertvu ove godine jer je 40. obljentica. Ovo mi je mo\u017eda [&hellip;]","og_url":"https:\/\/radioljubuski.ba\/index.php\/2021\/06\/25\/hodocasnice-iz-tomislavgrada-propjesacile-gotovo-100-km-do-medugorja\/","og_site_name":"RADIO LJUBU\u0160KI","article_publisher":"https:\/\/www.facebook.com\/Radiio-Ljubuski-1490835324566332","article_published_time":"2021-06-25T08:28:11+00:00","article_modified_time":"2021-06-25T08:28:12+00:00","og_image":[{"width":1000,"height":625,"url":"https:\/\/radioljubuski.ba\/wp-content\/uploads\/2021\/06\/3-2021-06-25-09-18-40-hodocasnicetg-741x486-1.jpg","type":"image\/jpeg"}],"author":"Radio Ljubu\u0161ki","twitter_card":"summary_large_image","twitter_creator":"@radioljubuski","twitter_site":"@radioljubuski","twitter_misc":{"Napisao\/la":"Radio Ljubu\u0161ki","Procijenjeno vrijeme \u010ditanja":"1 minuta"},"schema":{"@context":"https:\/\/schema.org","@graph":[{"@type":"Article","@id":"https:\/\/radioljubuski.ba\/index.php\/2021\/06\/25\/hodocasnice-iz-tomislavgrada-propjesacile-gotovo-100-km-do-medugorja\/#article","isPartOf":{"@id":"https:\/\/radioljubuski.ba\/index.php\/2021\/06\/25\/hodocasnice-iz-tomislavgrada-propjesacile-gotovo-100-km-do-medugorja\/"},"author":{"name":"Radio Ljubu\u0161ki","@id":"https:\/\/radioljubuski.ba\/#\/schema\/person\/19fc700381a780f69665d7956c469e3b"},"headline":"Hodo\u010dasnice iz Tomislavgrada propje\u0161a\u010dile gotovo 100 km do Me\u0111ugorja","datePublished":"2021-06-25T08:28:11+00:00","dateModified":"2021-06-25T08:28:12+00:00","mainEntityOfPage":{"@id":"https:\/\/radioljubuski.ba\/index.php\/2021\/06\/25\/hodocasnice-iz-tomislavgrada-propjesacile-gotovo-100-km-do-medugorja\/"},"wordCount":233,"publisher":{"@id":"https:\/\/radioljubuski.ba\/#organization"},"image":{"@id":"https:\/\/radioljubuski.ba\/index.php\/2021\/06\/25\/hodocasnice-iz-tomislavgrada-propjesacile-gotovo-100-km-do-medugorja\/#primaryimage"},"thumbnailUrl":"https:\/\/radioljubuski.ba\/wp-content\/uploads\/2021\/06\/3-2021-06-25-09-18-40-hodocasnicetg-741x486-1.jpg","articleSection":["BIH i regija"],"inLanguage":"hr"},{"@type":"WebPage","@id":"https:\/\/radioljubuski.ba\/index.php\/2021\/06\/25\/hodocasnice-iz-tomislavgrada-propjesacile-gotovo-100-km-do-medugorja\/","url":"https:\/\/radioljubuski.ba\/index.php\/2021\/06\/25\/hodocasnice-iz-tomislavgrada-propjesacile-gotovo-100-km-do-medugorja\/","name":"Hodo\u010dasnice iz Tomislavgrada propje\u0161a\u010dile gotovo 100 km do Me\u0111ugorja - RADIO LJUBU\u0160KI","isPartOf":{"@id":"https:\/\/radioljubuski.ba\/#website"},"primaryImageOfPage":{"@id":"https:\/\/radioljubuski.ba\/index.php\/2021\/06\/25\/hodocasnice-iz-tomislavgrada-propjesacile-gotovo-100-km-do-medugorja\/#primaryimage"},"image":{"@id":"https:\/\/radioljubuski.ba\/index.php\/2021\/06\/25\/hodocasnice-iz-tomislavgrada-propjesacile-gotovo-100-km-do-medugorja\/#primaryimage"},"thumbnailUrl":"https:\/\/radioljubuski.ba\/wp-content\/uploads\/2021\/06\/3-2021-06-25-09-18-40-hodocasnicetg-741x486-1.jpg","datePublished":"2021-06-25T08:28:11+00:00","dateModified":"2021-06-25T08:28:12+00:00","breadcrumb":{"@id":"https:\/\/radioljubuski.ba\/index.php\/2021\/06\/25\/hodocasnice-iz-tomislavgrada-propjesacile-gotovo-100-km-do-medugorja\/#breadcrumb"},"inLanguage":"hr","potentialAction":[{"@type":"ReadAction","target":["https:\/\/radioljubuski.ba\/index.php\/2021\/06\/25\/hodocasnice-iz-tomislavgrada-propjesacile-gotovo-100-km-do-medugorja\/"]}]},{"@type":"ImageObject","inLanguage":"hr","@id":"https:\/\/radioljubuski.ba\/index.php\/2021\/06\/25\/hodocasnice-iz-tomislavgrada-propjesacile-gotovo-100-km-do-medugorja\/#primaryimage","url":"https:\/\/radioljubuski.ba\/wp-content\/uploads\/2021\/06\/3-2021-06-25-09-18-40-hodocasnicetg-741x486-1.jpg","contentUrl":"https:\/\/radioljubuski.ba\/wp-content\/uploads\/2021\/06\/3-2021-06-25-09-18-40-hodocasnicetg-741x486-1.jpg","width":1000,"height":625},{"@type":"BreadcrumbList","@id":"https:\/\/radioljubuski.ba\/index.php\/2021\/06\/25\/hodocasnice-iz-tomislavgrada-propjesacile-gotovo-100-km-do-medugorja\/#breadcrumb","itemListElement":[{"@type":"ListItem","position":1,"name":"Po\u010detna stranica","item":"https:\/\/radioljubuski.ba\/"},{"@type":"ListItem","position":2,"name":"Hodo\u010dasnice iz Tomislavgrada propje\u0161a\u010dile gotovo 100 km do Me\u0111ugorja"}]},{"@type":"WebSite","@id":"https:\/\/radioljubuski.ba\/#website","url":"https:\/\/radioljubuski.ba\/","name":"Radio Ljubu\u0161ki","description":"Sun\u010dana frekvencija Hercegovine","publisher":{"@id":"https:\/\/radioljubuski.ba\/#organization"},"potentialAction":[{"@type":"SearchAction","target":{"@type":"EntryPoint","urlTemplate":"https:\/\/radioljubuski.ba\/?s={search_term_string}"},"query-input":{"@type":"PropertyValueSpecification","valueRequired":true,"valueName":"search_term_string"}}],"inLanguage":"hr"},{"@type":"Organization","@id":"https:\/\/radioljubuski.ba\/#organization","name":"Radio Ljubu\u0161ki","url":"https:\/\/radioljubuski.ba\/","logo":{"@type":"ImageObject","inLanguage":"hr","@id":"https:\/\/radioljubuski.ba\/#\/schema\/logo\/image\/","url":"https:\/\/radioljubuski.ba\/wp-content\/uploads\/2021\/02\/cropped-Radio_Ljubuski_logo1.jpg","contentUrl":"https:\/\/radioljubuski.ba\/wp-content\/uploads\/2021\/02\/cropped-Radio_Ljubuski_logo1.jpg","width":512,"height":512,"caption":"Radio Ljubu\u0161ki"},"image":{"@id":"https:\/\/radioljubuski.ba\/#\/schema\/logo\/image\/"},"sameAs":["https:\/\/www.facebook.com\/Radiio-Ljubuski-1490835324566332","https:\/\/x.com\/radioljubuski","https:\/\/hr.linkedin.com\/company\/radio-ljubuski","https:\/\/www.youtube.com\/channel\/UCHYaeO_n0Db3tjNGudGpXyw"]},{"@type":"Person","@id":"https:\/\/radioljubuski.ba\/#\/schema\/person\/19fc700381a780f69665d7956c469e3b","name":"Radio Ljubu\u0161ki"}]}},"_links":{"self":[{"href":"https:\/\/radioljubuski.ba\/index.php\/wp-json\/wp\/v2\/posts\/35760","targetHints":{"allow":["GET"]}}],"collection":[{"href":"https:\/\/radioljubuski.ba\/index.php\/wp-json\/wp\/v2\/posts"}],"about":[{"href":"https:\/\/radioljubuski.ba\/index.php\/wp-json\/wp\/v2\/types\/post"}],"author":[{"embeddable":true,"href":"https:\/\/radioljubuski.ba\/index.php\/wp-json\/wp\/v2\/users\/2"}],"replies":[{"embeddable":true,"href":"https:\/\/radioljubuski.ba\/index.php\/wp-json\/wp\/v2\/comments?post=35760"}],"version-history":[{"count":1,"href":"https:\/\/radioljubuski.ba\/index.php\/wp-json\/wp\/v2\/posts\/35760\/revisions"}],"predecessor-version":[{"id":35762,"href":"https:\/\/radioljubuski.ba\/index.php\/wp-json\/wp\/v2\/posts\/35760\/revisions\/35762"}],"wp:featuredmedia":[{"embeddable":true,"href":"https:\/\/radioljubuski.ba\/index.php\/wp-json\/wp\/v2\/media\/35761"}],"wp:attachment":[{"href":"https:\/\/radioljubuski.ba\/index.php\/wp-json\/wp\/v2\/media?parent=35760"}],"wp:term":[{"taxonomy":"category","embeddable":true,"href":"https:\/\/radioljubuski.ba\/index.php\/wp-json\/wp\/v2\/categories?post=35760"},{"taxonomy":"post_tag","embeddable":true,"href":"https:\/\/radioljubuski.ba\/index.php\/wp-json\/wp\/v2\/tags?post=35760"}],"curies":[{"name":"wp","href":"https:\/\/api.w.org\/{rel}","templated":true}]}}