{"id":35775,"date":"2021-06-25T10:18:39","date_gmt":"2021-06-25T09:18:39","guid":{"rendered":"https:\/\/radioljubuski.ba\/?p=35775"},"modified":"2021-06-25T10:18:40","modified_gmt":"2021-06-25T09:18:40","slug":"propovijed-fra-mire-sege-na-40-uocnicu-gospinih-ukazanja-u-medugorju","status":"publish","type":"post","link":"https:\/\/radioljubuski.ba\/index.php\/2021\/06\/25\/propovijed-fra-mire-sege-na-40-uocnicu-gospinih-ukazanja-u-medugorju\/","title":{"rendered":"Propovijed fra Mire \u0160ege na 40. uo\u010dnicu Gospinih ukazanja u Me\u0111ugorju"},"content":{"rendered":"\n<p><strong><em>U Me\u0111ugorju je u tijeku devetnica Kraljici mira, a ve\u010deras 24. lipnja 2021. godine, na uo\u010dnicu 40. obljetnice Gospinih ukazanja u Me\u0111ugorju, Svetu misu, uz mno\u0161tvo vjernika i koncelebraciju 260 sve\u0107enika predslavio je fra Miro \u0160ego, \u017eupnik \u017eupe Krista Kralja \u010citluk, koji je ro\u0111en u selu Bijakovi\u0107i, \u017eupa Me\u0111ugorje. Njegovu propovijed u nastavku prenosimo u cijelost<\/em><\/strong>i.<\/p>\n\n\n\n<hr class=\"wp-block-separator\"\/>\n\n\n\n<p>Draga bra\u0107o i sestre,<br>dragi \u017eupljani \u017eupe Me\u0111ugorje,<br>po\u0161tovani hodo\u010dasnici,<br>po\u0161tovani slu\u0161atelji Radiopostaje Mir Me\u0111ugorje,<\/p>\n\n\n\n<p>u ve\u010dera\u0161njem slavlju u kojem smo se okupili u ovom Gospinom mjestu i njezinom sveti\u0161tu, \u017eelimo najprije Bogu zahvaliti i Kraljici Mira za ovih 40 godina milosti koje se izlijevaju na ovo mjesto i na sve one koji su kroz sve ove godine ovo mjesto pohodili.<\/p>\n\n\n\n<p>Marija u svome Veli\u010da pjeva punim srcem, kako \u201cBog pogleda na neznatnost slu\u017ebenice svoje,\u2026. kako Bog silne baci s prijestolja, a uzvisi neznatne\u2026, kako obe\u0107a ocima na\u0161im spomenuti se Abrahama i potomstva njegova dovijeka. \u201d<\/p>\n\n\n\n<p>Svi smo mi uklju\u010deni u ovaj veli\u010danstveni hvalospjev i Bo\u017eji projekt kroz sve ove godine. Jer je Bog prije 40 to\u010dno godina na dana\u0161nji dan, poslao Nju, Kraljicu Mira, u ovo maleno, nepoznato mjesto, koje Bog pogleda, svojim pogledom, Bog ga je obasjao posebnom milo\u0161\u0107u, Bog ga je pohodio \u0161alju\u0107i Mariju Kraljicu Mira, i tako postade mjesto jedno od najpoznatijih na zemaljskoj kugli. Bog \u0161alje Onu koju je istom jednom pogledao, Nju neznatnu i poniznu, onu koja u svom Hvalospjevu pjeva o velikim djelima koja joj Gospodin u\u010dini.<\/p>\n\n\n\n<p>Poslao je Nju da ona danas svojim pogledom prodre duboko u na\u0161u nevolju i bijedu, kako bismo mogli i mi danas nju svoju Zagovornicu i U\u010diteljicu moliti da nam podari o\u010di prozra\u010dne i svijetle za istinu, da nam zastre pogled pred svime \u0161to one\u010di\u0161\u0107uje ljudsku du\u0161u i srce, ono \u0161ta ga prlja i kalja.<\/p>\n\n\n\n<p>\u017delio bih ve\u010deras ovdje u Me\u0111ugorju s vama podijeliti radost na\u0161e vjere koju otkrivamo u istini da je Bla\u017eena Djevica Marija Kraljica Mira, danas prisutna u ovome mjestu, da nas okuplja i poti\u010de na \u017eivot u Isusu Kristu i njegovu Evan\u0111elju.<\/p>\n\n\n\n<p>Vjerujem bra\u0107o i sestre da svatko od vas posjeduje album. Svaka na\u0161a obitelj posjeduje album u kojemu pohranjuje one prigodne slike i tako \u010duva uspomenu na va\u017ene doga\u0111aje pojedinaca ali i cijele obitelji: tako u tim albumima mo\u017eemo prona\u0107i slike od kr\u0161tenja na\u0161e djece ili unu\u010dadi, od proslava sakramenta prve Pri\u010desti, krizme, ro\u0111endana, vjen\u010danja, sprovoda dragih osoba, mo\u017ee se tu na\u0107i i one slike s razli\u010ditih putovanja ili neke druge prigode vezane za na\u0161 \u017eivot ili \u017eivot na\u0161e obitelji.<\/p>\n\n\n\n<p>U albumu se \u010duvaju uspomene. Album se uzima u razli\u010ditim situacijama i susretima, te se prijateljima pokazuje, odnosno s njima dijele ti va\u017eni trenutci i uspomene.<\/p>\n\n\n\n<p>U njemu su sa\u010duvane slike i spomen na va\u017ene doga\u0111aje<\/p>\n\n\n\n<p>Na ovom susretu s vama ve\u010deras dragi prijatelji, moji dragi \u017eupljani, dragi hodo\u010dasnici ovdje prisutni i diljem svijeta razasuti, \u017eelim otvoriti album doga\u0111aja koje \u010duva na\u0161e srce i mno\u0161tvo uspomena koje stoje u albumima na\u0161e du\u0161e, na\u0161e ljubavi.&nbsp; Otvaram ve\u010deras pred vama ovdje i dijelim album o Me\u0111ugorju i Kraljici mira.<\/p>\n\n\n\n<p>Ro\u0111en sam u selu u kojem su ro\u0111eni svi na\u0161i vidioci. Odrastao sam s vidiocima&nbsp; u istom dvori\u0161tu, na istom igrali\u0161tu u istoj \u0161koli, poha\u0111ali smo istu crkvu, dijelili puno toga zajedni\u010dkoga u na\u0161oj svakodnevnici.<\/p>\n\n\n\n<p>Danas s vama \u017eelim posjetiti i razgledati na\u0161 album u kojem su \u010dvrsto uvezani doga\u0111aji ovih 40 godina. Zalijepljeni su u sje\u0107anju nas, na\u0161eg sela, na\u0161e \u017eupe, na\u0161e&nbsp; Hercegovine, hrvatskog naroda, Europe i svijeta.<\/p>\n\n\n\n<p><strong>Prva slika: Vidioci\u2026<\/strong><\/p>\n\n\n\n<p>\u0160estero djece: dva dje\u010daka i \u010detiri djevoj\u010dice.<\/p>\n\n\n\n<p>Ni\u0161ta ih ne razlikuje od ostalih. Odabrani su i postavljeni pred nas i sav svijet i kroz evo ovih 40 godina mi \u017eivimo povijesti. Kamera neba i kamera \u010dovjeka slika ih od 24. lipnja 1981. godine do danas. Nebo \u2013 Kraljica Mira izdvaja ih za najve\u0107e djelo za na\u0161u generaciju.<\/p>\n\n\n\n<p>Draga na\u0161a nebeska Majko i Kraljice Mira, hvala ti za na\u0161e vidioce. Njihove o\u010di gledaju ono \u0161to je nama danas uskra\u0107eno, tvoje lice. Mi slu\u0161amo i gledamo njih i oni nam prenose tvoje rije\u010di, opisuju tvoju ljepotu, ganuti pokazuju na tvoju suzu.<\/p>\n\n\n\n<p>Hvala ti \u0161to si ba\u0161 njih odabrala. Nekada netko re\u010de da ih nikada on ne bi za svoje projekte odabrao, da su toliko razli\u010diti i u mnogo\u010demu nespojivi. &nbsp;Ti si ba\u0161 njih izabrala i kao Majka pozvala po imenu: Ivanka, Vicka, Mirjana, Marija, Jakove i Ivane.<\/p>\n\n\n\n<p>Mi vam &nbsp;dragi vidioci danas od svega srca \u010destitamo na ovoj obljetnici i zahvaljujemo vama i va\u0161im obiteljima koje su kroz ovih 40 godina bili uz vas, pro\u017eivljavali su i pro\u017eivljavaju i danas sve ono kroz \u0161to ste vi prolazili i kao i vi stajali su na raspolaganju milijunima hodo\u010dasnika.<\/p>\n\n\n\n<p><strong>Slika druga: Na\u0161e selo Bijakovi\u0107i i \u017eupa Me\u0111ugorje<\/strong><\/p>\n\n\n\n<p>Priznat \u0107emo svi, niste vi\u0161e isti. Na\u0161e njive su gotovo sve predane hodo\u010dasnicima na raspolaganje. Na\u0161e stare ku\u0107e su se izmijenile. Nisu se vi\u0161e uklapale u novo doga\u0111anje. Toliki hodo\u010dasnici su tra\u017eili smje\u0161taj, krov nad glavom i mi smo dijelili s njima i kruh i stol i ku\u0107u i crkvu i vrijeme. Bili smo zahvalni \u0161to mole s nama, bili smo zadivljeni \u0161to blaguju s nama. Tako smo, mi mje\u0161tani, stekli novu bra\u0107u iz dalekog svijeta, a oni kao hodo\u010dasnici su stekli bogato iskustvo na\u0161e molitve, na\u0161e vjere, na\u0161e kr\u0161\u0107anske jednostavnosti.<\/p>\n\n\n\n<p>Na\u0161a bro\u0107anska dolina, bra\u0107o i sestre, ispunjala se molitvom i pjesmom koju je i nebo prihva\u0107alo i potvr\u0111ivalo. Iako je stranih kr\u0161\u0107ana \u2013 hodo\u010dasnika puno vi\u0161e nego nas, mi nismo gubili svoj identitet, niti svoj jezik i obitelj. Ako nismo mogli sa\u010duvati svu zemlju da je ne osvoje hotelima i preno\u0107i\u0161tima za hodo\u010dasnike sa\u010duvali smo svoju vjeru, svoje obi\u010daje i proslavu svojih blagdana. Sa\u010duvali smo svoje obitelji, odgajali djecu i podizali sinove koji \u0107e \u010duvati Gospine poruke i Gospino Me\u0111ugorje.<\/p>\n\n\n\n<p>Dragi moji Bijakov\u010dani i moji Me\u0111ugor\u010dani, kao va\u0161 stojim ve\u010deras na oltaru pred vama i \u017eelim vas pozvati na vjernost, \u017eelim vas pozvati na poniznu zahvalnost za sve \u0161to nam je darovala i u\u010dinila Kraljica Mira.<\/p>\n\n\n\n<p>Na nama je da sa\u010duvamo ova sveta brda koja je dodirnula Majka i hode po njima milijuni hodo\u010dasnika. Odgovorni smo za sve \u0161to se ovdje doga\u0111alo i doga\u0111a. Na\u0161a srca su bila od po\u010detka otvorena Gospi i njezinim rije\u010dima i planovima. Nama ih je predala. I na nama je da ih ljubomorno \u010duvamo i predajemo mladim generacijama.<\/p>\n\n\n\n<p>Ne zaboravimo, dragi moji Bijakov\u010dani i Me\u0111ugor\u010dani, da Crkva iz cijeloga svijeta kle\u010di u tvom selu, kle\u010di na tvojoj grudi, kle\u010di pred tvojim domom. Zato po\u0161tuj i cijeni taj dar. Danas se svim srcem Bogu zahvali za to.<\/p>\n\n\n\n<p><strong>Slika tre\u0107a: Crkva i prostor oko nje\u2026<\/strong><\/p>\n\n\n\n<p>Crkva sv. Jakova i ovaj sveti prostor oko nje, ova zemlja i ovaj prostor je natopljen molitvama.<\/p>\n\n\n\n<p>Posve\u0107en je i o\u010di\u0161\u0107en mu\u010deni\u010dkom krvlju na\u0161ega fratra fra Kri\u017eana Gali\u0107a kojega je u postelji \u017eupnoga ureda u Me\u0111ugorju istrgala bomba i potekla je krv i posvetila ne samo \u017eupni dvor, crkvu, ve\u0107 cijelu \u017eupu. Ovaj prostor o\u010di\u0161\u0107en je mu\u010deni\u010dkom smrti i drugih hercegova\u010dkih fratara mu\u010denika. Onih koji su rodom iz ove \u017eupe ili onih koji su bili na slu\u017ebi u Me\u0111ugorju.<\/p>\n\n\n\n<p>Ova crkva pred kojom danas stojimo na\u0161a je kolijevka. Na\u0161a ku\u0107a, na\u0161a klinika, na\u0161a ljekarna. Ovdje ba\u0161 na ovom mjestu, na ovom prostoru, na\u0161li su lijek svi oni koji su ga tra\u017eili. Na svim drugim mjestima nije ga bilo, a ovdje smo ga dobili od Majke Kraljice Mira.<\/p>\n\n\n\n<p>Od fratara mu\u010denika preko sve\u0107enika i graditelja ovog hrama i velebnoga kri\u017ea na Kri\u017eevcu, od tada\u0161nji na\u0161ih sve\u0107enika \u017eupnika fra Joze i kapelana fra Zrinka, ne znaju\u0107i pripremala si nas za susret neba i zemlje.<\/p>\n\n\n\n<p>I to\u010dno na dana\u0161nji dan 24. lipnja 1981. zapo\u010de Gospa svoj program koji je sve odu\u0161evio. Premda je bilo veliko iznena\u0111enje jo\u0161 vi\u0161e je bila radost i zahvalnost zbog dolaska k nama Kraljice Mira.<\/p>\n\n\n\n<p>Stoga pred svima vama nazo\u010dnima ovdje ve\u010deras izri\u010dem zahvalnost svim \u017eupnicima, kroz ovih 40 godina kao i svim kapelanima na\u0161e \u017eupe, \u010dasnim sestrama, koji su bili va\u017ena karika i koji su podnijeli te\u017eak teret u pastoralnoj brizi milijuna hodo\u010dasnika koji su posjetili ovu \u017eupu. Oni su bili ona pru\u017eena ruka svim hodo\u010dasnicima u projektu Kraljice Mira.<\/p>\n\n\n\n<p><strong>Slika \u010detvrta: Hodo\u010dasnici<\/strong><\/p>\n\n\n\n<p>Oni nisu ovdje zbog nas. Oni su do\u0161li k nama. Mi smo zbog njih i treba poslu\u017eiti njima kao najbiranijim gostima-kao prijateljima. Bog nam je dao i vino i rakiju da im nazdravimo i ka\u017eemo dobro nam do\u0161li. Bog nam je dao milost da se na na\u0161em tlu ispovijeda cijela Crkva, da se u na\u0161em sveti\u0161tu prigne svako koljeno i klanja na\u0161emu Bogu. Svaki hodo\u010dasnik je pozvan i nama darovan. Kao \u0161to je majka odgovorna za darovano dijete tako smo i mi za svakog hodo\u010dasnika. Darovan nam je da ga u\u010dimo kao majka govoriti tj. moliti i slaviti Boga, razgovarati s njim. Da svako na\u0161e srce bude \u0161iroko i duboko da sve u\u010di ljubiti, jer smo jedna Crkva, jedna obitelj.<\/p>\n\n\n\n<p>Dragi na\u0161i hodo\u010dasnici, znamo \u0161to Bog i Gospa od nas tra\u017ee da vam u\u010dinimo. \u010cesto puta to nismo u\u010dinili. Sebi\u010dnost nas je zaustavila i sapela na\u0161 korak da ga ne u\u010dinimo prema vama. Danas vas, u ime svih nas \u017eupljana, molim da nam oprostite. Oprostite nam na\u0161e toliko puta sabla\u017enjivo dr\u017eanje i lo\u0161 primjer kojeg smo vam mo\u017eda dali. Oprostite nam kad nismo imali vremena za vas, za molitvu s vama, za odlazak na misu s vama.<\/p>\n\n\n\n<p><strong>Slika peta: Kraljica Mira<\/strong><\/p>\n\n\n\n<p>Draga Majko ti re\u010de ja sam ovu \u017eupu odabrala. I mi smo odabrali tebe. Strpljivo smo podnosili sve nepravde, poni\u017eenja i uvrede tolikih novinara, politi\u010dara i drugih neprijatelja ovoga ukazanja i ovoga mjesta.<\/p>\n\n\n\n<p>Te\u0161ko je zaboraviti sve one dramati\u010dne trenutke koji su se odigrali u prvim danima Gospina ukazanja. O svim onim protivljenjima i pritiscima komunisti\u010dke vlasti, i prema fratrima i prema vidiocima i prema \u017eupnoj zajednici, prema narodu i prema hodo\u010dasnicima. Nitko nije mogao zamisliti \u0161to \u0107e se sve doga\u0111ati i kako \u0107e doga\u0111aji dalje te\u0107i. Propa\u0161\u0107u komunisti\u010dke vladavine nisu prestali napadi i odbacivanja doga\u0111aja u \u017eupi Me\u0111ugorje, ali ona ipak dalje traju. Kad ljudski gledamo i promatramo \u0161to se sve protiv ovih doga\u0111aja poduzima, trebalo je sve ve\u0107 davno biti zaustavljeno i predano zaboravu. Me\u0111utim, unato\u010d svemu tome, Bijakovi\u0107i s brdom ukazanja i Me\u0111ugorje s brdom Kri\u017eevac, \u017eivi i privla\u010di sve vi\u0161e ljudi iz cijeloga svijeta.<\/p>\n\n\n\n<p>Svi mi koji vjerujemo da je Bog poslao Mariju da pomogne svijetu, da prona\u0111e svoj mir, imamo puno razloga da slavimo Boga svim srcem i svom du\u0161om i cijelim \u017eivotom.<\/p>\n\n\n\n<p>Svi smo mi svjesni i znamo kako su mnogobrojni oni koji su klekli u Me\u0111ugorju ponizno pred ispovjednika i tra\u017eili u kajanju za grijehe snagom Bo\u017ejeg milosr\u0111a iscjeljenje svojih rana, opro\u0161tenje grijeha i na koncu svoj mir.<\/p>\n\n\n\n<p>Nebrojeni su otkrili Isusovu nazo\u010dnost u misnoj \u017ertvi te su se vratili euharistijskom stolu.<\/p>\n\n\n\n<p>Nebrojeni su prvi put u Me\u0111ugorju do\u017eivjeli i tako otkrili \u0161to to zna\u010di klanjati se Isusu u Presvetom oltarskom sakramentu.<\/p>\n\n\n\n<p>Nebrojeni su, uzlaze\u0107i uz Kri\u017eevac, susreli bo\u017eansku Ljubav koja za sve trpi i vra\u0107ali se spremni nositi s Isusom svoje \u017eivotne kri\u017eeve i tako u svojim patnjama pronalazili svoj mir.<\/p>\n\n\n\n<p>Nebrojeni su na na\u0161emu Podbrdu, mjestu prvih ukazanja, prvi put izmolili krunicu i osjetili ljepotu ove jednostavne molitve.<\/p>\n\n\n\n<p>Draga Majko koja si izabrala ovu \u017eupu i ove vjernike kroz ovih 40 godina ostali smo Ti vjerni primaju\u0107i Tvoje poruke Majko. &nbsp;Znam da smo kao ljudi u ovih 40 godina osje\u0107ali smo zamor. Na \u017ealost u obiteljima se danas tako malo govori o Tebi.<\/p>\n\n\n\n<p>Onaj \u017eamor obiteljske molitve koji je bio tako sna\u017ean ispred na\u0161ih ku\u0107a, kao da je nestao, danas se tako malo i kratko moli, Biblija i post se vi\u0161e ne spominju. Stoga te u ime svih \u017eupljana ove \u017eupe molim: Oprosti nam Majko za trenutke u kojima smo imali tvrde u\u0161i i zatvoreno srce.<\/p>\n\n\n\n<p>Ali ti nisi odustajala od nas, nego si nas svakoga mjeseca kao majka uvijek iznova poticala i pozivala: \u201cHvala vam djeco \u0161to ste se odazvali mome pozivu\u201d.<\/p>\n\n\n\n<p>Tebi majko ve\u010deras ponovno predajem i posve\u0107ujem i pod tvoj maj\u010dinski pla\u0161t povjeravam sav ovaj okupljeni puk ovdje u Me\u0111ugorju kao i sve one koji su u Me\u0111ugorju na\u0161li Mir i radost srca i volju za \u017eivotom, a koji zbog ovih novonastalih prilika nisu u mogu\u0107nosti pohoditi Me\u0111ugorje.<\/p>\n\n\n\n<p>Po\u0161tovana bra\u0107o i sestre, dragi moji sumje\u0161tani, po\u0161tovani hodo\u010dasnici, ove nabrojane slike albuma i mno\u0161tvo drugih koje smo utisnuli duboko u svome srcu i sje\u0107anju kroz ovih 40 godina, razlog su &nbsp;da ve\u010deras mo\u017eemo slaviti Boga i svim srcem re\u0107i: Hvala ti Majko za 40 godina milosti. Amen.<\/p>\n\n\n\n<p>Izvor: radio-medjugorje.com<\/p>\n","protected":false},"excerpt":{"rendered":"<p>U Me\u0111ugorju je u tijeku devetnica Kraljici mira, a ve\u010deras 24. lipnja 2021. godine, na uo\u010dnicu 40. obljetnice Gospinih ukazanja u Me\u0111ugorju, Svetu misu, uz mno\u0161tvo vjernika i koncelebraciju 260 sve\u0107enika predslavio je fra Miro \u0160ego, \u017eupnik \u017eupe Krista Kralja \u010citluk, koji je ro\u0111en u selu Bijakovi\u0107i, \u017eupa Me\u0111ugorje. Njegovu propovijed u nastavku prenosimo u [&hellip;]<\/p>\n","protected":false},"author":2,"featured_media":35776,"comment_status":"closed","ping_status":"closed","sticky":false,"template":"","format":"standard","meta":{"h5ap_radio_sources":[],"footnotes":""},"categories":[1],"tags":[],"class_list":["post-35775","post","type-post","status-publish","format-standard","has-post-thumbnail","hentry","category-bihiregija"],"yoast_head":"<!-- This site is optimized with the Yoast SEO plugin v27.5 - https:\/\/yoast.com\/product\/yoast-seo-wordpress\/ -->\n<title>Propovijed fra Mire \u0160ege na 40. uo\u010dnicu Gospinih ukazanja u Me\u0111ugorju - RADIO LJUBU\u0160KI<\/title>\n<meta name=\"robots\" content=\"index, follow, max-snippet:-1, max-image-preview:large, max-video-preview:-1\" \/>\n<link rel=\"canonical\" href=\"https:\/\/radioljubuski.ba\/index.php\/2021\/06\/25\/propovijed-fra-mire-sege-na-40-uocnicu-gospinih-ukazanja-u-medugorju\/\" \/>\n<meta property=\"og:locale\" content=\"hr_HR\" \/>\n<meta property=\"og:type\" content=\"article\" \/>\n<meta property=\"og:title\" content=\"Propovijed fra Mire \u0160ege na 40. uo\u010dnicu Gospinih ukazanja u Me\u0111ugorju - RADIO LJUBU\u0160KI\" \/>\n<meta property=\"og:description\" content=\"U Me\u0111ugorju je u tijeku devetnica Kraljici mira, a ve\u010deras 24. lipnja 2021. godine, na uo\u010dnicu 40. obljetnice Gospinih ukazanja u Me\u0111ugorju, Svetu misu, uz mno\u0161tvo vjernika i koncelebraciju 260 sve\u0107enika predslavio je fra Miro \u0160ego, \u017eupnik \u017eupe Krista Kralja \u010citluk, koji je ro\u0111en u selu Bijakovi\u0107i, \u017eupa Me\u0111ugorje. Njegovu propovijed u nastavku prenosimo u [&hellip;]\" \/>\n<meta property=\"og:url\" content=\"https:\/\/radioljubuski.ba\/index.php\/2021\/06\/25\/propovijed-fra-mire-sege-na-40-uocnicu-gospinih-ukazanja-u-medugorju\/\" \/>\n<meta property=\"og:site_name\" content=\"RADIO LJUBU\u0160KI\" \/>\n<meta property=\"article:publisher\" content=\"https:\/\/www.facebook.com\/Radiio-Ljubuski-1490835324566332\" \/>\n<meta property=\"article:published_time\" content=\"2021-06-25T09:18:39+00:00\" \/>\n<meta property=\"article:modified_time\" content=\"2021-06-25T09:18:40+00:00\" \/>\n<meta property=\"og:image\" content=\"https:\/\/radioljubuski.ba\/wp-content\/uploads\/2021\/06\/uocnica2021misa01-741x486-1.jpg\" \/>\n\t<meta property=\"og:image:width\" content=\"741\" \/>\n\t<meta property=\"og:image:height\" content=\"486\" \/>\n\t<meta property=\"og:image:type\" content=\"image\/jpeg\" \/>\n<meta name=\"author\" content=\"Radio Ljubu\u0161ki\" \/>\n<meta name=\"twitter:card\" content=\"summary_large_image\" \/>\n<meta name=\"twitter:creator\" content=\"@radioljubuski\" \/>\n<meta name=\"twitter:site\" content=\"@radioljubuski\" \/>\n<meta name=\"twitter:label1\" content=\"Napisao\/la\" \/>\n\t<meta name=\"twitter:data1\" content=\"Radio Ljubu\u0161ki\" \/>\n\t<meta name=\"twitter:label2\" content=\"Procijenjeno vrijeme \u010ditanja\" \/>\n\t<meta name=\"twitter:data2\" content=\"10 minuta\" \/>\n<script type=\"application\/ld+json\" class=\"yoast-schema-graph\">{\"@context\":\"https:\\\/\\\/schema.org\",\"@graph\":[{\"@type\":\"Article\",\"@id\":\"https:\\\/\\\/radioljubuski.ba\\\/index.php\\\/2021\\\/06\\\/25\\\/propovijed-fra-mire-sege-na-40-uocnicu-gospinih-ukazanja-u-medugorju\\\/#article\",\"isPartOf\":{\"@id\":\"https:\\\/\\\/radioljubuski.ba\\\/index.php\\\/2021\\\/06\\\/25\\\/propovijed-fra-mire-sege-na-40-uocnicu-gospinih-ukazanja-u-medugorju\\\/\"},\"author\":{\"name\":\"Radio Ljubu\u0161ki\",\"@id\":\"https:\\\/\\\/radioljubuski.ba\\\/#\\\/schema\\\/person\\\/19fc700381a780f69665d7956c469e3b\"},\"headline\":\"Propovijed fra Mire \u0160ege na 40. uo\u010dnicu Gospinih ukazanja u Me\u0111ugorju\",\"datePublished\":\"2021-06-25T09:18:39+00:00\",\"dateModified\":\"2021-06-25T09:18:40+00:00\",\"mainEntityOfPage\":{\"@id\":\"https:\\\/\\\/radioljubuski.ba\\\/index.php\\\/2021\\\/06\\\/25\\\/propovijed-fra-mire-sege-na-40-uocnicu-gospinih-ukazanja-u-medugorju\\\/\"},\"wordCount\":2360,\"publisher\":{\"@id\":\"https:\\\/\\\/radioljubuski.ba\\\/#organization\"},\"image\":{\"@id\":\"https:\\\/\\\/radioljubuski.ba\\\/index.php\\\/2021\\\/06\\\/25\\\/propovijed-fra-mire-sege-na-40-uocnicu-gospinih-ukazanja-u-medugorju\\\/#primaryimage\"},\"thumbnailUrl\":\"https:\\\/\\\/radioljubuski.ba\\\/wp-content\\\/uploads\\\/2021\\\/06\\\/uocnica2021misa01-741x486-1.jpg\",\"articleSection\":[\"BIH i regija\"],\"inLanguage\":\"hr\"},{\"@type\":\"WebPage\",\"@id\":\"https:\\\/\\\/radioljubuski.ba\\\/index.php\\\/2021\\\/06\\\/25\\\/propovijed-fra-mire-sege-na-40-uocnicu-gospinih-ukazanja-u-medugorju\\\/\",\"url\":\"https:\\\/\\\/radioljubuski.ba\\\/index.php\\\/2021\\\/06\\\/25\\\/propovijed-fra-mire-sege-na-40-uocnicu-gospinih-ukazanja-u-medugorju\\\/\",\"name\":\"Propovijed fra Mire \u0160ege na 40. uo\u010dnicu Gospinih ukazanja u Me\u0111ugorju - RADIO LJUBU\u0160KI\",\"isPartOf\":{\"@id\":\"https:\\\/\\\/radioljubuski.ba\\\/#website\"},\"primaryImageOfPage\":{\"@id\":\"https:\\\/\\\/radioljubuski.ba\\\/index.php\\\/2021\\\/06\\\/25\\\/propovijed-fra-mire-sege-na-40-uocnicu-gospinih-ukazanja-u-medugorju\\\/#primaryimage\"},\"image\":{\"@id\":\"https:\\\/\\\/radioljubuski.ba\\\/index.php\\\/2021\\\/06\\\/25\\\/propovijed-fra-mire-sege-na-40-uocnicu-gospinih-ukazanja-u-medugorju\\\/#primaryimage\"},\"thumbnailUrl\":\"https:\\\/\\\/radioljubuski.ba\\\/wp-content\\\/uploads\\\/2021\\\/06\\\/uocnica2021misa01-741x486-1.jpg\",\"datePublished\":\"2021-06-25T09:18:39+00:00\",\"dateModified\":\"2021-06-25T09:18:40+00:00\",\"breadcrumb\":{\"@id\":\"https:\\\/\\\/radioljubuski.ba\\\/index.php\\\/2021\\\/06\\\/25\\\/propovijed-fra-mire-sege-na-40-uocnicu-gospinih-ukazanja-u-medugorju\\\/#breadcrumb\"},\"inLanguage\":\"hr\",\"potentialAction\":[{\"@type\":\"ReadAction\",\"target\":[\"https:\\\/\\\/radioljubuski.ba\\\/index.php\\\/2021\\\/06\\\/25\\\/propovijed-fra-mire-sege-na-40-uocnicu-gospinih-ukazanja-u-medugorju\\\/\"]}]},{\"@type\":\"ImageObject\",\"inLanguage\":\"hr\",\"@id\":\"https:\\\/\\\/radioljubuski.ba\\\/index.php\\\/2021\\\/06\\\/25\\\/propovijed-fra-mire-sege-na-40-uocnicu-gospinih-ukazanja-u-medugorju\\\/#primaryimage\",\"url\":\"https:\\\/\\\/radioljubuski.ba\\\/wp-content\\\/uploads\\\/2021\\\/06\\\/uocnica2021misa01-741x486-1.jpg\",\"contentUrl\":\"https:\\\/\\\/radioljubuski.ba\\\/wp-content\\\/uploads\\\/2021\\\/06\\\/uocnica2021misa01-741x486-1.jpg\",\"width\":741,\"height\":486},{\"@type\":\"BreadcrumbList\",\"@id\":\"https:\\\/\\\/radioljubuski.ba\\\/index.php\\\/2021\\\/06\\\/25\\\/propovijed-fra-mire-sege-na-40-uocnicu-gospinih-ukazanja-u-medugorju\\\/#breadcrumb\",\"itemListElement\":[{\"@type\":\"ListItem\",\"position\":1,\"name\":\"Po\u010detna stranica\",\"item\":\"https:\\\/\\\/radioljubuski.ba\\\/\"},{\"@type\":\"ListItem\",\"position\":2,\"name\":\"Propovijed fra Mire \u0160ege na 40. uo\u010dnicu Gospinih ukazanja u Me\u0111ugorju\"}]},{\"@type\":\"WebSite\",\"@id\":\"https:\\\/\\\/radioljubuski.ba\\\/#website\",\"url\":\"https:\\\/\\\/radioljubuski.ba\\\/\",\"name\":\"Radio Ljubu\u0161ki\",\"description\":\"Sun\u010dana frekvencija Hercegovine\",\"publisher\":{\"@id\":\"https:\\\/\\\/radioljubuski.ba\\\/#organization\"},\"potentialAction\":[{\"@type\":\"SearchAction\",\"target\":{\"@type\":\"EntryPoint\",\"urlTemplate\":\"https:\\\/\\\/radioljubuski.ba\\\/?s={search_term_string}\"},\"query-input\":{\"@type\":\"PropertyValueSpecification\",\"valueRequired\":true,\"valueName\":\"search_term_string\"}}],\"inLanguage\":\"hr\"},{\"@type\":\"Organization\",\"@id\":\"https:\\\/\\\/radioljubuski.ba\\\/#organization\",\"name\":\"Radio Ljubu\u0161ki\",\"url\":\"https:\\\/\\\/radioljubuski.ba\\\/\",\"logo\":{\"@type\":\"ImageObject\",\"inLanguage\":\"hr\",\"@id\":\"https:\\\/\\\/radioljubuski.ba\\\/#\\\/schema\\\/logo\\\/image\\\/\",\"url\":\"https:\\\/\\\/radioljubuski.ba\\\/wp-content\\\/uploads\\\/2021\\\/02\\\/cropped-Radio_Ljubuski_logo1.jpg\",\"contentUrl\":\"https:\\\/\\\/radioljubuski.ba\\\/wp-content\\\/uploads\\\/2021\\\/02\\\/cropped-Radio_Ljubuski_logo1.jpg\",\"width\":512,\"height\":512,\"caption\":\"Radio Ljubu\u0161ki\"},\"image\":{\"@id\":\"https:\\\/\\\/radioljubuski.ba\\\/#\\\/schema\\\/logo\\\/image\\\/\"},\"sameAs\":[\"https:\\\/\\\/www.facebook.com\\\/Radiio-Ljubuski-1490835324566332\",\"https:\\\/\\\/x.com\\\/radioljubuski\",\"https:\\\/\\\/hr.linkedin.com\\\/company\\\/radio-ljubuski\",\"https:\\\/\\\/www.youtube.com\\\/channel\\\/UCHYaeO_n0Db3tjNGudGpXyw\"]},{\"@type\":\"Person\",\"@id\":\"https:\\\/\\\/radioljubuski.ba\\\/#\\\/schema\\\/person\\\/19fc700381a780f69665d7956c469e3b\",\"name\":\"Radio Ljubu\u0161ki\"}]}<\/script>\n<!-- \/ Yoast SEO plugin. -->","yoast_head_json":{"title":"Propovijed fra Mire \u0160ege na 40. uo\u010dnicu Gospinih ukazanja u Me\u0111ugorju - RADIO LJUBU\u0160KI","robots":{"index":"index","follow":"follow","max-snippet":"max-snippet:-1","max-image-preview":"max-image-preview:large","max-video-preview":"max-video-preview:-1"},"canonical":"https:\/\/radioljubuski.ba\/index.php\/2021\/06\/25\/propovijed-fra-mire-sege-na-40-uocnicu-gospinih-ukazanja-u-medugorju\/","og_locale":"hr_HR","og_type":"article","og_title":"Propovijed fra Mire \u0160ege na 40. uo\u010dnicu Gospinih ukazanja u Me\u0111ugorju - RADIO LJUBU\u0160KI","og_description":"U Me\u0111ugorju je u tijeku devetnica Kraljici mira, a ve\u010deras 24. lipnja 2021. godine, na uo\u010dnicu 40. obljetnice Gospinih ukazanja u Me\u0111ugorju, Svetu misu, uz mno\u0161tvo vjernika i koncelebraciju 260 sve\u0107enika predslavio je fra Miro \u0160ego, \u017eupnik \u017eupe Krista Kralja \u010citluk, koji je ro\u0111en u selu Bijakovi\u0107i, \u017eupa Me\u0111ugorje. Njegovu propovijed u nastavku prenosimo u [&hellip;]","og_url":"https:\/\/radioljubuski.ba\/index.php\/2021\/06\/25\/propovijed-fra-mire-sege-na-40-uocnicu-gospinih-ukazanja-u-medugorju\/","og_site_name":"RADIO LJUBU\u0160KI","article_publisher":"https:\/\/www.facebook.com\/Radiio-Ljubuski-1490835324566332","article_published_time":"2021-06-25T09:18:39+00:00","article_modified_time":"2021-06-25T09:18:40+00:00","og_image":[{"width":741,"height":486,"url":"https:\/\/radioljubuski.ba\/wp-content\/uploads\/2021\/06\/uocnica2021misa01-741x486-1.jpg","type":"image\/jpeg"}],"author":"Radio Ljubu\u0161ki","twitter_card":"summary_large_image","twitter_creator":"@radioljubuski","twitter_site":"@radioljubuski","twitter_misc":{"Napisao\/la":"Radio Ljubu\u0161ki","Procijenjeno vrijeme \u010ditanja":"10 minuta"},"schema":{"@context":"https:\/\/schema.org","@graph":[{"@type":"Article","@id":"https:\/\/radioljubuski.ba\/index.php\/2021\/06\/25\/propovijed-fra-mire-sege-na-40-uocnicu-gospinih-ukazanja-u-medugorju\/#article","isPartOf":{"@id":"https:\/\/radioljubuski.ba\/index.php\/2021\/06\/25\/propovijed-fra-mire-sege-na-40-uocnicu-gospinih-ukazanja-u-medugorju\/"},"author":{"name":"Radio Ljubu\u0161ki","@id":"https:\/\/radioljubuski.ba\/#\/schema\/person\/19fc700381a780f69665d7956c469e3b"},"headline":"Propovijed fra Mire \u0160ege na 40. uo\u010dnicu Gospinih ukazanja u Me\u0111ugorju","datePublished":"2021-06-25T09:18:39+00:00","dateModified":"2021-06-25T09:18:40+00:00","mainEntityOfPage":{"@id":"https:\/\/radioljubuski.ba\/index.php\/2021\/06\/25\/propovijed-fra-mire-sege-na-40-uocnicu-gospinih-ukazanja-u-medugorju\/"},"wordCount":2360,"publisher":{"@id":"https:\/\/radioljubuski.ba\/#organization"},"image":{"@id":"https:\/\/radioljubuski.ba\/index.php\/2021\/06\/25\/propovijed-fra-mire-sege-na-40-uocnicu-gospinih-ukazanja-u-medugorju\/#primaryimage"},"thumbnailUrl":"https:\/\/radioljubuski.ba\/wp-content\/uploads\/2021\/06\/uocnica2021misa01-741x486-1.jpg","articleSection":["BIH i regija"],"inLanguage":"hr"},{"@type":"WebPage","@id":"https:\/\/radioljubuski.ba\/index.php\/2021\/06\/25\/propovijed-fra-mire-sege-na-40-uocnicu-gospinih-ukazanja-u-medugorju\/","url":"https:\/\/radioljubuski.ba\/index.php\/2021\/06\/25\/propovijed-fra-mire-sege-na-40-uocnicu-gospinih-ukazanja-u-medugorju\/","name":"Propovijed fra Mire \u0160ege na 40. uo\u010dnicu Gospinih ukazanja u Me\u0111ugorju - RADIO LJUBU\u0160KI","isPartOf":{"@id":"https:\/\/radioljubuski.ba\/#website"},"primaryImageOfPage":{"@id":"https:\/\/radioljubuski.ba\/index.php\/2021\/06\/25\/propovijed-fra-mire-sege-na-40-uocnicu-gospinih-ukazanja-u-medugorju\/#primaryimage"},"image":{"@id":"https:\/\/radioljubuski.ba\/index.php\/2021\/06\/25\/propovijed-fra-mire-sege-na-40-uocnicu-gospinih-ukazanja-u-medugorju\/#primaryimage"},"thumbnailUrl":"https:\/\/radioljubuski.ba\/wp-content\/uploads\/2021\/06\/uocnica2021misa01-741x486-1.jpg","datePublished":"2021-06-25T09:18:39+00:00","dateModified":"2021-06-25T09:18:40+00:00","breadcrumb":{"@id":"https:\/\/radioljubuski.ba\/index.php\/2021\/06\/25\/propovijed-fra-mire-sege-na-40-uocnicu-gospinih-ukazanja-u-medugorju\/#breadcrumb"},"inLanguage":"hr","potentialAction":[{"@type":"ReadAction","target":["https:\/\/radioljubuski.ba\/index.php\/2021\/06\/25\/propovijed-fra-mire-sege-na-40-uocnicu-gospinih-ukazanja-u-medugorju\/"]}]},{"@type":"ImageObject","inLanguage":"hr","@id":"https:\/\/radioljubuski.ba\/index.php\/2021\/06\/25\/propovijed-fra-mire-sege-na-40-uocnicu-gospinih-ukazanja-u-medugorju\/#primaryimage","url":"https:\/\/radioljubuski.ba\/wp-content\/uploads\/2021\/06\/uocnica2021misa01-741x486-1.jpg","contentUrl":"https:\/\/radioljubuski.ba\/wp-content\/uploads\/2021\/06\/uocnica2021misa01-741x486-1.jpg","width":741,"height":486},{"@type":"BreadcrumbList","@id":"https:\/\/radioljubuski.ba\/index.php\/2021\/06\/25\/propovijed-fra-mire-sege-na-40-uocnicu-gospinih-ukazanja-u-medugorju\/#breadcrumb","itemListElement":[{"@type":"ListItem","position":1,"name":"Po\u010detna stranica","item":"https:\/\/radioljubuski.ba\/"},{"@type":"ListItem","position":2,"name":"Propovijed fra Mire \u0160ege na 40. uo\u010dnicu Gospinih ukazanja u Me\u0111ugorju"}]},{"@type":"WebSite","@id":"https:\/\/radioljubuski.ba\/#website","url":"https:\/\/radioljubuski.ba\/","name":"Radio Ljubu\u0161ki","description":"Sun\u010dana frekvencija Hercegovine","publisher":{"@id":"https:\/\/radioljubuski.ba\/#organization"},"potentialAction":[{"@type":"SearchAction","target":{"@type":"EntryPoint","urlTemplate":"https:\/\/radioljubuski.ba\/?s={search_term_string}"},"query-input":{"@type":"PropertyValueSpecification","valueRequired":true,"valueName":"search_term_string"}}],"inLanguage":"hr"},{"@type":"Organization","@id":"https:\/\/radioljubuski.ba\/#organization","name":"Radio Ljubu\u0161ki","url":"https:\/\/radioljubuski.ba\/","logo":{"@type":"ImageObject","inLanguage":"hr","@id":"https:\/\/radioljubuski.ba\/#\/schema\/logo\/image\/","url":"https:\/\/radioljubuski.ba\/wp-content\/uploads\/2021\/02\/cropped-Radio_Ljubuski_logo1.jpg","contentUrl":"https:\/\/radioljubuski.ba\/wp-content\/uploads\/2021\/02\/cropped-Radio_Ljubuski_logo1.jpg","width":512,"height":512,"caption":"Radio Ljubu\u0161ki"},"image":{"@id":"https:\/\/radioljubuski.ba\/#\/schema\/logo\/image\/"},"sameAs":["https:\/\/www.facebook.com\/Radiio-Ljubuski-1490835324566332","https:\/\/x.com\/radioljubuski","https:\/\/hr.linkedin.com\/company\/radio-ljubuski","https:\/\/www.youtube.com\/channel\/UCHYaeO_n0Db3tjNGudGpXyw"]},{"@type":"Person","@id":"https:\/\/radioljubuski.ba\/#\/schema\/person\/19fc700381a780f69665d7956c469e3b","name":"Radio Ljubu\u0161ki"}]}},"_links":{"self":[{"href":"https:\/\/radioljubuski.ba\/index.php\/wp-json\/wp\/v2\/posts\/35775","targetHints":{"allow":["GET"]}}],"collection":[{"href":"https:\/\/radioljubuski.ba\/index.php\/wp-json\/wp\/v2\/posts"}],"about":[{"href":"https:\/\/radioljubuski.ba\/index.php\/wp-json\/wp\/v2\/types\/post"}],"author":[{"embeddable":true,"href":"https:\/\/radioljubuski.ba\/index.php\/wp-json\/wp\/v2\/users\/2"}],"replies":[{"embeddable":true,"href":"https:\/\/radioljubuski.ba\/index.php\/wp-json\/wp\/v2\/comments?post=35775"}],"version-history":[{"count":1,"href":"https:\/\/radioljubuski.ba\/index.php\/wp-json\/wp\/v2\/posts\/35775\/revisions"}],"predecessor-version":[{"id":35777,"href":"https:\/\/radioljubuski.ba\/index.php\/wp-json\/wp\/v2\/posts\/35775\/revisions\/35777"}],"wp:featuredmedia":[{"embeddable":true,"href":"https:\/\/radioljubuski.ba\/index.php\/wp-json\/wp\/v2\/media\/35776"}],"wp:attachment":[{"href":"https:\/\/radioljubuski.ba\/index.php\/wp-json\/wp\/v2\/media?parent=35775"}],"wp:term":[{"taxonomy":"category","embeddable":true,"href":"https:\/\/radioljubuski.ba\/index.php\/wp-json\/wp\/v2\/categories?post=35775"},{"taxonomy":"post_tag","embeddable":true,"href":"https:\/\/radioljubuski.ba\/index.php\/wp-json\/wp\/v2\/tags?post=35775"}],"curies":[{"name":"wp","href":"https:\/\/api.w.org\/{rel}","templated":true}]}}