{"id":35784,"date":"2021-06-25T10:27:52","date_gmt":"2021-06-25T09:27:52","guid":{"rendered":"https:\/\/radioljubuski.ba\/?p=35784"},"modified":"2021-06-25T10:27:54","modified_gmt":"2021-06-25T09:27:54","slug":"zavrseno-2-veliko-zavjetno-hodocasce-kraljici-mira","status":"publish","type":"post","link":"https:\/\/radioljubuski.ba\/index.php\/2021\/06\/25\/zavrseno-2-veliko-zavjetno-hodocasce-kraljici-mira\/","title":{"rendered":"Zavr\u0161eno 2. veliko zavjetno hodo\u010da\u0161\u0107e Kraljici Mira"},"content":{"rendered":"\n<p>Ni nesnosna vru\u0107ina, ni sparina, ni saharski pijesak u zraku\u2026 ni\u0161ta nije sprije\u010dilo tisu\u0107e vjernika Brotnja pa i \u0161ire, da se na uo\u010dnicu 40. Obljetnice Gospina ukazanja zapute na Drugo zavjetno hodo\u010da\u0161\u0107e Kraljici Mira u Me\u0111ugorje.<\/p>\n\n\n\n<figure class=\"wp-block-embed is-type-video is-provider-youtube wp-block-embed-youtube wp-embed-aspect-16-9 wp-has-aspect-ratio\"><div class=\"wp-block-embed__wrapper\">\n<iframe loading=\"lazy\" title=\"Zavr\u0161eno 2. veliko zavjetno hodo\u010da\u0161\u0107e Kraljici Mira u Me\u0111ugorje\" width=\"640\" height=\"360\" src=\"https:\/\/www.youtube.com\/embed\/0tEmHp8Lnqs?feature=oembed\" frameborder=\"0\" allow=\"accelerometer; autoplay; clipboard-write; encrypted-media; gyroscope; picture-in-picture; web-share\" referrerpolicy=\"strict-origin-when-cross-origin\" allowfullscreen><\/iframe>\n<\/div><\/figure>\n\n\n\n<p>Cilj je i ove godine bio zahvaliti Bla\u017eenoj Djevici Mariji \u2013 Kraljici Mira za sve milosti i darove kroz ovih 40. godina ukazanja. Na po\u010detku duge kolone mladi su nosili Gospin kip oki\u0107en crvenim ru\u017eama, molitvu su predvodili fra Miro \u0160ego i fra Goran Azinovi\u0107 a mno\u0161tvo vjernika je ko&#8217; jedno srce odgovaralo u molitvi i pjesmi.<\/p>\n\n\n\n<p>Organizatori Hodo\u010da\u0161\u0107a su bili \u017dupa Krista Kralja i Udruga Zavjet Gospi, a sama hodnja zapo\u010dela je u 16,00 sati ispred \u010ditlu\u010dke \u017eupne crkve pa sve do crkve sv. Jakova u Me\u0111ugorju gdje su stigli u 17,45 sati. Nakon kratke okrijepe, sudjelovati \u0107e na krunici i ve\u010dernjoj misi koju \u0107e predslaviti fra Miro \u0160ego.<\/p>\n\n\n\n<p>Hodo\u010dasnici su i vi\u0161e nego ganuti, neki su pola puta preplakali od radosti i zahvalnosti na svemu \u0161to su do\u017eivjeli i vidjeli oko sebe.<\/p>\n\n\n\n<p>Jedna od prisutnih hodo\u010dasnica, Anita Ostoji\u0107 ovako je posvjedo\u010dila za portal <strong>medjugorje-info.com<\/strong>: <em>\u201eRije\u010dima se ne mo\u017ee opisati ovo kako se sada osje\u0107am, tako milosno, prekrasno\u2026 Hvala fra Miri \u0160egi \u0161to nam je omogu\u0107io ovu Veliku devetnicu nedjeljnih hodo\u010da\u0161\u0107enja na Podbrdo da se jo\u0161 vi\u0161e u milosti produhovimo. Hvala Gospi \u0161to nam iznova daje novu \u0161ansu da postanemo bolji ljudi. Srce mi je puno!\u201c<\/em><\/p>\n\n\n\n<p>Izvor:medjugorje-info.com<\/p>\n","protected":false},"excerpt":{"rendered":"<p>Ni nesnosna vru\u0107ina, ni sparina, ni saharski pijesak u zraku\u2026 ni\u0161ta nije sprije\u010dilo tisu\u0107e vjernika Brotnja pa i \u0161ire, da se na uo\u010dnicu 40. Obljetnice Gospina ukazanja zapute na Drugo zavjetno hodo\u010da\u0161\u0107e Kraljici Mira u Me\u0111ugorje. Cilj je i ove godine bio zahvaliti Bla\u017eenoj Djevici Mariji \u2013 Kraljici Mira za sve milosti i darove kroz [&hellip;]<\/p>\n","protected":false},"author":2,"featured_media":35785,"comment_status":"closed","ping_status":"closed","sticky":false,"template":"","format":"standard","meta":{"h5ap_radio_sources":[],"footnotes":""},"categories":[1],"tags":[],"class_list":["post-35784","post","type-post","status-publish","format-standard","has-post-thumbnail","hentry","category-bihiregija"],"yoast_head":"<!-- This site is optimized with the Yoast SEO plugin v27.5 - https:\/\/yoast.com\/product\/yoast-seo-wordpress\/ -->\n<title>Zavr\u0161eno 2. veliko zavjetno hodo\u010da\u0161\u0107e Kraljici Mira - RADIO LJUBU\u0160KI<\/title>\n<meta name=\"robots\" content=\"index, follow, max-snippet:-1, max-image-preview:large, max-video-preview:-1\" \/>\n<link rel=\"canonical\" href=\"https:\/\/radioljubuski.ba\/index.php\/2021\/06\/25\/zavrseno-2-veliko-zavjetno-hodocasce-kraljici-mira\/\" \/>\n<meta property=\"og:locale\" content=\"hr_HR\" \/>\n<meta property=\"og:type\" content=\"article\" \/>\n<meta property=\"og:title\" content=\"Zavr\u0161eno 2. veliko zavjetno hodo\u010da\u0161\u0107e Kraljici Mira - RADIO LJUBU\u0160KI\" \/>\n<meta property=\"og:description\" content=\"Ni nesnosna vru\u0107ina, ni sparina, ni saharski pijesak u zraku\u2026 ni\u0161ta nije sprije\u010dilo tisu\u0107e vjernika Brotnja pa i \u0161ire, da se na uo\u010dnicu 40. Obljetnice Gospina ukazanja zapute na Drugo zavjetno hodo\u010da\u0161\u0107e Kraljici Mira u Me\u0111ugorje. Cilj je i ove godine bio zahvaliti Bla\u017eenoj Djevici Mariji \u2013 Kraljici Mira za sve milosti i darove kroz [&hellip;]\" \/>\n<meta property=\"og:url\" content=\"https:\/\/radioljubuski.ba\/index.php\/2021\/06\/25\/zavrseno-2-veliko-zavjetno-hodocasce-kraljici-mira\/\" \/>\n<meta property=\"og:site_name\" content=\"RADIO LJUBU\u0160KI\" \/>\n<meta property=\"article:publisher\" content=\"https:\/\/www.facebook.com\/Radiio-Ljubuski-1490835324566332\" \/>\n<meta property=\"article:published_time\" content=\"2021-06-25T09:27:52+00:00\" \/>\n<meta property=\"article:modified_time\" content=\"2021-06-25T09:27:54+00:00\" \/>\n<meta property=\"og:image\" content=\"https:\/\/radioljubuski.ba\/wp-content\/uploads\/2021\/06\/zavjetno-hodocasce-zitelja-brotnja.jpg\" \/>\n\t<meta property=\"og:image:width\" content=\"740\" \/>\n\t<meta property=\"og:image:height\" content=\"370\" \/>\n\t<meta property=\"og:image:type\" content=\"image\/jpeg\" \/>\n<meta name=\"author\" content=\"Radio Ljubu\u0161ki\" \/>\n<meta name=\"twitter:card\" content=\"summary_large_image\" \/>\n<meta name=\"twitter:creator\" content=\"@radioljubuski\" \/>\n<meta name=\"twitter:site\" content=\"@radioljubuski\" \/>\n<meta name=\"twitter:label1\" content=\"Napisao\/la\" \/>\n\t<meta name=\"twitter:data1\" content=\"Radio Ljubu\u0161ki\" \/>\n\t<meta name=\"twitter:label2\" content=\"Procijenjeno vrijeme \u010ditanja\" \/>\n\t<meta name=\"twitter:data2\" content=\"2 minute\" \/>\n<script type=\"application\/ld+json\" class=\"yoast-schema-graph\">{\"@context\":\"https:\\\/\\\/schema.org\",\"@graph\":[{\"@type\":\"Article\",\"@id\":\"https:\\\/\\\/radioljubuski.ba\\\/index.php\\\/2021\\\/06\\\/25\\\/zavrseno-2-veliko-zavjetno-hodocasce-kraljici-mira\\\/#article\",\"isPartOf\":{\"@id\":\"https:\\\/\\\/radioljubuski.ba\\\/index.php\\\/2021\\\/06\\\/25\\\/zavrseno-2-veliko-zavjetno-hodocasce-kraljici-mira\\\/\"},\"author\":{\"name\":\"Radio Ljubu\u0161ki\",\"@id\":\"https:\\\/\\\/radioljubuski.ba\\\/#\\\/schema\\\/person\\\/19fc700381a780f69665d7956c469e3b\"},\"headline\":\"Zavr\u0161eno 2. veliko zavjetno hodo\u010da\u0161\u0107e Kraljici Mira\",\"datePublished\":\"2021-06-25T09:27:52+00:00\",\"dateModified\":\"2021-06-25T09:27:54+00:00\",\"mainEntityOfPage\":{\"@id\":\"https:\\\/\\\/radioljubuski.ba\\\/index.php\\\/2021\\\/06\\\/25\\\/zavrseno-2-veliko-zavjetno-hodocasce-kraljici-mira\\\/\"},\"wordCount\":280,\"publisher\":{\"@id\":\"https:\\\/\\\/radioljubuski.ba\\\/#organization\"},\"image\":{\"@id\":\"https:\\\/\\\/radioljubuski.ba\\\/index.php\\\/2021\\\/06\\\/25\\\/zavrseno-2-veliko-zavjetno-hodocasce-kraljici-mira\\\/#primaryimage\"},\"thumbnailUrl\":\"https:\\\/\\\/radioljubuski.ba\\\/wp-content\\\/uploads\\\/2021\\\/06\\\/zavjetno-hodocasce-zitelja-brotnja.jpg\",\"articleSection\":[\"BIH i regija\"],\"inLanguage\":\"hr\"},{\"@type\":\"WebPage\",\"@id\":\"https:\\\/\\\/radioljubuski.ba\\\/index.php\\\/2021\\\/06\\\/25\\\/zavrseno-2-veliko-zavjetno-hodocasce-kraljici-mira\\\/\",\"url\":\"https:\\\/\\\/radioljubuski.ba\\\/index.php\\\/2021\\\/06\\\/25\\\/zavrseno-2-veliko-zavjetno-hodocasce-kraljici-mira\\\/\",\"name\":\"Zavr\u0161eno 2. veliko zavjetno hodo\u010da\u0161\u0107e Kraljici Mira - RADIO LJUBU\u0160KI\",\"isPartOf\":{\"@id\":\"https:\\\/\\\/radioljubuski.ba\\\/#website\"},\"primaryImageOfPage\":{\"@id\":\"https:\\\/\\\/radioljubuski.ba\\\/index.php\\\/2021\\\/06\\\/25\\\/zavrseno-2-veliko-zavjetno-hodocasce-kraljici-mira\\\/#primaryimage\"},\"image\":{\"@id\":\"https:\\\/\\\/radioljubuski.ba\\\/index.php\\\/2021\\\/06\\\/25\\\/zavrseno-2-veliko-zavjetno-hodocasce-kraljici-mira\\\/#primaryimage\"},\"thumbnailUrl\":\"https:\\\/\\\/radioljubuski.ba\\\/wp-content\\\/uploads\\\/2021\\\/06\\\/zavjetno-hodocasce-zitelja-brotnja.jpg\",\"datePublished\":\"2021-06-25T09:27:52+00:00\",\"dateModified\":\"2021-06-25T09:27:54+00:00\",\"breadcrumb\":{\"@id\":\"https:\\\/\\\/radioljubuski.ba\\\/index.php\\\/2021\\\/06\\\/25\\\/zavrseno-2-veliko-zavjetno-hodocasce-kraljici-mira\\\/#breadcrumb\"},\"inLanguage\":\"hr\",\"potentialAction\":[{\"@type\":\"ReadAction\",\"target\":[\"https:\\\/\\\/radioljubuski.ba\\\/index.php\\\/2021\\\/06\\\/25\\\/zavrseno-2-veliko-zavjetno-hodocasce-kraljici-mira\\\/\"]}]},{\"@type\":\"ImageObject\",\"inLanguage\":\"hr\",\"@id\":\"https:\\\/\\\/radioljubuski.ba\\\/index.php\\\/2021\\\/06\\\/25\\\/zavrseno-2-veliko-zavjetno-hodocasce-kraljici-mira\\\/#primaryimage\",\"url\":\"https:\\\/\\\/radioljubuski.ba\\\/wp-content\\\/uploads\\\/2021\\\/06\\\/zavjetno-hodocasce-zitelja-brotnja.jpg\",\"contentUrl\":\"https:\\\/\\\/radioljubuski.ba\\\/wp-content\\\/uploads\\\/2021\\\/06\\\/zavjetno-hodocasce-zitelja-brotnja.jpg\",\"width\":740,\"height\":370},{\"@type\":\"BreadcrumbList\",\"@id\":\"https:\\\/\\\/radioljubuski.ba\\\/index.php\\\/2021\\\/06\\\/25\\\/zavrseno-2-veliko-zavjetno-hodocasce-kraljici-mira\\\/#breadcrumb\",\"itemListElement\":[{\"@type\":\"ListItem\",\"position\":1,\"name\":\"Po\u010detna stranica\",\"item\":\"https:\\\/\\\/radioljubuski.ba\\\/\"},{\"@type\":\"ListItem\",\"position\":2,\"name\":\"Zavr\u0161eno 2. veliko zavjetno hodo\u010da\u0161\u0107e Kraljici Mira\"}]},{\"@type\":\"WebSite\",\"@id\":\"https:\\\/\\\/radioljubuski.ba\\\/#website\",\"url\":\"https:\\\/\\\/radioljubuski.ba\\\/\",\"name\":\"Radio Ljubu\u0161ki\",\"description\":\"Sun\u010dana frekvencija Hercegovine\",\"publisher\":{\"@id\":\"https:\\\/\\\/radioljubuski.ba\\\/#organization\"},\"potentialAction\":[{\"@type\":\"SearchAction\",\"target\":{\"@type\":\"EntryPoint\",\"urlTemplate\":\"https:\\\/\\\/radioljubuski.ba\\\/?s={search_term_string}\"},\"query-input\":{\"@type\":\"PropertyValueSpecification\",\"valueRequired\":true,\"valueName\":\"search_term_string\"}}],\"inLanguage\":\"hr\"},{\"@type\":\"Organization\",\"@id\":\"https:\\\/\\\/radioljubuski.ba\\\/#organization\",\"name\":\"Radio Ljubu\u0161ki\",\"url\":\"https:\\\/\\\/radioljubuski.ba\\\/\",\"logo\":{\"@type\":\"ImageObject\",\"inLanguage\":\"hr\",\"@id\":\"https:\\\/\\\/radioljubuski.ba\\\/#\\\/schema\\\/logo\\\/image\\\/\",\"url\":\"https:\\\/\\\/radioljubuski.ba\\\/wp-content\\\/uploads\\\/2021\\\/02\\\/cropped-Radio_Ljubuski_logo1.jpg\",\"contentUrl\":\"https:\\\/\\\/radioljubuski.ba\\\/wp-content\\\/uploads\\\/2021\\\/02\\\/cropped-Radio_Ljubuski_logo1.jpg\",\"width\":512,\"height\":512,\"caption\":\"Radio Ljubu\u0161ki\"},\"image\":{\"@id\":\"https:\\\/\\\/radioljubuski.ba\\\/#\\\/schema\\\/logo\\\/image\\\/\"},\"sameAs\":[\"https:\\\/\\\/www.facebook.com\\\/Radiio-Ljubuski-1490835324566332\",\"https:\\\/\\\/x.com\\\/radioljubuski\",\"https:\\\/\\\/hr.linkedin.com\\\/company\\\/radio-ljubuski\",\"https:\\\/\\\/www.youtube.com\\\/channel\\\/UCHYaeO_n0Db3tjNGudGpXyw\"]},{\"@type\":\"Person\",\"@id\":\"https:\\\/\\\/radioljubuski.ba\\\/#\\\/schema\\\/person\\\/19fc700381a780f69665d7956c469e3b\",\"name\":\"Radio Ljubu\u0161ki\"}]}<\/script>\n<!-- \/ Yoast SEO plugin. -->","yoast_head_json":{"title":"Zavr\u0161eno 2. veliko zavjetno hodo\u010da\u0161\u0107e Kraljici Mira - RADIO LJUBU\u0160KI","robots":{"index":"index","follow":"follow","max-snippet":"max-snippet:-1","max-image-preview":"max-image-preview:large","max-video-preview":"max-video-preview:-1"},"canonical":"https:\/\/radioljubuski.ba\/index.php\/2021\/06\/25\/zavrseno-2-veliko-zavjetno-hodocasce-kraljici-mira\/","og_locale":"hr_HR","og_type":"article","og_title":"Zavr\u0161eno 2. veliko zavjetno hodo\u010da\u0161\u0107e Kraljici Mira - RADIO LJUBU\u0160KI","og_description":"Ni nesnosna vru\u0107ina, ni sparina, ni saharski pijesak u zraku\u2026 ni\u0161ta nije sprije\u010dilo tisu\u0107e vjernika Brotnja pa i \u0161ire, da se na uo\u010dnicu 40. Obljetnice Gospina ukazanja zapute na Drugo zavjetno hodo\u010da\u0161\u0107e Kraljici Mira u Me\u0111ugorje. Cilj je i ove godine bio zahvaliti Bla\u017eenoj Djevici Mariji \u2013 Kraljici Mira za sve milosti i darove kroz [&hellip;]","og_url":"https:\/\/radioljubuski.ba\/index.php\/2021\/06\/25\/zavrseno-2-veliko-zavjetno-hodocasce-kraljici-mira\/","og_site_name":"RADIO LJUBU\u0160KI","article_publisher":"https:\/\/www.facebook.com\/Radiio-Ljubuski-1490835324566332","article_published_time":"2021-06-25T09:27:52+00:00","article_modified_time":"2021-06-25T09:27:54+00:00","og_image":[{"width":740,"height":370,"url":"https:\/\/radioljubuski.ba\/wp-content\/uploads\/2021\/06\/zavjetno-hodocasce-zitelja-brotnja.jpg","type":"image\/jpeg"}],"author":"Radio Ljubu\u0161ki","twitter_card":"summary_large_image","twitter_creator":"@radioljubuski","twitter_site":"@radioljubuski","twitter_misc":{"Napisao\/la":"Radio Ljubu\u0161ki","Procijenjeno vrijeme \u010ditanja":"2 minute"},"schema":{"@context":"https:\/\/schema.org","@graph":[{"@type":"Article","@id":"https:\/\/radioljubuski.ba\/index.php\/2021\/06\/25\/zavrseno-2-veliko-zavjetno-hodocasce-kraljici-mira\/#article","isPartOf":{"@id":"https:\/\/radioljubuski.ba\/index.php\/2021\/06\/25\/zavrseno-2-veliko-zavjetno-hodocasce-kraljici-mira\/"},"author":{"name":"Radio Ljubu\u0161ki","@id":"https:\/\/radioljubuski.ba\/#\/schema\/person\/19fc700381a780f69665d7956c469e3b"},"headline":"Zavr\u0161eno 2. veliko zavjetno hodo\u010da\u0161\u0107e Kraljici Mira","datePublished":"2021-06-25T09:27:52+00:00","dateModified":"2021-06-25T09:27:54+00:00","mainEntityOfPage":{"@id":"https:\/\/radioljubuski.ba\/index.php\/2021\/06\/25\/zavrseno-2-veliko-zavjetno-hodocasce-kraljici-mira\/"},"wordCount":280,"publisher":{"@id":"https:\/\/radioljubuski.ba\/#organization"},"image":{"@id":"https:\/\/radioljubuski.ba\/index.php\/2021\/06\/25\/zavrseno-2-veliko-zavjetno-hodocasce-kraljici-mira\/#primaryimage"},"thumbnailUrl":"https:\/\/radioljubuski.ba\/wp-content\/uploads\/2021\/06\/zavjetno-hodocasce-zitelja-brotnja.jpg","articleSection":["BIH i regija"],"inLanguage":"hr"},{"@type":"WebPage","@id":"https:\/\/radioljubuski.ba\/index.php\/2021\/06\/25\/zavrseno-2-veliko-zavjetno-hodocasce-kraljici-mira\/","url":"https:\/\/radioljubuski.ba\/index.php\/2021\/06\/25\/zavrseno-2-veliko-zavjetno-hodocasce-kraljici-mira\/","name":"Zavr\u0161eno 2. veliko zavjetno hodo\u010da\u0161\u0107e Kraljici Mira - RADIO LJUBU\u0160KI","isPartOf":{"@id":"https:\/\/radioljubuski.ba\/#website"},"primaryImageOfPage":{"@id":"https:\/\/radioljubuski.ba\/index.php\/2021\/06\/25\/zavrseno-2-veliko-zavjetno-hodocasce-kraljici-mira\/#primaryimage"},"image":{"@id":"https:\/\/radioljubuski.ba\/index.php\/2021\/06\/25\/zavrseno-2-veliko-zavjetno-hodocasce-kraljici-mira\/#primaryimage"},"thumbnailUrl":"https:\/\/radioljubuski.ba\/wp-content\/uploads\/2021\/06\/zavjetno-hodocasce-zitelja-brotnja.jpg","datePublished":"2021-06-25T09:27:52+00:00","dateModified":"2021-06-25T09:27:54+00:00","breadcrumb":{"@id":"https:\/\/radioljubuski.ba\/index.php\/2021\/06\/25\/zavrseno-2-veliko-zavjetno-hodocasce-kraljici-mira\/#breadcrumb"},"inLanguage":"hr","potentialAction":[{"@type":"ReadAction","target":["https:\/\/radioljubuski.ba\/index.php\/2021\/06\/25\/zavrseno-2-veliko-zavjetno-hodocasce-kraljici-mira\/"]}]},{"@type":"ImageObject","inLanguage":"hr","@id":"https:\/\/radioljubuski.ba\/index.php\/2021\/06\/25\/zavrseno-2-veliko-zavjetno-hodocasce-kraljici-mira\/#primaryimage","url":"https:\/\/radioljubuski.ba\/wp-content\/uploads\/2021\/06\/zavjetno-hodocasce-zitelja-brotnja.jpg","contentUrl":"https:\/\/radioljubuski.ba\/wp-content\/uploads\/2021\/06\/zavjetno-hodocasce-zitelja-brotnja.jpg","width":740,"height":370},{"@type":"BreadcrumbList","@id":"https:\/\/radioljubuski.ba\/index.php\/2021\/06\/25\/zavrseno-2-veliko-zavjetno-hodocasce-kraljici-mira\/#breadcrumb","itemListElement":[{"@type":"ListItem","position":1,"name":"Po\u010detna stranica","item":"https:\/\/radioljubuski.ba\/"},{"@type":"ListItem","position":2,"name":"Zavr\u0161eno 2. veliko zavjetno hodo\u010da\u0161\u0107e Kraljici Mira"}]},{"@type":"WebSite","@id":"https:\/\/radioljubuski.ba\/#website","url":"https:\/\/radioljubuski.ba\/","name":"Radio Ljubu\u0161ki","description":"Sun\u010dana frekvencija Hercegovine","publisher":{"@id":"https:\/\/radioljubuski.ba\/#organization"},"potentialAction":[{"@type":"SearchAction","target":{"@type":"EntryPoint","urlTemplate":"https:\/\/radioljubuski.ba\/?s={search_term_string}"},"query-input":{"@type":"PropertyValueSpecification","valueRequired":true,"valueName":"search_term_string"}}],"inLanguage":"hr"},{"@type":"Organization","@id":"https:\/\/radioljubuski.ba\/#organization","name":"Radio Ljubu\u0161ki","url":"https:\/\/radioljubuski.ba\/","logo":{"@type":"ImageObject","inLanguage":"hr","@id":"https:\/\/radioljubuski.ba\/#\/schema\/logo\/image\/","url":"https:\/\/radioljubuski.ba\/wp-content\/uploads\/2021\/02\/cropped-Radio_Ljubuski_logo1.jpg","contentUrl":"https:\/\/radioljubuski.ba\/wp-content\/uploads\/2021\/02\/cropped-Radio_Ljubuski_logo1.jpg","width":512,"height":512,"caption":"Radio Ljubu\u0161ki"},"image":{"@id":"https:\/\/radioljubuski.ba\/#\/schema\/logo\/image\/"},"sameAs":["https:\/\/www.facebook.com\/Radiio-Ljubuski-1490835324566332","https:\/\/x.com\/radioljubuski","https:\/\/hr.linkedin.com\/company\/radio-ljubuski","https:\/\/www.youtube.com\/channel\/UCHYaeO_n0Db3tjNGudGpXyw"]},{"@type":"Person","@id":"https:\/\/radioljubuski.ba\/#\/schema\/person\/19fc700381a780f69665d7956c469e3b","name":"Radio Ljubu\u0161ki"}]}},"_links":{"self":[{"href":"https:\/\/radioljubuski.ba\/index.php\/wp-json\/wp\/v2\/posts\/35784","targetHints":{"allow":["GET"]}}],"collection":[{"href":"https:\/\/radioljubuski.ba\/index.php\/wp-json\/wp\/v2\/posts"}],"about":[{"href":"https:\/\/radioljubuski.ba\/index.php\/wp-json\/wp\/v2\/types\/post"}],"author":[{"embeddable":true,"href":"https:\/\/radioljubuski.ba\/index.php\/wp-json\/wp\/v2\/users\/2"}],"replies":[{"embeddable":true,"href":"https:\/\/radioljubuski.ba\/index.php\/wp-json\/wp\/v2\/comments?post=35784"}],"version-history":[{"count":1,"href":"https:\/\/radioljubuski.ba\/index.php\/wp-json\/wp\/v2\/posts\/35784\/revisions"}],"predecessor-version":[{"id":35786,"href":"https:\/\/radioljubuski.ba\/index.php\/wp-json\/wp\/v2\/posts\/35784\/revisions\/35786"}],"wp:featuredmedia":[{"embeddable":true,"href":"https:\/\/radioljubuski.ba\/index.php\/wp-json\/wp\/v2\/media\/35785"}],"wp:attachment":[{"href":"https:\/\/radioljubuski.ba\/index.php\/wp-json\/wp\/v2\/media?parent=35784"}],"wp:term":[{"taxonomy":"category","embeddable":true,"href":"https:\/\/radioljubuski.ba\/index.php\/wp-json\/wp\/v2\/categories?post=35784"},{"taxonomy":"post_tag","embeddable":true,"href":"https:\/\/radioljubuski.ba\/index.php\/wp-json\/wp\/v2\/tags?post=35784"}],"curies":[{"name":"wp","href":"https:\/\/api.w.org\/{rel}","templated":true}]}}