{"id":35808,"date":"2021-06-25T10:49:57","date_gmt":"2021-06-25T09:49:57","guid":{"rendered":"https:\/\/radioljubuski.ba\/?p=35808"},"modified":"2021-06-25T10:49:58","modified_gmt":"2021-06-25T09:49:58","slug":"barisic-gvardiol-ce-biti-vrhunski-igrac","status":"publish","type":"post","link":"https:\/\/radioljubuski.ba\/index.php\/2021\/06\/25\/barisic-gvardiol-ce-biti-vrhunski-igrac\/","title":{"rendered":"Bari\u0161i\u0107: Gvardiol \u0107e biti vrhunski igra\u010d"},"content":{"rendered":"\n<p>Hrvatski nogometa\u0161i u Rovinju se pripremaju za osminu finala Europskog prvenstva, u kojemu \u0107e 28. lipnja u 18 sati u Kopenhagenu zaigrati protiv \u0160panjolske. Na dana\u0161njoj konferenciji za novinare o predstoje\u0107im izazovima pri\u010dali su Mateo Kova\u010di\u0107 i Borna Bari\u0161i\u0107.<\/p>\n\n\n\n<p>Prvi je pri\u010dao igra\u010d Rangersa, koji je imao problema s ozljedom:<\/p>\n\n\n\n<p>&#8211; Sad je sve u redu. Drugi trening kad sam do\u0161ao na pripreme osjetio sam le\u0111a i imao probleme otad. Uspio sam zalije\u010diti nakratko, ali se na\u017ealost vratilo. Sad je situacija dobra, rekao je i objasnio:<\/p>\n\n\n\n<p>&nbsp;&#8211; Odigrao sam puno utakmica u Rangersu. Kad smo bili pred kraj prvenstva i osvojili ga, bio sam fokusiran na Euro. Nakon prve ozljede protiv Celtica, bio sam zabrinut, u kakvom \u0107u stanju do\u0107i. Uspio sam to sanirati, ali opet se dogodila neobi\u010dna ozljeda le\u0111a i naravno da me to poremetilo. Ali hvala Bogu, sad je sve u redu, odigrao sam 20-ak minuta i pomogao reprezentaciji da se plasira dalje.<\/p>\n\n\n\n<p>&#8211; Imamo puno vjere i samopouzdanja nakon utakmice protiv \u0160kotske, ta utakmica \u0107e nam biti odsko\u010dna daska za dalje. Vra\u0107aju se i na\u0161i navija\u010di na tribine \u0161to je tako\u0111er vrlo va\u017eno, rekao je Bari\u0161i\u0107 o stanju i atmosferi u mom\u010dadi.<\/p>\n\n\n\n<p>Dobio je puno poruka od \u0161kotskih prijatelja:<\/p>\n\n\n\n<p>&#8211; Dobio sam ih puno, rekli su mi da odsad navijaju za Hrvatsku. Imamo veliku podr\u0161ku iz \u0160kotske.<\/p>\n\n\n\n<p>Prokomentirao je potom igru <strong>Jo\u0161ka Gvardiola<\/strong>:<\/p>\n\n\n\n<p>&#8211; Ne bih komentirao kako je odigrao, to je stvar struke, ali Jo\u0161ko je sigurno veliki potencijal, vidjeli smo to kroz sezonu u Dinamu. Ako bude sve u redu, izrast \u0107e u vrhunskog igra\u010da. Smatram ga jako dobrim de\u010dkom i osobom, nemam \u0161to vi\u0161e re\u0107i od toga.<\/p>\n\n\n\n<p>Osvrnuo se Bari\u0161i\u0107 i na sljede\u0107eg suparnika, \u0160panjolsku:<\/p>\n\n\n\n<p>&#8211; Vidjeli smo kroz dosada\u0161nje utakmice da su odli\u010dna ekipa. Igraju s puno kombinatorike, sigurno \u0107e biti te\u0161ka i zahtjevna utakmica. Protivnik je to druga\u010diji od onih u skupini. Oni vole posjed, ali i mi imamo igra\u010de koji su sposobni dr\u017eati loptu u svojim nogama. Morat \u0107emo se druga\u010dije postaviti, sigurno je da \u0107e biti druga\u010dija utakmica od dosada\u0161njih. Ne\u0107emo biti favoriti, a to zna\u010di da mo\u017eemo u\u0107i u utakmicu &#8216;\u010di\u0161\u0107i u glavi&#8217;, no to mo\u017ee biti i dvosjekli ma\u010d. \u0160panjolska je kvalitetnija od nas, ali i mi imamo svojih kvaliteta. Ako budemo gradili optimizam na prethodnoj utakmici, onda imamo \u0161anse za dobar rezultat.<\/p>\n\n\n\n<p>Izvor:hrt.hr<\/p>\n","protected":false},"excerpt":{"rendered":"<p>Hrvatski nogometa\u0161i u Rovinju se pripremaju za osminu finala Europskog prvenstva, u kojemu \u0107e 28. lipnja u 18 sati u Kopenhagenu zaigrati protiv \u0160panjolske. Na dana\u0161njoj konferenciji za novinare o predstoje\u0107im izazovima pri\u010dali su Mateo Kova\u010di\u0107 i Borna Bari\u0161i\u0107. Prvi je pri\u010dao igra\u010d Rangersa, koji je imao problema s ozljedom: &#8211; Sad je sve u [&hellip;]<\/p>\n","protected":false},"author":2,"featured_media":35809,"comment_status":"closed","ping_status":"closed","sticky":false,"template":"","format":"standard","meta":{"h5ap_radio_sources":[],"footnotes":""},"categories":[7],"tags":[],"class_list":["post-35808","post","type-post","status-publish","format-standard","has-post-thumbnail","hentry","category-sport"],"yoast_head":"<!-- This site is optimized with the Yoast SEO plugin v27.5 - https:\/\/yoast.com\/product\/yoast-seo-wordpress\/ -->\n<title>Bari\u0161i\u0107: Gvardiol \u0107e biti vrhunski igra\u010d - RADIO LJUBU\u0160KI<\/title>\n<meta name=\"robots\" content=\"index, follow, max-snippet:-1, max-image-preview:large, max-video-preview:-1\" \/>\n<link rel=\"canonical\" href=\"https:\/\/radioljubuski.ba\/index.php\/2021\/06\/25\/barisic-gvardiol-ce-biti-vrhunski-igrac\/\" \/>\n<meta property=\"og:locale\" content=\"hr_HR\" \/>\n<meta property=\"og:type\" content=\"article\" \/>\n<meta property=\"og:title\" content=\"Bari\u0161i\u0107: Gvardiol \u0107e biti vrhunski igra\u010d - RADIO LJUBU\u0160KI\" \/>\n<meta property=\"og:description\" content=\"Hrvatski nogometa\u0161i u Rovinju se pripremaju za osminu finala Europskog prvenstva, u kojemu \u0107e 28. lipnja u 18 sati u Kopenhagenu zaigrati protiv \u0160panjolske. Na dana\u0161njoj konferenciji za novinare o predstoje\u0107im izazovima pri\u010dali su Mateo Kova\u010di\u0107 i Borna Bari\u0161i\u0107. Prvi je pri\u010dao igra\u010d Rangersa, koji je imao problema s ozljedom: &#8211; Sad je sve u [&hellip;]\" \/>\n<meta property=\"og:url\" content=\"https:\/\/radioljubuski.ba\/index.php\/2021\/06\/25\/barisic-gvardiol-ce-biti-vrhunski-igrac\/\" \/>\n<meta property=\"og:site_name\" content=\"RADIO LJUBU\u0160KI\" \/>\n<meta property=\"article:publisher\" content=\"https:\/\/www.facebook.com\/Radiio-Ljubuski-1490835324566332\" \/>\n<meta property=\"article:published_time\" content=\"2021-06-25T09:49:57+00:00\" \/>\n<meta property=\"article:modified_time\" content=\"2021-06-25T09:49:58+00:00\" \/>\n<meta property=\"og:image\" content=\"https:\/\/radioljubuski.ba\/wp-content\/uploads\/2021\/06\/bb-pxl-230621-33373849-20210625091334.jpg\" \/>\n\t<meta property=\"og:image:width\" content=\"1000\" \/>\n\t<meta property=\"og:image:height\" content=\"556\" \/>\n\t<meta property=\"og:image:type\" content=\"image\/jpeg\" \/>\n<meta name=\"author\" content=\"Radio Ljubu\u0161ki\" \/>\n<meta name=\"twitter:card\" content=\"summary_large_image\" \/>\n<meta name=\"twitter:creator\" content=\"@radioljubuski\" \/>\n<meta name=\"twitter:site\" content=\"@radioljubuski\" \/>\n<meta name=\"twitter:label1\" content=\"Napisao\/la\" \/>\n\t<meta name=\"twitter:data1\" content=\"Radio Ljubu\u0161ki\" \/>\n\t<meta name=\"twitter:label2\" content=\"Procijenjeno vrijeme \u010ditanja\" \/>\n\t<meta name=\"twitter:data2\" content=\"2 minute\" \/>\n<script type=\"application\/ld+json\" class=\"yoast-schema-graph\">{\"@context\":\"https:\\\/\\\/schema.org\",\"@graph\":[{\"@type\":\"Article\",\"@id\":\"https:\\\/\\\/radioljubuski.ba\\\/index.php\\\/2021\\\/06\\\/25\\\/barisic-gvardiol-ce-biti-vrhunski-igrac\\\/#article\",\"isPartOf\":{\"@id\":\"https:\\\/\\\/radioljubuski.ba\\\/index.php\\\/2021\\\/06\\\/25\\\/barisic-gvardiol-ce-biti-vrhunski-igrac\\\/\"},\"author\":{\"name\":\"Radio Ljubu\u0161ki\",\"@id\":\"https:\\\/\\\/radioljubuski.ba\\\/#\\\/schema\\\/person\\\/19fc700381a780f69665d7956c469e3b\"},\"headline\":\"Bari\u0161i\u0107: Gvardiol \u0107e biti vrhunski igra\u010d\",\"datePublished\":\"2021-06-25T09:49:57+00:00\",\"dateModified\":\"2021-06-25T09:49:58+00:00\",\"mainEntityOfPage\":{\"@id\":\"https:\\\/\\\/radioljubuski.ba\\\/index.php\\\/2021\\\/06\\\/25\\\/barisic-gvardiol-ce-biti-vrhunski-igrac\\\/\"},\"wordCount\":441,\"publisher\":{\"@id\":\"https:\\\/\\\/radioljubuski.ba\\\/#organization\"},\"image\":{\"@id\":\"https:\\\/\\\/radioljubuski.ba\\\/index.php\\\/2021\\\/06\\\/25\\\/barisic-gvardiol-ce-biti-vrhunski-igrac\\\/#primaryimage\"},\"thumbnailUrl\":\"https:\\\/\\\/radioljubuski.ba\\\/wp-content\\\/uploads\\\/2021\\\/06\\\/bb-pxl-230621-33373849-20210625091334.jpg\",\"articleSection\":[\"\u0160port\"],\"inLanguage\":\"hr\"},{\"@type\":\"WebPage\",\"@id\":\"https:\\\/\\\/radioljubuski.ba\\\/index.php\\\/2021\\\/06\\\/25\\\/barisic-gvardiol-ce-biti-vrhunski-igrac\\\/\",\"url\":\"https:\\\/\\\/radioljubuski.ba\\\/index.php\\\/2021\\\/06\\\/25\\\/barisic-gvardiol-ce-biti-vrhunski-igrac\\\/\",\"name\":\"Bari\u0161i\u0107: Gvardiol \u0107e biti vrhunski igra\u010d - RADIO LJUBU\u0160KI\",\"isPartOf\":{\"@id\":\"https:\\\/\\\/radioljubuski.ba\\\/#website\"},\"primaryImageOfPage\":{\"@id\":\"https:\\\/\\\/radioljubuski.ba\\\/index.php\\\/2021\\\/06\\\/25\\\/barisic-gvardiol-ce-biti-vrhunski-igrac\\\/#primaryimage\"},\"image\":{\"@id\":\"https:\\\/\\\/radioljubuski.ba\\\/index.php\\\/2021\\\/06\\\/25\\\/barisic-gvardiol-ce-biti-vrhunski-igrac\\\/#primaryimage\"},\"thumbnailUrl\":\"https:\\\/\\\/radioljubuski.ba\\\/wp-content\\\/uploads\\\/2021\\\/06\\\/bb-pxl-230621-33373849-20210625091334.jpg\",\"datePublished\":\"2021-06-25T09:49:57+00:00\",\"dateModified\":\"2021-06-25T09:49:58+00:00\",\"breadcrumb\":{\"@id\":\"https:\\\/\\\/radioljubuski.ba\\\/index.php\\\/2021\\\/06\\\/25\\\/barisic-gvardiol-ce-biti-vrhunski-igrac\\\/#breadcrumb\"},\"inLanguage\":\"hr\",\"potentialAction\":[{\"@type\":\"ReadAction\",\"target\":[\"https:\\\/\\\/radioljubuski.ba\\\/index.php\\\/2021\\\/06\\\/25\\\/barisic-gvardiol-ce-biti-vrhunski-igrac\\\/\"]}]},{\"@type\":\"ImageObject\",\"inLanguage\":\"hr\",\"@id\":\"https:\\\/\\\/radioljubuski.ba\\\/index.php\\\/2021\\\/06\\\/25\\\/barisic-gvardiol-ce-biti-vrhunski-igrac\\\/#primaryimage\",\"url\":\"https:\\\/\\\/radioljubuski.ba\\\/wp-content\\\/uploads\\\/2021\\\/06\\\/bb-pxl-230621-33373849-20210625091334.jpg\",\"contentUrl\":\"https:\\\/\\\/radioljubuski.ba\\\/wp-content\\\/uploads\\\/2021\\\/06\\\/bb-pxl-230621-33373849-20210625091334.jpg\",\"width\":1000,\"height\":556},{\"@type\":\"BreadcrumbList\",\"@id\":\"https:\\\/\\\/radioljubuski.ba\\\/index.php\\\/2021\\\/06\\\/25\\\/barisic-gvardiol-ce-biti-vrhunski-igrac\\\/#breadcrumb\",\"itemListElement\":[{\"@type\":\"ListItem\",\"position\":1,\"name\":\"Po\u010detna stranica\",\"item\":\"https:\\\/\\\/radioljubuski.ba\\\/\"},{\"@type\":\"ListItem\",\"position\":2,\"name\":\"Bari\u0161i\u0107: Gvardiol \u0107e biti vrhunski igra\u010d\"}]},{\"@type\":\"WebSite\",\"@id\":\"https:\\\/\\\/radioljubuski.ba\\\/#website\",\"url\":\"https:\\\/\\\/radioljubuski.ba\\\/\",\"name\":\"Radio Ljubu\u0161ki\",\"description\":\"Sun\u010dana frekvencija Hercegovine\",\"publisher\":{\"@id\":\"https:\\\/\\\/radioljubuski.ba\\\/#organization\"},\"potentialAction\":[{\"@type\":\"SearchAction\",\"target\":{\"@type\":\"EntryPoint\",\"urlTemplate\":\"https:\\\/\\\/radioljubuski.ba\\\/?s={search_term_string}\"},\"query-input\":{\"@type\":\"PropertyValueSpecification\",\"valueRequired\":true,\"valueName\":\"search_term_string\"}}],\"inLanguage\":\"hr\"},{\"@type\":\"Organization\",\"@id\":\"https:\\\/\\\/radioljubuski.ba\\\/#organization\",\"name\":\"Radio Ljubu\u0161ki\",\"url\":\"https:\\\/\\\/radioljubuski.ba\\\/\",\"logo\":{\"@type\":\"ImageObject\",\"inLanguage\":\"hr\",\"@id\":\"https:\\\/\\\/radioljubuski.ba\\\/#\\\/schema\\\/logo\\\/image\\\/\",\"url\":\"https:\\\/\\\/radioljubuski.ba\\\/wp-content\\\/uploads\\\/2021\\\/02\\\/cropped-Radio_Ljubuski_logo1.jpg\",\"contentUrl\":\"https:\\\/\\\/radioljubuski.ba\\\/wp-content\\\/uploads\\\/2021\\\/02\\\/cropped-Radio_Ljubuski_logo1.jpg\",\"width\":512,\"height\":512,\"caption\":\"Radio Ljubu\u0161ki\"},\"image\":{\"@id\":\"https:\\\/\\\/radioljubuski.ba\\\/#\\\/schema\\\/logo\\\/image\\\/\"},\"sameAs\":[\"https:\\\/\\\/www.facebook.com\\\/Radiio-Ljubuski-1490835324566332\",\"https:\\\/\\\/x.com\\\/radioljubuski\",\"https:\\\/\\\/hr.linkedin.com\\\/company\\\/radio-ljubuski\",\"https:\\\/\\\/www.youtube.com\\\/channel\\\/UCHYaeO_n0Db3tjNGudGpXyw\"]},{\"@type\":\"Person\",\"@id\":\"https:\\\/\\\/radioljubuski.ba\\\/#\\\/schema\\\/person\\\/19fc700381a780f69665d7956c469e3b\",\"name\":\"Radio Ljubu\u0161ki\"}]}<\/script>\n<!-- \/ Yoast SEO plugin. -->","yoast_head_json":{"title":"Bari\u0161i\u0107: Gvardiol \u0107e biti vrhunski igra\u010d - RADIO LJUBU\u0160KI","robots":{"index":"index","follow":"follow","max-snippet":"max-snippet:-1","max-image-preview":"max-image-preview:large","max-video-preview":"max-video-preview:-1"},"canonical":"https:\/\/radioljubuski.ba\/index.php\/2021\/06\/25\/barisic-gvardiol-ce-biti-vrhunski-igrac\/","og_locale":"hr_HR","og_type":"article","og_title":"Bari\u0161i\u0107: Gvardiol \u0107e biti vrhunski igra\u010d - RADIO LJUBU\u0160KI","og_description":"Hrvatski nogometa\u0161i u Rovinju se pripremaju za osminu finala Europskog prvenstva, u kojemu \u0107e 28. lipnja u 18 sati u Kopenhagenu zaigrati protiv \u0160panjolske. Na dana\u0161njoj konferenciji za novinare o predstoje\u0107im izazovima pri\u010dali su Mateo Kova\u010di\u0107 i Borna Bari\u0161i\u0107. Prvi je pri\u010dao igra\u010d Rangersa, koji je imao problema s ozljedom: &#8211; Sad je sve u [&hellip;]","og_url":"https:\/\/radioljubuski.ba\/index.php\/2021\/06\/25\/barisic-gvardiol-ce-biti-vrhunski-igrac\/","og_site_name":"RADIO LJUBU\u0160KI","article_publisher":"https:\/\/www.facebook.com\/Radiio-Ljubuski-1490835324566332","article_published_time":"2021-06-25T09:49:57+00:00","article_modified_time":"2021-06-25T09:49:58+00:00","og_image":[{"width":1000,"height":556,"url":"https:\/\/radioljubuski.ba\/wp-content\/uploads\/2021\/06\/bb-pxl-230621-33373849-20210625091334.jpg","type":"image\/jpeg"}],"author":"Radio Ljubu\u0161ki","twitter_card":"summary_large_image","twitter_creator":"@radioljubuski","twitter_site":"@radioljubuski","twitter_misc":{"Napisao\/la":"Radio Ljubu\u0161ki","Procijenjeno vrijeme \u010ditanja":"2 minute"},"schema":{"@context":"https:\/\/schema.org","@graph":[{"@type":"Article","@id":"https:\/\/radioljubuski.ba\/index.php\/2021\/06\/25\/barisic-gvardiol-ce-biti-vrhunski-igrac\/#article","isPartOf":{"@id":"https:\/\/radioljubuski.ba\/index.php\/2021\/06\/25\/barisic-gvardiol-ce-biti-vrhunski-igrac\/"},"author":{"name":"Radio Ljubu\u0161ki","@id":"https:\/\/radioljubuski.ba\/#\/schema\/person\/19fc700381a780f69665d7956c469e3b"},"headline":"Bari\u0161i\u0107: Gvardiol \u0107e biti vrhunski igra\u010d","datePublished":"2021-06-25T09:49:57+00:00","dateModified":"2021-06-25T09:49:58+00:00","mainEntityOfPage":{"@id":"https:\/\/radioljubuski.ba\/index.php\/2021\/06\/25\/barisic-gvardiol-ce-biti-vrhunski-igrac\/"},"wordCount":441,"publisher":{"@id":"https:\/\/radioljubuski.ba\/#organization"},"image":{"@id":"https:\/\/radioljubuski.ba\/index.php\/2021\/06\/25\/barisic-gvardiol-ce-biti-vrhunski-igrac\/#primaryimage"},"thumbnailUrl":"https:\/\/radioljubuski.ba\/wp-content\/uploads\/2021\/06\/bb-pxl-230621-33373849-20210625091334.jpg","articleSection":["\u0160port"],"inLanguage":"hr"},{"@type":"WebPage","@id":"https:\/\/radioljubuski.ba\/index.php\/2021\/06\/25\/barisic-gvardiol-ce-biti-vrhunski-igrac\/","url":"https:\/\/radioljubuski.ba\/index.php\/2021\/06\/25\/barisic-gvardiol-ce-biti-vrhunski-igrac\/","name":"Bari\u0161i\u0107: Gvardiol \u0107e biti vrhunski igra\u010d - RADIO LJUBU\u0160KI","isPartOf":{"@id":"https:\/\/radioljubuski.ba\/#website"},"primaryImageOfPage":{"@id":"https:\/\/radioljubuski.ba\/index.php\/2021\/06\/25\/barisic-gvardiol-ce-biti-vrhunski-igrac\/#primaryimage"},"image":{"@id":"https:\/\/radioljubuski.ba\/index.php\/2021\/06\/25\/barisic-gvardiol-ce-biti-vrhunski-igrac\/#primaryimage"},"thumbnailUrl":"https:\/\/radioljubuski.ba\/wp-content\/uploads\/2021\/06\/bb-pxl-230621-33373849-20210625091334.jpg","datePublished":"2021-06-25T09:49:57+00:00","dateModified":"2021-06-25T09:49:58+00:00","breadcrumb":{"@id":"https:\/\/radioljubuski.ba\/index.php\/2021\/06\/25\/barisic-gvardiol-ce-biti-vrhunski-igrac\/#breadcrumb"},"inLanguage":"hr","potentialAction":[{"@type":"ReadAction","target":["https:\/\/radioljubuski.ba\/index.php\/2021\/06\/25\/barisic-gvardiol-ce-biti-vrhunski-igrac\/"]}]},{"@type":"ImageObject","inLanguage":"hr","@id":"https:\/\/radioljubuski.ba\/index.php\/2021\/06\/25\/barisic-gvardiol-ce-biti-vrhunski-igrac\/#primaryimage","url":"https:\/\/radioljubuski.ba\/wp-content\/uploads\/2021\/06\/bb-pxl-230621-33373849-20210625091334.jpg","contentUrl":"https:\/\/radioljubuski.ba\/wp-content\/uploads\/2021\/06\/bb-pxl-230621-33373849-20210625091334.jpg","width":1000,"height":556},{"@type":"BreadcrumbList","@id":"https:\/\/radioljubuski.ba\/index.php\/2021\/06\/25\/barisic-gvardiol-ce-biti-vrhunski-igrac\/#breadcrumb","itemListElement":[{"@type":"ListItem","position":1,"name":"Po\u010detna stranica","item":"https:\/\/radioljubuski.ba\/"},{"@type":"ListItem","position":2,"name":"Bari\u0161i\u0107: Gvardiol \u0107e biti vrhunski igra\u010d"}]},{"@type":"WebSite","@id":"https:\/\/radioljubuski.ba\/#website","url":"https:\/\/radioljubuski.ba\/","name":"Radio Ljubu\u0161ki","description":"Sun\u010dana frekvencija Hercegovine","publisher":{"@id":"https:\/\/radioljubuski.ba\/#organization"},"potentialAction":[{"@type":"SearchAction","target":{"@type":"EntryPoint","urlTemplate":"https:\/\/radioljubuski.ba\/?s={search_term_string}"},"query-input":{"@type":"PropertyValueSpecification","valueRequired":true,"valueName":"search_term_string"}}],"inLanguage":"hr"},{"@type":"Organization","@id":"https:\/\/radioljubuski.ba\/#organization","name":"Radio Ljubu\u0161ki","url":"https:\/\/radioljubuski.ba\/","logo":{"@type":"ImageObject","inLanguage":"hr","@id":"https:\/\/radioljubuski.ba\/#\/schema\/logo\/image\/","url":"https:\/\/radioljubuski.ba\/wp-content\/uploads\/2021\/02\/cropped-Radio_Ljubuski_logo1.jpg","contentUrl":"https:\/\/radioljubuski.ba\/wp-content\/uploads\/2021\/02\/cropped-Radio_Ljubuski_logo1.jpg","width":512,"height":512,"caption":"Radio Ljubu\u0161ki"},"image":{"@id":"https:\/\/radioljubuski.ba\/#\/schema\/logo\/image\/"},"sameAs":["https:\/\/www.facebook.com\/Radiio-Ljubuski-1490835324566332","https:\/\/x.com\/radioljubuski","https:\/\/hr.linkedin.com\/company\/radio-ljubuski","https:\/\/www.youtube.com\/channel\/UCHYaeO_n0Db3tjNGudGpXyw"]},{"@type":"Person","@id":"https:\/\/radioljubuski.ba\/#\/schema\/person\/19fc700381a780f69665d7956c469e3b","name":"Radio Ljubu\u0161ki"}]}},"_links":{"self":[{"href":"https:\/\/radioljubuski.ba\/index.php\/wp-json\/wp\/v2\/posts\/35808","targetHints":{"allow":["GET"]}}],"collection":[{"href":"https:\/\/radioljubuski.ba\/index.php\/wp-json\/wp\/v2\/posts"}],"about":[{"href":"https:\/\/radioljubuski.ba\/index.php\/wp-json\/wp\/v2\/types\/post"}],"author":[{"embeddable":true,"href":"https:\/\/radioljubuski.ba\/index.php\/wp-json\/wp\/v2\/users\/2"}],"replies":[{"embeddable":true,"href":"https:\/\/radioljubuski.ba\/index.php\/wp-json\/wp\/v2\/comments?post=35808"}],"version-history":[{"count":1,"href":"https:\/\/radioljubuski.ba\/index.php\/wp-json\/wp\/v2\/posts\/35808\/revisions"}],"predecessor-version":[{"id":35810,"href":"https:\/\/radioljubuski.ba\/index.php\/wp-json\/wp\/v2\/posts\/35808\/revisions\/35810"}],"wp:featuredmedia":[{"embeddable":true,"href":"https:\/\/radioljubuski.ba\/index.php\/wp-json\/wp\/v2\/media\/35809"}],"wp:attachment":[{"href":"https:\/\/radioljubuski.ba\/index.php\/wp-json\/wp\/v2\/media?parent=35808"}],"wp:term":[{"taxonomy":"category","embeddable":true,"href":"https:\/\/radioljubuski.ba\/index.php\/wp-json\/wp\/v2\/categories?post=35808"},{"taxonomy":"post_tag","embeddable":true,"href":"https:\/\/radioljubuski.ba\/index.php\/wp-json\/wp\/v2\/tags?post=35808"}],"curies":[{"name":"wp","href":"https:\/\/api.w.org\/{rel}","templated":true}]}}