{"id":35823,"date":"2021-06-25T11:03:22","date_gmt":"2021-06-25T10:03:22","guid":{"rendered":"https:\/\/radioljubuski.ba\/?p=35823"},"modified":"2021-06-25T11:03:24","modified_gmt":"2021-06-25T10:03:24","slug":"u-tornadu-u-ceskoj-troje-ljudi-poginulo-deseci-ranjenih","status":"publish","type":"post","link":"https:\/\/radioljubuski.ba\/index.php\/2021\/06\/25\/u-tornadu-u-ceskoj-troje-ljudi-poginulo-deseci-ranjenih\/","title":{"rendered":"U tornadu u \u010ce\u0161koj troje ljudi poginulo, deseci ranjenih"},"content":{"rendered":"\n<p>Najmanje troje ljudi je poginulo, a deseci su ranjeni u tornadu i jakim olujama koje su u \u010detvrtak pogodile ju\u017ene dijelove \u010ce\u0161ke razru\u0161iv\u0161i i dijelove nekih gradova, objavile su u petak hitne slu\u017ebe i \u010de\u0161ki mediji.<\/p>\n\n\n\n<p>Tornado je pogodio gradove oko Hodonina, du\u017e granice sa Slova\u010dkom i Austrijom, 270 km ju\u017eno od glavnog grada Praga. Rije\u010d je o najja\u010dem takvom naletu vjetra i oluje u modernoj povijesti ove srednjoeuropske zemlje i prvom tornadu nakon 2018., objavila je meteorolo\u0161ka slu\u017eba.<\/p>\n\n\n\n<p>Jaka oluja skidala je krovove s ku\u0107a i drugih zgrada, odnosila prozore, prevrnula automobile i nanijela gomile polomljenog materijala po ulicama.<\/p>\n\n\n\n<p>U gradu Moravska Nova Ves spasila\u010dke slu\u017ebe ra\u0161\u010di\u0161\u0107avaju i dalje naneseni otpad, nakon \u0161to su cijelu no\u0107 proveli na ulicama.<\/p>\n\n\n\n<p>Glasnogovornik hitne slu\u017ebe regije Ju\u017ene Moravske kazao je za \u010ce\u0161ku televiziju da je troje ljudi poginulo u oluji a deseci su ranjeni.<\/p>\n\n\n\n<p>\u010ce\u0161ka TV izvijestila je, pozivaju\u0107i se na glasnogovornika spasila\u010dkih slu\u017ebi, da je sedam gradova pretrpjelo ozbiljne \u0161tete. Du\u017enosnik grada Hruskyja objavio je da je polovica grada prakti\u010dki sravnjena sa zemljom.<\/p>\n\n\n\n<p>Spasila\u010dke slu\u017ebe u potrazi su za stradalima u tom podru\u010dju, a susjedne Austrija i Slova\u010dka poslale su u pomo\u0107 svoje spasila\u010dke timove.<\/p>\n\n\n\n<p>U tijeku je potraga za pre\u017eivjelima zatrpanim u ru\u0161evinama. Najpogo\u0111enija mjesta izgledaju poput ratne zone. Raspore\u0111eni su spasila\u010dki timovi iz cijele zemlje, kao i iz susjedne Austrije te Slova\u010dke. Bez struje je 120 tisu\u0107a ku\u0107anstava.<\/p>\n\n\n\n<p>Meteorolog \u010de\u0161ke televizije rekao je da je tornado du\u017e austrijske granice i 270 km jugoisto\u010dno od Praga, mo\u017eda dosegnuo razinu F3-F4, s vjetrovima od 267 do 322 kilometra na sat.<\/p>\n\n\n\n<p>Najte\u017ee je stradao gradi\u0107 Hodonin, 270 kilometara jugoisto\u010dno od Praga, u kojem je ogromna o\u0161te\u0107enja pretrpio jedan dom umirovljenika, a sna\u017ean vjetar je prevrnuo autobus.<\/p>\n\n\n\n<p>Ravnatelj bolnice u tom gradi\u0107u, Antonin Tesarik, kazao je kako je situacija izgledala kao ratno polje i kako je u bolnicu zaprimljeno 200 ljudi.<\/p>\n\n\n\n<p>&#8211; Bilo je apokalipti\u010dno. Krvi je bilo posvuda i bespomo\u0107nih ljudi u suzama. Spasili su \u017eivot, no izgubili krov nad glavom &#8211; kazao je.&nbsp;<\/p>\n\n\n\n<p>&#8211; Ovo je \u017eivi pakao &#8211; kazao je guverner Ju\u017ene Moravske Jan Grolich nakon \u0161to je posjetio pogo\u0111ena podru\u010dja.<\/p>\n\n\n\n<p>Ministar unutarnjih poslova Jan Hama\u010dek proglasio je izvanredno stanje, istaknuv\u0161i da je u tijeku potraga za pre\u017eivjelima zatrpanim u ru\u0161evinama.<\/p>\n\n\n\n<p>&#8211; Svi raspolo\u017eivi spasioci su mobilizirani i na putu su u okrug Hodonin, gdje je tornado pogodio vi\u0161e op\u0107ina, napisao je Hama\u010dek na Twitteru.<\/p>\n\n\n\n<p>Policija je objavila da su pogo\u0111ene op\u0107ine zatvorene, a kao razlog su naveli i curanja plina. Zamolili su \u010dlanove obitelji onih u pogo\u0111enim podru\u010djima da ih informiraju koliko god mogu.<br><br>Autocesta D2 u smjeru Slova\u010dke oko pono\u0107i je potpuno zatvorena, koristi se samo za prolazak hitnih slu\u017ebi. Konvoj spasila\u010dkih slu\u017ebi krenuo je ne\u0161to prije pono\u0107i iz Praga.<br><br>Snimke i fotografije s dru\u0161tvenih mre\u017ea pokazuju ku\u0107e i crkve bez krovova, razbijene prozore, ali i objekte koji su potpuno uni\u0161teni, sru\u0161ena stabla i uni\u0161tene automobile.<br><br>Ju\u017enomoravski vatrogasci su imali preko 300 poziva u sat vremena.<br><br>&#8211; Interveniramo prvenstveno tamo gdje je zdravlje ljudi ugro\u017eeno, rekao je<strong> Jaroslav Miko\u0161ka<\/strong>, \u200b\u200bglasnogovornik ju\u017enomoravskih vatrogasaca, za iDNES.cz.<br><br>Polovina sela Hru\u0161ky uni\u0161teno je, kazao je zamjenik gradona\u010delnika<strong> Marek Babisz.<br><\/strong><br>&#8211; Crkva je bez tornja, osnovna \u0161kola nema krova i izolacije, a ono \u0161to su nekad bile ku\u0107e sada su samo goli zidovi. Ima ozlije\u0111enih, zaista je stra\u0161no &#8211; kazao je za \u010de\u0161ku radiopostaju.<br><br>Stru\u010dnjaci procjenjuju da je tornado koji ga je poharao vjerojatno bio najja\u010di zabilje\u017eeni u suvremenoj povijesti \u010ce\u0161ke, a svakako je bio prvi tornado u posljednjih nekoliko godina.<\/p>\n\n\n\n<p><strong>Nevrijeme u Europi<\/strong><br><br>I u ostatku Europe, nepovoljno vrijeme.<br><br>Jako nevrijeme, pra\u0107eno ki\u0161om i tu\u010dom, zahvatilo je Francusku i Njema\u010dku. U Francuskoj je padala tu\u010da veli\u010dine ping-pong loptica. Vatrogasci su imali oko 150 intervencija. Na sre\u0107u, nema ozlije\u0111enih. U Bavarskoj je jaka tu\u010da s ki\u0161om uzrokovala velike poplave.<\/p>\n\n\n\n<blockquote class=\"twitter-tweet\"><p lang=\"en\" dir=\"ltr\">BREAKING: Tornado causes major damage in the Czech Republic <a href=\"https:\/\/t.co\/TdSm87Z4gG\">pic.twitter.com\/TdSm87Z4gG<\/a><\/p>&mdash; BNO News (@BNONews) <a href=\"https:\/\/twitter.com\/BNONews\/status\/1408145232848433155?ref_src=twsrc%5Etfw\">June 24, 2021<\/a><\/blockquote> <script async src=\"https:\/\/platform.twitter.com\/widgets.js\" charset=\"utf-8\"><\/script> \n\n\n\n<blockquote class=\"twitter-tweet\"><p lang=\"en\" dir=\"ltr\">JUST IN &#8211; Rare tornado devastates a town in the Czech Republic.<a href=\"https:\/\/t.co\/6XQQ12e4zm\">pic.twitter.com\/6XQQ12e4zm<\/a><\/p>&mdash; Disclose.tv \ud83d\udea8 (@disclosetv) <a href=\"https:\/\/twitter.com\/disclosetv\/status\/1408148893070659584?ref_src=twsrc%5Etfw\">June 24, 2021<\/a><\/blockquote> <script async src=\"https:\/\/platform.twitter.com\/widgets.js\" charset=\"utf-8\"><\/script> \n\n\n\n<blockquote class=\"twitter-tweet\"><p lang=\"en\" dir=\"ltr\">Video: Hundreds of people injured after a tornado hit the Moravia Region of Czech Republic. <a href=\"https:\/\/t.co\/DsE1mho8UJ\">pic.twitter.com\/DsE1mho8UJ<\/a><\/p>&mdash; PM Breaking News (@PMBreakingNews) <a href=\"https:\/\/twitter.com\/PMBreakingNews\/status\/1408180762063609861?ref_src=twsrc%5Etfw\">June 24, 2021<\/a><\/blockquote> <script async src=\"https:\/\/platform.twitter.com\/widgets.js\" charset=\"utf-8\"><\/script> \n\n\n\n<blockquote class=\"twitter-tweet\"><p lang=\"en\" dir=\"ltr\">WATCH: Dramatic video shows tornado approaching home in the Czech Republic; at least 100 injured <a href=\"https:\/\/t.co\/6XX5hWkxgU\">pic.twitter.com\/6XX5hWkxgU<\/a><\/p>&mdash; BNO News (@BNONews) <a href=\"https:\/\/twitter.com\/BNONews\/status\/1408158874604027910?ref_src=twsrc%5Etfw\">June 24, 2021<\/a><\/blockquote> <script async src=\"https:\/\/platform.twitter.com\/widgets.js\" charset=\"utf-8\"><\/script> \n\n\n\n<p>Izvor:hrt.hr<\/p>\n","protected":false},"excerpt":{"rendered":"<p>Najmanje troje ljudi je poginulo, a deseci su ranjeni u tornadu i jakim olujama koje su u \u010detvrtak pogodile ju\u017ene dijelove \u010ce\u0161ke razru\u0161iv\u0161i i dijelove nekih gradova, objavile su u petak hitne slu\u017ebe i \u010de\u0161ki mediji. Tornado je pogodio gradove oko Hodonina, du\u017e granice sa Slova\u010dkom i Austrijom, 270 km ju\u017eno od glavnog grada Praga. [&hellip;]<\/p>\n","protected":false},"author":2,"featured_media":35824,"comment_status":"closed","ping_status":"closed","sticky":false,"template":"","format":"standard","meta":{"h5ap_radio_sources":[],"footnotes":""},"categories":[1],"tags":[],"class_list":["post-35823","post","type-post","status-publish","format-standard","has-post-thumbnail","hentry","category-bihiregija"],"yoast_head":"<!-- This site is optimized with the Yoast SEO plugin v27.5 - https:\/\/yoast.com\/product\/yoast-seo-wordpress\/ -->\n<title>U tornadu u \u010ce\u0161koj troje ljudi poginulo, deseci ranjenih - RADIO LJUBU\u0160KI<\/title>\n<meta name=\"robots\" content=\"index, follow, max-snippet:-1, max-image-preview:large, max-video-preview:-1\" \/>\n<link rel=\"canonical\" href=\"https:\/\/radioljubuski.ba\/index.php\/2021\/06\/25\/u-tornadu-u-ceskoj-troje-ljudi-poginulo-deseci-ranjenih\/\" \/>\n<meta property=\"og:locale\" content=\"hr_HR\" \/>\n<meta property=\"og:type\" content=\"article\" \/>\n<meta property=\"og:title\" content=\"U tornadu u \u010ce\u0161koj troje ljudi poginulo, deseci ranjenih - RADIO LJUBU\u0160KI\" \/>\n<meta property=\"og:description\" content=\"Najmanje troje ljudi je poginulo, a deseci su ranjeni u tornadu i jakim olujama koje su u \u010detvrtak pogodile ju\u017ene dijelove \u010ce\u0161ke razru\u0161iv\u0161i i dijelove nekih gradova, objavile su u petak hitne slu\u017ebe i \u010de\u0161ki mediji. Tornado je pogodio gradove oko Hodonina, du\u017e granice sa Slova\u010dkom i Austrijom, 270 km ju\u017eno od glavnog grada Praga. [&hellip;]\" \/>\n<meta property=\"og:url\" content=\"https:\/\/radioljubuski.ba\/index.php\/2021\/06\/25\/u-tornadu-u-ceskoj-troje-ljudi-poginulo-deseci-ranjenih\/\" \/>\n<meta property=\"og:site_name\" content=\"RADIO LJUBU\u0160KI\" \/>\n<meta property=\"article:publisher\" content=\"https:\/\/www.facebook.com\/Radiio-Ljubuski-1490835324566332\" \/>\n<meta property=\"article:published_time\" content=\"2021-06-25T10:03:22+00:00\" \/>\n<meta property=\"article:modified_time\" content=\"2021-06-25T10:03:24+00:00\" \/>\n<meta property=\"og:image\" content=\"https:\/\/radioljubuski.ba\/wp-content\/uploads\/2021\/06\/267664.jpg\" \/>\n\t<meta property=\"og:image:width\" content=\"730\" \/>\n\t<meta property=\"og:image:height\" content=\"487\" \/>\n\t<meta property=\"og:image:type\" content=\"image\/jpeg\" \/>\n<meta name=\"author\" content=\"Radio Ljubu\u0161ki\" \/>\n<meta name=\"twitter:card\" content=\"summary_large_image\" \/>\n<meta name=\"twitter:creator\" content=\"@radioljubuski\" \/>\n<meta name=\"twitter:site\" content=\"@radioljubuski\" \/>\n<meta name=\"twitter:label1\" content=\"Napisao\/la\" \/>\n\t<meta name=\"twitter:data1\" content=\"Radio Ljubu\u0161ki\" \/>\n\t<meta name=\"twitter:label2\" content=\"Procijenjeno vrijeme \u010ditanja\" \/>\n\t<meta name=\"twitter:data2\" content=\"4 minute\" \/>\n<script type=\"application\/ld+json\" class=\"yoast-schema-graph\">{\"@context\":\"https:\\\/\\\/schema.org\",\"@graph\":[{\"@type\":\"Article\",\"@id\":\"https:\\\/\\\/radioljubuski.ba\\\/index.php\\\/2021\\\/06\\\/25\\\/u-tornadu-u-ceskoj-troje-ljudi-poginulo-deseci-ranjenih\\\/#article\",\"isPartOf\":{\"@id\":\"https:\\\/\\\/radioljubuski.ba\\\/index.php\\\/2021\\\/06\\\/25\\\/u-tornadu-u-ceskoj-troje-ljudi-poginulo-deseci-ranjenih\\\/\"},\"author\":{\"name\":\"Radio Ljubu\u0161ki\",\"@id\":\"https:\\\/\\\/radioljubuski.ba\\\/#\\\/schema\\\/person\\\/19fc700381a780f69665d7956c469e3b\"},\"headline\":\"U tornadu u \u010ce\u0161koj troje ljudi poginulo, deseci ranjenih\",\"datePublished\":\"2021-06-25T10:03:22+00:00\",\"dateModified\":\"2021-06-25T10:03:24+00:00\",\"mainEntityOfPage\":{\"@id\":\"https:\\\/\\\/radioljubuski.ba\\\/index.php\\\/2021\\\/06\\\/25\\\/u-tornadu-u-ceskoj-troje-ljudi-poginulo-deseci-ranjenih\\\/\"},\"wordCount\":828,\"publisher\":{\"@id\":\"https:\\\/\\\/radioljubuski.ba\\\/#organization\"},\"image\":{\"@id\":\"https:\\\/\\\/radioljubuski.ba\\\/index.php\\\/2021\\\/06\\\/25\\\/u-tornadu-u-ceskoj-troje-ljudi-poginulo-deseci-ranjenih\\\/#primaryimage\"},\"thumbnailUrl\":\"https:\\\/\\\/radioljubuski.ba\\\/wp-content\\\/uploads\\\/2021\\\/06\\\/267664.jpg\",\"articleSection\":[\"BIH i regija\"],\"inLanguage\":\"hr\"},{\"@type\":\"WebPage\",\"@id\":\"https:\\\/\\\/radioljubuski.ba\\\/index.php\\\/2021\\\/06\\\/25\\\/u-tornadu-u-ceskoj-troje-ljudi-poginulo-deseci-ranjenih\\\/\",\"url\":\"https:\\\/\\\/radioljubuski.ba\\\/index.php\\\/2021\\\/06\\\/25\\\/u-tornadu-u-ceskoj-troje-ljudi-poginulo-deseci-ranjenih\\\/\",\"name\":\"U tornadu u \u010ce\u0161koj troje ljudi poginulo, deseci ranjenih - RADIO LJUBU\u0160KI\",\"isPartOf\":{\"@id\":\"https:\\\/\\\/radioljubuski.ba\\\/#website\"},\"primaryImageOfPage\":{\"@id\":\"https:\\\/\\\/radioljubuski.ba\\\/index.php\\\/2021\\\/06\\\/25\\\/u-tornadu-u-ceskoj-troje-ljudi-poginulo-deseci-ranjenih\\\/#primaryimage\"},\"image\":{\"@id\":\"https:\\\/\\\/radioljubuski.ba\\\/index.php\\\/2021\\\/06\\\/25\\\/u-tornadu-u-ceskoj-troje-ljudi-poginulo-deseci-ranjenih\\\/#primaryimage\"},\"thumbnailUrl\":\"https:\\\/\\\/radioljubuski.ba\\\/wp-content\\\/uploads\\\/2021\\\/06\\\/267664.jpg\",\"datePublished\":\"2021-06-25T10:03:22+00:00\",\"dateModified\":\"2021-06-25T10:03:24+00:00\",\"breadcrumb\":{\"@id\":\"https:\\\/\\\/radioljubuski.ba\\\/index.php\\\/2021\\\/06\\\/25\\\/u-tornadu-u-ceskoj-troje-ljudi-poginulo-deseci-ranjenih\\\/#breadcrumb\"},\"inLanguage\":\"hr\",\"potentialAction\":[{\"@type\":\"ReadAction\",\"target\":[\"https:\\\/\\\/radioljubuski.ba\\\/index.php\\\/2021\\\/06\\\/25\\\/u-tornadu-u-ceskoj-troje-ljudi-poginulo-deseci-ranjenih\\\/\"]}]},{\"@type\":\"ImageObject\",\"inLanguage\":\"hr\",\"@id\":\"https:\\\/\\\/radioljubuski.ba\\\/index.php\\\/2021\\\/06\\\/25\\\/u-tornadu-u-ceskoj-troje-ljudi-poginulo-deseci-ranjenih\\\/#primaryimage\",\"url\":\"https:\\\/\\\/radioljubuski.ba\\\/wp-content\\\/uploads\\\/2021\\\/06\\\/267664.jpg\",\"contentUrl\":\"https:\\\/\\\/radioljubuski.ba\\\/wp-content\\\/uploads\\\/2021\\\/06\\\/267664.jpg\",\"width\":730,\"height\":487},{\"@type\":\"BreadcrumbList\",\"@id\":\"https:\\\/\\\/radioljubuski.ba\\\/index.php\\\/2021\\\/06\\\/25\\\/u-tornadu-u-ceskoj-troje-ljudi-poginulo-deseci-ranjenih\\\/#breadcrumb\",\"itemListElement\":[{\"@type\":\"ListItem\",\"position\":1,\"name\":\"Po\u010detna stranica\",\"item\":\"https:\\\/\\\/radioljubuski.ba\\\/\"},{\"@type\":\"ListItem\",\"position\":2,\"name\":\"U tornadu u \u010ce\u0161koj troje ljudi poginulo, deseci ranjenih\"}]},{\"@type\":\"WebSite\",\"@id\":\"https:\\\/\\\/radioljubuski.ba\\\/#website\",\"url\":\"https:\\\/\\\/radioljubuski.ba\\\/\",\"name\":\"Radio Ljubu\u0161ki\",\"description\":\"Sun\u010dana frekvencija Hercegovine\",\"publisher\":{\"@id\":\"https:\\\/\\\/radioljubuski.ba\\\/#organization\"},\"potentialAction\":[{\"@type\":\"SearchAction\",\"target\":{\"@type\":\"EntryPoint\",\"urlTemplate\":\"https:\\\/\\\/radioljubuski.ba\\\/?s={search_term_string}\"},\"query-input\":{\"@type\":\"PropertyValueSpecification\",\"valueRequired\":true,\"valueName\":\"search_term_string\"}}],\"inLanguage\":\"hr\"},{\"@type\":\"Organization\",\"@id\":\"https:\\\/\\\/radioljubuski.ba\\\/#organization\",\"name\":\"Radio Ljubu\u0161ki\",\"url\":\"https:\\\/\\\/radioljubuski.ba\\\/\",\"logo\":{\"@type\":\"ImageObject\",\"inLanguage\":\"hr\",\"@id\":\"https:\\\/\\\/radioljubuski.ba\\\/#\\\/schema\\\/logo\\\/image\\\/\",\"url\":\"https:\\\/\\\/radioljubuski.ba\\\/wp-content\\\/uploads\\\/2021\\\/02\\\/cropped-Radio_Ljubuski_logo1.jpg\",\"contentUrl\":\"https:\\\/\\\/radioljubuski.ba\\\/wp-content\\\/uploads\\\/2021\\\/02\\\/cropped-Radio_Ljubuski_logo1.jpg\",\"width\":512,\"height\":512,\"caption\":\"Radio Ljubu\u0161ki\"},\"image\":{\"@id\":\"https:\\\/\\\/radioljubuski.ba\\\/#\\\/schema\\\/logo\\\/image\\\/\"},\"sameAs\":[\"https:\\\/\\\/www.facebook.com\\\/Radiio-Ljubuski-1490835324566332\",\"https:\\\/\\\/x.com\\\/radioljubuski\",\"https:\\\/\\\/hr.linkedin.com\\\/company\\\/radio-ljubuski\",\"https:\\\/\\\/www.youtube.com\\\/channel\\\/UCHYaeO_n0Db3tjNGudGpXyw\"]},{\"@type\":\"Person\",\"@id\":\"https:\\\/\\\/radioljubuski.ba\\\/#\\\/schema\\\/person\\\/19fc700381a780f69665d7956c469e3b\",\"name\":\"Radio Ljubu\u0161ki\"}]}<\/script>\n<!-- \/ Yoast SEO plugin. -->","yoast_head_json":{"title":"U tornadu u \u010ce\u0161koj troje ljudi poginulo, deseci ranjenih - RADIO LJUBU\u0160KI","robots":{"index":"index","follow":"follow","max-snippet":"max-snippet:-1","max-image-preview":"max-image-preview:large","max-video-preview":"max-video-preview:-1"},"canonical":"https:\/\/radioljubuski.ba\/index.php\/2021\/06\/25\/u-tornadu-u-ceskoj-troje-ljudi-poginulo-deseci-ranjenih\/","og_locale":"hr_HR","og_type":"article","og_title":"U tornadu u \u010ce\u0161koj troje ljudi poginulo, deseci ranjenih - RADIO LJUBU\u0160KI","og_description":"Najmanje troje ljudi je poginulo, a deseci su ranjeni u tornadu i jakim olujama koje su u \u010detvrtak pogodile ju\u017ene dijelove \u010ce\u0161ke razru\u0161iv\u0161i i dijelove nekih gradova, objavile su u petak hitne slu\u017ebe i \u010de\u0161ki mediji. Tornado je pogodio gradove oko Hodonina, du\u017e granice sa Slova\u010dkom i Austrijom, 270 km ju\u017eno od glavnog grada Praga. [&hellip;]","og_url":"https:\/\/radioljubuski.ba\/index.php\/2021\/06\/25\/u-tornadu-u-ceskoj-troje-ljudi-poginulo-deseci-ranjenih\/","og_site_name":"RADIO LJUBU\u0160KI","article_publisher":"https:\/\/www.facebook.com\/Radiio-Ljubuski-1490835324566332","article_published_time":"2021-06-25T10:03:22+00:00","article_modified_time":"2021-06-25T10:03:24+00:00","og_image":[{"width":730,"height":487,"url":"https:\/\/radioljubuski.ba\/wp-content\/uploads\/2021\/06\/267664.jpg","type":"image\/jpeg"}],"author":"Radio Ljubu\u0161ki","twitter_card":"summary_large_image","twitter_creator":"@radioljubuski","twitter_site":"@radioljubuski","twitter_misc":{"Napisao\/la":"Radio Ljubu\u0161ki","Procijenjeno vrijeme \u010ditanja":"4 minute"},"schema":{"@context":"https:\/\/schema.org","@graph":[{"@type":"Article","@id":"https:\/\/radioljubuski.ba\/index.php\/2021\/06\/25\/u-tornadu-u-ceskoj-troje-ljudi-poginulo-deseci-ranjenih\/#article","isPartOf":{"@id":"https:\/\/radioljubuski.ba\/index.php\/2021\/06\/25\/u-tornadu-u-ceskoj-troje-ljudi-poginulo-deseci-ranjenih\/"},"author":{"name":"Radio Ljubu\u0161ki","@id":"https:\/\/radioljubuski.ba\/#\/schema\/person\/19fc700381a780f69665d7956c469e3b"},"headline":"U tornadu u \u010ce\u0161koj troje ljudi poginulo, deseci ranjenih","datePublished":"2021-06-25T10:03:22+00:00","dateModified":"2021-06-25T10:03:24+00:00","mainEntityOfPage":{"@id":"https:\/\/radioljubuski.ba\/index.php\/2021\/06\/25\/u-tornadu-u-ceskoj-troje-ljudi-poginulo-deseci-ranjenih\/"},"wordCount":828,"publisher":{"@id":"https:\/\/radioljubuski.ba\/#organization"},"image":{"@id":"https:\/\/radioljubuski.ba\/index.php\/2021\/06\/25\/u-tornadu-u-ceskoj-troje-ljudi-poginulo-deseci-ranjenih\/#primaryimage"},"thumbnailUrl":"https:\/\/radioljubuski.ba\/wp-content\/uploads\/2021\/06\/267664.jpg","articleSection":["BIH i regija"],"inLanguage":"hr"},{"@type":"WebPage","@id":"https:\/\/radioljubuski.ba\/index.php\/2021\/06\/25\/u-tornadu-u-ceskoj-troje-ljudi-poginulo-deseci-ranjenih\/","url":"https:\/\/radioljubuski.ba\/index.php\/2021\/06\/25\/u-tornadu-u-ceskoj-troje-ljudi-poginulo-deseci-ranjenih\/","name":"U tornadu u \u010ce\u0161koj troje ljudi poginulo, deseci ranjenih - RADIO LJUBU\u0160KI","isPartOf":{"@id":"https:\/\/radioljubuski.ba\/#website"},"primaryImageOfPage":{"@id":"https:\/\/radioljubuski.ba\/index.php\/2021\/06\/25\/u-tornadu-u-ceskoj-troje-ljudi-poginulo-deseci-ranjenih\/#primaryimage"},"image":{"@id":"https:\/\/radioljubuski.ba\/index.php\/2021\/06\/25\/u-tornadu-u-ceskoj-troje-ljudi-poginulo-deseci-ranjenih\/#primaryimage"},"thumbnailUrl":"https:\/\/radioljubuski.ba\/wp-content\/uploads\/2021\/06\/267664.jpg","datePublished":"2021-06-25T10:03:22+00:00","dateModified":"2021-06-25T10:03:24+00:00","breadcrumb":{"@id":"https:\/\/radioljubuski.ba\/index.php\/2021\/06\/25\/u-tornadu-u-ceskoj-troje-ljudi-poginulo-deseci-ranjenih\/#breadcrumb"},"inLanguage":"hr","potentialAction":[{"@type":"ReadAction","target":["https:\/\/radioljubuski.ba\/index.php\/2021\/06\/25\/u-tornadu-u-ceskoj-troje-ljudi-poginulo-deseci-ranjenih\/"]}]},{"@type":"ImageObject","inLanguage":"hr","@id":"https:\/\/radioljubuski.ba\/index.php\/2021\/06\/25\/u-tornadu-u-ceskoj-troje-ljudi-poginulo-deseci-ranjenih\/#primaryimage","url":"https:\/\/radioljubuski.ba\/wp-content\/uploads\/2021\/06\/267664.jpg","contentUrl":"https:\/\/radioljubuski.ba\/wp-content\/uploads\/2021\/06\/267664.jpg","width":730,"height":487},{"@type":"BreadcrumbList","@id":"https:\/\/radioljubuski.ba\/index.php\/2021\/06\/25\/u-tornadu-u-ceskoj-troje-ljudi-poginulo-deseci-ranjenih\/#breadcrumb","itemListElement":[{"@type":"ListItem","position":1,"name":"Po\u010detna stranica","item":"https:\/\/radioljubuski.ba\/"},{"@type":"ListItem","position":2,"name":"U tornadu u \u010ce\u0161koj troje ljudi poginulo, deseci ranjenih"}]},{"@type":"WebSite","@id":"https:\/\/radioljubuski.ba\/#website","url":"https:\/\/radioljubuski.ba\/","name":"Radio Ljubu\u0161ki","description":"Sun\u010dana frekvencija Hercegovine","publisher":{"@id":"https:\/\/radioljubuski.ba\/#organization"},"potentialAction":[{"@type":"SearchAction","target":{"@type":"EntryPoint","urlTemplate":"https:\/\/radioljubuski.ba\/?s={search_term_string}"},"query-input":{"@type":"PropertyValueSpecification","valueRequired":true,"valueName":"search_term_string"}}],"inLanguage":"hr"},{"@type":"Organization","@id":"https:\/\/radioljubuski.ba\/#organization","name":"Radio Ljubu\u0161ki","url":"https:\/\/radioljubuski.ba\/","logo":{"@type":"ImageObject","inLanguage":"hr","@id":"https:\/\/radioljubuski.ba\/#\/schema\/logo\/image\/","url":"https:\/\/radioljubuski.ba\/wp-content\/uploads\/2021\/02\/cropped-Radio_Ljubuski_logo1.jpg","contentUrl":"https:\/\/radioljubuski.ba\/wp-content\/uploads\/2021\/02\/cropped-Radio_Ljubuski_logo1.jpg","width":512,"height":512,"caption":"Radio Ljubu\u0161ki"},"image":{"@id":"https:\/\/radioljubuski.ba\/#\/schema\/logo\/image\/"},"sameAs":["https:\/\/www.facebook.com\/Radiio-Ljubuski-1490835324566332","https:\/\/x.com\/radioljubuski","https:\/\/hr.linkedin.com\/company\/radio-ljubuski","https:\/\/www.youtube.com\/channel\/UCHYaeO_n0Db3tjNGudGpXyw"]},{"@type":"Person","@id":"https:\/\/radioljubuski.ba\/#\/schema\/person\/19fc700381a780f69665d7956c469e3b","name":"Radio Ljubu\u0161ki"}]}},"_links":{"self":[{"href":"https:\/\/radioljubuski.ba\/index.php\/wp-json\/wp\/v2\/posts\/35823","targetHints":{"allow":["GET"]}}],"collection":[{"href":"https:\/\/radioljubuski.ba\/index.php\/wp-json\/wp\/v2\/posts"}],"about":[{"href":"https:\/\/radioljubuski.ba\/index.php\/wp-json\/wp\/v2\/types\/post"}],"author":[{"embeddable":true,"href":"https:\/\/radioljubuski.ba\/index.php\/wp-json\/wp\/v2\/users\/2"}],"replies":[{"embeddable":true,"href":"https:\/\/radioljubuski.ba\/index.php\/wp-json\/wp\/v2\/comments?post=35823"}],"version-history":[{"count":1,"href":"https:\/\/radioljubuski.ba\/index.php\/wp-json\/wp\/v2\/posts\/35823\/revisions"}],"predecessor-version":[{"id":35825,"href":"https:\/\/radioljubuski.ba\/index.php\/wp-json\/wp\/v2\/posts\/35823\/revisions\/35825"}],"wp:featuredmedia":[{"embeddable":true,"href":"https:\/\/radioljubuski.ba\/index.php\/wp-json\/wp\/v2\/media\/35824"}],"wp:attachment":[{"href":"https:\/\/radioljubuski.ba\/index.php\/wp-json\/wp\/v2\/media?parent=35823"}],"wp:term":[{"taxonomy":"category","embeddable":true,"href":"https:\/\/radioljubuski.ba\/index.php\/wp-json\/wp\/v2\/categories?post=35823"},{"taxonomy":"post_tag","embeddable":true,"href":"https:\/\/radioljubuski.ba\/index.php\/wp-json\/wp\/v2\/tags?post=35823"}],"curies":[{"name":"wp","href":"https:\/\/api.w.org\/{rel}","templated":true}]}}