{"id":35826,"date":"2021-06-25T11:05:29","date_gmt":"2021-06-25T10:05:29","guid":{"rendered":"https:\/\/radioljubuski.ba\/?p=35826"},"modified":"2021-06-25T11:05:30","modified_gmt":"2021-06-25T10:05:30","slug":"kratkotrajno-osvjezenje-pa-od-ponedjeljka-novi-toplinski-val","status":"publish","type":"post","link":"https:\/\/radioljubuski.ba\/index.php\/2021\/06\/25\/kratkotrajno-osvjezenje-pa-od-ponedjeljka-novi-toplinski-val\/","title":{"rendered":"Kratkotrajno osvje\u017eenje, pa od ponedjeljka novi toplinski val"},"content":{"rendered":"\n<p>Toplinski val u Hrvatskoj! Nakon temperatura koje su dosezale gotovo 40 stupnjeva danas sti\u017ee kratkotrajno osvje\u017eenje, a poslije promjene vremena za vikend &#8211; od ponedjeljka, prema najavama, novi toplinski val.<\/p>\n\n\n\n<p>&#8211; \u017divimo u vremenu klimatskih promjena, jedno od obilje\u017eja su i takve ekstremne vremenske prilike. Toplinski val danas \u0107e polako popu\u0161tati, temperatura \u0107e biti ne\u0161to ni\u017ea nego \u0161to je to bila ju\u010der. Me\u0111utim ponegdje \u0107e ona zavr\u0161iti vrlo burno, mogu\u0107e je i grmljavinsko nevrijeme, kazala je dr. sc. Petra Miku\u0161 Jurkovi\u0107, meteorologinja DHMZ-a za emisiju Dobro jutro, Hrvatska dodav\u0161i kako je jutro posvuda prete\u017eno sun\u010dano, temperatura zraka je izme\u0111u 20 i 25 Celzijevih stupnjeva, a samo ponegdje u unutra\u0161njosti Dalmacije i Istri malo ni\u017ea. Tijekom dana \u0107e prevladavati sun\u010dano, ali poslijepodne i nestabilno.<\/p>\n\n\n\n<p>U unutra\u0161njosti Dalmacije ve\u0107 u rano poslijepodne mogu\u0107i su lokalni pljuskovi, a zatim prema ve\u010deri i u sredi\u0161njim i isto\u010dnim predjelima mogu biti izra\u017eeniji, pra\u0107eni intenzivnom oborinom i olujnim vjetrom, a ne mo\u017ee se isklju\u010diti ni mogu\u0107nost tu\u010de. Na Jadranu je trenuta\u010dno prete\u017eno sun\u010dano, temperatura zraka je jutros izme\u0111u 24 i 28 Celzijevih stupnjeva ve\u0107 u Dubrovniku, a tijekom dana \u0107e se zadr\u017eati sun\u010dano, suho i vru\u0107e &#8211; pravi ljetni ugo\u0111aj. Tu se ne o\u010dekuju lokalni pljuskovi.<\/p>\n\n\n\n<p>Puhat \u0107e uglavnom sjeverozapadnjak, zapadnjak i jugozapadnjak te donositi blago osvje\u017eenje s mora.<\/p>\n\n\n\n<p>Razlog nestabilnoj atmosferi je pritjecanje manje tople zra\u010dne mase nad onu vrlo vru\u0107u zra\u010dnu masu koja se nalazi nad podru\u010djem Hrvatske i to \u0107e destabilizirati atmosferu. Zbog toga je u poslijepodnevnim satima na kopnu izdano i upozorenje za grmljavinsko nevrijeme. Najve\u0107a vjerojatnost da bude intenzivno je u sredi\u0161njim i isto\u010dnim predjelima, i to prema ve\u010deri.<\/p>\n\n\n\n<p>Lokalnih pljuskova mo\u017ee biti i drugdje u unutra\u0161njosti &#8211; u gorju, te osobito u unutra\u0161njosti Dalmacije, uglavnom u rano poslijepodne.&nbsp;<\/p>\n\n\n\n<p>Du\u017e Jadrana odnosno du\u017e obale i na otocima prevladavat \u0107e sun\u010dano, suho i vru\u0107e. \u0160to se ti\u010de vjetra, na kopnu \u0107e u po\u010detku puhati umjeren jugozapadni vjetar, a poslijepodne \u0107e on okretati na sjeverni, sjeverozapadni i sjeveroisto\u010dni. Na Jadranu \u0107e puhati vjetar s mora, sjeverozapadni, zapadni i jugozapadni. Me\u0111utim prema ve\u010deri, osobito u no\u0107i i pod Velebitom \u0107e okrenuti na buru, more \u0107e biti malo do umjereno valovito.<\/p>\n\n\n\n<p>Najvi\u0161a temperatura zraka danas \u0107e biti manja nego \u0161to je bila ju\u010der, no i danas \u0107e biti posvuda vru\u0107e, uz najvi\u0161u temperaturu izme\u0111u 20 i 35 Celzijevih stupnjeva. Najvi\u0161e vrijednosti o\u010dekuju se u unutra\u0161njosti Dalmacije.&nbsp;<\/p>\n\n\n\n<p>Temperatura mora je porasla do \u010dak 28 Celzijevih stupnjeva na sjeveru, a uglavnom se kre\u0107e izme\u0111u 24 i 27. Ugodno za kupanje i osvje\u017eenje.<\/p>\n\n\n\n<p>Vikend \u0107e biti prete\u017eno sun\u010dan, ali malo manje vru\u0107, popustit \u0107e toplinski val. Subota \u0107e biti nestabilna, ponegdje su mogu\u0107i lokalni pljuskovi, i to uglavnom poslijepodne.<\/p>\n\n\n\n<div style=\"width: 640px;\" class=\"wp-video\"><video class=\"wp-video-shortcode\" id=\"video-35826-1\" width=\"640\" height=\"360\" preload=\"metadata\" controls=\"controls\"><source type=\"video\/mp4\" src=\"https:\/\/api.hrt.hr\/media\/60\/3a\/prognozadjh-20210625083341.mp4?_=1\" \/><a href=\"https:\/\/api.hrt.hr\/media\/60\/3a\/prognozadjh-20210625083341.mp4\">https:\/\/api.hrt.hr\/media\/60\/3a\/prognozadjh-20210625083341.mp4<\/a><\/video><\/div>\n\n\n\n<p>Izvor:hrt.hr<\/p>\n","protected":false},"excerpt":{"rendered":"<p>Toplinski val u Hrvatskoj! Nakon temperatura koje su dosezale gotovo 40 stupnjeva danas sti\u017ee kratkotrajno osvje\u017eenje, a poslije promjene vremena za vikend &#8211; od ponedjeljka, prema najavama, novi toplinski val. &#8211; \u017divimo u vremenu klimatskih promjena, jedno od obilje\u017eja su i takve ekstremne vremenske prilike. Toplinski val danas \u0107e polako popu\u0161tati, temperatura \u0107e biti ne\u0161to [&hellip;]<\/p>\n","protected":false},"author":2,"featured_media":35827,"comment_status":"closed","ping_status":"closed","sticky":false,"template":"","format":"standard","meta":{"h5ap_radio_sources":[],"footnotes":""},"categories":[1],"tags":[],"class_list":["post-35826","post","type-post","status-publish","format-standard","has-post-thumbnail","hentry","category-bihiregija"],"yoast_head":"<!-- This site is optimized with the Yoast SEO plugin v27.5 - https:\/\/yoast.com\/product\/yoast-seo-wordpress\/ -->\n<title>Kratkotrajno osvje\u017eenje, pa od ponedjeljka novi toplinski val - RADIO LJUBU\u0160KI<\/title>\n<meta name=\"robots\" content=\"index, follow, max-snippet:-1, max-image-preview:large, max-video-preview:-1\" \/>\n<link rel=\"canonical\" href=\"https:\/\/radioljubuski.ba\/index.php\/2021\/06\/25\/kratkotrajno-osvjezenje-pa-od-ponedjeljka-novi-toplinski-val\/\" \/>\n<meta property=\"og:locale\" content=\"hr_HR\" \/>\n<meta property=\"og:type\" content=\"article\" \/>\n<meta property=\"og:title\" content=\"Kratkotrajno osvje\u017eenje, pa od ponedjeljka novi toplinski val - RADIO LJUBU\u0160KI\" \/>\n<meta property=\"og:description\" content=\"Toplinski val u Hrvatskoj! Nakon temperatura koje su dosezale gotovo 40 stupnjeva danas sti\u017ee kratkotrajno osvje\u017eenje, a poslije promjene vremena za vikend &#8211; od ponedjeljka, prema najavama, novi toplinski val. &#8211; \u017divimo u vremenu klimatskih promjena, jedno od obilje\u017eja su i takve ekstremne vremenske prilike. Toplinski val danas \u0107e polako popu\u0161tati, temperatura \u0107e biti ne\u0161to [&hellip;]\" \/>\n<meta property=\"og:url\" content=\"https:\/\/radioljubuski.ba\/index.php\/2021\/06\/25\/kratkotrajno-osvjezenje-pa-od-ponedjeljka-novi-toplinski-val\/\" \/>\n<meta property=\"og:site_name\" content=\"RADIO LJUBU\u0160KI\" \/>\n<meta property=\"article:publisher\" content=\"https:\/\/www.facebook.com\/Radiio-Ljubuski-1490835324566332\" \/>\n<meta property=\"article:published_time\" content=\"2021-06-25T10:05:29+00:00\" \/>\n<meta property=\"article:modified_time\" content=\"2021-06-25T10:05:30+00:00\" \/>\n<meta property=\"og:image\" content=\"https:\/\/radioljubuski.ba\/wp-content\/uploads\/2021\/06\/djh-2dio-frame-14035-20210625074454.jpg\" \/>\n\t<meta property=\"og:image:width\" content=\"1920\" \/>\n\t<meta property=\"og:image:height\" content=\"1080\" \/>\n\t<meta property=\"og:image:type\" content=\"image\/jpeg\" \/>\n<meta name=\"author\" content=\"Radio Ljubu\u0161ki\" \/>\n<meta name=\"twitter:card\" content=\"summary_large_image\" \/>\n<meta name=\"twitter:creator\" content=\"@radioljubuski\" \/>\n<meta name=\"twitter:site\" content=\"@radioljubuski\" \/>\n<meta name=\"twitter:label1\" content=\"Napisao\/la\" \/>\n\t<meta name=\"twitter:data1\" content=\"Radio Ljubu\u0161ki\" \/>\n\t<meta name=\"twitter:label2\" content=\"Procijenjeno vrijeme \u010ditanja\" \/>\n\t<meta name=\"twitter:data2\" content=\"2 minute\" \/>\n<script type=\"application\/ld+json\" class=\"yoast-schema-graph\">{\"@context\":\"https:\\\/\\\/schema.org\",\"@graph\":[{\"@type\":\"Article\",\"@id\":\"https:\\\/\\\/radioljubuski.ba\\\/index.php\\\/2021\\\/06\\\/25\\\/kratkotrajno-osvjezenje-pa-od-ponedjeljka-novi-toplinski-val\\\/#article\",\"isPartOf\":{\"@id\":\"https:\\\/\\\/radioljubuski.ba\\\/index.php\\\/2021\\\/06\\\/25\\\/kratkotrajno-osvjezenje-pa-od-ponedjeljka-novi-toplinski-val\\\/\"},\"author\":{\"name\":\"Radio Ljubu\u0161ki\",\"@id\":\"https:\\\/\\\/radioljubuski.ba\\\/#\\\/schema\\\/person\\\/19fc700381a780f69665d7956c469e3b\"},\"headline\":\"Kratkotrajno osvje\u017eenje, pa od ponedjeljka novi toplinski val\",\"datePublished\":\"2021-06-25T10:05:29+00:00\",\"dateModified\":\"2021-06-25T10:05:30+00:00\",\"mainEntityOfPage\":{\"@id\":\"https:\\\/\\\/radioljubuski.ba\\\/index.php\\\/2021\\\/06\\\/25\\\/kratkotrajno-osvjezenje-pa-od-ponedjeljka-novi-toplinski-val\\\/\"},\"wordCount\":524,\"publisher\":{\"@id\":\"https:\\\/\\\/radioljubuski.ba\\\/#organization\"},\"image\":{\"@id\":\"https:\\\/\\\/radioljubuski.ba\\\/index.php\\\/2021\\\/06\\\/25\\\/kratkotrajno-osvjezenje-pa-od-ponedjeljka-novi-toplinski-val\\\/#primaryimage\"},\"thumbnailUrl\":\"https:\\\/\\\/radioljubuski.ba\\\/wp-content\\\/uploads\\\/2021\\\/06\\\/djh-2dio-frame-14035-20210625074454.jpg\",\"articleSection\":[\"BIH i regija\"],\"inLanguage\":\"hr\"},{\"@type\":\"WebPage\",\"@id\":\"https:\\\/\\\/radioljubuski.ba\\\/index.php\\\/2021\\\/06\\\/25\\\/kratkotrajno-osvjezenje-pa-od-ponedjeljka-novi-toplinski-val\\\/\",\"url\":\"https:\\\/\\\/radioljubuski.ba\\\/index.php\\\/2021\\\/06\\\/25\\\/kratkotrajno-osvjezenje-pa-od-ponedjeljka-novi-toplinski-val\\\/\",\"name\":\"Kratkotrajno osvje\u017eenje, pa od ponedjeljka novi toplinski val - RADIO LJUBU\u0160KI\",\"isPartOf\":{\"@id\":\"https:\\\/\\\/radioljubuski.ba\\\/#website\"},\"primaryImageOfPage\":{\"@id\":\"https:\\\/\\\/radioljubuski.ba\\\/index.php\\\/2021\\\/06\\\/25\\\/kratkotrajno-osvjezenje-pa-od-ponedjeljka-novi-toplinski-val\\\/#primaryimage\"},\"image\":{\"@id\":\"https:\\\/\\\/radioljubuski.ba\\\/index.php\\\/2021\\\/06\\\/25\\\/kratkotrajno-osvjezenje-pa-od-ponedjeljka-novi-toplinski-val\\\/#primaryimage\"},\"thumbnailUrl\":\"https:\\\/\\\/radioljubuski.ba\\\/wp-content\\\/uploads\\\/2021\\\/06\\\/djh-2dio-frame-14035-20210625074454.jpg\",\"datePublished\":\"2021-06-25T10:05:29+00:00\",\"dateModified\":\"2021-06-25T10:05:30+00:00\",\"breadcrumb\":{\"@id\":\"https:\\\/\\\/radioljubuski.ba\\\/index.php\\\/2021\\\/06\\\/25\\\/kratkotrajno-osvjezenje-pa-od-ponedjeljka-novi-toplinski-val\\\/#breadcrumb\"},\"inLanguage\":\"hr\",\"potentialAction\":[{\"@type\":\"ReadAction\",\"target\":[\"https:\\\/\\\/radioljubuski.ba\\\/index.php\\\/2021\\\/06\\\/25\\\/kratkotrajno-osvjezenje-pa-od-ponedjeljka-novi-toplinski-val\\\/\"]}]},{\"@type\":\"ImageObject\",\"inLanguage\":\"hr\",\"@id\":\"https:\\\/\\\/radioljubuski.ba\\\/index.php\\\/2021\\\/06\\\/25\\\/kratkotrajno-osvjezenje-pa-od-ponedjeljka-novi-toplinski-val\\\/#primaryimage\",\"url\":\"https:\\\/\\\/radioljubuski.ba\\\/wp-content\\\/uploads\\\/2021\\\/06\\\/djh-2dio-frame-14035-20210625074454.jpg\",\"contentUrl\":\"https:\\\/\\\/radioljubuski.ba\\\/wp-content\\\/uploads\\\/2021\\\/06\\\/djh-2dio-frame-14035-20210625074454.jpg\",\"width\":1920,\"height\":1080},{\"@type\":\"BreadcrumbList\",\"@id\":\"https:\\\/\\\/radioljubuski.ba\\\/index.php\\\/2021\\\/06\\\/25\\\/kratkotrajno-osvjezenje-pa-od-ponedjeljka-novi-toplinski-val\\\/#breadcrumb\",\"itemListElement\":[{\"@type\":\"ListItem\",\"position\":1,\"name\":\"Po\u010detna stranica\",\"item\":\"https:\\\/\\\/radioljubuski.ba\\\/\"},{\"@type\":\"ListItem\",\"position\":2,\"name\":\"Kratkotrajno osvje\u017eenje, pa od ponedjeljka novi toplinski val\"}]},{\"@type\":\"WebSite\",\"@id\":\"https:\\\/\\\/radioljubuski.ba\\\/#website\",\"url\":\"https:\\\/\\\/radioljubuski.ba\\\/\",\"name\":\"Radio Ljubu\u0161ki\",\"description\":\"Sun\u010dana frekvencija Hercegovine\",\"publisher\":{\"@id\":\"https:\\\/\\\/radioljubuski.ba\\\/#organization\"},\"potentialAction\":[{\"@type\":\"SearchAction\",\"target\":{\"@type\":\"EntryPoint\",\"urlTemplate\":\"https:\\\/\\\/radioljubuski.ba\\\/?s={search_term_string}\"},\"query-input\":{\"@type\":\"PropertyValueSpecification\",\"valueRequired\":true,\"valueName\":\"search_term_string\"}}],\"inLanguage\":\"hr\"},{\"@type\":\"Organization\",\"@id\":\"https:\\\/\\\/radioljubuski.ba\\\/#organization\",\"name\":\"Radio Ljubu\u0161ki\",\"url\":\"https:\\\/\\\/radioljubuski.ba\\\/\",\"logo\":{\"@type\":\"ImageObject\",\"inLanguage\":\"hr\",\"@id\":\"https:\\\/\\\/radioljubuski.ba\\\/#\\\/schema\\\/logo\\\/image\\\/\",\"url\":\"https:\\\/\\\/radioljubuski.ba\\\/wp-content\\\/uploads\\\/2021\\\/02\\\/cropped-Radio_Ljubuski_logo1.jpg\",\"contentUrl\":\"https:\\\/\\\/radioljubuski.ba\\\/wp-content\\\/uploads\\\/2021\\\/02\\\/cropped-Radio_Ljubuski_logo1.jpg\",\"width\":512,\"height\":512,\"caption\":\"Radio Ljubu\u0161ki\"},\"image\":{\"@id\":\"https:\\\/\\\/radioljubuski.ba\\\/#\\\/schema\\\/logo\\\/image\\\/\"},\"sameAs\":[\"https:\\\/\\\/www.facebook.com\\\/Radiio-Ljubuski-1490835324566332\",\"https:\\\/\\\/x.com\\\/radioljubuski\",\"https:\\\/\\\/hr.linkedin.com\\\/company\\\/radio-ljubuski\",\"https:\\\/\\\/www.youtube.com\\\/channel\\\/UCHYaeO_n0Db3tjNGudGpXyw\"]},{\"@type\":\"Person\",\"@id\":\"https:\\\/\\\/radioljubuski.ba\\\/#\\\/schema\\\/person\\\/19fc700381a780f69665d7956c469e3b\",\"name\":\"Radio Ljubu\u0161ki\"}]}<\/script>\n<!-- \/ Yoast SEO plugin. -->","yoast_head_json":{"title":"Kratkotrajno osvje\u017eenje, pa od ponedjeljka novi toplinski val - RADIO LJUBU\u0160KI","robots":{"index":"index","follow":"follow","max-snippet":"max-snippet:-1","max-image-preview":"max-image-preview:large","max-video-preview":"max-video-preview:-1"},"canonical":"https:\/\/radioljubuski.ba\/index.php\/2021\/06\/25\/kratkotrajno-osvjezenje-pa-od-ponedjeljka-novi-toplinski-val\/","og_locale":"hr_HR","og_type":"article","og_title":"Kratkotrajno osvje\u017eenje, pa od ponedjeljka novi toplinski val - RADIO LJUBU\u0160KI","og_description":"Toplinski val u Hrvatskoj! Nakon temperatura koje su dosezale gotovo 40 stupnjeva danas sti\u017ee kratkotrajno osvje\u017eenje, a poslije promjene vremena za vikend &#8211; od ponedjeljka, prema najavama, novi toplinski val. &#8211; \u017divimo u vremenu klimatskih promjena, jedno od obilje\u017eja su i takve ekstremne vremenske prilike. Toplinski val danas \u0107e polako popu\u0161tati, temperatura \u0107e biti ne\u0161to [&hellip;]","og_url":"https:\/\/radioljubuski.ba\/index.php\/2021\/06\/25\/kratkotrajno-osvjezenje-pa-od-ponedjeljka-novi-toplinski-val\/","og_site_name":"RADIO LJUBU\u0160KI","article_publisher":"https:\/\/www.facebook.com\/Radiio-Ljubuski-1490835324566332","article_published_time":"2021-06-25T10:05:29+00:00","article_modified_time":"2021-06-25T10:05:30+00:00","og_image":[{"width":1920,"height":1080,"url":"https:\/\/radioljubuski.ba\/wp-content\/uploads\/2021\/06\/djh-2dio-frame-14035-20210625074454.jpg","type":"image\/jpeg"}],"author":"Radio Ljubu\u0161ki","twitter_card":"summary_large_image","twitter_creator":"@radioljubuski","twitter_site":"@radioljubuski","twitter_misc":{"Napisao\/la":"Radio Ljubu\u0161ki","Procijenjeno vrijeme \u010ditanja":"2 minute"},"schema":{"@context":"https:\/\/schema.org","@graph":[{"@type":"Article","@id":"https:\/\/radioljubuski.ba\/index.php\/2021\/06\/25\/kratkotrajno-osvjezenje-pa-od-ponedjeljka-novi-toplinski-val\/#article","isPartOf":{"@id":"https:\/\/radioljubuski.ba\/index.php\/2021\/06\/25\/kratkotrajno-osvjezenje-pa-od-ponedjeljka-novi-toplinski-val\/"},"author":{"name":"Radio Ljubu\u0161ki","@id":"https:\/\/radioljubuski.ba\/#\/schema\/person\/19fc700381a780f69665d7956c469e3b"},"headline":"Kratkotrajno osvje\u017eenje, pa od ponedjeljka novi toplinski val","datePublished":"2021-06-25T10:05:29+00:00","dateModified":"2021-06-25T10:05:30+00:00","mainEntityOfPage":{"@id":"https:\/\/radioljubuski.ba\/index.php\/2021\/06\/25\/kratkotrajno-osvjezenje-pa-od-ponedjeljka-novi-toplinski-val\/"},"wordCount":524,"publisher":{"@id":"https:\/\/radioljubuski.ba\/#organization"},"image":{"@id":"https:\/\/radioljubuski.ba\/index.php\/2021\/06\/25\/kratkotrajno-osvjezenje-pa-od-ponedjeljka-novi-toplinski-val\/#primaryimage"},"thumbnailUrl":"https:\/\/radioljubuski.ba\/wp-content\/uploads\/2021\/06\/djh-2dio-frame-14035-20210625074454.jpg","articleSection":["BIH i regija"],"inLanguage":"hr"},{"@type":"WebPage","@id":"https:\/\/radioljubuski.ba\/index.php\/2021\/06\/25\/kratkotrajno-osvjezenje-pa-od-ponedjeljka-novi-toplinski-val\/","url":"https:\/\/radioljubuski.ba\/index.php\/2021\/06\/25\/kratkotrajno-osvjezenje-pa-od-ponedjeljka-novi-toplinski-val\/","name":"Kratkotrajno osvje\u017eenje, pa od ponedjeljka novi toplinski val - RADIO LJUBU\u0160KI","isPartOf":{"@id":"https:\/\/radioljubuski.ba\/#website"},"primaryImageOfPage":{"@id":"https:\/\/radioljubuski.ba\/index.php\/2021\/06\/25\/kratkotrajno-osvjezenje-pa-od-ponedjeljka-novi-toplinski-val\/#primaryimage"},"image":{"@id":"https:\/\/radioljubuski.ba\/index.php\/2021\/06\/25\/kratkotrajno-osvjezenje-pa-od-ponedjeljka-novi-toplinski-val\/#primaryimage"},"thumbnailUrl":"https:\/\/radioljubuski.ba\/wp-content\/uploads\/2021\/06\/djh-2dio-frame-14035-20210625074454.jpg","datePublished":"2021-06-25T10:05:29+00:00","dateModified":"2021-06-25T10:05:30+00:00","breadcrumb":{"@id":"https:\/\/radioljubuski.ba\/index.php\/2021\/06\/25\/kratkotrajno-osvjezenje-pa-od-ponedjeljka-novi-toplinski-val\/#breadcrumb"},"inLanguage":"hr","potentialAction":[{"@type":"ReadAction","target":["https:\/\/radioljubuski.ba\/index.php\/2021\/06\/25\/kratkotrajno-osvjezenje-pa-od-ponedjeljka-novi-toplinski-val\/"]}]},{"@type":"ImageObject","inLanguage":"hr","@id":"https:\/\/radioljubuski.ba\/index.php\/2021\/06\/25\/kratkotrajno-osvjezenje-pa-od-ponedjeljka-novi-toplinski-val\/#primaryimage","url":"https:\/\/radioljubuski.ba\/wp-content\/uploads\/2021\/06\/djh-2dio-frame-14035-20210625074454.jpg","contentUrl":"https:\/\/radioljubuski.ba\/wp-content\/uploads\/2021\/06\/djh-2dio-frame-14035-20210625074454.jpg","width":1920,"height":1080},{"@type":"BreadcrumbList","@id":"https:\/\/radioljubuski.ba\/index.php\/2021\/06\/25\/kratkotrajno-osvjezenje-pa-od-ponedjeljka-novi-toplinski-val\/#breadcrumb","itemListElement":[{"@type":"ListItem","position":1,"name":"Po\u010detna stranica","item":"https:\/\/radioljubuski.ba\/"},{"@type":"ListItem","position":2,"name":"Kratkotrajno osvje\u017eenje, pa od ponedjeljka novi toplinski val"}]},{"@type":"WebSite","@id":"https:\/\/radioljubuski.ba\/#website","url":"https:\/\/radioljubuski.ba\/","name":"Radio Ljubu\u0161ki","description":"Sun\u010dana frekvencija Hercegovine","publisher":{"@id":"https:\/\/radioljubuski.ba\/#organization"},"potentialAction":[{"@type":"SearchAction","target":{"@type":"EntryPoint","urlTemplate":"https:\/\/radioljubuski.ba\/?s={search_term_string}"},"query-input":{"@type":"PropertyValueSpecification","valueRequired":true,"valueName":"search_term_string"}}],"inLanguage":"hr"},{"@type":"Organization","@id":"https:\/\/radioljubuski.ba\/#organization","name":"Radio Ljubu\u0161ki","url":"https:\/\/radioljubuski.ba\/","logo":{"@type":"ImageObject","inLanguage":"hr","@id":"https:\/\/radioljubuski.ba\/#\/schema\/logo\/image\/","url":"https:\/\/radioljubuski.ba\/wp-content\/uploads\/2021\/02\/cropped-Radio_Ljubuski_logo1.jpg","contentUrl":"https:\/\/radioljubuski.ba\/wp-content\/uploads\/2021\/02\/cropped-Radio_Ljubuski_logo1.jpg","width":512,"height":512,"caption":"Radio Ljubu\u0161ki"},"image":{"@id":"https:\/\/radioljubuski.ba\/#\/schema\/logo\/image\/"},"sameAs":["https:\/\/www.facebook.com\/Radiio-Ljubuski-1490835324566332","https:\/\/x.com\/radioljubuski","https:\/\/hr.linkedin.com\/company\/radio-ljubuski","https:\/\/www.youtube.com\/channel\/UCHYaeO_n0Db3tjNGudGpXyw"]},{"@type":"Person","@id":"https:\/\/radioljubuski.ba\/#\/schema\/person\/19fc700381a780f69665d7956c469e3b","name":"Radio Ljubu\u0161ki"}]}},"_links":{"self":[{"href":"https:\/\/radioljubuski.ba\/index.php\/wp-json\/wp\/v2\/posts\/35826","targetHints":{"allow":["GET"]}}],"collection":[{"href":"https:\/\/radioljubuski.ba\/index.php\/wp-json\/wp\/v2\/posts"}],"about":[{"href":"https:\/\/radioljubuski.ba\/index.php\/wp-json\/wp\/v2\/types\/post"}],"author":[{"embeddable":true,"href":"https:\/\/radioljubuski.ba\/index.php\/wp-json\/wp\/v2\/users\/2"}],"replies":[{"embeddable":true,"href":"https:\/\/radioljubuski.ba\/index.php\/wp-json\/wp\/v2\/comments?post=35826"}],"version-history":[{"count":1,"href":"https:\/\/radioljubuski.ba\/index.php\/wp-json\/wp\/v2\/posts\/35826\/revisions"}],"predecessor-version":[{"id":35828,"href":"https:\/\/radioljubuski.ba\/index.php\/wp-json\/wp\/v2\/posts\/35826\/revisions\/35828"}],"wp:featuredmedia":[{"embeddable":true,"href":"https:\/\/radioljubuski.ba\/index.php\/wp-json\/wp\/v2\/media\/35827"}],"wp:attachment":[{"href":"https:\/\/radioljubuski.ba\/index.php\/wp-json\/wp\/v2\/media?parent=35826"}],"wp:term":[{"taxonomy":"category","embeddable":true,"href":"https:\/\/radioljubuski.ba\/index.php\/wp-json\/wp\/v2\/categories?post=35826"},{"taxonomy":"post_tag","embeddable":true,"href":"https:\/\/radioljubuski.ba\/index.php\/wp-json\/wp\/v2\/tags?post=35826"}],"curies":[{"name":"wp","href":"https:\/\/api.w.org\/{rel}","templated":true}]}}