{"id":35829,"date":"2021-06-25T11:10:19","date_gmt":"2021-06-25T10:10:19","guid":{"rendered":"https:\/\/radioljubuski.ba\/?p=35829"},"modified":"2021-06-25T11:10:19","modified_gmt":"2021-06-25T10:10:19","slug":"capak-u-hrvatskoj-23-slucaja-delta-soja-ako-se-prosiri-bit-ce-nuzne-stroze-mjere","status":"publish","type":"post","link":"https:\/\/radioljubuski.ba\/index.php\/2021\/06\/25\/capak-u-hrvatskoj-23-slucaja-delta-soja-ako-se-prosiri-bit-ce-nuzne-stroze-mjere\/","title":{"rendered":"Capak: U Hrvatskoj 23 slu\u010daja delta soja. Ako se pro\u0161iri, bit \u0107e nu\u017ene stro\u017ee mjere"},"content":{"rendered":"\n<p>U posljednja 24 sata zabilje\u017eeno je 118 novih slu\u010dajeva zaraze virusom SARS-CoV-2 te je broj aktivnih slu\u010dajeva u Hrvatskoj danas ukupno 552. Me\u0111u njima je 209 pacijenata na bolni\u010dkom lije\u010denju, od toga je na respiratoru 13 pacijenata. Preminule su \u010detiri osobe.<\/p>\n\n\n\n<p>Od 25. velja\u010de 2020., kada je zabilje\u017een prvi slu\u010daj zaraze u Hrvatskoj, do danas ukupno je zabilje\u017eena 359.521 osoba zara\u017eena novim koronavirusom, od kojih je 8196 preminulo, ukupno su se oporavile 350.773 osobe od toga 104 u posljednja 24 sata.<br><br>U samoizolaciji su trenutno 3643 osobe.<br><br>Do danas je ukupno testirano 2,128.519 osoba, od toga 4009 u posljednja 24 sata.<br><br>Zaklju\u010dno s 24. lipnja utro\u0161ena je 2,468.051 doza cjepiva. Dosad su 1,467.772 osobe cijepljene s najmanje jednom dozom, me\u0111u kojima je njih 1,000.279 primilo obje doze. Na dan 24. lipnja utro\u0161eno je 43.356 doza cjepiva.<\/p>\n\n\n\n<figure class=\"wp-block-embed is-type-video is-provider-youtube wp-block-embed-youtube wp-embed-aspect-16-9 wp-has-aspect-ratio\"><div class=\"wp-block-embed__wrapper\">\n<iframe loading=\"lazy\" title=\"Konferencija za medije Sto\u017eera civilne za\u0161tite RH, 25. lipnja 2021.\" width=\"640\" height=\"360\" src=\"https:\/\/www.youtube.com\/embed\/dm-WNz0Dnns?feature=oembed\" frameborder=\"0\" allow=\"accelerometer; autoplay; clipboard-write; encrypted-media; gyroscope; picture-in-picture; web-share\" referrerpolicy=\"strict-origin-when-cross-origin\" allowfullscreen><\/iframe>\n<\/div><\/figure>\n\n\n\n<p>&#8211; Sve preminule osobe su imale multiple komorbiditete, njihova prosje\u010dna dob je 75 godina, a najmla\u0111a preminula osoba imala je 60 godina, rekla je <strong>Vera Jankovi\u0107 Katilini\u0107,<\/strong> pomo\u0107nica ministra zdravstva na konferenciji Sto\u017eera civilne za\u0161tite.<br><br><strong>Krunoslav Capak,&nbsp;<\/strong>ravnatelj HZJZ-a, rekao je da smo u proteklom tjednu imali 468 novooboljelih, dok u ovom imamo 348 \u0161to je za 25 posto manje.&nbsp;<br><br>&#8211; Trenutna prosje\u010dna incidencija za Hrvatsku 27,9. Najni\u017ea je u Istarskoj \u017eupaniji,&nbsp; a najvi\u0161a u Zadarskoj \u017eupaniji. Vezano uz Zadarsku \u017eupaniju, nakon ko\u0161arka\u0161ke utakmice udio pozitivnih u ukupno oboljelima u Hrvatskoj je po\u010deo rasti. U prvom tjednu lipnja u Zadarskoj \u017eupaniji je bio 5 posto, a u tjednu od 18-22. lipnja je to 24 posto, dakle pet puta vi\u0161e. Danas je udio pozitivnih 42 na prema 118 u Hrvatskoj, dakle 35 posto novooboljelih je iz podru\u010dja Zadarske \u017eupanije. Za takvu situaciju inicijalni doga\u0111aj je bila utakmica na kojoj su se ljudi okupili bez epidemiolo\u0161kih mjera, a onda je bilo i nekoliko obiteljskih okupljanja. Uglavnom su oboljeli mladi ljudi, mla\u0111i od 40 posto \u0161to nije karakteristika niti jedne druge \u017eupanije. To nam je svima upozorenje, iako je situacija povoljna, iako je toplo vrijeme, da i dalje trebamo biti oprezni.&nbsp; Jer ovakvi doga\u0111aji mogu nam sru\u0161iti trenutno zelenilo koje imamo na karti ECDC-a i koji nas mogu ko\u0161tati nedolaska brojnih turista koji su namjeravali do\u0107i.<br><br>&#8211; Mi smo na 11 mjestu u Europi po incidenciji, najbolje stoji Malta, a najlo\u0161ije Portugal. Ukupna smrtnost na milijun stanovnika iznosi&nbsp; 2018,6 i stavlja na 20 mjesto u EU. Trenutni udio pozitivnih u ukupno testiranima je 2,9. Imamo povoljan udio pozitivnih u testiranima \u0161to je tako\u0111er bitno u pozicioniranju u odnosu na semafor koji je propisala EU, dodao je Capak.<\/p>\n\n\n\n<p><strong>Cijepljenje i gu\u017eve<br><br><\/strong>&#8211; Vi\u0161e puta sam govorio o strategiji cijepljenja, imamo par novih elemenata, to je ja\u010danje medijske kampanje, mobilnost timova, pove\u0107anje dostupnosti za one koji \u017eive u ruralnim sredinama&#8230;, rekao je Capak.<\/p>\n\n\n\n<p><br>&#8211; U Zagrebu kre\u0107emo i s cijepljenjem bez naru\u010divanja i najave. Cijepit \u0107e se cijeli dan svi oni koji do\u0111u. Molimo ljude da se dr\u017ee onih elemenata koje smo napisali, a to je da ljudi odre\u0111ene dobi dolaze u odre\u0111ena vremena, a mi \u0107emo stvoriti uvjete da ljudi mogu sjediti u hladu u drvoredu pored \u0161kole Andrija \u0160tampar, rekao je Capak.<br><br>&#8211; Tu seriju od 3 dana javnog poziva zavr\u0161avamo koncertom \u0110anija Stipani\u010deva koji \u0107e biti u parku Slobodana Langa iznad Gup\u010deve zvijezde, rekao je Capak.<\/p>\n\n\n\n<p><strong>Aplikacija za covid-potvrde<br><br><\/strong>Ministar unutarnjih poslova <strong>Davor Bo\u017einovi\u0107<\/strong> rekao je da je aplikacija za covid-potvrde skinuta vi\u0161e od 3000 puta, ali trenutno je dostupna samo na Apple Storeu. Bo\u017einovi\u0107 je rekao da o\u010dekuju i da je Google stavi u svoj Google Store.<\/p>\n\n\n\n<p><br>Rekao je da su ovom aplikacijom organizatori doga\u0111anja dobili jednostavan alat pomo\u0107u kojeg mogu provjeriti epidemiolo\u0161ki status svakoga tko \u0107e nazo\u010diti doga\u0111aju.<br><br>&#8211; Svaki pojedinac dobije obavijest da je u dru\u0161tvu ljudi koji ga ne\u0107e zaraziti, a kad covid-potvrda stupi na snagu u EU, mo\u0107i \u0107e se slobodno putovati prvenstveno me\u0111u \u010dlanicama EU. Organizatori doga\u0111anja nisu mogli dobiti jednostavniji alat putem kojeg se mo\u017ee provjeriti epidemiolo\u0161ki status svakoga tko \u0107e nazo\u010diti doga\u0111aju. Upravo se time, ali i dostatnom koli\u010dinom cjepiva \u0161aljemo poruku da se mo\u017ee gledati na Hrvatsku koja ozbiljno radi na za\u0161titi od epidemije, rekao je Bo\u017einovi\u0107.<br><br>&#8211; Istovremeno moramo prihvatiti \u010dinjenicu da jo\u0161 uvijek \u017eivimo u epidemiji, da je virus prisutan, da se delta varijanta \u0161iri nekim europskim zemljama. Europska zdravstvena agencija je procijenila da \u0107e se delta varijanta pro\u0161iriti Europom i da \u0107e se do po\u010detka studenog 70% zaraza odnositi na delta varijantu. Mi moramo ukazati na situacije koje nisu dobre, a to je kad se ljudi okupljaju masovno bez ikakve kontrole. Da se ovo \u0161to se dogodilo u Zadru dogodilo svugdje istovremeno, mi vi\u0161e ne bi bili u zelenom, a onda bi to imalo posljedice na to kakva \u0107e nam biti sezona. Ja bih istaknuo onaj dio odluke koji se odnosi na poziv svim \u010delnicima gradova, op\u0107ina i \u017eupanija, da ako \u017eelimo sa\u010duvati zdravlje stanovnika i gostiju, ako \u017eelimo dobru i dugu sezonu, ne smijemo gubiti nadzor nad epidemijom. Zna\u010di da ne smijemo dopu\u0161tati masovne doga\u0111aje, a ako se dopu\u0161taju onda se moraju kontrolirati onako kako je propisano, pogotovo u zatvorenim prostorima. Jer ako brojevi po\u010dnu rastu, a nama rastu minimalno zadnjih dana, onda \u0107e epidemiolo\u0161koj slu\u017ebi trebaju dani, a mo\u017eda i mjere, kako bi brojke po\u010dele padati. Sad osje\u0107amo posljedice onog \u0161to se dogodilo u Zadru, rekao je Bo\u017einovi\u0107.<\/p>\n\n\n\n<p><strong>Indijski soj<\/strong><br><br>&#8211; Mi smo do sada sekvencirali i poslali u laboratorij 6486 uzoraka. U zadnje vrijeme je dominirtao UK soj, a prije nekoliko tjedana pojavio se indijski. Mi sada imamo ukupno 23 uzorka koji su sekvencirani kao delta soj. Danas o\u010dekujemo rezultate od uzoraka koji su do\u0161li pro\u0161li tjedan. Indijski soj pojavio se u Me\u0111imurska, \u0160ibensko-kninska, Vara\u017edinska, Splitsko-dalmatinska i Zagreba\u010dka. Naravno da na to zabrinjava. Oko 30-40 posto taj se soj br\u017ee \u0161iri od klasi\u010dne i UK varijante. Postoje indicije da je bolest te\u017ea i da poga\u0111a mla\u0111e, ali nemamo znanstvenu potvrdu toga. Ako se pro\u0161iri kod nas, trebaju biti ja\u010de mjere aplicirane, rekao je Capak.<\/p>\n\n\n\n<p><strong><br>Digitalne COVID potvrde<\/strong><br><br>&#8211; Mi na\u017ealost situaciju ne mo\u017eemo rije\u0161iti na europskoj razini jer su rekli da Europa nema tako dobru statistku da bi mogli takvim slu\u010dajevima izdati potvrde. Brze antigenske testove \u0107emo priznati kao potvrdu preboljenja, ali mijenjat \u0107emo nacionalne kriterije za testiranje, od 1. srpnja \u0107e i\u0107i na\u0161i novi kriteriji za prioritete na testiranje, u kojima \u0107e biti da se brzo antigenski testovi kod pozitivnih moraju potvrditi PCR-om i onda \u0107e takve osobe mo\u0107i dobiti COVID potvrdu, rekao je Capak.<br><br>&#8211; Evidentirali smo brze antigenske testove i potvrdu o preboljenju imamo za nekih 45.000 i oni \u0107e mo\u0107i dobiti COVID potvrdu. Apeliram jo\u0161 na nekoliko dana strpljenja, po\u010detkom idu\u0107eg tjedna mo\u0107i \u0107e dobiti potvrdu, dodao je.<\/p>\n\n\n\n<p><strong>O cijepljenju&nbsp;<br><br>&#8211;&nbsp;<\/strong>Danas je organiziran sastanak na kojem se razgovara ba\u0161 o tome, rezultate \u0107emo objaviti na sljede\u0107oj presici, rekao je Capak.<br><br>U Dubravi je lo\u0161ije nego pro\u0161le godine u isto vrijeme, ima li razloga za brigu?<br><br>&#8211; Lani u lipnju imali smo izuzetno povoljnu situaciju, to je bilo nakon o\u0161tre karantene koju smo imali na prolje\u0107e, a stvar se po\u010dela pogor\u0161avati u kolovozu. Jedan ili dva vi\u0161e koja imamo u odnosu na pro\u0161li dan ne zna\u010di ni\u0161ta, jer nama brojke na tjednoj razini i daje padaju. Naravno da se trebamo uozbiljiti, nama \u0107e u sljede\u0107ih nekoliko tjedana do\u0107i brojni turisti. Oni iz zelenih zona slobodno prelaze granicu, bit \u0107e ih vi\u0161e nego \u0161to je stanovnika RH, statistika ka\u017ee da je 5 turista na jednog stanovnika RH, to nema nitko osim Malte. Dolazi indijski soj koji je preuzeo 90% zaraza u Britaniji, oni su zbog toga zaustavili relaksaciju. Mi jo\u0161 uvijek imamo cirkulaciju virusa, to nas tjera da ka\u017eemo da je strahovito va\u017eno da se cijepimo i da se dr\u017eimo i dalje mjera koje kontinuirano mijenjamo svakih 15 dana. Zadarski primjer ukazuje da nije vrijeme za opu\u0161tanje, rekao je Capak.<br><br>Bo\u017einovi\u0107 je kazao kako su pro\u0161le godine u ovo doba bile bolje brojke radi lockdowna koji vi\u0161e nije opcija.<br><br><br>&#8211; Na\u0161i ljudi nisu bili otad ni pribli\u017eno zatvoreni kao drugi u EU. Ono \u0161to je razlika u odnosu na lani je upravo cijepljenje. Mi \u0107emo dana\u0161nju i situaciju sljede\u0107ih mjeseci mo\u0107i cijepiti onima koji su se cijepili, jer oni \u010dine \u0161tit i onemogu\u0107uvaju virusu da se \u0161iri. \u0160to nas bude vi\u0161e cijepljenjo, mi \u0107emo spremnije do\u010dekati jesen. \u010cujemo da ima kalkulacija da bi se neki cijepili na jesen, \u0161to je potpuno pogre\u0161no. Cjepivo treba nakon aplikacije do mjesec dana da osoba stekne potpuni imunitet. Zasad su procjene da cjepivo \u0161tititi 10 mjeseci, neke dr\u017eave su objavile da \u0107e njih vrijediti 12 mjeseci. O cijepljenju \u0107e izravno ovisiti na\u0161a epidemiolo\u0161ka situacija u svijetu, rekao je Bo\u017einovi\u0107.<\/p>\n\n\n\n<p><br>&#8211; Mi smo za sada na afirmativnom pristupu, da \u0107emo cijepljenima omogu\u0107iti pristup nekim doga\u0111ajima. Nagradit \u0107e se i na razli\u010dite druge na\u010dine. U situaciji kad je potrebno \u0161tititi zaposlenike, poslodavcu se daje mogu\u0107nost da obve\u017ee zaposlenika da se cijepi ili \u0107e se morati svakih nekoliko dana testirati. Podsjetio bih da cijepljenje nije prestalo, mi bi bili zadovoljniji da smo postigli cilj. Mi trebamo dalje nastaviti sa ovim strategijama, cjepiva ima dovoljno. Uvjeren sam da \u0107emo brzo posti\u0107i cilj od 55 posto odraslog stanovni\u0161tva koje je cijepljenjo, rekao je Capak.<br><br>Kazao je kako se oko 25 posto ljudi se ne \u017eeli cijepiti, a 15 do 20 posto se dvoumi.<br><br>&#8211; Oni su na\u0161 glavni cilj. Moramo ih uvjeriti da je cjepivo jedino rje\u0161enje da se iza\u0111e iz ove situacije. Cijeli svijet je blokiran &#8211; istaknuo je.<br><br>&#8211; \u017dao mi je \u0161to ponekad vidimo da postoje oni koji misle da \u0107e virus nestati jer su oni tako zaklju\u010dili, to je negiranje znanosti i nevjerojatnih dostignu\u0107a medicine. Mislimo da \u0107e ljudi u kona\u010dnici shvatiti da je ovo put povratka u normalni \u017eivot, dodao je Bo\u017einovi\u0107.<\/p>\n\n\n\n<p><strong>Je li pora\u017eavaju\u0107e da Zagreb tek sad ide u javni poziv na cijepljenje?<br><br><\/strong>&#8211;&nbsp;Na\u0161e procjene su 25% onih koji se ne \u017eele cijepiti i jo\u0161 15% koji se dvoume, oni su nam primarni cilj. Cijeli svijet je blokiran, i putovanja i ekonomija i normalan \u017eivot, u normalu se mo\u017eemo vratiti samo cijepljenjem. U Zagrebu ve\u0107 neko vrijeme funkcioniraju 4 punkta i procijenili su da je sad vrijeme da se krene u javni poziv. NZJZ je u gradskom vlasni\u0161tvu i oni sukladno svojoj situaciji imaju pravo procijeniti je li vrijeme za javni poziv ili nije, rekao je Capak.<br><br><br><br><\/p>\n\n\n\n<p><strong>Vera Katalini\u0107-Jankovi\u0107 <\/strong>kazala je kako dobro cjepivo nije uvijek jednostavno prona\u0107i.<br><br>&#8211; Kad govorimo o tuberkulozi, cjepivo je ispunilo funkciju, no nije posve sprije\u010dilo bolest. Mikroorganizmi su uvijek nekoliko koraka ispred nas i ono \u0161to danas imamo je tehnologija koja to mo\u017ee puno bolje pratiti nego prije. Moramo biti sretni da \u017eivimo u trenutku da imamo tehnologiju koja mo\u017ee sve to pratiti i omogu\u0107iti da \u017eivimo s virusima u simbiozi, rekla je.<br><br>Capak je kazao kako je realna brojka cijepljenih ve\u0107a od svih koje se sad spominju.<br><br>Bo\u017einovi\u0107 je potvrdio da osoba iz &#8216;zelene zemlje&#8217; ne mora imati ni covid potvrdu da u\u0111e u zemlju.<br><br>&#8211; Nema karantena, nema testiranja nego prelaze granicu. To su preporuke izme\u0111u dr\u017eava \u010dlanica EU, \u0161to se ti\u010de tre\u0107ih zemalja Europa poku\u0161ava na\u0107i zajedni\u010dku osnovu, no to \u0107e biti u krajnjoj instanci nacionalna odluka. Hrvatska ovisi o turizmu i najva\u017enije nam je da ostanemo zeleni. Zato su brojevi tako va\u017eni i da nam neka od zemalja ne uvede restrikcije. Zelena boja zna\u010di siguran promet kroz ljetno razdoblje \u0161to nam jeva\u017enije nego \u0161to se to misli na prvu ruku. Ako netko putuje u HRvatsku koja je zelena mo\u0107i \u0107e se vratiti u svoju zemlju bez ikakvih restrikcija &#8211; zaklju\u010dio je Bo\u017einovi\u0107.<\/p>\n\n\n\n<p>Izvor:hrt.hr<\/p>\n","protected":false},"excerpt":{"rendered":"<p>U posljednja 24 sata zabilje\u017eeno je 118 novih slu\u010dajeva zaraze virusom SARS-CoV-2 te je broj aktivnih slu\u010dajeva u Hrvatskoj danas ukupno 552. Me\u0111u njima je 209 pacijenata na bolni\u010dkom lije\u010denju, od toga je na respiratoru 13 pacijenata. Preminule su \u010detiri osobe. Od 25. velja\u010de 2020., kada je zabilje\u017een prvi slu\u010daj zaraze u Hrvatskoj, do danas [&hellip;]<\/p>\n","protected":false},"author":2,"featured_media":35830,"comment_status":"closed","ping_status":"closed","sticky":false,"template":"","format":"standard","meta":{"h5ap_radio_sources":[],"footnotes":""},"categories":[1],"tags":[],"class_list":["post-35829","post","type-post","status-publish","format-standard","has-post-thumbnail","hentry","category-bihiregija"],"yoast_head":"<!-- This site is optimized with the Yoast SEO plugin v27.5 - https:\/\/yoast.com\/product\/yoast-seo-wordpress\/ -->\n<title>Capak: U Hrvatskoj 23 slu\u010daja delta soja. Ako se pro\u0161iri, bit \u0107e nu\u017ene stro\u017ee mjere - RADIO LJUBU\u0160KI<\/title>\n<meta name=\"robots\" content=\"index, follow, max-snippet:-1, max-image-preview:large, max-video-preview:-1\" \/>\n<link rel=\"canonical\" href=\"https:\/\/radioljubuski.ba\/index.php\/2021\/06\/25\/capak-u-hrvatskoj-23-slucaja-delta-soja-ako-se-prosiri-bit-ce-nuzne-stroze-mjere\/\" \/>\n<meta property=\"og:locale\" content=\"hr_HR\" \/>\n<meta property=\"og:type\" content=\"article\" \/>\n<meta property=\"og:title\" content=\"Capak: U Hrvatskoj 23 slu\u010daja delta soja. Ako se pro\u0161iri, bit \u0107e nu\u017ene stro\u017ee mjere - RADIO LJUBU\u0160KI\" \/>\n<meta property=\"og:description\" content=\"U posljednja 24 sata zabilje\u017eeno je 118 novih slu\u010dajeva zaraze virusom SARS-CoV-2 te je broj aktivnih slu\u010dajeva u Hrvatskoj danas ukupno 552. Me\u0111u njima je 209 pacijenata na bolni\u010dkom lije\u010denju, od toga je na respiratoru 13 pacijenata. Preminule su \u010detiri osobe. Od 25. velja\u010de 2020., kada je zabilje\u017een prvi slu\u010daj zaraze u Hrvatskoj, do danas [&hellip;]\" \/>\n<meta property=\"og:url\" content=\"https:\/\/radioljubuski.ba\/index.php\/2021\/06\/25\/capak-u-hrvatskoj-23-slucaja-delta-soja-ako-se-prosiri-bit-ce-nuzne-stroze-mjere\/\" \/>\n<meta property=\"og:site_name\" content=\"RADIO LJUBU\u0160KI\" \/>\n<meta property=\"article:publisher\" content=\"https:\/\/www.facebook.com\/Radiio-Ljubuski-1490835324566332\" \/>\n<meta property=\"article:published_time\" content=\"2021-06-25T10:10:19+00:00\" \/>\n<meta property=\"og:image\" content=\"https:\/\/radioljubuski.ba\/wp-content\/uploads\/2021\/06\/PXL_050221_31711637-1600x1000-1.jpg\" \/>\n\t<meta property=\"og:image:width\" content=\"1600\" \/>\n\t<meta property=\"og:image:height\" content=\"1000\" \/>\n\t<meta property=\"og:image:type\" content=\"image\/jpeg\" \/>\n<meta name=\"author\" content=\"Radio Ljubu\u0161ki\" \/>\n<meta name=\"twitter:card\" content=\"summary_large_image\" \/>\n<meta name=\"twitter:creator\" content=\"@radioljubuski\" \/>\n<meta name=\"twitter:site\" content=\"@radioljubuski\" \/>\n<meta name=\"twitter:label1\" content=\"Napisao\/la\" \/>\n\t<meta name=\"twitter:data1\" content=\"Radio Ljubu\u0161ki\" \/>\n\t<meta name=\"twitter:label2\" content=\"Procijenjeno vrijeme \u010ditanja\" \/>\n\t<meta name=\"twitter:data2\" content=\"9 minuta\" \/>\n<script type=\"application\/ld+json\" class=\"yoast-schema-graph\">{\"@context\":\"https:\\\/\\\/schema.org\",\"@graph\":[{\"@type\":\"Article\",\"@id\":\"https:\\\/\\\/radioljubuski.ba\\\/index.php\\\/2021\\\/06\\\/25\\\/capak-u-hrvatskoj-23-slucaja-delta-soja-ako-se-prosiri-bit-ce-nuzne-stroze-mjere\\\/#article\",\"isPartOf\":{\"@id\":\"https:\\\/\\\/radioljubuski.ba\\\/index.php\\\/2021\\\/06\\\/25\\\/capak-u-hrvatskoj-23-slucaja-delta-soja-ako-se-prosiri-bit-ce-nuzne-stroze-mjere\\\/\"},\"author\":{\"name\":\"Radio Ljubu\u0161ki\",\"@id\":\"https:\\\/\\\/radioljubuski.ba\\\/#\\\/schema\\\/person\\\/19fc700381a780f69665d7956c469e3b\"},\"headline\":\"Capak: U Hrvatskoj 23 slu\u010daja delta soja. Ako se pro\u0161iri, bit \u0107e nu\u017ene stro\u017ee mjere\",\"datePublished\":\"2021-06-25T10:10:19+00:00\",\"mainEntityOfPage\":{\"@id\":\"https:\\\/\\\/radioljubuski.ba\\\/index.php\\\/2021\\\/06\\\/25\\\/capak-u-hrvatskoj-23-slucaja-delta-soja-ako-se-prosiri-bit-ce-nuzne-stroze-mjere\\\/\"},\"wordCount\":2082,\"publisher\":{\"@id\":\"https:\\\/\\\/radioljubuski.ba\\\/#organization\"},\"image\":{\"@id\":\"https:\\\/\\\/radioljubuski.ba\\\/index.php\\\/2021\\\/06\\\/25\\\/capak-u-hrvatskoj-23-slucaja-delta-soja-ako-se-prosiri-bit-ce-nuzne-stroze-mjere\\\/#primaryimage\"},\"thumbnailUrl\":\"https:\\\/\\\/radioljubuski.ba\\\/wp-content\\\/uploads\\\/2021\\\/06\\\/PXL_050221_31711637-1600x1000-1.jpg\",\"articleSection\":[\"BIH i regija\"],\"inLanguage\":\"hr\"},{\"@type\":\"WebPage\",\"@id\":\"https:\\\/\\\/radioljubuski.ba\\\/index.php\\\/2021\\\/06\\\/25\\\/capak-u-hrvatskoj-23-slucaja-delta-soja-ako-se-prosiri-bit-ce-nuzne-stroze-mjere\\\/\",\"url\":\"https:\\\/\\\/radioljubuski.ba\\\/index.php\\\/2021\\\/06\\\/25\\\/capak-u-hrvatskoj-23-slucaja-delta-soja-ako-se-prosiri-bit-ce-nuzne-stroze-mjere\\\/\",\"name\":\"Capak: U Hrvatskoj 23 slu\u010daja delta soja. Ako se pro\u0161iri, bit \u0107e nu\u017ene stro\u017ee mjere - RADIO LJUBU\u0160KI\",\"isPartOf\":{\"@id\":\"https:\\\/\\\/radioljubuski.ba\\\/#website\"},\"primaryImageOfPage\":{\"@id\":\"https:\\\/\\\/radioljubuski.ba\\\/index.php\\\/2021\\\/06\\\/25\\\/capak-u-hrvatskoj-23-slucaja-delta-soja-ako-se-prosiri-bit-ce-nuzne-stroze-mjere\\\/#primaryimage\"},\"image\":{\"@id\":\"https:\\\/\\\/radioljubuski.ba\\\/index.php\\\/2021\\\/06\\\/25\\\/capak-u-hrvatskoj-23-slucaja-delta-soja-ako-se-prosiri-bit-ce-nuzne-stroze-mjere\\\/#primaryimage\"},\"thumbnailUrl\":\"https:\\\/\\\/radioljubuski.ba\\\/wp-content\\\/uploads\\\/2021\\\/06\\\/PXL_050221_31711637-1600x1000-1.jpg\",\"datePublished\":\"2021-06-25T10:10:19+00:00\",\"breadcrumb\":{\"@id\":\"https:\\\/\\\/radioljubuski.ba\\\/index.php\\\/2021\\\/06\\\/25\\\/capak-u-hrvatskoj-23-slucaja-delta-soja-ako-se-prosiri-bit-ce-nuzne-stroze-mjere\\\/#breadcrumb\"},\"inLanguage\":\"hr\",\"potentialAction\":[{\"@type\":\"ReadAction\",\"target\":[\"https:\\\/\\\/radioljubuski.ba\\\/index.php\\\/2021\\\/06\\\/25\\\/capak-u-hrvatskoj-23-slucaja-delta-soja-ako-se-prosiri-bit-ce-nuzne-stroze-mjere\\\/\"]}]},{\"@type\":\"ImageObject\",\"inLanguage\":\"hr\",\"@id\":\"https:\\\/\\\/radioljubuski.ba\\\/index.php\\\/2021\\\/06\\\/25\\\/capak-u-hrvatskoj-23-slucaja-delta-soja-ako-se-prosiri-bit-ce-nuzne-stroze-mjere\\\/#primaryimage\",\"url\":\"https:\\\/\\\/radioljubuski.ba\\\/wp-content\\\/uploads\\\/2021\\\/06\\\/PXL_050221_31711637-1600x1000-1.jpg\",\"contentUrl\":\"https:\\\/\\\/radioljubuski.ba\\\/wp-content\\\/uploads\\\/2021\\\/06\\\/PXL_050221_31711637-1600x1000-1.jpg\",\"width\":1600,\"height\":1000,\"caption\":\"05.02.2021., Zagreb - Nacionalni stozer civilne zastite odrzao je konferenciju za medije u Nacionalnoj i sveucilisnoj knjiznici. Ravnatelj Hrvatskog zavoda za javno zdravstvo (HZJZ) Krunoslav Capak. Photo: Robert Anic\\\/PIXSELL\"},{\"@type\":\"BreadcrumbList\",\"@id\":\"https:\\\/\\\/radioljubuski.ba\\\/index.php\\\/2021\\\/06\\\/25\\\/capak-u-hrvatskoj-23-slucaja-delta-soja-ako-se-prosiri-bit-ce-nuzne-stroze-mjere\\\/#breadcrumb\",\"itemListElement\":[{\"@type\":\"ListItem\",\"position\":1,\"name\":\"Po\u010detna stranica\",\"item\":\"https:\\\/\\\/radioljubuski.ba\\\/\"},{\"@type\":\"ListItem\",\"position\":2,\"name\":\"Capak: U Hrvatskoj 23 slu\u010daja delta soja. Ako se pro\u0161iri, bit \u0107e nu\u017ene stro\u017ee mjere\"}]},{\"@type\":\"WebSite\",\"@id\":\"https:\\\/\\\/radioljubuski.ba\\\/#website\",\"url\":\"https:\\\/\\\/radioljubuski.ba\\\/\",\"name\":\"Radio Ljubu\u0161ki\",\"description\":\"Sun\u010dana frekvencija Hercegovine\",\"publisher\":{\"@id\":\"https:\\\/\\\/radioljubuski.ba\\\/#organization\"},\"potentialAction\":[{\"@type\":\"SearchAction\",\"target\":{\"@type\":\"EntryPoint\",\"urlTemplate\":\"https:\\\/\\\/radioljubuski.ba\\\/?s={search_term_string}\"},\"query-input\":{\"@type\":\"PropertyValueSpecification\",\"valueRequired\":true,\"valueName\":\"search_term_string\"}}],\"inLanguage\":\"hr\"},{\"@type\":\"Organization\",\"@id\":\"https:\\\/\\\/radioljubuski.ba\\\/#organization\",\"name\":\"Radio Ljubu\u0161ki\",\"url\":\"https:\\\/\\\/radioljubuski.ba\\\/\",\"logo\":{\"@type\":\"ImageObject\",\"inLanguage\":\"hr\",\"@id\":\"https:\\\/\\\/radioljubuski.ba\\\/#\\\/schema\\\/logo\\\/image\\\/\",\"url\":\"https:\\\/\\\/radioljubuski.ba\\\/wp-content\\\/uploads\\\/2021\\\/02\\\/cropped-Radio_Ljubuski_logo1.jpg\",\"contentUrl\":\"https:\\\/\\\/radioljubuski.ba\\\/wp-content\\\/uploads\\\/2021\\\/02\\\/cropped-Radio_Ljubuski_logo1.jpg\",\"width\":512,\"height\":512,\"caption\":\"Radio Ljubu\u0161ki\"},\"image\":{\"@id\":\"https:\\\/\\\/radioljubuski.ba\\\/#\\\/schema\\\/logo\\\/image\\\/\"},\"sameAs\":[\"https:\\\/\\\/www.facebook.com\\\/Radiio-Ljubuski-1490835324566332\",\"https:\\\/\\\/x.com\\\/radioljubuski\",\"https:\\\/\\\/hr.linkedin.com\\\/company\\\/radio-ljubuski\",\"https:\\\/\\\/www.youtube.com\\\/channel\\\/UCHYaeO_n0Db3tjNGudGpXyw\"]},{\"@type\":\"Person\",\"@id\":\"https:\\\/\\\/radioljubuski.ba\\\/#\\\/schema\\\/person\\\/19fc700381a780f69665d7956c469e3b\",\"name\":\"Radio Ljubu\u0161ki\"}]}<\/script>\n<!-- \/ Yoast SEO plugin. -->","yoast_head_json":{"title":"Capak: U Hrvatskoj 23 slu\u010daja delta soja. Ako se pro\u0161iri, bit \u0107e nu\u017ene stro\u017ee mjere - RADIO LJUBU\u0160KI","robots":{"index":"index","follow":"follow","max-snippet":"max-snippet:-1","max-image-preview":"max-image-preview:large","max-video-preview":"max-video-preview:-1"},"canonical":"https:\/\/radioljubuski.ba\/index.php\/2021\/06\/25\/capak-u-hrvatskoj-23-slucaja-delta-soja-ako-se-prosiri-bit-ce-nuzne-stroze-mjere\/","og_locale":"hr_HR","og_type":"article","og_title":"Capak: U Hrvatskoj 23 slu\u010daja delta soja. Ako se pro\u0161iri, bit \u0107e nu\u017ene stro\u017ee mjere - RADIO LJUBU\u0160KI","og_description":"U posljednja 24 sata zabilje\u017eeno je 118 novih slu\u010dajeva zaraze virusom SARS-CoV-2 te je broj aktivnih slu\u010dajeva u Hrvatskoj danas ukupno 552. Me\u0111u njima je 209 pacijenata na bolni\u010dkom lije\u010denju, od toga je na respiratoru 13 pacijenata. Preminule su \u010detiri osobe. Od 25. velja\u010de 2020., kada je zabilje\u017een prvi slu\u010daj zaraze u Hrvatskoj, do danas [&hellip;]","og_url":"https:\/\/radioljubuski.ba\/index.php\/2021\/06\/25\/capak-u-hrvatskoj-23-slucaja-delta-soja-ako-se-prosiri-bit-ce-nuzne-stroze-mjere\/","og_site_name":"RADIO LJUBU\u0160KI","article_publisher":"https:\/\/www.facebook.com\/Radiio-Ljubuski-1490835324566332","article_published_time":"2021-06-25T10:10:19+00:00","og_image":[{"width":1600,"height":1000,"url":"https:\/\/radioljubuski.ba\/wp-content\/uploads\/2021\/06\/PXL_050221_31711637-1600x1000-1.jpg","type":"image\/jpeg"}],"author":"Radio Ljubu\u0161ki","twitter_card":"summary_large_image","twitter_creator":"@radioljubuski","twitter_site":"@radioljubuski","twitter_misc":{"Napisao\/la":"Radio Ljubu\u0161ki","Procijenjeno vrijeme \u010ditanja":"9 minuta"},"schema":{"@context":"https:\/\/schema.org","@graph":[{"@type":"Article","@id":"https:\/\/radioljubuski.ba\/index.php\/2021\/06\/25\/capak-u-hrvatskoj-23-slucaja-delta-soja-ako-se-prosiri-bit-ce-nuzne-stroze-mjere\/#article","isPartOf":{"@id":"https:\/\/radioljubuski.ba\/index.php\/2021\/06\/25\/capak-u-hrvatskoj-23-slucaja-delta-soja-ako-se-prosiri-bit-ce-nuzne-stroze-mjere\/"},"author":{"name":"Radio Ljubu\u0161ki","@id":"https:\/\/radioljubuski.ba\/#\/schema\/person\/19fc700381a780f69665d7956c469e3b"},"headline":"Capak: U Hrvatskoj 23 slu\u010daja delta soja. Ako se pro\u0161iri, bit \u0107e nu\u017ene stro\u017ee mjere","datePublished":"2021-06-25T10:10:19+00:00","mainEntityOfPage":{"@id":"https:\/\/radioljubuski.ba\/index.php\/2021\/06\/25\/capak-u-hrvatskoj-23-slucaja-delta-soja-ako-se-prosiri-bit-ce-nuzne-stroze-mjere\/"},"wordCount":2082,"publisher":{"@id":"https:\/\/radioljubuski.ba\/#organization"},"image":{"@id":"https:\/\/radioljubuski.ba\/index.php\/2021\/06\/25\/capak-u-hrvatskoj-23-slucaja-delta-soja-ako-se-prosiri-bit-ce-nuzne-stroze-mjere\/#primaryimage"},"thumbnailUrl":"https:\/\/radioljubuski.ba\/wp-content\/uploads\/2021\/06\/PXL_050221_31711637-1600x1000-1.jpg","articleSection":["BIH i regija"],"inLanguage":"hr"},{"@type":"WebPage","@id":"https:\/\/radioljubuski.ba\/index.php\/2021\/06\/25\/capak-u-hrvatskoj-23-slucaja-delta-soja-ako-se-prosiri-bit-ce-nuzne-stroze-mjere\/","url":"https:\/\/radioljubuski.ba\/index.php\/2021\/06\/25\/capak-u-hrvatskoj-23-slucaja-delta-soja-ako-se-prosiri-bit-ce-nuzne-stroze-mjere\/","name":"Capak: U Hrvatskoj 23 slu\u010daja delta soja. Ako se pro\u0161iri, bit \u0107e nu\u017ene stro\u017ee mjere - RADIO LJUBU\u0160KI","isPartOf":{"@id":"https:\/\/radioljubuski.ba\/#website"},"primaryImageOfPage":{"@id":"https:\/\/radioljubuski.ba\/index.php\/2021\/06\/25\/capak-u-hrvatskoj-23-slucaja-delta-soja-ako-se-prosiri-bit-ce-nuzne-stroze-mjere\/#primaryimage"},"image":{"@id":"https:\/\/radioljubuski.ba\/index.php\/2021\/06\/25\/capak-u-hrvatskoj-23-slucaja-delta-soja-ako-se-prosiri-bit-ce-nuzne-stroze-mjere\/#primaryimage"},"thumbnailUrl":"https:\/\/radioljubuski.ba\/wp-content\/uploads\/2021\/06\/PXL_050221_31711637-1600x1000-1.jpg","datePublished":"2021-06-25T10:10:19+00:00","breadcrumb":{"@id":"https:\/\/radioljubuski.ba\/index.php\/2021\/06\/25\/capak-u-hrvatskoj-23-slucaja-delta-soja-ako-se-prosiri-bit-ce-nuzne-stroze-mjere\/#breadcrumb"},"inLanguage":"hr","potentialAction":[{"@type":"ReadAction","target":["https:\/\/radioljubuski.ba\/index.php\/2021\/06\/25\/capak-u-hrvatskoj-23-slucaja-delta-soja-ako-se-prosiri-bit-ce-nuzne-stroze-mjere\/"]}]},{"@type":"ImageObject","inLanguage":"hr","@id":"https:\/\/radioljubuski.ba\/index.php\/2021\/06\/25\/capak-u-hrvatskoj-23-slucaja-delta-soja-ako-se-prosiri-bit-ce-nuzne-stroze-mjere\/#primaryimage","url":"https:\/\/radioljubuski.ba\/wp-content\/uploads\/2021\/06\/PXL_050221_31711637-1600x1000-1.jpg","contentUrl":"https:\/\/radioljubuski.ba\/wp-content\/uploads\/2021\/06\/PXL_050221_31711637-1600x1000-1.jpg","width":1600,"height":1000,"caption":"05.02.2021., Zagreb - Nacionalni stozer civilne zastite odrzao je konferenciju za medije u Nacionalnoj i sveucilisnoj knjiznici. Ravnatelj Hrvatskog zavoda za javno zdravstvo (HZJZ) Krunoslav Capak. Photo: Robert Anic\/PIXSELL"},{"@type":"BreadcrumbList","@id":"https:\/\/radioljubuski.ba\/index.php\/2021\/06\/25\/capak-u-hrvatskoj-23-slucaja-delta-soja-ako-se-prosiri-bit-ce-nuzne-stroze-mjere\/#breadcrumb","itemListElement":[{"@type":"ListItem","position":1,"name":"Po\u010detna stranica","item":"https:\/\/radioljubuski.ba\/"},{"@type":"ListItem","position":2,"name":"Capak: U Hrvatskoj 23 slu\u010daja delta soja. Ako se pro\u0161iri, bit \u0107e nu\u017ene stro\u017ee mjere"}]},{"@type":"WebSite","@id":"https:\/\/radioljubuski.ba\/#website","url":"https:\/\/radioljubuski.ba\/","name":"Radio Ljubu\u0161ki","description":"Sun\u010dana frekvencija Hercegovine","publisher":{"@id":"https:\/\/radioljubuski.ba\/#organization"},"potentialAction":[{"@type":"SearchAction","target":{"@type":"EntryPoint","urlTemplate":"https:\/\/radioljubuski.ba\/?s={search_term_string}"},"query-input":{"@type":"PropertyValueSpecification","valueRequired":true,"valueName":"search_term_string"}}],"inLanguage":"hr"},{"@type":"Organization","@id":"https:\/\/radioljubuski.ba\/#organization","name":"Radio Ljubu\u0161ki","url":"https:\/\/radioljubuski.ba\/","logo":{"@type":"ImageObject","inLanguage":"hr","@id":"https:\/\/radioljubuski.ba\/#\/schema\/logo\/image\/","url":"https:\/\/radioljubuski.ba\/wp-content\/uploads\/2021\/02\/cropped-Radio_Ljubuski_logo1.jpg","contentUrl":"https:\/\/radioljubuski.ba\/wp-content\/uploads\/2021\/02\/cropped-Radio_Ljubuski_logo1.jpg","width":512,"height":512,"caption":"Radio Ljubu\u0161ki"},"image":{"@id":"https:\/\/radioljubuski.ba\/#\/schema\/logo\/image\/"},"sameAs":["https:\/\/www.facebook.com\/Radiio-Ljubuski-1490835324566332","https:\/\/x.com\/radioljubuski","https:\/\/hr.linkedin.com\/company\/radio-ljubuski","https:\/\/www.youtube.com\/channel\/UCHYaeO_n0Db3tjNGudGpXyw"]},{"@type":"Person","@id":"https:\/\/radioljubuski.ba\/#\/schema\/person\/19fc700381a780f69665d7956c469e3b","name":"Radio Ljubu\u0161ki"}]}},"_links":{"self":[{"href":"https:\/\/radioljubuski.ba\/index.php\/wp-json\/wp\/v2\/posts\/35829","targetHints":{"allow":["GET"]}}],"collection":[{"href":"https:\/\/radioljubuski.ba\/index.php\/wp-json\/wp\/v2\/posts"}],"about":[{"href":"https:\/\/radioljubuski.ba\/index.php\/wp-json\/wp\/v2\/types\/post"}],"author":[{"embeddable":true,"href":"https:\/\/radioljubuski.ba\/index.php\/wp-json\/wp\/v2\/users\/2"}],"replies":[{"embeddable":true,"href":"https:\/\/radioljubuski.ba\/index.php\/wp-json\/wp\/v2\/comments?post=35829"}],"version-history":[{"count":1,"href":"https:\/\/radioljubuski.ba\/index.php\/wp-json\/wp\/v2\/posts\/35829\/revisions"}],"predecessor-version":[{"id":35831,"href":"https:\/\/radioljubuski.ba\/index.php\/wp-json\/wp\/v2\/posts\/35829\/revisions\/35831"}],"wp:featuredmedia":[{"embeddable":true,"href":"https:\/\/radioljubuski.ba\/index.php\/wp-json\/wp\/v2\/media\/35830"}],"wp:attachment":[{"href":"https:\/\/radioljubuski.ba\/index.php\/wp-json\/wp\/v2\/media?parent=35829"}],"wp:term":[{"taxonomy":"category","embeddable":true,"href":"https:\/\/radioljubuski.ba\/index.php\/wp-json\/wp\/v2\/categories?post=35829"},{"taxonomy":"post_tag","embeddable":true,"href":"https:\/\/radioljubuski.ba\/index.php\/wp-json\/wp\/v2\/tags?post=35829"}],"curies":[{"name":"wp","href":"https:\/\/api.w.org\/{rel}","templated":true}]}}