{"id":35873,"date":"2021-06-25T14:08:43","date_gmt":"2021-06-25T13:08:43","guid":{"rendered":"https:\/\/radioljubuski.ba\/?p=35873"},"modified":"2021-06-25T14:08:43","modified_gmt":"2021-06-25T13:08:43","slug":"fra-marinko-sakota-hodocasnici-spremni-uciniti-sve-da-dodu-u-medugorje-video","status":"publish","type":"post","link":"https:\/\/radioljubuski.ba\/index.php\/2021\/06\/25\/fra-marinko-sakota-hodocasnici-spremni-uciniti-sve-da-dodu-u-medugorje-video\/","title":{"rendered":"Fra Marinko \u0160akota: Hodo\u010dasnici spremni u\u010diniti sve da do\u0111u u Me\u0111ugorje &#8211; video"},"content":{"rendered":"\n<p>Vi\u0161e tisu\u0107a hodo\u010dasnika ovih dana stiglo je u Me\u0111ugorje iz svih krajeva svijeta na obilje\u017eavanje 40. godi\u0161njice Gospinih ukazanja.<\/p>\n\n\n\n<p>&#8211; Lijepo je danas biti u Me\u0111ugorju, mnogo mladih je tu, hodo\u010dasnici su cijelu no\u0107 hodali, hodo\u010dastili, do\u0161li, me\u0111u ostalim, i iz SAD-a, \u0160panjolske, Francuske, Ukrajine, Poljske, Rumunjske, Ju\u017ene Koreje, naravno Bosne i Hercegovine, Hrvatske i Srbije, doslovno sa svih krajeva svijeta &#8211; kazao je u razgovoru za Fenu me\u0111ugorski \u017eupnik fra Marinko \u0160akota.<\/p>\n\n\n\n<p>Isti\u010de kako spremnost i \u017eelja hodo\u010dasnika da prevale tolike kilometre kako bi do\u0161li u ovo hercegova\u010dko sveti\u0161te pokazuje koliko su obljetnica ukazanja, ali i Me\u0111ugorje va\u017eni.<\/p>\n\n\n\n<p>&#8211; Koliko je bitna godi\u0161njica i ovo mjesto pokazuje \u010dinjenica koliku \u017ertvu su hodo\u010dasnici spremni uzeti na sebe, kao i sve probleme koje nosi toliki put, pogotovo u ovoj situaciji pandemije koronavirusa. Sve su spremni u\u010diniti samo da do\u0111u u Me\u0111ugorje &#8211; kazao je \u0160akota.<\/p>\n\n\n\n<p>Me\u0111ugorski \u017eupnik naglasio je kako se danas iz Me\u0111ugorja cijelom svijetu \u0161alje poruka mira.<\/p>\n\n\n\n<p>&#8211; \u0160aljemo poruku koju i Gospa \u0161alje, a to je da krenemo putem mira, da se vratimo Bogu i molitvi, jer Bog je izvor mira, a molitva je susret s Bogom. Ispovijed, euharistija, molitva krunice, \u010ditanje Bo\u017eje rije\u010di, post i sli\u010dno, sve to poma\u017ee \u010dovjeku da prona\u0111e onaj pravi istinski mir &#8211; kazao je fra Marinko.<\/p>\n\n\n\n<p>Po njegovim rije\u010dima, hodo\u010dasnici, od kojih neki prevale i vi\u0161e tisu\u0107a kilometara, dolaze u Me\u0111ugorje prona\u0107i mir, a iz Me\u0111ugorja se vra\u0107aju kao novi ljudi.<\/p>\n\n\n\n<p>&#8211; Hodo\u010dasnici se iz Me\u0111ugorja svojim ku\u0107ama vra\u0107aju promijenjeni i sa svjedo\u010danstvom, a to ljudi osjete i zato dolaze ovamo. Ova situacija oko koronavirusa utjecala je na cijeli svijet, pa tako i na Me\u0111ugorje, ali uvijek je bilo grupa koje su dolazile ovamo, a sada je situacija puno bolja nego prije i nadam se da \u0107e se tako i nastaviti &#8211; kazao je fra Marinko \u0160akota.<\/p>\n\n\n\n<p>Svete mise na samu obljetnicu ukazanja odr\u017eavaju se od jutros u 6 sati, dok je sredi\u0161nje misno slavlje planirano u 19 sati. Prije sredi\u0161nje mise u 16.30 sati krenut \u0107e procesija od Brda ukazanja do crkve sv. Jakova.<\/p>\n\n\n\n<p>&#8211; Poslijepodne odr\u017eat \u0107e se molitvena hodnja, odnosno procesija koja s Brda ukazanja. To je simbolika dana\u0161njeg dana, da krenemo s onog mjesta na kojemu je Gospa susrela vidioce 25. lipnja 1981. godine &#8211; zaklju\u010dio je fra Marinko.<\/p>\n\n\n\n<figure class=\"wp-block-embed is-type-video is-provider-youtube wp-block-embed-youtube wp-embed-aspect-16-9 wp-has-aspect-ratio\"><div class=\"wp-block-embed__wrapper\">\n<iframe loading=\"lazy\" title=\"\u0160akota: Hodo\u010dasnici spremni u\u010diniti sve da do\u0111u u Me\u0111ugorje\" width=\"640\" height=\"360\" src=\"https:\/\/www.youtube.com\/embed\/du4VJtnVRzk?feature=oembed\" frameborder=\"0\" allow=\"accelerometer; autoplay; clipboard-write; encrypted-media; gyroscope; picture-in-picture; web-share\" referrerpolicy=\"strict-origin-when-cross-origin\" allowfullscreen><\/iframe>\n<\/div><\/figure>\n\n\n\n<p>Izvor:<\/p>\n","protected":false},"excerpt":{"rendered":"<p>Vi\u0161e tisu\u0107a hodo\u010dasnika ovih dana stiglo je u Me\u0111ugorje iz svih krajeva svijeta na obilje\u017eavanje 40. godi\u0161njice Gospinih ukazanja. &#8211; Lijepo je danas biti u Me\u0111ugorju, mnogo mladih je tu, hodo\u010dasnici su cijelu no\u0107 hodali, hodo\u010dastili, do\u0161li, me\u0111u ostalim, i iz SAD-a, \u0160panjolske, Francuske, Ukrajine, Poljske, Rumunjske, Ju\u017ene Koreje, naravno Bosne i Hercegovine, Hrvatske i [&hellip;]<\/p>\n","protected":false},"author":2,"featured_media":35874,"comment_status":"closed","ping_status":"closed","sticky":false,"template":"","format":"standard","meta":{"h5ap_radio_sources":[],"footnotes":""},"categories":[1],"tags":[],"class_list":["post-35873","post","type-post","status-publish","format-standard","has-post-thumbnail","hentry","category-bihiregija"],"yoast_head":"<!-- This site is optimized with the Yoast SEO plugin v27.5 - https:\/\/yoast.com\/product\/yoast-seo-wordpress\/ -->\n<title>Fra Marinko \u0160akota: Hodo\u010dasnici spremni u\u010diniti sve da do\u0111u u Me\u0111ugorje - video - RADIO LJUBU\u0160KI<\/title>\n<meta name=\"robots\" content=\"index, follow, max-snippet:-1, max-image-preview:large, max-video-preview:-1\" \/>\n<link rel=\"canonical\" href=\"https:\/\/radioljubuski.ba\/index.php\/2021\/06\/25\/fra-marinko-sakota-hodocasnici-spremni-uciniti-sve-da-dodu-u-medugorje-video\/\" \/>\n<meta property=\"og:locale\" content=\"hr_HR\" \/>\n<meta property=\"og:type\" content=\"article\" \/>\n<meta property=\"og:title\" content=\"Fra Marinko \u0160akota: Hodo\u010dasnici spremni u\u010diniti sve da do\u0111u u Me\u0111ugorje - video - RADIO LJUBU\u0160KI\" \/>\n<meta property=\"og:description\" content=\"Vi\u0161e tisu\u0107a hodo\u010dasnika ovih dana stiglo je u Me\u0111ugorje iz svih krajeva svijeta na obilje\u017eavanje 40. godi\u0161njice Gospinih ukazanja. &#8211; Lijepo je danas biti u Me\u0111ugorju, mnogo mladih je tu, hodo\u010dasnici su cijelu no\u0107 hodali, hodo\u010dastili, do\u0161li, me\u0111u ostalim, i iz SAD-a, \u0160panjolske, Francuske, Ukrajine, Poljske, Rumunjske, Ju\u017ene Koreje, naravno Bosne i Hercegovine, Hrvatske i [&hellip;]\" \/>\n<meta property=\"og:url\" content=\"https:\/\/radioljubuski.ba\/index.php\/2021\/06\/25\/fra-marinko-sakota-hodocasnici-spremni-uciniti-sve-da-dodu-u-medugorje-video\/\" \/>\n<meta property=\"og:site_name\" content=\"RADIO LJUBU\u0160KI\" \/>\n<meta property=\"article:publisher\" content=\"https:\/\/www.facebook.com\/Radiio-Ljubuski-1490835324566332\" \/>\n<meta property=\"article:published_time\" content=\"2021-06-25T13:08:43+00:00\" \/>\n<meta property=\"og:image\" content=\"https:\/\/radioljubuski.ba\/wp-content\/uploads\/2021\/06\/2-2021-06-25-13-19-31-sakota.jpg\" \/>\n\t<meta property=\"og:image:width\" content=\"1000\" \/>\n\t<meta property=\"og:image:height\" content=\"625\" \/>\n\t<meta property=\"og:image:type\" content=\"image\/jpeg\" \/>\n<meta name=\"author\" content=\"Radio Ljubu\u0161ki\" \/>\n<meta name=\"twitter:card\" content=\"summary_large_image\" \/>\n<meta name=\"twitter:creator\" content=\"@radioljubuski\" \/>\n<meta name=\"twitter:site\" content=\"@radioljubuski\" \/>\n<meta name=\"twitter:label1\" content=\"Napisao\/la\" \/>\n\t<meta name=\"twitter:data1\" content=\"Radio Ljubu\u0161ki\" \/>\n\t<meta name=\"twitter:label2\" content=\"Procijenjeno vrijeme \u010ditanja\" \/>\n\t<meta name=\"twitter:data2\" content=\"2 minute\" \/>\n<script type=\"application\/ld+json\" class=\"yoast-schema-graph\">{\"@context\":\"https:\\\/\\\/schema.org\",\"@graph\":[{\"@type\":\"Article\",\"@id\":\"https:\\\/\\\/radioljubuski.ba\\\/index.php\\\/2021\\\/06\\\/25\\\/fra-marinko-sakota-hodocasnici-spremni-uciniti-sve-da-dodu-u-medugorje-video\\\/#article\",\"isPartOf\":{\"@id\":\"https:\\\/\\\/radioljubuski.ba\\\/index.php\\\/2021\\\/06\\\/25\\\/fra-marinko-sakota-hodocasnici-spremni-uciniti-sve-da-dodu-u-medugorje-video\\\/\"},\"author\":{\"name\":\"Radio Ljubu\u0161ki\",\"@id\":\"https:\\\/\\\/radioljubuski.ba\\\/#\\\/schema\\\/person\\\/19fc700381a780f69665d7956c469e3b\"},\"headline\":\"Fra Marinko \u0160akota: Hodo\u010dasnici spremni u\u010diniti sve da do\u0111u u Me\u0111ugorje &#8211; video\",\"datePublished\":\"2021-06-25T13:08:43+00:00\",\"mainEntityOfPage\":{\"@id\":\"https:\\\/\\\/radioljubuski.ba\\\/index.php\\\/2021\\\/06\\\/25\\\/fra-marinko-sakota-hodocasnici-spremni-uciniti-sve-da-dodu-u-medugorje-video\\\/\"},\"wordCount\":453,\"publisher\":{\"@id\":\"https:\\\/\\\/radioljubuski.ba\\\/#organization\"},\"image\":{\"@id\":\"https:\\\/\\\/radioljubuski.ba\\\/index.php\\\/2021\\\/06\\\/25\\\/fra-marinko-sakota-hodocasnici-spremni-uciniti-sve-da-dodu-u-medugorje-video\\\/#primaryimage\"},\"thumbnailUrl\":\"https:\\\/\\\/radioljubuski.ba\\\/wp-content\\\/uploads\\\/2021\\\/06\\\/2-2021-06-25-13-19-31-sakota.jpg\",\"articleSection\":[\"BIH i regija\"],\"inLanguage\":\"hr\"},{\"@type\":\"WebPage\",\"@id\":\"https:\\\/\\\/radioljubuski.ba\\\/index.php\\\/2021\\\/06\\\/25\\\/fra-marinko-sakota-hodocasnici-spremni-uciniti-sve-da-dodu-u-medugorje-video\\\/\",\"url\":\"https:\\\/\\\/radioljubuski.ba\\\/index.php\\\/2021\\\/06\\\/25\\\/fra-marinko-sakota-hodocasnici-spremni-uciniti-sve-da-dodu-u-medugorje-video\\\/\",\"name\":\"Fra Marinko \u0160akota: Hodo\u010dasnici spremni u\u010diniti sve da do\u0111u u Me\u0111ugorje - video - RADIO LJUBU\u0160KI\",\"isPartOf\":{\"@id\":\"https:\\\/\\\/radioljubuski.ba\\\/#website\"},\"primaryImageOfPage\":{\"@id\":\"https:\\\/\\\/radioljubuski.ba\\\/index.php\\\/2021\\\/06\\\/25\\\/fra-marinko-sakota-hodocasnici-spremni-uciniti-sve-da-dodu-u-medugorje-video\\\/#primaryimage\"},\"image\":{\"@id\":\"https:\\\/\\\/radioljubuski.ba\\\/index.php\\\/2021\\\/06\\\/25\\\/fra-marinko-sakota-hodocasnici-spremni-uciniti-sve-da-dodu-u-medugorje-video\\\/#primaryimage\"},\"thumbnailUrl\":\"https:\\\/\\\/radioljubuski.ba\\\/wp-content\\\/uploads\\\/2021\\\/06\\\/2-2021-06-25-13-19-31-sakota.jpg\",\"datePublished\":\"2021-06-25T13:08:43+00:00\",\"breadcrumb\":{\"@id\":\"https:\\\/\\\/radioljubuski.ba\\\/index.php\\\/2021\\\/06\\\/25\\\/fra-marinko-sakota-hodocasnici-spremni-uciniti-sve-da-dodu-u-medugorje-video\\\/#breadcrumb\"},\"inLanguage\":\"hr\",\"potentialAction\":[{\"@type\":\"ReadAction\",\"target\":[\"https:\\\/\\\/radioljubuski.ba\\\/index.php\\\/2021\\\/06\\\/25\\\/fra-marinko-sakota-hodocasnici-spremni-uciniti-sve-da-dodu-u-medugorje-video\\\/\"]}]},{\"@type\":\"ImageObject\",\"inLanguage\":\"hr\",\"@id\":\"https:\\\/\\\/radioljubuski.ba\\\/index.php\\\/2021\\\/06\\\/25\\\/fra-marinko-sakota-hodocasnici-spremni-uciniti-sve-da-dodu-u-medugorje-video\\\/#primaryimage\",\"url\":\"https:\\\/\\\/radioljubuski.ba\\\/wp-content\\\/uploads\\\/2021\\\/06\\\/2-2021-06-25-13-19-31-sakota.jpg\",\"contentUrl\":\"https:\\\/\\\/radioljubuski.ba\\\/wp-content\\\/uploads\\\/2021\\\/06\\\/2-2021-06-25-13-19-31-sakota.jpg\",\"width\":1000,\"height\":625},{\"@type\":\"BreadcrumbList\",\"@id\":\"https:\\\/\\\/radioljubuski.ba\\\/index.php\\\/2021\\\/06\\\/25\\\/fra-marinko-sakota-hodocasnici-spremni-uciniti-sve-da-dodu-u-medugorje-video\\\/#breadcrumb\",\"itemListElement\":[{\"@type\":\"ListItem\",\"position\":1,\"name\":\"Po\u010detna stranica\",\"item\":\"https:\\\/\\\/radioljubuski.ba\\\/\"},{\"@type\":\"ListItem\",\"position\":2,\"name\":\"Fra Marinko \u0160akota: Hodo\u010dasnici spremni u\u010diniti sve da do\u0111u u Me\u0111ugorje &#8211; video\"}]},{\"@type\":\"WebSite\",\"@id\":\"https:\\\/\\\/radioljubuski.ba\\\/#website\",\"url\":\"https:\\\/\\\/radioljubuski.ba\\\/\",\"name\":\"Radio Ljubu\u0161ki\",\"description\":\"Sun\u010dana frekvencija Hercegovine\",\"publisher\":{\"@id\":\"https:\\\/\\\/radioljubuski.ba\\\/#organization\"},\"potentialAction\":[{\"@type\":\"SearchAction\",\"target\":{\"@type\":\"EntryPoint\",\"urlTemplate\":\"https:\\\/\\\/radioljubuski.ba\\\/?s={search_term_string}\"},\"query-input\":{\"@type\":\"PropertyValueSpecification\",\"valueRequired\":true,\"valueName\":\"search_term_string\"}}],\"inLanguage\":\"hr\"},{\"@type\":\"Organization\",\"@id\":\"https:\\\/\\\/radioljubuski.ba\\\/#organization\",\"name\":\"Radio Ljubu\u0161ki\",\"url\":\"https:\\\/\\\/radioljubuski.ba\\\/\",\"logo\":{\"@type\":\"ImageObject\",\"inLanguage\":\"hr\",\"@id\":\"https:\\\/\\\/radioljubuski.ba\\\/#\\\/schema\\\/logo\\\/image\\\/\",\"url\":\"https:\\\/\\\/radioljubuski.ba\\\/wp-content\\\/uploads\\\/2021\\\/02\\\/cropped-Radio_Ljubuski_logo1.jpg\",\"contentUrl\":\"https:\\\/\\\/radioljubuski.ba\\\/wp-content\\\/uploads\\\/2021\\\/02\\\/cropped-Radio_Ljubuski_logo1.jpg\",\"width\":512,\"height\":512,\"caption\":\"Radio Ljubu\u0161ki\"},\"image\":{\"@id\":\"https:\\\/\\\/radioljubuski.ba\\\/#\\\/schema\\\/logo\\\/image\\\/\"},\"sameAs\":[\"https:\\\/\\\/www.facebook.com\\\/Radiio-Ljubuski-1490835324566332\",\"https:\\\/\\\/x.com\\\/radioljubuski\",\"https:\\\/\\\/hr.linkedin.com\\\/company\\\/radio-ljubuski\",\"https:\\\/\\\/www.youtube.com\\\/channel\\\/UCHYaeO_n0Db3tjNGudGpXyw\"]},{\"@type\":\"Person\",\"@id\":\"https:\\\/\\\/radioljubuski.ba\\\/#\\\/schema\\\/person\\\/19fc700381a780f69665d7956c469e3b\",\"name\":\"Radio Ljubu\u0161ki\"}]}<\/script>\n<!-- \/ Yoast SEO plugin. -->","yoast_head_json":{"title":"Fra Marinko \u0160akota: Hodo\u010dasnici spremni u\u010diniti sve da do\u0111u u Me\u0111ugorje - video - RADIO LJUBU\u0160KI","robots":{"index":"index","follow":"follow","max-snippet":"max-snippet:-1","max-image-preview":"max-image-preview:large","max-video-preview":"max-video-preview:-1"},"canonical":"https:\/\/radioljubuski.ba\/index.php\/2021\/06\/25\/fra-marinko-sakota-hodocasnici-spremni-uciniti-sve-da-dodu-u-medugorje-video\/","og_locale":"hr_HR","og_type":"article","og_title":"Fra Marinko \u0160akota: Hodo\u010dasnici spremni u\u010diniti sve da do\u0111u u Me\u0111ugorje - video - RADIO LJUBU\u0160KI","og_description":"Vi\u0161e tisu\u0107a hodo\u010dasnika ovih dana stiglo je u Me\u0111ugorje iz svih krajeva svijeta na obilje\u017eavanje 40. godi\u0161njice Gospinih ukazanja. &#8211; Lijepo je danas biti u Me\u0111ugorju, mnogo mladih je tu, hodo\u010dasnici su cijelu no\u0107 hodali, hodo\u010dastili, do\u0161li, me\u0111u ostalim, i iz SAD-a, \u0160panjolske, Francuske, Ukrajine, Poljske, Rumunjske, Ju\u017ene Koreje, naravno Bosne i Hercegovine, Hrvatske i [&hellip;]","og_url":"https:\/\/radioljubuski.ba\/index.php\/2021\/06\/25\/fra-marinko-sakota-hodocasnici-spremni-uciniti-sve-da-dodu-u-medugorje-video\/","og_site_name":"RADIO LJUBU\u0160KI","article_publisher":"https:\/\/www.facebook.com\/Radiio-Ljubuski-1490835324566332","article_published_time":"2021-06-25T13:08:43+00:00","og_image":[{"width":1000,"height":625,"url":"https:\/\/radioljubuski.ba\/wp-content\/uploads\/2021\/06\/2-2021-06-25-13-19-31-sakota.jpg","type":"image\/jpeg"}],"author":"Radio Ljubu\u0161ki","twitter_card":"summary_large_image","twitter_creator":"@radioljubuski","twitter_site":"@radioljubuski","twitter_misc":{"Napisao\/la":"Radio Ljubu\u0161ki","Procijenjeno vrijeme \u010ditanja":"2 minute"},"schema":{"@context":"https:\/\/schema.org","@graph":[{"@type":"Article","@id":"https:\/\/radioljubuski.ba\/index.php\/2021\/06\/25\/fra-marinko-sakota-hodocasnici-spremni-uciniti-sve-da-dodu-u-medugorje-video\/#article","isPartOf":{"@id":"https:\/\/radioljubuski.ba\/index.php\/2021\/06\/25\/fra-marinko-sakota-hodocasnici-spremni-uciniti-sve-da-dodu-u-medugorje-video\/"},"author":{"name":"Radio Ljubu\u0161ki","@id":"https:\/\/radioljubuski.ba\/#\/schema\/person\/19fc700381a780f69665d7956c469e3b"},"headline":"Fra Marinko \u0160akota: Hodo\u010dasnici spremni u\u010diniti sve da do\u0111u u Me\u0111ugorje &#8211; video","datePublished":"2021-06-25T13:08:43+00:00","mainEntityOfPage":{"@id":"https:\/\/radioljubuski.ba\/index.php\/2021\/06\/25\/fra-marinko-sakota-hodocasnici-spremni-uciniti-sve-da-dodu-u-medugorje-video\/"},"wordCount":453,"publisher":{"@id":"https:\/\/radioljubuski.ba\/#organization"},"image":{"@id":"https:\/\/radioljubuski.ba\/index.php\/2021\/06\/25\/fra-marinko-sakota-hodocasnici-spremni-uciniti-sve-da-dodu-u-medugorje-video\/#primaryimage"},"thumbnailUrl":"https:\/\/radioljubuski.ba\/wp-content\/uploads\/2021\/06\/2-2021-06-25-13-19-31-sakota.jpg","articleSection":["BIH i regija"],"inLanguage":"hr"},{"@type":"WebPage","@id":"https:\/\/radioljubuski.ba\/index.php\/2021\/06\/25\/fra-marinko-sakota-hodocasnici-spremni-uciniti-sve-da-dodu-u-medugorje-video\/","url":"https:\/\/radioljubuski.ba\/index.php\/2021\/06\/25\/fra-marinko-sakota-hodocasnici-spremni-uciniti-sve-da-dodu-u-medugorje-video\/","name":"Fra Marinko \u0160akota: Hodo\u010dasnici spremni u\u010diniti sve da do\u0111u u Me\u0111ugorje - video - RADIO LJUBU\u0160KI","isPartOf":{"@id":"https:\/\/radioljubuski.ba\/#website"},"primaryImageOfPage":{"@id":"https:\/\/radioljubuski.ba\/index.php\/2021\/06\/25\/fra-marinko-sakota-hodocasnici-spremni-uciniti-sve-da-dodu-u-medugorje-video\/#primaryimage"},"image":{"@id":"https:\/\/radioljubuski.ba\/index.php\/2021\/06\/25\/fra-marinko-sakota-hodocasnici-spremni-uciniti-sve-da-dodu-u-medugorje-video\/#primaryimage"},"thumbnailUrl":"https:\/\/radioljubuski.ba\/wp-content\/uploads\/2021\/06\/2-2021-06-25-13-19-31-sakota.jpg","datePublished":"2021-06-25T13:08:43+00:00","breadcrumb":{"@id":"https:\/\/radioljubuski.ba\/index.php\/2021\/06\/25\/fra-marinko-sakota-hodocasnici-spremni-uciniti-sve-da-dodu-u-medugorje-video\/#breadcrumb"},"inLanguage":"hr","potentialAction":[{"@type":"ReadAction","target":["https:\/\/radioljubuski.ba\/index.php\/2021\/06\/25\/fra-marinko-sakota-hodocasnici-spremni-uciniti-sve-da-dodu-u-medugorje-video\/"]}]},{"@type":"ImageObject","inLanguage":"hr","@id":"https:\/\/radioljubuski.ba\/index.php\/2021\/06\/25\/fra-marinko-sakota-hodocasnici-spremni-uciniti-sve-da-dodu-u-medugorje-video\/#primaryimage","url":"https:\/\/radioljubuski.ba\/wp-content\/uploads\/2021\/06\/2-2021-06-25-13-19-31-sakota.jpg","contentUrl":"https:\/\/radioljubuski.ba\/wp-content\/uploads\/2021\/06\/2-2021-06-25-13-19-31-sakota.jpg","width":1000,"height":625},{"@type":"BreadcrumbList","@id":"https:\/\/radioljubuski.ba\/index.php\/2021\/06\/25\/fra-marinko-sakota-hodocasnici-spremni-uciniti-sve-da-dodu-u-medugorje-video\/#breadcrumb","itemListElement":[{"@type":"ListItem","position":1,"name":"Po\u010detna stranica","item":"https:\/\/radioljubuski.ba\/"},{"@type":"ListItem","position":2,"name":"Fra Marinko \u0160akota: Hodo\u010dasnici spremni u\u010diniti sve da do\u0111u u Me\u0111ugorje &#8211; video"}]},{"@type":"WebSite","@id":"https:\/\/radioljubuski.ba\/#website","url":"https:\/\/radioljubuski.ba\/","name":"Radio Ljubu\u0161ki","description":"Sun\u010dana frekvencija Hercegovine","publisher":{"@id":"https:\/\/radioljubuski.ba\/#organization"},"potentialAction":[{"@type":"SearchAction","target":{"@type":"EntryPoint","urlTemplate":"https:\/\/radioljubuski.ba\/?s={search_term_string}"},"query-input":{"@type":"PropertyValueSpecification","valueRequired":true,"valueName":"search_term_string"}}],"inLanguage":"hr"},{"@type":"Organization","@id":"https:\/\/radioljubuski.ba\/#organization","name":"Radio Ljubu\u0161ki","url":"https:\/\/radioljubuski.ba\/","logo":{"@type":"ImageObject","inLanguage":"hr","@id":"https:\/\/radioljubuski.ba\/#\/schema\/logo\/image\/","url":"https:\/\/radioljubuski.ba\/wp-content\/uploads\/2021\/02\/cropped-Radio_Ljubuski_logo1.jpg","contentUrl":"https:\/\/radioljubuski.ba\/wp-content\/uploads\/2021\/02\/cropped-Radio_Ljubuski_logo1.jpg","width":512,"height":512,"caption":"Radio Ljubu\u0161ki"},"image":{"@id":"https:\/\/radioljubuski.ba\/#\/schema\/logo\/image\/"},"sameAs":["https:\/\/www.facebook.com\/Radiio-Ljubuski-1490835324566332","https:\/\/x.com\/radioljubuski","https:\/\/hr.linkedin.com\/company\/radio-ljubuski","https:\/\/www.youtube.com\/channel\/UCHYaeO_n0Db3tjNGudGpXyw"]},{"@type":"Person","@id":"https:\/\/radioljubuski.ba\/#\/schema\/person\/19fc700381a780f69665d7956c469e3b","name":"Radio Ljubu\u0161ki"}]}},"_links":{"self":[{"href":"https:\/\/radioljubuski.ba\/index.php\/wp-json\/wp\/v2\/posts\/35873","targetHints":{"allow":["GET"]}}],"collection":[{"href":"https:\/\/radioljubuski.ba\/index.php\/wp-json\/wp\/v2\/posts"}],"about":[{"href":"https:\/\/radioljubuski.ba\/index.php\/wp-json\/wp\/v2\/types\/post"}],"author":[{"embeddable":true,"href":"https:\/\/radioljubuski.ba\/index.php\/wp-json\/wp\/v2\/users\/2"}],"replies":[{"embeddable":true,"href":"https:\/\/radioljubuski.ba\/index.php\/wp-json\/wp\/v2\/comments?post=35873"}],"version-history":[{"count":1,"href":"https:\/\/radioljubuski.ba\/index.php\/wp-json\/wp\/v2\/posts\/35873\/revisions"}],"predecessor-version":[{"id":35875,"href":"https:\/\/radioljubuski.ba\/index.php\/wp-json\/wp\/v2\/posts\/35873\/revisions\/35875"}],"wp:featuredmedia":[{"embeddable":true,"href":"https:\/\/radioljubuski.ba\/index.php\/wp-json\/wp\/v2\/media\/35874"}],"wp:attachment":[{"href":"https:\/\/radioljubuski.ba\/index.php\/wp-json\/wp\/v2\/media?parent=35873"}],"wp:term":[{"taxonomy":"category","embeddable":true,"href":"https:\/\/radioljubuski.ba\/index.php\/wp-json\/wp\/v2\/categories?post=35873"},{"taxonomy":"post_tag","embeddable":true,"href":"https:\/\/radioljubuski.ba\/index.php\/wp-json\/wp\/v2\/tags?post=35873"}],"curies":[{"name":"wp","href":"https:\/\/api.w.org\/{rel}","templated":true}]}}